{"id":221633,"date":"2025-04-28T19:14:00","date_gmt":"2025-04-28T19:14:00","guid":{"rendered":"https:\/\/www.webdo.tn\/fr\/blog\/2025\/04\/28\/reforme-du-code-du-travail-l-ugtt-denonce-son-exclusion\/"},"modified":"2025-05-17T20:05:29","modified_gmt":"2025-05-17T20:05:29","slug":"reforme-du-code-du-travail-l-ugtt-denonce-son-exclusion","status":"publish","type":"post","link":"https:\/\/www.webdo.tn\/fr\/actualite\/national\/reforme-du-code-du-travail-l-ugtt-denonce-son-exclusion\/221633\/","title":{"rendered":"R\u00e9forme du Code du travail : l\u2019UGTT d\u00e9nonce son exclusion"},"content":{"rendered":"<p>L&rsquo;Union g\u00e9n\u00e9rale tunisienne du travail (UGTT) a exprim\u00e9 son vif m\u00e9contentement face \u00e0 la m\u00e9thode adopt\u00e9e par le gouvernement pour la r\u00e9vision du Code du travail.<\/p>\n<p>\t\t\t\t\t\t\t\t\tDans un communiqu\u00e9 publi\u00e9 ce lundi 28 avril, la Centrale syndicale a condamn\u00e9 une \u00ab politique d&rsquo;exclusion d\u00e9lib\u00e9r\u00e9e \u00bb, d\u00e9non\u00e7ant l&rsquo;absence de concertation avec les repr\u00e9sentants des travailleurs, contrairement aux obligations pr\u00e9vues par la loi et les conventions internationales.<\/p>\n<p>L&rsquo;UGTT reproche aux autorit\u00e9s d\u2019avoir favoris\u00e9 les propositions patronales en n\u00e9gligeant l\u2019avis des syndicats, compromettant ainsi l\u2019\u00e9quilibre entre les partenaires sociaux. Elle critique \u00e9galement le projet gouvernemental, jug\u00e9 flou, susceptible d\u2019ouvrir la voie \u00e0 de nouvelles formes d\u2019exploitation des travailleurs.<\/p>\n<p>Invit\u00e9 sur Midi Show, Hedi Dahm\u00e8ne, expert aupr\u00e8s de l\u2019UGTT, a rappel\u00e9 que la Centrale plaide depuis trois ans pour une r\u00e9vision compl\u00e8te de l\u2019ensemble de la l\u00e9gislation sociale. Il a pr\u00e9cis\u00e9 que l&rsquo;approche actuelle du gouvernement, qui se limite \u00e0 quelques volets comme les contrats et la sous-traitance, est insuffisante.<\/p>\n<p>L&rsquo;UGTT insiste sur la n\u00e9cessit\u00e9 d\u2019impliquer toutes les parties sociales dans le cadre du Conseil national du dialogue social et annonce la publication prochaine de ses remarques d\u00e9taill\u00e9es sur chaque article du projet, qu\u2019elle transmettra \u00e0 l&rsquo;Assembl\u00e9e des repr\u00e9sentants du peuple.<\/p>\n","protected":false},"excerpt":{"rendered":"<p>L&rsquo;UGTT d\u00e9nonce dans un communiqu\u00e9 l&rsquo;exclusion des travailleurs du processus de r\u00e9vision du Code du travail par le gouvernement tunisien. Le syndicat r\u00e9clame une&#8230;<\/p>\n","protected":false},"author":4779,"featured_media":244335,"comment_status":"open","ping_status":"open","sticky":false,"template":"","format":"standard","meta":{"footnotes":""},"categories":[44],"tags":[2905,2906,2649],"class_list":["post-221633","post","type-post","status-publish","format-standard","has-post-thumbnail","hentry","category-national","tag-code-du-travail","tag-reforme-du-code-du-travail","tag-ugtt"],"yoast_head":"<!-- This site is optimized with the Yoast SEO Premium plugin v27.5 (Yoast SEO v27.5) - https:\/\/yoast.com\/product\/yoast-seo-premium-wordpress\/ -->\n<title>R\u00e9forme du Code du travail : l\u2019UGTT d\u00e9nonce son exclusion<\/title>\n<meta name=\"description\" content=\"L&#039;UGTT d\u00e9nonce dans un communiqu\u00e9 l&#039;exclusion des travailleurs du processus de r\u00e9vision du Code du travail par le gouvernement tunisien. Le syndicat r\u00e9clame une...\" \/>\n<link rel=\"canonical\" href=\"https:\/\/www.webdo.tn\/fr\/actualite\/national\/reforme-du-code-du-travail-l-ugtt-denonce-son-exclusion\/221633\/\" \/>\n<meta property=\"og:locale\" content=\"fr_FR\" \/>\n<meta property=\"og:type\" content=\"article\" \/>\n<meta property=\"og:title\" content=\"R\u00e9forme du Code du travail : l\u2019UGTT d\u00e9nonce son exclusion\" \/>\n<meta property=\"og:description\" content=\"L&#039;UGTT d\u00e9nonce dans un communiqu\u00e9 l&#039;exclusion des travailleurs du processus de r\u00e9vision du Code du travail par le gouvernement tunisien. Le syndicat r\u00e9clame une...\" \/>\n<meta property=\"og:url\" content=\"https:\/\/www.webdo.tn\/fr\/actualite\/national\/reforme-du-code-du-travail-l-ugtt-denonce-son-exclusion\/221633\/\" \/>\n<meta property=\"og:site_name\" content=\"webdo\" \/>\n<meta property=\"article:publisher\" content=\"https:\/\/www.facebook.com\/webdotn\" \/>\n<meta property=\"article:published_time\" content=\"2025-04-28T19:14:00+00:00\" \/>\n<meta property=\"article:modified_time\" content=\"2025-05-17T20:05:29+00:00\" \/>\n<meta property=\"og:image\" content=\"https:\/\/www.webdo.tn\/fr\/wp-content\/uploads\/2025\/05\/6cebf4c5517b2b71d58215e1532bdc8f-4.webp\" \/>\n\t<meta property=\"og:image:width\" content=\"750\" \/>\n\t<meta property=\"og:image:height\" content=\"400\" \/>\n\t<meta property=\"og:image:type\" content=\"image\/webp\" \/>\n<meta name=\"author\" content=\"Firas Ben Abdeltif\" \/>\n<meta name=\"twitter:card\" content=\"summary_large_image\" \/>\n<meta name=\"twitter:creator\" content=\"@webdo_tn\" \/>\n<meta name=\"twitter:site\" content=\"@webdo_tn\" \/>\n<meta name=\"twitter:label1\" content=\"\u00c9crit par\" \/>\n\t<meta name=\"twitter:data1\" content=\"Firas Ben Abdeltif\" \/>\n\t<meta name=\"twitter:label2\" content=\"Dur\u00e9e de lecture estim\u00e9e\" \/>\n\t<meta name=\"twitter:data2\" content=\"1 minute\" \/>\n<script type=\"application\/ld+json\" class=\"yoast-schema-graph\">{\"@context\":\"https:\\\/\\\/schema.org\",\"@graph\":[{\"@type\":\"NewsArticle\",\"@id\":\"https:\\\/\\\/www.webdo.tn\\\/fr\\\/actualite\\\/national\\\/reforme-du-code-du-travail-l-ugtt-denonce-son-exclusion\\\/221633\\\/#article\",\"isPartOf\":{\"@id\":\"https:\\\/\\\/www.webdo.tn\\\/fr\\\/actualite\\\/national\\\/reforme-du-code-du-travail-l-ugtt-denonce-son-exclusion\\\/221633\\\/\"},\"author\":{\"name\":\"Firas Ben Abdeltif\",\"@id\":\"https:\\\/\\\/www.webdo.tn\\\/fr\\\/#\\\/schema\\\/person\\\/19664196c9bfdcda126f3c27709f7d11\"},\"headline\":\"R\u00e9forme du Code du travail : l\u2019UGTT d\u00e9nonce son exclusion\",\"datePublished\":\"2025-04-28T19:14:00+00:00\",\"dateModified\":\"2025-05-17T20:05:29+00:00\",\"mainEntityOfPage\":{\"@id\":\"https:\\\/\\\/www.webdo.tn\\\/fr\\\/actualite\\\/national\\\/reforme-du-code-du-travail-l-ugtt-denonce-son-exclusion\\\/221633\\\/\"},\"wordCount\":244,\"commentCount\":0,\"publisher\":{\"@id\":\"https:\\\/\\\/www.webdo.tn\\\/fr\\\/#organization\"},\"image\":{\"@id\":\"https:\\\/\\\/www.webdo.tn\\\/fr\\\/actualite\\\/national\\\/reforme-du-code-du-travail-l-ugtt-denonce-son-exclusion\\\/221633\\\/#primaryimage\"},\"thumbnailUrl\":\"https:\\\/\\\/www.webdo.tn\\\/fr\\\/wp-content\\\/uploads\\\/2025\\\/05\\\/6cebf4c5517b2b71d58215e1532bdc8f-4.webp\",\"keywords\":[\"Code du Travail\",\"R\u00e9forme du Code du travail\",\"UGTT\"],\"articleSection\":[\"National\"],\"inLanguage\":\"fr-FR\"},{\"@type\":\"WebPage\",\"@id\":\"https:\\\/\\\/www.webdo.tn\\\/fr\\\/actualite\\\/national\\\/reforme-du-code-du-travail-l-ugtt-denonce-son-exclusion\\\/221633\\\/\",\"url\":\"https:\\\/\\\/www.webdo.tn\\\/fr\\\/actualite\\\/national\\\/reforme-du-code-du-travail-l-ugtt-denonce-son-exclusion\\\/221633\\\/\",\"name\":\"R\u00e9forme du Code du travail : l\u2019UGTT d\u00e9nonce son exclusion\",\"isPartOf\":{\"@id\":\"https:\\\/\\\/www.webdo.tn\\\/fr\\\/#website\"},\"primaryImageOfPage\":{\"@id\":\"https:\\\/\\\/www.webdo.tn\\\/fr\\\/actualite\\\/national\\\/reforme-du-code-du-travail-l-ugtt-denonce-son-exclusion\\\/221633\\\/#primaryimage\"},\"image\":{\"@id\":\"https:\\\/\\\/www.webdo.tn\\\/fr\\\/actualite\\\/national\\\/reforme-du-code-du-travail-l-ugtt-denonce-son-exclusion\\\/221633\\\/#primaryimage\"},\"thumbnailUrl\":\"https:\\\/\\\/www.webdo.tn\\\/fr\\\/wp-content\\\/uploads\\\/2025\\\/05\\\/6cebf4c5517b2b71d58215e1532bdc8f-4.webp\",\"datePublished\":\"2025-04-28T19:14:00+00:00\",\"dateModified\":\"2025-05-17T20:05:29+00:00\",\"description\":\"L'UGTT d\u00e9nonce dans un communiqu\u00e9 l'exclusion des travailleurs du processus de r\u00e9vision du Code du travail par le gouvernement tunisien. Le syndicat r\u00e9clame une...\",\"breadcrumb\":{\"@id\":\"https:\\\/\\\/www.webdo.tn\\\/fr\\\/actualite\\\/national\\\/reforme-du-code-du-travail-l-ugtt-denonce-son-exclusion\\\/221633\\\/#breadcrumb\"},\"inLanguage\":\"fr-FR\",\"potentialAction\":[{\"@type\":\"ReadAction\",\"target\":[\"https:\\\/\\\/www.webdo.tn\\\/fr\\\/actualite\\\/national\\\/reforme-du-code-du-travail-l-ugtt-denonce-son-exclusion\\\/221633\\\/\"]}]},{\"@type\":\"ImageObject\",\"inLanguage\":\"fr-FR\",\"@id\":\"https:\\\/\\\/www.webdo.tn\\\/fr\\\/actualite\\\/national\\\/reforme-du-code-du-travail-l-ugtt-denonce-son-exclusion\\\/221633\\\/#primaryimage\",\"url\":\"https:\\\/\\\/www.webdo.tn\\\/fr\\\/wp-content\\\/uploads\\\/2025\\\/05\\\/6cebf4c5517b2b71d58215e1532bdc8f-4.webp\",\"contentUrl\":\"https:\\\/\\\/www.webdo.tn\\\/fr\\\/wp-content\\\/uploads\\\/2025\\\/05\\\/6cebf4c5517b2b71d58215e1532bdc8f-4.webp\",\"width\":750,\"height\":400},{\"@type\":\"BreadcrumbList\",\"@id\":\"https:\\\/\\\/www.webdo.tn\\\/fr\\\/actualite\\\/national\\\/reforme-du-code-du-travail-l-ugtt-denonce-son-exclusion\\\/221633\\\/#breadcrumb\",\"itemListElement\":[{\"@type\":\"ListItem\",\"position\":1,\"name\":\"Accueil\",\"item\":\"https:\\\/\\\/www.webdo.tn\\\/fr\\\/\"},{\"@type\":\"ListItem\",\"position\":2,\"name\":\"R\u00e9forme du Code du travail : l\u2019UGTT d\u00e9nonce son exclusion\"}]},{\"@type\":\"WebSite\",\"@id\":\"https:\\\/\\\/www.webdo.tn\\\/fr\\\/#website\",\"url\":\"https:\\\/\\\/www.webdo.tn\\\/fr\\\/\",\"name\":\"webdo\",\"description\":\"Tunisie - News en Tunisie et \u00e0 l&#039;international sur Webdo.tn\",\"publisher\":{\"@id\":\"https:\\\/\\\/www.webdo.tn\\\/fr\\\/#organization\"},\"potentialAction\":[{\"@type\":\"SearchAction\",\"target\":{\"@type\":\"EntryPoint\",\"urlTemplate\":\"https:\\\/\\\/www.webdo.tn\\\/fr\\\/?s={search_term_string}\"},\"query-input\":{\"@type\":\"PropertyValueSpecification\",\"valueRequired\":true,\"valueName\":\"search_term_string\"}}],\"inLanguage\":\"fr-FR\"},{\"@type\":\"Organization\",\"@id\":\"https:\\\/\\\/www.webdo.tn\\\/fr\\\/#organization\",\"name\":\"Webdo\",\"alternateName\":\"Webdo.tn\",\"url\":\"https:\\\/\\\/www.webdo.tn\\\/fr\\\/\",\"logo\":{\"@type\":\"ImageObject\",\"inLanguage\":\"fr-FR\",\"@id\":\"https:\\\/\\\/www.webdo.tn\\\/fr\\\/#\\\/schema\\\/logo\\\/image\\\/\",\"url\":\"https:\\\/\\\/www.webdo.tn\\\/fr\\\/wp-content\\\/uploads\\\/2025\\\/06\\\/Webdo-Tunisie_168377.jpg\",\"contentUrl\":\"https:\\\/\\\/www.webdo.tn\\\/fr\\\/wp-content\\\/uploads\\\/2025\\\/06\\\/Webdo-Tunisie_168377.jpg\",\"width\":301,\"height\":301,\"caption\":\"Webdo\"},\"image\":{\"@id\":\"https:\\\/\\\/www.webdo.tn\\\/fr\\\/#\\\/schema\\\/logo\\\/image\\\/\"},\"sameAs\":[\"https:\\\/\\\/www.facebook.com\\\/webdotn\",\"https:\\\/\\\/x.com\\\/webdo_tn\"],\"description\":\"Webdo est un m\u00e9dia num\u00e9rique tunisien fond\u00e9 en 2010, sp\u00e9cialis\u00e9 dans l\u2019actualit\u00e9 nationale et internationale, l\u2019\u00e9conomie, la soci\u00e9t\u00e9 et les analyses politiques. Le site s\u2019adresse \u00e0 un large public francophone et couvre l\u2019information tunisienne en temps r\u00e9el.\",\"email\":\"redac@webdo.tn\",\"legalName\":\"YNJ SARL\",\"foundingDate\":\"2010-09-06\",\"numberOfEmployees\":{\"@type\":\"QuantitativeValue\",\"minValue\":\"11\",\"maxValue\":\"50\"}},{\"@type\":\"Person\",\"@id\":\"https:\\\/\\\/www.webdo.tn\\\/fr\\\/#\\\/schema\\\/person\\\/19664196c9bfdcda126f3c27709f7d11\",\"name\":\"Firas Ben Abdeltif\",\"image\":{\"@type\":\"ImageObject\",\"inLanguage\":\"fr-FR\",\"@id\":\"https:\\\/\\\/secure.gravatar.com\\\/avatar\\\/161a347d40df098a084778c52ed133dbd85f14df003867067c5948081241ec55?s=96&d=mm&r=g\",\"url\":\"https:\\\/\\\/secure.gravatar.com\\\/avatar\\\/161a347d40df098a084778c52ed133dbd85f14df003867067c5948081241ec55?s=96&d=mm&r=g\",\"contentUrl\":\"https:\\\/\\\/secure.gravatar.com\\\/avatar\\\/161a347d40df098a084778c52ed133dbd85f14df003867067c5948081241ec55?s=96&d=mm&r=g\",\"caption\":\"Firas Ben Abdeltif\"},\"url\":\"https:\\\/\\\/www.webdo.tn\\\/fr\\\/actualite\\\/author\\\/firas-ben-abdeltif\\\/\"}]}<\/script>\n<!-- \/ Yoast SEO Premium plugin. -->","yoast_head_json":{"title":"R\u00e9forme du Code du travail : l\u2019UGTT d\u00e9nonce son exclusion","description":"L'UGTT d\u00e9nonce dans un communiqu\u00e9 l'exclusion des travailleurs du processus de r\u00e9vision du Code du travail par le gouvernement tunisien. Le syndicat r\u00e9clame une...","canonical":"https:\/\/www.webdo.tn\/fr\/actualite\/national\/reforme-du-code-du-travail-l-ugtt-denonce-son-exclusion\/221633\/","og_locale":"fr_FR","og_type":"article","og_title":"R\u00e9forme du Code du travail : l\u2019UGTT d\u00e9nonce son exclusion","og_description":"L'UGTT d\u00e9nonce dans un communiqu\u00e9 l'exclusion des travailleurs du processus de r\u00e9vision du Code du travail par le gouvernement tunisien. Le syndicat r\u00e9clame une...","og_url":"https:\/\/www.webdo.tn\/fr\/actualite\/national\/reforme-du-code-du-travail-l-ugtt-denonce-son-exclusion\/221633\/","og_site_name":"webdo","article_publisher":"https:\/\/www.facebook.com\/webdotn","article_published_time":"2025-04-28T19:14:00+00:00","article_modified_time":"2025-05-17T20:05:29+00:00","og_image":[{"width":750,"height":400,"url":"https:\/\/www.webdo.tn\/fr\/wp-content\/uploads\/2025\/05\/6cebf4c5517b2b71d58215e1532bdc8f-4.webp","type":"image\/webp"}],"author":"Firas Ben Abdeltif","twitter_card":"summary_large_image","twitter_creator":"@webdo_tn","twitter_site":"@webdo_tn","twitter_misc":{"\u00c9crit par":"Firas Ben Abdeltif","Dur\u00e9e de lecture estim\u00e9e":"1 minute"},"schema":{"@context":"https:\/\/schema.org","@graph":[{"@type":"NewsArticle","@id":"https:\/\/www.webdo.tn\/fr\/actualite\/national\/reforme-du-code-du-travail-l-ugtt-denonce-son-exclusion\/221633\/#article","isPartOf":{"@id":"https:\/\/www.webdo.tn\/fr\/actualite\/national\/reforme-du-code-du-travail-l-ugtt-denonce-son-exclusion\/221633\/"},"author":{"name":"Firas Ben Abdeltif","@id":"https:\/\/www.webdo.tn\/fr\/#\/schema\/person\/19664196c9bfdcda126f3c27709f7d11"},"headline":"R\u00e9forme du Code du travail : l\u2019UGTT d\u00e9nonce son exclusion","datePublished":"2025-04-28T19:14:00+00:00","dateModified":"2025-05-17T20:05:29+00:00","mainEntityOfPage":{"@id":"https:\/\/www.webdo.tn\/fr\/actualite\/national\/reforme-du-code-du-travail-l-ugtt-denonce-son-exclusion\/221633\/"},"wordCount":244,"commentCount":0,"publisher":{"@id":"https:\/\/www.webdo.tn\/fr\/#organization"},"image":{"@id":"https:\/\/www.webdo.tn\/fr\/actualite\/national\/reforme-du-code-du-travail-l-ugtt-denonce-son-exclusion\/221633\/#primaryimage"},"thumbnailUrl":"https:\/\/www.webdo.tn\/fr\/wp-content\/uploads\/2025\/05\/6cebf4c5517b2b71d58215e1532bdc8f-4.webp","keywords":["Code du Travail","R\u00e9forme du Code du travail","UGTT"],"articleSection":["National"],"inLanguage":"fr-FR"},{"@type":"WebPage","@id":"https:\/\/www.webdo.tn\/fr\/actualite\/national\/reforme-du-code-du-travail-l-ugtt-denonce-son-exclusion\/221633\/","url":"https:\/\/www.webdo.tn\/fr\/actualite\/national\/reforme-du-code-du-travail-l-ugtt-denonce-son-exclusion\/221633\/","name":"R\u00e9forme du Code du travail : l\u2019UGTT d\u00e9nonce son exclusion","isPartOf":{"@id":"https:\/\/www.webdo.tn\/fr\/#website"},"primaryImageOfPage":{"@id":"https:\/\/www.webdo.tn\/fr\/actualite\/national\/reforme-du-code-du-travail-l-ugtt-denonce-son-exclusion\/221633\/#primaryimage"},"image":{"@id":"https:\/\/www.webdo.tn\/fr\/actualite\/national\/reforme-du-code-du-travail-l-ugtt-denonce-son-exclusion\/221633\/#primaryimage"},"thumbnailUrl":"https:\/\/www.webdo.tn\/fr\/wp-content\/uploads\/2025\/05\/6cebf4c5517b2b71d58215e1532bdc8f-4.webp","datePublished":"2025-04-28T19:14:00+00:00","dateModified":"2025-05-17T20:05:29+00:00","description":"L'UGTT d\u00e9nonce dans un communiqu\u00e9 l'exclusion des travailleurs du processus de r\u00e9vision du Code du travail par le gouvernement tunisien. Le syndicat r\u00e9clame une...","breadcrumb":{"@id":"https:\/\/www.webdo.tn\/fr\/actualite\/national\/reforme-du-code-du-travail-l-ugtt-denonce-son-exclusion\/221633\/#breadcrumb"},"inLanguage":"fr-FR","potentialAction":[{"@type":"ReadAction","target":["https:\/\/www.webdo.tn\/fr\/actualite\/national\/reforme-du-code-du-travail-l-ugtt-denonce-son-exclusion\/221633\/"]}]},{"@type":"ImageObject","inLanguage":"fr-FR","@id":"https:\/\/www.webdo.tn\/fr\/actualite\/national\/reforme-du-code-du-travail-l-ugtt-denonce-son-exclusion\/221633\/#primaryimage","url":"https:\/\/www.webdo.tn\/fr\/wp-content\/uploads\/2025\/05\/6cebf4c5517b2b71d58215e1532bdc8f-4.webp","contentUrl":"https:\/\/www.webdo.tn\/fr\/wp-content\/uploads\/2025\/05\/6cebf4c5517b2b71d58215e1532bdc8f-4.webp","width":750,"height":400},{"@type":"BreadcrumbList","@id":"https:\/\/www.webdo.tn\/fr\/actualite\/national\/reforme-du-code-du-travail-l-ugtt-denonce-son-exclusion\/221633\/#breadcrumb","itemListElement":[{"@type":"ListItem","position":1,"name":"Accueil","item":"https:\/\/www.webdo.tn\/fr\/"},{"@type":"ListItem","position":2,"name":"R\u00e9forme du Code du travail : l\u2019UGTT d\u00e9nonce son exclusion"}]},{"@type":"WebSite","@id":"https:\/\/www.webdo.tn\/fr\/#website","url":"https:\/\/www.webdo.tn\/fr\/","name":"webdo","description":"Tunisie - News en Tunisie et \u00e0 l&#039;international sur Webdo.tn","publisher":{"@id":"https:\/\/www.webdo.tn\/fr\/#organization"},"potentialAction":[{"@type":"SearchAction","target":{"@type":"EntryPoint","urlTemplate":"https:\/\/www.webdo.tn\/fr\/?s={search_term_string}"},"query-input":{"@type":"PropertyValueSpecification","valueRequired":true,"valueName":"search_term_string"}}],"inLanguage":"fr-FR"},{"@type":"Organization","@id":"https:\/\/www.webdo.tn\/fr\/#organization","name":"Webdo","alternateName":"Webdo.tn","url":"https:\/\/www.webdo.tn\/fr\/","logo":{"@type":"ImageObject","inLanguage":"fr-FR","@id":"https:\/\/www.webdo.tn\/fr\/#\/schema\/logo\/image\/","url":"https:\/\/www.webdo.tn\/fr\/wp-content\/uploads\/2025\/06\/Webdo-Tunisie_168377.jpg","contentUrl":"https:\/\/www.webdo.tn\/fr\/wp-content\/uploads\/2025\/06\/Webdo-Tunisie_168377.jpg","width":301,"height":301,"caption":"Webdo"},"image":{"@id":"https:\/\/www.webdo.tn\/fr\/#\/schema\/logo\/image\/"},"sameAs":["https:\/\/www.facebook.com\/webdotn","https:\/\/x.com\/webdo_tn"],"description":"Webdo est un m\u00e9dia num\u00e9rique tunisien fond\u00e9 en 2010, sp\u00e9cialis\u00e9 dans l\u2019actualit\u00e9 nationale et internationale, l\u2019\u00e9conomie, la soci\u00e9t\u00e9 et les analyses politiques. Le site s\u2019adresse \u00e0 un large public francophone et couvre l\u2019information tunisienne en temps r\u00e9el.","email":"redac@webdo.tn","legalName":"YNJ SARL","foundingDate":"2010-09-06","numberOfEmployees":{"@type":"QuantitativeValue","minValue":"11","maxValue":"50"}},{"@type":"Person","@id":"https:\/\/www.webdo.tn\/fr\/#\/schema\/person\/19664196c9bfdcda126f3c27709f7d11","name":"Firas Ben Abdeltif","image":{"@type":"ImageObject","inLanguage":"fr-FR","@id":"https:\/\/secure.gravatar.com\/avatar\/161a347d40df098a084778c52ed133dbd85f14df003867067c5948081241ec55?s=96&d=mm&r=g","url":"https:\/\/secure.gravatar.com\/avatar\/161a347d40df098a084778c52ed133dbd85f14df003867067c5948081241ec55?s=96&d=mm&r=g","contentUrl":"https:\/\/secure.gravatar.com\/avatar\/161a347d40df098a084778c52ed133dbd85f14df003867067c5948081241ec55?s=96&d=mm&r=g","caption":"Firas Ben Abdeltif"},"url":"https:\/\/www.webdo.tn\/fr\/actualite\/author\/firas-ben-abdeltif\/"}]}},"_links":{"self":[{"href":"https:\/\/www.webdo.tn\/fr\/wp-json\/wp\/v2\/posts\/221633","targetHints":{"allow":["GET"]}}],"collection":[{"href":"https:\/\/www.webdo.tn\/fr\/wp-json\/wp\/v2\/posts"}],"about":[{"href":"https:\/\/www.webdo.tn\/fr\/wp-json\/wp\/v2\/types\/post"}],"author":[{"embeddable":true,"href":"https:\/\/www.webdo.tn\/fr\/wp-json\/wp\/v2\/users\/4779"}],"replies":[{"embeddable":true,"href":"https:\/\/www.webdo.tn\/fr\/wp-json\/wp\/v2\/comments?post=221633"}],"version-history":[{"count":0,"href":"https:\/\/www.webdo.tn\/fr\/wp-json\/wp\/v2\/posts\/221633\/revisions"}],"wp:featuredmedia":[{"embeddable":true,"href":"https:\/\/www.webdo.tn\/fr\/wp-json\/wp\/v2\/media\/244335"}],"wp:attachment":[{"href":"https:\/\/www.webdo.tn\/fr\/wp-json\/wp\/v2\/media?parent=221633"}],"wp:term":[{"taxonomy":"category","embeddable":true,"href":"https:\/\/www.webdo.tn\/fr\/wp-json\/wp\/v2\/categories?post=221633"},{"taxonomy":"post_tag","embeddable":true,"href":"https:\/\/www.webdo.tn\/fr\/wp-json\/wp\/v2\/tags?post=221633"}],"curies":[{"name":"wp","href":"https:\/\/api.w.org\/{rel}","templated":true}]}}