{"id":221599,"date":"2025-04-27T11:21:00","date_gmt":"2025-04-27T11:21:00","guid":{"rendered":"https:\/\/www.webdo.tn\/fr\/blog\/tunisie-quand-hizb-ut-tahrir-defie-l-etat-civil\/221599\/"},"modified":"2025-05-20T22:23:32","modified_gmt":"2025-05-20T22:23:32","slug":"tunisie-quand-hizb-ut-tahrir-defie-l-etat-civil","status":"publish","type":"post","link":"https:\/\/www.webdo.tn\/fr\/actualite\/national\/tunisie-quand-hizb-ut-tahrir-defie-l-etat-civil\/221599\/","title":{"rendered":"Tunisie : Quand Hizb ut-Tahrir d\u00e9fie l&rsquo;\u00c9tat civil"},"content":{"rendered":"<p>Sous le slogan provocateur \u00ab\u00a0L\u2019\u00e9chec de l\u2019\u00c9tat moderne et l\u2019in\u00e9vitabilit\u00e9 de l\u2019\u00c9tat du califat\u00a0\u00bb, le parti religieux extr\u00e9miste Hizb ut-Tahrir a tenu, samedi 26 avril, son congr\u00e8s annuel en Tunisie.<\/p>\n<p>\t\t\t\t\t\t\t\t\tL&rsquo;Observatoire National pour la D\u00e9fense du Caract\u00e8re Civil de l&rsquo;\u00c9tat (ONDCCE) est revenu sur cette affaire \u00a0rappellant \u00a0son attachement ind\u00e9fectible \u00e0 la libert\u00e9 de pens\u00e9e, d&rsquo;expression et d&rsquo;organisation, il insiste sur un principe fondamental : la consolidation d&rsquo;une v\u00e9ritable \u00c9tat civil fond\u00e9 sur la modernit\u00e9, la citoyennet\u00e9 et le respect des institutions r\u00e9publicaines.<\/p>\n<p>Or, comme le rappelle l\u2019Observatoire, Hizb ut-Tahrir ne reconna\u00eet ni la souverainet\u00e9 de l\u2019\u00c9tat tunisien, ni ses fronti\u00e8res, ni m\u00eame son drapeau, symbole sacr\u00e9 pour lequel tant de martyrs ont donn\u00e9 leur vie. Ce parti radical, au contraire, ambitionne de remplacer l&#8217;embl\u00e8me national par un \u00e9tendard noir aux connotations id\u00e9ologiques bien connues.<\/p>\n<p>Lors de ce congr\u00e8s, l\u2019un de ses membres, Mohamed Bouaziz, a d\u00e9clar\u00e9 que les trois constitutions successives de la Tunisie \u2013 y compris celle de 2022 \u2013 ne seraient que des produits du \u00ab\u00a0pens\u00e9e coloniale\u00a0\u00bb, rejetant ainsi l&rsquo;ensemble du cadre l\u00e9gal et r\u00e9publicain du pays.<\/p>\n<p>Pour appuyer son discours, Bouaziz est all\u00e9 jusqu&rsquo;\u00e0 citer la pr\u00e9tendue \u00ab\u00a0hausse du taux de c\u00e9libat\u00a0\u00bb (qu&rsquo;il chiffre \u00e0 65%) comme signe de \u00ab\u00a0l\u2019\u00e9chec de l\u2019\u00c9tat moderne\u00a0\u00bb.<\/p>\n<p>Une lecture pour le moins biais\u00e9e, car elle occulte le fait que la parit\u00e9 entre les sexes est aujourd\u2019hui \u00e9tablie en Tunisie et que le recul de l\u2019\u00e2ge du mariage est surtout l\u2019indicateur d&rsquo;une soci\u00e9t\u00e9 en mutation : les jeunes, hommes comme femmes, privil\u00e9gient d\u00e9sormais les \u00e9tudes, la stabilit\u00e9 professionnelle et la construction consciente de leur avenir, loin des mariages pr\u00e9coces autrefois impos\u00e9s.<\/p>\n","protected":false},"excerpt":{"rendered":"<p>Hizb ut-Tahrir remet en cause l&rsquo;\u00c9tat civil tunisien lors de son congr\u00e8s annuel. L&rsquo;Observatoire National pour la D\u00e9fense du Caract\u00e8re Civil de l&rsquo;\u00c9tat alerte sur&#8230;<\/p>\n","protected":false},"author":3163,"featured_media":292315,"comment_status":"open","ping_status":"closed","sticky":false,"template":"","format":"standard","meta":{"footnotes":""},"categories":[44],"tags":[11267,3214,2608],"class_list":["post-221599","post","type-post","status-publish","format-standard","has-post-thumbnail","hentry","category-national","tag-hizb-tahrir","tag-etat","tag-tunisie"],"yoast_head":"<!-- This site is optimized with the Yoast SEO Premium plugin v27.4 (Yoast SEO v27.5) - https:\/\/yoast.com\/product\/yoast-seo-premium-wordpress\/ -->\n<title>Tunisie : Quand Hizb ut-Tahrir d\u00e9fie l&#039;\u00c9tat civil<\/title>\n<meta name=\"description\" content=\"Hizb ut-Tahrir remet en cause l&#039;\u00c9tat civil tunisien lors de son congr\u00e8s annuel. L&#039;Observatoire National pour la D\u00e9fense du Caract\u00e8re Civil de l&#039;\u00c9tat alerte sur...\" \/>\n<link rel=\"canonical\" href=\"https:\/\/www.webdo.tn\/fr\/actualite\/national\/tunisie-quand-hizb-ut-tahrir-defie-l-etat-civil\/221599\/\" \/>\n<meta property=\"og:locale\" content=\"fr_FR\" \/>\n<meta property=\"og:type\" content=\"article\" \/>\n<meta property=\"og:title\" content=\"Tunisie : Quand Hizb ut-Tahrir d\u00e9fie l&#039;\u00c9tat civil\" \/>\n<meta property=\"og:description\" content=\"Hizb ut-Tahrir remet en cause l&#039;\u00c9tat civil tunisien lors de son congr\u00e8s annuel. L&#039;Observatoire National pour la D\u00e9fense du Caract\u00e8re Civil de l&#039;\u00c9tat alerte sur...\" \/>\n<meta property=\"og:url\" content=\"https:\/\/www.webdo.tn\/fr\/actualite\/national\/tunisie-quand-hizb-ut-tahrir-defie-l-etat-civil\/221599\/\" \/>\n<meta property=\"og:site_name\" content=\"webdo\" \/>\n<meta property=\"article:publisher\" content=\"https:\/\/www.facebook.com\/webdotn\" \/>\n<meta property=\"article:published_time\" content=\"2025-04-27T11:21:00+00:00\" \/>\n<meta property=\"article:modified_time\" content=\"2025-05-20T22:23:32+00:00\" \/>\n<meta property=\"og:image\" content=\"https:\/\/www.webdo.tn\/fr\/wp-content\/uploads\/2025\/04\/76402e7f937565dbe28e776d63091906.webp\" \/>\n\t<meta property=\"og:image:width\" content=\"700\" \/>\n\t<meta property=\"og:image:height\" content=\"373\" \/>\n\t<meta property=\"og:image:type\" content=\"image\/webp\" \/>\n<meta name=\"author\" content=\"KJ\" \/>\n<meta name=\"twitter:card\" content=\"summary_large_image\" \/>\n<meta name=\"twitter:creator\" content=\"@webdo_tn\" \/>\n<meta name=\"twitter:site\" content=\"@webdo_tn\" \/>\n<meta name=\"twitter:label1\" content=\"\u00c9crit par\" \/>\n\t<meta name=\"twitter:data1\" content=\"KJ\" \/>\n\t<meta name=\"twitter:label2\" content=\"Dur\u00e9e de lecture estim\u00e9e\" \/>\n\t<meta name=\"twitter:data2\" content=\"2 minutes\" \/>\n<script type=\"application\/ld+json\" class=\"yoast-schema-graph\">{\"@context\":\"https:\\\/\\\/schema.org\",\"@graph\":[{\"@type\":\"NewsArticle\",\"@id\":\"https:\\\/\\\/www.webdo.tn\\\/fr\\\/actualite\\\/national\\\/tunisie-quand-hizb-ut-tahrir-defie-l-etat-civil\\\/221599\\\/#article\",\"isPartOf\":{\"@id\":\"https:\\\/\\\/www.webdo.tn\\\/fr\\\/actualite\\\/national\\\/tunisie-quand-hizb-ut-tahrir-defie-l-etat-civil\\\/221599\\\/\"},\"author\":{\"name\":\"KJ\",\"@id\":\"https:\\\/\\\/www.webdo.tn\\\/fr\\\/#\\\/schema\\\/person\\\/82ca085b22037d285e1a3c4b65ba5f71\"},\"headline\":\"Tunisie : Quand Hizb ut-Tahrir d\u00e9fie l&rsquo;\u00c9tat civil\",\"datePublished\":\"2025-04-27T11:21:00+00:00\",\"dateModified\":\"2025-05-20T22:23:32+00:00\",\"mainEntityOfPage\":{\"@id\":\"https:\\\/\\\/www.webdo.tn\\\/fr\\\/actualite\\\/national\\\/tunisie-quand-hizb-ut-tahrir-defie-l-etat-civil\\\/221599\\\/\"},\"wordCount\":318,\"commentCount\":0,\"publisher\":{\"@id\":\"https:\\\/\\\/www.webdo.tn\\\/fr\\\/#organization\"},\"image\":{\"@id\":\"https:\\\/\\\/www.webdo.tn\\\/fr\\\/actualite\\\/national\\\/tunisie-quand-hizb-ut-tahrir-defie-l-etat-civil\\\/221599\\\/#primaryimage\"},\"thumbnailUrl\":\"https:\\\/\\\/www.webdo.tn\\\/fr\\\/wp-content\\\/uploads\\\/2025\\\/04\\\/76402e7f937565dbe28e776d63091906.webp\",\"keywords\":[\"'Hizb Tahrir']\",\"Etat\",\"Tunisie\"],\"articleSection\":[\"National\"],\"inLanguage\":\"fr-FR\"},{\"@type\":\"WebPage\",\"@id\":\"https:\\\/\\\/www.webdo.tn\\\/fr\\\/actualite\\\/national\\\/tunisie-quand-hizb-ut-tahrir-defie-l-etat-civil\\\/221599\\\/\",\"url\":\"https:\\\/\\\/www.webdo.tn\\\/fr\\\/actualite\\\/national\\\/tunisie-quand-hizb-ut-tahrir-defie-l-etat-civil\\\/221599\\\/\",\"name\":\"Tunisie : Quand Hizb ut-Tahrir d\u00e9fie l'\u00c9tat civil\",\"isPartOf\":{\"@id\":\"https:\\\/\\\/www.webdo.tn\\\/fr\\\/#website\"},\"primaryImageOfPage\":{\"@id\":\"https:\\\/\\\/www.webdo.tn\\\/fr\\\/actualite\\\/national\\\/tunisie-quand-hizb-ut-tahrir-defie-l-etat-civil\\\/221599\\\/#primaryimage\"},\"image\":{\"@id\":\"https:\\\/\\\/www.webdo.tn\\\/fr\\\/actualite\\\/national\\\/tunisie-quand-hizb-ut-tahrir-defie-l-etat-civil\\\/221599\\\/#primaryimage\"},\"thumbnailUrl\":\"https:\\\/\\\/www.webdo.tn\\\/fr\\\/wp-content\\\/uploads\\\/2025\\\/04\\\/76402e7f937565dbe28e776d63091906.webp\",\"datePublished\":\"2025-04-27T11:21:00+00:00\",\"dateModified\":\"2025-05-20T22:23:32+00:00\",\"description\":\"Hizb ut-Tahrir remet en cause l'\u00c9tat civil tunisien lors de son congr\u00e8s annuel. L'Observatoire National pour la D\u00e9fense du Caract\u00e8re Civil de l'\u00c9tat alerte sur...\",\"breadcrumb\":{\"@id\":\"https:\\\/\\\/www.webdo.tn\\\/fr\\\/actualite\\\/national\\\/tunisie-quand-hizb-ut-tahrir-defie-l-etat-civil\\\/221599\\\/#breadcrumb\"},\"inLanguage\":\"fr-FR\",\"potentialAction\":[{\"@type\":\"ReadAction\",\"target\":[\"https:\\\/\\\/www.webdo.tn\\\/fr\\\/actualite\\\/national\\\/tunisie-quand-hizb-ut-tahrir-defie-l-etat-civil\\\/221599\\\/\"]}]},{\"@type\":\"ImageObject\",\"inLanguage\":\"fr-FR\",\"@id\":\"https:\\\/\\\/www.webdo.tn\\\/fr\\\/actualite\\\/national\\\/tunisie-quand-hizb-ut-tahrir-defie-l-etat-civil\\\/221599\\\/#primaryimage\",\"url\":\"https:\\\/\\\/www.webdo.tn\\\/fr\\\/wp-content\\\/uploads\\\/2025\\\/04\\\/76402e7f937565dbe28e776d63091906.webp\",\"contentUrl\":\"https:\\\/\\\/www.webdo.tn\\\/fr\\\/wp-content\\\/uploads\\\/2025\\\/04\\\/76402e7f937565dbe28e776d63091906.webp\",\"width\":700,\"height\":373,\"caption\":\"Tunisie : Quand Hizb ut-Tahrir d\u00e9fie l'\u00c9tat civil\"},{\"@type\":\"BreadcrumbList\",\"@id\":\"https:\\\/\\\/www.webdo.tn\\\/fr\\\/actualite\\\/national\\\/tunisie-quand-hizb-ut-tahrir-defie-l-etat-civil\\\/221599\\\/#breadcrumb\",\"itemListElement\":[{\"@type\":\"ListItem\",\"position\":1,\"name\":\"Accueil\",\"item\":\"https:\\\/\\\/www.webdo.tn\\\/fr\\\/\"},{\"@type\":\"ListItem\",\"position\":2,\"name\":\"Tunisie : Quand Hizb ut-Tahrir d\u00e9fie l&rsquo;\u00c9tat civil\"}]},{\"@type\":\"WebSite\",\"@id\":\"https:\\\/\\\/www.webdo.tn\\\/fr\\\/#website\",\"url\":\"https:\\\/\\\/www.webdo.tn\\\/fr\\\/\",\"name\":\"webdo\",\"description\":\"Tunisie - News en Tunisie et \u00e0 l&#039;international sur Webdo.tn\",\"publisher\":{\"@id\":\"https:\\\/\\\/www.webdo.tn\\\/fr\\\/#organization\"},\"potentialAction\":[{\"@type\":\"SearchAction\",\"target\":{\"@type\":\"EntryPoint\",\"urlTemplate\":\"https:\\\/\\\/www.webdo.tn\\\/fr\\\/?s={search_term_string}\"},\"query-input\":{\"@type\":\"PropertyValueSpecification\",\"valueRequired\":true,\"valueName\":\"search_term_string\"}}],\"inLanguage\":\"fr-FR\"},{\"@type\":\"Organization\",\"@id\":\"https:\\\/\\\/www.webdo.tn\\\/fr\\\/#organization\",\"name\":\"Webdo\",\"alternateName\":\"Webdo.tn\",\"url\":\"https:\\\/\\\/www.webdo.tn\\\/fr\\\/\",\"logo\":{\"@type\":\"ImageObject\",\"inLanguage\":\"fr-FR\",\"@id\":\"https:\\\/\\\/www.webdo.tn\\\/fr\\\/#\\\/schema\\\/logo\\\/image\\\/\",\"url\":\"https:\\\/\\\/www.webdo.tn\\\/fr\\\/wp-content\\\/uploads\\\/2025\\\/06\\\/Webdo-Tunisie_168377.jpg\",\"contentUrl\":\"https:\\\/\\\/www.webdo.tn\\\/fr\\\/wp-content\\\/uploads\\\/2025\\\/06\\\/Webdo-Tunisie_168377.jpg\",\"width\":301,\"height\":301,\"caption\":\"Webdo\"},\"image\":{\"@id\":\"https:\\\/\\\/www.webdo.tn\\\/fr\\\/#\\\/schema\\\/logo\\\/image\\\/\"},\"sameAs\":[\"https:\\\/\\\/www.facebook.com\\\/webdotn\",\"https:\\\/\\\/x.com\\\/webdo_tn\"],\"description\":\"Webdo est un m\u00e9dia num\u00e9rique tunisien fond\u00e9 en 2010, sp\u00e9cialis\u00e9 dans l\u2019actualit\u00e9 nationale et internationale, l\u2019\u00e9conomie, la soci\u00e9t\u00e9 et les analyses politiques. Le site s\u2019adresse \u00e0 un large public francophone et couvre l\u2019information tunisienne en temps r\u00e9el.\",\"email\":\"redac@webdo.tn\",\"legalName\":\"YNJ SARL\",\"foundingDate\":\"2010-09-06\",\"numberOfEmployees\":{\"@type\":\"QuantitativeValue\",\"minValue\":\"11\",\"maxValue\":\"50\"}},{\"@type\":\"Person\",\"@id\":\"https:\\\/\\\/www.webdo.tn\\\/fr\\\/#\\\/schema\\\/person\\\/82ca085b22037d285e1a3c4b65ba5f71\",\"name\":\"KJ\",\"image\":{\"@type\":\"ImageObject\",\"inLanguage\":\"fr-FR\",\"@id\":\"https:\\\/\\\/secure.gravatar.com\\\/avatar\\\/1a1320de1c1971c893f00068f760b4113d69504aa21273da17ee95650c5944fd?s=96&d=mm&r=g\",\"url\":\"https:\\\/\\\/secure.gravatar.com\\\/avatar\\\/1a1320de1c1971c893f00068f760b4113d69504aa21273da17ee95650c5944fd?s=96&d=mm&r=g\",\"contentUrl\":\"https:\\\/\\\/secure.gravatar.com\\\/avatar\\\/1a1320de1c1971c893f00068f760b4113d69504aa21273da17ee95650c5944fd?s=96&d=mm&r=g\",\"caption\":\"KJ\"},\"url\":\"https:\\\/\\\/www.webdo.tn\\\/fr\\\/actualite\\\/author\\\/kj\\\/\"}]}<\/script>\n<!-- \/ Yoast SEO Premium plugin. -->","yoast_head_json":{"title":"Tunisie : Quand Hizb ut-Tahrir d\u00e9fie l'\u00c9tat civil","description":"Hizb ut-Tahrir remet en cause l'\u00c9tat civil tunisien lors de son congr\u00e8s annuel. L'Observatoire National pour la D\u00e9fense du Caract\u00e8re Civil de l'\u00c9tat alerte sur...","canonical":"https:\/\/www.webdo.tn\/fr\/actualite\/national\/tunisie-quand-hizb-ut-tahrir-defie-l-etat-civil\/221599\/","og_locale":"fr_FR","og_type":"article","og_title":"Tunisie : Quand Hizb ut-Tahrir d\u00e9fie l'\u00c9tat civil","og_description":"Hizb ut-Tahrir remet en cause l'\u00c9tat civil tunisien lors de son congr\u00e8s annuel. L'Observatoire National pour la D\u00e9fense du Caract\u00e8re Civil de l'\u00c9tat alerte sur...","og_url":"https:\/\/www.webdo.tn\/fr\/actualite\/national\/tunisie-quand-hizb-ut-tahrir-defie-l-etat-civil\/221599\/","og_site_name":"webdo","article_publisher":"https:\/\/www.facebook.com\/webdotn","article_published_time":"2025-04-27T11:21:00+00:00","article_modified_time":"2025-05-20T22:23:32+00:00","og_image":[{"width":700,"height":373,"url":"https:\/\/www.webdo.tn\/fr\/wp-content\/uploads\/2025\/04\/76402e7f937565dbe28e776d63091906.webp","type":"image\/webp"}],"author":"KJ","twitter_card":"summary_large_image","twitter_creator":"@webdo_tn","twitter_site":"@webdo_tn","twitter_misc":{"\u00c9crit par":"KJ","Dur\u00e9e de lecture estim\u00e9e":"2 minutes"},"schema":{"@context":"https:\/\/schema.org","@graph":[{"@type":"NewsArticle","@id":"https:\/\/www.webdo.tn\/fr\/actualite\/national\/tunisie-quand-hizb-ut-tahrir-defie-l-etat-civil\/221599\/#article","isPartOf":{"@id":"https:\/\/www.webdo.tn\/fr\/actualite\/national\/tunisie-quand-hizb-ut-tahrir-defie-l-etat-civil\/221599\/"},"author":{"name":"KJ","@id":"https:\/\/www.webdo.tn\/fr\/#\/schema\/person\/82ca085b22037d285e1a3c4b65ba5f71"},"headline":"Tunisie : Quand Hizb ut-Tahrir d\u00e9fie l&rsquo;\u00c9tat civil","datePublished":"2025-04-27T11:21:00+00:00","dateModified":"2025-05-20T22:23:32+00:00","mainEntityOfPage":{"@id":"https:\/\/www.webdo.tn\/fr\/actualite\/national\/tunisie-quand-hizb-ut-tahrir-defie-l-etat-civil\/221599\/"},"wordCount":318,"commentCount":0,"publisher":{"@id":"https:\/\/www.webdo.tn\/fr\/#organization"},"image":{"@id":"https:\/\/www.webdo.tn\/fr\/actualite\/national\/tunisie-quand-hizb-ut-tahrir-defie-l-etat-civil\/221599\/#primaryimage"},"thumbnailUrl":"https:\/\/www.webdo.tn\/fr\/wp-content\/uploads\/2025\/04\/76402e7f937565dbe28e776d63091906.webp","keywords":["'Hizb Tahrir']","Etat","Tunisie"],"articleSection":["National"],"inLanguage":"fr-FR"},{"@type":"WebPage","@id":"https:\/\/www.webdo.tn\/fr\/actualite\/national\/tunisie-quand-hizb-ut-tahrir-defie-l-etat-civil\/221599\/","url":"https:\/\/www.webdo.tn\/fr\/actualite\/national\/tunisie-quand-hizb-ut-tahrir-defie-l-etat-civil\/221599\/","name":"Tunisie : Quand Hizb ut-Tahrir d\u00e9fie l'\u00c9tat civil","isPartOf":{"@id":"https:\/\/www.webdo.tn\/fr\/#website"},"primaryImageOfPage":{"@id":"https:\/\/www.webdo.tn\/fr\/actualite\/national\/tunisie-quand-hizb-ut-tahrir-defie-l-etat-civil\/221599\/#primaryimage"},"image":{"@id":"https:\/\/www.webdo.tn\/fr\/actualite\/national\/tunisie-quand-hizb-ut-tahrir-defie-l-etat-civil\/221599\/#primaryimage"},"thumbnailUrl":"https:\/\/www.webdo.tn\/fr\/wp-content\/uploads\/2025\/04\/76402e7f937565dbe28e776d63091906.webp","datePublished":"2025-04-27T11:21:00+00:00","dateModified":"2025-05-20T22:23:32+00:00","description":"Hizb ut-Tahrir remet en cause l'\u00c9tat civil tunisien lors de son congr\u00e8s annuel. L'Observatoire National pour la D\u00e9fense du Caract\u00e8re Civil de l'\u00c9tat alerte sur...","breadcrumb":{"@id":"https:\/\/www.webdo.tn\/fr\/actualite\/national\/tunisie-quand-hizb-ut-tahrir-defie-l-etat-civil\/221599\/#breadcrumb"},"inLanguage":"fr-FR","potentialAction":[{"@type":"ReadAction","target":["https:\/\/www.webdo.tn\/fr\/actualite\/national\/tunisie-quand-hizb-ut-tahrir-defie-l-etat-civil\/221599\/"]}]},{"@type":"ImageObject","inLanguage":"fr-FR","@id":"https:\/\/www.webdo.tn\/fr\/actualite\/national\/tunisie-quand-hizb-ut-tahrir-defie-l-etat-civil\/221599\/#primaryimage","url":"https:\/\/www.webdo.tn\/fr\/wp-content\/uploads\/2025\/04\/76402e7f937565dbe28e776d63091906.webp","contentUrl":"https:\/\/www.webdo.tn\/fr\/wp-content\/uploads\/2025\/04\/76402e7f937565dbe28e776d63091906.webp","width":700,"height":373,"caption":"Tunisie : Quand Hizb ut-Tahrir d\u00e9fie l'\u00c9tat civil"},{"@type":"BreadcrumbList","@id":"https:\/\/www.webdo.tn\/fr\/actualite\/national\/tunisie-quand-hizb-ut-tahrir-defie-l-etat-civil\/221599\/#breadcrumb","itemListElement":[{"@type":"ListItem","position":1,"name":"Accueil","item":"https:\/\/www.webdo.tn\/fr\/"},{"@type":"ListItem","position":2,"name":"Tunisie : Quand Hizb ut-Tahrir d\u00e9fie l&rsquo;\u00c9tat civil"}]},{"@type":"WebSite","@id":"https:\/\/www.webdo.tn\/fr\/#website","url":"https:\/\/www.webdo.tn\/fr\/","name":"webdo","description":"Tunisie - News en Tunisie et \u00e0 l&#039;international sur Webdo.tn","publisher":{"@id":"https:\/\/www.webdo.tn\/fr\/#organization"},"potentialAction":[{"@type":"SearchAction","target":{"@type":"EntryPoint","urlTemplate":"https:\/\/www.webdo.tn\/fr\/?s={search_term_string}"},"query-input":{"@type":"PropertyValueSpecification","valueRequired":true,"valueName":"search_term_string"}}],"inLanguage":"fr-FR"},{"@type":"Organization","@id":"https:\/\/www.webdo.tn\/fr\/#organization","name":"Webdo","alternateName":"Webdo.tn","url":"https:\/\/www.webdo.tn\/fr\/","logo":{"@type":"ImageObject","inLanguage":"fr-FR","@id":"https:\/\/www.webdo.tn\/fr\/#\/schema\/logo\/image\/","url":"https:\/\/www.webdo.tn\/fr\/wp-content\/uploads\/2025\/06\/Webdo-Tunisie_168377.jpg","contentUrl":"https:\/\/www.webdo.tn\/fr\/wp-content\/uploads\/2025\/06\/Webdo-Tunisie_168377.jpg","width":301,"height":301,"caption":"Webdo"},"image":{"@id":"https:\/\/www.webdo.tn\/fr\/#\/schema\/logo\/image\/"},"sameAs":["https:\/\/www.facebook.com\/webdotn","https:\/\/x.com\/webdo_tn"],"description":"Webdo est un m\u00e9dia num\u00e9rique tunisien fond\u00e9 en 2010, sp\u00e9cialis\u00e9 dans l\u2019actualit\u00e9 nationale et internationale, l\u2019\u00e9conomie, la soci\u00e9t\u00e9 et les analyses politiques. Le site s\u2019adresse \u00e0 un large public francophone et couvre l\u2019information tunisienne en temps r\u00e9el.","email":"redac@webdo.tn","legalName":"YNJ SARL","foundingDate":"2010-09-06","numberOfEmployees":{"@type":"QuantitativeValue","minValue":"11","maxValue":"50"}},{"@type":"Person","@id":"https:\/\/www.webdo.tn\/fr\/#\/schema\/person\/82ca085b22037d285e1a3c4b65ba5f71","name":"KJ","image":{"@type":"ImageObject","inLanguage":"fr-FR","@id":"https:\/\/secure.gravatar.com\/avatar\/1a1320de1c1971c893f00068f760b4113d69504aa21273da17ee95650c5944fd?s=96&d=mm&r=g","url":"https:\/\/secure.gravatar.com\/avatar\/1a1320de1c1971c893f00068f760b4113d69504aa21273da17ee95650c5944fd?s=96&d=mm&r=g","contentUrl":"https:\/\/secure.gravatar.com\/avatar\/1a1320de1c1971c893f00068f760b4113d69504aa21273da17ee95650c5944fd?s=96&d=mm&r=g","caption":"KJ"},"url":"https:\/\/www.webdo.tn\/fr\/actualite\/author\/kj\/"}]}},"_links":{"self":[{"href":"https:\/\/www.webdo.tn\/fr\/wp-json\/wp\/v2\/posts\/221599","targetHints":{"allow":["GET"]}}],"collection":[{"href":"https:\/\/www.webdo.tn\/fr\/wp-json\/wp\/v2\/posts"}],"about":[{"href":"https:\/\/www.webdo.tn\/fr\/wp-json\/wp\/v2\/types\/post"}],"author":[{"embeddable":true,"href":"https:\/\/www.webdo.tn\/fr\/wp-json\/wp\/v2\/users\/3163"}],"replies":[{"embeddable":true,"href":"https:\/\/www.webdo.tn\/fr\/wp-json\/wp\/v2\/comments?post=221599"}],"version-history":[{"count":0,"href":"https:\/\/www.webdo.tn\/fr\/wp-json\/wp\/v2\/posts\/221599\/revisions"}],"wp:featuredmedia":[{"embeddable":true,"href":"https:\/\/www.webdo.tn\/fr\/wp-json\/wp\/v2\/media\/292315"}],"wp:attachment":[{"href":"https:\/\/www.webdo.tn\/fr\/wp-json\/wp\/v2\/media?parent=221599"}],"wp:term":[{"taxonomy":"category","embeddable":true,"href":"https:\/\/www.webdo.tn\/fr\/wp-json\/wp\/v2\/categories?post=221599"},{"taxonomy":"post_tag","embeddable":true,"href":"https:\/\/www.webdo.tn\/fr\/wp-json\/wp\/v2\/tags?post=221599"}],"curies":[{"name":"wp","href":"https:\/\/api.w.org\/{rel}","templated":true}]}}