{"id":221574,"date":"2025-04-26T06:58:00","date_gmt":"2025-04-26T06:58:00","guid":{"rendered":"https:\/\/www.webdo.tn\/fr\/blog\/entre-tunis-et-pekin-une-calligraphie-de-l-amitie-se-dessine\/221574\/"},"modified":"2025-04-26T06:58:00","modified_gmt":"2025-04-26T06:58:00","slug":"entre-tunis-et-pekin-une-calligraphie-de-l-amitie-se-dessine","status":"publish","type":"post","link":"https:\/\/www.webdo.tn\/fr\/actualite\/national\/entre-tunis-et-pekin-une-calligraphie-de-l-amitie-se-dessine\/221574\/","title":{"rendered":"Entre Tunis et P\u00e9kin, une calligraphie de l\u2019amiti\u00e9 se dessine"},"content":{"rendered":"<p>Sous un ciel printanier de Tunis, un pinceau symbolique a trac\u00e9 jeudi 24 avril une nouvelle passerelle culturelle entre la Chine et la Tunisie.<\/p>\n<p>\t\t\t\t\t\t\t\t\tDans les salons de l&rsquo;Universit\u00e9 de Carthage, Hichem Messaoudi, directeur de l&rsquo;Institut Sup\u00e9rieur des Langues de Tunis, a \u00e9chang\u00e9 une poign\u00e9e de mains et des documents officiels avec un repr\u00e9sentant du Beijing Normal University Publishing Group, rapporte l\u2019agence Xinhua. L&rsquo;accord : introduire l&rsquo;enseignement de la calligraphie chinoise en Tunisie.<\/p>\n<p>Le geste \u00e9tait plus qu&rsquo;un rituel protocolaire. Sur la table, un lot de manuels sp\u00e9cialis\u00e9s et du mat\u00e9riel p\u00e9dagogique, offerts par la prestigieuse Universit\u00e9 Normale de P\u00e9kin, t\u00e9moignaient d&rsquo;une ambition partag\u00e9e : faire d\u00e9couvrir aux jeunes Tunisiens l&rsquo;art subtil du trait et de l&rsquo;encre.<\/p>\n<p>\u00ab La calligraphie chinoise n&rsquo;est pas seulement une discipline artistique, elle est l&rsquo;\u00e2me m\u00eame de notre culture \u00bb, a expliqu\u00e9 Kang Zhen, vice-pr\u00e9sident de l\u2019universit\u00e9 chinoise, venu sp\u00e9cialement pour l&rsquo;occasion. En promouvant cet art mill\u00e9naire en Tunisie, P\u00e9kin esp\u00e8re renforcer les liens d&rsquo;amiti\u00e9 par l&rsquo;\u00e9ducation et par l&rsquo;\u00e9motion.<\/p>\n<p>Hichem Messaoudi, tout sourire, a salu\u00e9 une initiative \u00ab en phase avec l&rsquo;enthousiasme croissant des \u00e9tudiants tunisiens pour la langue et la culture chinoises \u00bb. Dans les couloirs de l&rsquo;Institut Confucius, on parle d\u00e9j\u00e0 de nouvelles vocations et de futurs ma\u00eetres calligraphes.<\/p>\n<p>Class\u00e9e patrimoine culturel immat\u00e9riel par l&rsquo;UNESCO depuis 2009, la calligraphie chinoise ne se contente pas de traverser les si\u00e8cles. D\u00e9sormais, elle franchit aussi les mers, pour \u00e9crire, en Tunisie, un chapitre d\u2019\u00e9changes humains et artistiques.<\/p>\n","protected":false},"excerpt":{"rendered":"<p>L\u2019Institut Confucius de Tunis lance un programme d&rsquo;enseignement de la calligraphie chinoise, en partenariat avec une maison d\u2019\u00e9dition acad\u00e9mique chinoise.<\/p>\n","protected":false},"author":3203,"featured_media":292308,"comment_status":"open","ping_status":"closed","sticky":false,"template":"","format":"standard","meta":{"footnotes":""},"categories":[44],"tags":[11261,11260,11259],"class_list":["post-221574","post","type-post","status-publish","format-standard","has-post-thumbnail","hentry","category-national","tag-beijing-normal-university","tag-institut-confucius-tunisie","tag-calligraphie-chinoise"],"yoast_head":"<!-- This site is optimized with the Yoast SEO Premium plugin v27.5 (Yoast SEO v27.5) - https:\/\/yoast.com\/product\/yoast-seo-premium-wordpress\/ -->\n<title>Entre Tunis et P\u00e9kin, une calligraphie de l\u2019amiti\u00e9 se dessine<\/title>\n<meta name=\"description\" content=\"L\u2019Institut Confucius de Tunis lance un programme d&#039;enseignement de la calligraphie chinoise, en partenariat avec une maison d\u2019\u00e9dition acad\u00e9mique chinoise.\" \/>\n<link rel=\"canonical\" href=\"https:\/\/www.webdo.tn\/fr\/actualite\/national\/entre-tunis-et-pekin-une-calligraphie-de-l-amitie-se-dessine\/221574\/\" \/>\n<meta property=\"og:locale\" content=\"fr_FR\" \/>\n<meta property=\"og:type\" content=\"article\" \/>\n<meta property=\"og:title\" content=\"Entre Tunis et P\u00e9kin, une calligraphie de l\u2019amiti\u00e9 se dessine\" \/>\n<meta property=\"og:description\" content=\"L\u2019Institut Confucius de Tunis lance un programme d&#039;enseignement de la calligraphie chinoise, en partenariat avec une maison d\u2019\u00e9dition acad\u00e9mique chinoise.\" \/>\n<meta property=\"og:url\" content=\"https:\/\/www.webdo.tn\/fr\/actualite\/national\/entre-tunis-et-pekin-une-calligraphie-de-l-amitie-se-dessine\/221574\/\" \/>\n<meta property=\"og:site_name\" content=\"webdo\" \/>\n<meta property=\"article:publisher\" content=\"https:\/\/www.facebook.com\/webdotn\" \/>\n<meta property=\"article:published_time\" content=\"2025-04-26T06:58:00+00:00\" \/>\n<meta property=\"og:image\" content=\"https:\/\/www.webdo.tn\/fr\/wp-content\/uploads\/2025\/04\/0e2e5f7692c4b0cbd32dcf20396abbde.webp\" \/>\n\t<meta property=\"og:image:width\" content=\"750\" \/>\n\t<meta property=\"og:image:height\" content=\"400\" \/>\n\t<meta property=\"og:image:type\" content=\"image\/webp\" \/>\n<meta name=\"author\" content=\"Ramzi Haddad\" \/>\n<meta name=\"twitter:card\" content=\"summary_large_image\" \/>\n<meta name=\"twitter:creator\" content=\"@webdo_tn\" \/>\n<meta name=\"twitter:site\" content=\"@webdo_tn\" \/>\n<meta name=\"twitter:label1\" content=\"\u00c9crit par\" \/>\n\t<meta name=\"twitter:data1\" content=\"Ramzi Haddad\" \/>\n\t<meta name=\"twitter:label2\" content=\"Dur\u00e9e de lecture estim\u00e9e\" \/>\n\t<meta name=\"twitter:data2\" content=\"1 minute\" \/>\n<script type=\"application\/ld+json\" class=\"yoast-schema-graph\">{\"@context\":\"https:\\\/\\\/schema.org\",\"@graph\":[{\"@type\":\"NewsArticle\",\"@id\":\"https:\\\/\\\/www.webdo.tn\\\/fr\\\/actualite\\\/national\\\/entre-tunis-et-pekin-une-calligraphie-de-l-amitie-se-dessine\\\/221574\\\/#article\",\"isPartOf\":{\"@id\":\"https:\\\/\\\/www.webdo.tn\\\/fr\\\/actualite\\\/national\\\/entre-tunis-et-pekin-une-calligraphie-de-l-amitie-se-dessine\\\/221574\\\/\"},\"author\":{\"name\":\"Ramzi Haddad\",\"@id\":\"https:\\\/\\\/www.webdo.tn\\\/fr\\\/#\\\/schema\\\/person\\\/5663044c25eb36d8f88ba5b653f12f8c\"},\"headline\":\"Entre Tunis et P\u00e9kin, une calligraphie de l\u2019amiti\u00e9 se dessine\",\"datePublished\":\"2025-04-26T06:58:00+00:00\",\"mainEntityOfPage\":{\"@id\":\"https:\\\/\\\/www.webdo.tn\\\/fr\\\/actualite\\\/national\\\/entre-tunis-et-pekin-une-calligraphie-de-l-amitie-se-dessine\\\/221574\\\/\"},\"wordCount\":289,\"commentCount\":0,\"publisher\":{\"@id\":\"https:\\\/\\\/www.webdo.tn\\\/fr\\\/#organization\"},\"image\":{\"@id\":\"https:\\\/\\\/www.webdo.tn\\\/fr\\\/actualite\\\/national\\\/entre-tunis-et-pekin-une-calligraphie-de-l-amitie-se-dessine\\\/221574\\\/#primaryimage\"},\"thumbnailUrl\":\"https:\\\/\\\/www.webdo.tn\\\/fr\\\/wp-content\\\/uploads\\\/2025\\\/04\\\/0e2e5f7692c4b0cbd32dcf20396abbde.webp\",\"keywords\":[\"'Beijing Normal University']\",\"'Institut Confucius Tunisie'\",\"['calligraphie chinoise'\"],\"articleSection\":[\"National\"],\"inLanguage\":\"fr-FR\"},{\"@type\":\"WebPage\",\"@id\":\"https:\\\/\\\/www.webdo.tn\\\/fr\\\/actualite\\\/national\\\/entre-tunis-et-pekin-une-calligraphie-de-l-amitie-se-dessine\\\/221574\\\/\",\"url\":\"https:\\\/\\\/www.webdo.tn\\\/fr\\\/actualite\\\/national\\\/entre-tunis-et-pekin-une-calligraphie-de-l-amitie-se-dessine\\\/221574\\\/\",\"name\":\"Entre Tunis et P\u00e9kin, une calligraphie de l\u2019amiti\u00e9 se dessine\",\"isPartOf\":{\"@id\":\"https:\\\/\\\/www.webdo.tn\\\/fr\\\/#website\"},\"primaryImageOfPage\":{\"@id\":\"https:\\\/\\\/www.webdo.tn\\\/fr\\\/actualite\\\/national\\\/entre-tunis-et-pekin-une-calligraphie-de-l-amitie-se-dessine\\\/221574\\\/#primaryimage\"},\"image\":{\"@id\":\"https:\\\/\\\/www.webdo.tn\\\/fr\\\/actualite\\\/national\\\/entre-tunis-et-pekin-une-calligraphie-de-l-amitie-se-dessine\\\/221574\\\/#primaryimage\"},\"thumbnailUrl\":\"https:\\\/\\\/www.webdo.tn\\\/fr\\\/wp-content\\\/uploads\\\/2025\\\/04\\\/0e2e5f7692c4b0cbd32dcf20396abbde.webp\",\"datePublished\":\"2025-04-26T06:58:00+00:00\",\"description\":\"L\u2019Institut Confucius de Tunis lance un programme d'enseignement de la calligraphie chinoise, en partenariat avec une maison d\u2019\u00e9dition acad\u00e9mique chinoise.\",\"breadcrumb\":{\"@id\":\"https:\\\/\\\/www.webdo.tn\\\/fr\\\/actualite\\\/national\\\/entre-tunis-et-pekin-une-calligraphie-de-l-amitie-se-dessine\\\/221574\\\/#breadcrumb\"},\"inLanguage\":\"fr-FR\",\"potentialAction\":[{\"@type\":\"ReadAction\",\"target\":[\"https:\\\/\\\/www.webdo.tn\\\/fr\\\/actualite\\\/national\\\/entre-tunis-et-pekin-une-calligraphie-de-l-amitie-se-dessine\\\/221574\\\/\"]}]},{\"@type\":\"ImageObject\",\"inLanguage\":\"fr-FR\",\"@id\":\"https:\\\/\\\/www.webdo.tn\\\/fr\\\/actualite\\\/national\\\/entre-tunis-et-pekin-une-calligraphie-de-l-amitie-se-dessine\\\/221574\\\/#primaryimage\",\"url\":\"https:\\\/\\\/www.webdo.tn\\\/fr\\\/wp-content\\\/uploads\\\/2025\\\/04\\\/0e2e5f7692c4b0cbd32dcf20396abbde.webp\",\"contentUrl\":\"https:\\\/\\\/www.webdo.tn\\\/fr\\\/wp-content\\\/uploads\\\/2025\\\/04\\\/0e2e5f7692c4b0cbd32dcf20396abbde.webp\",\"width\":750,\"height\":400,\"caption\":\"Entre Tunis et P\u00e9kin, une calligraphie de l\u2019amiti\u00e9 se dessine\"},{\"@type\":\"BreadcrumbList\",\"@id\":\"https:\\\/\\\/www.webdo.tn\\\/fr\\\/actualite\\\/national\\\/entre-tunis-et-pekin-une-calligraphie-de-l-amitie-se-dessine\\\/221574\\\/#breadcrumb\",\"itemListElement\":[{\"@type\":\"ListItem\",\"position\":1,\"name\":\"Accueil\",\"item\":\"https:\\\/\\\/www.webdo.tn\\\/fr\\\/\"},{\"@type\":\"ListItem\",\"position\":2,\"name\":\"Entre Tunis et P\u00e9kin, une calligraphie de l\u2019amiti\u00e9 se dessine\"}]},{\"@type\":\"WebSite\",\"@id\":\"https:\\\/\\\/www.webdo.tn\\\/fr\\\/#website\",\"url\":\"https:\\\/\\\/www.webdo.tn\\\/fr\\\/\",\"name\":\"webdo\",\"description\":\"Tunisie - News en Tunisie et \u00e0 l&#039;international sur Webdo.tn\",\"publisher\":{\"@id\":\"https:\\\/\\\/www.webdo.tn\\\/fr\\\/#organization\"},\"potentialAction\":[{\"@type\":\"SearchAction\",\"target\":{\"@type\":\"EntryPoint\",\"urlTemplate\":\"https:\\\/\\\/www.webdo.tn\\\/fr\\\/?s={search_term_string}\"},\"query-input\":{\"@type\":\"PropertyValueSpecification\",\"valueRequired\":true,\"valueName\":\"search_term_string\"}}],\"inLanguage\":\"fr-FR\"},{\"@type\":\"Organization\",\"@id\":\"https:\\\/\\\/www.webdo.tn\\\/fr\\\/#organization\",\"name\":\"Webdo\",\"alternateName\":\"Webdo.tn\",\"url\":\"https:\\\/\\\/www.webdo.tn\\\/fr\\\/\",\"logo\":{\"@type\":\"ImageObject\",\"inLanguage\":\"fr-FR\",\"@id\":\"https:\\\/\\\/www.webdo.tn\\\/fr\\\/#\\\/schema\\\/logo\\\/image\\\/\",\"url\":\"https:\\\/\\\/www.webdo.tn\\\/fr\\\/wp-content\\\/uploads\\\/2025\\\/06\\\/Webdo-Tunisie_168377.jpg\",\"contentUrl\":\"https:\\\/\\\/www.webdo.tn\\\/fr\\\/wp-content\\\/uploads\\\/2025\\\/06\\\/Webdo-Tunisie_168377.jpg\",\"width\":301,\"height\":301,\"caption\":\"Webdo\"},\"image\":{\"@id\":\"https:\\\/\\\/www.webdo.tn\\\/fr\\\/#\\\/schema\\\/logo\\\/image\\\/\"},\"sameAs\":[\"https:\\\/\\\/www.facebook.com\\\/webdotn\",\"https:\\\/\\\/x.com\\\/webdo_tn\"],\"description\":\"Webdo est un m\u00e9dia num\u00e9rique tunisien fond\u00e9 en 2010, sp\u00e9cialis\u00e9 dans l\u2019actualit\u00e9 nationale et internationale, l\u2019\u00e9conomie, la soci\u00e9t\u00e9 et les analyses politiques. Le site s\u2019adresse \u00e0 un large public francophone et couvre l\u2019information tunisienne en temps r\u00e9el.\",\"email\":\"redac@webdo.tn\",\"legalName\":\"YNJ SARL\",\"foundingDate\":\"2010-09-06\",\"numberOfEmployees\":{\"@type\":\"QuantitativeValue\",\"minValue\":\"11\",\"maxValue\":\"50\"}},{\"@type\":\"Person\",\"@id\":\"https:\\\/\\\/www.webdo.tn\\\/fr\\\/#\\\/schema\\\/person\\\/5663044c25eb36d8f88ba5b653f12f8c\",\"name\":\"Ramzi Haddad\",\"image\":{\"@type\":\"ImageObject\",\"inLanguage\":\"fr-FR\",\"@id\":\"https:\\\/\\\/www.webdo.tn\\\/fr\\\/wp-content\\\/uploads\\\/2026\\\/04\\\/ramzi-haddad_avatar-96x96.jpg\",\"url\":\"https:\\\/\\\/www.webdo.tn\\\/fr\\\/wp-content\\\/uploads\\\/2026\\\/04\\\/ramzi-haddad_avatar-96x96.jpg\",\"contentUrl\":\"https:\\\/\\\/www.webdo.tn\\\/fr\\\/wp-content\\\/uploads\\\/2026\\\/04\\\/ramzi-haddad_avatar-96x96.jpg\",\"caption\":\"Ramzi Haddad\"},\"description\":\"Signature \u00e9ditoriale de Walid Ben Youssef Ramzi Haddad est le pseudonyme \u00e9ditorial de Walid Ben Youssef, fondateur et g\u00e9rant de Webdo.tn. Cette signature est d\u00e9di\u00e9e \u00e0 la couverture de l'actualit\u00e9 nationale et internationale, ainsi qu'aux analyses des dynamiques num\u00e9riques. Ce profil b\u00e9n\u00e9ficie de l'expertise de Walid Ben Youssef, pionnier du web en Tunisie depuis 2000 et dipl\u00f4m\u00e9 en Math\u00e9matiques pures de l'Universit\u00e9 d'Oregon. \u00c0 travers cette signature, la r\u00e9daction de Webdo garantit une information structur\u00e9e et v\u00e9rifi\u00e9e, fid\u00e8le aux standards journalistiques du m\u00e9dia.\",\"url\":\"https:\\\/\\\/www.webdo.tn\\\/fr\\\/actualite\\\/author\\\/ramzi-haddad\\\/\"}]}<\/script>\n<!-- \/ Yoast SEO Premium plugin. -->","yoast_head_json":{"title":"Entre Tunis et P\u00e9kin, une calligraphie de l\u2019amiti\u00e9 se dessine","description":"L\u2019Institut Confucius de Tunis lance un programme d'enseignement de la calligraphie chinoise, en partenariat avec une maison d\u2019\u00e9dition acad\u00e9mique chinoise.","canonical":"https:\/\/www.webdo.tn\/fr\/actualite\/national\/entre-tunis-et-pekin-une-calligraphie-de-l-amitie-se-dessine\/221574\/","og_locale":"fr_FR","og_type":"article","og_title":"Entre Tunis et P\u00e9kin, une calligraphie de l\u2019amiti\u00e9 se dessine","og_description":"L\u2019Institut Confucius de Tunis lance un programme d'enseignement de la calligraphie chinoise, en partenariat avec une maison d\u2019\u00e9dition acad\u00e9mique chinoise.","og_url":"https:\/\/www.webdo.tn\/fr\/actualite\/national\/entre-tunis-et-pekin-une-calligraphie-de-l-amitie-se-dessine\/221574\/","og_site_name":"webdo","article_publisher":"https:\/\/www.facebook.com\/webdotn","article_published_time":"2025-04-26T06:58:00+00:00","og_image":[{"width":750,"height":400,"url":"https:\/\/www.webdo.tn\/fr\/wp-content\/uploads\/2025\/04\/0e2e5f7692c4b0cbd32dcf20396abbde.webp","type":"image\/webp"}],"author":"Ramzi Haddad","twitter_card":"summary_large_image","twitter_creator":"@webdo_tn","twitter_site":"@webdo_tn","twitter_misc":{"\u00c9crit par":"Ramzi Haddad","Dur\u00e9e de lecture estim\u00e9e":"1 minute"},"schema":{"@context":"https:\/\/schema.org","@graph":[{"@type":"NewsArticle","@id":"https:\/\/www.webdo.tn\/fr\/actualite\/national\/entre-tunis-et-pekin-une-calligraphie-de-l-amitie-se-dessine\/221574\/#article","isPartOf":{"@id":"https:\/\/www.webdo.tn\/fr\/actualite\/national\/entre-tunis-et-pekin-une-calligraphie-de-l-amitie-se-dessine\/221574\/"},"author":{"name":"Ramzi Haddad","@id":"https:\/\/www.webdo.tn\/fr\/#\/schema\/person\/5663044c25eb36d8f88ba5b653f12f8c"},"headline":"Entre Tunis et P\u00e9kin, une calligraphie de l\u2019amiti\u00e9 se dessine","datePublished":"2025-04-26T06:58:00+00:00","mainEntityOfPage":{"@id":"https:\/\/www.webdo.tn\/fr\/actualite\/national\/entre-tunis-et-pekin-une-calligraphie-de-l-amitie-se-dessine\/221574\/"},"wordCount":289,"commentCount":0,"publisher":{"@id":"https:\/\/www.webdo.tn\/fr\/#organization"},"image":{"@id":"https:\/\/www.webdo.tn\/fr\/actualite\/national\/entre-tunis-et-pekin-une-calligraphie-de-l-amitie-se-dessine\/221574\/#primaryimage"},"thumbnailUrl":"https:\/\/www.webdo.tn\/fr\/wp-content\/uploads\/2025\/04\/0e2e5f7692c4b0cbd32dcf20396abbde.webp","keywords":["'Beijing Normal University']","'Institut Confucius Tunisie'","['calligraphie chinoise'"],"articleSection":["National"],"inLanguage":"fr-FR"},{"@type":"WebPage","@id":"https:\/\/www.webdo.tn\/fr\/actualite\/national\/entre-tunis-et-pekin-une-calligraphie-de-l-amitie-se-dessine\/221574\/","url":"https:\/\/www.webdo.tn\/fr\/actualite\/national\/entre-tunis-et-pekin-une-calligraphie-de-l-amitie-se-dessine\/221574\/","name":"Entre Tunis et P\u00e9kin, une calligraphie de l\u2019amiti\u00e9 se dessine","isPartOf":{"@id":"https:\/\/www.webdo.tn\/fr\/#website"},"primaryImageOfPage":{"@id":"https:\/\/www.webdo.tn\/fr\/actualite\/national\/entre-tunis-et-pekin-une-calligraphie-de-l-amitie-se-dessine\/221574\/#primaryimage"},"image":{"@id":"https:\/\/www.webdo.tn\/fr\/actualite\/national\/entre-tunis-et-pekin-une-calligraphie-de-l-amitie-se-dessine\/221574\/#primaryimage"},"thumbnailUrl":"https:\/\/www.webdo.tn\/fr\/wp-content\/uploads\/2025\/04\/0e2e5f7692c4b0cbd32dcf20396abbde.webp","datePublished":"2025-04-26T06:58:00+00:00","description":"L\u2019Institut Confucius de Tunis lance un programme d'enseignement de la calligraphie chinoise, en partenariat avec une maison d\u2019\u00e9dition acad\u00e9mique chinoise.","breadcrumb":{"@id":"https:\/\/www.webdo.tn\/fr\/actualite\/national\/entre-tunis-et-pekin-une-calligraphie-de-l-amitie-se-dessine\/221574\/#breadcrumb"},"inLanguage":"fr-FR","potentialAction":[{"@type":"ReadAction","target":["https:\/\/www.webdo.tn\/fr\/actualite\/national\/entre-tunis-et-pekin-une-calligraphie-de-l-amitie-se-dessine\/221574\/"]}]},{"@type":"ImageObject","inLanguage":"fr-FR","@id":"https:\/\/www.webdo.tn\/fr\/actualite\/national\/entre-tunis-et-pekin-une-calligraphie-de-l-amitie-se-dessine\/221574\/#primaryimage","url":"https:\/\/www.webdo.tn\/fr\/wp-content\/uploads\/2025\/04\/0e2e5f7692c4b0cbd32dcf20396abbde.webp","contentUrl":"https:\/\/www.webdo.tn\/fr\/wp-content\/uploads\/2025\/04\/0e2e5f7692c4b0cbd32dcf20396abbde.webp","width":750,"height":400,"caption":"Entre Tunis et P\u00e9kin, une calligraphie de l\u2019amiti\u00e9 se dessine"},{"@type":"BreadcrumbList","@id":"https:\/\/www.webdo.tn\/fr\/actualite\/national\/entre-tunis-et-pekin-une-calligraphie-de-l-amitie-se-dessine\/221574\/#breadcrumb","itemListElement":[{"@type":"ListItem","position":1,"name":"Accueil","item":"https:\/\/www.webdo.tn\/fr\/"},{"@type":"ListItem","position":2,"name":"Entre Tunis et P\u00e9kin, une calligraphie de l\u2019amiti\u00e9 se dessine"}]},{"@type":"WebSite","@id":"https:\/\/www.webdo.tn\/fr\/#website","url":"https:\/\/www.webdo.tn\/fr\/","name":"webdo","description":"Tunisie - News en Tunisie et \u00e0 l&#039;international sur Webdo.tn","publisher":{"@id":"https:\/\/www.webdo.tn\/fr\/#organization"},"potentialAction":[{"@type":"SearchAction","target":{"@type":"EntryPoint","urlTemplate":"https:\/\/www.webdo.tn\/fr\/?s={search_term_string}"},"query-input":{"@type":"PropertyValueSpecification","valueRequired":true,"valueName":"search_term_string"}}],"inLanguage":"fr-FR"},{"@type":"Organization","@id":"https:\/\/www.webdo.tn\/fr\/#organization","name":"Webdo","alternateName":"Webdo.tn","url":"https:\/\/www.webdo.tn\/fr\/","logo":{"@type":"ImageObject","inLanguage":"fr-FR","@id":"https:\/\/www.webdo.tn\/fr\/#\/schema\/logo\/image\/","url":"https:\/\/www.webdo.tn\/fr\/wp-content\/uploads\/2025\/06\/Webdo-Tunisie_168377.jpg","contentUrl":"https:\/\/www.webdo.tn\/fr\/wp-content\/uploads\/2025\/06\/Webdo-Tunisie_168377.jpg","width":301,"height":301,"caption":"Webdo"},"image":{"@id":"https:\/\/www.webdo.tn\/fr\/#\/schema\/logo\/image\/"},"sameAs":["https:\/\/www.facebook.com\/webdotn","https:\/\/x.com\/webdo_tn"],"description":"Webdo est un m\u00e9dia num\u00e9rique tunisien fond\u00e9 en 2010, sp\u00e9cialis\u00e9 dans l\u2019actualit\u00e9 nationale et internationale, l\u2019\u00e9conomie, la soci\u00e9t\u00e9 et les analyses politiques. Le site s\u2019adresse \u00e0 un large public francophone et couvre l\u2019information tunisienne en temps r\u00e9el.","email":"redac@webdo.tn","legalName":"YNJ SARL","foundingDate":"2010-09-06","numberOfEmployees":{"@type":"QuantitativeValue","minValue":"11","maxValue":"50"}},{"@type":"Person","@id":"https:\/\/www.webdo.tn\/fr\/#\/schema\/person\/5663044c25eb36d8f88ba5b653f12f8c","name":"Ramzi Haddad","image":{"@type":"ImageObject","inLanguage":"fr-FR","@id":"https:\/\/www.webdo.tn\/fr\/wp-content\/uploads\/2026\/04\/ramzi-haddad_avatar-96x96.jpg","url":"https:\/\/www.webdo.tn\/fr\/wp-content\/uploads\/2026\/04\/ramzi-haddad_avatar-96x96.jpg","contentUrl":"https:\/\/www.webdo.tn\/fr\/wp-content\/uploads\/2026\/04\/ramzi-haddad_avatar-96x96.jpg","caption":"Ramzi Haddad"},"description":"Signature \u00e9ditoriale de Walid Ben Youssef Ramzi Haddad est le pseudonyme \u00e9ditorial de Walid Ben Youssef, fondateur et g\u00e9rant de Webdo.tn. Cette signature est d\u00e9di\u00e9e \u00e0 la couverture de l'actualit\u00e9 nationale et internationale, ainsi qu'aux analyses des dynamiques num\u00e9riques. Ce profil b\u00e9n\u00e9ficie de l'expertise de Walid Ben Youssef, pionnier du web en Tunisie depuis 2000 et dipl\u00f4m\u00e9 en Math\u00e9matiques pures de l'Universit\u00e9 d'Oregon. \u00c0 travers cette signature, la r\u00e9daction de Webdo garantit une information structur\u00e9e et v\u00e9rifi\u00e9e, fid\u00e8le aux standards journalistiques du m\u00e9dia.","url":"https:\/\/www.webdo.tn\/fr\/actualite\/author\/ramzi-haddad\/"}]}},"_links":{"self":[{"href":"https:\/\/www.webdo.tn\/fr\/wp-json\/wp\/v2\/posts\/221574","targetHints":{"allow":["GET"]}}],"collection":[{"href":"https:\/\/www.webdo.tn\/fr\/wp-json\/wp\/v2\/posts"}],"about":[{"href":"https:\/\/www.webdo.tn\/fr\/wp-json\/wp\/v2\/types\/post"}],"author":[{"embeddable":true,"href":"https:\/\/www.webdo.tn\/fr\/wp-json\/wp\/v2\/users\/3203"}],"replies":[{"embeddable":true,"href":"https:\/\/www.webdo.tn\/fr\/wp-json\/wp\/v2\/comments?post=221574"}],"version-history":[{"count":0,"href":"https:\/\/www.webdo.tn\/fr\/wp-json\/wp\/v2\/posts\/221574\/revisions"}],"wp:featuredmedia":[{"embeddable":true,"href":"https:\/\/www.webdo.tn\/fr\/wp-json\/wp\/v2\/media\/292308"}],"wp:attachment":[{"href":"https:\/\/www.webdo.tn\/fr\/wp-json\/wp\/v2\/media?parent=221574"}],"wp:term":[{"taxonomy":"category","embeddable":true,"href":"https:\/\/www.webdo.tn\/fr\/wp-json\/wp\/v2\/categories?post=221574"},{"taxonomy":"post_tag","embeddable":true,"href":"https:\/\/www.webdo.tn\/fr\/wp-json\/wp\/v2\/tags?post=221574"}],"curies":[{"name":"wp","href":"https:\/\/api.w.org\/{rel}","templated":true}]}}