{"id":221550,"date":"2025-04-25T10:20:00","date_gmt":"2025-04-25T10:20:00","guid":{"rendered":"https:\/\/www.webdo.tn\/fr\/blog\/2025\/04\/25\/tourisme-la-tunisie-mise-sur-un-rapprochement-strategique-avec-la-republique-tcheque\/"},"modified":"2025-05-20T21:40:33","modified_gmt":"2025-05-20T21:40:33","slug":"tourisme-la-tunisie-mise-sur-un-rapprochement-strategique-avec-la-republique-tcheque","status":"publish","type":"post","link":"https:\/\/www.webdo.tn\/fr\/actualite\/national\/tourisme-la-tunisie-mise-sur-un-rapprochement-strategique-avec-la-republique-tcheque\/221550\/","title":{"rendered":"Tourisme : La Tunisie mise sur un rapprochement strat\u00e9gique avec la R\u00e9publique Tch\u00e8que"},"content":{"rendered":"<p>Le ministre du Tourisme, Sofiene Tekaya, a re\u00e7u jeudi 24 avril au si\u00e8ge de son minist\u00e8re, Jan Lipavsk\u00fd, ministre des Affaires \u00e9trang\u00e8res de la R\u00e9publique tch\u00e8que, en visite officielle en Tunisie \u00e0 l\u2019invitation de son homologue tunisien, M. Mohamed Ali Nafti.<\/p>\n<p>\t\t\t\t\t\t\t\t\tCette visite s\u2019inscrit dans le cadre du renforcement des relations d\u2019amiti\u00e9 et de coop\u00e9ration entre la Tunisie et la Tch\u00e9quie, \u00e0 l\u2019approche du 70e anniversaire de l\u2019\u00e9tablissement des relations diplomatiques entre les deux pays, pr\u00e9vu en 2026. L\u2019accent a \u00e9t\u00e9 mis sur les domaines prioritaires, notamment le tourisme, les investissements et les \u00e9changes commerciaux.<\/p>\n<p>Lors de leur entretien, les deux ministres ont discut\u00e9 des perspectives de coop\u00e9ration bilat\u00e9rale dans les secteurs du tourisme et de l\u2019artisanat.<\/p>\n<p>Ils ont notamment abord\u00e9 les moyens d\u2019intensifier les flux touristiques entre les deux pays, de promouvoir la diversit\u00e9 de l\u2019offre touristique tunisienne, et de d\u00e9velopper la connectivit\u00e9 a\u00e9rienne sachant que chaque ann\u00e9e, la Tunisie accueille pr\u00e8s de 150 000 touristes tch\u00e8ques qui viennent profiter de la mer, du d\u00e9sert et de l&rsquo;histoire.<\/p>\n<p>La formation et l\u2019\u00e9change d\u2019expertise dans les domaines touristique et artisanal ont \u00e9galement \u00e9t\u00e9 au c\u0153ur des discussions.<\/p>\n<p>Les deux parties ont convenu de poursuivre les projets de coop\u00e9ration en cours, dans l\u2019int\u00e9r\u00eat commun des deux nations.<\/p>\n","protected":false},"excerpt":{"rendered":"<p>Rencontre \u00e0 Tunis entre les ministres du Tourisme tunisien et des Affaires \u00e9trang\u00e8res tch\u00e8ques pour renforcer la coop\u00e9ration bilat\u00e9rale en mati\u00e8re de tourisme,&#8230;<\/p>\n","protected":false},"author":3162,"featured_media":244365,"comment_status":"open","ping_status":"open","sticky":false,"template":"","format":"standard","meta":{"footnotes":""},"categories":[44],"tags":[2732,2942,2798,2608],"class_list":["post-221550","post","type-post","status-publish","format-standard","has-post-thumbnail","hentry","category-national","tag-cooperation","tag-republique-tcheque","tag-tourisme","tag-tunisie"],"yoast_head":"<!-- This site is optimized with the Yoast SEO Premium plugin v27.4 (Yoast SEO v27.5) - https:\/\/yoast.com\/product\/yoast-seo-premium-wordpress\/ -->\n<title>Tourisme : La Tunisie mise sur un rapprochement strat\u00e9gique avec la R\u00e9publique Tch\u00e8que<\/title>\n<meta name=\"description\" content=\"Rencontre \u00e0 Tunis entre les ministres du Tourisme tunisien et des Affaires \u00e9trang\u00e8res tch\u00e8ques pour renforcer la coop\u00e9ration bilat\u00e9rale en mati\u00e8re de tourisme,...\" \/>\n<link rel=\"canonical\" href=\"https:\/\/www.webdo.tn\/fr\/actualite\/national\/tourisme-la-tunisie-mise-sur-un-rapprochement-strategique-avec-la-republique-tcheque\/221550\/\" \/>\n<meta property=\"og:locale\" content=\"fr_FR\" \/>\n<meta property=\"og:type\" content=\"article\" \/>\n<meta property=\"og:title\" content=\"Tourisme : La Tunisie mise sur un rapprochement strat\u00e9gique avec la R\u00e9publique Tch\u00e8que\" \/>\n<meta property=\"og:description\" content=\"Rencontre \u00e0 Tunis entre les ministres du Tourisme tunisien et des Affaires \u00e9trang\u00e8res tch\u00e8ques pour renforcer la coop\u00e9ration bilat\u00e9rale en mati\u00e8re de tourisme,...\" \/>\n<meta property=\"og:url\" content=\"https:\/\/www.webdo.tn\/fr\/actualite\/national\/tourisme-la-tunisie-mise-sur-un-rapprochement-strategique-avec-la-republique-tcheque\/221550\/\" \/>\n<meta property=\"og:site_name\" content=\"webdo\" \/>\n<meta property=\"article:publisher\" content=\"https:\/\/www.facebook.com\/webdotn\" \/>\n<meta property=\"article:published_time\" content=\"2025-04-25T10:20:00+00:00\" \/>\n<meta property=\"article:modified_time\" content=\"2025-05-20T21:40:33+00:00\" \/>\n<meta property=\"og:image\" content=\"https:\/\/www.webdo.tn\/fr\/wp-content\/uploads\/2025\/05\/0d045f34e447a4de891e68d7a43b3f6a-4.webp\" \/>\n\t<meta property=\"og:image:width\" content=\"750\" \/>\n\t<meta property=\"og:image:height\" content=\"400\" \/>\n\t<meta property=\"og:image:type\" content=\"image\/webp\" \/>\n<meta name=\"author\" content=\"MC\" \/>\n<meta name=\"twitter:card\" content=\"summary_large_image\" \/>\n<meta name=\"twitter:creator\" content=\"@webdo_tn\" \/>\n<meta name=\"twitter:site\" content=\"@webdo_tn\" \/>\n<meta name=\"twitter:label1\" content=\"\u00c9crit par\" \/>\n\t<meta name=\"twitter:data1\" content=\"MC\" \/>\n\t<meta name=\"twitter:label2\" content=\"Dur\u00e9e de lecture estim\u00e9e\" \/>\n\t<meta name=\"twitter:data2\" content=\"1 minute\" \/>\n<script type=\"application\/ld+json\" class=\"yoast-schema-graph\">{\"@context\":\"https:\\\/\\\/schema.org\",\"@graph\":[{\"@type\":\"NewsArticle\",\"@id\":\"https:\\\/\\\/www.webdo.tn\\\/fr\\\/actualite\\\/national\\\/tourisme-la-tunisie-mise-sur-un-rapprochement-strategique-avec-la-republique-tcheque\\\/221550\\\/#article\",\"isPartOf\":{\"@id\":\"https:\\\/\\\/www.webdo.tn\\\/fr\\\/actualite\\\/national\\\/tourisme-la-tunisie-mise-sur-un-rapprochement-strategique-avec-la-republique-tcheque\\\/221550\\\/\"},\"author\":{\"name\":\"MC\",\"@id\":\"https:\\\/\\\/www.webdo.tn\\\/fr\\\/#\\\/schema\\\/person\\\/2c4929cbf5a809e3bd38617c6ce150f6\"},\"headline\":\"Tourisme : La Tunisie mise sur un rapprochement strat\u00e9gique avec la R\u00e9publique Tch\u00e8que\",\"datePublished\":\"2025-04-25T10:20:00+00:00\",\"dateModified\":\"2025-05-20T21:40:33+00:00\",\"mainEntityOfPage\":{\"@id\":\"https:\\\/\\\/www.webdo.tn\\\/fr\\\/actualite\\\/national\\\/tourisme-la-tunisie-mise-sur-un-rapprochement-strategique-avec-la-republique-tcheque\\\/221550\\\/\"},\"wordCount\":249,\"commentCount\":0,\"publisher\":{\"@id\":\"https:\\\/\\\/www.webdo.tn\\\/fr\\\/#organization\"},\"image\":{\"@id\":\"https:\\\/\\\/www.webdo.tn\\\/fr\\\/actualite\\\/national\\\/tourisme-la-tunisie-mise-sur-un-rapprochement-strategique-avec-la-republique-tcheque\\\/221550\\\/#primaryimage\"},\"thumbnailUrl\":\"https:\\\/\\\/www.webdo.tn\\\/fr\\\/wp-content\\\/uploads\\\/2025\\\/05\\\/0d045f34e447a4de891e68d7a43b3f6a-4.webp\",\"keywords\":[\"coop\u00e9ration\",\"R\u00e9publique tch\u00e9que\",\"Tourisme\",\"Tunisie\"],\"articleSection\":[\"National\"],\"inLanguage\":\"fr-FR\"},{\"@type\":\"WebPage\",\"@id\":\"https:\\\/\\\/www.webdo.tn\\\/fr\\\/actualite\\\/national\\\/tourisme-la-tunisie-mise-sur-un-rapprochement-strategique-avec-la-republique-tcheque\\\/221550\\\/\",\"url\":\"https:\\\/\\\/www.webdo.tn\\\/fr\\\/actualite\\\/national\\\/tourisme-la-tunisie-mise-sur-un-rapprochement-strategique-avec-la-republique-tcheque\\\/221550\\\/\",\"name\":\"Tourisme : La Tunisie mise sur un rapprochement strat\u00e9gique avec la R\u00e9publique Tch\u00e8que\",\"isPartOf\":{\"@id\":\"https:\\\/\\\/www.webdo.tn\\\/fr\\\/#website\"},\"primaryImageOfPage\":{\"@id\":\"https:\\\/\\\/www.webdo.tn\\\/fr\\\/actualite\\\/national\\\/tourisme-la-tunisie-mise-sur-un-rapprochement-strategique-avec-la-republique-tcheque\\\/221550\\\/#primaryimage\"},\"image\":{\"@id\":\"https:\\\/\\\/www.webdo.tn\\\/fr\\\/actualite\\\/national\\\/tourisme-la-tunisie-mise-sur-un-rapprochement-strategique-avec-la-republique-tcheque\\\/221550\\\/#primaryimage\"},\"thumbnailUrl\":\"https:\\\/\\\/www.webdo.tn\\\/fr\\\/wp-content\\\/uploads\\\/2025\\\/05\\\/0d045f34e447a4de891e68d7a43b3f6a-4.webp\",\"datePublished\":\"2025-04-25T10:20:00+00:00\",\"dateModified\":\"2025-05-20T21:40:33+00:00\",\"description\":\"Rencontre \u00e0 Tunis entre les ministres du Tourisme tunisien et des Affaires \u00e9trang\u00e8res tch\u00e8ques pour renforcer la coop\u00e9ration bilat\u00e9rale en mati\u00e8re de tourisme,...\",\"breadcrumb\":{\"@id\":\"https:\\\/\\\/www.webdo.tn\\\/fr\\\/actualite\\\/national\\\/tourisme-la-tunisie-mise-sur-un-rapprochement-strategique-avec-la-republique-tcheque\\\/221550\\\/#breadcrumb\"},\"inLanguage\":\"fr-FR\",\"potentialAction\":[{\"@type\":\"ReadAction\",\"target\":[\"https:\\\/\\\/www.webdo.tn\\\/fr\\\/actualite\\\/national\\\/tourisme-la-tunisie-mise-sur-un-rapprochement-strategique-avec-la-republique-tcheque\\\/221550\\\/\"]}]},{\"@type\":\"ImageObject\",\"inLanguage\":\"fr-FR\",\"@id\":\"https:\\\/\\\/www.webdo.tn\\\/fr\\\/actualite\\\/national\\\/tourisme-la-tunisie-mise-sur-un-rapprochement-strategique-avec-la-republique-tcheque\\\/221550\\\/#primaryimage\",\"url\":\"https:\\\/\\\/www.webdo.tn\\\/fr\\\/wp-content\\\/uploads\\\/2025\\\/05\\\/0d045f34e447a4de891e68d7a43b3f6a-4.webp\",\"contentUrl\":\"https:\\\/\\\/www.webdo.tn\\\/fr\\\/wp-content\\\/uploads\\\/2025\\\/05\\\/0d045f34e447a4de891e68d7a43b3f6a-4.webp\",\"width\":750,\"height\":400},{\"@type\":\"BreadcrumbList\",\"@id\":\"https:\\\/\\\/www.webdo.tn\\\/fr\\\/actualite\\\/national\\\/tourisme-la-tunisie-mise-sur-un-rapprochement-strategique-avec-la-republique-tcheque\\\/221550\\\/#breadcrumb\",\"itemListElement\":[{\"@type\":\"ListItem\",\"position\":1,\"name\":\"Accueil\",\"item\":\"https:\\\/\\\/www.webdo.tn\\\/fr\\\/\"},{\"@type\":\"ListItem\",\"position\":2,\"name\":\"Tourisme : La Tunisie mise sur un rapprochement strat\u00e9gique avec la R\u00e9publique Tch\u00e8que\"}]},{\"@type\":\"WebSite\",\"@id\":\"https:\\\/\\\/www.webdo.tn\\\/fr\\\/#website\",\"url\":\"https:\\\/\\\/www.webdo.tn\\\/fr\\\/\",\"name\":\"webdo\",\"description\":\"Tunisie - News en Tunisie et \u00e0 l&#039;international sur Webdo.tn\",\"publisher\":{\"@id\":\"https:\\\/\\\/www.webdo.tn\\\/fr\\\/#organization\"},\"potentialAction\":[{\"@type\":\"SearchAction\",\"target\":{\"@type\":\"EntryPoint\",\"urlTemplate\":\"https:\\\/\\\/www.webdo.tn\\\/fr\\\/?s={search_term_string}\"},\"query-input\":{\"@type\":\"PropertyValueSpecification\",\"valueRequired\":true,\"valueName\":\"search_term_string\"}}],\"inLanguage\":\"fr-FR\"},{\"@type\":\"Organization\",\"@id\":\"https:\\\/\\\/www.webdo.tn\\\/fr\\\/#organization\",\"name\":\"Webdo\",\"alternateName\":\"Webdo.tn\",\"url\":\"https:\\\/\\\/www.webdo.tn\\\/fr\\\/\",\"logo\":{\"@type\":\"ImageObject\",\"inLanguage\":\"fr-FR\",\"@id\":\"https:\\\/\\\/www.webdo.tn\\\/fr\\\/#\\\/schema\\\/logo\\\/image\\\/\",\"url\":\"https:\\\/\\\/www.webdo.tn\\\/fr\\\/wp-content\\\/uploads\\\/2025\\\/06\\\/Webdo-Tunisie_168377.jpg\",\"contentUrl\":\"https:\\\/\\\/www.webdo.tn\\\/fr\\\/wp-content\\\/uploads\\\/2025\\\/06\\\/Webdo-Tunisie_168377.jpg\",\"width\":301,\"height\":301,\"caption\":\"Webdo\"},\"image\":{\"@id\":\"https:\\\/\\\/www.webdo.tn\\\/fr\\\/#\\\/schema\\\/logo\\\/image\\\/\"},\"sameAs\":[\"https:\\\/\\\/www.facebook.com\\\/webdotn\",\"https:\\\/\\\/x.com\\\/webdo_tn\"],\"description\":\"Webdo est un m\u00e9dia num\u00e9rique tunisien fond\u00e9 en 2010, sp\u00e9cialis\u00e9 dans l\u2019actualit\u00e9 nationale et internationale, l\u2019\u00e9conomie, la soci\u00e9t\u00e9 et les analyses politiques. Le site s\u2019adresse \u00e0 un large public francophone et couvre l\u2019information tunisienne en temps r\u00e9el.\",\"email\":\"redac@webdo.tn\",\"legalName\":\"YNJ SARL\",\"foundingDate\":\"2010-09-06\",\"numberOfEmployees\":{\"@type\":\"QuantitativeValue\",\"minValue\":\"11\",\"maxValue\":\"50\"}},{\"@type\":\"Person\",\"@id\":\"https:\\\/\\\/www.webdo.tn\\\/fr\\\/#\\\/schema\\\/person\\\/2c4929cbf5a809e3bd38617c6ce150f6\",\"name\":\"MC\",\"image\":{\"@type\":\"ImageObject\",\"inLanguage\":\"fr-FR\",\"@id\":\"https:\\\/\\\/secure.gravatar.com\\\/avatar\\\/a545bbb6f84efdd5553dbbc2895e3ca8f1d12c5215e00a041c9670b54aa9b18a?s=96&d=mm&r=g\",\"url\":\"https:\\\/\\\/secure.gravatar.com\\\/avatar\\\/a545bbb6f84efdd5553dbbc2895e3ca8f1d12c5215e00a041c9670b54aa9b18a?s=96&d=mm&r=g\",\"contentUrl\":\"https:\\\/\\\/secure.gravatar.com\\\/avatar\\\/a545bbb6f84efdd5553dbbc2895e3ca8f1d12c5215e00a041c9670b54aa9b18a?s=96&d=mm&r=g\",\"caption\":\"MC\"},\"url\":\"https:\\\/\\\/www.webdo.tn\\\/fr\\\/actualite\\\/author\\\/mc\\\/\"}]}<\/script>\n<!-- \/ Yoast SEO Premium plugin. -->","yoast_head_json":{"title":"Tourisme : La Tunisie mise sur un rapprochement strat\u00e9gique avec la R\u00e9publique Tch\u00e8que","description":"Rencontre \u00e0 Tunis entre les ministres du Tourisme tunisien et des Affaires \u00e9trang\u00e8res tch\u00e8ques pour renforcer la coop\u00e9ration bilat\u00e9rale en mati\u00e8re de tourisme,...","canonical":"https:\/\/www.webdo.tn\/fr\/actualite\/national\/tourisme-la-tunisie-mise-sur-un-rapprochement-strategique-avec-la-republique-tcheque\/221550\/","og_locale":"fr_FR","og_type":"article","og_title":"Tourisme : La Tunisie mise sur un rapprochement strat\u00e9gique avec la R\u00e9publique Tch\u00e8que","og_description":"Rencontre \u00e0 Tunis entre les ministres du Tourisme tunisien et des Affaires \u00e9trang\u00e8res tch\u00e8ques pour renforcer la coop\u00e9ration bilat\u00e9rale en mati\u00e8re de tourisme,...","og_url":"https:\/\/www.webdo.tn\/fr\/actualite\/national\/tourisme-la-tunisie-mise-sur-un-rapprochement-strategique-avec-la-republique-tcheque\/221550\/","og_site_name":"webdo","article_publisher":"https:\/\/www.facebook.com\/webdotn","article_published_time":"2025-04-25T10:20:00+00:00","article_modified_time":"2025-05-20T21:40:33+00:00","og_image":[{"width":750,"height":400,"url":"https:\/\/www.webdo.tn\/fr\/wp-content\/uploads\/2025\/05\/0d045f34e447a4de891e68d7a43b3f6a-4.webp","type":"image\/webp"}],"author":"MC","twitter_card":"summary_large_image","twitter_creator":"@webdo_tn","twitter_site":"@webdo_tn","twitter_misc":{"\u00c9crit par":"MC","Dur\u00e9e de lecture estim\u00e9e":"1 minute"},"schema":{"@context":"https:\/\/schema.org","@graph":[{"@type":"NewsArticle","@id":"https:\/\/www.webdo.tn\/fr\/actualite\/national\/tourisme-la-tunisie-mise-sur-un-rapprochement-strategique-avec-la-republique-tcheque\/221550\/#article","isPartOf":{"@id":"https:\/\/www.webdo.tn\/fr\/actualite\/national\/tourisme-la-tunisie-mise-sur-un-rapprochement-strategique-avec-la-republique-tcheque\/221550\/"},"author":{"name":"MC","@id":"https:\/\/www.webdo.tn\/fr\/#\/schema\/person\/2c4929cbf5a809e3bd38617c6ce150f6"},"headline":"Tourisme : La Tunisie mise sur un rapprochement strat\u00e9gique avec la R\u00e9publique Tch\u00e8que","datePublished":"2025-04-25T10:20:00+00:00","dateModified":"2025-05-20T21:40:33+00:00","mainEntityOfPage":{"@id":"https:\/\/www.webdo.tn\/fr\/actualite\/national\/tourisme-la-tunisie-mise-sur-un-rapprochement-strategique-avec-la-republique-tcheque\/221550\/"},"wordCount":249,"commentCount":0,"publisher":{"@id":"https:\/\/www.webdo.tn\/fr\/#organization"},"image":{"@id":"https:\/\/www.webdo.tn\/fr\/actualite\/national\/tourisme-la-tunisie-mise-sur-un-rapprochement-strategique-avec-la-republique-tcheque\/221550\/#primaryimage"},"thumbnailUrl":"https:\/\/www.webdo.tn\/fr\/wp-content\/uploads\/2025\/05\/0d045f34e447a4de891e68d7a43b3f6a-4.webp","keywords":["coop\u00e9ration","R\u00e9publique tch\u00e9que","Tourisme","Tunisie"],"articleSection":["National"],"inLanguage":"fr-FR"},{"@type":"WebPage","@id":"https:\/\/www.webdo.tn\/fr\/actualite\/national\/tourisme-la-tunisie-mise-sur-un-rapprochement-strategique-avec-la-republique-tcheque\/221550\/","url":"https:\/\/www.webdo.tn\/fr\/actualite\/national\/tourisme-la-tunisie-mise-sur-un-rapprochement-strategique-avec-la-republique-tcheque\/221550\/","name":"Tourisme : La Tunisie mise sur un rapprochement strat\u00e9gique avec la R\u00e9publique Tch\u00e8que","isPartOf":{"@id":"https:\/\/www.webdo.tn\/fr\/#website"},"primaryImageOfPage":{"@id":"https:\/\/www.webdo.tn\/fr\/actualite\/national\/tourisme-la-tunisie-mise-sur-un-rapprochement-strategique-avec-la-republique-tcheque\/221550\/#primaryimage"},"image":{"@id":"https:\/\/www.webdo.tn\/fr\/actualite\/national\/tourisme-la-tunisie-mise-sur-un-rapprochement-strategique-avec-la-republique-tcheque\/221550\/#primaryimage"},"thumbnailUrl":"https:\/\/www.webdo.tn\/fr\/wp-content\/uploads\/2025\/05\/0d045f34e447a4de891e68d7a43b3f6a-4.webp","datePublished":"2025-04-25T10:20:00+00:00","dateModified":"2025-05-20T21:40:33+00:00","description":"Rencontre \u00e0 Tunis entre les ministres du Tourisme tunisien et des Affaires \u00e9trang\u00e8res tch\u00e8ques pour renforcer la coop\u00e9ration bilat\u00e9rale en mati\u00e8re de tourisme,...","breadcrumb":{"@id":"https:\/\/www.webdo.tn\/fr\/actualite\/national\/tourisme-la-tunisie-mise-sur-un-rapprochement-strategique-avec-la-republique-tcheque\/221550\/#breadcrumb"},"inLanguage":"fr-FR","potentialAction":[{"@type":"ReadAction","target":["https:\/\/www.webdo.tn\/fr\/actualite\/national\/tourisme-la-tunisie-mise-sur-un-rapprochement-strategique-avec-la-republique-tcheque\/221550\/"]}]},{"@type":"ImageObject","inLanguage":"fr-FR","@id":"https:\/\/www.webdo.tn\/fr\/actualite\/national\/tourisme-la-tunisie-mise-sur-un-rapprochement-strategique-avec-la-republique-tcheque\/221550\/#primaryimage","url":"https:\/\/www.webdo.tn\/fr\/wp-content\/uploads\/2025\/05\/0d045f34e447a4de891e68d7a43b3f6a-4.webp","contentUrl":"https:\/\/www.webdo.tn\/fr\/wp-content\/uploads\/2025\/05\/0d045f34e447a4de891e68d7a43b3f6a-4.webp","width":750,"height":400},{"@type":"BreadcrumbList","@id":"https:\/\/www.webdo.tn\/fr\/actualite\/national\/tourisme-la-tunisie-mise-sur-un-rapprochement-strategique-avec-la-republique-tcheque\/221550\/#breadcrumb","itemListElement":[{"@type":"ListItem","position":1,"name":"Accueil","item":"https:\/\/www.webdo.tn\/fr\/"},{"@type":"ListItem","position":2,"name":"Tourisme : La Tunisie mise sur un rapprochement strat\u00e9gique avec la R\u00e9publique Tch\u00e8que"}]},{"@type":"WebSite","@id":"https:\/\/www.webdo.tn\/fr\/#website","url":"https:\/\/www.webdo.tn\/fr\/","name":"webdo","description":"Tunisie - News en Tunisie et \u00e0 l&#039;international sur Webdo.tn","publisher":{"@id":"https:\/\/www.webdo.tn\/fr\/#organization"},"potentialAction":[{"@type":"SearchAction","target":{"@type":"EntryPoint","urlTemplate":"https:\/\/www.webdo.tn\/fr\/?s={search_term_string}"},"query-input":{"@type":"PropertyValueSpecification","valueRequired":true,"valueName":"search_term_string"}}],"inLanguage":"fr-FR"},{"@type":"Organization","@id":"https:\/\/www.webdo.tn\/fr\/#organization","name":"Webdo","alternateName":"Webdo.tn","url":"https:\/\/www.webdo.tn\/fr\/","logo":{"@type":"ImageObject","inLanguage":"fr-FR","@id":"https:\/\/www.webdo.tn\/fr\/#\/schema\/logo\/image\/","url":"https:\/\/www.webdo.tn\/fr\/wp-content\/uploads\/2025\/06\/Webdo-Tunisie_168377.jpg","contentUrl":"https:\/\/www.webdo.tn\/fr\/wp-content\/uploads\/2025\/06\/Webdo-Tunisie_168377.jpg","width":301,"height":301,"caption":"Webdo"},"image":{"@id":"https:\/\/www.webdo.tn\/fr\/#\/schema\/logo\/image\/"},"sameAs":["https:\/\/www.facebook.com\/webdotn","https:\/\/x.com\/webdo_tn"],"description":"Webdo est un m\u00e9dia num\u00e9rique tunisien fond\u00e9 en 2010, sp\u00e9cialis\u00e9 dans l\u2019actualit\u00e9 nationale et internationale, l\u2019\u00e9conomie, la soci\u00e9t\u00e9 et les analyses politiques. Le site s\u2019adresse \u00e0 un large public francophone et couvre l\u2019information tunisienne en temps r\u00e9el.","email":"redac@webdo.tn","legalName":"YNJ SARL","foundingDate":"2010-09-06","numberOfEmployees":{"@type":"QuantitativeValue","minValue":"11","maxValue":"50"}},{"@type":"Person","@id":"https:\/\/www.webdo.tn\/fr\/#\/schema\/person\/2c4929cbf5a809e3bd38617c6ce150f6","name":"MC","image":{"@type":"ImageObject","inLanguage":"fr-FR","@id":"https:\/\/secure.gravatar.com\/avatar\/a545bbb6f84efdd5553dbbc2895e3ca8f1d12c5215e00a041c9670b54aa9b18a?s=96&d=mm&r=g","url":"https:\/\/secure.gravatar.com\/avatar\/a545bbb6f84efdd5553dbbc2895e3ca8f1d12c5215e00a041c9670b54aa9b18a?s=96&d=mm&r=g","contentUrl":"https:\/\/secure.gravatar.com\/avatar\/a545bbb6f84efdd5553dbbc2895e3ca8f1d12c5215e00a041c9670b54aa9b18a?s=96&d=mm&r=g","caption":"MC"},"url":"https:\/\/www.webdo.tn\/fr\/actualite\/author\/mc\/"}]}},"_links":{"self":[{"href":"https:\/\/www.webdo.tn\/fr\/wp-json\/wp\/v2\/posts\/221550","targetHints":{"allow":["GET"]}}],"collection":[{"href":"https:\/\/www.webdo.tn\/fr\/wp-json\/wp\/v2\/posts"}],"about":[{"href":"https:\/\/www.webdo.tn\/fr\/wp-json\/wp\/v2\/types\/post"}],"author":[{"embeddable":true,"href":"https:\/\/www.webdo.tn\/fr\/wp-json\/wp\/v2\/users\/3162"}],"replies":[{"embeddable":true,"href":"https:\/\/www.webdo.tn\/fr\/wp-json\/wp\/v2\/comments?post=221550"}],"version-history":[{"count":0,"href":"https:\/\/www.webdo.tn\/fr\/wp-json\/wp\/v2\/posts\/221550\/revisions"}],"wp:featuredmedia":[{"embeddable":true,"href":"https:\/\/www.webdo.tn\/fr\/wp-json\/wp\/v2\/media\/244365"}],"wp:attachment":[{"href":"https:\/\/www.webdo.tn\/fr\/wp-json\/wp\/v2\/media?parent=221550"}],"wp:term":[{"taxonomy":"category","embeddable":true,"href":"https:\/\/www.webdo.tn\/fr\/wp-json\/wp\/v2\/categories?post=221550"},{"taxonomy":"post_tag","embeddable":true,"href":"https:\/\/www.webdo.tn\/fr\/wp-json\/wp\/v2\/tags?post=221550"}],"curies":[{"name":"wp","href":"https:\/\/api.w.org\/{rel}","templated":true}]}}