{"id":221540,"date":"2025-04-25T07:38:00","date_gmt":"2025-04-25T07:38:00","guid":{"rendered":"https:\/\/www.webdo.tn\/fr\/blog\/tunisie-le-conseil-des-ministres-se-penche-sur-ces-dossiers\/221540\/"},"modified":"2025-05-20T22:23:28","modified_gmt":"2025-05-20T22:23:28","slug":"tunisie-le-conseil-des-ministres-se-penche-sur-ces-dossiers","status":"publish","type":"post","link":"https:\/\/www.webdo.tn\/fr\/actualite\/national\/tunisie-le-conseil-des-ministres-se-penche-sur-ces-dossiers\/221540\/","title":{"rendered":"Tunisie : Le conseil des ministres se penche sur ces dossiers"},"content":{"rendered":"<p>Le pr\u00e9sident de la R\u00e9publique, Ka\u00efs Sa\u00efed, a pr\u00e9sid\u00e9 jeudi matin une r\u00e9union du Conseil des ministres, au cours de laquelle plusieurs projets de lois et d\u00e9crets ont \u00e9t\u00e9 examin\u00e9s.<\/p>\n<p>\t\t\t\t\t\t\t\t\tDeux textes ont particuli\u00e8rement retenu l\u2019attention. Le premier concerne les modalit\u00e9s d\u2019intervention et de gestion du Fonds d\u2019indemnisation des dommages agricoles caus\u00e9s par les catastrophes naturelles. Ce dispositif vise \u00e0 soutenir les petits agriculteurs, souvent les plus vuln\u00e9rables face aux al\u00e9as climatiques, et \u00e0 renforcer leur r\u00e9silience.<\/p>\n<p>Le second projet de d\u00e9cret pr\u00e9voit des conditions et proc\u00e9dures sp\u00e9cifiques pour permettre aux entreprises industrielles de b\u00e9n\u00e9ficier d\u2019avantages fiscaux lors de l\u2019acquisition de bus destin\u00e9s au transport de leurs ouvriers.<\/p>\n<p>Ces mesures s\u2019inscrivent dans une logique de justice sociale, selon le communiqu\u00e9 de la pr\u00e9sidence, qui souligne l\u2019importance accord\u00e9e \u00e0 la fois \u00e0 la protection des petits exploitants agricoles et \u00e0 la dignit\u00e9 des travailleurs industriels, en leur assurant des droits pleins et entiers.<\/p>\n","protected":false},"excerpt":{"rendered":"<p>Le pr\u00e9sident Ka\u00efs Sa\u00efed a pr\u00e9sid\u00e9 un Conseil des ministres ax\u00e9 sur le soutien aux petits agriculteurs et aux ouvriers, \u00e0 travers de nouveaux projets de d\u00e9crets&#8230;<\/p>\n","protected":false},"author":3163,"featured_media":292297,"comment_status":"open","ping_status":"closed","sticky":false,"template":"","format":"standard","meta":{"footnotes":""},"categories":[44],"tags":[5449,2614,2608],"class_list":["post-221540","post","type-post","status-publish","format-standard","has-post-thumbnail","hentry","category-national","tag-conseil-des-ministres","tag-kais-saied","tag-tunisie"],"yoast_head":"<!-- This site is optimized with the Yoast SEO Premium plugin v27.5 (Yoast SEO v27.5) - https:\/\/yoast.com\/product\/yoast-seo-premium-wordpress\/ -->\n<title>Tunisie : Le conseil des ministres se penche sur ces dossiers<\/title>\n<meta name=\"description\" content=\"Le pr\u00e9sident Ka\u00efs Sa\u00efed a pr\u00e9sid\u00e9 un Conseil des ministres ax\u00e9 sur le soutien aux petits agriculteurs et aux ouvriers, \u00e0 travers de nouveaux projets de d\u00e9crets...\" \/>\n<link rel=\"canonical\" href=\"https:\/\/www.webdo.tn\/fr\/actualite\/national\/tunisie-le-conseil-des-ministres-se-penche-sur-ces-dossiers\/221540\/\" \/>\n<meta property=\"og:locale\" content=\"fr_FR\" \/>\n<meta property=\"og:type\" content=\"article\" \/>\n<meta property=\"og:title\" content=\"Tunisie : Le conseil des ministres se penche sur ces dossiers\" \/>\n<meta property=\"og:description\" content=\"Le pr\u00e9sident Ka\u00efs Sa\u00efed a pr\u00e9sid\u00e9 un Conseil des ministres ax\u00e9 sur le soutien aux petits agriculteurs et aux ouvriers, \u00e0 travers de nouveaux projets de d\u00e9crets...\" \/>\n<meta property=\"og:url\" content=\"https:\/\/www.webdo.tn\/fr\/actualite\/national\/tunisie-le-conseil-des-ministres-se-penche-sur-ces-dossiers\/221540\/\" \/>\n<meta property=\"og:site_name\" content=\"webdo\" \/>\n<meta property=\"article:publisher\" content=\"https:\/\/www.facebook.com\/webdotn\" \/>\n<meta property=\"article:published_time\" content=\"2025-04-25T07:38:00+00:00\" \/>\n<meta property=\"article:modified_time\" content=\"2025-05-20T22:23:28+00:00\" \/>\n<meta property=\"og:image\" content=\"https:\/\/www.webdo.tn\/fr\/wp-content\/uploads\/2025\/04\/76187cef225e44e1ecbd3ec596c92874.webp\" \/>\n\t<meta property=\"og:image:width\" content=\"750\" \/>\n\t<meta property=\"og:image:height\" content=\"400\" \/>\n\t<meta property=\"og:image:type\" content=\"image\/webp\" \/>\n<meta name=\"author\" content=\"KJ\" \/>\n<meta name=\"twitter:card\" content=\"summary_large_image\" \/>\n<meta name=\"twitter:creator\" content=\"@webdo_tn\" \/>\n<meta name=\"twitter:site\" content=\"@webdo_tn\" \/>\n<meta name=\"twitter:label1\" content=\"\u00c9crit par\" \/>\n\t<meta name=\"twitter:data1\" content=\"KJ\" \/>\n\t<meta name=\"twitter:label2\" content=\"Dur\u00e9e de lecture estim\u00e9e\" \/>\n\t<meta name=\"twitter:data2\" content=\"1 minute\" \/>\n<script type=\"application\/ld+json\" class=\"yoast-schema-graph\">{\"@context\":\"https:\\\/\\\/schema.org\",\"@graph\":[{\"@type\":\"NewsArticle\",\"@id\":\"https:\\\/\\\/www.webdo.tn\\\/fr\\\/actualite\\\/national\\\/tunisie-le-conseil-des-ministres-se-penche-sur-ces-dossiers\\\/221540\\\/#article\",\"isPartOf\":{\"@id\":\"https:\\\/\\\/www.webdo.tn\\\/fr\\\/actualite\\\/national\\\/tunisie-le-conseil-des-ministres-se-penche-sur-ces-dossiers\\\/221540\\\/\"},\"author\":{\"name\":\"KJ\",\"@id\":\"https:\\\/\\\/www.webdo.tn\\\/fr\\\/#\\\/schema\\\/person\\\/82ca085b22037d285e1a3c4b65ba5f71\"},\"headline\":\"Tunisie : Le conseil des ministres se penche sur ces dossiers\",\"datePublished\":\"2025-04-25T07:38:00+00:00\",\"dateModified\":\"2025-05-20T22:23:28+00:00\",\"mainEntityOfPage\":{\"@id\":\"https:\\\/\\\/www.webdo.tn\\\/fr\\\/actualite\\\/national\\\/tunisie-le-conseil-des-ministres-se-penche-sur-ces-dossiers\\\/221540\\\/\"},\"wordCount\":187,\"commentCount\":0,\"publisher\":{\"@id\":\"https:\\\/\\\/www.webdo.tn\\\/fr\\\/#organization\"},\"image\":{\"@id\":\"https:\\\/\\\/www.webdo.tn\\\/fr\\\/actualite\\\/national\\\/tunisie-le-conseil-des-ministres-se-penche-sur-ces-dossiers\\\/221540\\\/#primaryimage\"},\"thumbnailUrl\":\"https:\\\/\\\/www.webdo.tn\\\/fr\\\/wp-content\\\/uploads\\\/2025\\\/04\\\/76187cef225e44e1ecbd3ec596c92874.webp\",\"keywords\":[\"Conseil des ministres\",\"Kais Saied\",\"Tunisie\"],\"articleSection\":[\"National\"],\"inLanguage\":\"fr-FR\"},{\"@type\":\"WebPage\",\"@id\":\"https:\\\/\\\/www.webdo.tn\\\/fr\\\/actualite\\\/national\\\/tunisie-le-conseil-des-ministres-se-penche-sur-ces-dossiers\\\/221540\\\/\",\"url\":\"https:\\\/\\\/www.webdo.tn\\\/fr\\\/actualite\\\/national\\\/tunisie-le-conseil-des-ministres-se-penche-sur-ces-dossiers\\\/221540\\\/\",\"name\":\"Tunisie : Le conseil des ministres se penche sur ces dossiers\",\"isPartOf\":{\"@id\":\"https:\\\/\\\/www.webdo.tn\\\/fr\\\/#website\"},\"primaryImageOfPage\":{\"@id\":\"https:\\\/\\\/www.webdo.tn\\\/fr\\\/actualite\\\/national\\\/tunisie-le-conseil-des-ministres-se-penche-sur-ces-dossiers\\\/221540\\\/#primaryimage\"},\"image\":{\"@id\":\"https:\\\/\\\/www.webdo.tn\\\/fr\\\/actualite\\\/national\\\/tunisie-le-conseil-des-ministres-se-penche-sur-ces-dossiers\\\/221540\\\/#primaryimage\"},\"thumbnailUrl\":\"https:\\\/\\\/www.webdo.tn\\\/fr\\\/wp-content\\\/uploads\\\/2025\\\/04\\\/76187cef225e44e1ecbd3ec596c92874.webp\",\"datePublished\":\"2025-04-25T07:38:00+00:00\",\"dateModified\":\"2025-05-20T22:23:28+00:00\",\"description\":\"Le pr\u00e9sident Ka\u00efs Sa\u00efed a pr\u00e9sid\u00e9 un Conseil des ministres ax\u00e9 sur le soutien aux petits agriculteurs et aux ouvriers, \u00e0 travers de nouveaux projets de d\u00e9crets...\",\"breadcrumb\":{\"@id\":\"https:\\\/\\\/www.webdo.tn\\\/fr\\\/actualite\\\/national\\\/tunisie-le-conseil-des-ministres-se-penche-sur-ces-dossiers\\\/221540\\\/#breadcrumb\"},\"inLanguage\":\"fr-FR\",\"potentialAction\":[{\"@type\":\"ReadAction\",\"target\":[\"https:\\\/\\\/www.webdo.tn\\\/fr\\\/actualite\\\/national\\\/tunisie-le-conseil-des-ministres-se-penche-sur-ces-dossiers\\\/221540\\\/\"]}]},{\"@type\":\"ImageObject\",\"inLanguage\":\"fr-FR\",\"@id\":\"https:\\\/\\\/www.webdo.tn\\\/fr\\\/actualite\\\/national\\\/tunisie-le-conseil-des-ministres-se-penche-sur-ces-dossiers\\\/221540\\\/#primaryimage\",\"url\":\"https:\\\/\\\/www.webdo.tn\\\/fr\\\/wp-content\\\/uploads\\\/2025\\\/04\\\/76187cef225e44e1ecbd3ec596c92874.webp\",\"contentUrl\":\"https:\\\/\\\/www.webdo.tn\\\/fr\\\/wp-content\\\/uploads\\\/2025\\\/04\\\/76187cef225e44e1ecbd3ec596c92874.webp\",\"width\":750,\"height\":400,\"caption\":\"Tunisie : Le conseil des ministres se penche sur ces dossiers\"},{\"@type\":\"BreadcrumbList\",\"@id\":\"https:\\\/\\\/www.webdo.tn\\\/fr\\\/actualite\\\/national\\\/tunisie-le-conseil-des-ministres-se-penche-sur-ces-dossiers\\\/221540\\\/#breadcrumb\",\"itemListElement\":[{\"@type\":\"ListItem\",\"position\":1,\"name\":\"Accueil\",\"item\":\"https:\\\/\\\/www.webdo.tn\\\/fr\\\/\"},{\"@type\":\"ListItem\",\"position\":2,\"name\":\"Tunisie : Le conseil des ministres se penche sur ces dossiers\"}]},{\"@type\":\"WebSite\",\"@id\":\"https:\\\/\\\/www.webdo.tn\\\/fr\\\/#website\",\"url\":\"https:\\\/\\\/www.webdo.tn\\\/fr\\\/\",\"name\":\"webdo\",\"description\":\"Tunisie - News en Tunisie et \u00e0 l&#039;international sur Webdo.tn\",\"publisher\":{\"@id\":\"https:\\\/\\\/www.webdo.tn\\\/fr\\\/#organization\"},\"potentialAction\":[{\"@type\":\"SearchAction\",\"target\":{\"@type\":\"EntryPoint\",\"urlTemplate\":\"https:\\\/\\\/www.webdo.tn\\\/fr\\\/?s={search_term_string}\"},\"query-input\":{\"@type\":\"PropertyValueSpecification\",\"valueRequired\":true,\"valueName\":\"search_term_string\"}}],\"inLanguage\":\"fr-FR\"},{\"@type\":\"Organization\",\"@id\":\"https:\\\/\\\/www.webdo.tn\\\/fr\\\/#organization\",\"name\":\"Webdo\",\"alternateName\":\"Webdo.tn\",\"url\":\"https:\\\/\\\/www.webdo.tn\\\/fr\\\/\",\"logo\":{\"@type\":\"ImageObject\",\"inLanguage\":\"fr-FR\",\"@id\":\"https:\\\/\\\/www.webdo.tn\\\/fr\\\/#\\\/schema\\\/logo\\\/image\\\/\",\"url\":\"https:\\\/\\\/www.webdo.tn\\\/fr\\\/wp-content\\\/uploads\\\/2025\\\/06\\\/Webdo-Tunisie_168377.jpg\",\"contentUrl\":\"https:\\\/\\\/www.webdo.tn\\\/fr\\\/wp-content\\\/uploads\\\/2025\\\/06\\\/Webdo-Tunisie_168377.jpg\",\"width\":301,\"height\":301,\"caption\":\"Webdo\"},\"image\":{\"@id\":\"https:\\\/\\\/www.webdo.tn\\\/fr\\\/#\\\/schema\\\/logo\\\/image\\\/\"},\"sameAs\":[\"https:\\\/\\\/www.facebook.com\\\/webdotn\",\"https:\\\/\\\/x.com\\\/webdo_tn\"],\"description\":\"Webdo est un m\u00e9dia num\u00e9rique tunisien fond\u00e9 en 2010, sp\u00e9cialis\u00e9 dans l\u2019actualit\u00e9 nationale et internationale, l\u2019\u00e9conomie, la soci\u00e9t\u00e9 et les analyses politiques. Le site s\u2019adresse \u00e0 un large public francophone et couvre l\u2019information tunisienne en temps r\u00e9el.\",\"email\":\"redac@webdo.tn\",\"legalName\":\"YNJ SARL\",\"foundingDate\":\"2010-09-06\",\"numberOfEmployees\":{\"@type\":\"QuantitativeValue\",\"minValue\":\"11\",\"maxValue\":\"50\"}},{\"@type\":\"Person\",\"@id\":\"https:\\\/\\\/www.webdo.tn\\\/fr\\\/#\\\/schema\\\/person\\\/82ca085b22037d285e1a3c4b65ba5f71\",\"name\":\"KJ\",\"image\":{\"@type\":\"ImageObject\",\"inLanguage\":\"fr-FR\",\"@id\":\"https:\\\/\\\/secure.gravatar.com\\\/avatar\\\/1a1320de1c1971c893f00068f760b4113d69504aa21273da17ee95650c5944fd?s=96&d=mm&r=g\",\"url\":\"https:\\\/\\\/secure.gravatar.com\\\/avatar\\\/1a1320de1c1971c893f00068f760b4113d69504aa21273da17ee95650c5944fd?s=96&d=mm&r=g\",\"contentUrl\":\"https:\\\/\\\/secure.gravatar.com\\\/avatar\\\/1a1320de1c1971c893f00068f760b4113d69504aa21273da17ee95650c5944fd?s=96&d=mm&r=g\",\"caption\":\"KJ\"},\"url\":\"https:\\\/\\\/www.webdo.tn\\\/fr\\\/actualite\\\/author\\\/kj\\\/\"}]}<\/script>\n<!-- \/ Yoast SEO Premium plugin. -->","yoast_head_json":{"title":"Tunisie : Le conseil des ministres se penche sur ces dossiers","description":"Le pr\u00e9sident Ka\u00efs Sa\u00efed a pr\u00e9sid\u00e9 un Conseil des ministres ax\u00e9 sur le soutien aux petits agriculteurs et aux ouvriers, \u00e0 travers de nouveaux projets de d\u00e9crets...","canonical":"https:\/\/www.webdo.tn\/fr\/actualite\/national\/tunisie-le-conseil-des-ministres-se-penche-sur-ces-dossiers\/221540\/","og_locale":"fr_FR","og_type":"article","og_title":"Tunisie : Le conseil des ministres se penche sur ces dossiers","og_description":"Le pr\u00e9sident Ka\u00efs Sa\u00efed a pr\u00e9sid\u00e9 un Conseil des ministres ax\u00e9 sur le soutien aux petits agriculteurs et aux ouvriers, \u00e0 travers de nouveaux projets de d\u00e9crets...","og_url":"https:\/\/www.webdo.tn\/fr\/actualite\/national\/tunisie-le-conseil-des-ministres-se-penche-sur-ces-dossiers\/221540\/","og_site_name":"webdo","article_publisher":"https:\/\/www.facebook.com\/webdotn","article_published_time":"2025-04-25T07:38:00+00:00","article_modified_time":"2025-05-20T22:23:28+00:00","og_image":[{"width":750,"height":400,"url":"https:\/\/www.webdo.tn\/fr\/wp-content\/uploads\/2025\/04\/76187cef225e44e1ecbd3ec596c92874.webp","type":"image\/webp"}],"author":"KJ","twitter_card":"summary_large_image","twitter_creator":"@webdo_tn","twitter_site":"@webdo_tn","twitter_misc":{"\u00c9crit par":"KJ","Dur\u00e9e de lecture estim\u00e9e":"1 minute"},"schema":{"@context":"https:\/\/schema.org","@graph":[{"@type":"NewsArticle","@id":"https:\/\/www.webdo.tn\/fr\/actualite\/national\/tunisie-le-conseil-des-ministres-se-penche-sur-ces-dossiers\/221540\/#article","isPartOf":{"@id":"https:\/\/www.webdo.tn\/fr\/actualite\/national\/tunisie-le-conseil-des-ministres-se-penche-sur-ces-dossiers\/221540\/"},"author":{"name":"KJ","@id":"https:\/\/www.webdo.tn\/fr\/#\/schema\/person\/82ca085b22037d285e1a3c4b65ba5f71"},"headline":"Tunisie : Le conseil des ministres se penche sur ces dossiers","datePublished":"2025-04-25T07:38:00+00:00","dateModified":"2025-05-20T22:23:28+00:00","mainEntityOfPage":{"@id":"https:\/\/www.webdo.tn\/fr\/actualite\/national\/tunisie-le-conseil-des-ministres-se-penche-sur-ces-dossiers\/221540\/"},"wordCount":187,"commentCount":0,"publisher":{"@id":"https:\/\/www.webdo.tn\/fr\/#organization"},"image":{"@id":"https:\/\/www.webdo.tn\/fr\/actualite\/national\/tunisie-le-conseil-des-ministres-se-penche-sur-ces-dossiers\/221540\/#primaryimage"},"thumbnailUrl":"https:\/\/www.webdo.tn\/fr\/wp-content\/uploads\/2025\/04\/76187cef225e44e1ecbd3ec596c92874.webp","keywords":["Conseil des ministres","Kais Saied","Tunisie"],"articleSection":["National"],"inLanguage":"fr-FR"},{"@type":"WebPage","@id":"https:\/\/www.webdo.tn\/fr\/actualite\/national\/tunisie-le-conseil-des-ministres-se-penche-sur-ces-dossiers\/221540\/","url":"https:\/\/www.webdo.tn\/fr\/actualite\/national\/tunisie-le-conseil-des-ministres-se-penche-sur-ces-dossiers\/221540\/","name":"Tunisie : Le conseil des ministres se penche sur ces dossiers","isPartOf":{"@id":"https:\/\/www.webdo.tn\/fr\/#website"},"primaryImageOfPage":{"@id":"https:\/\/www.webdo.tn\/fr\/actualite\/national\/tunisie-le-conseil-des-ministres-se-penche-sur-ces-dossiers\/221540\/#primaryimage"},"image":{"@id":"https:\/\/www.webdo.tn\/fr\/actualite\/national\/tunisie-le-conseil-des-ministres-se-penche-sur-ces-dossiers\/221540\/#primaryimage"},"thumbnailUrl":"https:\/\/www.webdo.tn\/fr\/wp-content\/uploads\/2025\/04\/76187cef225e44e1ecbd3ec596c92874.webp","datePublished":"2025-04-25T07:38:00+00:00","dateModified":"2025-05-20T22:23:28+00:00","description":"Le pr\u00e9sident Ka\u00efs Sa\u00efed a pr\u00e9sid\u00e9 un Conseil des ministres ax\u00e9 sur le soutien aux petits agriculteurs et aux ouvriers, \u00e0 travers de nouveaux projets de d\u00e9crets...","breadcrumb":{"@id":"https:\/\/www.webdo.tn\/fr\/actualite\/national\/tunisie-le-conseil-des-ministres-se-penche-sur-ces-dossiers\/221540\/#breadcrumb"},"inLanguage":"fr-FR","potentialAction":[{"@type":"ReadAction","target":["https:\/\/www.webdo.tn\/fr\/actualite\/national\/tunisie-le-conseil-des-ministres-se-penche-sur-ces-dossiers\/221540\/"]}]},{"@type":"ImageObject","inLanguage":"fr-FR","@id":"https:\/\/www.webdo.tn\/fr\/actualite\/national\/tunisie-le-conseil-des-ministres-se-penche-sur-ces-dossiers\/221540\/#primaryimage","url":"https:\/\/www.webdo.tn\/fr\/wp-content\/uploads\/2025\/04\/76187cef225e44e1ecbd3ec596c92874.webp","contentUrl":"https:\/\/www.webdo.tn\/fr\/wp-content\/uploads\/2025\/04\/76187cef225e44e1ecbd3ec596c92874.webp","width":750,"height":400,"caption":"Tunisie : Le conseil des ministres se penche sur ces dossiers"},{"@type":"BreadcrumbList","@id":"https:\/\/www.webdo.tn\/fr\/actualite\/national\/tunisie-le-conseil-des-ministres-se-penche-sur-ces-dossiers\/221540\/#breadcrumb","itemListElement":[{"@type":"ListItem","position":1,"name":"Accueil","item":"https:\/\/www.webdo.tn\/fr\/"},{"@type":"ListItem","position":2,"name":"Tunisie : Le conseil des ministres se penche sur ces dossiers"}]},{"@type":"WebSite","@id":"https:\/\/www.webdo.tn\/fr\/#website","url":"https:\/\/www.webdo.tn\/fr\/","name":"webdo","description":"Tunisie - News en Tunisie et \u00e0 l&#039;international sur Webdo.tn","publisher":{"@id":"https:\/\/www.webdo.tn\/fr\/#organization"},"potentialAction":[{"@type":"SearchAction","target":{"@type":"EntryPoint","urlTemplate":"https:\/\/www.webdo.tn\/fr\/?s={search_term_string}"},"query-input":{"@type":"PropertyValueSpecification","valueRequired":true,"valueName":"search_term_string"}}],"inLanguage":"fr-FR"},{"@type":"Organization","@id":"https:\/\/www.webdo.tn\/fr\/#organization","name":"Webdo","alternateName":"Webdo.tn","url":"https:\/\/www.webdo.tn\/fr\/","logo":{"@type":"ImageObject","inLanguage":"fr-FR","@id":"https:\/\/www.webdo.tn\/fr\/#\/schema\/logo\/image\/","url":"https:\/\/www.webdo.tn\/fr\/wp-content\/uploads\/2025\/06\/Webdo-Tunisie_168377.jpg","contentUrl":"https:\/\/www.webdo.tn\/fr\/wp-content\/uploads\/2025\/06\/Webdo-Tunisie_168377.jpg","width":301,"height":301,"caption":"Webdo"},"image":{"@id":"https:\/\/www.webdo.tn\/fr\/#\/schema\/logo\/image\/"},"sameAs":["https:\/\/www.facebook.com\/webdotn","https:\/\/x.com\/webdo_tn"],"description":"Webdo est un m\u00e9dia num\u00e9rique tunisien fond\u00e9 en 2010, sp\u00e9cialis\u00e9 dans l\u2019actualit\u00e9 nationale et internationale, l\u2019\u00e9conomie, la soci\u00e9t\u00e9 et les analyses politiques. Le site s\u2019adresse \u00e0 un large public francophone et couvre l\u2019information tunisienne en temps r\u00e9el.","email":"redac@webdo.tn","legalName":"YNJ SARL","foundingDate":"2010-09-06","numberOfEmployees":{"@type":"QuantitativeValue","minValue":"11","maxValue":"50"}},{"@type":"Person","@id":"https:\/\/www.webdo.tn\/fr\/#\/schema\/person\/82ca085b22037d285e1a3c4b65ba5f71","name":"KJ","image":{"@type":"ImageObject","inLanguage":"fr-FR","@id":"https:\/\/secure.gravatar.com\/avatar\/1a1320de1c1971c893f00068f760b4113d69504aa21273da17ee95650c5944fd?s=96&d=mm&r=g","url":"https:\/\/secure.gravatar.com\/avatar\/1a1320de1c1971c893f00068f760b4113d69504aa21273da17ee95650c5944fd?s=96&d=mm&r=g","contentUrl":"https:\/\/secure.gravatar.com\/avatar\/1a1320de1c1971c893f00068f760b4113d69504aa21273da17ee95650c5944fd?s=96&d=mm&r=g","caption":"KJ"},"url":"https:\/\/www.webdo.tn\/fr\/actualite\/author\/kj\/"}]}},"_links":{"self":[{"href":"https:\/\/www.webdo.tn\/fr\/wp-json\/wp\/v2\/posts\/221540","targetHints":{"allow":["GET"]}}],"collection":[{"href":"https:\/\/www.webdo.tn\/fr\/wp-json\/wp\/v2\/posts"}],"about":[{"href":"https:\/\/www.webdo.tn\/fr\/wp-json\/wp\/v2\/types\/post"}],"author":[{"embeddable":true,"href":"https:\/\/www.webdo.tn\/fr\/wp-json\/wp\/v2\/users\/3163"}],"replies":[{"embeddable":true,"href":"https:\/\/www.webdo.tn\/fr\/wp-json\/wp\/v2\/comments?post=221540"}],"version-history":[{"count":0,"href":"https:\/\/www.webdo.tn\/fr\/wp-json\/wp\/v2\/posts\/221540\/revisions"}],"wp:featuredmedia":[{"embeddable":true,"href":"https:\/\/www.webdo.tn\/fr\/wp-json\/wp\/v2\/media\/292297"}],"wp:attachment":[{"href":"https:\/\/www.webdo.tn\/fr\/wp-json\/wp\/v2\/media?parent=221540"}],"wp:term":[{"taxonomy":"category","embeddable":true,"href":"https:\/\/www.webdo.tn\/fr\/wp-json\/wp\/v2\/categories?post=221540"},{"taxonomy":"post_tag","embeddable":true,"href":"https:\/\/www.webdo.tn\/fr\/wp-json\/wp\/v2\/tags?post=221540"}],"curies":[{"name":"wp","href":"https:\/\/api.w.org\/{rel}","templated":true}]}}