{"id":221533,"date":"2025-04-24T20:22:00","date_gmt":"2025-04-24T20:22:00","guid":{"rendered":"https:\/\/www.webdo.tn\/fr\/blog\/2025\/04\/24\/tunisie-l-ancien-ministre-et-diplomate-taher-sioud-s-eteint-a-87-ans\/"},"modified":"2025-05-20T21:40:40","modified_gmt":"2025-05-20T21:40:40","slug":"tunisie-l-ancien-ministre-et-diplomate-taher-sioud-s-eteint-a-87-ans","status":"publish","type":"post","link":"https:\/\/www.webdo.tn\/fr\/actualite\/national\/tunisie-l-ancien-ministre-et-diplomate-taher-sioud-s-eteint-a-87-ans\/221533\/","title":{"rendered":"Tunisie : L&rsquo;ancien ministre et diplomate Taher Sioud s&rsquo;\u00e9teint \u00e0 87 ans"},"content":{"rendered":"<p>La Tunisie a perdu, aujourd\u2019hui l\u2019une de ses figures les plus respect\u00e9es du monde diplomatique, \u00e9conomique et sportif. Taher Sioud, ancien ministre et ambassadeur, est d\u00e9c\u00e9d\u00e9 \u00e0 l\u2019\u00e2ge de 87 ans en France, marquant la fin d\u2019un parcours exceptionnel au service de son pays.<\/p>\n<p>\t\t\t\t\t\t\t\t\tSon d\u00e9c\u00e8s repr\u00e9sente une grande perte pour la nation, qui pleure la disparition d\u2019un homme ayant contribu\u00e9 de mani\u00e8re significative \u00e0 plusieurs sph\u00e8res de la vie publique tunisienne.<\/p>\n<p>Taher Sioud a marqu\u00e9 l\u2019histoire de la diplomatie tunisienne par ses nombreuses ann\u00e9es de service. Dipl\u00f4m\u00e9 en sciences \u00e9conomiques et en droit, il a d\u2019abord fait ses preuves dans le domaine \u00e9conomique avant de s\u2019engager pleinement dans la diplomatie tunisienne.<\/p>\n<p>Il a notamment occup\u00e9 le poste de vice-gouverneur de la Banque centrale de Tunisie, o\u00f9 il a jou\u00e9 un r\u00f4le crucial dans la gestion de la politique mon\u00e9taire et financi\u00e8re du pays.<\/p>\n<p>Son exp\u00e9rience au sein du minist\u00e8re des Affaires \u00e9trang\u00e8res l\u2019a conduit \u00e0 occuper plusieurs fonctions importantes. Secr\u00e9taire d\u2019\u00c9tat aux Affaires \u00e9trang\u00e8res, il a fait avancer la diplomatie tunisienne avant de devenir ministre du Commerce de 2003 \u00e0 2005. C\u2019est durant cette p\u00e9riode qu\u2019il a contribu\u00e9 \u00e0 plusieurs r\u00e9formes visant \u00e0 am\u00e9liorer les relations commerciales de la Tunisie sur le plan international.<\/p>\n<p>L\u2019un des points culminants de la carri\u00e8re diplomatique de Taher Sioud a \u00e9t\u00e9 son r\u00f4le en tant qu\u2019ambassadeur de Tunisie aux \u00c9mirats Arabes Unis, puis en Belgique et dans les pays du Benelux de 1995 \u00e0 1998. Ces missions ont \u00e9t\u00e9 l\u2019occasion pour lui de renforcer les relations bilat\u00e9rales entre la Tunisie et ces r\u00e9gions strat\u00e9giques, et de promouvoir les int\u00e9r\u00eats de son pays sur la sc\u00e8ne internationale.<\/p>\n<p>Il \u00e9tait connu pour son professionnalisme, sa rigueur et sa capacit\u00e9 \u00e0 \u00e9tablir des relations solides et durables avec ses homologues \u00e9trangers. Ces qualit\u00e9s lui ont permis de repr\u00e9senter la Tunisie avec dignit\u00e9 et efficacit\u00e9 \u00e0 l\u2019\u00e9chelle mondiale.<\/p>\n<p>Outre ses r\u00e9alisations dans le domaine diplomatique et \u00e9conomique, Taher Sioud avait \u00e9galement une passion profonde pour le sport, et plus particuli\u00e8rement pour le football. Cet amour pour le sport l\u2019a amen\u00e9 \u00e0 jouer un r\u00f4le d\u00e9terminant dans le d\u00e9veloppement du football en Tunisie. Il a ainsi pr\u00e9sid\u00e9 la F\u00e9d\u00e9ration tunisienne de football, o\u00f9 il a contribu\u00e9 \u00e0 l&rsquo;organisation et \u00e0 la gestion du football national, tout en soutenant les clubs et les initiatives visant \u00e0 promouvoir le sport en Tunisie.<\/p>\n<p>Son engagement dans ce domaine a fait de lui une personnalit\u00e9 tr\u00e8s respect\u00e9e et appr\u00e9ci\u00e9e des acteurs du football tunisien. De nombreux clubs et associations sportives se souviennent de son soutien ind\u00e9fectible au d\u00e9veloppement de cette discipline, qui est une source de fiert\u00e9 et de passion pour le peuple tunisien.<\/p>\n<p>La disparition de Taher Sioud laisse un vide profond, non seulement dans les sph\u00e8res diplomatique et \u00e9conomique, mais \u00e9galement dans le monde du sport tunisien. Homme de convictions et d\u2019engagement, il a toujours travaill\u00e9 dans le respect des valeurs et de l&rsquo;int\u00e9r\u00eat sup\u00e9rieur du pays.<\/p>\n<p>Ses fun\u00e9railles seront un moment solennel pour rendre hommage \u00e0 un homme qui a consacr\u00e9 sa vie au service de la Tunisie. Le ministre des Affaires \u00e9trang\u00e8res, ainsi que les hauts responsables du gouvernement, ont exprim\u00e9 leur tristesse et ont pr\u00e9sent\u00e9 leurs condol\u00e9ances \u00e0 la famille du d\u00e9funt.<\/p>\n<p>Des personnalit\u00e9s politiques et \u00e9conomiques de la r\u00e9gion, ainsi que des acteurs du sport tunisien, ont \u00e9galement exprim\u00e9 leur gratitude pour le travail accompli par Taher Sioud au fil de sa carri\u00e8re.<\/p>\n<p>Que son \u00e2me repose en paix !<\/p>\n","protected":false},"excerpt":{"rendered":"<p>Taher Sioud, ancien ministre et ambassadeur tunisien, est d\u00e9c\u00e9d\u00e9 le 24 avril 2025 \u00e0 l&rsquo;\u00e2ge de 87 ans. Diplomate, \u00e9conomiste et passionn\u00e9 de football, il a marqu\u00e9&#8230;<\/p>\n","protected":false},"author":3162,"featured_media":240940,"comment_status":"open","ping_status":"open","sticky":false,"template":"","format":"standard","meta":{"footnotes":""},"categories":[44],"tags":[2830,2990,2991,2608],"class_list":["post-221533","post","type-post","status-publish","format-standard","has-post-thumbnail","hentry","category-national","tag-deces","tag-diplomatie","tag-taher-sioud","tag-tunisie"],"yoast_head":"<!-- This site is optimized with the Yoast SEO Premium plugin v27.4 (Yoast SEO v27.5) - https:\/\/yoast.com\/product\/yoast-seo-premium-wordpress\/ -->\n<title>Tunisie : L&#039;ancien ministre et diplomate Taher Sioud s&#039;\u00e9teint \u00e0 87 ans<\/title>\n<meta name=\"description\" content=\"Taher Sioud, ancien ministre et ambassadeur tunisien, est d\u00e9c\u00e9d\u00e9 le 24 avril 2025 \u00e0 l&#039;\u00e2ge de 87 ans. Diplomate, \u00e9conomiste et passionn\u00e9 de football, il a marqu\u00e9...\" \/>\n<link rel=\"canonical\" href=\"https:\/\/www.webdo.tn\/fr\/actualite\/national\/tunisie-l-ancien-ministre-et-diplomate-taher-sioud-s-eteint-a-87-ans\/221533\/\" \/>\n<meta property=\"og:locale\" content=\"fr_FR\" \/>\n<meta property=\"og:type\" content=\"article\" \/>\n<meta property=\"og:title\" content=\"Tunisie : L&#039;ancien ministre et diplomate Taher Sioud s&#039;\u00e9teint \u00e0 87 ans\" \/>\n<meta property=\"og:description\" content=\"Taher Sioud, ancien ministre et ambassadeur tunisien, est d\u00e9c\u00e9d\u00e9 le 24 avril 2025 \u00e0 l&#039;\u00e2ge de 87 ans. Diplomate, \u00e9conomiste et passionn\u00e9 de football, il a marqu\u00e9...\" \/>\n<meta property=\"og:url\" content=\"https:\/\/www.webdo.tn\/fr\/actualite\/national\/tunisie-l-ancien-ministre-et-diplomate-taher-sioud-s-eteint-a-87-ans\/221533\/\" \/>\n<meta property=\"og:site_name\" content=\"webdo\" \/>\n<meta property=\"article:publisher\" content=\"https:\/\/www.facebook.com\/webdotn\" \/>\n<meta property=\"article:published_time\" content=\"2025-04-24T20:22:00+00:00\" \/>\n<meta property=\"article:modified_time\" content=\"2025-05-20T21:40:40+00:00\" \/>\n<meta property=\"og:image\" content=\"https:\/\/www.webdo.tn\/fr\/wp-content\/uploads\/2025\/05\/a571d410cd5f46ad5abf9ce1d473f4b4-3.webp\" \/>\n\t<meta property=\"og:image:width\" content=\"700\" \/>\n\t<meta property=\"og:image:height\" content=\"373\" \/>\n\t<meta property=\"og:image:type\" content=\"image\/webp\" \/>\n<meta name=\"author\" content=\"MC\" \/>\n<meta name=\"twitter:card\" content=\"summary_large_image\" \/>\n<meta name=\"twitter:creator\" content=\"@webdo_tn\" \/>\n<meta name=\"twitter:site\" content=\"@webdo_tn\" \/>\n<meta name=\"twitter:label1\" content=\"\u00c9crit par\" \/>\n\t<meta name=\"twitter:data1\" content=\"MC\" \/>\n\t<meta name=\"twitter:label2\" content=\"Dur\u00e9e de lecture estim\u00e9e\" \/>\n\t<meta name=\"twitter:data2\" content=\"3 minutes\" \/>\n<script type=\"application\/ld+json\" class=\"yoast-schema-graph\">{\"@context\":\"https:\\\/\\\/schema.org\",\"@graph\":[{\"@type\":\"NewsArticle\",\"@id\":\"https:\\\/\\\/www.webdo.tn\\\/fr\\\/actualite\\\/national\\\/tunisie-l-ancien-ministre-et-diplomate-taher-sioud-s-eteint-a-87-ans\\\/221533\\\/#article\",\"isPartOf\":{\"@id\":\"https:\\\/\\\/www.webdo.tn\\\/fr\\\/actualite\\\/national\\\/tunisie-l-ancien-ministre-et-diplomate-taher-sioud-s-eteint-a-87-ans\\\/221533\\\/\"},\"author\":{\"name\":\"MC\",\"@id\":\"https:\\\/\\\/www.webdo.tn\\\/fr\\\/#\\\/schema\\\/person\\\/2c4929cbf5a809e3bd38617c6ce150f6\"},\"headline\":\"Tunisie : L&rsquo;ancien ministre et diplomate Taher Sioud s&rsquo;\u00e9teint \u00e0 87 ans\",\"datePublished\":\"2025-04-24T20:22:00+00:00\",\"dateModified\":\"2025-05-20T21:40:40+00:00\",\"mainEntityOfPage\":{\"@id\":\"https:\\\/\\\/www.webdo.tn\\\/fr\\\/actualite\\\/national\\\/tunisie-l-ancien-ministre-et-diplomate-taher-sioud-s-eteint-a-87-ans\\\/221533\\\/\"},\"wordCount\":641,\"commentCount\":0,\"publisher\":{\"@id\":\"https:\\\/\\\/www.webdo.tn\\\/fr\\\/#organization\"},\"image\":{\"@id\":\"https:\\\/\\\/www.webdo.tn\\\/fr\\\/actualite\\\/national\\\/tunisie-l-ancien-ministre-et-diplomate-taher-sioud-s-eteint-a-87-ans\\\/221533\\\/#primaryimage\"},\"thumbnailUrl\":\"https:\\\/\\\/www.webdo.tn\\\/fr\\\/wp-content\\\/uploads\\\/2025\\\/05\\\/a571d410cd5f46ad5abf9ce1d473f4b4-3.webp\",\"keywords\":[\"D\u00e9c\u00e8s\",\"Diplomatie\",\"Taher Sioud\",\"Tunisie\"],\"articleSection\":[\"National\"],\"inLanguage\":\"fr-FR\"},{\"@type\":\"WebPage\",\"@id\":\"https:\\\/\\\/www.webdo.tn\\\/fr\\\/actualite\\\/national\\\/tunisie-l-ancien-ministre-et-diplomate-taher-sioud-s-eteint-a-87-ans\\\/221533\\\/\",\"url\":\"https:\\\/\\\/www.webdo.tn\\\/fr\\\/actualite\\\/national\\\/tunisie-l-ancien-ministre-et-diplomate-taher-sioud-s-eteint-a-87-ans\\\/221533\\\/\",\"name\":\"Tunisie : L'ancien ministre et diplomate Taher Sioud s'\u00e9teint \u00e0 87 ans\",\"isPartOf\":{\"@id\":\"https:\\\/\\\/www.webdo.tn\\\/fr\\\/#website\"},\"primaryImageOfPage\":{\"@id\":\"https:\\\/\\\/www.webdo.tn\\\/fr\\\/actualite\\\/national\\\/tunisie-l-ancien-ministre-et-diplomate-taher-sioud-s-eteint-a-87-ans\\\/221533\\\/#primaryimage\"},\"image\":{\"@id\":\"https:\\\/\\\/www.webdo.tn\\\/fr\\\/actualite\\\/national\\\/tunisie-l-ancien-ministre-et-diplomate-taher-sioud-s-eteint-a-87-ans\\\/221533\\\/#primaryimage\"},\"thumbnailUrl\":\"https:\\\/\\\/www.webdo.tn\\\/fr\\\/wp-content\\\/uploads\\\/2025\\\/05\\\/a571d410cd5f46ad5abf9ce1d473f4b4-3.webp\",\"datePublished\":\"2025-04-24T20:22:00+00:00\",\"dateModified\":\"2025-05-20T21:40:40+00:00\",\"description\":\"Taher Sioud, ancien ministre et ambassadeur tunisien, est d\u00e9c\u00e9d\u00e9 le 24 avril 2025 \u00e0 l'\u00e2ge de 87 ans. Diplomate, \u00e9conomiste et passionn\u00e9 de football, il a marqu\u00e9...\",\"breadcrumb\":{\"@id\":\"https:\\\/\\\/www.webdo.tn\\\/fr\\\/actualite\\\/national\\\/tunisie-l-ancien-ministre-et-diplomate-taher-sioud-s-eteint-a-87-ans\\\/221533\\\/#breadcrumb\"},\"inLanguage\":\"fr-FR\",\"potentialAction\":[{\"@type\":\"ReadAction\",\"target\":[\"https:\\\/\\\/www.webdo.tn\\\/fr\\\/actualite\\\/national\\\/tunisie-l-ancien-ministre-et-diplomate-taher-sioud-s-eteint-a-87-ans\\\/221533\\\/\"]}]},{\"@type\":\"ImageObject\",\"inLanguage\":\"fr-FR\",\"@id\":\"https:\\\/\\\/www.webdo.tn\\\/fr\\\/actualite\\\/national\\\/tunisie-l-ancien-ministre-et-diplomate-taher-sioud-s-eteint-a-87-ans\\\/221533\\\/#primaryimage\",\"url\":\"https:\\\/\\\/www.webdo.tn\\\/fr\\\/wp-content\\\/uploads\\\/2025\\\/05\\\/a571d410cd5f46ad5abf9ce1d473f4b4-3.webp\",\"contentUrl\":\"https:\\\/\\\/www.webdo.tn\\\/fr\\\/wp-content\\\/uploads\\\/2025\\\/05\\\/a571d410cd5f46ad5abf9ce1d473f4b4-3.webp\",\"width\":700,\"height\":373},{\"@type\":\"BreadcrumbList\",\"@id\":\"https:\\\/\\\/www.webdo.tn\\\/fr\\\/actualite\\\/national\\\/tunisie-l-ancien-ministre-et-diplomate-taher-sioud-s-eteint-a-87-ans\\\/221533\\\/#breadcrumb\",\"itemListElement\":[{\"@type\":\"ListItem\",\"position\":1,\"name\":\"Accueil\",\"item\":\"https:\\\/\\\/www.webdo.tn\\\/fr\\\/\"},{\"@type\":\"ListItem\",\"position\":2,\"name\":\"Tunisie : L&#8217;ancien ministre et diplomate Taher Sioud s&#8217;\u00e9teint \u00e0 87 ans\"}]},{\"@type\":\"WebSite\",\"@id\":\"https:\\\/\\\/www.webdo.tn\\\/fr\\\/#website\",\"url\":\"https:\\\/\\\/www.webdo.tn\\\/fr\\\/\",\"name\":\"webdo\",\"description\":\"Tunisie - News en Tunisie et \u00e0 l&#039;international sur Webdo.tn\",\"publisher\":{\"@id\":\"https:\\\/\\\/www.webdo.tn\\\/fr\\\/#organization\"},\"potentialAction\":[{\"@type\":\"SearchAction\",\"target\":{\"@type\":\"EntryPoint\",\"urlTemplate\":\"https:\\\/\\\/www.webdo.tn\\\/fr\\\/?s={search_term_string}\"},\"query-input\":{\"@type\":\"PropertyValueSpecification\",\"valueRequired\":true,\"valueName\":\"search_term_string\"}}],\"inLanguage\":\"fr-FR\"},{\"@type\":\"Organization\",\"@id\":\"https:\\\/\\\/www.webdo.tn\\\/fr\\\/#organization\",\"name\":\"Webdo\",\"alternateName\":\"Webdo.tn\",\"url\":\"https:\\\/\\\/www.webdo.tn\\\/fr\\\/\",\"logo\":{\"@type\":\"ImageObject\",\"inLanguage\":\"fr-FR\",\"@id\":\"https:\\\/\\\/www.webdo.tn\\\/fr\\\/#\\\/schema\\\/logo\\\/image\\\/\",\"url\":\"https:\\\/\\\/www.webdo.tn\\\/fr\\\/wp-content\\\/uploads\\\/2025\\\/06\\\/Webdo-Tunisie_168377.jpg\",\"contentUrl\":\"https:\\\/\\\/www.webdo.tn\\\/fr\\\/wp-content\\\/uploads\\\/2025\\\/06\\\/Webdo-Tunisie_168377.jpg\",\"width\":301,\"height\":301,\"caption\":\"Webdo\"},\"image\":{\"@id\":\"https:\\\/\\\/www.webdo.tn\\\/fr\\\/#\\\/schema\\\/logo\\\/image\\\/\"},\"sameAs\":[\"https:\\\/\\\/www.facebook.com\\\/webdotn\",\"https:\\\/\\\/x.com\\\/webdo_tn\"],\"description\":\"Webdo est un m\u00e9dia num\u00e9rique tunisien fond\u00e9 en 2010, sp\u00e9cialis\u00e9 dans l\u2019actualit\u00e9 nationale et internationale, l\u2019\u00e9conomie, la soci\u00e9t\u00e9 et les analyses politiques. Le site s\u2019adresse \u00e0 un large public francophone et couvre l\u2019information tunisienne en temps r\u00e9el.\",\"email\":\"redac@webdo.tn\",\"legalName\":\"YNJ SARL\",\"foundingDate\":\"2010-09-06\",\"numberOfEmployees\":{\"@type\":\"QuantitativeValue\",\"minValue\":\"11\",\"maxValue\":\"50\"}},{\"@type\":\"Person\",\"@id\":\"https:\\\/\\\/www.webdo.tn\\\/fr\\\/#\\\/schema\\\/person\\\/2c4929cbf5a809e3bd38617c6ce150f6\",\"name\":\"MC\",\"image\":{\"@type\":\"ImageObject\",\"inLanguage\":\"fr-FR\",\"@id\":\"https:\\\/\\\/secure.gravatar.com\\\/avatar\\\/a545bbb6f84efdd5553dbbc2895e3ca8f1d12c5215e00a041c9670b54aa9b18a?s=96&d=mm&r=g\",\"url\":\"https:\\\/\\\/secure.gravatar.com\\\/avatar\\\/a545bbb6f84efdd5553dbbc2895e3ca8f1d12c5215e00a041c9670b54aa9b18a?s=96&d=mm&r=g\",\"contentUrl\":\"https:\\\/\\\/secure.gravatar.com\\\/avatar\\\/a545bbb6f84efdd5553dbbc2895e3ca8f1d12c5215e00a041c9670b54aa9b18a?s=96&d=mm&r=g\",\"caption\":\"MC\"},\"url\":\"https:\\\/\\\/www.webdo.tn\\\/fr\\\/actualite\\\/author\\\/mc\\\/\"}]}<\/script>\n<!-- \/ Yoast SEO Premium plugin. -->","yoast_head_json":{"title":"Tunisie : L'ancien ministre et diplomate Taher Sioud s'\u00e9teint \u00e0 87 ans","description":"Taher Sioud, ancien ministre et ambassadeur tunisien, est d\u00e9c\u00e9d\u00e9 le 24 avril 2025 \u00e0 l'\u00e2ge de 87 ans. Diplomate, \u00e9conomiste et passionn\u00e9 de football, il a marqu\u00e9...","canonical":"https:\/\/www.webdo.tn\/fr\/actualite\/national\/tunisie-l-ancien-ministre-et-diplomate-taher-sioud-s-eteint-a-87-ans\/221533\/","og_locale":"fr_FR","og_type":"article","og_title":"Tunisie : L'ancien ministre et diplomate Taher Sioud s'\u00e9teint \u00e0 87 ans","og_description":"Taher Sioud, ancien ministre et ambassadeur tunisien, est d\u00e9c\u00e9d\u00e9 le 24 avril 2025 \u00e0 l'\u00e2ge de 87 ans. Diplomate, \u00e9conomiste et passionn\u00e9 de football, il a marqu\u00e9...","og_url":"https:\/\/www.webdo.tn\/fr\/actualite\/national\/tunisie-l-ancien-ministre-et-diplomate-taher-sioud-s-eteint-a-87-ans\/221533\/","og_site_name":"webdo","article_publisher":"https:\/\/www.facebook.com\/webdotn","article_published_time":"2025-04-24T20:22:00+00:00","article_modified_time":"2025-05-20T21:40:40+00:00","og_image":[{"width":700,"height":373,"url":"https:\/\/www.webdo.tn\/fr\/wp-content\/uploads\/2025\/05\/a571d410cd5f46ad5abf9ce1d473f4b4-3.webp","type":"image\/webp"}],"author":"MC","twitter_card":"summary_large_image","twitter_creator":"@webdo_tn","twitter_site":"@webdo_tn","twitter_misc":{"\u00c9crit par":"MC","Dur\u00e9e de lecture estim\u00e9e":"3 minutes"},"schema":{"@context":"https:\/\/schema.org","@graph":[{"@type":"NewsArticle","@id":"https:\/\/www.webdo.tn\/fr\/actualite\/national\/tunisie-l-ancien-ministre-et-diplomate-taher-sioud-s-eteint-a-87-ans\/221533\/#article","isPartOf":{"@id":"https:\/\/www.webdo.tn\/fr\/actualite\/national\/tunisie-l-ancien-ministre-et-diplomate-taher-sioud-s-eteint-a-87-ans\/221533\/"},"author":{"name":"MC","@id":"https:\/\/www.webdo.tn\/fr\/#\/schema\/person\/2c4929cbf5a809e3bd38617c6ce150f6"},"headline":"Tunisie : L&rsquo;ancien ministre et diplomate Taher Sioud s&rsquo;\u00e9teint \u00e0 87 ans","datePublished":"2025-04-24T20:22:00+00:00","dateModified":"2025-05-20T21:40:40+00:00","mainEntityOfPage":{"@id":"https:\/\/www.webdo.tn\/fr\/actualite\/national\/tunisie-l-ancien-ministre-et-diplomate-taher-sioud-s-eteint-a-87-ans\/221533\/"},"wordCount":641,"commentCount":0,"publisher":{"@id":"https:\/\/www.webdo.tn\/fr\/#organization"},"image":{"@id":"https:\/\/www.webdo.tn\/fr\/actualite\/national\/tunisie-l-ancien-ministre-et-diplomate-taher-sioud-s-eteint-a-87-ans\/221533\/#primaryimage"},"thumbnailUrl":"https:\/\/www.webdo.tn\/fr\/wp-content\/uploads\/2025\/05\/a571d410cd5f46ad5abf9ce1d473f4b4-3.webp","keywords":["D\u00e9c\u00e8s","Diplomatie","Taher Sioud","Tunisie"],"articleSection":["National"],"inLanguage":"fr-FR"},{"@type":"WebPage","@id":"https:\/\/www.webdo.tn\/fr\/actualite\/national\/tunisie-l-ancien-ministre-et-diplomate-taher-sioud-s-eteint-a-87-ans\/221533\/","url":"https:\/\/www.webdo.tn\/fr\/actualite\/national\/tunisie-l-ancien-ministre-et-diplomate-taher-sioud-s-eteint-a-87-ans\/221533\/","name":"Tunisie : L'ancien ministre et diplomate Taher Sioud s'\u00e9teint \u00e0 87 ans","isPartOf":{"@id":"https:\/\/www.webdo.tn\/fr\/#website"},"primaryImageOfPage":{"@id":"https:\/\/www.webdo.tn\/fr\/actualite\/national\/tunisie-l-ancien-ministre-et-diplomate-taher-sioud-s-eteint-a-87-ans\/221533\/#primaryimage"},"image":{"@id":"https:\/\/www.webdo.tn\/fr\/actualite\/national\/tunisie-l-ancien-ministre-et-diplomate-taher-sioud-s-eteint-a-87-ans\/221533\/#primaryimage"},"thumbnailUrl":"https:\/\/www.webdo.tn\/fr\/wp-content\/uploads\/2025\/05\/a571d410cd5f46ad5abf9ce1d473f4b4-3.webp","datePublished":"2025-04-24T20:22:00+00:00","dateModified":"2025-05-20T21:40:40+00:00","description":"Taher Sioud, ancien ministre et ambassadeur tunisien, est d\u00e9c\u00e9d\u00e9 le 24 avril 2025 \u00e0 l'\u00e2ge de 87 ans. Diplomate, \u00e9conomiste et passionn\u00e9 de football, il a marqu\u00e9...","breadcrumb":{"@id":"https:\/\/www.webdo.tn\/fr\/actualite\/national\/tunisie-l-ancien-ministre-et-diplomate-taher-sioud-s-eteint-a-87-ans\/221533\/#breadcrumb"},"inLanguage":"fr-FR","potentialAction":[{"@type":"ReadAction","target":["https:\/\/www.webdo.tn\/fr\/actualite\/national\/tunisie-l-ancien-ministre-et-diplomate-taher-sioud-s-eteint-a-87-ans\/221533\/"]}]},{"@type":"ImageObject","inLanguage":"fr-FR","@id":"https:\/\/www.webdo.tn\/fr\/actualite\/national\/tunisie-l-ancien-ministre-et-diplomate-taher-sioud-s-eteint-a-87-ans\/221533\/#primaryimage","url":"https:\/\/www.webdo.tn\/fr\/wp-content\/uploads\/2025\/05\/a571d410cd5f46ad5abf9ce1d473f4b4-3.webp","contentUrl":"https:\/\/www.webdo.tn\/fr\/wp-content\/uploads\/2025\/05\/a571d410cd5f46ad5abf9ce1d473f4b4-3.webp","width":700,"height":373},{"@type":"BreadcrumbList","@id":"https:\/\/www.webdo.tn\/fr\/actualite\/national\/tunisie-l-ancien-ministre-et-diplomate-taher-sioud-s-eteint-a-87-ans\/221533\/#breadcrumb","itemListElement":[{"@type":"ListItem","position":1,"name":"Accueil","item":"https:\/\/www.webdo.tn\/fr\/"},{"@type":"ListItem","position":2,"name":"Tunisie : L&#8217;ancien ministre et diplomate Taher Sioud s&#8217;\u00e9teint \u00e0 87 ans"}]},{"@type":"WebSite","@id":"https:\/\/www.webdo.tn\/fr\/#website","url":"https:\/\/www.webdo.tn\/fr\/","name":"webdo","description":"Tunisie - News en Tunisie et \u00e0 l&#039;international sur Webdo.tn","publisher":{"@id":"https:\/\/www.webdo.tn\/fr\/#organization"},"potentialAction":[{"@type":"SearchAction","target":{"@type":"EntryPoint","urlTemplate":"https:\/\/www.webdo.tn\/fr\/?s={search_term_string}"},"query-input":{"@type":"PropertyValueSpecification","valueRequired":true,"valueName":"search_term_string"}}],"inLanguage":"fr-FR"},{"@type":"Organization","@id":"https:\/\/www.webdo.tn\/fr\/#organization","name":"Webdo","alternateName":"Webdo.tn","url":"https:\/\/www.webdo.tn\/fr\/","logo":{"@type":"ImageObject","inLanguage":"fr-FR","@id":"https:\/\/www.webdo.tn\/fr\/#\/schema\/logo\/image\/","url":"https:\/\/www.webdo.tn\/fr\/wp-content\/uploads\/2025\/06\/Webdo-Tunisie_168377.jpg","contentUrl":"https:\/\/www.webdo.tn\/fr\/wp-content\/uploads\/2025\/06\/Webdo-Tunisie_168377.jpg","width":301,"height":301,"caption":"Webdo"},"image":{"@id":"https:\/\/www.webdo.tn\/fr\/#\/schema\/logo\/image\/"},"sameAs":["https:\/\/www.facebook.com\/webdotn","https:\/\/x.com\/webdo_tn"],"description":"Webdo est un m\u00e9dia num\u00e9rique tunisien fond\u00e9 en 2010, sp\u00e9cialis\u00e9 dans l\u2019actualit\u00e9 nationale et internationale, l\u2019\u00e9conomie, la soci\u00e9t\u00e9 et les analyses politiques. Le site s\u2019adresse \u00e0 un large public francophone et couvre l\u2019information tunisienne en temps r\u00e9el.","email":"redac@webdo.tn","legalName":"YNJ SARL","foundingDate":"2010-09-06","numberOfEmployees":{"@type":"QuantitativeValue","minValue":"11","maxValue":"50"}},{"@type":"Person","@id":"https:\/\/www.webdo.tn\/fr\/#\/schema\/person\/2c4929cbf5a809e3bd38617c6ce150f6","name":"MC","image":{"@type":"ImageObject","inLanguage":"fr-FR","@id":"https:\/\/secure.gravatar.com\/avatar\/a545bbb6f84efdd5553dbbc2895e3ca8f1d12c5215e00a041c9670b54aa9b18a?s=96&d=mm&r=g","url":"https:\/\/secure.gravatar.com\/avatar\/a545bbb6f84efdd5553dbbc2895e3ca8f1d12c5215e00a041c9670b54aa9b18a?s=96&d=mm&r=g","contentUrl":"https:\/\/secure.gravatar.com\/avatar\/a545bbb6f84efdd5553dbbc2895e3ca8f1d12c5215e00a041c9670b54aa9b18a?s=96&d=mm&r=g","caption":"MC"},"url":"https:\/\/www.webdo.tn\/fr\/actualite\/author\/mc\/"}]}},"_links":{"self":[{"href":"https:\/\/www.webdo.tn\/fr\/wp-json\/wp\/v2\/posts\/221533","targetHints":{"allow":["GET"]}}],"collection":[{"href":"https:\/\/www.webdo.tn\/fr\/wp-json\/wp\/v2\/posts"}],"about":[{"href":"https:\/\/www.webdo.tn\/fr\/wp-json\/wp\/v2\/types\/post"}],"author":[{"embeddable":true,"href":"https:\/\/www.webdo.tn\/fr\/wp-json\/wp\/v2\/users\/3162"}],"replies":[{"embeddable":true,"href":"https:\/\/www.webdo.tn\/fr\/wp-json\/wp\/v2\/comments?post=221533"}],"version-history":[{"count":0,"href":"https:\/\/www.webdo.tn\/fr\/wp-json\/wp\/v2\/posts\/221533\/revisions"}],"wp:featuredmedia":[{"embeddable":true,"href":"https:\/\/www.webdo.tn\/fr\/wp-json\/wp\/v2\/media\/240940"}],"wp:attachment":[{"href":"https:\/\/www.webdo.tn\/fr\/wp-json\/wp\/v2\/media?parent=221533"}],"wp:term":[{"taxonomy":"category","embeddable":true,"href":"https:\/\/www.webdo.tn\/fr\/wp-json\/wp\/v2\/categories?post=221533"},{"taxonomy":"post_tag","embeddable":true,"href":"https:\/\/www.webdo.tn\/fr\/wp-json\/wp\/v2\/tags?post=221533"}],"curies":[{"name":"wp","href":"https:\/\/api.w.org\/{rel}","templated":true}]}}