{"id":221531,"date":"2025-04-24T19:27:00","date_gmt":"2025-04-24T19:27:00","guid":{"rendered":"https:\/\/www.webdo.tn\/fr\/blog\/2025\/04\/24\/tunisie-sidi-bouzid-une-fillette-meurt-en-tombant-d-une-camionnette-sur-le-chemin-de-l-ecole\/"},"modified":"2025-05-20T21:40:39","modified_gmt":"2025-05-20T21:40:39","slug":"tunisie-sidi-bouzid-une-fillette-meurt-en-tombant-d-une-camionnette-sur-le-chemin-de-l-ecole","status":"publish","type":"post","link":"https:\/\/www.webdo.tn\/fr\/actualite\/regions\/tunisie-sidi-bouzid-une-fillette-meurt-en-tombant-d-une-camionnette-sur-le-chemin-de-l-ecole\/221531\/","title":{"rendered":"Tunisie &#8211; Sidi Bouzid : Une fillette meurt en tombant d\u2019une camionnette sur le chemin de l\u2019\u00e9cole"},"content":{"rendered":"<p>Une trag\u00e9die a endeuill\u00e9 la r\u00e9gion de S\u00e2adia, dans le gouvernorat de Sidi Bouzid, dans la matin\u00e9e du jeudi 24 avril 2025. Une \u00e9l\u00e8ve de 10 ans, en deuxi\u00e8me ann\u00e9e de l\u2019enseignement primaire, a perdu la vie apr\u00e8s avoir chut\u00e9 du coffre arri\u00e8re d\u2019une camionnette l\u00e9g\u00e8re utilis\u00e9e pour le transport scolaire.<\/p>\n<p>\t\t\t\t\t\t\t\t\tLe drame s\u2019est produit alors que la fillette se rendait \u00e0 l\u2019\u00e9cole en compagnie de sa s\u0153ur a\u00een\u00e9e, \u00e2g\u00e9e de 12 ans, \u00e0 bord du v\u00e9hicule. Selon les premiers \u00e9l\u00e9ments, les deux enfants \u00e9taient transport\u00e9es \u00e0 l\u2019arri\u00e8re du v\u00e9hicule.<\/p>\n<p>Alert\u00e9es, les unit\u00e9s de la protection civile de Regueb sont intervenues rapidement, \u00e9paul\u00e9es par une ambulance de l\u2019h\u00f4pital local. La jeune victime, gri\u00e8vement bless\u00e9e \u00e0 la t\u00eate, a \u00e9t\u00e9 prise en charge sur place, mais elle a succomb\u00e9 \u00e0 ses blessures durant son transfert vers l\u2019\u00e9tablissement hospitalier.<\/p>\n<p>Sa s\u0153ur, \u00e9galement bless\u00e9e dans l\u2019accident, a \u00e9t\u00e9 conduite \u00e0 l\u2019h\u00f4pital. Ses jours ne seraient pas en danger, selon les informations m\u00e9dicales disponibles.<\/p>\n<p>Ce drame relance une fois de plus la question de la s\u00e9curit\u00e9 des \u00e9l\u00e8ves dans les zones rurales, o\u00f9 le manque de moyens de transport ad\u00e9quats pousse de nombreuses familles \u00e0 recourir \u00e0 des solutions pr\u00e9caires, voire dangereuses.<\/p>\n<p>L\u2019utilisation de camionnettes ou de v\u00e9hicules non adapt\u00e9s reste fr\u00e9quente dans plusieurs r\u00e9gions de l\u2019int\u00e9rieur du pays, en d\u00e9pit des multiples appels \u00e0 la r\u00e9forme du transport scolaire.<\/p>\n","protected":false},"excerpt":{"rendered":"<p>Une \u00e9l\u00e8ve de 10 ans meurt apr\u00e8s \u00eatre tomb\u00e9e du coffre arri\u00e8re d\u2019une camionnette sur le chemin de l\u2019\u00e9cole \u00e0 Sidi Bouzid. Sa s\u0153ur est bless\u00e9e. Le drame soul\u00e8ve la&#8230;<\/p>\n","protected":false},"author":3162,"featured_media":240938,"comment_status":"open","ping_status":"open","sticky":false,"template":"","format":"standard","meta":{"footnotes":""},"categories":[2595],"tags":[2987,2989,2985,2955,2988,2986],"class_list":["post-221531","post","type-post","status-publish","format-standard","has-post-thumbnail","hentry","category-regions","tag-chute","tag-eleve","tag-mort","tag-sidi-bouzid","tag-transport-rural","tag-transport-scolaire"],"yoast_head":"<!-- This site is optimized with the Yoast SEO Premium plugin v27.5 (Yoast SEO v27.5) - https:\/\/yoast.com\/product\/yoast-seo-premium-wordpress\/ -->\n<title>Tunisie - Sidi Bouzid : Une fillette meurt en tombant d\u2019une camionnette sur le chemin de l\u2019\u00e9cole<\/title>\n<meta name=\"description\" content=\"Une \u00e9l\u00e8ve de 10 ans meurt apr\u00e8s \u00eatre tomb\u00e9e du coffre arri\u00e8re d\u2019une camionnette sur le chemin de l\u2019\u00e9cole \u00e0 Sidi Bouzid. Sa s\u0153ur est bless\u00e9e. Le drame soul\u00e8ve la...\" \/>\n<link rel=\"canonical\" href=\"https:\/\/www.webdo.tn\/fr\/actualite\/regions\/tunisie-sidi-bouzid-une-fillette-meurt-en-tombant-d-une-camionnette-sur-le-chemin-de-l-ecole\/221531\/\" \/>\n<meta property=\"og:locale\" content=\"fr_FR\" \/>\n<meta property=\"og:type\" content=\"article\" \/>\n<meta property=\"og:title\" content=\"Tunisie - Sidi Bouzid : Une fillette meurt en tombant d\u2019une camionnette sur le chemin de l\u2019\u00e9cole\" \/>\n<meta property=\"og:description\" content=\"Une \u00e9l\u00e8ve de 10 ans meurt apr\u00e8s \u00eatre tomb\u00e9e du coffre arri\u00e8re d\u2019une camionnette sur le chemin de l\u2019\u00e9cole \u00e0 Sidi Bouzid. Sa s\u0153ur est bless\u00e9e. Le drame soul\u00e8ve la...\" \/>\n<meta property=\"og:url\" content=\"https:\/\/www.webdo.tn\/fr\/actualite\/regions\/tunisie-sidi-bouzid-une-fillette-meurt-en-tombant-d-une-camionnette-sur-le-chemin-de-l-ecole\/221531\/\" \/>\n<meta property=\"og:site_name\" content=\"webdo\" \/>\n<meta property=\"article:publisher\" content=\"https:\/\/www.facebook.com\/webdotn\" \/>\n<meta property=\"article:published_time\" content=\"2025-04-24T19:27:00+00:00\" \/>\n<meta property=\"article:modified_time\" content=\"2025-05-20T21:40:39+00:00\" \/>\n<meta property=\"og:image\" content=\"https:\/\/www.webdo.tn\/fr\/wp-content\/uploads\/2025\/05\/4e40a767391fd04febd581447394597a-3.webp\" \/>\n\t<meta property=\"og:image:width\" content=\"750\" \/>\n\t<meta property=\"og:image:height\" content=\"400\" \/>\n\t<meta property=\"og:image:type\" content=\"image\/webp\" \/>\n<meta name=\"author\" content=\"MC\" \/>\n<meta name=\"twitter:card\" content=\"summary_large_image\" \/>\n<meta name=\"twitter:creator\" content=\"@webdo_tn\" \/>\n<meta name=\"twitter:site\" content=\"@webdo_tn\" \/>\n<meta name=\"twitter:label1\" content=\"\u00c9crit par\" \/>\n\t<meta name=\"twitter:data1\" content=\"MC\" \/>\n\t<meta name=\"twitter:label2\" content=\"Dur\u00e9e de lecture estim\u00e9e\" \/>\n\t<meta name=\"twitter:data2\" content=\"1 minute\" \/>\n<script type=\"application\/ld+json\" class=\"yoast-schema-graph\">{\"@context\":\"https:\\\/\\\/schema.org\",\"@graph\":[{\"@type\":\"NewsArticle\",\"@id\":\"https:\\\/\\\/www.webdo.tn\\\/fr\\\/actualite\\\/regions\\\/tunisie-sidi-bouzid-une-fillette-meurt-en-tombant-d-une-camionnette-sur-le-chemin-de-l-ecole\\\/221531\\\/#article\",\"isPartOf\":{\"@id\":\"https:\\\/\\\/www.webdo.tn\\\/fr\\\/actualite\\\/regions\\\/tunisie-sidi-bouzid-une-fillette-meurt-en-tombant-d-une-camionnette-sur-le-chemin-de-l-ecole\\\/221531\\\/\"},\"author\":{\"name\":\"MC\",\"@id\":\"https:\\\/\\\/www.webdo.tn\\\/fr\\\/#\\\/schema\\\/person\\\/2c4929cbf5a809e3bd38617c6ce150f6\"},\"headline\":\"Tunisie &#8211; Sidi Bouzid : Une fillette meurt en tombant d\u2019une camionnette sur le chemin de l\u2019\u00e9cole\",\"datePublished\":\"2025-04-24T19:27:00+00:00\",\"dateModified\":\"2025-05-20T21:40:39+00:00\",\"mainEntityOfPage\":{\"@id\":\"https:\\\/\\\/www.webdo.tn\\\/fr\\\/actualite\\\/regions\\\/tunisie-sidi-bouzid-une-fillette-meurt-en-tombant-d-une-camionnette-sur-le-chemin-de-l-ecole\\\/221531\\\/\"},\"wordCount\":285,\"commentCount\":0,\"publisher\":{\"@id\":\"https:\\\/\\\/www.webdo.tn\\\/fr\\\/#organization\"},\"image\":{\"@id\":\"https:\\\/\\\/www.webdo.tn\\\/fr\\\/actualite\\\/regions\\\/tunisie-sidi-bouzid-une-fillette-meurt-en-tombant-d-une-camionnette-sur-le-chemin-de-l-ecole\\\/221531\\\/#primaryimage\"},\"thumbnailUrl\":\"https:\\\/\\\/www.webdo.tn\\\/fr\\\/wp-content\\\/uploads\\\/2025\\\/05\\\/4e40a767391fd04febd581447394597a-3.webp\",\"keywords\":[\"chute\",\"\u00e9l\u00e8ve\",\"mort\",\"Sidi Bouzid\",\"transport rural\",\"transport scolaire\"],\"articleSection\":[\"regions\"],\"inLanguage\":\"fr-FR\"},{\"@type\":\"WebPage\",\"@id\":\"https:\\\/\\\/www.webdo.tn\\\/fr\\\/actualite\\\/regions\\\/tunisie-sidi-bouzid-une-fillette-meurt-en-tombant-d-une-camionnette-sur-le-chemin-de-l-ecole\\\/221531\\\/\",\"url\":\"https:\\\/\\\/www.webdo.tn\\\/fr\\\/actualite\\\/regions\\\/tunisie-sidi-bouzid-une-fillette-meurt-en-tombant-d-une-camionnette-sur-le-chemin-de-l-ecole\\\/221531\\\/\",\"name\":\"Tunisie - Sidi Bouzid : Une fillette meurt en tombant d\u2019une camionnette sur le chemin de l\u2019\u00e9cole\",\"isPartOf\":{\"@id\":\"https:\\\/\\\/www.webdo.tn\\\/fr\\\/#website\"},\"primaryImageOfPage\":{\"@id\":\"https:\\\/\\\/www.webdo.tn\\\/fr\\\/actualite\\\/regions\\\/tunisie-sidi-bouzid-une-fillette-meurt-en-tombant-d-une-camionnette-sur-le-chemin-de-l-ecole\\\/221531\\\/#primaryimage\"},\"image\":{\"@id\":\"https:\\\/\\\/www.webdo.tn\\\/fr\\\/actualite\\\/regions\\\/tunisie-sidi-bouzid-une-fillette-meurt-en-tombant-d-une-camionnette-sur-le-chemin-de-l-ecole\\\/221531\\\/#primaryimage\"},\"thumbnailUrl\":\"https:\\\/\\\/www.webdo.tn\\\/fr\\\/wp-content\\\/uploads\\\/2025\\\/05\\\/4e40a767391fd04febd581447394597a-3.webp\",\"datePublished\":\"2025-04-24T19:27:00+00:00\",\"dateModified\":\"2025-05-20T21:40:39+00:00\",\"description\":\"Une \u00e9l\u00e8ve de 10 ans meurt apr\u00e8s \u00eatre tomb\u00e9e du coffre arri\u00e8re d\u2019une camionnette sur le chemin de l\u2019\u00e9cole \u00e0 Sidi Bouzid. Sa s\u0153ur est bless\u00e9e. Le drame soul\u00e8ve la...\",\"breadcrumb\":{\"@id\":\"https:\\\/\\\/www.webdo.tn\\\/fr\\\/actualite\\\/regions\\\/tunisie-sidi-bouzid-une-fillette-meurt-en-tombant-d-une-camionnette-sur-le-chemin-de-l-ecole\\\/221531\\\/#breadcrumb\"},\"inLanguage\":\"fr-FR\",\"potentialAction\":[{\"@type\":\"ReadAction\",\"target\":[\"https:\\\/\\\/www.webdo.tn\\\/fr\\\/actualite\\\/regions\\\/tunisie-sidi-bouzid-une-fillette-meurt-en-tombant-d-une-camionnette-sur-le-chemin-de-l-ecole\\\/221531\\\/\"]}]},{\"@type\":\"ImageObject\",\"inLanguage\":\"fr-FR\",\"@id\":\"https:\\\/\\\/www.webdo.tn\\\/fr\\\/actualite\\\/regions\\\/tunisie-sidi-bouzid-une-fillette-meurt-en-tombant-d-une-camionnette-sur-le-chemin-de-l-ecole\\\/221531\\\/#primaryimage\",\"url\":\"https:\\\/\\\/www.webdo.tn\\\/fr\\\/wp-content\\\/uploads\\\/2025\\\/05\\\/4e40a767391fd04febd581447394597a-3.webp\",\"contentUrl\":\"https:\\\/\\\/www.webdo.tn\\\/fr\\\/wp-content\\\/uploads\\\/2025\\\/05\\\/4e40a767391fd04febd581447394597a-3.webp\",\"width\":750,\"height\":400},{\"@type\":\"BreadcrumbList\",\"@id\":\"https:\\\/\\\/www.webdo.tn\\\/fr\\\/actualite\\\/regions\\\/tunisie-sidi-bouzid-une-fillette-meurt-en-tombant-d-une-camionnette-sur-le-chemin-de-l-ecole\\\/221531\\\/#breadcrumb\",\"itemListElement\":[{\"@type\":\"ListItem\",\"position\":1,\"name\":\"Accueil\",\"item\":\"https:\\\/\\\/www.webdo.tn\\\/fr\\\/\"},{\"@type\":\"ListItem\",\"position\":2,\"name\":\"Tunisie &#8211; Sidi Bouzid : Une fillette meurt en tombant d\u2019une camionnette sur le chemin de l\u2019\u00e9cole\"}]},{\"@type\":\"WebSite\",\"@id\":\"https:\\\/\\\/www.webdo.tn\\\/fr\\\/#website\",\"url\":\"https:\\\/\\\/www.webdo.tn\\\/fr\\\/\",\"name\":\"webdo\",\"description\":\"Tunisie - News en Tunisie et \u00e0 l&#039;international sur Webdo.tn\",\"publisher\":{\"@id\":\"https:\\\/\\\/www.webdo.tn\\\/fr\\\/#organization\"},\"potentialAction\":[{\"@type\":\"SearchAction\",\"target\":{\"@type\":\"EntryPoint\",\"urlTemplate\":\"https:\\\/\\\/www.webdo.tn\\\/fr\\\/?s={search_term_string}\"},\"query-input\":{\"@type\":\"PropertyValueSpecification\",\"valueRequired\":true,\"valueName\":\"search_term_string\"}}],\"inLanguage\":\"fr-FR\"},{\"@type\":\"Organization\",\"@id\":\"https:\\\/\\\/www.webdo.tn\\\/fr\\\/#organization\",\"name\":\"Webdo\",\"alternateName\":\"Webdo.tn\",\"url\":\"https:\\\/\\\/www.webdo.tn\\\/fr\\\/\",\"logo\":{\"@type\":\"ImageObject\",\"inLanguage\":\"fr-FR\",\"@id\":\"https:\\\/\\\/www.webdo.tn\\\/fr\\\/#\\\/schema\\\/logo\\\/image\\\/\",\"url\":\"https:\\\/\\\/www.webdo.tn\\\/fr\\\/wp-content\\\/uploads\\\/2025\\\/06\\\/Webdo-Tunisie_168377.jpg\",\"contentUrl\":\"https:\\\/\\\/www.webdo.tn\\\/fr\\\/wp-content\\\/uploads\\\/2025\\\/06\\\/Webdo-Tunisie_168377.jpg\",\"width\":301,\"height\":301,\"caption\":\"Webdo\"},\"image\":{\"@id\":\"https:\\\/\\\/www.webdo.tn\\\/fr\\\/#\\\/schema\\\/logo\\\/image\\\/\"},\"sameAs\":[\"https:\\\/\\\/www.facebook.com\\\/webdotn\",\"https:\\\/\\\/x.com\\\/webdo_tn\"],\"description\":\"Webdo est un m\u00e9dia num\u00e9rique tunisien fond\u00e9 en 2010, sp\u00e9cialis\u00e9 dans l\u2019actualit\u00e9 nationale et internationale, l\u2019\u00e9conomie, la soci\u00e9t\u00e9 et les analyses politiques. Le site s\u2019adresse \u00e0 un large public francophone et couvre l\u2019information tunisienne en temps r\u00e9el.\",\"email\":\"redac@webdo.tn\",\"legalName\":\"YNJ SARL\",\"foundingDate\":\"2010-09-06\",\"numberOfEmployees\":{\"@type\":\"QuantitativeValue\",\"minValue\":\"11\",\"maxValue\":\"50\"}},{\"@type\":\"Person\",\"@id\":\"https:\\\/\\\/www.webdo.tn\\\/fr\\\/#\\\/schema\\\/person\\\/2c4929cbf5a809e3bd38617c6ce150f6\",\"name\":\"MC\",\"image\":{\"@type\":\"ImageObject\",\"inLanguage\":\"fr-FR\",\"@id\":\"https:\\\/\\\/secure.gravatar.com\\\/avatar\\\/a545bbb6f84efdd5553dbbc2895e3ca8f1d12c5215e00a041c9670b54aa9b18a?s=96&d=mm&r=g\",\"url\":\"https:\\\/\\\/secure.gravatar.com\\\/avatar\\\/a545bbb6f84efdd5553dbbc2895e3ca8f1d12c5215e00a041c9670b54aa9b18a?s=96&d=mm&r=g\",\"contentUrl\":\"https:\\\/\\\/secure.gravatar.com\\\/avatar\\\/a545bbb6f84efdd5553dbbc2895e3ca8f1d12c5215e00a041c9670b54aa9b18a?s=96&d=mm&r=g\",\"caption\":\"MC\"},\"url\":\"https:\\\/\\\/www.webdo.tn\\\/fr\\\/actualite\\\/author\\\/mc\\\/\"}]}<\/script>\n<!-- \/ Yoast SEO Premium plugin. -->","yoast_head_json":{"title":"Tunisie - Sidi Bouzid : Une fillette meurt en tombant d\u2019une camionnette sur le chemin de l\u2019\u00e9cole","description":"Une \u00e9l\u00e8ve de 10 ans meurt apr\u00e8s \u00eatre tomb\u00e9e du coffre arri\u00e8re d\u2019une camionnette sur le chemin de l\u2019\u00e9cole \u00e0 Sidi Bouzid. Sa s\u0153ur est bless\u00e9e. Le drame soul\u00e8ve la...","canonical":"https:\/\/www.webdo.tn\/fr\/actualite\/regions\/tunisie-sidi-bouzid-une-fillette-meurt-en-tombant-d-une-camionnette-sur-le-chemin-de-l-ecole\/221531\/","og_locale":"fr_FR","og_type":"article","og_title":"Tunisie - Sidi Bouzid : Une fillette meurt en tombant d\u2019une camionnette sur le chemin de l\u2019\u00e9cole","og_description":"Une \u00e9l\u00e8ve de 10 ans meurt apr\u00e8s \u00eatre tomb\u00e9e du coffre arri\u00e8re d\u2019une camionnette sur le chemin de l\u2019\u00e9cole \u00e0 Sidi Bouzid. Sa s\u0153ur est bless\u00e9e. Le drame soul\u00e8ve la...","og_url":"https:\/\/www.webdo.tn\/fr\/actualite\/regions\/tunisie-sidi-bouzid-une-fillette-meurt-en-tombant-d-une-camionnette-sur-le-chemin-de-l-ecole\/221531\/","og_site_name":"webdo","article_publisher":"https:\/\/www.facebook.com\/webdotn","article_published_time":"2025-04-24T19:27:00+00:00","article_modified_time":"2025-05-20T21:40:39+00:00","og_image":[{"width":750,"height":400,"url":"https:\/\/www.webdo.tn\/fr\/wp-content\/uploads\/2025\/05\/4e40a767391fd04febd581447394597a-3.webp","type":"image\/webp"}],"author":"MC","twitter_card":"summary_large_image","twitter_creator":"@webdo_tn","twitter_site":"@webdo_tn","twitter_misc":{"\u00c9crit par":"MC","Dur\u00e9e de lecture estim\u00e9e":"1 minute"},"schema":{"@context":"https:\/\/schema.org","@graph":[{"@type":"NewsArticle","@id":"https:\/\/www.webdo.tn\/fr\/actualite\/regions\/tunisie-sidi-bouzid-une-fillette-meurt-en-tombant-d-une-camionnette-sur-le-chemin-de-l-ecole\/221531\/#article","isPartOf":{"@id":"https:\/\/www.webdo.tn\/fr\/actualite\/regions\/tunisie-sidi-bouzid-une-fillette-meurt-en-tombant-d-une-camionnette-sur-le-chemin-de-l-ecole\/221531\/"},"author":{"name":"MC","@id":"https:\/\/www.webdo.tn\/fr\/#\/schema\/person\/2c4929cbf5a809e3bd38617c6ce150f6"},"headline":"Tunisie &#8211; Sidi Bouzid : Une fillette meurt en tombant d\u2019une camionnette sur le chemin de l\u2019\u00e9cole","datePublished":"2025-04-24T19:27:00+00:00","dateModified":"2025-05-20T21:40:39+00:00","mainEntityOfPage":{"@id":"https:\/\/www.webdo.tn\/fr\/actualite\/regions\/tunisie-sidi-bouzid-une-fillette-meurt-en-tombant-d-une-camionnette-sur-le-chemin-de-l-ecole\/221531\/"},"wordCount":285,"commentCount":0,"publisher":{"@id":"https:\/\/www.webdo.tn\/fr\/#organization"},"image":{"@id":"https:\/\/www.webdo.tn\/fr\/actualite\/regions\/tunisie-sidi-bouzid-une-fillette-meurt-en-tombant-d-une-camionnette-sur-le-chemin-de-l-ecole\/221531\/#primaryimage"},"thumbnailUrl":"https:\/\/www.webdo.tn\/fr\/wp-content\/uploads\/2025\/05\/4e40a767391fd04febd581447394597a-3.webp","keywords":["chute","\u00e9l\u00e8ve","mort","Sidi Bouzid","transport rural","transport scolaire"],"articleSection":["regions"],"inLanguage":"fr-FR"},{"@type":"WebPage","@id":"https:\/\/www.webdo.tn\/fr\/actualite\/regions\/tunisie-sidi-bouzid-une-fillette-meurt-en-tombant-d-une-camionnette-sur-le-chemin-de-l-ecole\/221531\/","url":"https:\/\/www.webdo.tn\/fr\/actualite\/regions\/tunisie-sidi-bouzid-une-fillette-meurt-en-tombant-d-une-camionnette-sur-le-chemin-de-l-ecole\/221531\/","name":"Tunisie - Sidi Bouzid : Une fillette meurt en tombant d\u2019une camionnette sur le chemin de l\u2019\u00e9cole","isPartOf":{"@id":"https:\/\/www.webdo.tn\/fr\/#website"},"primaryImageOfPage":{"@id":"https:\/\/www.webdo.tn\/fr\/actualite\/regions\/tunisie-sidi-bouzid-une-fillette-meurt-en-tombant-d-une-camionnette-sur-le-chemin-de-l-ecole\/221531\/#primaryimage"},"image":{"@id":"https:\/\/www.webdo.tn\/fr\/actualite\/regions\/tunisie-sidi-bouzid-une-fillette-meurt-en-tombant-d-une-camionnette-sur-le-chemin-de-l-ecole\/221531\/#primaryimage"},"thumbnailUrl":"https:\/\/www.webdo.tn\/fr\/wp-content\/uploads\/2025\/05\/4e40a767391fd04febd581447394597a-3.webp","datePublished":"2025-04-24T19:27:00+00:00","dateModified":"2025-05-20T21:40:39+00:00","description":"Une \u00e9l\u00e8ve de 10 ans meurt apr\u00e8s \u00eatre tomb\u00e9e du coffre arri\u00e8re d\u2019une camionnette sur le chemin de l\u2019\u00e9cole \u00e0 Sidi Bouzid. Sa s\u0153ur est bless\u00e9e. Le drame soul\u00e8ve la...","breadcrumb":{"@id":"https:\/\/www.webdo.tn\/fr\/actualite\/regions\/tunisie-sidi-bouzid-une-fillette-meurt-en-tombant-d-une-camionnette-sur-le-chemin-de-l-ecole\/221531\/#breadcrumb"},"inLanguage":"fr-FR","potentialAction":[{"@type":"ReadAction","target":["https:\/\/www.webdo.tn\/fr\/actualite\/regions\/tunisie-sidi-bouzid-une-fillette-meurt-en-tombant-d-une-camionnette-sur-le-chemin-de-l-ecole\/221531\/"]}]},{"@type":"ImageObject","inLanguage":"fr-FR","@id":"https:\/\/www.webdo.tn\/fr\/actualite\/regions\/tunisie-sidi-bouzid-une-fillette-meurt-en-tombant-d-une-camionnette-sur-le-chemin-de-l-ecole\/221531\/#primaryimage","url":"https:\/\/www.webdo.tn\/fr\/wp-content\/uploads\/2025\/05\/4e40a767391fd04febd581447394597a-3.webp","contentUrl":"https:\/\/www.webdo.tn\/fr\/wp-content\/uploads\/2025\/05\/4e40a767391fd04febd581447394597a-3.webp","width":750,"height":400},{"@type":"BreadcrumbList","@id":"https:\/\/www.webdo.tn\/fr\/actualite\/regions\/tunisie-sidi-bouzid-une-fillette-meurt-en-tombant-d-une-camionnette-sur-le-chemin-de-l-ecole\/221531\/#breadcrumb","itemListElement":[{"@type":"ListItem","position":1,"name":"Accueil","item":"https:\/\/www.webdo.tn\/fr\/"},{"@type":"ListItem","position":2,"name":"Tunisie &#8211; Sidi Bouzid : Une fillette meurt en tombant d\u2019une camionnette sur le chemin de l\u2019\u00e9cole"}]},{"@type":"WebSite","@id":"https:\/\/www.webdo.tn\/fr\/#website","url":"https:\/\/www.webdo.tn\/fr\/","name":"webdo","description":"Tunisie - News en Tunisie et \u00e0 l&#039;international sur Webdo.tn","publisher":{"@id":"https:\/\/www.webdo.tn\/fr\/#organization"},"potentialAction":[{"@type":"SearchAction","target":{"@type":"EntryPoint","urlTemplate":"https:\/\/www.webdo.tn\/fr\/?s={search_term_string}"},"query-input":{"@type":"PropertyValueSpecification","valueRequired":true,"valueName":"search_term_string"}}],"inLanguage":"fr-FR"},{"@type":"Organization","@id":"https:\/\/www.webdo.tn\/fr\/#organization","name":"Webdo","alternateName":"Webdo.tn","url":"https:\/\/www.webdo.tn\/fr\/","logo":{"@type":"ImageObject","inLanguage":"fr-FR","@id":"https:\/\/www.webdo.tn\/fr\/#\/schema\/logo\/image\/","url":"https:\/\/www.webdo.tn\/fr\/wp-content\/uploads\/2025\/06\/Webdo-Tunisie_168377.jpg","contentUrl":"https:\/\/www.webdo.tn\/fr\/wp-content\/uploads\/2025\/06\/Webdo-Tunisie_168377.jpg","width":301,"height":301,"caption":"Webdo"},"image":{"@id":"https:\/\/www.webdo.tn\/fr\/#\/schema\/logo\/image\/"},"sameAs":["https:\/\/www.facebook.com\/webdotn","https:\/\/x.com\/webdo_tn"],"description":"Webdo est un m\u00e9dia num\u00e9rique tunisien fond\u00e9 en 2010, sp\u00e9cialis\u00e9 dans l\u2019actualit\u00e9 nationale et internationale, l\u2019\u00e9conomie, la soci\u00e9t\u00e9 et les analyses politiques. Le site s\u2019adresse \u00e0 un large public francophone et couvre l\u2019information tunisienne en temps r\u00e9el.","email":"redac@webdo.tn","legalName":"YNJ SARL","foundingDate":"2010-09-06","numberOfEmployees":{"@type":"QuantitativeValue","minValue":"11","maxValue":"50"}},{"@type":"Person","@id":"https:\/\/www.webdo.tn\/fr\/#\/schema\/person\/2c4929cbf5a809e3bd38617c6ce150f6","name":"MC","image":{"@type":"ImageObject","inLanguage":"fr-FR","@id":"https:\/\/secure.gravatar.com\/avatar\/a545bbb6f84efdd5553dbbc2895e3ca8f1d12c5215e00a041c9670b54aa9b18a?s=96&d=mm&r=g","url":"https:\/\/secure.gravatar.com\/avatar\/a545bbb6f84efdd5553dbbc2895e3ca8f1d12c5215e00a041c9670b54aa9b18a?s=96&d=mm&r=g","contentUrl":"https:\/\/secure.gravatar.com\/avatar\/a545bbb6f84efdd5553dbbc2895e3ca8f1d12c5215e00a041c9670b54aa9b18a?s=96&d=mm&r=g","caption":"MC"},"url":"https:\/\/www.webdo.tn\/fr\/actualite\/author\/mc\/"}]}},"_links":{"self":[{"href":"https:\/\/www.webdo.tn\/fr\/wp-json\/wp\/v2\/posts\/221531","targetHints":{"allow":["GET"]}}],"collection":[{"href":"https:\/\/www.webdo.tn\/fr\/wp-json\/wp\/v2\/posts"}],"about":[{"href":"https:\/\/www.webdo.tn\/fr\/wp-json\/wp\/v2\/types\/post"}],"author":[{"embeddable":true,"href":"https:\/\/www.webdo.tn\/fr\/wp-json\/wp\/v2\/users\/3162"}],"replies":[{"embeddable":true,"href":"https:\/\/www.webdo.tn\/fr\/wp-json\/wp\/v2\/comments?post=221531"}],"version-history":[{"count":0,"href":"https:\/\/www.webdo.tn\/fr\/wp-json\/wp\/v2\/posts\/221531\/revisions"}],"wp:featuredmedia":[{"embeddable":true,"href":"https:\/\/www.webdo.tn\/fr\/wp-json\/wp\/v2\/media\/240938"}],"wp:attachment":[{"href":"https:\/\/www.webdo.tn\/fr\/wp-json\/wp\/v2\/media?parent=221531"}],"wp:term":[{"taxonomy":"category","embeddable":true,"href":"https:\/\/www.webdo.tn\/fr\/wp-json\/wp\/v2\/categories?post=221531"},{"taxonomy":"post_tag","embeddable":true,"href":"https:\/\/www.webdo.tn\/fr\/wp-json\/wp\/v2\/tags?post=221531"}],"curies":[{"name":"wp","href":"https:\/\/api.w.org\/{rel}","templated":true}]}}