{"id":221524,"date":"2025-04-24T14:33:00","date_gmt":"2025-04-24T14:33:00","guid":{"rendered":"https:\/\/www.webdo.tn\/fr\/blog\/2025\/04\/24\/moutons-de-l-aid-en-tunisie-le-prix-moyen-a-1-000-dt-l-algerie-regule-a-900-dt\/"},"modified":"2025-05-17T20:05:40","modified_gmt":"2025-05-17T20:05:40","slug":"moutons-de-l-aid-en-tunisie-le-prix-moyen-a-1-000-dt-l-algerie-regule-a-900-dt","status":"publish","type":"post","link":"https:\/\/www.webdo.tn\/fr\/actualite\/national\/moutons-de-l-aid-en-tunisie-le-prix-moyen-a-1-000-dt-l-algerie-regule-a-900-dt\/221524\/","title":{"rendered":"Moutons de l\u2019A\u00efd : en Tunisie, le prix moyen \u00e0 1 000 DT, l\u2019Alg\u00e9rie r\u00e9gule \u00e0 900 DT"},"content":{"rendered":"<p>\u00c0 l\u2019approche de l\u2019A\u00efd al-Adha, les Tunisiens sont confront\u00e9s \u00e0 une forte hausse des prix des moutons. Le prix du kilo se n\u00e9gocie entre 50 et 60 dinars, ce qui porte le co\u00fbt moyen d\u2019un agneau \u00e0 environ 1 000 dinars.<\/p>\n<p>\t\t\t\t\t\t\t\t\tCette flamb\u00e9e des prix est aliment\u00e9e par une baisse significative du cheptel national, tandis que les importations de viande ovine, principalement en provenance de Roumanie \u00e0 un prix de 38,2 dinars\/kg, ne suffisent pas \u00e0 r\u00e9guler le march\u00e9 local. Le pr\u00e9sident du Syndicat des agriculteurs de Tunisie, Dhaoui Midani, alerte sur cette situation et propose une solution \u00e0 long terme : relancer la production locale par l\u2019importation de femelles reproductrices pour reconstituer le cheptel, au lieu de d\u00e9pendre des solutions de derni\u00e8re minute.<\/p>\n<p>Pendant ce temps, l\u2019Alg\u00e9rie adopte une approche plus proactive en autorisant l\u2019importation d\u2019agneaux vivants en provenance d\u2019Espagne. Cette d\u00e9cision fait suite \u00e0 une baisse des exportations espagnoles vers le Maroc, o\u00f9 le roi Mohammed VI a pris la d\u00e9cision de ne pas c\u00e9l\u00e9brer l\u2019A\u00efd, appelant les citoyens \u00e0 la solidarit\u00e9 avec les plus d\u00e9munis. Le prix des agneaux au Maroc a alors atteint des sommets, d\u00e9passant les 6 000 dirhams, soit environ 4 800 dinars tunisiens, ce qui a entra\u00een\u00e9 une chute de la demande pour les moutons.<\/p>\n<p>L\u2019Alg\u00e9rie, en saisissant cette opportunit\u00e9, a autoris\u00e9 l\u2019entr\u00e9e de moutons espagnols, offrant ainsi aux consommateurs alg\u00e9riens un prix plus contr\u00f4l\u00e9. Le prix des agneaux en Alg\u00e9rie est ainsi plafonn\u00e9 \u00e0 40 000 dinars alg\u00e9riens (environ 900 dinars tunisiens). Cette mesure vise \u00e0 r\u00e9guler le march\u00e9 tout en soutenant les \u00e9leveurs espagnols en difficult\u00e9.<\/p>\n<p>De leur c\u00f4t\u00e9, les march\u00e9s tunisiens continuent de voir des prix \u00e9lev\u00e9s. En effet, les agneaux (Alouch) sont propos\u00e9s entre 600 et 800 dinars, les brebis adultes (Barkoussa) entre 900 et 1 400 dinars, les b\u00e9liers (Kabch) entre 1 100 et 1 600 dinars, et les jeunes moutons (Berchni) entre 250 et 500 dinars. Ces fluctuations des prix sont accentu\u00e9es par une demande croissante, surtout \u00e0 l\u2019approche de la f\u00eate de l\u2019A\u00efd.<\/p>\n<p>Alors que l\u2019Alg\u00e9rie prend des mesures pour r\u00e9guler son march\u00e9 et que le Maroc opte pour une d\u00e9cision sociale forte, la Tunisie semble \u00eatre dans l\u2019incertitude. Les prix continuent d\u2019augmenter, mettant \u00e0 l\u2019\u00e9preuve le pouvoir d\u2019achat des Tunisiens, et les solutions durables restent encore floues.<\/p>\n","protected":false},"excerpt":{"rendered":"<p>\u00c0 l\u2019approche de l\u2019A\u00efd, la Tunisie fait face \u00e0 une hausse des prix des moutons. Tandis que l\u2019Alg\u00e9rie r\u00e9gule son march\u00e9 et que le Maroc adopte une strat\u00e9gie socia&#8230;<\/p>\n","protected":false},"author":4779,"featured_media":240930,"comment_status":"open","ping_status":"open","sticky":false,"template":"","format":"standard","meta":{"footnotes":""},"categories":[44],"tags":[2971,2968,2970,2969],"class_list":["post-221524","post","type-post","status-publish","format-standard","has-post-thumbnail","hentry","category-national","tag-aid-al-adha-2025","tag-moutons-de-laid","tag-prix-mouton-algerie","tag-prix-mouton-tunisie"],"yoast_head":"<!-- This site is optimized with the Yoast SEO Premium plugin v27.5 (Yoast SEO v27.5) - https:\/\/yoast.com\/product\/yoast-seo-premium-wordpress\/ -->\n<title>Moutons de l\u2019A\u00efd : en Tunisie, le prix moyen \u00e0 1 000 DT, l\u2019Alg\u00e9rie r\u00e9gule \u00e0 900 DT<\/title>\n<meta name=\"description\" content=\"\u00c0 l\u2019approche de l\u2019A\u00efd, la Tunisie fait face \u00e0 une hausse des prix des moutons. Tandis que l\u2019Alg\u00e9rie r\u00e9gule son march\u00e9 et que le Maroc adopte une strat\u00e9gie socia...\" \/>\n<link rel=\"canonical\" href=\"https:\/\/www.webdo.tn\/fr\/actualite\/national\/moutons-de-l-aid-en-tunisie-le-prix-moyen-a-1-000-dt-l-algerie-regule-a-900-dt\/221524\/\" \/>\n<meta property=\"og:locale\" content=\"fr_FR\" \/>\n<meta property=\"og:type\" content=\"article\" \/>\n<meta property=\"og:title\" content=\"Moutons de l\u2019A\u00efd : en Tunisie, le prix moyen \u00e0 1 000 DT, l\u2019Alg\u00e9rie r\u00e9gule \u00e0 900 DT\" \/>\n<meta property=\"og:description\" content=\"\u00c0 l\u2019approche de l\u2019A\u00efd, la Tunisie fait face \u00e0 une hausse des prix des moutons. Tandis que l\u2019Alg\u00e9rie r\u00e9gule son march\u00e9 et que le Maroc adopte une strat\u00e9gie socia...\" \/>\n<meta property=\"og:url\" content=\"https:\/\/www.webdo.tn\/fr\/actualite\/national\/moutons-de-l-aid-en-tunisie-le-prix-moyen-a-1-000-dt-l-algerie-regule-a-900-dt\/221524\/\" \/>\n<meta property=\"og:site_name\" content=\"webdo\" \/>\n<meta property=\"article:publisher\" content=\"https:\/\/www.facebook.com\/webdotn\" \/>\n<meta property=\"article:published_time\" content=\"2025-04-24T14:33:00+00:00\" \/>\n<meta property=\"article:modified_time\" content=\"2025-05-17T20:05:40+00:00\" \/>\n<meta property=\"og:image\" content=\"https:\/\/www.webdo.tn\/fr\/wp-content\/uploads\/2025\/05\/1e547093b7ba733933e01e1c0a9a7545-3.webp\" \/>\n\t<meta property=\"og:image:width\" content=\"750\" \/>\n\t<meta property=\"og:image:height\" content=\"400\" \/>\n\t<meta property=\"og:image:type\" content=\"image\/webp\" \/>\n<meta name=\"author\" content=\"Firas Ben Abdeltif\" \/>\n<meta name=\"twitter:card\" content=\"summary_large_image\" \/>\n<meta name=\"twitter:creator\" content=\"@webdo_tn\" \/>\n<meta name=\"twitter:site\" content=\"@webdo_tn\" \/>\n<meta name=\"twitter:label1\" content=\"\u00c9crit par\" \/>\n\t<meta name=\"twitter:data1\" content=\"Firas Ben Abdeltif\" \/>\n\t<meta name=\"twitter:label2\" content=\"Dur\u00e9e de lecture estim\u00e9e\" \/>\n\t<meta name=\"twitter:data2\" content=\"2 minutes\" \/>\n<script type=\"application\/ld+json\" class=\"yoast-schema-graph\">{\"@context\":\"https:\\\/\\\/schema.org\",\"@graph\":[{\"@type\":\"NewsArticle\",\"@id\":\"https:\\\/\\\/www.webdo.tn\\\/fr\\\/actualite\\\/national\\\/moutons-de-l-aid-en-tunisie-le-prix-moyen-a-1-000-dt-l-algerie-regule-a-900-dt\\\/221524\\\/#article\",\"isPartOf\":{\"@id\":\"https:\\\/\\\/www.webdo.tn\\\/fr\\\/actualite\\\/national\\\/moutons-de-l-aid-en-tunisie-le-prix-moyen-a-1-000-dt-l-algerie-regule-a-900-dt\\\/221524\\\/\"},\"author\":{\"name\":\"Firas Ben Abdeltif\",\"@id\":\"https:\\\/\\\/www.webdo.tn\\\/fr\\\/#\\\/schema\\\/person\\\/19664196c9bfdcda126f3c27709f7d11\"},\"headline\":\"Moutons de l\u2019A\u00efd : en Tunisie, le prix moyen \u00e0 1 000 DT, l\u2019Alg\u00e9rie r\u00e9gule \u00e0 900 DT\",\"datePublished\":\"2025-04-24T14:33:00+00:00\",\"dateModified\":\"2025-05-17T20:05:40+00:00\",\"mainEntityOfPage\":{\"@id\":\"https:\\\/\\\/www.webdo.tn\\\/fr\\\/actualite\\\/national\\\/moutons-de-l-aid-en-tunisie-le-prix-moyen-a-1-000-dt-l-algerie-regule-a-900-dt\\\/221524\\\/\"},\"wordCount\":419,\"commentCount\":0,\"publisher\":{\"@id\":\"https:\\\/\\\/www.webdo.tn\\\/fr\\\/#organization\"},\"image\":{\"@id\":\"https:\\\/\\\/www.webdo.tn\\\/fr\\\/actualite\\\/national\\\/moutons-de-l-aid-en-tunisie-le-prix-moyen-a-1-000-dt-l-algerie-regule-a-900-dt\\\/221524\\\/#primaryimage\"},\"thumbnailUrl\":\"https:\\\/\\\/www.webdo.tn\\\/fr\\\/wp-content\\\/uploads\\\/2025\\\/05\\\/1e547093b7ba733933e01e1c0a9a7545-3.webp\",\"keywords\":[\"A\u00efd al-Adha 2025\",\"Moutons de l\u2019A\u00efd\",\"Prix mouton Alg\u00e9rie\",\"Prix mouton Tunisie\"],\"articleSection\":[\"National\"],\"inLanguage\":\"fr-FR\"},{\"@type\":\"WebPage\",\"@id\":\"https:\\\/\\\/www.webdo.tn\\\/fr\\\/actualite\\\/national\\\/moutons-de-l-aid-en-tunisie-le-prix-moyen-a-1-000-dt-l-algerie-regule-a-900-dt\\\/221524\\\/\",\"url\":\"https:\\\/\\\/www.webdo.tn\\\/fr\\\/actualite\\\/national\\\/moutons-de-l-aid-en-tunisie-le-prix-moyen-a-1-000-dt-l-algerie-regule-a-900-dt\\\/221524\\\/\",\"name\":\"Moutons de l\u2019A\u00efd : en Tunisie, le prix moyen \u00e0 1 000 DT, l\u2019Alg\u00e9rie r\u00e9gule \u00e0 900 DT\",\"isPartOf\":{\"@id\":\"https:\\\/\\\/www.webdo.tn\\\/fr\\\/#website\"},\"primaryImageOfPage\":{\"@id\":\"https:\\\/\\\/www.webdo.tn\\\/fr\\\/actualite\\\/national\\\/moutons-de-l-aid-en-tunisie-le-prix-moyen-a-1-000-dt-l-algerie-regule-a-900-dt\\\/221524\\\/#primaryimage\"},\"image\":{\"@id\":\"https:\\\/\\\/www.webdo.tn\\\/fr\\\/actualite\\\/national\\\/moutons-de-l-aid-en-tunisie-le-prix-moyen-a-1-000-dt-l-algerie-regule-a-900-dt\\\/221524\\\/#primaryimage\"},\"thumbnailUrl\":\"https:\\\/\\\/www.webdo.tn\\\/fr\\\/wp-content\\\/uploads\\\/2025\\\/05\\\/1e547093b7ba733933e01e1c0a9a7545-3.webp\",\"datePublished\":\"2025-04-24T14:33:00+00:00\",\"dateModified\":\"2025-05-17T20:05:40+00:00\",\"description\":\"\u00c0 l\u2019approche de l\u2019A\u00efd, la Tunisie fait face \u00e0 une hausse des prix des moutons. Tandis que l\u2019Alg\u00e9rie r\u00e9gule son march\u00e9 et que le Maroc adopte une strat\u00e9gie socia...\",\"breadcrumb\":{\"@id\":\"https:\\\/\\\/www.webdo.tn\\\/fr\\\/actualite\\\/national\\\/moutons-de-l-aid-en-tunisie-le-prix-moyen-a-1-000-dt-l-algerie-regule-a-900-dt\\\/221524\\\/#breadcrumb\"},\"inLanguage\":\"fr-FR\",\"potentialAction\":[{\"@type\":\"ReadAction\",\"target\":[\"https:\\\/\\\/www.webdo.tn\\\/fr\\\/actualite\\\/national\\\/moutons-de-l-aid-en-tunisie-le-prix-moyen-a-1-000-dt-l-algerie-regule-a-900-dt\\\/221524\\\/\"]}]},{\"@type\":\"ImageObject\",\"inLanguage\":\"fr-FR\",\"@id\":\"https:\\\/\\\/www.webdo.tn\\\/fr\\\/actualite\\\/national\\\/moutons-de-l-aid-en-tunisie-le-prix-moyen-a-1-000-dt-l-algerie-regule-a-900-dt\\\/221524\\\/#primaryimage\",\"url\":\"https:\\\/\\\/www.webdo.tn\\\/fr\\\/wp-content\\\/uploads\\\/2025\\\/05\\\/1e547093b7ba733933e01e1c0a9a7545-3.webp\",\"contentUrl\":\"https:\\\/\\\/www.webdo.tn\\\/fr\\\/wp-content\\\/uploads\\\/2025\\\/05\\\/1e547093b7ba733933e01e1c0a9a7545-3.webp\",\"width\":750,\"height\":400},{\"@type\":\"BreadcrumbList\",\"@id\":\"https:\\\/\\\/www.webdo.tn\\\/fr\\\/actualite\\\/national\\\/moutons-de-l-aid-en-tunisie-le-prix-moyen-a-1-000-dt-l-algerie-regule-a-900-dt\\\/221524\\\/#breadcrumb\",\"itemListElement\":[{\"@type\":\"ListItem\",\"position\":1,\"name\":\"Accueil\",\"item\":\"https:\\\/\\\/www.webdo.tn\\\/fr\\\/\"},{\"@type\":\"ListItem\",\"position\":2,\"name\":\"Moutons de l\u2019A\u00efd : en Tunisie, le prix moyen \u00e0 1 000 DT, l\u2019Alg\u00e9rie r\u00e9gule \u00e0 900 DT\"}]},{\"@type\":\"WebSite\",\"@id\":\"https:\\\/\\\/www.webdo.tn\\\/fr\\\/#website\",\"url\":\"https:\\\/\\\/www.webdo.tn\\\/fr\\\/\",\"name\":\"webdo\",\"description\":\"Tunisie - News en Tunisie et \u00e0 l&#039;international sur Webdo.tn\",\"publisher\":{\"@id\":\"https:\\\/\\\/www.webdo.tn\\\/fr\\\/#organization\"},\"potentialAction\":[{\"@type\":\"SearchAction\",\"target\":{\"@type\":\"EntryPoint\",\"urlTemplate\":\"https:\\\/\\\/www.webdo.tn\\\/fr\\\/?s={search_term_string}\"},\"query-input\":{\"@type\":\"PropertyValueSpecification\",\"valueRequired\":true,\"valueName\":\"search_term_string\"}}],\"inLanguage\":\"fr-FR\"},{\"@type\":\"Organization\",\"@id\":\"https:\\\/\\\/www.webdo.tn\\\/fr\\\/#organization\",\"name\":\"Webdo\",\"alternateName\":\"Webdo.tn\",\"url\":\"https:\\\/\\\/www.webdo.tn\\\/fr\\\/\",\"logo\":{\"@type\":\"ImageObject\",\"inLanguage\":\"fr-FR\",\"@id\":\"https:\\\/\\\/www.webdo.tn\\\/fr\\\/#\\\/schema\\\/logo\\\/image\\\/\",\"url\":\"https:\\\/\\\/www.webdo.tn\\\/fr\\\/wp-content\\\/uploads\\\/2025\\\/06\\\/Webdo-Tunisie_168377.jpg\",\"contentUrl\":\"https:\\\/\\\/www.webdo.tn\\\/fr\\\/wp-content\\\/uploads\\\/2025\\\/06\\\/Webdo-Tunisie_168377.jpg\",\"width\":301,\"height\":301,\"caption\":\"Webdo\"},\"image\":{\"@id\":\"https:\\\/\\\/www.webdo.tn\\\/fr\\\/#\\\/schema\\\/logo\\\/image\\\/\"},\"sameAs\":[\"https:\\\/\\\/www.facebook.com\\\/webdotn\",\"https:\\\/\\\/x.com\\\/webdo_tn\"],\"description\":\"Webdo est un m\u00e9dia num\u00e9rique tunisien fond\u00e9 en 2010, sp\u00e9cialis\u00e9 dans l\u2019actualit\u00e9 nationale et internationale, l\u2019\u00e9conomie, la soci\u00e9t\u00e9 et les analyses politiques. Le site s\u2019adresse \u00e0 un large public francophone et couvre l\u2019information tunisienne en temps r\u00e9el.\",\"email\":\"redac@webdo.tn\",\"legalName\":\"YNJ SARL\",\"foundingDate\":\"2010-09-06\",\"numberOfEmployees\":{\"@type\":\"QuantitativeValue\",\"minValue\":\"11\",\"maxValue\":\"50\"}},{\"@type\":\"Person\",\"@id\":\"https:\\\/\\\/www.webdo.tn\\\/fr\\\/#\\\/schema\\\/person\\\/19664196c9bfdcda126f3c27709f7d11\",\"name\":\"Firas Ben Abdeltif\",\"image\":{\"@type\":\"ImageObject\",\"inLanguage\":\"fr-FR\",\"@id\":\"https:\\\/\\\/secure.gravatar.com\\\/avatar\\\/161a347d40df098a084778c52ed133dbd85f14df003867067c5948081241ec55?s=96&d=mm&r=g\",\"url\":\"https:\\\/\\\/secure.gravatar.com\\\/avatar\\\/161a347d40df098a084778c52ed133dbd85f14df003867067c5948081241ec55?s=96&d=mm&r=g\",\"contentUrl\":\"https:\\\/\\\/secure.gravatar.com\\\/avatar\\\/161a347d40df098a084778c52ed133dbd85f14df003867067c5948081241ec55?s=96&d=mm&r=g\",\"caption\":\"Firas Ben Abdeltif\"},\"url\":\"https:\\\/\\\/www.webdo.tn\\\/fr\\\/actualite\\\/author\\\/firas-ben-abdeltif\\\/\"}]}<\/script>\n<!-- \/ Yoast SEO Premium plugin. -->","yoast_head_json":{"title":"Moutons de l\u2019A\u00efd : en Tunisie, le prix moyen \u00e0 1 000 DT, l\u2019Alg\u00e9rie r\u00e9gule \u00e0 900 DT","description":"\u00c0 l\u2019approche de l\u2019A\u00efd, la Tunisie fait face \u00e0 une hausse des prix des moutons. Tandis que l\u2019Alg\u00e9rie r\u00e9gule son march\u00e9 et que le Maroc adopte une strat\u00e9gie socia...","canonical":"https:\/\/www.webdo.tn\/fr\/actualite\/national\/moutons-de-l-aid-en-tunisie-le-prix-moyen-a-1-000-dt-l-algerie-regule-a-900-dt\/221524\/","og_locale":"fr_FR","og_type":"article","og_title":"Moutons de l\u2019A\u00efd : en Tunisie, le prix moyen \u00e0 1 000 DT, l\u2019Alg\u00e9rie r\u00e9gule \u00e0 900 DT","og_description":"\u00c0 l\u2019approche de l\u2019A\u00efd, la Tunisie fait face \u00e0 une hausse des prix des moutons. Tandis que l\u2019Alg\u00e9rie r\u00e9gule son march\u00e9 et que le Maroc adopte une strat\u00e9gie socia...","og_url":"https:\/\/www.webdo.tn\/fr\/actualite\/national\/moutons-de-l-aid-en-tunisie-le-prix-moyen-a-1-000-dt-l-algerie-regule-a-900-dt\/221524\/","og_site_name":"webdo","article_publisher":"https:\/\/www.facebook.com\/webdotn","article_published_time":"2025-04-24T14:33:00+00:00","article_modified_time":"2025-05-17T20:05:40+00:00","og_image":[{"width":750,"height":400,"url":"https:\/\/www.webdo.tn\/fr\/wp-content\/uploads\/2025\/05\/1e547093b7ba733933e01e1c0a9a7545-3.webp","type":"image\/webp"}],"author":"Firas Ben Abdeltif","twitter_card":"summary_large_image","twitter_creator":"@webdo_tn","twitter_site":"@webdo_tn","twitter_misc":{"\u00c9crit par":"Firas Ben Abdeltif","Dur\u00e9e de lecture estim\u00e9e":"2 minutes"},"schema":{"@context":"https:\/\/schema.org","@graph":[{"@type":"NewsArticle","@id":"https:\/\/www.webdo.tn\/fr\/actualite\/national\/moutons-de-l-aid-en-tunisie-le-prix-moyen-a-1-000-dt-l-algerie-regule-a-900-dt\/221524\/#article","isPartOf":{"@id":"https:\/\/www.webdo.tn\/fr\/actualite\/national\/moutons-de-l-aid-en-tunisie-le-prix-moyen-a-1-000-dt-l-algerie-regule-a-900-dt\/221524\/"},"author":{"name":"Firas Ben Abdeltif","@id":"https:\/\/www.webdo.tn\/fr\/#\/schema\/person\/19664196c9bfdcda126f3c27709f7d11"},"headline":"Moutons de l\u2019A\u00efd : en Tunisie, le prix moyen \u00e0 1 000 DT, l\u2019Alg\u00e9rie r\u00e9gule \u00e0 900 DT","datePublished":"2025-04-24T14:33:00+00:00","dateModified":"2025-05-17T20:05:40+00:00","mainEntityOfPage":{"@id":"https:\/\/www.webdo.tn\/fr\/actualite\/national\/moutons-de-l-aid-en-tunisie-le-prix-moyen-a-1-000-dt-l-algerie-regule-a-900-dt\/221524\/"},"wordCount":419,"commentCount":0,"publisher":{"@id":"https:\/\/www.webdo.tn\/fr\/#organization"},"image":{"@id":"https:\/\/www.webdo.tn\/fr\/actualite\/national\/moutons-de-l-aid-en-tunisie-le-prix-moyen-a-1-000-dt-l-algerie-regule-a-900-dt\/221524\/#primaryimage"},"thumbnailUrl":"https:\/\/www.webdo.tn\/fr\/wp-content\/uploads\/2025\/05\/1e547093b7ba733933e01e1c0a9a7545-3.webp","keywords":["A\u00efd al-Adha 2025","Moutons de l\u2019A\u00efd","Prix mouton Alg\u00e9rie","Prix mouton Tunisie"],"articleSection":["National"],"inLanguage":"fr-FR"},{"@type":"WebPage","@id":"https:\/\/www.webdo.tn\/fr\/actualite\/national\/moutons-de-l-aid-en-tunisie-le-prix-moyen-a-1-000-dt-l-algerie-regule-a-900-dt\/221524\/","url":"https:\/\/www.webdo.tn\/fr\/actualite\/national\/moutons-de-l-aid-en-tunisie-le-prix-moyen-a-1-000-dt-l-algerie-regule-a-900-dt\/221524\/","name":"Moutons de l\u2019A\u00efd : en Tunisie, le prix moyen \u00e0 1 000 DT, l\u2019Alg\u00e9rie r\u00e9gule \u00e0 900 DT","isPartOf":{"@id":"https:\/\/www.webdo.tn\/fr\/#website"},"primaryImageOfPage":{"@id":"https:\/\/www.webdo.tn\/fr\/actualite\/national\/moutons-de-l-aid-en-tunisie-le-prix-moyen-a-1-000-dt-l-algerie-regule-a-900-dt\/221524\/#primaryimage"},"image":{"@id":"https:\/\/www.webdo.tn\/fr\/actualite\/national\/moutons-de-l-aid-en-tunisie-le-prix-moyen-a-1-000-dt-l-algerie-regule-a-900-dt\/221524\/#primaryimage"},"thumbnailUrl":"https:\/\/www.webdo.tn\/fr\/wp-content\/uploads\/2025\/05\/1e547093b7ba733933e01e1c0a9a7545-3.webp","datePublished":"2025-04-24T14:33:00+00:00","dateModified":"2025-05-17T20:05:40+00:00","description":"\u00c0 l\u2019approche de l\u2019A\u00efd, la Tunisie fait face \u00e0 une hausse des prix des moutons. Tandis que l\u2019Alg\u00e9rie r\u00e9gule son march\u00e9 et que le Maroc adopte une strat\u00e9gie socia...","breadcrumb":{"@id":"https:\/\/www.webdo.tn\/fr\/actualite\/national\/moutons-de-l-aid-en-tunisie-le-prix-moyen-a-1-000-dt-l-algerie-regule-a-900-dt\/221524\/#breadcrumb"},"inLanguage":"fr-FR","potentialAction":[{"@type":"ReadAction","target":["https:\/\/www.webdo.tn\/fr\/actualite\/national\/moutons-de-l-aid-en-tunisie-le-prix-moyen-a-1-000-dt-l-algerie-regule-a-900-dt\/221524\/"]}]},{"@type":"ImageObject","inLanguage":"fr-FR","@id":"https:\/\/www.webdo.tn\/fr\/actualite\/national\/moutons-de-l-aid-en-tunisie-le-prix-moyen-a-1-000-dt-l-algerie-regule-a-900-dt\/221524\/#primaryimage","url":"https:\/\/www.webdo.tn\/fr\/wp-content\/uploads\/2025\/05\/1e547093b7ba733933e01e1c0a9a7545-3.webp","contentUrl":"https:\/\/www.webdo.tn\/fr\/wp-content\/uploads\/2025\/05\/1e547093b7ba733933e01e1c0a9a7545-3.webp","width":750,"height":400},{"@type":"BreadcrumbList","@id":"https:\/\/www.webdo.tn\/fr\/actualite\/national\/moutons-de-l-aid-en-tunisie-le-prix-moyen-a-1-000-dt-l-algerie-regule-a-900-dt\/221524\/#breadcrumb","itemListElement":[{"@type":"ListItem","position":1,"name":"Accueil","item":"https:\/\/www.webdo.tn\/fr\/"},{"@type":"ListItem","position":2,"name":"Moutons de l\u2019A\u00efd : en Tunisie, le prix moyen \u00e0 1 000 DT, l\u2019Alg\u00e9rie r\u00e9gule \u00e0 900 DT"}]},{"@type":"WebSite","@id":"https:\/\/www.webdo.tn\/fr\/#website","url":"https:\/\/www.webdo.tn\/fr\/","name":"webdo","description":"Tunisie - News en Tunisie et \u00e0 l&#039;international sur Webdo.tn","publisher":{"@id":"https:\/\/www.webdo.tn\/fr\/#organization"},"potentialAction":[{"@type":"SearchAction","target":{"@type":"EntryPoint","urlTemplate":"https:\/\/www.webdo.tn\/fr\/?s={search_term_string}"},"query-input":{"@type":"PropertyValueSpecification","valueRequired":true,"valueName":"search_term_string"}}],"inLanguage":"fr-FR"},{"@type":"Organization","@id":"https:\/\/www.webdo.tn\/fr\/#organization","name":"Webdo","alternateName":"Webdo.tn","url":"https:\/\/www.webdo.tn\/fr\/","logo":{"@type":"ImageObject","inLanguage":"fr-FR","@id":"https:\/\/www.webdo.tn\/fr\/#\/schema\/logo\/image\/","url":"https:\/\/www.webdo.tn\/fr\/wp-content\/uploads\/2025\/06\/Webdo-Tunisie_168377.jpg","contentUrl":"https:\/\/www.webdo.tn\/fr\/wp-content\/uploads\/2025\/06\/Webdo-Tunisie_168377.jpg","width":301,"height":301,"caption":"Webdo"},"image":{"@id":"https:\/\/www.webdo.tn\/fr\/#\/schema\/logo\/image\/"},"sameAs":["https:\/\/www.facebook.com\/webdotn","https:\/\/x.com\/webdo_tn"],"description":"Webdo est un m\u00e9dia num\u00e9rique tunisien fond\u00e9 en 2010, sp\u00e9cialis\u00e9 dans l\u2019actualit\u00e9 nationale et internationale, l\u2019\u00e9conomie, la soci\u00e9t\u00e9 et les analyses politiques. Le site s\u2019adresse \u00e0 un large public francophone et couvre l\u2019information tunisienne en temps r\u00e9el.","email":"redac@webdo.tn","legalName":"YNJ SARL","foundingDate":"2010-09-06","numberOfEmployees":{"@type":"QuantitativeValue","minValue":"11","maxValue":"50"}},{"@type":"Person","@id":"https:\/\/www.webdo.tn\/fr\/#\/schema\/person\/19664196c9bfdcda126f3c27709f7d11","name":"Firas Ben Abdeltif","image":{"@type":"ImageObject","inLanguage":"fr-FR","@id":"https:\/\/secure.gravatar.com\/avatar\/161a347d40df098a084778c52ed133dbd85f14df003867067c5948081241ec55?s=96&d=mm&r=g","url":"https:\/\/secure.gravatar.com\/avatar\/161a347d40df098a084778c52ed133dbd85f14df003867067c5948081241ec55?s=96&d=mm&r=g","contentUrl":"https:\/\/secure.gravatar.com\/avatar\/161a347d40df098a084778c52ed133dbd85f14df003867067c5948081241ec55?s=96&d=mm&r=g","caption":"Firas Ben Abdeltif"},"url":"https:\/\/www.webdo.tn\/fr\/actualite\/author\/firas-ben-abdeltif\/"}]}},"_links":{"self":[{"href":"https:\/\/www.webdo.tn\/fr\/wp-json\/wp\/v2\/posts\/221524","targetHints":{"allow":["GET"]}}],"collection":[{"href":"https:\/\/www.webdo.tn\/fr\/wp-json\/wp\/v2\/posts"}],"about":[{"href":"https:\/\/www.webdo.tn\/fr\/wp-json\/wp\/v2\/types\/post"}],"author":[{"embeddable":true,"href":"https:\/\/www.webdo.tn\/fr\/wp-json\/wp\/v2\/users\/4779"}],"replies":[{"embeddable":true,"href":"https:\/\/www.webdo.tn\/fr\/wp-json\/wp\/v2\/comments?post=221524"}],"version-history":[{"count":0,"href":"https:\/\/www.webdo.tn\/fr\/wp-json\/wp\/v2\/posts\/221524\/revisions"}],"wp:featuredmedia":[{"embeddable":true,"href":"https:\/\/www.webdo.tn\/fr\/wp-json\/wp\/v2\/media\/240930"}],"wp:attachment":[{"href":"https:\/\/www.webdo.tn\/fr\/wp-json\/wp\/v2\/media?parent=221524"}],"wp:term":[{"taxonomy":"category","embeddable":true,"href":"https:\/\/www.webdo.tn\/fr\/wp-json\/wp\/v2\/categories?post=221524"},{"taxonomy":"post_tag","embeddable":true,"href":"https:\/\/www.webdo.tn\/fr\/wp-json\/wp\/v2\/tags?post=221524"}],"curies":[{"name":"wp","href":"https:\/\/api.w.org\/{rel}","templated":true}]}}