{"id":221518,"date":"2025-04-24T11:25:00","date_gmt":"2025-04-24T11:25:00","guid":{"rendered":"https:\/\/www.webdo.tn\/fr\/blog\/tunisie-demantelement-du-camp-de-migrants-d-el-amra\/221518\/"},"modified":"2025-05-20T22:18:01","modified_gmt":"2025-05-20T22:18:01","slug":"tunisie-demantelement-du-camp-de-migrants-d-el-amra","status":"publish","type":"post","link":"https:\/\/www.webdo.tn\/fr\/actualite\/regions\/tunisie-demantelement-du-camp-de-migrants-d-el-amra\/221518\/","title":{"rendered":"Tunisie : D\u00e9mant\u00e8lement du camp de migrants d\u2019El Amra"},"content":{"rendered":"<p>Les autorit\u00e9s ont lanc\u00e9, ce jeudi 24 avril 2025, une vaste op\u00e9ration de d\u00e9mant\u00e8lement d\u2019un camp informel de migrants situ\u00e9 \u00e0 Henchir El Karkni, dans la d\u00e9l\u00e9gation d\u2019El Amra (gouvernorat de Sfax).<\/p>\n<p>Des unit\u00e9s s\u00e9curitaires de la police et de la garde nationale ont proc\u00e9d\u00e9, dans la matin\u00e9e de ce jeudi 24 avril 2025, \u00e0 l\u2019\u00e9vacuation du site abritant un camp de migrants en situation irr\u00e9guli\u00e8re.<\/p>\n<p>Le site abritait environ 2500 migrants en situation irr\u00e9guli\u00e8re, majoritairement originaires de pays d\u2019Afrique subsaharienne. L\u2019op\u00e9ration se d\u00e9roule avec l\u2019appui d\u2019\u00e9quipes sp\u00e9cialis\u00e9es des services de sant\u00e9 et de la protection civile, charg\u00e9es du d\u00e9mant\u00e8lement et du retrait des tentes.<\/p>\n","protected":false},"excerpt":{"rendered":"<p>Tunisie : Les autorit\u00e9s d\u00e9mant\u00e8lent un camp de 2 500 migrants irr\u00e9guliers \u00e0 El Amra (Sfax). Op\u00e9ration encadr\u00e9e par la police, la garde nationale et la protectio&#8230;<\/p>\n","protected":false},"author":3162,"featured_media":292296,"comment_status":"open","ping_status":"closed","sticky":false,"template":"","format":"standard","meta":{"footnotes":""},"categories":[2595],"tags":[10313,3533,2894,2608],"class_list":["post-221518","post","type-post","status-publish","format-standard","has-post-thumbnail","hentry","category-regions","tag-el-amra","tag-demantelement","tag-migrants","tag-tunisie"],"yoast_head":"<!-- This site is optimized with the Yoast SEO Premium plugin v27.4 (Yoast SEO v27.4) - https:\/\/yoast.com\/product\/yoast-seo-premium-wordpress\/ -->\n<title>Tunisie : D\u00e9mant\u00e8lement du camp de migrants d\u2019El Amra<\/title>\n<meta name=\"description\" content=\"Tunisie : Les autorit\u00e9s d\u00e9mant\u00e8lent un camp de 2 500 migrants irr\u00e9guliers \u00e0 El Amra (Sfax). Op\u00e9ration encadr\u00e9e par la police, la garde nationale et la protectio...\" \/>\n<link rel=\"canonical\" href=\"https:\/\/www.webdo.tn\/fr\/actualite\/regions\/tunisie-demantelement-du-camp-de-migrants-d-el-amra\/221518\/\" \/>\n<meta property=\"og:locale\" content=\"fr_FR\" \/>\n<meta property=\"og:type\" content=\"article\" \/>\n<meta property=\"og:title\" content=\"Tunisie : D\u00e9mant\u00e8lement du camp de migrants d\u2019El Amra\" \/>\n<meta property=\"og:description\" content=\"Tunisie : Les autorit\u00e9s d\u00e9mant\u00e8lent un camp de 2 500 migrants irr\u00e9guliers \u00e0 El Amra (Sfax). Op\u00e9ration encadr\u00e9e par la police, la garde nationale et la protectio...\" \/>\n<meta property=\"og:url\" content=\"https:\/\/www.webdo.tn\/fr\/actualite\/regions\/tunisie-demantelement-du-camp-de-migrants-d-el-amra\/221518\/\" \/>\n<meta property=\"og:site_name\" content=\"webdo\" \/>\n<meta property=\"article:publisher\" content=\"https:\/\/www.facebook.com\/webdotn\" \/>\n<meta property=\"article:published_time\" content=\"2025-04-24T11:25:00+00:00\" \/>\n<meta property=\"article:modified_time\" content=\"2025-05-20T22:18:01+00:00\" \/>\n<meta property=\"og:image\" content=\"https:\/\/www.webdo.tn\/fr\/wp-content\/uploads\/2025\/04\/01a2d733cc8d78810b24d18e2f7397d0.webp\" \/>\n\t<meta property=\"og:image:width\" content=\"750\" \/>\n\t<meta property=\"og:image:height\" content=\"400\" \/>\n\t<meta property=\"og:image:type\" content=\"image\/webp\" \/>\n<meta name=\"author\" content=\"MC\" \/>\n<meta name=\"twitter:card\" content=\"summary_large_image\" \/>\n<meta name=\"twitter:creator\" content=\"@webdo_tn\" \/>\n<meta name=\"twitter:site\" content=\"@webdo_tn\" \/>\n<meta name=\"twitter:label1\" content=\"\u00c9crit par\" \/>\n\t<meta name=\"twitter:data1\" content=\"MC\" \/>\n\t<meta name=\"twitter:label2\" content=\"Dur\u00e9e de lecture estim\u00e9e\" \/>\n\t<meta name=\"twitter:data2\" content=\"1 minute\" \/>\n<script type=\"application\/ld+json\" class=\"yoast-schema-graph\">{\"@context\":\"https:\\\/\\\/schema.org\",\"@graph\":[{\"@type\":\"NewsArticle\",\"@id\":\"https:\\\/\\\/www.webdo.tn\\\/fr\\\/actualite\\\/regions\\\/tunisie-demantelement-du-camp-de-migrants-d-el-amra\\\/221518\\\/#article\",\"isPartOf\":{\"@id\":\"https:\\\/\\\/www.webdo.tn\\\/fr\\\/actualite\\\/regions\\\/tunisie-demantelement-du-camp-de-migrants-d-el-amra\\\/221518\\\/\"},\"author\":{\"name\":\"MC\",\"@id\":\"https:\\\/\\\/www.webdo.tn\\\/fr\\\/#\\\/schema\\\/person\\\/2c4929cbf5a809e3bd38617c6ce150f6\"},\"headline\":\"Tunisie : D\u00e9mant\u00e8lement du camp de migrants d\u2019El Amra\",\"datePublished\":\"2025-04-24T11:25:00+00:00\",\"dateModified\":\"2025-05-20T22:18:01+00:00\",\"mainEntityOfPage\":{\"@id\":\"https:\\\/\\\/www.webdo.tn\\\/fr\\\/actualite\\\/regions\\\/tunisie-demantelement-du-camp-de-migrants-d-el-amra\\\/221518\\\/\"},\"wordCount\":137,\"commentCount\":0,\"publisher\":{\"@id\":\"https:\\\/\\\/www.webdo.tn\\\/fr\\\/#organization\"},\"image\":{\"@id\":\"https:\\\/\\\/www.webdo.tn\\\/fr\\\/actualite\\\/regions\\\/tunisie-demantelement-du-camp-de-migrants-d-el-amra\\\/221518\\\/#primaryimage\"},\"thumbnailUrl\":\"https:\\\/\\\/www.webdo.tn\\\/fr\\\/wp-content\\\/uploads\\\/2025\\\/04\\\/01a2d733cc8d78810b24d18e2f7397d0.webp\",\"keywords\":[\"'el amra'\",\"d\u00e9mant\u00e8lement\",\"migrants\",\"Tunisie\"],\"articleSection\":[\"regions\"],\"inLanguage\":\"fr-FR\"},{\"@type\":\"WebPage\",\"@id\":\"https:\\\/\\\/www.webdo.tn\\\/fr\\\/actualite\\\/regions\\\/tunisie-demantelement-du-camp-de-migrants-d-el-amra\\\/221518\\\/\",\"url\":\"https:\\\/\\\/www.webdo.tn\\\/fr\\\/actualite\\\/regions\\\/tunisie-demantelement-du-camp-de-migrants-d-el-amra\\\/221518\\\/\",\"name\":\"Tunisie : D\u00e9mant\u00e8lement du camp de migrants d\u2019El Amra\",\"isPartOf\":{\"@id\":\"https:\\\/\\\/www.webdo.tn\\\/fr\\\/#website\"},\"primaryImageOfPage\":{\"@id\":\"https:\\\/\\\/www.webdo.tn\\\/fr\\\/actualite\\\/regions\\\/tunisie-demantelement-du-camp-de-migrants-d-el-amra\\\/221518\\\/#primaryimage\"},\"image\":{\"@id\":\"https:\\\/\\\/www.webdo.tn\\\/fr\\\/actualite\\\/regions\\\/tunisie-demantelement-du-camp-de-migrants-d-el-amra\\\/221518\\\/#primaryimage\"},\"thumbnailUrl\":\"https:\\\/\\\/www.webdo.tn\\\/fr\\\/wp-content\\\/uploads\\\/2025\\\/04\\\/01a2d733cc8d78810b24d18e2f7397d0.webp\",\"datePublished\":\"2025-04-24T11:25:00+00:00\",\"dateModified\":\"2025-05-20T22:18:01+00:00\",\"description\":\"Tunisie : Les autorit\u00e9s d\u00e9mant\u00e8lent un camp de 2 500 migrants irr\u00e9guliers \u00e0 El Amra (Sfax). Op\u00e9ration encadr\u00e9e par la police, la garde nationale et la protectio...\",\"breadcrumb\":{\"@id\":\"https:\\\/\\\/www.webdo.tn\\\/fr\\\/actualite\\\/regions\\\/tunisie-demantelement-du-camp-de-migrants-d-el-amra\\\/221518\\\/#breadcrumb\"},\"inLanguage\":\"fr-FR\",\"potentialAction\":[{\"@type\":\"ReadAction\",\"target\":[\"https:\\\/\\\/www.webdo.tn\\\/fr\\\/actualite\\\/regions\\\/tunisie-demantelement-du-camp-de-migrants-d-el-amra\\\/221518\\\/\"]}]},{\"@type\":\"ImageObject\",\"inLanguage\":\"fr-FR\",\"@id\":\"https:\\\/\\\/www.webdo.tn\\\/fr\\\/actualite\\\/regions\\\/tunisie-demantelement-du-camp-de-migrants-d-el-amra\\\/221518\\\/#primaryimage\",\"url\":\"https:\\\/\\\/www.webdo.tn\\\/fr\\\/wp-content\\\/uploads\\\/2025\\\/04\\\/01a2d733cc8d78810b24d18e2f7397d0.webp\",\"contentUrl\":\"https:\\\/\\\/www.webdo.tn\\\/fr\\\/wp-content\\\/uploads\\\/2025\\\/04\\\/01a2d733cc8d78810b24d18e2f7397d0.webp\",\"width\":750,\"height\":400,\"caption\":\"Tunisie : D\u00e9mant\u00e8lement du camp de migrants d\u2019El Amra\"},{\"@type\":\"BreadcrumbList\",\"@id\":\"https:\\\/\\\/www.webdo.tn\\\/fr\\\/actualite\\\/regions\\\/tunisie-demantelement-du-camp-de-migrants-d-el-amra\\\/221518\\\/#breadcrumb\",\"itemListElement\":[{\"@type\":\"ListItem\",\"position\":1,\"name\":\"Accueil\",\"item\":\"https:\\\/\\\/www.webdo.tn\\\/fr\\\/\"},{\"@type\":\"ListItem\",\"position\":2,\"name\":\"Tunisie : D\u00e9mant\u00e8lement du camp de migrants d\u2019El Amra\"}]},{\"@type\":\"WebSite\",\"@id\":\"https:\\\/\\\/www.webdo.tn\\\/fr\\\/#website\",\"url\":\"https:\\\/\\\/www.webdo.tn\\\/fr\\\/\",\"name\":\"webdo\",\"description\":\"Tunisie - News en Tunisie et \u00e0 l&#039;international sur Webdo.tn\",\"publisher\":{\"@id\":\"https:\\\/\\\/www.webdo.tn\\\/fr\\\/#organization\"},\"potentialAction\":[{\"@type\":\"SearchAction\",\"target\":{\"@type\":\"EntryPoint\",\"urlTemplate\":\"https:\\\/\\\/www.webdo.tn\\\/fr\\\/?s={search_term_string}\"},\"query-input\":{\"@type\":\"PropertyValueSpecification\",\"valueRequired\":true,\"valueName\":\"search_term_string\"}}],\"inLanguage\":\"fr-FR\"},{\"@type\":\"Organization\",\"@id\":\"https:\\\/\\\/www.webdo.tn\\\/fr\\\/#organization\",\"name\":\"Webdo\",\"alternateName\":\"Webdo.tn\",\"url\":\"https:\\\/\\\/www.webdo.tn\\\/fr\\\/\",\"logo\":{\"@type\":\"ImageObject\",\"inLanguage\":\"fr-FR\",\"@id\":\"https:\\\/\\\/www.webdo.tn\\\/fr\\\/#\\\/schema\\\/logo\\\/image\\\/\",\"url\":\"https:\\\/\\\/www.webdo.tn\\\/fr\\\/wp-content\\\/uploads\\\/2025\\\/06\\\/Webdo-Tunisie_168377.jpg\",\"contentUrl\":\"https:\\\/\\\/www.webdo.tn\\\/fr\\\/wp-content\\\/uploads\\\/2025\\\/06\\\/Webdo-Tunisie_168377.jpg\",\"width\":301,\"height\":301,\"caption\":\"Webdo\"},\"image\":{\"@id\":\"https:\\\/\\\/www.webdo.tn\\\/fr\\\/#\\\/schema\\\/logo\\\/image\\\/\"},\"sameAs\":[\"https:\\\/\\\/www.facebook.com\\\/webdotn\",\"https:\\\/\\\/x.com\\\/webdo_tn\"],\"description\":\"Webdo est un m\u00e9dia num\u00e9rique tunisien fond\u00e9 en 2010, sp\u00e9cialis\u00e9 dans l\u2019actualit\u00e9 nationale et internationale, l\u2019\u00e9conomie, la soci\u00e9t\u00e9 et les analyses politiques. Le site s\u2019adresse \u00e0 un large public francophone et couvre l\u2019information tunisienne en temps r\u00e9el.\",\"email\":\"redac@webdo.tn\",\"legalName\":\"YNJ SARL\",\"foundingDate\":\"2010-09-06\",\"numberOfEmployees\":{\"@type\":\"QuantitativeValue\",\"minValue\":\"11\",\"maxValue\":\"50\"}},{\"@type\":\"Person\",\"@id\":\"https:\\\/\\\/www.webdo.tn\\\/fr\\\/#\\\/schema\\\/person\\\/2c4929cbf5a809e3bd38617c6ce150f6\",\"name\":\"MC\",\"image\":{\"@type\":\"ImageObject\",\"inLanguage\":\"fr-FR\",\"@id\":\"https:\\\/\\\/secure.gravatar.com\\\/avatar\\\/a545bbb6f84efdd5553dbbc2895e3ca8f1d12c5215e00a041c9670b54aa9b18a?s=96&d=mm&r=g\",\"url\":\"https:\\\/\\\/secure.gravatar.com\\\/avatar\\\/a545bbb6f84efdd5553dbbc2895e3ca8f1d12c5215e00a041c9670b54aa9b18a?s=96&d=mm&r=g\",\"contentUrl\":\"https:\\\/\\\/secure.gravatar.com\\\/avatar\\\/a545bbb6f84efdd5553dbbc2895e3ca8f1d12c5215e00a041c9670b54aa9b18a?s=96&d=mm&r=g\",\"caption\":\"MC\"},\"url\":\"https:\\\/\\\/www.webdo.tn\\\/fr\\\/actualite\\\/author\\\/mc\\\/\"}]}<\/script>\n<!-- \/ Yoast SEO Premium plugin. -->","yoast_head_json":{"title":"Tunisie : D\u00e9mant\u00e8lement du camp de migrants d\u2019El Amra","description":"Tunisie : Les autorit\u00e9s d\u00e9mant\u00e8lent un camp de 2 500 migrants irr\u00e9guliers \u00e0 El Amra (Sfax). Op\u00e9ration encadr\u00e9e par la police, la garde nationale et la protectio...","canonical":"https:\/\/www.webdo.tn\/fr\/actualite\/regions\/tunisie-demantelement-du-camp-de-migrants-d-el-amra\/221518\/","og_locale":"fr_FR","og_type":"article","og_title":"Tunisie : D\u00e9mant\u00e8lement du camp de migrants d\u2019El Amra","og_description":"Tunisie : Les autorit\u00e9s d\u00e9mant\u00e8lent un camp de 2 500 migrants irr\u00e9guliers \u00e0 El Amra (Sfax). Op\u00e9ration encadr\u00e9e par la police, la garde nationale et la protectio...","og_url":"https:\/\/www.webdo.tn\/fr\/actualite\/regions\/tunisie-demantelement-du-camp-de-migrants-d-el-amra\/221518\/","og_site_name":"webdo","article_publisher":"https:\/\/www.facebook.com\/webdotn","article_published_time":"2025-04-24T11:25:00+00:00","article_modified_time":"2025-05-20T22:18:01+00:00","og_image":[{"width":750,"height":400,"url":"https:\/\/www.webdo.tn\/fr\/wp-content\/uploads\/2025\/04\/01a2d733cc8d78810b24d18e2f7397d0.webp","type":"image\/webp"}],"author":"MC","twitter_card":"summary_large_image","twitter_creator":"@webdo_tn","twitter_site":"@webdo_tn","twitter_misc":{"\u00c9crit par":"MC","Dur\u00e9e de lecture estim\u00e9e":"1 minute"},"schema":{"@context":"https:\/\/schema.org","@graph":[{"@type":"NewsArticle","@id":"https:\/\/www.webdo.tn\/fr\/actualite\/regions\/tunisie-demantelement-du-camp-de-migrants-d-el-amra\/221518\/#article","isPartOf":{"@id":"https:\/\/www.webdo.tn\/fr\/actualite\/regions\/tunisie-demantelement-du-camp-de-migrants-d-el-amra\/221518\/"},"author":{"name":"MC","@id":"https:\/\/www.webdo.tn\/fr\/#\/schema\/person\/2c4929cbf5a809e3bd38617c6ce150f6"},"headline":"Tunisie : D\u00e9mant\u00e8lement du camp de migrants d\u2019El Amra","datePublished":"2025-04-24T11:25:00+00:00","dateModified":"2025-05-20T22:18:01+00:00","mainEntityOfPage":{"@id":"https:\/\/www.webdo.tn\/fr\/actualite\/regions\/tunisie-demantelement-du-camp-de-migrants-d-el-amra\/221518\/"},"wordCount":137,"commentCount":0,"publisher":{"@id":"https:\/\/www.webdo.tn\/fr\/#organization"},"image":{"@id":"https:\/\/www.webdo.tn\/fr\/actualite\/regions\/tunisie-demantelement-du-camp-de-migrants-d-el-amra\/221518\/#primaryimage"},"thumbnailUrl":"https:\/\/www.webdo.tn\/fr\/wp-content\/uploads\/2025\/04\/01a2d733cc8d78810b24d18e2f7397d0.webp","keywords":["'el amra'","d\u00e9mant\u00e8lement","migrants","Tunisie"],"articleSection":["regions"],"inLanguage":"fr-FR"},{"@type":"WebPage","@id":"https:\/\/www.webdo.tn\/fr\/actualite\/regions\/tunisie-demantelement-du-camp-de-migrants-d-el-amra\/221518\/","url":"https:\/\/www.webdo.tn\/fr\/actualite\/regions\/tunisie-demantelement-du-camp-de-migrants-d-el-amra\/221518\/","name":"Tunisie : D\u00e9mant\u00e8lement du camp de migrants d\u2019El Amra","isPartOf":{"@id":"https:\/\/www.webdo.tn\/fr\/#website"},"primaryImageOfPage":{"@id":"https:\/\/www.webdo.tn\/fr\/actualite\/regions\/tunisie-demantelement-du-camp-de-migrants-d-el-amra\/221518\/#primaryimage"},"image":{"@id":"https:\/\/www.webdo.tn\/fr\/actualite\/regions\/tunisie-demantelement-du-camp-de-migrants-d-el-amra\/221518\/#primaryimage"},"thumbnailUrl":"https:\/\/www.webdo.tn\/fr\/wp-content\/uploads\/2025\/04\/01a2d733cc8d78810b24d18e2f7397d0.webp","datePublished":"2025-04-24T11:25:00+00:00","dateModified":"2025-05-20T22:18:01+00:00","description":"Tunisie : Les autorit\u00e9s d\u00e9mant\u00e8lent un camp de 2 500 migrants irr\u00e9guliers \u00e0 El Amra (Sfax). Op\u00e9ration encadr\u00e9e par la police, la garde nationale et la protectio...","breadcrumb":{"@id":"https:\/\/www.webdo.tn\/fr\/actualite\/regions\/tunisie-demantelement-du-camp-de-migrants-d-el-amra\/221518\/#breadcrumb"},"inLanguage":"fr-FR","potentialAction":[{"@type":"ReadAction","target":["https:\/\/www.webdo.tn\/fr\/actualite\/regions\/tunisie-demantelement-du-camp-de-migrants-d-el-amra\/221518\/"]}]},{"@type":"ImageObject","inLanguage":"fr-FR","@id":"https:\/\/www.webdo.tn\/fr\/actualite\/regions\/tunisie-demantelement-du-camp-de-migrants-d-el-amra\/221518\/#primaryimage","url":"https:\/\/www.webdo.tn\/fr\/wp-content\/uploads\/2025\/04\/01a2d733cc8d78810b24d18e2f7397d0.webp","contentUrl":"https:\/\/www.webdo.tn\/fr\/wp-content\/uploads\/2025\/04\/01a2d733cc8d78810b24d18e2f7397d0.webp","width":750,"height":400,"caption":"Tunisie : D\u00e9mant\u00e8lement du camp de migrants d\u2019El Amra"},{"@type":"BreadcrumbList","@id":"https:\/\/www.webdo.tn\/fr\/actualite\/regions\/tunisie-demantelement-du-camp-de-migrants-d-el-amra\/221518\/#breadcrumb","itemListElement":[{"@type":"ListItem","position":1,"name":"Accueil","item":"https:\/\/www.webdo.tn\/fr\/"},{"@type":"ListItem","position":2,"name":"Tunisie : D\u00e9mant\u00e8lement du camp de migrants d\u2019El Amra"}]},{"@type":"WebSite","@id":"https:\/\/www.webdo.tn\/fr\/#website","url":"https:\/\/www.webdo.tn\/fr\/","name":"webdo","description":"Tunisie - News en Tunisie et \u00e0 l&#039;international sur Webdo.tn","publisher":{"@id":"https:\/\/www.webdo.tn\/fr\/#organization"},"potentialAction":[{"@type":"SearchAction","target":{"@type":"EntryPoint","urlTemplate":"https:\/\/www.webdo.tn\/fr\/?s={search_term_string}"},"query-input":{"@type":"PropertyValueSpecification","valueRequired":true,"valueName":"search_term_string"}}],"inLanguage":"fr-FR"},{"@type":"Organization","@id":"https:\/\/www.webdo.tn\/fr\/#organization","name":"Webdo","alternateName":"Webdo.tn","url":"https:\/\/www.webdo.tn\/fr\/","logo":{"@type":"ImageObject","inLanguage":"fr-FR","@id":"https:\/\/www.webdo.tn\/fr\/#\/schema\/logo\/image\/","url":"https:\/\/www.webdo.tn\/fr\/wp-content\/uploads\/2025\/06\/Webdo-Tunisie_168377.jpg","contentUrl":"https:\/\/www.webdo.tn\/fr\/wp-content\/uploads\/2025\/06\/Webdo-Tunisie_168377.jpg","width":301,"height":301,"caption":"Webdo"},"image":{"@id":"https:\/\/www.webdo.tn\/fr\/#\/schema\/logo\/image\/"},"sameAs":["https:\/\/www.facebook.com\/webdotn","https:\/\/x.com\/webdo_tn"],"description":"Webdo est un m\u00e9dia num\u00e9rique tunisien fond\u00e9 en 2010, sp\u00e9cialis\u00e9 dans l\u2019actualit\u00e9 nationale et internationale, l\u2019\u00e9conomie, la soci\u00e9t\u00e9 et les analyses politiques. Le site s\u2019adresse \u00e0 un large public francophone et couvre l\u2019information tunisienne en temps r\u00e9el.","email":"redac@webdo.tn","legalName":"YNJ SARL","foundingDate":"2010-09-06","numberOfEmployees":{"@type":"QuantitativeValue","minValue":"11","maxValue":"50"}},{"@type":"Person","@id":"https:\/\/www.webdo.tn\/fr\/#\/schema\/person\/2c4929cbf5a809e3bd38617c6ce150f6","name":"MC","image":{"@type":"ImageObject","inLanguage":"fr-FR","@id":"https:\/\/secure.gravatar.com\/avatar\/a545bbb6f84efdd5553dbbc2895e3ca8f1d12c5215e00a041c9670b54aa9b18a?s=96&d=mm&r=g","url":"https:\/\/secure.gravatar.com\/avatar\/a545bbb6f84efdd5553dbbc2895e3ca8f1d12c5215e00a041c9670b54aa9b18a?s=96&d=mm&r=g","contentUrl":"https:\/\/secure.gravatar.com\/avatar\/a545bbb6f84efdd5553dbbc2895e3ca8f1d12c5215e00a041c9670b54aa9b18a?s=96&d=mm&r=g","caption":"MC"},"url":"https:\/\/www.webdo.tn\/fr\/actualite\/author\/mc\/"}]}},"_links":{"self":[{"href":"https:\/\/www.webdo.tn\/fr\/wp-json\/wp\/v2\/posts\/221518","targetHints":{"allow":["GET"]}}],"collection":[{"href":"https:\/\/www.webdo.tn\/fr\/wp-json\/wp\/v2\/posts"}],"about":[{"href":"https:\/\/www.webdo.tn\/fr\/wp-json\/wp\/v2\/types\/post"}],"author":[{"embeddable":true,"href":"https:\/\/www.webdo.tn\/fr\/wp-json\/wp\/v2\/users\/3162"}],"replies":[{"embeddable":true,"href":"https:\/\/www.webdo.tn\/fr\/wp-json\/wp\/v2\/comments?post=221518"}],"version-history":[{"count":0,"href":"https:\/\/www.webdo.tn\/fr\/wp-json\/wp\/v2\/posts\/221518\/revisions"}],"wp:featuredmedia":[{"embeddable":true,"href":"https:\/\/www.webdo.tn\/fr\/wp-json\/wp\/v2\/media\/292296"}],"wp:attachment":[{"href":"https:\/\/www.webdo.tn\/fr\/wp-json\/wp\/v2\/media?parent=221518"}],"wp:term":[{"taxonomy":"category","embeddable":true,"href":"https:\/\/www.webdo.tn\/fr\/wp-json\/wp\/v2\/categories?post=221518"},{"taxonomy":"post_tag","embeddable":true,"href":"https:\/\/www.webdo.tn\/fr\/wp-json\/wp\/v2\/tags?post=221518"}],"curies":[{"name":"wp","href":"https:\/\/api.w.org\/{rel}","templated":true}]}}