{"id":221517,"date":"2025-04-24T11:09:00","date_gmt":"2025-04-24T11:09:00","guid":{"rendered":"https:\/\/www.webdo.tn\/fr\/blog\/tunisie-enquete-ouverte-apres-l-interpellation-violente-d-un-chauffeur-de-bus\/221517\/"},"modified":"2025-05-20T22:18:00","modified_gmt":"2025-05-20T22:18:00","slug":"tunisie-enquete-ouverte-apres-l-interpellation-violente-d-un-chauffeur-de-bus","status":"publish","type":"post","link":"https:\/\/www.webdo.tn\/fr\/actualite\/national\/tunisie-enquete-ouverte-apres-l-interpellation-violente-d-un-chauffeur-de-bus\/221517\/","title":{"rendered":"Tunisie : Enqu\u00eate ouverte apr\u00e8s l\u2019interpellation violente d\u2019un chauffeur de bus"},"content":{"rendered":"<p>La Brigade des recherches et des investigations de la Garde nationale a ouvert une enqu\u00eate suite \u00e0 l\u2019agression pr\u00e9sum\u00e9e d\u2019un chauffeur de bus \u00e0 Menzel Temime, relevant de la Soci\u00e9t\u00e9 r\u00e9gionale de transport de Nabeul. Cette d\u00e9cision intervient apr\u00e8s le d\u00e9p\u00f4t d\u2019une plainte par le conducteur, Maher Belta\u00efef, pour violences physiques et verbales inflig\u00e9es par des agents de la Police de la circulation de Nabeul.<\/p>\n<p>\t\t\t\t\t\t\t\t\tL\u2019incident, survenu mardi 22 avril, a \u00e9t\u00e9 film\u00e9 par des passants et diffus\u00e9 sur les r\u00e9seaux sociaux, provoquant une large vague d\u2019indignation. Les images montrent le chauffeur violemment ma\u00eetris\u00e9 par plusieurs agents, puis conduit de force vers une cabine install\u00e9e sur le trottoir avant d\u2019\u00eatre embarqu\u00e9 dans une ambulance.<\/p>\n<p>Aucune arrestation n\u2019a encore \u00e9t\u00e9 op\u00e9r\u00e9e dans le cadre de l\u2019enqu\u00eate, a pr\u00e9cis\u00e9 Anis Meddeb, porte-parole du Tribunal de premi\u00e8re instance de Nabeul.<\/p>\n<p>Dans un communiqu\u00e9 publi\u00e9 au lendemain des faits, la F\u00e9d\u00e9ration g\u00e9n\u00e9rale du transport a exprim\u00e9 sa vive pr\u00e9occupation et condamn\u00e9 fermement \u00ab\u00a0une agression physique et verbale intol\u00e9rable\u00a0\u00bb. Elle appelle \u00e0 une enqu\u00eate rigoureuse et exige que les auteurs soient identifi\u00e9s et sanctionn\u00e9s. Le syndicat a \u00e9galement interpell\u00e9 les minist\u00e8res de l\u2019Int\u00e9rieur et du Transport pour qu\u2019ils mettent en place des mesures concr\u00e8tes afin de prot\u00e9ger les agents en service contre toute forme de violence.<\/p>\n<p>Sur Facebook, Maher Belta\u00efef a livr\u00e9 sa version des faits : les policiers lui auraient demand\u00e9 de s\u2019arr\u00eater en dehors d\u2019un arr\u00eat officiel pour qu\u2019ils montent \u00e0 bord du bus, ce qu\u2019il aurait refus\u00e9 conform\u00e9ment au r\u00e8glement. Ce refus aurait alors provoqu\u00e9 une intervention brutale. \u00ab\u00a0Je vais relativement bien, m\u00eame si je suis psychologiquement \u00e9puis\u00e9 par ce que j\u2019ai subi\u00a0\u00bb, \u00e9crit-il. Il remercie les citoyens pour leur soutien et met en garde ses coll\u00e8gues contre les abus de pouvoir.<\/p>\n","protected":false},"excerpt":{"rendered":"<p>Un chauffeur de bus agress\u00e9 \u00e0 Nabeul par des policiers suscite une vive pol\u00e9mique. Enqu\u00eate ouverte.<\/p>\n","protected":false},"author":3162,"featured_media":292295,"comment_status":"open","ping_status":"closed","sticky":false,"template":"","format":"standard","meta":{"footnotes":""},"categories":[44],"tags":[11250,3435,3202,2751],"class_list":["post-221517","post","type-post","status-publish","format-standard","has-post-thumbnail","hentry","category-national","tag-chauffeur-de-bus","tag-agression","tag-enquete","tag-nabeul"],"yoast_head":"<!-- This site is optimized with the Yoast SEO Premium plugin v27.4 (Yoast SEO v27.4) - https:\/\/yoast.com\/product\/yoast-seo-premium-wordpress\/ -->\n<title>Tunisie : Enqu\u00eate ouverte apr\u00e8s l\u2019interpellation violente d\u2019un chauffeur de bus<\/title>\n<meta name=\"description\" content=\"Un chauffeur de bus agress\u00e9 \u00e0 Nabeul par des policiers suscite une vive pol\u00e9mique. Enqu\u00eate ouverte.\" \/>\n<link rel=\"canonical\" href=\"https:\/\/www.webdo.tn\/fr\/actualite\/national\/tunisie-enquete-ouverte-apres-l-interpellation-violente-d-un-chauffeur-de-bus\/221517\/\" \/>\n<meta property=\"og:locale\" content=\"fr_FR\" \/>\n<meta property=\"og:type\" content=\"article\" \/>\n<meta property=\"og:title\" content=\"Tunisie : Enqu\u00eate ouverte apr\u00e8s l\u2019interpellation violente d\u2019un chauffeur de bus\" \/>\n<meta property=\"og:description\" content=\"Un chauffeur de bus agress\u00e9 \u00e0 Nabeul par des policiers suscite une vive pol\u00e9mique. Enqu\u00eate ouverte.\" \/>\n<meta property=\"og:url\" content=\"https:\/\/www.webdo.tn\/fr\/actualite\/national\/tunisie-enquete-ouverte-apres-l-interpellation-violente-d-un-chauffeur-de-bus\/221517\/\" \/>\n<meta property=\"og:site_name\" content=\"webdo\" \/>\n<meta property=\"article:publisher\" content=\"https:\/\/www.facebook.com\/webdotn\" \/>\n<meta property=\"article:published_time\" content=\"2025-04-24T11:09:00+00:00\" \/>\n<meta property=\"article:modified_time\" content=\"2025-05-20T22:18:00+00:00\" \/>\n<meta property=\"og:image\" content=\"https:\/\/www.webdo.tn\/fr\/wp-content\/uploads\/2025\/04\/2853060e768a52376f415982fe4e8f75.webp\" \/>\n\t<meta property=\"og:image:width\" content=\"750\" \/>\n\t<meta property=\"og:image:height\" content=\"400\" \/>\n\t<meta property=\"og:image:type\" content=\"image\/webp\" \/>\n<meta name=\"author\" content=\"MC\" \/>\n<meta name=\"twitter:card\" content=\"summary_large_image\" \/>\n<meta name=\"twitter:creator\" content=\"@webdo_tn\" \/>\n<meta name=\"twitter:site\" content=\"@webdo_tn\" \/>\n<meta name=\"twitter:label1\" content=\"\u00c9crit par\" \/>\n\t<meta name=\"twitter:data1\" content=\"MC\" \/>\n\t<meta name=\"twitter:label2\" content=\"Dur\u00e9e de lecture estim\u00e9e\" \/>\n\t<meta name=\"twitter:data2\" content=\"2 minutes\" \/>\n<script type=\"application\/ld+json\" class=\"yoast-schema-graph\">{\"@context\":\"https:\\\/\\\/schema.org\",\"@graph\":[{\"@type\":\"NewsArticle\",\"@id\":\"https:\\\/\\\/www.webdo.tn\\\/fr\\\/actualite\\\/national\\\/tunisie-enquete-ouverte-apres-l-interpellation-violente-d-un-chauffeur-de-bus\\\/221517\\\/#article\",\"isPartOf\":{\"@id\":\"https:\\\/\\\/www.webdo.tn\\\/fr\\\/actualite\\\/national\\\/tunisie-enquete-ouverte-apres-l-interpellation-violente-d-un-chauffeur-de-bus\\\/221517\\\/\"},\"author\":{\"name\":\"MC\",\"@id\":\"https:\\\/\\\/www.webdo.tn\\\/fr\\\/#\\\/schema\\\/person\\\/2c4929cbf5a809e3bd38617c6ce150f6\"},\"headline\":\"Tunisie : Enqu\u00eate ouverte apr\u00e8s l\u2019interpellation violente d\u2019un chauffeur de bus\",\"datePublished\":\"2025-04-24T11:09:00+00:00\",\"dateModified\":\"2025-05-20T22:18:00+00:00\",\"mainEntityOfPage\":{\"@id\":\"https:\\\/\\\/www.webdo.tn\\\/fr\\\/actualite\\\/national\\\/tunisie-enquete-ouverte-apres-l-interpellation-violente-d-un-chauffeur-de-bus\\\/221517\\\/\"},\"wordCount\":352,\"commentCount\":0,\"publisher\":{\"@id\":\"https:\\\/\\\/www.webdo.tn\\\/fr\\\/#organization\"},\"image\":{\"@id\":\"https:\\\/\\\/www.webdo.tn\\\/fr\\\/actualite\\\/national\\\/tunisie-enquete-ouverte-apres-l-interpellation-violente-d-un-chauffeur-de-bus\\\/221517\\\/#primaryimage\"},\"thumbnailUrl\":\"https:\\\/\\\/www.webdo.tn\\\/fr\\\/wp-content\\\/uploads\\\/2025\\\/04\\\/2853060e768a52376f415982fe4e8f75.webp\",\"keywords\":[\"'chauffeur de bus']\",\"agression\",\"Enqu\u00eate\",\"Nabeul\"],\"articleSection\":[\"National\"],\"inLanguage\":\"fr-FR\"},{\"@type\":\"WebPage\",\"@id\":\"https:\\\/\\\/www.webdo.tn\\\/fr\\\/actualite\\\/national\\\/tunisie-enquete-ouverte-apres-l-interpellation-violente-d-un-chauffeur-de-bus\\\/221517\\\/\",\"url\":\"https:\\\/\\\/www.webdo.tn\\\/fr\\\/actualite\\\/national\\\/tunisie-enquete-ouverte-apres-l-interpellation-violente-d-un-chauffeur-de-bus\\\/221517\\\/\",\"name\":\"Tunisie : Enqu\u00eate ouverte apr\u00e8s l\u2019interpellation violente d\u2019un chauffeur de bus\",\"isPartOf\":{\"@id\":\"https:\\\/\\\/www.webdo.tn\\\/fr\\\/#website\"},\"primaryImageOfPage\":{\"@id\":\"https:\\\/\\\/www.webdo.tn\\\/fr\\\/actualite\\\/national\\\/tunisie-enquete-ouverte-apres-l-interpellation-violente-d-un-chauffeur-de-bus\\\/221517\\\/#primaryimage\"},\"image\":{\"@id\":\"https:\\\/\\\/www.webdo.tn\\\/fr\\\/actualite\\\/national\\\/tunisie-enquete-ouverte-apres-l-interpellation-violente-d-un-chauffeur-de-bus\\\/221517\\\/#primaryimage\"},\"thumbnailUrl\":\"https:\\\/\\\/www.webdo.tn\\\/fr\\\/wp-content\\\/uploads\\\/2025\\\/04\\\/2853060e768a52376f415982fe4e8f75.webp\",\"datePublished\":\"2025-04-24T11:09:00+00:00\",\"dateModified\":\"2025-05-20T22:18:00+00:00\",\"description\":\"Un chauffeur de bus agress\u00e9 \u00e0 Nabeul par des policiers suscite une vive pol\u00e9mique. Enqu\u00eate ouverte.\",\"breadcrumb\":{\"@id\":\"https:\\\/\\\/www.webdo.tn\\\/fr\\\/actualite\\\/national\\\/tunisie-enquete-ouverte-apres-l-interpellation-violente-d-un-chauffeur-de-bus\\\/221517\\\/#breadcrumb\"},\"inLanguage\":\"fr-FR\",\"potentialAction\":[{\"@type\":\"ReadAction\",\"target\":[\"https:\\\/\\\/www.webdo.tn\\\/fr\\\/actualite\\\/national\\\/tunisie-enquete-ouverte-apres-l-interpellation-violente-d-un-chauffeur-de-bus\\\/221517\\\/\"]}]},{\"@type\":\"ImageObject\",\"inLanguage\":\"fr-FR\",\"@id\":\"https:\\\/\\\/www.webdo.tn\\\/fr\\\/actualite\\\/national\\\/tunisie-enquete-ouverte-apres-l-interpellation-violente-d-un-chauffeur-de-bus\\\/221517\\\/#primaryimage\",\"url\":\"https:\\\/\\\/www.webdo.tn\\\/fr\\\/wp-content\\\/uploads\\\/2025\\\/04\\\/2853060e768a52376f415982fe4e8f75.webp\",\"contentUrl\":\"https:\\\/\\\/www.webdo.tn\\\/fr\\\/wp-content\\\/uploads\\\/2025\\\/04\\\/2853060e768a52376f415982fe4e8f75.webp\",\"width\":750,\"height\":400,\"caption\":\"Tunisie : Enqu\u00eate ouverte apr\u00e8s l\u2019interpellation violente d\u2019un chauffeur de bus\"},{\"@type\":\"BreadcrumbList\",\"@id\":\"https:\\\/\\\/www.webdo.tn\\\/fr\\\/actualite\\\/national\\\/tunisie-enquete-ouverte-apres-l-interpellation-violente-d-un-chauffeur-de-bus\\\/221517\\\/#breadcrumb\",\"itemListElement\":[{\"@type\":\"ListItem\",\"position\":1,\"name\":\"Accueil\",\"item\":\"https:\\\/\\\/www.webdo.tn\\\/fr\\\/\"},{\"@type\":\"ListItem\",\"position\":2,\"name\":\"Tunisie : Enqu\u00eate ouverte apr\u00e8s l\u2019interpellation violente d\u2019un chauffeur de bus\"}]},{\"@type\":\"WebSite\",\"@id\":\"https:\\\/\\\/www.webdo.tn\\\/fr\\\/#website\",\"url\":\"https:\\\/\\\/www.webdo.tn\\\/fr\\\/\",\"name\":\"webdo\",\"description\":\"Tunisie - News en Tunisie et \u00e0 l&#039;international sur Webdo.tn\",\"publisher\":{\"@id\":\"https:\\\/\\\/www.webdo.tn\\\/fr\\\/#organization\"},\"potentialAction\":[{\"@type\":\"SearchAction\",\"target\":{\"@type\":\"EntryPoint\",\"urlTemplate\":\"https:\\\/\\\/www.webdo.tn\\\/fr\\\/?s={search_term_string}\"},\"query-input\":{\"@type\":\"PropertyValueSpecification\",\"valueRequired\":true,\"valueName\":\"search_term_string\"}}],\"inLanguage\":\"fr-FR\"},{\"@type\":\"Organization\",\"@id\":\"https:\\\/\\\/www.webdo.tn\\\/fr\\\/#organization\",\"name\":\"Webdo\",\"alternateName\":\"Webdo.tn\",\"url\":\"https:\\\/\\\/www.webdo.tn\\\/fr\\\/\",\"logo\":{\"@type\":\"ImageObject\",\"inLanguage\":\"fr-FR\",\"@id\":\"https:\\\/\\\/www.webdo.tn\\\/fr\\\/#\\\/schema\\\/logo\\\/image\\\/\",\"url\":\"https:\\\/\\\/www.webdo.tn\\\/fr\\\/wp-content\\\/uploads\\\/2025\\\/06\\\/Webdo-Tunisie_168377.jpg\",\"contentUrl\":\"https:\\\/\\\/www.webdo.tn\\\/fr\\\/wp-content\\\/uploads\\\/2025\\\/06\\\/Webdo-Tunisie_168377.jpg\",\"width\":301,\"height\":301,\"caption\":\"Webdo\"},\"image\":{\"@id\":\"https:\\\/\\\/www.webdo.tn\\\/fr\\\/#\\\/schema\\\/logo\\\/image\\\/\"},\"sameAs\":[\"https:\\\/\\\/www.facebook.com\\\/webdotn\",\"https:\\\/\\\/x.com\\\/webdo_tn\"],\"description\":\"Webdo est un m\u00e9dia num\u00e9rique tunisien fond\u00e9 en 2010, sp\u00e9cialis\u00e9 dans l\u2019actualit\u00e9 nationale et internationale, l\u2019\u00e9conomie, la soci\u00e9t\u00e9 et les analyses politiques. Le site s\u2019adresse \u00e0 un large public francophone et couvre l\u2019information tunisienne en temps r\u00e9el.\",\"email\":\"redac@webdo.tn\",\"legalName\":\"YNJ SARL\",\"foundingDate\":\"2010-09-06\",\"numberOfEmployees\":{\"@type\":\"QuantitativeValue\",\"minValue\":\"11\",\"maxValue\":\"50\"}},{\"@type\":\"Person\",\"@id\":\"https:\\\/\\\/www.webdo.tn\\\/fr\\\/#\\\/schema\\\/person\\\/2c4929cbf5a809e3bd38617c6ce150f6\",\"name\":\"MC\",\"image\":{\"@type\":\"ImageObject\",\"inLanguage\":\"fr-FR\",\"@id\":\"https:\\\/\\\/secure.gravatar.com\\\/avatar\\\/a545bbb6f84efdd5553dbbc2895e3ca8f1d12c5215e00a041c9670b54aa9b18a?s=96&d=mm&r=g\",\"url\":\"https:\\\/\\\/secure.gravatar.com\\\/avatar\\\/a545bbb6f84efdd5553dbbc2895e3ca8f1d12c5215e00a041c9670b54aa9b18a?s=96&d=mm&r=g\",\"contentUrl\":\"https:\\\/\\\/secure.gravatar.com\\\/avatar\\\/a545bbb6f84efdd5553dbbc2895e3ca8f1d12c5215e00a041c9670b54aa9b18a?s=96&d=mm&r=g\",\"caption\":\"MC\"},\"url\":\"https:\\\/\\\/www.webdo.tn\\\/fr\\\/actualite\\\/author\\\/mc\\\/\"}]}<\/script>\n<!-- \/ Yoast SEO Premium plugin. -->","yoast_head_json":{"title":"Tunisie : Enqu\u00eate ouverte apr\u00e8s l\u2019interpellation violente d\u2019un chauffeur de bus","description":"Un chauffeur de bus agress\u00e9 \u00e0 Nabeul par des policiers suscite une vive pol\u00e9mique. Enqu\u00eate ouverte.","canonical":"https:\/\/www.webdo.tn\/fr\/actualite\/national\/tunisie-enquete-ouverte-apres-l-interpellation-violente-d-un-chauffeur-de-bus\/221517\/","og_locale":"fr_FR","og_type":"article","og_title":"Tunisie : Enqu\u00eate ouverte apr\u00e8s l\u2019interpellation violente d\u2019un chauffeur de bus","og_description":"Un chauffeur de bus agress\u00e9 \u00e0 Nabeul par des policiers suscite une vive pol\u00e9mique. Enqu\u00eate ouverte.","og_url":"https:\/\/www.webdo.tn\/fr\/actualite\/national\/tunisie-enquete-ouverte-apres-l-interpellation-violente-d-un-chauffeur-de-bus\/221517\/","og_site_name":"webdo","article_publisher":"https:\/\/www.facebook.com\/webdotn","article_published_time":"2025-04-24T11:09:00+00:00","article_modified_time":"2025-05-20T22:18:00+00:00","og_image":[{"width":750,"height":400,"url":"https:\/\/www.webdo.tn\/fr\/wp-content\/uploads\/2025\/04\/2853060e768a52376f415982fe4e8f75.webp","type":"image\/webp"}],"author":"MC","twitter_card":"summary_large_image","twitter_creator":"@webdo_tn","twitter_site":"@webdo_tn","twitter_misc":{"\u00c9crit par":"MC","Dur\u00e9e de lecture estim\u00e9e":"2 minutes"},"schema":{"@context":"https:\/\/schema.org","@graph":[{"@type":"NewsArticle","@id":"https:\/\/www.webdo.tn\/fr\/actualite\/national\/tunisie-enquete-ouverte-apres-l-interpellation-violente-d-un-chauffeur-de-bus\/221517\/#article","isPartOf":{"@id":"https:\/\/www.webdo.tn\/fr\/actualite\/national\/tunisie-enquete-ouverte-apres-l-interpellation-violente-d-un-chauffeur-de-bus\/221517\/"},"author":{"name":"MC","@id":"https:\/\/www.webdo.tn\/fr\/#\/schema\/person\/2c4929cbf5a809e3bd38617c6ce150f6"},"headline":"Tunisie : Enqu\u00eate ouverte apr\u00e8s l\u2019interpellation violente d\u2019un chauffeur de bus","datePublished":"2025-04-24T11:09:00+00:00","dateModified":"2025-05-20T22:18:00+00:00","mainEntityOfPage":{"@id":"https:\/\/www.webdo.tn\/fr\/actualite\/national\/tunisie-enquete-ouverte-apres-l-interpellation-violente-d-un-chauffeur-de-bus\/221517\/"},"wordCount":352,"commentCount":0,"publisher":{"@id":"https:\/\/www.webdo.tn\/fr\/#organization"},"image":{"@id":"https:\/\/www.webdo.tn\/fr\/actualite\/national\/tunisie-enquete-ouverte-apres-l-interpellation-violente-d-un-chauffeur-de-bus\/221517\/#primaryimage"},"thumbnailUrl":"https:\/\/www.webdo.tn\/fr\/wp-content\/uploads\/2025\/04\/2853060e768a52376f415982fe4e8f75.webp","keywords":["'chauffeur de bus']","agression","Enqu\u00eate","Nabeul"],"articleSection":["National"],"inLanguage":"fr-FR"},{"@type":"WebPage","@id":"https:\/\/www.webdo.tn\/fr\/actualite\/national\/tunisie-enquete-ouverte-apres-l-interpellation-violente-d-un-chauffeur-de-bus\/221517\/","url":"https:\/\/www.webdo.tn\/fr\/actualite\/national\/tunisie-enquete-ouverte-apres-l-interpellation-violente-d-un-chauffeur-de-bus\/221517\/","name":"Tunisie : Enqu\u00eate ouverte apr\u00e8s l\u2019interpellation violente d\u2019un chauffeur de bus","isPartOf":{"@id":"https:\/\/www.webdo.tn\/fr\/#website"},"primaryImageOfPage":{"@id":"https:\/\/www.webdo.tn\/fr\/actualite\/national\/tunisie-enquete-ouverte-apres-l-interpellation-violente-d-un-chauffeur-de-bus\/221517\/#primaryimage"},"image":{"@id":"https:\/\/www.webdo.tn\/fr\/actualite\/national\/tunisie-enquete-ouverte-apres-l-interpellation-violente-d-un-chauffeur-de-bus\/221517\/#primaryimage"},"thumbnailUrl":"https:\/\/www.webdo.tn\/fr\/wp-content\/uploads\/2025\/04\/2853060e768a52376f415982fe4e8f75.webp","datePublished":"2025-04-24T11:09:00+00:00","dateModified":"2025-05-20T22:18:00+00:00","description":"Un chauffeur de bus agress\u00e9 \u00e0 Nabeul par des policiers suscite une vive pol\u00e9mique. Enqu\u00eate ouverte.","breadcrumb":{"@id":"https:\/\/www.webdo.tn\/fr\/actualite\/national\/tunisie-enquete-ouverte-apres-l-interpellation-violente-d-un-chauffeur-de-bus\/221517\/#breadcrumb"},"inLanguage":"fr-FR","potentialAction":[{"@type":"ReadAction","target":["https:\/\/www.webdo.tn\/fr\/actualite\/national\/tunisie-enquete-ouverte-apres-l-interpellation-violente-d-un-chauffeur-de-bus\/221517\/"]}]},{"@type":"ImageObject","inLanguage":"fr-FR","@id":"https:\/\/www.webdo.tn\/fr\/actualite\/national\/tunisie-enquete-ouverte-apres-l-interpellation-violente-d-un-chauffeur-de-bus\/221517\/#primaryimage","url":"https:\/\/www.webdo.tn\/fr\/wp-content\/uploads\/2025\/04\/2853060e768a52376f415982fe4e8f75.webp","contentUrl":"https:\/\/www.webdo.tn\/fr\/wp-content\/uploads\/2025\/04\/2853060e768a52376f415982fe4e8f75.webp","width":750,"height":400,"caption":"Tunisie : Enqu\u00eate ouverte apr\u00e8s l\u2019interpellation violente d\u2019un chauffeur de bus"},{"@type":"BreadcrumbList","@id":"https:\/\/www.webdo.tn\/fr\/actualite\/national\/tunisie-enquete-ouverte-apres-l-interpellation-violente-d-un-chauffeur-de-bus\/221517\/#breadcrumb","itemListElement":[{"@type":"ListItem","position":1,"name":"Accueil","item":"https:\/\/www.webdo.tn\/fr\/"},{"@type":"ListItem","position":2,"name":"Tunisie : Enqu\u00eate ouverte apr\u00e8s l\u2019interpellation violente d\u2019un chauffeur de bus"}]},{"@type":"WebSite","@id":"https:\/\/www.webdo.tn\/fr\/#website","url":"https:\/\/www.webdo.tn\/fr\/","name":"webdo","description":"Tunisie - News en Tunisie et \u00e0 l&#039;international sur Webdo.tn","publisher":{"@id":"https:\/\/www.webdo.tn\/fr\/#organization"},"potentialAction":[{"@type":"SearchAction","target":{"@type":"EntryPoint","urlTemplate":"https:\/\/www.webdo.tn\/fr\/?s={search_term_string}"},"query-input":{"@type":"PropertyValueSpecification","valueRequired":true,"valueName":"search_term_string"}}],"inLanguage":"fr-FR"},{"@type":"Organization","@id":"https:\/\/www.webdo.tn\/fr\/#organization","name":"Webdo","alternateName":"Webdo.tn","url":"https:\/\/www.webdo.tn\/fr\/","logo":{"@type":"ImageObject","inLanguage":"fr-FR","@id":"https:\/\/www.webdo.tn\/fr\/#\/schema\/logo\/image\/","url":"https:\/\/www.webdo.tn\/fr\/wp-content\/uploads\/2025\/06\/Webdo-Tunisie_168377.jpg","contentUrl":"https:\/\/www.webdo.tn\/fr\/wp-content\/uploads\/2025\/06\/Webdo-Tunisie_168377.jpg","width":301,"height":301,"caption":"Webdo"},"image":{"@id":"https:\/\/www.webdo.tn\/fr\/#\/schema\/logo\/image\/"},"sameAs":["https:\/\/www.facebook.com\/webdotn","https:\/\/x.com\/webdo_tn"],"description":"Webdo est un m\u00e9dia num\u00e9rique tunisien fond\u00e9 en 2010, sp\u00e9cialis\u00e9 dans l\u2019actualit\u00e9 nationale et internationale, l\u2019\u00e9conomie, la soci\u00e9t\u00e9 et les analyses politiques. Le site s\u2019adresse \u00e0 un large public francophone et couvre l\u2019information tunisienne en temps r\u00e9el.","email":"redac@webdo.tn","legalName":"YNJ SARL","foundingDate":"2010-09-06","numberOfEmployees":{"@type":"QuantitativeValue","minValue":"11","maxValue":"50"}},{"@type":"Person","@id":"https:\/\/www.webdo.tn\/fr\/#\/schema\/person\/2c4929cbf5a809e3bd38617c6ce150f6","name":"MC","image":{"@type":"ImageObject","inLanguage":"fr-FR","@id":"https:\/\/secure.gravatar.com\/avatar\/a545bbb6f84efdd5553dbbc2895e3ca8f1d12c5215e00a041c9670b54aa9b18a?s=96&d=mm&r=g","url":"https:\/\/secure.gravatar.com\/avatar\/a545bbb6f84efdd5553dbbc2895e3ca8f1d12c5215e00a041c9670b54aa9b18a?s=96&d=mm&r=g","contentUrl":"https:\/\/secure.gravatar.com\/avatar\/a545bbb6f84efdd5553dbbc2895e3ca8f1d12c5215e00a041c9670b54aa9b18a?s=96&d=mm&r=g","caption":"MC"},"url":"https:\/\/www.webdo.tn\/fr\/actualite\/author\/mc\/"}]}},"_links":{"self":[{"href":"https:\/\/www.webdo.tn\/fr\/wp-json\/wp\/v2\/posts\/221517","targetHints":{"allow":["GET"]}}],"collection":[{"href":"https:\/\/www.webdo.tn\/fr\/wp-json\/wp\/v2\/posts"}],"about":[{"href":"https:\/\/www.webdo.tn\/fr\/wp-json\/wp\/v2\/types\/post"}],"author":[{"embeddable":true,"href":"https:\/\/www.webdo.tn\/fr\/wp-json\/wp\/v2\/users\/3162"}],"replies":[{"embeddable":true,"href":"https:\/\/www.webdo.tn\/fr\/wp-json\/wp\/v2\/comments?post=221517"}],"version-history":[{"count":0,"href":"https:\/\/www.webdo.tn\/fr\/wp-json\/wp\/v2\/posts\/221517\/revisions"}],"wp:featuredmedia":[{"embeddable":true,"href":"https:\/\/www.webdo.tn\/fr\/wp-json\/wp\/v2\/media\/292295"}],"wp:attachment":[{"href":"https:\/\/www.webdo.tn\/fr\/wp-json\/wp\/v2\/media?parent=221517"}],"wp:term":[{"taxonomy":"category","embeddable":true,"href":"https:\/\/www.webdo.tn\/fr\/wp-json\/wp\/v2\/categories?post=221517"},{"taxonomy":"post_tag","embeddable":true,"href":"https:\/\/www.webdo.tn\/fr\/wp-json\/wp\/v2\/tags?post=221517"}],"curies":[{"name":"wp","href":"https:\/\/api.w.org\/{rel}","templated":true}]}}