{"id":221485,"date":"2025-04-23T11:50:00","date_gmt":"2025-04-23T11:50:00","guid":{"rendered":"https:\/\/www.webdo.tn\/fr\/blog\/tunisie-nabeul-un-chauffeur-de-bus-brutalement-interpelle-le-syndicat-monte-au-front\/221485\/"},"modified":"2025-05-20T22:17:57","modified_gmt":"2025-05-20T22:17:57","slug":"tunisie-nabeul-un-chauffeur-de-bus-brutalement-interpelle-le-syndicat-monte-au-front","status":"publish","type":"post","link":"https:\/\/www.webdo.tn\/fr\/actualite\/national\/tunisie-nabeul-un-chauffeur-de-bus-brutalement-interpelle-le-syndicat-monte-au-front\/221485\/","title":{"rendered":"Tunisie &#8211; Nabeul : Un chauffeur de bus brutalement interpell\u00e9, le syndicat monte au front"},"content":{"rendered":"<p>Mardi 22 avril 2025, une interpellation muscl\u00e9e \u00e0 Nabeul a provoqu\u00e9 une vague d&rsquo;indignation apr\u00e8s la diffusion de vid\u00e9os montrant des policiers en train de ma\u00eetriser violemment Maher Belta\u00efef, chauffeur de bus relevant de la Soci\u00e9t\u00e9 r\u00e9gionale de transport de Nabeul.<\/p>\n<p>\t\t\t\t\t\t\t\t\tLes images ont rapidement circul\u00e9 sur les r\u00e9seaux sociaux, montrant l&rsquo;homme conduit manu militari vers une cabine install\u00e9e sur le trottoir, avant d&rsquo;\u00eatre embarqu\u00e9 dans une ambulance. Des passants, choqu\u00e9s par la sc\u00e8ne, ont cri\u00e9 \u00e0 l&rsquo;injustice et ont entour\u00e9 la cabine pour manifester leur soutien au conducteur.<\/p>\n<p>Face \u00e0 l&rsquo;ampleur de la pol\u00e9mique, la F\u00e9d\u00e9ration g\u00e9n\u00e9rale du transport a publi\u00e9 un communiqu\u00e9 d\u00e8s le lendemain, exprimant sa profonde inqui\u00e9tude et son m\u00e9contentement. Elle d\u00e9nonce une agression verbale et physique inacceptable perp\u00e9tr\u00e9e par des agents des forces de l&rsquo;ordre alors que le chauffeur \u00e9tait en plein exercice de ses fonctions. Le syndicat condamne un acte qui, selon lui, porte gravement atteinte \u00e0 la dignit\u00e9 des travailleurs du service public.<\/p>\n<p>Dans son appel, la F\u00e9d\u00e9ration insiste sur la n\u00e9cessit\u00e9 d&rsquo;une enqu\u00eate urgente, impartiale et approfondie pour \u00e9lucider les faits et sanctionner les responsables. Elle interpelle les minist\u00e8res de l&rsquo;Int\u00e9rieur et du Transport afin de mettre en place des protocoles stricts garantissant la protection des agents en service et pr\u00e9venant toute forme de violence ou d&rsquo;humiliation.<\/p>\n<p>Quelques heures apr\u00e8s l&rsquo;incident, Maher Belta\u00efef a livr\u00e9 sa version des faits via une publication sur Facebook. Selon son t\u00e9moignage, les policiers lui auraient demand\u00e9 de s&rsquo;arr\u00eater en dehors d&rsquo;un arr\u00eat officiel pour les laisser monter \u00e0 bord, ce qu&rsquo;il a refus\u00e9 par respect du r\u00e8glement. Il affirme que ce refus aurait d\u00e9clench\u00e9 l&rsquo;intervention brutale.<\/p>\n<p>\u00ab\u00a0Je vais relativement bien, m\u00eame si je suis psychologiquement \u00e9puis\u00e9 par l&rsquo;injustice que j&rsquo;ai subie\u00a0\u00bb, \u00e9crit-il. Il remercie les citoyens qui lui ont apport\u00e9 leur soutien et met en garde ses coll\u00e8gues : \u00ab\u00a0Si vous refusez, vos papiers peuvent \u00eatre confisqu\u00e9s et il pourrait vous arriver ce qui m&rsquo;est arriv\u00e9&#8230;\u00a0\u00bb conclut-il, appelant \u00e0 une prise de conscience collective.<\/p>\n<p>L&rsquo;affaire est aujourd&rsquo;hui entre les mains des autorit\u00e9s.<\/p>\n","protected":false},"excerpt":{"rendered":"<p>A Nabeul, l\u2019interpellation violente d\u2019un chauffeur de bus par la police suscite l\u2019indignation. Le syndicat du transport d\u00e9nonce, la victime t\u00e9moigne d\u2019un traite&#8230;<\/p>\n","protected":false},"author":3162,"featured_media":292288,"comment_status":"open","ping_status":"closed","sticky":false,"template":"","format":"standard","meta":{"footnotes":""},"categories":[44],"tags":[11246,3435,3403,2751,2608],"class_list":["post-221485","post","type-post","status-publish","format-standard","has-post-thumbnail","hentry","category-national","tag-chauffeur","tag-agression","tag-bus","tag-nabeul","tag-tunisie"],"yoast_head":"<!-- This site is optimized with the Yoast SEO Premium plugin v27.4 (Yoast SEO v27.5) - https:\/\/yoast.com\/product\/yoast-seo-premium-wordpress\/ -->\n<title>Tunisie - Nabeul : Un chauffeur de bus brutalement interpell\u00e9, le syndicat monte au front<\/title>\n<meta name=\"description\" content=\"A Nabeul, l\u2019interpellation violente d\u2019un chauffeur de bus par la police suscite l\u2019indignation. Le syndicat du transport d\u00e9nonce, la victime t\u00e9moigne d\u2019un traite...\" \/>\n<link rel=\"canonical\" href=\"https:\/\/www.webdo.tn\/fr\/actualite\/national\/tunisie-nabeul-un-chauffeur-de-bus-brutalement-interpelle-le-syndicat-monte-au-front\/221485\/\" \/>\n<meta property=\"og:locale\" content=\"fr_FR\" \/>\n<meta property=\"og:type\" content=\"article\" \/>\n<meta property=\"og:title\" content=\"Tunisie - Nabeul : Un chauffeur de bus brutalement interpell\u00e9, le syndicat monte au front\" \/>\n<meta property=\"og:description\" content=\"A Nabeul, l\u2019interpellation violente d\u2019un chauffeur de bus par la police suscite l\u2019indignation. Le syndicat du transport d\u00e9nonce, la victime t\u00e9moigne d\u2019un traite...\" \/>\n<meta property=\"og:url\" content=\"https:\/\/www.webdo.tn\/fr\/actualite\/national\/tunisie-nabeul-un-chauffeur-de-bus-brutalement-interpelle-le-syndicat-monte-au-front\/221485\/\" \/>\n<meta property=\"og:site_name\" content=\"webdo\" \/>\n<meta property=\"article:publisher\" content=\"https:\/\/www.facebook.com\/webdotn\" \/>\n<meta property=\"article:published_time\" content=\"2025-04-23T11:50:00+00:00\" \/>\n<meta property=\"article:modified_time\" content=\"2025-05-20T22:17:57+00:00\" \/>\n<meta property=\"og:image\" content=\"https:\/\/www.webdo.tn\/fr\/wp-content\/uploads\/2025\/04\/9522cab50aa42829e4a1fe348b8156eb.webp\" \/>\n\t<meta property=\"og:image:width\" content=\"750\" \/>\n\t<meta property=\"og:image:height\" content=\"400\" \/>\n\t<meta property=\"og:image:type\" content=\"image\/webp\" \/>\n<meta name=\"author\" content=\"MC\" \/>\n<meta name=\"twitter:card\" content=\"summary_large_image\" \/>\n<meta name=\"twitter:creator\" content=\"@webdo_tn\" \/>\n<meta name=\"twitter:site\" content=\"@webdo_tn\" \/>\n<meta name=\"twitter:label1\" content=\"\u00c9crit par\" \/>\n\t<meta name=\"twitter:data1\" content=\"MC\" \/>\n\t<meta name=\"twitter:label2\" content=\"Dur\u00e9e de lecture estim\u00e9e\" \/>\n\t<meta name=\"twitter:data2\" content=\"2 minutes\" \/>\n<script type=\"application\/ld+json\" class=\"yoast-schema-graph\">{\"@context\":\"https:\\\/\\\/schema.org\",\"@graph\":[{\"@type\":\"NewsArticle\",\"@id\":\"https:\\\/\\\/www.webdo.tn\\\/fr\\\/actualite\\\/national\\\/tunisie-nabeul-un-chauffeur-de-bus-brutalement-interpelle-le-syndicat-monte-au-front\\\/221485\\\/#article\",\"isPartOf\":{\"@id\":\"https:\\\/\\\/www.webdo.tn\\\/fr\\\/actualite\\\/national\\\/tunisie-nabeul-un-chauffeur-de-bus-brutalement-interpelle-le-syndicat-monte-au-front\\\/221485\\\/\"},\"author\":{\"name\":\"MC\",\"@id\":\"https:\\\/\\\/www.webdo.tn\\\/fr\\\/#\\\/schema\\\/person\\\/2c4929cbf5a809e3bd38617c6ce150f6\"},\"headline\":\"Tunisie &#8211; Nabeul : Un chauffeur de bus brutalement interpell\u00e9, le syndicat monte au front\",\"datePublished\":\"2025-04-23T11:50:00+00:00\",\"dateModified\":\"2025-05-20T22:17:57+00:00\",\"mainEntityOfPage\":{\"@id\":\"https:\\\/\\\/www.webdo.tn\\\/fr\\\/actualite\\\/national\\\/tunisie-nabeul-un-chauffeur-de-bus-brutalement-interpelle-le-syndicat-monte-au-front\\\/221485\\\/\"},\"wordCount\":400,\"commentCount\":0,\"publisher\":{\"@id\":\"https:\\\/\\\/www.webdo.tn\\\/fr\\\/#organization\"},\"image\":{\"@id\":\"https:\\\/\\\/www.webdo.tn\\\/fr\\\/actualite\\\/national\\\/tunisie-nabeul-un-chauffeur-de-bus-brutalement-interpelle-le-syndicat-monte-au-front\\\/221485\\\/#primaryimage\"},\"thumbnailUrl\":\"https:\\\/\\\/www.webdo.tn\\\/fr\\\/wp-content\\\/uploads\\\/2025\\\/04\\\/9522cab50aa42829e4a1fe348b8156eb.webp\",\"keywords\":[\"'chauffeur']\",\"agression\",\"Bus\",\"Nabeul\",\"Tunisie\"],\"articleSection\":[\"National\"],\"inLanguage\":\"fr-FR\"},{\"@type\":\"WebPage\",\"@id\":\"https:\\\/\\\/www.webdo.tn\\\/fr\\\/actualite\\\/national\\\/tunisie-nabeul-un-chauffeur-de-bus-brutalement-interpelle-le-syndicat-monte-au-front\\\/221485\\\/\",\"url\":\"https:\\\/\\\/www.webdo.tn\\\/fr\\\/actualite\\\/national\\\/tunisie-nabeul-un-chauffeur-de-bus-brutalement-interpelle-le-syndicat-monte-au-front\\\/221485\\\/\",\"name\":\"Tunisie - Nabeul : Un chauffeur de bus brutalement interpell\u00e9, le syndicat monte au front\",\"isPartOf\":{\"@id\":\"https:\\\/\\\/www.webdo.tn\\\/fr\\\/#website\"},\"primaryImageOfPage\":{\"@id\":\"https:\\\/\\\/www.webdo.tn\\\/fr\\\/actualite\\\/national\\\/tunisie-nabeul-un-chauffeur-de-bus-brutalement-interpelle-le-syndicat-monte-au-front\\\/221485\\\/#primaryimage\"},\"image\":{\"@id\":\"https:\\\/\\\/www.webdo.tn\\\/fr\\\/actualite\\\/national\\\/tunisie-nabeul-un-chauffeur-de-bus-brutalement-interpelle-le-syndicat-monte-au-front\\\/221485\\\/#primaryimage\"},\"thumbnailUrl\":\"https:\\\/\\\/www.webdo.tn\\\/fr\\\/wp-content\\\/uploads\\\/2025\\\/04\\\/9522cab50aa42829e4a1fe348b8156eb.webp\",\"datePublished\":\"2025-04-23T11:50:00+00:00\",\"dateModified\":\"2025-05-20T22:17:57+00:00\",\"description\":\"A Nabeul, l\u2019interpellation violente d\u2019un chauffeur de bus par la police suscite l\u2019indignation. Le syndicat du transport d\u00e9nonce, la victime t\u00e9moigne d\u2019un traite...\",\"breadcrumb\":{\"@id\":\"https:\\\/\\\/www.webdo.tn\\\/fr\\\/actualite\\\/national\\\/tunisie-nabeul-un-chauffeur-de-bus-brutalement-interpelle-le-syndicat-monte-au-front\\\/221485\\\/#breadcrumb\"},\"inLanguage\":\"fr-FR\",\"potentialAction\":[{\"@type\":\"ReadAction\",\"target\":[\"https:\\\/\\\/www.webdo.tn\\\/fr\\\/actualite\\\/national\\\/tunisie-nabeul-un-chauffeur-de-bus-brutalement-interpelle-le-syndicat-monte-au-front\\\/221485\\\/\"]}]},{\"@type\":\"ImageObject\",\"inLanguage\":\"fr-FR\",\"@id\":\"https:\\\/\\\/www.webdo.tn\\\/fr\\\/actualite\\\/national\\\/tunisie-nabeul-un-chauffeur-de-bus-brutalement-interpelle-le-syndicat-monte-au-front\\\/221485\\\/#primaryimage\",\"url\":\"https:\\\/\\\/www.webdo.tn\\\/fr\\\/wp-content\\\/uploads\\\/2025\\\/04\\\/9522cab50aa42829e4a1fe348b8156eb.webp\",\"contentUrl\":\"https:\\\/\\\/www.webdo.tn\\\/fr\\\/wp-content\\\/uploads\\\/2025\\\/04\\\/9522cab50aa42829e4a1fe348b8156eb.webp\",\"width\":750,\"height\":400,\"caption\":\"Tunisie - Nabeul : Un chauffeur de bus brutalement interpell\u00e9, le syndicat monte au front\"},{\"@type\":\"BreadcrumbList\",\"@id\":\"https:\\\/\\\/www.webdo.tn\\\/fr\\\/actualite\\\/national\\\/tunisie-nabeul-un-chauffeur-de-bus-brutalement-interpelle-le-syndicat-monte-au-front\\\/221485\\\/#breadcrumb\",\"itemListElement\":[{\"@type\":\"ListItem\",\"position\":1,\"name\":\"Accueil\",\"item\":\"https:\\\/\\\/www.webdo.tn\\\/fr\\\/\"},{\"@type\":\"ListItem\",\"position\":2,\"name\":\"Tunisie &#8211; Nabeul : Un chauffeur de bus brutalement interpell\u00e9, le syndicat monte au front\"}]},{\"@type\":\"WebSite\",\"@id\":\"https:\\\/\\\/www.webdo.tn\\\/fr\\\/#website\",\"url\":\"https:\\\/\\\/www.webdo.tn\\\/fr\\\/\",\"name\":\"webdo\",\"description\":\"Tunisie - News en Tunisie et \u00e0 l&#039;international sur Webdo.tn\",\"publisher\":{\"@id\":\"https:\\\/\\\/www.webdo.tn\\\/fr\\\/#organization\"},\"potentialAction\":[{\"@type\":\"SearchAction\",\"target\":{\"@type\":\"EntryPoint\",\"urlTemplate\":\"https:\\\/\\\/www.webdo.tn\\\/fr\\\/?s={search_term_string}\"},\"query-input\":{\"@type\":\"PropertyValueSpecification\",\"valueRequired\":true,\"valueName\":\"search_term_string\"}}],\"inLanguage\":\"fr-FR\"},{\"@type\":\"Organization\",\"@id\":\"https:\\\/\\\/www.webdo.tn\\\/fr\\\/#organization\",\"name\":\"Webdo\",\"alternateName\":\"Webdo.tn\",\"url\":\"https:\\\/\\\/www.webdo.tn\\\/fr\\\/\",\"logo\":{\"@type\":\"ImageObject\",\"inLanguage\":\"fr-FR\",\"@id\":\"https:\\\/\\\/www.webdo.tn\\\/fr\\\/#\\\/schema\\\/logo\\\/image\\\/\",\"url\":\"https:\\\/\\\/www.webdo.tn\\\/fr\\\/wp-content\\\/uploads\\\/2025\\\/06\\\/Webdo-Tunisie_168377.jpg\",\"contentUrl\":\"https:\\\/\\\/www.webdo.tn\\\/fr\\\/wp-content\\\/uploads\\\/2025\\\/06\\\/Webdo-Tunisie_168377.jpg\",\"width\":301,\"height\":301,\"caption\":\"Webdo\"},\"image\":{\"@id\":\"https:\\\/\\\/www.webdo.tn\\\/fr\\\/#\\\/schema\\\/logo\\\/image\\\/\"},\"sameAs\":[\"https:\\\/\\\/www.facebook.com\\\/webdotn\",\"https:\\\/\\\/x.com\\\/webdo_tn\"],\"description\":\"Webdo est un m\u00e9dia num\u00e9rique tunisien fond\u00e9 en 2010, sp\u00e9cialis\u00e9 dans l\u2019actualit\u00e9 nationale et internationale, l\u2019\u00e9conomie, la soci\u00e9t\u00e9 et les analyses politiques. Le site s\u2019adresse \u00e0 un large public francophone et couvre l\u2019information tunisienne en temps r\u00e9el.\",\"email\":\"redac@webdo.tn\",\"legalName\":\"YNJ SARL\",\"foundingDate\":\"2010-09-06\",\"numberOfEmployees\":{\"@type\":\"QuantitativeValue\",\"minValue\":\"11\",\"maxValue\":\"50\"}},{\"@type\":\"Person\",\"@id\":\"https:\\\/\\\/www.webdo.tn\\\/fr\\\/#\\\/schema\\\/person\\\/2c4929cbf5a809e3bd38617c6ce150f6\",\"name\":\"MC\",\"image\":{\"@type\":\"ImageObject\",\"inLanguage\":\"fr-FR\",\"@id\":\"https:\\\/\\\/secure.gravatar.com\\\/avatar\\\/a545bbb6f84efdd5553dbbc2895e3ca8f1d12c5215e00a041c9670b54aa9b18a?s=96&d=mm&r=g\",\"url\":\"https:\\\/\\\/secure.gravatar.com\\\/avatar\\\/a545bbb6f84efdd5553dbbc2895e3ca8f1d12c5215e00a041c9670b54aa9b18a?s=96&d=mm&r=g\",\"contentUrl\":\"https:\\\/\\\/secure.gravatar.com\\\/avatar\\\/a545bbb6f84efdd5553dbbc2895e3ca8f1d12c5215e00a041c9670b54aa9b18a?s=96&d=mm&r=g\",\"caption\":\"MC\"},\"url\":\"https:\\\/\\\/www.webdo.tn\\\/fr\\\/actualite\\\/author\\\/mc\\\/\"}]}<\/script>\n<!-- \/ Yoast SEO Premium plugin. -->","yoast_head_json":{"title":"Tunisie - Nabeul : Un chauffeur de bus brutalement interpell\u00e9, le syndicat monte au front","description":"A Nabeul, l\u2019interpellation violente d\u2019un chauffeur de bus par la police suscite l\u2019indignation. Le syndicat du transport d\u00e9nonce, la victime t\u00e9moigne d\u2019un traite...","canonical":"https:\/\/www.webdo.tn\/fr\/actualite\/national\/tunisie-nabeul-un-chauffeur-de-bus-brutalement-interpelle-le-syndicat-monte-au-front\/221485\/","og_locale":"fr_FR","og_type":"article","og_title":"Tunisie - Nabeul : Un chauffeur de bus brutalement interpell\u00e9, le syndicat monte au front","og_description":"A Nabeul, l\u2019interpellation violente d\u2019un chauffeur de bus par la police suscite l\u2019indignation. Le syndicat du transport d\u00e9nonce, la victime t\u00e9moigne d\u2019un traite...","og_url":"https:\/\/www.webdo.tn\/fr\/actualite\/national\/tunisie-nabeul-un-chauffeur-de-bus-brutalement-interpelle-le-syndicat-monte-au-front\/221485\/","og_site_name":"webdo","article_publisher":"https:\/\/www.facebook.com\/webdotn","article_published_time":"2025-04-23T11:50:00+00:00","article_modified_time":"2025-05-20T22:17:57+00:00","og_image":[{"width":750,"height":400,"url":"https:\/\/www.webdo.tn\/fr\/wp-content\/uploads\/2025\/04\/9522cab50aa42829e4a1fe348b8156eb.webp","type":"image\/webp"}],"author":"MC","twitter_card":"summary_large_image","twitter_creator":"@webdo_tn","twitter_site":"@webdo_tn","twitter_misc":{"\u00c9crit par":"MC","Dur\u00e9e de lecture estim\u00e9e":"2 minutes"},"schema":{"@context":"https:\/\/schema.org","@graph":[{"@type":"NewsArticle","@id":"https:\/\/www.webdo.tn\/fr\/actualite\/national\/tunisie-nabeul-un-chauffeur-de-bus-brutalement-interpelle-le-syndicat-monte-au-front\/221485\/#article","isPartOf":{"@id":"https:\/\/www.webdo.tn\/fr\/actualite\/national\/tunisie-nabeul-un-chauffeur-de-bus-brutalement-interpelle-le-syndicat-monte-au-front\/221485\/"},"author":{"name":"MC","@id":"https:\/\/www.webdo.tn\/fr\/#\/schema\/person\/2c4929cbf5a809e3bd38617c6ce150f6"},"headline":"Tunisie &#8211; Nabeul : Un chauffeur de bus brutalement interpell\u00e9, le syndicat monte au front","datePublished":"2025-04-23T11:50:00+00:00","dateModified":"2025-05-20T22:17:57+00:00","mainEntityOfPage":{"@id":"https:\/\/www.webdo.tn\/fr\/actualite\/national\/tunisie-nabeul-un-chauffeur-de-bus-brutalement-interpelle-le-syndicat-monte-au-front\/221485\/"},"wordCount":400,"commentCount":0,"publisher":{"@id":"https:\/\/www.webdo.tn\/fr\/#organization"},"image":{"@id":"https:\/\/www.webdo.tn\/fr\/actualite\/national\/tunisie-nabeul-un-chauffeur-de-bus-brutalement-interpelle-le-syndicat-monte-au-front\/221485\/#primaryimage"},"thumbnailUrl":"https:\/\/www.webdo.tn\/fr\/wp-content\/uploads\/2025\/04\/9522cab50aa42829e4a1fe348b8156eb.webp","keywords":["'chauffeur']","agression","Bus","Nabeul","Tunisie"],"articleSection":["National"],"inLanguage":"fr-FR"},{"@type":"WebPage","@id":"https:\/\/www.webdo.tn\/fr\/actualite\/national\/tunisie-nabeul-un-chauffeur-de-bus-brutalement-interpelle-le-syndicat-monte-au-front\/221485\/","url":"https:\/\/www.webdo.tn\/fr\/actualite\/national\/tunisie-nabeul-un-chauffeur-de-bus-brutalement-interpelle-le-syndicat-monte-au-front\/221485\/","name":"Tunisie - Nabeul : Un chauffeur de bus brutalement interpell\u00e9, le syndicat monte au front","isPartOf":{"@id":"https:\/\/www.webdo.tn\/fr\/#website"},"primaryImageOfPage":{"@id":"https:\/\/www.webdo.tn\/fr\/actualite\/national\/tunisie-nabeul-un-chauffeur-de-bus-brutalement-interpelle-le-syndicat-monte-au-front\/221485\/#primaryimage"},"image":{"@id":"https:\/\/www.webdo.tn\/fr\/actualite\/national\/tunisie-nabeul-un-chauffeur-de-bus-brutalement-interpelle-le-syndicat-monte-au-front\/221485\/#primaryimage"},"thumbnailUrl":"https:\/\/www.webdo.tn\/fr\/wp-content\/uploads\/2025\/04\/9522cab50aa42829e4a1fe348b8156eb.webp","datePublished":"2025-04-23T11:50:00+00:00","dateModified":"2025-05-20T22:17:57+00:00","description":"A Nabeul, l\u2019interpellation violente d\u2019un chauffeur de bus par la police suscite l\u2019indignation. Le syndicat du transport d\u00e9nonce, la victime t\u00e9moigne d\u2019un traite...","breadcrumb":{"@id":"https:\/\/www.webdo.tn\/fr\/actualite\/national\/tunisie-nabeul-un-chauffeur-de-bus-brutalement-interpelle-le-syndicat-monte-au-front\/221485\/#breadcrumb"},"inLanguage":"fr-FR","potentialAction":[{"@type":"ReadAction","target":["https:\/\/www.webdo.tn\/fr\/actualite\/national\/tunisie-nabeul-un-chauffeur-de-bus-brutalement-interpelle-le-syndicat-monte-au-front\/221485\/"]}]},{"@type":"ImageObject","inLanguage":"fr-FR","@id":"https:\/\/www.webdo.tn\/fr\/actualite\/national\/tunisie-nabeul-un-chauffeur-de-bus-brutalement-interpelle-le-syndicat-monte-au-front\/221485\/#primaryimage","url":"https:\/\/www.webdo.tn\/fr\/wp-content\/uploads\/2025\/04\/9522cab50aa42829e4a1fe348b8156eb.webp","contentUrl":"https:\/\/www.webdo.tn\/fr\/wp-content\/uploads\/2025\/04\/9522cab50aa42829e4a1fe348b8156eb.webp","width":750,"height":400,"caption":"Tunisie - Nabeul : Un chauffeur de bus brutalement interpell\u00e9, le syndicat monte au front"},{"@type":"BreadcrumbList","@id":"https:\/\/www.webdo.tn\/fr\/actualite\/national\/tunisie-nabeul-un-chauffeur-de-bus-brutalement-interpelle-le-syndicat-monte-au-front\/221485\/#breadcrumb","itemListElement":[{"@type":"ListItem","position":1,"name":"Accueil","item":"https:\/\/www.webdo.tn\/fr\/"},{"@type":"ListItem","position":2,"name":"Tunisie &#8211; Nabeul : Un chauffeur de bus brutalement interpell\u00e9, le syndicat monte au front"}]},{"@type":"WebSite","@id":"https:\/\/www.webdo.tn\/fr\/#website","url":"https:\/\/www.webdo.tn\/fr\/","name":"webdo","description":"Tunisie - News en Tunisie et \u00e0 l&#039;international sur Webdo.tn","publisher":{"@id":"https:\/\/www.webdo.tn\/fr\/#organization"},"potentialAction":[{"@type":"SearchAction","target":{"@type":"EntryPoint","urlTemplate":"https:\/\/www.webdo.tn\/fr\/?s={search_term_string}"},"query-input":{"@type":"PropertyValueSpecification","valueRequired":true,"valueName":"search_term_string"}}],"inLanguage":"fr-FR"},{"@type":"Organization","@id":"https:\/\/www.webdo.tn\/fr\/#organization","name":"Webdo","alternateName":"Webdo.tn","url":"https:\/\/www.webdo.tn\/fr\/","logo":{"@type":"ImageObject","inLanguage":"fr-FR","@id":"https:\/\/www.webdo.tn\/fr\/#\/schema\/logo\/image\/","url":"https:\/\/www.webdo.tn\/fr\/wp-content\/uploads\/2025\/06\/Webdo-Tunisie_168377.jpg","contentUrl":"https:\/\/www.webdo.tn\/fr\/wp-content\/uploads\/2025\/06\/Webdo-Tunisie_168377.jpg","width":301,"height":301,"caption":"Webdo"},"image":{"@id":"https:\/\/www.webdo.tn\/fr\/#\/schema\/logo\/image\/"},"sameAs":["https:\/\/www.facebook.com\/webdotn","https:\/\/x.com\/webdo_tn"],"description":"Webdo est un m\u00e9dia num\u00e9rique tunisien fond\u00e9 en 2010, sp\u00e9cialis\u00e9 dans l\u2019actualit\u00e9 nationale et internationale, l\u2019\u00e9conomie, la soci\u00e9t\u00e9 et les analyses politiques. Le site s\u2019adresse \u00e0 un large public francophone et couvre l\u2019information tunisienne en temps r\u00e9el.","email":"redac@webdo.tn","legalName":"YNJ SARL","foundingDate":"2010-09-06","numberOfEmployees":{"@type":"QuantitativeValue","minValue":"11","maxValue":"50"}},{"@type":"Person","@id":"https:\/\/www.webdo.tn\/fr\/#\/schema\/person\/2c4929cbf5a809e3bd38617c6ce150f6","name":"MC","image":{"@type":"ImageObject","inLanguage":"fr-FR","@id":"https:\/\/secure.gravatar.com\/avatar\/a545bbb6f84efdd5553dbbc2895e3ca8f1d12c5215e00a041c9670b54aa9b18a?s=96&d=mm&r=g","url":"https:\/\/secure.gravatar.com\/avatar\/a545bbb6f84efdd5553dbbc2895e3ca8f1d12c5215e00a041c9670b54aa9b18a?s=96&d=mm&r=g","contentUrl":"https:\/\/secure.gravatar.com\/avatar\/a545bbb6f84efdd5553dbbc2895e3ca8f1d12c5215e00a041c9670b54aa9b18a?s=96&d=mm&r=g","caption":"MC"},"url":"https:\/\/www.webdo.tn\/fr\/actualite\/author\/mc\/"}]}},"_links":{"self":[{"href":"https:\/\/www.webdo.tn\/fr\/wp-json\/wp\/v2\/posts\/221485","targetHints":{"allow":["GET"]}}],"collection":[{"href":"https:\/\/www.webdo.tn\/fr\/wp-json\/wp\/v2\/posts"}],"about":[{"href":"https:\/\/www.webdo.tn\/fr\/wp-json\/wp\/v2\/types\/post"}],"author":[{"embeddable":true,"href":"https:\/\/www.webdo.tn\/fr\/wp-json\/wp\/v2\/users\/3162"}],"replies":[{"embeddable":true,"href":"https:\/\/www.webdo.tn\/fr\/wp-json\/wp\/v2\/comments?post=221485"}],"version-history":[{"count":0,"href":"https:\/\/www.webdo.tn\/fr\/wp-json\/wp\/v2\/posts\/221485\/revisions"}],"wp:featuredmedia":[{"embeddable":true,"href":"https:\/\/www.webdo.tn\/fr\/wp-json\/wp\/v2\/media\/292288"}],"wp:attachment":[{"href":"https:\/\/www.webdo.tn\/fr\/wp-json\/wp\/v2\/media?parent=221485"}],"wp:term":[{"taxonomy":"category","embeddable":true,"href":"https:\/\/www.webdo.tn\/fr\/wp-json\/wp\/v2\/categories?post=221485"},{"taxonomy":"post_tag","embeddable":true,"href":"https:\/\/www.webdo.tn\/fr\/wp-json\/wp\/v2\/tags?post=221485"}],"curies":[{"name":"wp","href":"https:\/\/api.w.org\/{rel}","templated":true}]}}