{"id":221475,"date":"2025-04-23T08:50:00","date_gmt":"2025-04-23T08:50:00","guid":{"rendered":"https:\/\/www.webdo.tn\/fr\/blog\/kais-saied-plaide-pour-une-refonte-du-sport-tunisien\/221475\/"},"modified":"2025-05-20T22:17:55","modified_gmt":"2025-05-20T22:17:55","slug":"kais-saied-plaide-pour-une-refonte-du-sport-tunisien","status":"publish","type":"post","link":"https:\/\/www.webdo.tn\/fr\/actualite\/sport\/kais-saied-plaide-pour-une-refonte-du-sport-tunisien\/221475\/","title":{"rendered":"Kais Saied plaide pour une refonte du sport tunisien"},"content":{"rendered":"<p>Le pr\u00e9sident de la R\u00e9publique, Kais Sa\u00efed, a re\u00e7u mardi 22 avril le ministre de la Jeunesse et des Sports, Sadok Mourali, pour aborder plusieurs questions cl\u00e9s li\u00e9es \u00e0 la r\u00e9forme du secteur sportif et \u00e0 la jeunesse.<\/p>\n<p>\tR\u00e9forme du cadre juridique sportif<br \/>\n\tClarification du statut du sport en Tunisie<br \/>\n\tMise en garde contre les tentatives de cession des infrastructures<\/p>\n<p>Le chef de l\u2019\u00c9tat a insist\u00e9 sur la n\u00e9cessit\u00e9 d&rsquo;adapter le projet de loi sur les structures sportives aux exigences actuelles du pays. Il a appel\u00e9 \u00e0 une l\u00e9gislation claire, align\u00e9e sur la volont\u00e9 de reconstruction nationale et de lutte contre la corruption.<\/p>\n<p>Critiquant le flou du syst\u00e8me actuel, ni totalement amateur ni v\u00e9ritablement professionnel, le pr\u00e9sident a plaid\u00e9 pour une r\u00e9forme qui permettrait d\u2019int\u00e9grer les petites \u00e9quipes et de garantir l\u2019\u00e9quit\u00e9 dans le d\u00e9veloppement du sport.<\/p>\n<p>Saied a d\u00e9nonc\u00e9 les m\u00e9canismes de courtage et le \u00ab march\u00e9 noir \u00bb qui gangr\u00e8nent le secteur, et qui favorisent la prolif\u00e9ration de r\u00e9seaux corrompus, appelant \u00e0 une action ferme contre ces d\u00e9rives.<\/p>\n<p>\u00c9voquant des cas de d\u00e9labrement volontaire de sites tels que la cit\u00e9 olympique d\u2019El Menzah, il a mis en garde contre les tentatives de cession \u00e0 vil prix et soulign\u00e9 l\u2019importance de pr\u00e9server le patrimoine sportif national.<\/p>\n<p>Le pr\u00e9sident a rappel\u00e9 le r\u00f4le fondamental des maisons des jeunes dans l&rsquo;encadrement et la protection des nouvelles g\u00e9n\u00e9rations, et a appel\u00e9 \u00e0 leur revitalisation pour en faire \u00e0 nouveau des espaces de savoir et de sport.<\/p>\n","protected":false},"excerpt":{"rendered":"<p>Le pr\u00e9sident Kais Saied appelle \u00e0 une r\u00e9forme du secteur sportif en Tunisie, en insistant sur la lutte contre la corruption, la clarification du statut du sport&#8230;<\/p>\n","protected":false},"author":3162,"featured_media":292281,"comment_status":"open","ping_status":"closed","sticky":false,"template":"","format":"standard","meta":{"footnotes":""},"categories":[2593],"tags":[11083,4643,3501,4416,4858,2608],"class_list":["post-221475","post","type-post","status-publish","format-standard","has-post-thumbnail","hentry","category-sport","tag-cadre-juridique","tag-infrastructures-sportives","tag-jeunesse","tag-sport","tag-statut","tag-tunisie"],"yoast_head":"<!-- This site is optimized with the Yoast SEO Premium plugin v27.5 (Yoast SEO v27.5) - https:\/\/yoast.com\/product\/yoast-seo-premium-wordpress\/ -->\n<title>Kais Saied plaide pour une refonte du sport tunisien<\/title>\n<meta name=\"description\" content=\"Le pr\u00e9sident Kais Saied appelle \u00e0 une r\u00e9forme du secteur sportif en Tunisie, en insistant sur la lutte contre la corruption, la clarification du statut du sport...\" \/>\n<link rel=\"canonical\" href=\"https:\/\/www.webdo.tn\/fr\/actualite\/sport\/kais-saied-plaide-pour-une-refonte-du-sport-tunisien\/221475\/\" \/>\n<meta property=\"og:locale\" content=\"fr_FR\" \/>\n<meta property=\"og:type\" content=\"article\" \/>\n<meta property=\"og:title\" content=\"Kais Saied plaide pour une refonte du sport tunisien\" \/>\n<meta property=\"og:description\" content=\"Le pr\u00e9sident Kais Saied appelle \u00e0 une r\u00e9forme du secteur sportif en Tunisie, en insistant sur la lutte contre la corruption, la clarification du statut du sport...\" \/>\n<meta property=\"og:url\" content=\"https:\/\/www.webdo.tn\/fr\/actualite\/sport\/kais-saied-plaide-pour-une-refonte-du-sport-tunisien\/221475\/\" \/>\n<meta property=\"og:site_name\" content=\"webdo\" \/>\n<meta property=\"article:publisher\" content=\"https:\/\/www.facebook.com\/webdotn\" \/>\n<meta property=\"article:published_time\" content=\"2025-04-23T08:50:00+00:00\" \/>\n<meta property=\"article:modified_time\" content=\"2025-05-20T22:17:55+00:00\" \/>\n<meta property=\"og:image\" content=\"https:\/\/www.webdo.tn\/fr\/wp-content\/uploads\/2025\/04\/79d27bc0bb77a8f967e23b7da16aa3b8.webp\" \/>\n\t<meta property=\"og:image:width\" content=\"750\" \/>\n\t<meta property=\"og:image:height\" content=\"400\" \/>\n\t<meta property=\"og:image:type\" content=\"image\/webp\" \/>\n<meta name=\"author\" content=\"MC\" \/>\n<meta name=\"twitter:card\" content=\"summary_large_image\" \/>\n<meta name=\"twitter:creator\" content=\"@webdo_tn\" \/>\n<meta name=\"twitter:site\" content=\"@webdo_tn\" \/>\n<meta name=\"twitter:label1\" content=\"\u00c9crit par\" \/>\n\t<meta name=\"twitter:data1\" content=\"MC\" \/>\n\t<meta name=\"twitter:label2\" content=\"Dur\u00e9e de lecture estim\u00e9e\" \/>\n\t<meta name=\"twitter:data2\" content=\"1 minute\" \/>\n<script type=\"application\/ld+json\" class=\"yoast-schema-graph\">{\"@context\":\"https:\\\/\\\/schema.org\",\"@graph\":[{\"@type\":\"NewsArticle\",\"@id\":\"https:\\\/\\\/www.webdo.tn\\\/fr\\\/actualite\\\/sport\\\/kais-saied-plaide-pour-une-refonte-du-sport-tunisien\\\/221475\\\/#article\",\"isPartOf\":{\"@id\":\"https:\\\/\\\/www.webdo.tn\\\/fr\\\/actualite\\\/sport\\\/kais-saied-plaide-pour-une-refonte-du-sport-tunisien\\\/221475\\\/\"},\"author\":{\"name\":\"MC\",\"@id\":\"https:\\\/\\\/www.webdo.tn\\\/fr\\\/#\\\/schema\\\/person\\\/2c4929cbf5a809e3bd38617c6ce150f6\"},\"headline\":\"Kais Saied plaide pour une refonte du sport tunisien\",\"datePublished\":\"2025-04-23T08:50:00+00:00\",\"dateModified\":\"2025-05-20T22:17:55+00:00\",\"mainEntityOfPage\":{\"@id\":\"https:\\\/\\\/www.webdo.tn\\\/fr\\\/actualite\\\/sport\\\/kais-saied-plaide-pour-une-refonte-du-sport-tunisien\\\/221475\\\/\"},\"wordCount\":279,\"commentCount\":0,\"publisher\":{\"@id\":\"https:\\\/\\\/www.webdo.tn\\\/fr\\\/#organization\"},\"image\":{\"@id\":\"https:\\\/\\\/www.webdo.tn\\\/fr\\\/actualite\\\/sport\\\/kais-saied-plaide-pour-une-refonte-du-sport-tunisien\\\/221475\\\/#primaryimage\"},\"thumbnailUrl\":\"https:\\\/\\\/www.webdo.tn\\\/fr\\\/wp-content\\\/uploads\\\/2025\\\/04\\\/79d27bc0bb77a8f967e23b7da16aa3b8.webp\",\"keywords\":[\"'cadre juridique']\",\"Infrastructures sportives\",\"Jeunesse\",\"Sport\",\"statut\",\"Tunisie\"],\"articleSection\":[\"Sport\"],\"inLanguage\":\"fr-FR\"},{\"@type\":\"WebPage\",\"@id\":\"https:\\\/\\\/www.webdo.tn\\\/fr\\\/actualite\\\/sport\\\/kais-saied-plaide-pour-une-refonte-du-sport-tunisien\\\/221475\\\/\",\"url\":\"https:\\\/\\\/www.webdo.tn\\\/fr\\\/actualite\\\/sport\\\/kais-saied-plaide-pour-une-refonte-du-sport-tunisien\\\/221475\\\/\",\"name\":\"Kais Saied plaide pour une refonte du sport tunisien\",\"isPartOf\":{\"@id\":\"https:\\\/\\\/www.webdo.tn\\\/fr\\\/#website\"},\"primaryImageOfPage\":{\"@id\":\"https:\\\/\\\/www.webdo.tn\\\/fr\\\/actualite\\\/sport\\\/kais-saied-plaide-pour-une-refonte-du-sport-tunisien\\\/221475\\\/#primaryimage\"},\"image\":{\"@id\":\"https:\\\/\\\/www.webdo.tn\\\/fr\\\/actualite\\\/sport\\\/kais-saied-plaide-pour-une-refonte-du-sport-tunisien\\\/221475\\\/#primaryimage\"},\"thumbnailUrl\":\"https:\\\/\\\/www.webdo.tn\\\/fr\\\/wp-content\\\/uploads\\\/2025\\\/04\\\/79d27bc0bb77a8f967e23b7da16aa3b8.webp\",\"datePublished\":\"2025-04-23T08:50:00+00:00\",\"dateModified\":\"2025-05-20T22:17:55+00:00\",\"description\":\"Le pr\u00e9sident Kais Saied appelle \u00e0 une r\u00e9forme du secteur sportif en Tunisie, en insistant sur la lutte contre la corruption, la clarification du statut du sport...\",\"breadcrumb\":{\"@id\":\"https:\\\/\\\/www.webdo.tn\\\/fr\\\/actualite\\\/sport\\\/kais-saied-plaide-pour-une-refonte-du-sport-tunisien\\\/221475\\\/#breadcrumb\"},\"inLanguage\":\"fr-FR\",\"potentialAction\":[{\"@type\":\"ReadAction\",\"target\":[\"https:\\\/\\\/www.webdo.tn\\\/fr\\\/actualite\\\/sport\\\/kais-saied-plaide-pour-une-refonte-du-sport-tunisien\\\/221475\\\/\"]}]},{\"@type\":\"ImageObject\",\"inLanguage\":\"fr-FR\",\"@id\":\"https:\\\/\\\/www.webdo.tn\\\/fr\\\/actualite\\\/sport\\\/kais-saied-plaide-pour-une-refonte-du-sport-tunisien\\\/221475\\\/#primaryimage\",\"url\":\"https:\\\/\\\/www.webdo.tn\\\/fr\\\/wp-content\\\/uploads\\\/2025\\\/04\\\/79d27bc0bb77a8f967e23b7da16aa3b8.webp\",\"contentUrl\":\"https:\\\/\\\/www.webdo.tn\\\/fr\\\/wp-content\\\/uploads\\\/2025\\\/04\\\/79d27bc0bb77a8f967e23b7da16aa3b8.webp\",\"width\":750,\"height\":400,\"caption\":\"Kais Saied plaide pour une refonte du sport tunisien\"},{\"@type\":\"BreadcrumbList\",\"@id\":\"https:\\\/\\\/www.webdo.tn\\\/fr\\\/actualite\\\/sport\\\/kais-saied-plaide-pour-une-refonte-du-sport-tunisien\\\/221475\\\/#breadcrumb\",\"itemListElement\":[{\"@type\":\"ListItem\",\"position\":1,\"name\":\"Accueil\",\"item\":\"https:\\\/\\\/www.webdo.tn\\\/fr\\\/\"},{\"@type\":\"ListItem\",\"position\":2,\"name\":\"Kais Saied plaide pour une refonte du sport tunisien\"}]},{\"@type\":\"WebSite\",\"@id\":\"https:\\\/\\\/www.webdo.tn\\\/fr\\\/#website\",\"url\":\"https:\\\/\\\/www.webdo.tn\\\/fr\\\/\",\"name\":\"webdo\",\"description\":\"Tunisie - News en Tunisie et \u00e0 l&#039;international sur Webdo.tn\",\"publisher\":{\"@id\":\"https:\\\/\\\/www.webdo.tn\\\/fr\\\/#organization\"},\"potentialAction\":[{\"@type\":\"SearchAction\",\"target\":{\"@type\":\"EntryPoint\",\"urlTemplate\":\"https:\\\/\\\/www.webdo.tn\\\/fr\\\/?s={search_term_string}\"},\"query-input\":{\"@type\":\"PropertyValueSpecification\",\"valueRequired\":true,\"valueName\":\"search_term_string\"}}],\"inLanguage\":\"fr-FR\"},{\"@type\":\"Organization\",\"@id\":\"https:\\\/\\\/www.webdo.tn\\\/fr\\\/#organization\",\"name\":\"Webdo\",\"alternateName\":\"Webdo.tn\",\"url\":\"https:\\\/\\\/www.webdo.tn\\\/fr\\\/\",\"logo\":{\"@type\":\"ImageObject\",\"inLanguage\":\"fr-FR\",\"@id\":\"https:\\\/\\\/www.webdo.tn\\\/fr\\\/#\\\/schema\\\/logo\\\/image\\\/\",\"url\":\"https:\\\/\\\/www.webdo.tn\\\/fr\\\/wp-content\\\/uploads\\\/2025\\\/06\\\/Webdo-Tunisie_168377.jpg\",\"contentUrl\":\"https:\\\/\\\/www.webdo.tn\\\/fr\\\/wp-content\\\/uploads\\\/2025\\\/06\\\/Webdo-Tunisie_168377.jpg\",\"width\":301,\"height\":301,\"caption\":\"Webdo\"},\"image\":{\"@id\":\"https:\\\/\\\/www.webdo.tn\\\/fr\\\/#\\\/schema\\\/logo\\\/image\\\/\"},\"sameAs\":[\"https:\\\/\\\/www.facebook.com\\\/webdotn\",\"https:\\\/\\\/x.com\\\/webdo_tn\"],\"description\":\"Webdo est un m\u00e9dia num\u00e9rique tunisien fond\u00e9 en 2010, sp\u00e9cialis\u00e9 dans l\u2019actualit\u00e9 nationale et internationale, l\u2019\u00e9conomie, la soci\u00e9t\u00e9 et les analyses politiques. Le site s\u2019adresse \u00e0 un large public francophone et couvre l\u2019information tunisienne en temps r\u00e9el.\",\"email\":\"redac@webdo.tn\",\"legalName\":\"YNJ SARL\",\"foundingDate\":\"2010-09-06\",\"numberOfEmployees\":{\"@type\":\"QuantitativeValue\",\"minValue\":\"11\",\"maxValue\":\"50\"}},{\"@type\":\"Person\",\"@id\":\"https:\\\/\\\/www.webdo.tn\\\/fr\\\/#\\\/schema\\\/person\\\/2c4929cbf5a809e3bd38617c6ce150f6\",\"name\":\"MC\",\"image\":{\"@type\":\"ImageObject\",\"inLanguage\":\"fr-FR\",\"@id\":\"https:\\\/\\\/secure.gravatar.com\\\/avatar\\\/a545bbb6f84efdd5553dbbc2895e3ca8f1d12c5215e00a041c9670b54aa9b18a?s=96&d=mm&r=g\",\"url\":\"https:\\\/\\\/secure.gravatar.com\\\/avatar\\\/a545bbb6f84efdd5553dbbc2895e3ca8f1d12c5215e00a041c9670b54aa9b18a?s=96&d=mm&r=g\",\"contentUrl\":\"https:\\\/\\\/secure.gravatar.com\\\/avatar\\\/a545bbb6f84efdd5553dbbc2895e3ca8f1d12c5215e00a041c9670b54aa9b18a?s=96&d=mm&r=g\",\"caption\":\"MC\"},\"url\":\"https:\\\/\\\/www.webdo.tn\\\/fr\\\/actualite\\\/author\\\/mc\\\/\"}]}<\/script>\n<!-- \/ Yoast SEO Premium plugin. -->","yoast_head_json":{"title":"Kais Saied plaide pour une refonte du sport tunisien","description":"Le pr\u00e9sident Kais Saied appelle \u00e0 une r\u00e9forme du secteur sportif en Tunisie, en insistant sur la lutte contre la corruption, la clarification du statut du sport...","canonical":"https:\/\/www.webdo.tn\/fr\/actualite\/sport\/kais-saied-plaide-pour-une-refonte-du-sport-tunisien\/221475\/","og_locale":"fr_FR","og_type":"article","og_title":"Kais Saied plaide pour une refonte du sport tunisien","og_description":"Le pr\u00e9sident Kais Saied appelle \u00e0 une r\u00e9forme du secteur sportif en Tunisie, en insistant sur la lutte contre la corruption, la clarification du statut du sport...","og_url":"https:\/\/www.webdo.tn\/fr\/actualite\/sport\/kais-saied-plaide-pour-une-refonte-du-sport-tunisien\/221475\/","og_site_name":"webdo","article_publisher":"https:\/\/www.facebook.com\/webdotn","article_published_time":"2025-04-23T08:50:00+00:00","article_modified_time":"2025-05-20T22:17:55+00:00","og_image":[{"width":750,"height":400,"url":"https:\/\/www.webdo.tn\/fr\/wp-content\/uploads\/2025\/04\/79d27bc0bb77a8f967e23b7da16aa3b8.webp","type":"image\/webp"}],"author":"MC","twitter_card":"summary_large_image","twitter_creator":"@webdo_tn","twitter_site":"@webdo_tn","twitter_misc":{"\u00c9crit par":"MC","Dur\u00e9e de lecture estim\u00e9e":"1 minute"},"schema":{"@context":"https:\/\/schema.org","@graph":[{"@type":"NewsArticle","@id":"https:\/\/www.webdo.tn\/fr\/actualite\/sport\/kais-saied-plaide-pour-une-refonte-du-sport-tunisien\/221475\/#article","isPartOf":{"@id":"https:\/\/www.webdo.tn\/fr\/actualite\/sport\/kais-saied-plaide-pour-une-refonte-du-sport-tunisien\/221475\/"},"author":{"name":"MC","@id":"https:\/\/www.webdo.tn\/fr\/#\/schema\/person\/2c4929cbf5a809e3bd38617c6ce150f6"},"headline":"Kais Saied plaide pour une refonte du sport tunisien","datePublished":"2025-04-23T08:50:00+00:00","dateModified":"2025-05-20T22:17:55+00:00","mainEntityOfPage":{"@id":"https:\/\/www.webdo.tn\/fr\/actualite\/sport\/kais-saied-plaide-pour-une-refonte-du-sport-tunisien\/221475\/"},"wordCount":279,"commentCount":0,"publisher":{"@id":"https:\/\/www.webdo.tn\/fr\/#organization"},"image":{"@id":"https:\/\/www.webdo.tn\/fr\/actualite\/sport\/kais-saied-plaide-pour-une-refonte-du-sport-tunisien\/221475\/#primaryimage"},"thumbnailUrl":"https:\/\/www.webdo.tn\/fr\/wp-content\/uploads\/2025\/04\/79d27bc0bb77a8f967e23b7da16aa3b8.webp","keywords":["'cadre juridique']","Infrastructures sportives","Jeunesse","Sport","statut","Tunisie"],"articleSection":["Sport"],"inLanguage":"fr-FR"},{"@type":"WebPage","@id":"https:\/\/www.webdo.tn\/fr\/actualite\/sport\/kais-saied-plaide-pour-une-refonte-du-sport-tunisien\/221475\/","url":"https:\/\/www.webdo.tn\/fr\/actualite\/sport\/kais-saied-plaide-pour-une-refonte-du-sport-tunisien\/221475\/","name":"Kais Saied plaide pour une refonte du sport tunisien","isPartOf":{"@id":"https:\/\/www.webdo.tn\/fr\/#website"},"primaryImageOfPage":{"@id":"https:\/\/www.webdo.tn\/fr\/actualite\/sport\/kais-saied-plaide-pour-une-refonte-du-sport-tunisien\/221475\/#primaryimage"},"image":{"@id":"https:\/\/www.webdo.tn\/fr\/actualite\/sport\/kais-saied-plaide-pour-une-refonte-du-sport-tunisien\/221475\/#primaryimage"},"thumbnailUrl":"https:\/\/www.webdo.tn\/fr\/wp-content\/uploads\/2025\/04\/79d27bc0bb77a8f967e23b7da16aa3b8.webp","datePublished":"2025-04-23T08:50:00+00:00","dateModified":"2025-05-20T22:17:55+00:00","description":"Le pr\u00e9sident Kais Saied appelle \u00e0 une r\u00e9forme du secteur sportif en Tunisie, en insistant sur la lutte contre la corruption, la clarification du statut du sport...","breadcrumb":{"@id":"https:\/\/www.webdo.tn\/fr\/actualite\/sport\/kais-saied-plaide-pour-une-refonte-du-sport-tunisien\/221475\/#breadcrumb"},"inLanguage":"fr-FR","potentialAction":[{"@type":"ReadAction","target":["https:\/\/www.webdo.tn\/fr\/actualite\/sport\/kais-saied-plaide-pour-une-refonte-du-sport-tunisien\/221475\/"]}]},{"@type":"ImageObject","inLanguage":"fr-FR","@id":"https:\/\/www.webdo.tn\/fr\/actualite\/sport\/kais-saied-plaide-pour-une-refonte-du-sport-tunisien\/221475\/#primaryimage","url":"https:\/\/www.webdo.tn\/fr\/wp-content\/uploads\/2025\/04\/79d27bc0bb77a8f967e23b7da16aa3b8.webp","contentUrl":"https:\/\/www.webdo.tn\/fr\/wp-content\/uploads\/2025\/04\/79d27bc0bb77a8f967e23b7da16aa3b8.webp","width":750,"height":400,"caption":"Kais Saied plaide pour une refonte du sport tunisien"},{"@type":"BreadcrumbList","@id":"https:\/\/www.webdo.tn\/fr\/actualite\/sport\/kais-saied-plaide-pour-une-refonte-du-sport-tunisien\/221475\/#breadcrumb","itemListElement":[{"@type":"ListItem","position":1,"name":"Accueil","item":"https:\/\/www.webdo.tn\/fr\/"},{"@type":"ListItem","position":2,"name":"Kais Saied plaide pour une refonte du sport tunisien"}]},{"@type":"WebSite","@id":"https:\/\/www.webdo.tn\/fr\/#website","url":"https:\/\/www.webdo.tn\/fr\/","name":"webdo","description":"Tunisie - News en Tunisie et \u00e0 l&#039;international sur Webdo.tn","publisher":{"@id":"https:\/\/www.webdo.tn\/fr\/#organization"},"potentialAction":[{"@type":"SearchAction","target":{"@type":"EntryPoint","urlTemplate":"https:\/\/www.webdo.tn\/fr\/?s={search_term_string}"},"query-input":{"@type":"PropertyValueSpecification","valueRequired":true,"valueName":"search_term_string"}}],"inLanguage":"fr-FR"},{"@type":"Organization","@id":"https:\/\/www.webdo.tn\/fr\/#organization","name":"Webdo","alternateName":"Webdo.tn","url":"https:\/\/www.webdo.tn\/fr\/","logo":{"@type":"ImageObject","inLanguage":"fr-FR","@id":"https:\/\/www.webdo.tn\/fr\/#\/schema\/logo\/image\/","url":"https:\/\/www.webdo.tn\/fr\/wp-content\/uploads\/2025\/06\/Webdo-Tunisie_168377.jpg","contentUrl":"https:\/\/www.webdo.tn\/fr\/wp-content\/uploads\/2025\/06\/Webdo-Tunisie_168377.jpg","width":301,"height":301,"caption":"Webdo"},"image":{"@id":"https:\/\/www.webdo.tn\/fr\/#\/schema\/logo\/image\/"},"sameAs":["https:\/\/www.facebook.com\/webdotn","https:\/\/x.com\/webdo_tn"],"description":"Webdo est un m\u00e9dia num\u00e9rique tunisien fond\u00e9 en 2010, sp\u00e9cialis\u00e9 dans l\u2019actualit\u00e9 nationale et internationale, l\u2019\u00e9conomie, la soci\u00e9t\u00e9 et les analyses politiques. Le site s\u2019adresse \u00e0 un large public francophone et couvre l\u2019information tunisienne en temps r\u00e9el.","email":"redac@webdo.tn","legalName":"YNJ SARL","foundingDate":"2010-09-06","numberOfEmployees":{"@type":"QuantitativeValue","minValue":"11","maxValue":"50"}},{"@type":"Person","@id":"https:\/\/www.webdo.tn\/fr\/#\/schema\/person\/2c4929cbf5a809e3bd38617c6ce150f6","name":"MC","image":{"@type":"ImageObject","inLanguage":"fr-FR","@id":"https:\/\/secure.gravatar.com\/avatar\/a545bbb6f84efdd5553dbbc2895e3ca8f1d12c5215e00a041c9670b54aa9b18a?s=96&d=mm&r=g","url":"https:\/\/secure.gravatar.com\/avatar\/a545bbb6f84efdd5553dbbc2895e3ca8f1d12c5215e00a041c9670b54aa9b18a?s=96&d=mm&r=g","contentUrl":"https:\/\/secure.gravatar.com\/avatar\/a545bbb6f84efdd5553dbbc2895e3ca8f1d12c5215e00a041c9670b54aa9b18a?s=96&d=mm&r=g","caption":"MC"},"url":"https:\/\/www.webdo.tn\/fr\/actualite\/author\/mc\/"}]}},"_links":{"self":[{"href":"https:\/\/www.webdo.tn\/fr\/wp-json\/wp\/v2\/posts\/221475","targetHints":{"allow":["GET"]}}],"collection":[{"href":"https:\/\/www.webdo.tn\/fr\/wp-json\/wp\/v2\/posts"}],"about":[{"href":"https:\/\/www.webdo.tn\/fr\/wp-json\/wp\/v2\/types\/post"}],"author":[{"embeddable":true,"href":"https:\/\/www.webdo.tn\/fr\/wp-json\/wp\/v2\/users\/3162"}],"replies":[{"embeddable":true,"href":"https:\/\/www.webdo.tn\/fr\/wp-json\/wp\/v2\/comments?post=221475"}],"version-history":[{"count":0,"href":"https:\/\/www.webdo.tn\/fr\/wp-json\/wp\/v2\/posts\/221475\/revisions"}],"wp:featuredmedia":[{"embeddable":true,"href":"https:\/\/www.webdo.tn\/fr\/wp-json\/wp\/v2\/media\/292281"}],"wp:attachment":[{"href":"https:\/\/www.webdo.tn\/fr\/wp-json\/wp\/v2\/media?parent=221475"}],"wp:term":[{"taxonomy":"category","embeddable":true,"href":"https:\/\/www.webdo.tn\/fr\/wp-json\/wp\/v2\/categories?post=221475"},{"taxonomy":"post_tag","embeddable":true,"href":"https:\/\/www.webdo.tn\/fr\/wp-json\/wp\/v2\/tags?post=221475"}],"curies":[{"name":"wp","href":"https:\/\/api.w.org\/{rel}","templated":true}]}}