{"id":221472,"date":"2025-04-22T20:47:00","date_gmt":"2025-04-22T20:47:00","guid":{"rendered":"https:\/\/www.webdo.tn\/fr\/blog\/une-delegation-medicale-saoudienne-de-haut-niveau-attendue-en-tunisie\/221472\/"},"modified":"2025-05-20T22:17:55","modified_gmt":"2025-05-20T22:17:55","slug":"une-delegation-medicale-saoudienne-de-haut-niveau-attendue-en-tunisie","status":"publish","type":"post","link":"https:\/\/www.webdo.tn\/fr\/actualite\/national\/une-delegation-medicale-saoudienne-de-haut-niveau-attendue-en-tunisie\/221472\/","title":{"rendered":"Une d\u00e9l\u00e9gation m\u00e9dicale saoudienne de haut niveau attendue en Tunisie"},"content":{"rendered":"<p>La Tunisie et l\u2019Arabie Saoudite explorent de nouvelles voies de coop\u00e9ration dans les domaines strat\u00e9giques de la sant\u00e9, notamment la chirurgie cardiaque p\u00e9diatrique, l\u2019ophtalmologie, la greffe de moelle osseuse et d\u2019organes, ainsi que l\u2019am\u00e9lioration de l\u2019acc\u00e8s aux soins dans les r\u00e9gions d\u00e9favoris\u00e9es.<\/p>\n<p>\t\t\t\t\t\t\t\t\tC\u2019est ce qu\u2019a d\u00e9clar\u00e9, mardi 22 avril 2025, le ministre de la Sant\u00e9 Mustapha Ferjani, \u00e0 l\u2019issue d\u2019une rencontre avec une d\u00e9l\u00e9gation saoudienne conduite par le conseiller du cabinet royal Abdullah Al Rabiah, \u00e9galement pr\u00e9sident du Centre du Roi Salman pour l\u2019aide et l\u2019action humanitaire.<\/p>\n<p>Le ministre a soulign\u00e9 que cette visite marque une \u00e9tape importante pour le lancement de projets communs \u00e0 fort impact social. Il a notamment \u00e9voqu\u00e9 des initiatives humanitaires dans les sp\u00e9cialit\u00e9s sensibles comme la chirurgie cardiaque p\u00e9diatrique et la greffe d\u2019organes, en coordination avec les actions du centre du Roi Salman.<\/p>\n<p>Ferjani a salu\u00e9 les efforts de ce centre et la qualit\u00e9 des projets d\u00e9j\u00e0 men\u00e9s, mettant en avant l\u2019excellence des relations tuniso-saoudiennes, bas\u00e9es sur la solidarit\u00e9 et l\u2019int\u00e9r\u00eat partag\u00e9 pour le bien-\u00eatre des populations.<\/p>\n<p>De son c\u00f4t\u00e9, Abdullah Al Rabiah a affirm\u00e9, lors d\u2019une audience avec le pr\u00e9sident de la R\u00e9publique Kais Saied, la volont\u00e9 sinc\u00e8re de l\u2019Arabie Saoudite de soutenir la Tunisie dans le d\u00e9veloppement de son syst\u00e8me de sant\u00e9. Il a transmis un message d\u2019amiti\u00e9 du prince h\u00e9ritier saoudien et soulign\u00e9 la convergence de vues entre les deux chefs d\u2019\u00c9tat.<\/p>\n<p>Il a annonc\u00e9 l\u2019arriv\u00e9e imminente, d\u00e8s jeudi 24 avril, d\u2019une \u00e9quipe de m\u00e9decins saoudiens \u00e9quip\u00e9e d\u2019instruments de haute technologie, pour effectuer des interventions chirurgicales complexes en Tunisie. Cette visite vise \u00e9galement \u00e0 renforcer les partenariats dans le traitement des cancers, des maladies ophtalmologiques et dans le domaine des greffes.<br \/>\nUn engagement suivi au plus haut niveau<\/p>\n<p>Le suivi des projets de coop\u00e9ration sera assur\u00e9 directement par les autorit\u00e9s des deux pays, a pr\u00e9cis\u00e9 le repr\u00e9sentant saoudien.<\/p>\n","protected":false},"excerpt":{"rendered":"<p>La Tunisie et l\u2019Arabie Saoudite renforcent leur coop\u00e9ration dans la sant\u00e9, avec des projets conjoints en chirurgie cardiaque, greffes d\u2019organes et ophtalmologie&#8230;<\/p>\n","protected":false},"author":3162,"featured_media":292283,"comment_status":"open","ping_status":"closed","sticky":false,"template":"","format":"standard","meta":{"footnotes":""},"categories":[44],"tags":[11241,11242,3002,3200,2700,2608],"class_list":["post-221472","post","type-post","status-publish","format-standard","has-post-thumbnail","hentry","category-national","tag-ophtalmologie","tag-greffe-dorganes","tag-arabie-saoudite","tag-chirurgie-cardiaque","tag-medecine","tag-tunisie"],"yoast_head":"<!-- This site is optimized with the Yoast SEO Premium plugin v27.5 (Yoast SEO v27.5) - https:\/\/yoast.com\/product\/yoast-seo-premium-wordpress\/ -->\n<title>Une d\u00e9l\u00e9gation m\u00e9dicale saoudienne de haut niveau attendue en Tunisie<\/title>\n<meta name=\"description\" content=\"La Tunisie et l\u2019Arabie Saoudite renforcent leur coop\u00e9ration dans la sant\u00e9, avec des projets conjoints en chirurgie cardiaque, greffes d\u2019organes et ophtalmologie...\" \/>\n<link rel=\"canonical\" href=\"https:\/\/www.webdo.tn\/fr\/actualite\/national\/une-delegation-medicale-saoudienne-de-haut-niveau-attendue-en-tunisie\/221472\/\" \/>\n<meta property=\"og:locale\" content=\"fr_FR\" \/>\n<meta property=\"og:type\" content=\"article\" \/>\n<meta property=\"og:title\" content=\"Une d\u00e9l\u00e9gation m\u00e9dicale saoudienne de haut niveau attendue en Tunisie\" \/>\n<meta property=\"og:description\" content=\"La Tunisie et l\u2019Arabie Saoudite renforcent leur coop\u00e9ration dans la sant\u00e9, avec des projets conjoints en chirurgie cardiaque, greffes d\u2019organes et ophtalmologie...\" \/>\n<meta property=\"og:url\" content=\"https:\/\/www.webdo.tn\/fr\/actualite\/national\/une-delegation-medicale-saoudienne-de-haut-niveau-attendue-en-tunisie\/221472\/\" \/>\n<meta property=\"og:site_name\" content=\"webdo\" \/>\n<meta property=\"article:publisher\" content=\"https:\/\/www.facebook.com\/webdotn\" \/>\n<meta property=\"article:published_time\" content=\"2025-04-22T20:47:00+00:00\" \/>\n<meta property=\"article:modified_time\" content=\"2025-05-20T22:17:55+00:00\" \/>\n<meta property=\"og:image\" content=\"https:\/\/www.webdo.tn\/fr\/wp-content\/uploads\/2025\/04\/930579fe728a579c4592d721935acb4f.webp\" \/>\n\t<meta property=\"og:image:width\" content=\"750\" \/>\n\t<meta property=\"og:image:height\" content=\"400\" \/>\n\t<meta property=\"og:image:type\" content=\"image\/webp\" \/>\n<meta name=\"author\" content=\"MC\" \/>\n<meta name=\"twitter:card\" content=\"summary_large_image\" \/>\n<meta name=\"twitter:creator\" content=\"@webdo_tn\" \/>\n<meta name=\"twitter:site\" content=\"@webdo_tn\" \/>\n<meta name=\"twitter:label1\" content=\"\u00c9crit par\" \/>\n\t<meta name=\"twitter:data1\" content=\"MC\" \/>\n\t<meta name=\"twitter:label2\" content=\"Dur\u00e9e de lecture estim\u00e9e\" \/>\n\t<meta name=\"twitter:data2\" content=\"2 minutes\" \/>\n<script type=\"application\/ld+json\" class=\"yoast-schema-graph\">{\"@context\":\"https:\\\/\\\/schema.org\",\"@graph\":[{\"@type\":\"NewsArticle\",\"@id\":\"https:\\\/\\\/www.webdo.tn\\\/fr\\\/actualite\\\/national\\\/une-delegation-medicale-saoudienne-de-haut-niveau-attendue-en-tunisie\\\/221472\\\/#article\",\"isPartOf\":{\"@id\":\"https:\\\/\\\/www.webdo.tn\\\/fr\\\/actualite\\\/national\\\/une-delegation-medicale-saoudienne-de-haut-niveau-attendue-en-tunisie\\\/221472\\\/\"},\"author\":{\"name\":\"MC\",\"@id\":\"https:\\\/\\\/www.webdo.tn\\\/fr\\\/#\\\/schema\\\/person\\\/2c4929cbf5a809e3bd38617c6ce150f6\"},\"headline\":\"Une d\u00e9l\u00e9gation m\u00e9dicale saoudienne de haut niveau attendue en Tunisie\",\"datePublished\":\"2025-04-22T20:47:00+00:00\",\"dateModified\":\"2025-05-20T22:17:55+00:00\",\"mainEntityOfPage\":{\"@id\":\"https:\\\/\\\/www.webdo.tn\\\/fr\\\/actualite\\\/national\\\/une-delegation-medicale-saoudienne-de-haut-niveau-attendue-en-tunisie\\\/221472\\\/\"},\"wordCount\":370,\"commentCount\":0,\"publisher\":{\"@id\":\"https:\\\/\\\/www.webdo.tn\\\/fr\\\/#organization\"},\"image\":{\"@id\":\"https:\\\/\\\/www.webdo.tn\\\/fr\\\/actualite\\\/national\\\/une-delegation-medicale-saoudienne-de-haut-niveau-attendue-en-tunisie\\\/221472\\\/#primaryimage\"},\"thumbnailUrl\":\"https:\\\/\\\/www.webdo.tn\\\/fr\\\/wp-content\\\/uploads\\\/2025\\\/04\\\/930579fe728a579c4592d721935acb4f.webp\",\"keywords\":[\"'ophtalmologie'\",\"\\\"greffe d'organes\\\"]\",\"Arabie Saoudite\",\"chirurgie cardiaque\",\"m\u00e9decine\",\"Tunisie\"],\"articleSection\":[\"National\"],\"inLanguage\":\"fr-FR\"},{\"@type\":\"WebPage\",\"@id\":\"https:\\\/\\\/www.webdo.tn\\\/fr\\\/actualite\\\/national\\\/une-delegation-medicale-saoudienne-de-haut-niveau-attendue-en-tunisie\\\/221472\\\/\",\"url\":\"https:\\\/\\\/www.webdo.tn\\\/fr\\\/actualite\\\/national\\\/une-delegation-medicale-saoudienne-de-haut-niveau-attendue-en-tunisie\\\/221472\\\/\",\"name\":\"Une d\u00e9l\u00e9gation m\u00e9dicale saoudienne de haut niveau attendue en Tunisie\",\"isPartOf\":{\"@id\":\"https:\\\/\\\/www.webdo.tn\\\/fr\\\/#website\"},\"primaryImageOfPage\":{\"@id\":\"https:\\\/\\\/www.webdo.tn\\\/fr\\\/actualite\\\/national\\\/une-delegation-medicale-saoudienne-de-haut-niveau-attendue-en-tunisie\\\/221472\\\/#primaryimage\"},\"image\":{\"@id\":\"https:\\\/\\\/www.webdo.tn\\\/fr\\\/actualite\\\/national\\\/une-delegation-medicale-saoudienne-de-haut-niveau-attendue-en-tunisie\\\/221472\\\/#primaryimage\"},\"thumbnailUrl\":\"https:\\\/\\\/www.webdo.tn\\\/fr\\\/wp-content\\\/uploads\\\/2025\\\/04\\\/930579fe728a579c4592d721935acb4f.webp\",\"datePublished\":\"2025-04-22T20:47:00+00:00\",\"dateModified\":\"2025-05-20T22:17:55+00:00\",\"description\":\"La Tunisie et l\u2019Arabie Saoudite renforcent leur coop\u00e9ration dans la sant\u00e9, avec des projets conjoints en chirurgie cardiaque, greffes d\u2019organes et ophtalmologie...\",\"breadcrumb\":{\"@id\":\"https:\\\/\\\/www.webdo.tn\\\/fr\\\/actualite\\\/national\\\/une-delegation-medicale-saoudienne-de-haut-niveau-attendue-en-tunisie\\\/221472\\\/#breadcrumb\"},\"inLanguage\":\"fr-FR\",\"potentialAction\":[{\"@type\":\"ReadAction\",\"target\":[\"https:\\\/\\\/www.webdo.tn\\\/fr\\\/actualite\\\/national\\\/une-delegation-medicale-saoudienne-de-haut-niveau-attendue-en-tunisie\\\/221472\\\/\"]}]},{\"@type\":\"ImageObject\",\"inLanguage\":\"fr-FR\",\"@id\":\"https:\\\/\\\/www.webdo.tn\\\/fr\\\/actualite\\\/national\\\/une-delegation-medicale-saoudienne-de-haut-niveau-attendue-en-tunisie\\\/221472\\\/#primaryimage\",\"url\":\"https:\\\/\\\/www.webdo.tn\\\/fr\\\/wp-content\\\/uploads\\\/2025\\\/04\\\/930579fe728a579c4592d721935acb4f.webp\",\"contentUrl\":\"https:\\\/\\\/www.webdo.tn\\\/fr\\\/wp-content\\\/uploads\\\/2025\\\/04\\\/930579fe728a579c4592d721935acb4f.webp\",\"width\":750,\"height\":400,\"caption\":\"Une d\u00e9l\u00e9gation m\u00e9dicale saoudienne de haut niveau attendue en Tunisie\"},{\"@type\":\"BreadcrumbList\",\"@id\":\"https:\\\/\\\/www.webdo.tn\\\/fr\\\/actualite\\\/national\\\/une-delegation-medicale-saoudienne-de-haut-niveau-attendue-en-tunisie\\\/221472\\\/#breadcrumb\",\"itemListElement\":[{\"@type\":\"ListItem\",\"position\":1,\"name\":\"Accueil\",\"item\":\"https:\\\/\\\/www.webdo.tn\\\/fr\\\/\"},{\"@type\":\"ListItem\",\"position\":2,\"name\":\"Une d\u00e9l\u00e9gation m\u00e9dicale saoudienne de haut niveau attendue en Tunisie\"}]},{\"@type\":\"WebSite\",\"@id\":\"https:\\\/\\\/www.webdo.tn\\\/fr\\\/#website\",\"url\":\"https:\\\/\\\/www.webdo.tn\\\/fr\\\/\",\"name\":\"webdo\",\"description\":\"Tunisie - News en Tunisie et \u00e0 l&#039;international sur Webdo.tn\",\"publisher\":{\"@id\":\"https:\\\/\\\/www.webdo.tn\\\/fr\\\/#organization\"},\"potentialAction\":[{\"@type\":\"SearchAction\",\"target\":{\"@type\":\"EntryPoint\",\"urlTemplate\":\"https:\\\/\\\/www.webdo.tn\\\/fr\\\/?s={search_term_string}\"},\"query-input\":{\"@type\":\"PropertyValueSpecification\",\"valueRequired\":true,\"valueName\":\"search_term_string\"}}],\"inLanguage\":\"fr-FR\"},{\"@type\":\"Organization\",\"@id\":\"https:\\\/\\\/www.webdo.tn\\\/fr\\\/#organization\",\"name\":\"Webdo\",\"alternateName\":\"Webdo.tn\",\"url\":\"https:\\\/\\\/www.webdo.tn\\\/fr\\\/\",\"logo\":{\"@type\":\"ImageObject\",\"inLanguage\":\"fr-FR\",\"@id\":\"https:\\\/\\\/www.webdo.tn\\\/fr\\\/#\\\/schema\\\/logo\\\/image\\\/\",\"url\":\"https:\\\/\\\/www.webdo.tn\\\/fr\\\/wp-content\\\/uploads\\\/2025\\\/06\\\/Webdo-Tunisie_168377.jpg\",\"contentUrl\":\"https:\\\/\\\/www.webdo.tn\\\/fr\\\/wp-content\\\/uploads\\\/2025\\\/06\\\/Webdo-Tunisie_168377.jpg\",\"width\":301,\"height\":301,\"caption\":\"Webdo\"},\"image\":{\"@id\":\"https:\\\/\\\/www.webdo.tn\\\/fr\\\/#\\\/schema\\\/logo\\\/image\\\/\"},\"sameAs\":[\"https:\\\/\\\/www.facebook.com\\\/webdotn\",\"https:\\\/\\\/x.com\\\/webdo_tn\"],\"description\":\"Webdo est un m\u00e9dia num\u00e9rique tunisien fond\u00e9 en 2010, sp\u00e9cialis\u00e9 dans l\u2019actualit\u00e9 nationale et internationale, l\u2019\u00e9conomie, la soci\u00e9t\u00e9 et les analyses politiques. Le site s\u2019adresse \u00e0 un large public francophone et couvre l\u2019information tunisienne en temps r\u00e9el.\",\"email\":\"redac@webdo.tn\",\"legalName\":\"YNJ SARL\",\"foundingDate\":\"2010-09-06\",\"numberOfEmployees\":{\"@type\":\"QuantitativeValue\",\"minValue\":\"11\",\"maxValue\":\"50\"}},{\"@type\":\"Person\",\"@id\":\"https:\\\/\\\/www.webdo.tn\\\/fr\\\/#\\\/schema\\\/person\\\/2c4929cbf5a809e3bd38617c6ce150f6\",\"name\":\"MC\",\"image\":{\"@type\":\"ImageObject\",\"inLanguage\":\"fr-FR\",\"@id\":\"https:\\\/\\\/secure.gravatar.com\\\/avatar\\\/a545bbb6f84efdd5553dbbc2895e3ca8f1d12c5215e00a041c9670b54aa9b18a?s=96&d=mm&r=g\",\"url\":\"https:\\\/\\\/secure.gravatar.com\\\/avatar\\\/a545bbb6f84efdd5553dbbc2895e3ca8f1d12c5215e00a041c9670b54aa9b18a?s=96&d=mm&r=g\",\"contentUrl\":\"https:\\\/\\\/secure.gravatar.com\\\/avatar\\\/a545bbb6f84efdd5553dbbc2895e3ca8f1d12c5215e00a041c9670b54aa9b18a?s=96&d=mm&r=g\",\"caption\":\"MC\"},\"url\":\"https:\\\/\\\/www.webdo.tn\\\/fr\\\/actualite\\\/author\\\/mc\\\/\"}]}<\/script>\n<!-- \/ Yoast SEO Premium plugin. -->","yoast_head_json":{"title":"Une d\u00e9l\u00e9gation m\u00e9dicale saoudienne de haut niveau attendue en Tunisie","description":"La Tunisie et l\u2019Arabie Saoudite renforcent leur coop\u00e9ration dans la sant\u00e9, avec des projets conjoints en chirurgie cardiaque, greffes d\u2019organes et ophtalmologie...","canonical":"https:\/\/www.webdo.tn\/fr\/actualite\/national\/une-delegation-medicale-saoudienne-de-haut-niveau-attendue-en-tunisie\/221472\/","og_locale":"fr_FR","og_type":"article","og_title":"Une d\u00e9l\u00e9gation m\u00e9dicale saoudienne de haut niveau attendue en Tunisie","og_description":"La Tunisie et l\u2019Arabie Saoudite renforcent leur coop\u00e9ration dans la sant\u00e9, avec des projets conjoints en chirurgie cardiaque, greffes d\u2019organes et ophtalmologie...","og_url":"https:\/\/www.webdo.tn\/fr\/actualite\/national\/une-delegation-medicale-saoudienne-de-haut-niveau-attendue-en-tunisie\/221472\/","og_site_name":"webdo","article_publisher":"https:\/\/www.facebook.com\/webdotn","article_published_time":"2025-04-22T20:47:00+00:00","article_modified_time":"2025-05-20T22:17:55+00:00","og_image":[{"width":750,"height":400,"url":"https:\/\/www.webdo.tn\/fr\/wp-content\/uploads\/2025\/04\/930579fe728a579c4592d721935acb4f.webp","type":"image\/webp"}],"author":"MC","twitter_card":"summary_large_image","twitter_creator":"@webdo_tn","twitter_site":"@webdo_tn","twitter_misc":{"\u00c9crit par":"MC","Dur\u00e9e de lecture estim\u00e9e":"2 minutes"},"schema":{"@context":"https:\/\/schema.org","@graph":[{"@type":"NewsArticle","@id":"https:\/\/www.webdo.tn\/fr\/actualite\/national\/une-delegation-medicale-saoudienne-de-haut-niveau-attendue-en-tunisie\/221472\/#article","isPartOf":{"@id":"https:\/\/www.webdo.tn\/fr\/actualite\/national\/une-delegation-medicale-saoudienne-de-haut-niveau-attendue-en-tunisie\/221472\/"},"author":{"name":"MC","@id":"https:\/\/www.webdo.tn\/fr\/#\/schema\/person\/2c4929cbf5a809e3bd38617c6ce150f6"},"headline":"Une d\u00e9l\u00e9gation m\u00e9dicale saoudienne de haut niveau attendue en Tunisie","datePublished":"2025-04-22T20:47:00+00:00","dateModified":"2025-05-20T22:17:55+00:00","mainEntityOfPage":{"@id":"https:\/\/www.webdo.tn\/fr\/actualite\/national\/une-delegation-medicale-saoudienne-de-haut-niveau-attendue-en-tunisie\/221472\/"},"wordCount":370,"commentCount":0,"publisher":{"@id":"https:\/\/www.webdo.tn\/fr\/#organization"},"image":{"@id":"https:\/\/www.webdo.tn\/fr\/actualite\/national\/une-delegation-medicale-saoudienne-de-haut-niveau-attendue-en-tunisie\/221472\/#primaryimage"},"thumbnailUrl":"https:\/\/www.webdo.tn\/fr\/wp-content\/uploads\/2025\/04\/930579fe728a579c4592d721935acb4f.webp","keywords":["'ophtalmologie'","\"greffe d'organes\"]","Arabie Saoudite","chirurgie cardiaque","m\u00e9decine","Tunisie"],"articleSection":["National"],"inLanguage":"fr-FR"},{"@type":"WebPage","@id":"https:\/\/www.webdo.tn\/fr\/actualite\/national\/une-delegation-medicale-saoudienne-de-haut-niveau-attendue-en-tunisie\/221472\/","url":"https:\/\/www.webdo.tn\/fr\/actualite\/national\/une-delegation-medicale-saoudienne-de-haut-niveau-attendue-en-tunisie\/221472\/","name":"Une d\u00e9l\u00e9gation m\u00e9dicale saoudienne de haut niveau attendue en Tunisie","isPartOf":{"@id":"https:\/\/www.webdo.tn\/fr\/#website"},"primaryImageOfPage":{"@id":"https:\/\/www.webdo.tn\/fr\/actualite\/national\/une-delegation-medicale-saoudienne-de-haut-niveau-attendue-en-tunisie\/221472\/#primaryimage"},"image":{"@id":"https:\/\/www.webdo.tn\/fr\/actualite\/national\/une-delegation-medicale-saoudienne-de-haut-niveau-attendue-en-tunisie\/221472\/#primaryimage"},"thumbnailUrl":"https:\/\/www.webdo.tn\/fr\/wp-content\/uploads\/2025\/04\/930579fe728a579c4592d721935acb4f.webp","datePublished":"2025-04-22T20:47:00+00:00","dateModified":"2025-05-20T22:17:55+00:00","description":"La Tunisie et l\u2019Arabie Saoudite renforcent leur coop\u00e9ration dans la sant\u00e9, avec des projets conjoints en chirurgie cardiaque, greffes d\u2019organes et ophtalmologie...","breadcrumb":{"@id":"https:\/\/www.webdo.tn\/fr\/actualite\/national\/une-delegation-medicale-saoudienne-de-haut-niveau-attendue-en-tunisie\/221472\/#breadcrumb"},"inLanguage":"fr-FR","potentialAction":[{"@type":"ReadAction","target":["https:\/\/www.webdo.tn\/fr\/actualite\/national\/une-delegation-medicale-saoudienne-de-haut-niveau-attendue-en-tunisie\/221472\/"]}]},{"@type":"ImageObject","inLanguage":"fr-FR","@id":"https:\/\/www.webdo.tn\/fr\/actualite\/national\/une-delegation-medicale-saoudienne-de-haut-niveau-attendue-en-tunisie\/221472\/#primaryimage","url":"https:\/\/www.webdo.tn\/fr\/wp-content\/uploads\/2025\/04\/930579fe728a579c4592d721935acb4f.webp","contentUrl":"https:\/\/www.webdo.tn\/fr\/wp-content\/uploads\/2025\/04\/930579fe728a579c4592d721935acb4f.webp","width":750,"height":400,"caption":"Une d\u00e9l\u00e9gation m\u00e9dicale saoudienne de haut niveau attendue en Tunisie"},{"@type":"BreadcrumbList","@id":"https:\/\/www.webdo.tn\/fr\/actualite\/national\/une-delegation-medicale-saoudienne-de-haut-niveau-attendue-en-tunisie\/221472\/#breadcrumb","itemListElement":[{"@type":"ListItem","position":1,"name":"Accueil","item":"https:\/\/www.webdo.tn\/fr\/"},{"@type":"ListItem","position":2,"name":"Une d\u00e9l\u00e9gation m\u00e9dicale saoudienne de haut niveau attendue en Tunisie"}]},{"@type":"WebSite","@id":"https:\/\/www.webdo.tn\/fr\/#website","url":"https:\/\/www.webdo.tn\/fr\/","name":"webdo","description":"Tunisie - News en Tunisie et \u00e0 l&#039;international sur Webdo.tn","publisher":{"@id":"https:\/\/www.webdo.tn\/fr\/#organization"},"potentialAction":[{"@type":"SearchAction","target":{"@type":"EntryPoint","urlTemplate":"https:\/\/www.webdo.tn\/fr\/?s={search_term_string}"},"query-input":{"@type":"PropertyValueSpecification","valueRequired":true,"valueName":"search_term_string"}}],"inLanguage":"fr-FR"},{"@type":"Organization","@id":"https:\/\/www.webdo.tn\/fr\/#organization","name":"Webdo","alternateName":"Webdo.tn","url":"https:\/\/www.webdo.tn\/fr\/","logo":{"@type":"ImageObject","inLanguage":"fr-FR","@id":"https:\/\/www.webdo.tn\/fr\/#\/schema\/logo\/image\/","url":"https:\/\/www.webdo.tn\/fr\/wp-content\/uploads\/2025\/06\/Webdo-Tunisie_168377.jpg","contentUrl":"https:\/\/www.webdo.tn\/fr\/wp-content\/uploads\/2025\/06\/Webdo-Tunisie_168377.jpg","width":301,"height":301,"caption":"Webdo"},"image":{"@id":"https:\/\/www.webdo.tn\/fr\/#\/schema\/logo\/image\/"},"sameAs":["https:\/\/www.facebook.com\/webdotn","https:\/\/x.com\/webdo_tn"],"description":"Webdo est un m\u00e9dia num\u00e9rique tunisien fond\u00e9 en 2010, sp\u00e9cialis\u00e9 dans l\u2019actualit\u00e9 nationale et internationale, l\u2019\u00e9conomie, la soci\u00e9t\u00e9 et les analyses politiques. Le site s\u2019adresse \u00e0 un large public francophone et couvre l\u2019information tunisienne en temps r\u00e9el.","email":"redac@webdo.tn","legalName":"YNJ SARL","foundingDate":"2010-09-06","numberOfEmployees":{"@type":"QuantitativeValue","minValue":"11","maxValue":"50"}},{"@type":"Person","@id":"https:\/\/www.webdo.tn\/fr\/#\/schema\/person\/2c4929cbf5a809e3bd38617c6ce150f6","name":"MC","image":{"@type":"ImageObject","inLanguage":"fr-FR","@id":"https:\/\/secure.gravatar.com\/avatar\/a545bbb6f84efdd5553dbbc2895e3ca8f1d12c5215e00a041c9670b54aa9b18a?s=96&d=mm&r=g","url":"https:\/\/secure.gravatar.com\/avatar\/a545bbb6f84efdd5553dbbc2895e3ca8f1d12c5215e00a041c9670b54aa9b18a?s=96&d=mm&r=g","contentUrl":"https:\/\/secure.gravatar.com\/avatar\/a545bbb6f84efdd5553dbbc2895e3ca8f1d12c5215e00a041c9670b54aa9b18a?s=96&d=mm&r=g","caption":"MC"},"url":"https:\/\/www.webdo.tn\/fr\/actualite\/author\/mc\/"}]}},"_links":{"self":[{"href":"https:\/\/www.webdo.tn\/fr\/wp-json\/wp\/v2\/posts\/221472","targetHints":{"allow":["GET"]}}],"collection":[{"href":"https:\/\/www.webdo.tn\/fr\/wp-json\/wp\/v2\/posts"}],"about":[{"href":"https:\/\/www.webdo.tn\/fr\/wp-json\/wp\/v2\/types\/post"}],"author":[{"embeddable":true,"href":"https:\/\/www.webdo.tn\/fr\/wp-json\/wp\/v2\/users\/3162"}],"replies":[{"embeddable":true,"href":"https:\/\/www.webdo.tn\/fr\/wp-json\/wp\/v2\/comments?post=221472"}],"version-history":[{"count":0,"href":"https:\/\/www.webdo.tn\/fr\/wp-json\/wp\/v2\/posts\/221472\/revisions"}],"wp:featuredmedia":[{"embeddable":true,"href":"https:\/\/www.webdo.tn\/fr\/wp-json\/wp\/v2\/media\/292283"}],"wp:attachment":[{"href":"https:\/\/www.webdo.tn\/fr\/wp-json\/wp\/v2\/media?parent=221472"}],"wp:term":[{"taxonomy":"category","embeddable":true,"href":"https:\/\/www.webdo.tn\/fr\/wp-json\/wp\/v2\/categories?post=221472"},{"taxonomy":"post_tag","embeddable":true,"href":"https:\/\/www.webdo.tn\/fr\/wp-json\/wp\/v2\/tags?post=221472"}],"curies":[{"name":"wp","href":"https:\/\/api.w.org\/{rel}","templated":true}]}}