{"id":221471,"date":"2025-04-22T20:17:00","date_gmt":"2025-04-22T20:17:00","guid":{"rendered":"https:\/\/www.webdo.tn\/fr\/blog\/2025\/04\/22\/tunisie-le-ministre-de-l-interieur-face-aux-deputes-migration-securite-nominations-au-coeur-des-debats\/"},"modified":"2025-05-20T21:40:46","modified_gmt":"2025-05-20T21:40:46","slug":"tunisie-le-ministre-de-l-interieur-face-aux-deputes-migration-securite-nominations-au-coeur-des-debats","status":"publish","type":"post","link":"https:\/\/www.webdo.tn\/fr\/actualite\/national\/tunisie-le-ministre-de-l-interieur-face-aux-deputes-migration-securite-nominations-au-coeur-des-debats\/221471\/","title":{"rendered":"Tunisie : Le ministre de l\u2019Int\u00e9rieur face aux d\u00e9put\u00e9s &#8211; Migration, s\u00e9curit\u00e9, nominations au c\u0153ur des d\u00e9bats"},"content":{"rendered":"<p>Lors d\u2019une s\u00e9ance pl\u00e9ni\u00e8re tenue mardi 22 avril 2025 \u00e0 l\u2019Assembl\u00e9e des repr\u00e9sentants du peuple (ARP), le ministre de l\u2019Int\u00e9rieur Khaled Nouri a r\u00e9pondu \u00e0 dix questions orales pos\u00e9es par plusieurs d\u00e9put\u00e9s.<\/p>\n<p>\t\t\t\t\t\t\t\t\tLes \u00e9changes ont port\u00e9 sur des sujets cruciaux tels que la migration irr\u00e9guli\u00e8re, la s\u00e9curit\u00e9 publique, les nominations administratives, ainsi que des probl\u00e9matiques locales, notamment \u00e0 Hammamet.<\/p>\n<p>Migration irr\u00e9guli\u00e8re : \u00ab\u00a0La Tunisie ne sera pas une terre d\u2019installation\u00a0\u00bb<\/p>\n<p>Interpell\u00e9 par le d\u00e9put\u00e9 Yassine Mami sur la situation migratoire, Khaled Nouri a affirm\u00e9 avec fermet\u00e9 :<\/p>\n<p>\u00ab La Tunisie ne sera jamais une terre d&rsquo;installation pour des migrants irr\u00e9guliers originaires d\u2019Afrique subsaharienne qui cherchent \u00e0 rejoindre l&rsquo;Europe. \u00bb<\/p>\n<p>Il a pr\u00e9cis\u00e9 que son minist\u00e8re travaille en coordination avec l\u2019institution militaire pour s\u00e9curiser davantage les fronti\u00e8res terrestres et maritimes dans le cadre d\u2019un plan op\u00e9rationnel en cours d\u2019ex\u00e9cution.<\/p>\n<p>S\u00e9curit\u00e9 et ordre public<\/p>\n<p>Le ministre a \u00e9galement soulign\u00e9 que le minist\u00e8re de l\u2019Int\u00e9rieur dispose de plans alternatifs pour faire face aux diverses menaces \u00e0 l\u2019ordre public, y compris la lutte contre les r\u00e9seaux de trafic de stup\u00e9fiants.<\/p>\n<p>R\u00e9agissant aux pr\u00e9occupations li\u00e9es \u00e0 Hammamet \u2013 notamment le raccordement aux r\u00e9seaux d\u2019\u00e9lectricit\u00e9 et de gaz, la mise \u00e0 jour des plans d\u2019am\u00e9nagement, et l\u2019installation de cam\u00e9ras de surveillance \u2013 le ministre a rappel\u00e9 que ces difficult\u00e9s ne sont pas propres \u00e0 cette seule ville.<\/p>\n<p>Il a soulign\u00e9 que les autorit\u00e9s locales ont \u00e9t\u00e9 appel\u00e9es \u00e0 appliquer la circulaire de d\u00e9cembre 2023 afin de r\u00e9gulariser les situations au cas par cas.<\/p>\n<p>Concernant la s\u00e9curit\u00e9 \u00e0 Hammamet, Nouri a annonc\u00e9 l\u2019allocation d\u2019un budget de 500 000 dinars pour l\u2019installation de 20 cam\u00e9ras de surveillance, et l\u2019intensification de la pr\u00e9sence s\u00e9curitaire, en particulier \u00e0 l\u2019approche de la saison estivale.<\/p>\n<p>Nominations administratives : crit\u00e8res et enqu\u00eates en cours<\/p>\n<p>\u00c0 la question du d\u00e9put\u00e9 Ahmed Sa\u00efdani concernant les pr\u00e9tendues \u00ab\u00a0nominations politiques\u00a0\u00bb dans les rangs des d\u00e9l\u00e9gu\u00e9s et omdas, le ministre a indiqu\u00e9 que 86 crit\u00e8res sont pris en compte dans le processus de s\u00e9lection.\u00a0<\/p>\n<p>Il a \u00e9galement r\u00e9v\u00e9l\u00e9 que des plaintes ont \u00e9t\u00e9 d\u00e9pos\u00e9es contre certains d\u00e9l\u00e9gu\u00e9s, et que des enqu\u00eates sont en cours pour faire la lumi\u00e8re sur ces comportements signal\u00e9s.<\/p>\n","protected":false},"excerpt":{"rendered":"<p>Tunisie \u2013 Le ministre de l\u2019Int\u00e9rieur Khaled Nouri r\u00e9pond aux d\u00e9put\u00e9s sur la migration irr\u00e9guli\u00e8re, la s\u00e9curit\u00e9 \u00e0 Hammamet, les nominations administratives et le&#8230;<\/p>\n","protected":false},"author":3162,"featured_media":240994,"comment_status":"open","ping_status":"open","sticky":false,"template":"","format":"standard","meta":{"footnotes":""},"categories":[44],"tags":[2813,3043,3044,2772,2608],"class_list":["post-221471","post","type-post","status-publish","format-standard","has-post-thumbnail","hentry","category-national","tag-arp","tag-audition","tag-ministre-de-linterieur","tag-parlement","tag-tunisie"],"yoast_head":"<!-- This site is optimized with the Yoast SEO Premium plugin v27.4 (Yoast SEO v27.5) - https:\/\/yoast.com\/product\/yoast-seo-premium-wordpress\/ -->\n<title>Tunisie : Le ministre de l\u2019Int\u00e9rieur face aux d\u00e9put\u00e9s - Migration, s\u00e9curit\u00e9, nominations au c\u0153ur des d\u00e9bats<\/title>\n<meta name=\"description\" content=\"Tunisie \u2013 Le ministre de l\u2019Int\u00e9rieur Khaled Nouri r\u00e9pond aux d\u00e9put\u00e9s sur la migration irr\u00e9guli\u00e8re, la s\u00e9curit\u00e9 \u00e0 Hammamet, les nominations administratives et le...\" \/>\n<link rel=\"canonical\" href=\"https:\/\/www.webdo.tn\/fr\/actualite\/national\/tunisie-le-ministre-de-l-interieur-face-aux-deputes-migration-securite-nominations-au-coeur-des-debats\/221471\/\" \/>\n<meta property=\"og:locale\" content=\"fr_FR\" \/>\n<meta property=\"og:type\" content=\"article\" \/>\n<meta property=\"og:title\" content=\"Tunisie : Le ministre de l\u2019Int\u00e9rieur face aux d\u00e9put\u00e9s - Migration, s\u00e9curit\u00e9, nominations au c\u0153ur des d\u00e9bats\" \/>\n<meta property=\"og:description\" content=\"Tunisie \u2013 Le ministre de l\u2019Int\u00e9rieur Khaled Nouri r\u00e9pond aux d\u00e9put\u00e9s sur la migration irr\u00e9guli\u00e8re, la s\u00e9curit\u00e9 \u00e0 Hammamet, les nominations administratives et le...\" \/>\n<meta property=\"og:url\" content=\"https:\/\/www.webdo.tn\/fr\/actualite\/national\/tunisie-le-ministre-de-l-interieur-face-aux-deputes-migration-securite-nominations-au-coeur-des-debats\/221471\/\" \/>\n<meta property=\"og:site_name\" content=\"webdo\" \/>\n<meta property=\"article:publisher\" content=\"https:\/\/www.facebook.com\/webdotn\" \/>\n<meta property=\"article:published_time\" content=\"2025-04-22T20:17:00+00:00\" \/>\n<meta property=\"article:modified_time\" content=\"2025-05-20T21:40:46+00:00\" \/>\n<meta property=\"og:image\" content=\"https:\/\/www.webdo.tn\/fr\/wp-content\/uploads\/2025\/05\/7e6d7929e6a487a0b37065b15fa8e8ad-3.webp\" \/>\n\t<meta property=\"og:image:width\" content=\"750\" \/>\n\t<meta property=\"og:image:height\" content=\"400\" \/>\n\t<meta property=\"og:image:type\" content=\"image\/webp\" \/>\n<meta name=\"author\" content=\"MC\" \/>\n<meta name=\"twitter:card\" content=\"summary_large_image\" \/>\n<meta name=\"twitter:creator\" content=\"@webdo_tn\" \/>\n<meta name=\"twitter:site\" content=\"@webdo_tn\" \/>\n<meta name=\"twitter:label1\" content=\"\u00c9crit par\" \/>\n\t<meta name=\"twitter:data1\" content=\"MC\" \/>\n\t<meta name=\"twitter:label2\" content=\"Dur\u00e9e de lecture estim\u00e9e\" \/>\n\t<meta name=\"twitter:data2\" content=\"2 minutes\" \/>\n<script type=\"application\/ld+json\" class=\"yoast-schema-graph\">{\"@context\":\"https:\\\/\\\/schema.org\",\"@graph\":[{\"@type\":\"NewsArticle\",\"@id\":\"https:\\\/\\\/www.webdo.tn\\\/fr\\\/actualite\\\/national\\\/tunisie-le-ministre-de-l-interieur-face-aux-deputes-migration-securite-nominations-au-coeur-des-debats\\\/221471\\\/#article\",\"isPartOf\":{\"@id\":\"https:\\\/\\\/www.webdo.tn\\\/fr\\\/actualite\\\/national\\\/tunisie-le-ministre-de-l-interieur-face-aux-deputes-migration-securite-nominations-au-coeur-des-debats\\\/221471\\\/\"},\"author\":{\"name\":\"MC\",\"@id\":\"https:\\\/\\\/www.webdo.tn\\\/fr\\\/#\\\/schema\\\/person\\\/2c4929cbf5a809e3bd38617c6ce150f6\"},\"headline\":\"Tunisie : Le ministre de l\u2019Int\u00e9rieur face aux d\u00e9put\u00e9s &#8211; Migration, s\u00e9curit\u00e9, nominations au c\u0153ur des d\u00e9bats\",\"datePublished\":\"2025-04-22T20:17:00+00:00\",\"dateModified\":\"2025-05-20T21:40:46+00:00\",\"mainEntityOfPage\":{\"@id\":\"https:\\\/\\\/www.webdo.tn\\\/fr\\\/actualite\\\/national\\\/tunisie-le-ministre-de-l-interieur-face-aux-deputes-migration-securite-nominations-au-coeur-des-debats\\\/221471\\\/\"},\"wordCount\":435,\"commentCount\":0,\"publisher\":{\"@id\":\"https:\\\/\\\/www.webdo.tn\\\/fr\\\/#organization\"},\"image\":{\"@id\":\"https:\\\/\\\/www.webdo.tn\\\/fr\\\/actualite\\\/national\\\/tunisie-le-ministre-de-l-interieur-face-aux-deputes-migration-securite-nominations-au-coeur-des-debats\\\/221471\\\/#primaryimage\"},\"thumbnailUrl\":\"https:\\\/\\\/www.webdo.tn\\\/fr\\\/wp-content\\\/uploads\\\/2025\\\/05\\\/7e6d7929e6a487a0b37065b15fa8e8ad-3.webp\",\"keywords\":[\"ARP\",\"audition\",\"ministre de l'int\u00e9rieur\",\"Parlement\",\"Tunisie\"],\"articleSection\":[\"National\"],\"inLanguage\":\"fr-FR\"},{\"@type\":\"WebPage\",\"@id\":\"https:\\\/\\\/www.webdo.tn\\\/fr\\\/actualite\\\/national\\\/tunisie-le-ministre-de-l-interieur-face-aux-deputes-migration-securite-nominations-au-coeur-des-debats\\\/221471\\\/\",\"url\":\"https:\\\/\\\/www.webdo.tn\\\/fr\\\/actualite\\\/national\\\/tunisie-le-ministre-de-l-interieur-face-aux-deputes-migration-securite-nominations-au-coeur-des-debats\\\/221471\\\/\",\"name\":\"Tunisie : Le ministre de l\u2019Int\u00e9rieur face aux d\u00e9put\u00e9s - Migration, s\u00e9curit\u00e9, nominations au c\u0153ur des d\u00e9bats\",\"isPartOf\":{\"@id\":\"https:\\\/\\\/www.webdo.tn\\\/fr\\\/#website\"},\"primaryImageOfPage\":{\"@id\":\"https:\\\/\\\/www.webdo.tn\\\/fr\\\/actualite\\\/national\\\/tunisie-le-ministre-de-l-interieur-face-aux-deputes-migration-securite-nominations-au-coeur-des-debats\\\/221471\\\/#primaryimage\"},\"image\":{\"@id\":\"https:\\\/\\\/www.webdo.tn\\\/fr\\\/actualite\\\/national\\\/tunisie-le-ministre-de-l-interieur-face-aux-deputes-migration-securite-nominations-au-coeur-des-debats\\\/221471\\\/#primaryimage\"},\"thumbnailUrl\":\"https:\\\/\\\/www.webdo.tn\\\/fr\\\/wp-content\\\/uploads\\\/2025\\\/05\\\/7e6d7929e6a487a0b37065b15fa8e8ad-3.webp\",\"datePublished\":\"2025-04-22T20:17:00+00:00\",\"dateModified\":\"2025-05-20T21:40:46+00:00\",\"description\":\"Tunisie \u2013 Le ministre de l\u2019Int\u00e9rieur Khaled Nouri r\u00e9pond aux d\u00e9put\u00e9s sur la migration irr\u00e9guli\u00e8re, la s\u00e9curit\u00e9 \u00e0 Hammamet, les nominations administratives et le...\",\"breadcrumb\":{\"@id\":\"https:\\\/\\\/www.webdo.tn\\\/fr\\\/actualite\\\/national\\\/tunisie-le-ministre-de-l-interieur-face-aux-deputes-migration-securite-nominations-au-coeur-des-debats\\\/221471\\\/#breadcrumb\"},\"inLanguage\":\"fr-FR\",\"potentialAction\":[{\"@type\":\"ReadAction\",\"target\":[\"https:\\\/\\\/www.webdo.tn\\\/fr\\\/actualite\\\/national\\\/tunisie-le-ministre-de-l-interieur-face-aux-deputes-migration-securite-nominations-au-coeur-des-debats\\\/221471\\\/\"]}]},{\"@type\":\"ImageObject\",\"inLanguage\":\"fr-FR\",\"@id\":\"https:\\\/\\\/www.webdo.tn\\\/fr\\\/actualite\\\/national\\\/tunisie-le-ministre-de-l-interieur-face-aux-deputes-migration-securite-nominations-au-coeur-des-debats\\\/221471\\\/#primaryimage\",\"url\":\"https:\\\/\\\/www.webdo.tn\\\/fr\\\/wp-content\\\/uploads\\\/2025\\\/05\\\/7e6d7929e6a487a0b37065b15fa8e8ad-3.webp\",\"contentUrl\":\"https:\\\/\\\/www.webdo.tn\\\/fr\\\/wp-content\\\/uploads\\\/2025\\\/05\\\/7e6d7929e6a487a0b37065b15fa8e8ad-3.webp\",\"width\":750,\"height\":400},{\"@type\":\"BreadcrumbList\",\"@id\":\"https:\\\/\\\/www.webdo.tn\\\/fr\\\/actualite\\\/national\\\/tunisie-le-ministre-de-l-interieur-face-aux-deputes-migration-securite-nominations-au-coeur-des-debats\\\/221471\\\/#breadcrumb\",\"itemListElement\":[{\"@type\":\"ListItem\",\"position\":1,\"name\":\"Accueil\",\"item\":\"https:\\\/\\\/www.webdo.tn\\\/fr\\\/\"},{\"@type\":\"ListItem\",\"position\":2,\"name\":\"Tunisie : Le ministre de l\u2019Int\u00e9rieur face aux d\u00e9put\u00e9s &#8211; Migration, s\u00e9curit\u00e9, nominations au c\u0153ur des d\u00e9bats\"}]},{\"@type\":\"WebSite\",\"@id\":\"https:\\\/\\\/www.webdo.tn\\\/fr\\\/#website\",\"url\":\"https:\\\/\\\/www.webdo.tn\\\/fr\\\/\",\"name\":\"webdo\",\"description\":\"Tunisie - News en Tunisie et \u00e0 l&#039;international sur Webdo.tn\",\"publisher\":{\"@id\":\"https:\\\/\\\/www.webdo.tn\\\/fr\\\/#organization\"},\"potentialAction\":[{\"@type\":\"SearchAction\",\"target\":{\"@type\":\"EntryPoint\",\"urlTemplate\":\"https:\\\/\\\/www.webdo.tn\\\/fr\\\/?s={search_term_string}\"},\"query-input\":{\"@type\":\"PropertyValueSpecification\",\"valueRequired\":true,\"valueName\":\"search_term_string\"}}],\"inLanguage\":\"fr-FR\"},{\"@type\":\"Organization\",\"@id\":\"https:\\\/\\\/www.webdo.tn\\\/fr\\\/#organization\",\"name\":\"Webdo\",\"alternateName\":\"Webdo.tn\",\"url\":\"https:\\\/\\\/www.webdo.tn\\\/fr\\\/\",\"logo\":{\"@type\":\"ImageObject\",\"inLanguage\":\"fr-FR\",\"@id\":\"https:\\\/\\\/www.webdo.tn\\\/fr\\\/#\\\/schema\\\/logo\\\/image\\\/\",\"url\":\"https:\\\/\\\/www.webdo.tn\\\/fr\\\/wp-content\\\/uploads\\\/2025\\\/06\\\/Webdo-Tunisie_168377.jpg\",\"contentUrl\":\"https:\\\/\\\/www.webdo.tn\\\/fr\\\/wp-content\\\/uploads\\\/2025\\\/06\\\/Webdo-Tunisie_168377.jpg\",\"width\":301,\"height\":301,\"caption\":\"Webdo\"},\"image\":{\"@id\":\"https:\\\/\\\/www.webdo.tn\\\/fr\\\/#\\\/schema\\\/logo\\\/image\\\/\"},\"sameAs\":[\"https:\\\/\\\/www.facebook.com\\\/webdotn\",\"https:\\\/\\\/x.com\\\/webdo_tn\"],\"description\":\"Webdo est un m\u00e9dia num\u00e9rique tunisien fond\u00e9 en 2010, sp\u00e9cialis\u00e9 dans l\u2019actualit\u00e9 nationale et internationale, l\u2019\u00e9conomie, la soci\u00e9t\u00e9 et les analyses politiques. Le site s\u2019adresse \u00e0 un large public francophone et couvre l\u2019information tunisienne en temps r\u00e9el.\",\"email\":\"redac@webdo.tn\",\"legalName\":\"YNJ SARL\",\"foundingDate\":\"2010-09-06\",\"numberOfEmployees\":{\"@type\":\"QuantitativeValue\",\"minValue\":\"11\",\"maxValue\":\"50\"}},{\"@type\":\"Person\",\"@id\":\"https:\\\/\\\/www.webdo.tn\\\/fr\\\/#\\\/schema\\\/person\\\/2c4929cbf5a809e3bd38617c6ce150f6\",\"name\":\"MC\",\"image\":{\"@type\":\"ImageObject\",\"inLanguage\":\"fr-FR\",\"@id\":\"https:\\\/\\\/secure.gravatar.com\\\/avatar\\\/a545bbb6f84efdd5553dbbc2895e3ca8f1d12c5215e00a041c9670b54aa9b18a?s=96&d=mm&r=g\",\"url\":\"https:\\\/\\\/secure.gravatar.com\\\/avatar\\\/a545bbb6f84efdd5553dbbc2895e3ca8f1d12c5215e00a041c9670b54aa9b18a?s=96&d=mm&r=g\",\"contentUrl\":\"https:\\\/\\\/secure.gravatar.com\\\/avatar\\\/a545bbb6f84efdd5553dbbc2895e3ca8f1d12c5215e00a041c9670b54aa9b18a?s=96&d=mm&r=g\",\"caption\":\"MC\"},\"url\":\"https:\\\/\\\/www.webdo.tn\\\/fr\\\/actualite\\\/author\\\/mc\\\/\"}]}<\/script>\n<!-- \/ Yoast SEO Premium plugin. -->","yoast_head_json":{"title":"Tunisie : Le ministre de l\u2019Int\u00e9rieur face aux d\u00e9put\u00e9s - Migration, s\u00e9curit\u00e9, nominations au c\u0153ur des d\u00e9bats","description":"Tunisie \u2013 Le ministre de l\u2019Int\u00e9rieur Khaled Nouri r\u00e9pond aux d\u00e9put\u00e9s sur la migration irr\u00e9guli\u00e8re, la s\u00e9curit\u00e9 \u00e0 Hammamet, les nominations administratives et le...","canonical":"https:\/\/www.webdo.tn\/fr\/actualite\/national\/tunisie-le-ministre-de-l-interieur-face-aux-deputes-migration-securite-nominations-au-coeur-des-debats\/221471\/","og_locale":"fr_FR","og_type":"article","og_title":"Tunisie : Le ministre de l\u2019Int\u00e9rieur face aux d\u00e9put\u00e9s - Migration, s\u00e9curit\u00e9, nominations au c\u0153ur des d\u00e9bats","og_description":"Tunisie \u2013 Le ministre de l\u2019Int\u00e9rieur Khaled Nouri r\u00e9pond aux d\u00e9put\u00e9s sur la migration irr\u00e9guli\u00e8re, la s\u00e9curit\u00e9 \u00e0 Hammamet, les nominations administratives et le...","og_url":"https:\/\/www.webdo.tn\/fr\/actualite\/national\/tunisie-le-ministre-de-l-interieur-face-aux-deputes-migration-securite-nominations-au-coeur-des-debats\/221471\/","og_site_name":"webdo","article_publisher":"https:\/\/www.facebook.com\/webdotn","article_published_time":"2025-04-22T20:17:00+00:00","article_modified_time":"2025-05-20T21:40:46+00:00","og_image":[{"width":750,"height":400,"url":"https:\/\/www.webdo.tn\/fr\/wp-content\/uploads\/2025\/05\/7e6d7929e6a487a0b37065b15fa8e8ad-3.webp","type":"image\/webp"}],"author":"MC","twitter_card":"summary_large_image","twitter_creator":"@webdo_tn","twitter_site":"@webdo_tn","twitter_misc":{"\u00c9crit par":"MC","Dur\u00e9e de lecture estim\u00e9e":"2 minutes"},"schema":{"@context":"https:\/\/schema.org","@graph":[{"@type":"NewsArticle","@id":"https:\/\/www.webdo.tn\/fr\/actualite\/national\/tunisie-le-ministre-de-l-interieur-face-aux-deputes-migration-securite-nominations-au-coeur-des-debats\/221471\/#article","isPartOf":{"@id":"https:\/\/www.webdo.tn\/fr\/actualite\/national\/tunisie-le-ministre-de-l-interieur-face-aux-deputes-migration-securite-nominations-au-coeur-des-debats\/221471\/"},"author":{"name":"MC","@id":"https:\/\/www.webdo.tn\/fr\/#\/schema\/person\/2c4929cbf5a809e3bd38617c6ce150f6"},"headline":"Tunisie : Le ministre de l\u2019Int\u00e9rieur face aux d\u00e9put\u00e9s &#8211; Migration, s\u00e9curit\u00e9, nominations au c\u0153ur des d\u00e9bats","datePublished":"2025-04-22T20:17:00+00:00","dateModified":"2025-05-20T21:40:46+00:00","mainEntityOfPage":{"@id":"https:\/\/www.webdo.tn\/fr\/actualite\/national\/tunisie-le-ministre-de-l-interieur-face-aux-deputes-migration-securite-nominations-au-coeur-des-debats\/221471\/"},"wordCount":435,"commentCount":0,"publisher":{"@id":"https:\/\/www.webdo.tn\/fr\/#organization"},"image":{"@id":"https:\/\/www.webdo.tn\/fr\/actualite\/national\/tunisie-le-ministre-de-l-interieur-face-aux-deputes-migration-securite-nominations-au-coeur-des-debats\/221471\/#primaryimage"},"thumbnailUrl":"https:\/\/www.webdo.tn\/fr\/wp-content\/uploads\/2025\/05\/7e6d7929e6a487a0b37065b15fa8e8ad-3.webp","keywords":["ARP","audition","ministre de l'int\u00e9rieur","Parlement","Tunisie"],"articleSection":["National"],"inLanguage":"fr-FR"},{"@type":"WebPage","@id":"https:\/\/www.webdo.tn\/fr\/actualite\/national\/tunisie-le-ministre-de-l-interieur-face-aux-deputes-migration-securite-nominations-au-coeur-des-debats\/221471\/","url":"https:\/\/www.webdo.tn\/fr\/actualite\/national\/tunisie-le-ministre-de-l-interieur-face-aux-deputes-migration-securite-nominations-au-coeur-des-debats\/221471\/","name":"Tunisie : Le ministre de l\u2019Int\u00e9rieur face aux d\u00e9put\u00e9s - Migration, s\u00e9curit\u00e9, nominations au c\u0153ur des d\u00e9bats","isPartOf":{"@id":"https:\/\/www.webdo.tn\/fr\/#website"},"primaryImageOfPage":{"@id":"https:\/\/www.webdo.tn\/fr\/actualite\/national\/tunisie-le-ministre-de-l-interieur-face-aux-deputes-migration-securite-nominations-au-coeur-des-debats\/221471\/#primaryimage"},"image":{"@id":"https:\/\/www.webdo.tn\/fr\/actualite\/national\/tunisie-le-ministre-de-l-interieur-face-aux-deputes-migration-securite-nominations-au-coeur-des-debats\/221471\/#primaryimage"},"thumbnailUrl":"https:\/\/www.webdo.tn\/fr\/wp-content\/uploads\/2025\/05\/7e6d7929e6a487a0b37065b15fa8e8ad-3.webp","datePublished":"2025-04-22T20:17:00+00:00","dateModified":"2025-05-20T21:40:46+00:00","description":"Tunisie \u2013 Le ministre de l\u2019Int\u00e9rieur Khaled Nouri r\u00e9pond aux d\u00e9put\u00e9s sur la migration irr\u00e9guli\u00e8re, la s\u00e9curit\u00e9 \u00e0 Hammamet, les nominations administratives et le...","breadcrumb":{"@id":"https:\/\/www.webdo.tn\/fr\/actualite\/national\/tunisie-le-ministre-de-l-interieur-face-aux-deputes-migration-securite-nominations-au-coeur-des-debats\/221471\/#breadcrumb"},"inLanguage":"fr-FR","potentialAction":[{"@type":"ReadAction","target":["https:\/\/www.webdo.tn\/fr\/actualite\/national\/tunisie-le-ministre-de-l-interieur-face-aux-deputes-migration-securite-nominations-au-coeur-des-debats\/221471\/"]}]},{"@type":"ImageObject","inLanguage":"fr-FR","@id":"https:\/\/www.webdo.tn\/fr\/actualite\/national\/tunisie-le-ministre-de-l-interieur-face-aux-deputes-migration-securite-nominations-au-coeur-des-debats\/221471\/#primaryimage","url":"https:\/\/www.webdo.tn\/fr\/wp-content\/uploads\/2025\/05\/7e6d7929e6a487a0b37065b15fa8e8ad-3.webp","contentUrl":"https:\/\/www.webdo.tn\/fr\/wp-content\/uploads\/2025\/05\/7e6d7929e6a487a0b37065b15fa8e8ad-3.webp","width":750,"height":400},{"@type":"BreadcrumbList","@id":"https:\/\/www.webdo.tn\/fr\/actualite\/national\/tunisie-le-ministre-de-l-interieur-face-aux-deputes-migration-securite-nominations-au-coeur-des-debats\/221471\/#breadcrumb","itemListElement":[{"@type":"ListItem","position":1,"name":"Accueil","item":"https:\/\/www.webdo.tn\/fr\/"},{"@type":"ListItem","position":2,"name":"Tunisie : Le ministre de l\u2019Int\u00e9rieur face aux d\u00e9put\u00e9s &#8211; Migration, s\u00e9curit\u00e9, nominations au c\u0153ur des d\u00e9bats"}]},{"@type":"WebSite","@id":"https:\/\/www.webdo.tn\/fr\/#website","url":"https:\/\/www.webdo.tn\/fr\/","name":"webdo","description":"Tunisie - News en Tunisie et \u00e0 l&#039;international sur Webdo.tn","publisher":{"@id":"https:\/\/www.webdo.tn\/fr\/#organization"},"potentialAction":[{"@type":"SearchAction","target":{"@type":"EntryPoint","urlTemplate":"https:\/\/www.webdo.tn\/fr\/?s={search_term_string}"},"query-input":{"@type":"PropertyValueSpecification","valueRequired":true,"valueName":"search_term_string"}}],"inLanguage":"fr-FR"},{"@type":"Organization","@id":"https:\/\/www.webdo.tn\/fr\/#organization","name":"Webdo","alternateName":"Webdo.tn","url":"https:\/\/www.webdo.tn\/fr\/","logo":{"@type":"ImageObject","inLanguage":"fr-FR","@id":"https:\/\/www.webdo.tn\/fr\/#\/schema\/logo\/image\/","url":"https:\/\/www.webdo.tn\/fr\/wp-content\/uploads\/2025\/06\/Webdo-Tunisie_168377.jpg","contentUrl":"https:\/\/www.webdo.tn\/fr\/wp-content\/uploads\/2025\/06\/Webdo-Tunisie_168377.jpg","width":301,"height":301,"caption":"Webdo"},"image":{"@id":"https:\/\/www.webdo.tn\/fr\/#\/schema\/logo\/image\/"},"sameAs":["https:\/\/www.facebook.com\/webdotn","https:\/\/x.com\/webdo_tn"],"description":"Webdo est un m\u00e9dia num\u00e9rique tunisien fond\u00e9 en 2010, sp\u00e9cialis\u00e9 dans l\u2019actualit\u00e9 nationale et internationale, l\u2019\u00e9conomie, la soci\u00e9t\u00e9 et les analyses politiques. Le site s\u2019adresse \u00e0 un large public francophone et couvre l\u2019information tunisienne en temps r\u00e9el.","email":"redac@webdo.tn","legalName":"YNJ SARL","foundingDate":"2010-09-06","numberOfEmployees":{"@type":"QuantitativeValue","minValue":"11","maxValue":"50"}},{"@type":"Person","@id":"https:\/\/www.webdo.tn\/fr\/#\/schema\/person\/2c4929cbf5a809e3bd38617c6ce150f6","name":"MC","image":{"@type":"ImageObject","inLanguage":"fr-FR","@id":"https:\/\/secure.gravatar.com\/avatar\/a545bbb6f84efdd5553dbbc2895e3ca8f1d12c5215e00a041c9670b54aa9b18a?s=96&d=mm&r=g","url":"https:\/\/secure.gravatar.com\/avatar\/a545bbb6f84efdd5553dbbc2895e3ca8f1d12c5215e00a041c9670b54aa9b18a?s=96&d=mm&r=g","contentUrl":"https:\/\/secure.gravatar.com\/avatar\/a545bbb6f84efdd5553dbbc2895e3ca8f1d12c5215e00a041c9670b54aa9b18a?s=96&d=mm&r=g","caption":"MC"},"url":"https:\/\/www.webdo.tn\/fr\/actualite\/author\/mc\/"}]}},"_links":{"self":[{"href":"https:\/\/www.webdo.tn\/fr\/wp-json\/wp\/v2\/posts\/221471","targetHints":{"allow":["GET"]}}],"collection":[{"href":"https:\/\/www.webdo.tn\/fr\/wp-json\/wp\/v2\/posts"}],"about":[{"href":"https:\/\/www.webdo.tn\/fr\/wp-json\/wp\/v2\/types\/post"}],"author":[{"embeddable":true,"href":"https:\/\/www.webdo.tn\/fr\/wp-json\/wp\/v2\/users\/3162"}],"replies":[{"embeddable":true,"href":"https:\/\/www.webdo.tn\/fr\/wp-json\/wp\/v2\/comments?post=221471"}],"version-history":[{"count":0,"href":"https:\/\/www.webdo.tn\/fr\/wp-json\/wp\/v2\/posts\/221471\/revisions"}],"wp:featuredmedia":[{"embeddable":true,"href":"https:\/\/www.webdo.tn\/fr\/wp-json\/wp\/v2\/media\/240994"}],"wp:attachment":[{"href":"https:\/\/www.webdo.tn\/fr\/wp-json\/wp\/v2\/media?parent=221471"}],"wp:term":[{"taxonomy":"category","embeddable":true,"href":"https:\/\/www.webdo.tn\/fr\/wp-json\/wp\/v2\/categories?post=221471"},{"taxonomy":"post_tag","embeddable":true,"href":"https:\/\/www.webdo.tn\/fr\/wp-json\/wp\/v2\/tags?post=221471"}],"curies":[{"name":"wp","href":"https:\/\/api.w.org\/{rel}","templated":true}]}}