{"id":221460,"date":"2025-04-22T14:04:00","date_gmt":"2025-04-22T14:04:00","guid":{"rendered":"https:\/\/www.webdo.tn\/fr\/blog\/2025\/04\/22\/tunisie-vers-la-cloture-du-dossier-des-biens-confisques-du-rcd\/"},"modified":"2025-05-21T08:53:49","modified_gmt":"2025-05-21T08:53:49","slug":"tunisie-vers-la-cloture-du-dossier-des-biens-confisques-du-rcd","status":"publish","type":"post","link":"https:\/\/www.webdo.tn\/fr\/actualite\/national\/tunisie-vers-la-cloture-du-dossier-des-biens-confisques-du-rcd\/221460\/","title":{"rendered":"Tunisie : Vers la cl\u00f4ture du dossier des biens confisqu\u00e9s du RCD"},"content":{"rendered":"<p>Le ministre des Domaines de l\u2019\u00c9tat et des Affaires fonci\u00e8res, Wajdi Hedhili, a annonc\u00e9 mardi 22 avril 2025 que les travaux de la commission charg\u00e9e de la liquidation des biens du Rassemblement constitutionnel d\u00e9mocratique (RCD), parti dissous en 2011, ont dur\u00e9 plus que n\u00e9cessaire. Il a ainsi propos\u00e9 de clore d\u00e9finitivement ce dossier et de restituer rapidement les biens immobiliers concern\u00e9s au domaine de l\u2019\u00c9tat.<\/p>\n<p>\u00ab Toutes les propri\u00e9t\u00e9s appartenant \u00e0 l\u2019ancien parti sont progressivement transf\u00e9r\u00e9es \u00e0 l\u2019\u00c9tat \u00bb, a affirm\u00e9 le ministre, ajoutant que dans quelques mois, les activit\u00e9s de la commission de confiscation prendront fin. Ce sera alors la cl\u00f4ture officielle du dossier de liquidation des avoirs et valeurs li\u00e9s au RCD.<\/p>\n<p>Parall\u00e8lement, Wajdi Hedhili a indiqu\u00e9 que le processus de liquidation des terres collectives restantes allait \u00e9galement s\u2019acc\u00e9l\u00e9rer. Un projet de loi a \u00e9t\u00e9 pr\u00e9par\u00e9 pour r\u00e9viser la l\u00e9gislation en vigueur \u00e0 ce sujet, sur la base des travaux men\u00e9s par une commission de pilotage multipartite sous l\u2019\u00e9gide du minist\u00e8re.<\/p>\n<p>Le ministre a aussi pr\u00e9cis\u00e9 qu\u2019un projet de d\u00e9cret relatif \u00e0 la confiscation est en cours d\u2019\u00e9laboration. Il vise \u00e0 centraliser toutes les structures concern\u00e9es au sein du minist\u00e8re des Finances, en cr\u00e9ant une commission unique charg\u00e9e \u00e0 la fois de la confiscation et de la gestion des biens r\u00e9cup\u00e9r\u00e9s.<\/p>\n","protected":false},"excerpt":{"rendered":"<p>Le minist\u00e8re des Domaines de l\u2019\u00c9tat veut cl\u00f4turer rapidement le dossier des biens du RCD dissous, tout en acc\u00e9l\u00e9rant la r\u00e9forme des terres collectives et la cen&#8230;<\/p>\n","protected":false},"author":3163,"featured_media":240982,"comment_status":"open","ping_status":"open","sticky":false,"template":"","format":"standard","meta":{"footnotes":""},"categories":[44],"tags":[3031,3032,2608],"class_list":["post-221460","post","type-post","status-publish","format-standard","has-post-thumbnail","hentry","category-national","tag-biens","tag-rcd","tag-tunisie"],"yoast_head":"<!-- This site is optimized with the Yoast SEO Premium plugin v27.5 (Yoast SEO v27.5) - https:\/\/yoast.com\/product\/yoast-seo-premium-wordpress\/ -->\n<title>Tunisie : Vers la cl\u00f4ture du dossier des biens confisqu\u00e9s du RCD<\/title>\n<meta name=\"description\" content=\"Le minist\u00e8re des Domaines de l\u2019\u00c9tat veut cl\u00f4turer rapidement le dossier des biens du RCD dissous, tout en acc\u00e9l\u00e9rant la r\u00e9forme des terres collectives et la cen...\" \/>\n<link rel=\"canonical\" href=\"https:\/\/www.webdo.tn\/fr\/actualite\/national\/tunisie-vers-la-cloture-du-dossier-des-biens-confisques-du-rcd\/221460\/\" \/>\n<meta property=\"og:locale\" content=\"fr_FR\" \/>\n<meta property=\"og:type\" content=\"article\" \/>\n<meta property=\"og:title\" content=\"Tunisie : Vers la cl\u00f4ture du dossier des biens confisqu\u00e9s du RCD\" \/>\n<meta property=\"og:description\" content=\"Le minist\u00e8re des Domaines de l\u2019\u00c9tat veut cl\u00f4turer rapidement le dossier des biens du RCD dissous, tout en acc\u00e9l\u00e9rant la r\u00e9forme des terres collectives et la cen...\" \/>\n<meta property=\"og:url\" content=\"https:\/\/www.webdo.tn\/fr\/actualite\/national\/tunisie-vers-la-cloture-du-dossier-des-biens-confisques-du-rcd\/221460\/\" \/>\n<meta property=\"og:site_name\" content=\"webdo\" \/>\n<meta property=\"article:publisher\" content=\"https:\/\/www.facebook.com\/webdotn\" \/>\n<meta property=\"article:published_time\" content=\"2025-04-22T14:04:00+00:00\" \/>\n<meta property=\"article:modified_time\" content=\"2025-05-21T08:53:49+00:00\" \/>\n<meta property=\"og:image\" content=\"https:\/\/www.webdo.tn\/fr\/wp-content\/uploads\/2025\/05\/d451c7c90177e53afb83ba9521e43462-3.webp\" \/>\n\t<meta property=\"og:image:width\" content=\"750\" \/>\n\t<meta property=\"og:image:height\" content=\"400\" \/>\n\t<meta property=\"og:image:type\" content=\"image\/webp\" \/>\n<meta name=\"author\" content=\"KJ\" \/>\n<meta name=\"twitter:card\" content=\"summary_large_image\" \/>\n<meta name=\"twitter:creator\" content=\"@webdo_tn\" \/>\n<meta name=\"twitter:site\" content=\"@webdo_tn\" \/>\n<meta name=\"twitter:label1\" content=\"\u00c9crit par\" \/>\n\t<meta name=\"twitter:data1\" content=\"KJ\" \/>\n\t<meta name=\"twitter:label2\" content=\"Dur\u00e9e de lecture estim\u00e9e\" \/>\n\t<meta name=\"twitter:data2\" content=\"1 minute\" \/>\n<script type=\"application\/ld+json\" class=\"yoast-schema-graph\">{\"@context\":\"https:\\\/\\\/schema.org\",\"@graph\":[{\"@type\":\"NewsArticle\",\"@id\":\"https:\\\/\\\/www.webdo.tn\\\/fr\\\/actualite\\\/national\\\/tunisie-vers-la-cloture-du-dossier-des-biens-confisques-du-rcd\\\/221460\\\/#article\",\"isPartOf\":{\"@id\":\"https:\\\/\\\/www.webdo.tn\\\/fr\\\/actualite\\\/national\\\/tunisie-vers-la-cloture-du-dossier-des-biens-confisques-du-rcd\\\/221460\\\/\"},\"author\":{\"name\":\"KJ\",\"@id\":\"https:\\\/\\\/www.webdo.tn\\\/fr\\\/#\\\/schema\\\/person\\\/82ca085b22037d285e1a3c4b65ba5f71\"},\"headline\":\"Tunisie : Vers la cl\u00f4ture du dossier des biens confisqu\u00e9s du RCD\",\"datePublished\":\"2025-04-22T14:04:00+00:00\",\"dateModified\":\"2025-05-21T08:53:49+00:00\",\"mainEntityOfPage\":{\"@id\":\"https:\\\/\\\/www.webdo.tn\\\/fr\\\/actualite\\\/national\\\/tunisie-vers-la-cloture-du-dossier-des-biens-confisques-du-rcd\\\/221460\\\/\"},\"wordCount\":253,\"commentCount\":0,\"publisher\":{\"@id\":\"https:\\\/\\\/www.webdo.tn\\\/fr\\\/#organization\"},\"image\":{\"@id\":\"https:\\\/\\\/www.webdo.tn\\\/fr\\\/actualite\\\/national\\\/tunisie-vers-la-cloture-du-dossier-des-biens-confisques-du-rcd\\\/221460\\\/#primaryimage\"},\"thumbnailUrl\":\"https:\\\/\\\/www.webdo.tn\\\/fr\\\/wp-content\\\/uploads\\\/2025\\\/05\\\/d451c7c90177e53afb83ba9521e43462-3.webp\",\"keywords\":[\"Biens\",\"RCD\",\"Tunisie\"],\"articleSection\":[\"National\"],\"inLanguage\":\"fr-FR\"},{\"@type\":\"WebPage\",\"@id\":\"https:\\\/\\\/www.webdo.tn\\\/fr\\\/actualite\\\/national\\\/tunisie-vers-la-cloture-du-dossier-des-biens-confisques-du-rcd\\\/221460\\\/\",\"url\":\"https:\\\/\\\/www.webdo.tn\\\/fr\\\/actualite\\\/national\\\/tunisie-vers-la-cloture-du-dossier-des-biens-confisques-du-rcd\\\/221460\\\/\",\"name\":\"Tunisie : Vers la cl\u00f4ture du dossier des biens confisqu\u00e9s du RCD\",\"isPartOf\":{\"@id\":\"https:\\\/\\\/www.webdo.tn\\\/fr\\\/#website\"},\"primaryImageOfPage\":{\"@id\":\"https:\\\/\\\/www.webdo.tn\\\/fr\\\/actualite\\\/national\\\/tunisie-vers-la-cloture-du-dossier-des-biens-confisques-du-rcd\\\/221460\\\/#primaryimage\"},\"image\":{\"@id\":\"https:\\\/\\\/www.webdo.tn\\\/fr\\\/actualite\\\/national\\\/tunisie-vers-la-cloture-du-dossier-des-biens-confisques-du-rcd\\\/221460\\\/#primaryimage\"},\"thumbnailUrl\":\"https:\\\/\\\/www.webdo.tn\\\/fr\\\/wp-content\\\/uploads\\\/2025\\\/05\\\/d451c7c90177e53afb83ba9521e43462-3.webp\",\"datePublished\":\"2025-04-22T14:04:00+00:00\",\"dateModified\":\"2025-05-21T08:53:49+00:00\",\"description\":\"Le minist\u00e8re des Domaines de l\u2019\u00c9tat veut cl\u00f4turer rapidement le dossier des biens du RCD dissous, tout en acc\u00e9l\u00e9rant la r\u00e9forme des terres collectives et la cen...\",\"breadcrumb\":{\"@id\":\"https:\\\/\\\/www.webdo.tn\\\/fr\\\/actualite\\\/national\\\/tunisie-vers-la-cloture-du-dossier-des-biens-confisques-du-rcd\\\/221460\\\/#breadcrumb\"},\"inLanguage\":\"fr-FR\",\"potentialAction\":[{\"@type\":\"ReadAction\",\"target\":[\"https:\\\/\\\/www.webdo.tn\\\/fr\\\/actualite\\\/national\\\/tunisie-vers-la-cloture-du-dossier-des-biens-confisques-du-rcd\\\/221460\\\/\"]}]},{\"@type\":\"ImageObject\",\"inLanguage\":\"fr-FR\",\"@id\":\"https:\\\/\\\/www.webdo.tn\\\/fr\\\/actualite\\\/national\\\/tunisie-vers-la-cloture-du-dossier-des-biens-confisques-du-rcd\\\/221460\\\/#primaryimage\",\"url\":\"https:\\\/\\\/www.webdo.tn\\\/fr\\\/wp-content\\\/uploads\\\/2025\\\/05\\\/d451c7c90177e53afb83ba9521e43462-3.webp\",\"contentUrl\":\"https:\\\/\\\/www.webdo.tn\\\/fr\\\/wp-content\\\/uploads\\\/2025\\\/05\\\/d451c7c90177e53afb83ba9521e43462-3.webp\",\"width\":750,\"height\":400},{\"@type\":\"BreadcrumbList\",\"@id\":\"https:\\\/\\\/www.webdo.tn\\\/fr\\\/actualite\\\/national\\\/tunisie-vers-la-cloture-du-dossier-des-biens-confisques-du-rcd\\\/221460\\\/#breadcrumb\",\"itemListElement\":[{\"@type\":\"ListItem\",\"position\":1,\"name\":\"Accueil\",\"item\":\"https:\\\/\\\/www.webdo.tn\\\/fr\\\/\"},{\"@type\":\"ListItem\",\"position\":2,\"name\":\"Tunisie : Vers la cl\u00f4ture du dossier des biens confisqu\u00e9s du RCD\"}]},{\"@type\":\"WebSite\",\"@id\":\"https:\\\/\\\/www.webdo.tn\\\/fr\\\/#website\",\"url\":\"https:\\\/\\\/www.webdo.tn\\\/fr\\\/\",\"name\":\"webdo\",\"description\":\"Tunisie - News en Tunisie et \u00e0 l&#039;international sur Webdo.tn\",\"publisher\":{\"@id\":\"https:\\\/\\\/www.webdo.tn\\\/fr\\\/#organization\"},\"potentialAction\":[{\"@type\":\"SearchAction\",\"target\":{\"@type\":\"EntryPoint\",\"urlTemplate\":\"https:\\\/\\\/www.webdo.tn\\\/fr\\\/?s={search_term_string}\"},\"query-input\":{\"@type\":\"PropertyValueSpecification\",\"valueRequired\":true,\"valueName\":\"search_term_string\"}}],\"inLanguage\":\"fr-FR\"},{\"@type\":\"Organization\",\"@id\":\"https:\\\/\\\/www.webdo.tn\\\/fr\\\/#organization\",\"name\":\"Webdo\",\"alternateName\":\"Webdo.tn\",\"url\":\"https:\\\/\\\/www.webdo.tn\\\/fr\\\/\",\"logo\":{\"@type\":\"ImageObject\",\"inLanguage\":\"fr-FR\",\"@id\":\"https:\\\/\\\/www.webdo.tn\\\/fr\\\/#\\\/schema\\\/logo\\\/image\\\/\",\"url\":\"https:\\\/\\\/www.webdo.tn\\\/fr\\\/wp-content\\\/uploads\\\/2025\\\/06\\\/Webdo-Tunisie_168377.jpg\",\"contentUrl\":\"https:\\\/\\\/www.webdo.tn\\\/fr\\\/wp-content\\\/uploads\\\/2025\\\/06\\\/Webdo-Tunisie_168377.jpg\",\"width\":301,\"height\":301,\"caption\":\"Webdo\"},\"image\":{\"@id\":\"https:\\\/\\\/www.webdo.tn\\\/fr\\\/#\\\/schema\\\/logo\\\/image\\\/\"},\"sameAs\":[\"https:\\\/\\\/www.facebook.com\\\/webdotn\",\"https:\\\/\\\/x.com\\\/webdo_tn\"],\"description\":\"Webdo est un m\u00e9dia num\u00e9rique tunisien fond\u00e9 en 2010, sp\u00e9cialis\u00e9 dans l\u2019actualit\u00e9 nationale et internationale, l\u2019\u00e9conomie, la soci\u00e9t\u00e9 et les analyses politiques. Le site s\u2019adresse \u00e0 un large public francophone et couvre l\u2019information tunisienne en temps r\u00e9el.\",\"email\":\"redac@webdo.tn\",\"legalName\":\"YNJ SARL\",\"foundingDate\":\"2010-09-06\",\"numberOfEmployees\":{\"@type\":\"QuantitativeValue\",\"minValue\":\"11\",\"maxValue\":\"50\"}},{\"@type\":\"Person\",\"@id\":\"https:\\\/\\\/www.webdo.tn\\\/fr\\\/#\\\/schema\\\/person\\\/82ca085b22037d285e1a3c4b65ba5f71\",\"name\":\"KJ\",\"image\":{\"@type\":\"ImageObject\",\"inLanguage\":\"fr-FR\",\"@id\":\"https:\\\/\\\/secure.gravatar.com\\\/avatar\\\/1a1320de1c1971c893f00068f760b4113d69504aa21273da17ee95650c5944fd?s=96&d=mm&r=g\",\"url\":\"https:\\\/\\\/secure.gravatar.com\\\/avatar\\\/1a1320de1c1971c893f00068f760b4113d69504aa21273da17ee95650c5944fd?s=96&d=mm&r=g\",\"contentUrl\":\"https:\\\/\\\/secure.gravatar.com\\\/avatar\\\/1a1320de1c1971c893f00068f760b4113d69504aa21273da17ee95650c5944fd?s=96&d=mm&r=g\",\"caption\":\"KJ\"},\"url\":\"https:\\\/\\\/www.webdo.tn\\\/fr\\\/actualite\\\/author\\\/kj\\\/\"}]}<\/script>\n<!-- \/ Yoast SEO Premium plugin. -->","yoast_head_json":{"title":"Tunisie : Vers la cl\u00f4ture du dossier des biens confisqu\u00e9s du RCD","description":"Le minist\u00e8re des Domaines de l\u2019\u00c9tat veut cl\u00f4turer rapidement le dossier des biens du RCD dissous, tout en acc\u00e9l\u00e9rant la r\u00e9forme des terres collectives et la cen...","canonical":"https:\/\/www.webdo.tn\/fr\/actualite\/national\/tunisie-vers-la-cloture-du-dossier-des-biens-confisques-du-rcd\/221460\/","og_locale":"fr_FR","og_type":"article","og_title":"Tunisie : Vers la cl\u00f4ture du dossier des biens confisqu\u00e9s du RCD","og_description":"Le minist\u00e8re des Domaines de l\u2019\u00c9tat veut cl\u00f4turer rapidement le dossier des biens du RCD dissous, tout en acc\u00e9l\u00e9rant la r\u00e9forme des terres collectives et la cen...","og_url":"https:\/\/www.webdo.tn\/fr\/actualite\/national\/tunisie-vers-la-cloture-du-dossier-des-biens-confisques-du-rcd\/221460\/","og_site_name":"webdo","article_publisher":"https:\/\/www.facebook.com\/webdotn","article_published_time":"2025-04-22T14:04:00+00:00","article_modified_time":"2025-05-21T08:53:49+00:00","og_image":[{"width":750,"height":400,"url":"https:\/\/www.webdo.tn\/fr\/wp-content\/uploads\/2025\/05\/d451c7c90177e53afb83ba9521e43462-3.webp","type":"image\/webp"}],"author":"KJ","twitter_card":"summary_large_image","twitter_creator":"@webdo_tn","twitter_site":"@webdo_tn","twitter_misc":{"\u00c9crit par":"KJ","Dur\u00e9e de lecture estim\u00e9e":"1 minute"},"schema":{"@context":"https:\/\/schema.org","@graph":[{"@type":"NewsArticle","@id":"https:\/\/www.webdo.tn\/fr\/actualite\/national\/tunisie-vers-la-cloture-du-dossier-des-biens-confisques-du-rcd\/221460\/#article","isPartOf":{"@id":"https:\/\/www.webdo.tn\/fr\/actualite\/national\/tunisie-vers-la-cloture-du-dossier-des-biens-confisques-du-rcd\/221460\/"},"author":{"name":"KJ","@id":"https:\/\/www.webdo.tn\/fr\/#\/schema\/person\/82ca085b22037d285e1a3c4b65ba5f71"},"headline":"Tunisie : Vers la cl\u00f4ture du dossier des biens confisqu\u00e9s du RCD","datePublished":"2025-04-22T14:04:00+00:00","dateModified":"2025-05-21T08:53:49+00:00","mainEntityOfPage":{"@id":"https:\/\/www.webdo.tn\/fr\/actualite\/national\/tunisie-vers-la-cloture-du-dossier-des-biens-confisques-du-rcd\/221460\/"},"wordCount":253,"commentCount":0,"publisher":{"@id":"https:\/\/www.webdo.tn\/fr\/#organization"},"image":{"@id":"https:\/\/www.webdo.tn\/fr\/actualite\/national\/tunisie-vers-la-cloture-du-dossier-des-biens-confisques-du-rcd\/221460\/#primaryimage"},"thumbnailUrl":"https:\/\/www.webdo.tn\/fr\/wp-content\/uploads\/2025\/05\/d451c7c90177e53afb83ba9521e43462-3.webp","keywords":["Biens","RCD","Tunisie"],"articleSection":["National"],"inLanguage":"fr-FR"},{"@type":"WebPage","@id":"https:\/\/www.webdo.tn\/fr\/actualite\/national\/tunisie-vers-la-cloture-du-dossier-des-biens-confisques-du-rcd\/221460\/","url":"https:\/\/www.webdo.tn\/fr\/actualite\/national\/tunisie-vers-la-cloture-du-dossier-des-biens-confisques-du-rcd\/221460\/","name":"Tunisie : Vers la cl\u00f4ture du dossier des biens confisqu\u00e9s du RCD","isPartOf":{"@id":"https:\/\/www.webdo.tn\/fr\/#website"},"primaryImageOfPage":{"@id":"https:\/\/www.webdo.tn\/fr\/actualite\/national\/tunisie-vers-la-cloture-du-dossier-des-biens-confisques-du-rcd\/221460\/#primaryimage"},"image":{"@id":"https:\/\/www.webdo.tn\/fr\/actualite\/national\/tunisie-vers-la-cloture-du-dossier-des-biens-confisques-du-rcd\/221460\/#primaryimage"},"thumbnailUrl":"https:\/\/www.webdo.tn\/fr\/wp-content\/uploads\/2025\/05\/d451c7c90177e53afb83ba9521e43462-3.webp","datePublished":"2025-04-22T14:04:00+00:00","dateModified":"2025-05-21T08:53:49+00:00","description":"Le minist\u00e8re des Domaines de l\u2019\u00c9tat veut cl\u00f4turer rapidement le dossier des biens du RCD dissous, tout en acc\u00e9l\u00e9rant la r\u00e9forme des terres collectives et la cen...","breadcrumb":{"@id":"https:\/\/www.webdo.tn\/fr\/actualite\/national\/tunisie-vers-la-cloture-du-dossier-des-biens-confisques-du-rcd\/221460\/#breadcrumb"},"inLanguage":"fr-FR","potentialAction":[{"@type":"ReadAction","target":["https:\/\/www.webdo.tn\/fr\/actualite\/national\/tunisie-vers-la-cloture-du-dossier-des-biens-confisques-du-rcd\/221460\/"]}]},{"@type":"ImageObject","inLanguage":"fr-FR","@id":"https:\/\/www.webdo.tn\/fr\/actualite\/national\/tunisie-vers-la-cloture-du-dossier-des-biens-confisques-du-rcd\/221460\/#primaryimage","url":"https:\/\/www.webdo.tn\/fr\/wp-content\/uploads\/2025\/05\/d451c7c90177e53afb83ba9521e43462-3.webp","contentUrl":"https:\/\/www.webdo.tn\/fr\/wp-content\/uploads\/2025\/05\/d451c7c90177e53afb83ba9521e43462-3.webp","width":750,"height":400},{"@type":"BreadcrumbList","@id":"https:\/\/www.webdo.tn\/fr\/actualite\/national\/tunisie-vers-la-cloture-du-dossier-des-biens-confisques-du-rcd\/221460\/#breadcrumb","itemListElement":[{"@type":"ListItem","position":1,"name":"Accueil","item":"https:\/\/www.webdo.tn\/fr\/"},{"@type":"ListItem","position":2,"name":"Tunisie : Vers la cl\u00f4ture du dossier des biens confisqu\u00e9s du RCD"}]},{"@type":"WebSite","@id":"https:\/\/www.webdo.tn\/fr\/#website","url":"https:\/\/www.webdo.tn\/fr\/","name":"webdo","description":"Tunisie - News en Tunisie et \u00e0 l&#039;international sur Webdo.tn","publisher":{"@id":"https:\/\/www.webdo.tn\/fr\/#organization"},"potentialAction":[{"@type":"SearchAction","target":{"@type":"EntryPoint","urlTemplate":"https:\/\/www.webdo.tn\/fr\/?s={search_term_string}"},"query-input":{"@type":"PropertyValueSpecification","valueRequired":true,"valueName":"search_term_string"}}],"inLanguage":"fr-FR"},{"@type":"Organization","@id":"https:\/\/www.webdo.tn\/fr\/#organization","name":"Webdo","alternateName":"Webdo.tn","url":"https:\/\/www.webdo.tn\/fr\/","logo":{"@type":"ImageObject","inLanguage":"fr-FR","@id":"https:\/\/www.webdo.tn\/fr\/#\/schema\/logo\/image\/","url":"https:\/\/www.webdo.tn\/fr\/wp-content\/uploads\/2025\/06\/Webdo-Tunisie_168377.jpg","contentUrl":"https:\/\/www.webdo.tn\/fr\/wp-content\/uploads\/2025\/06\/Webdo-Tunisie_168377.jpg","width":301,"height":301,"caption":"Webdo"},"image":{"@id":"https:\/\/www.webdo.tn\/fr\/#\/schema\/logo\/image\/"},"sameAs":["https:\/\/www.facebook.com\/webdotn","https:\/\/x.com\/webdo_tn"],"description":"Webdo est un m\u00e9dia num\u00e9rique tunisien fond\u00e9 en 2010, sp\u00e9cialis\u00e9 dans l\u2019actualit\u00e9 nationale et internationale, l\u2019\u00e9conomie, la soci\u00e9t\u00e9 et les analyses politiques. Le site s\u2019adresse \u00e0 un large public francophone et couvre l\u2019information tunisienne en temps r\u00e9el.","email":"redac@webdo.tn","legalName":"YNJ SARL","foundingDate":"2010-09-06","numberOfEmployees":{"@type":"QuantitativeValue","minValue":"11","maxValue":"50"}},{"@type":"Person","@id":"https:\/\/www.webdo.tn\/fr\/#\/schema\/person\/82ca085b22037d285e1a3c4b65ba5f71","name":"KJ","image":{"@type":"ImageObject","inLanguage":"fr-FR","@id":"https:\/\/secure.gravatar.com\/avatar\/1a1320de1c1971c893f00068f760b4113d69504aa21273da17ee95650c5944fd?s=96&d=mm&r=g","url":"https:\/\/secure.gravatar.com\/avatar\/1a1320de1c1971c893f00068f760b4113d69504aa21273da17ee95650c5944fd?s=96&d=mm&r=g","contentUrl":"https:\/\/secure.gravatar.com\/avatar\/1a1320de1c1971c893f00068f760b4113d69504aa21273da17ee95650c5944fd?s=96&d=mm&r=g","caption":"KJ"},"url":"https:\/\/www.webdo.tn\/fr\/actualite\/author\/kj\/"}]}},"_links":{"self":[{"href":"https:\/\/www.webdo.tn\/fr\/wp-json\/wp\/v2\/posts\/221460","targetHints":{"allow":["GET"]}}],"collection":[{"href":"https:\/\/www.webdo.tn\/fr\/wp-json\/wp\/v2\/posts"}],"about":[{"href":"https:\/\/www.webdo.tn\/fr\/wp-json\/wp\/v2\/types\/post"}],"author":[{"embeddable":true,"href":"https:\/\/www.webdo.tn\/fr\/wp-json\/wp\/v2\/users\/3163"}],"replies":[{"embeddable":true,"href":"https:\/\/www.webdo.tn\/fr\/wp-json\/wp\/v2\/comments?post=221460"}],"version-history":[{"count":0,"href":"https:\/\/www.webdo.tn\/fr\/wp-json\/wp\/v2\/posts\/221460\/revisions"}],"wp:featuredmedia":[{"embeddable":true,"href":"https:\/\/www.webdo.tn\/fr\/wp-json\/wp\/v2\/media\/240982"}],"wp:attachment":[{"href":"https:\/\/www.webdo.tn\/fr\/wp-json\/wp\/v2\/media?parent=221460"}],"wp:term":[{"taxonomy":"category","embeddable":true,"href":"https:\/\/www.webdo.tn\/fr\/wp-json\/wp\/v2\/categories?post=221460"},{"taxonomy":"post_tag","embeddable":true,"href":"https:\/\/www.webdo.tn\/fr\/wp-json\/wp\/v2\/tags?post=221460"}],"curies":[{"name":"wp","href":"https:\/\/api.w.org\/{rel}","templated":true}]}}