{"id":221455,"date":"2025-04-22T11:54:00","date_gmt":"2025-04-22T11:54:00","guid":{"rendered":"https:\/\/www.webdo.tn\/fr\/blog\/tunisie-des-sous-vetements-bon-marche-qui-nuisent-a-la-sante\/221455\/"},"modified":"2025-05-20T22:23:28","modified_gmt":"2025-05-20T22:23:28","slug":"tunisie-des-sous-vetements-bon-marche-qui-nuisent-a-la-sante","status":"publish","type":"post","link":"https:\/\/www.webdo.tn\/fr\/actualite\/national\/tunisie-des-sous-vetements-bon-marche-qui-nuisent-a-la-sante\/221455\/","title":{"rendered":"Tunisie : Des sous-v\u00eatements bon march\u00e9 qui nuisent \u00e0 la sant\u00e9"},"content":{"rendered":"<p>L\u2019Organisation tunisienne de d\u00e9fense du consommateur (ODC) a renouvel\u00e9 son appel \u00e0 la vigilance concernant l\u2019utilisation de certains v\u00eatements, en particulier les sous-v\u00eatements, contenant des composants issus du p\u00e9trole et pouvant repr\u00e9senter un danger pour la sant\u00e9.<\/p>\n<p>\t\t\t\t\t\t\t\t\tIntervenant mardi 22 avril 2025 sur les ondes de la radio nationale dans l\u2019\u00e9mission \u00ab\u00a0Yawm Sa\u00efd\u00a0\u00bb, Thouraya Tabassi, vice-pr\u00e9sidente de l\u2019OTDC, a mis en garde contre les effets n\u00e9fastes de certaines mati\u00e8res synth\u00e9tiques pr\u00e9sentes dans des v\u00eatements de mauvaise qualit\u00e9. \u00ab Ces produits peuvent provoquer des irritations cutan\u00e9es, des rougeurs ou encore des r\u00e9actions allergiques, notamment chez les enfants \u00bb, a-t-elle affirm\u00e9, en soulignant que plusieurs cas ont \u00e9t\u00e9 constat\u00e9s.<\/p>\n<p>Selon l\u2019organisation, certaines de ces pi\u00e8ces sont issues de la contrebande, sans origine ni composition clairement indiqu\u00e9es, et sont vendues dans des circuits parall\u00e8les \u00e9chappant \u00e0 tout contr\u00f4le sanitaire. Une \u00e9tude r\u00e9cente a d\u2019ailleurs r\u00e9v\u00e9l\u00e9 la pr\u00e9sence de d\u00e9riv\u00e9s p\u00e9troliers dans des articles de ce type, ce qui repr\u00e9sente un risque r\u00e9el pour le consommateur.<\/p>\n<p>Face \u00e0 cette situation, l\u2019ODC recommande de privil\u00e9gier les v\u00eatements fabriqu\u00e9s en coton 100 %, de v\u00e9rifier la qualit\u00e9 des tissus et de s&rsquo;assurer de leur tra\u00e7abilit\u00e9. Elle appelle \u00e9galement les citoyens \u00e0 exiger une facture, m\u00eame pour les achats les plus courants, afin de pouvoir faire valoir leurs droits en cas de litige.<\/p>\n<p>Enfin, l\u2019organisation renouvelle son encouragement \u00e0 consommer local. En optant pour des produits tunisiens, le consommateur gagne en s\u00e9curit\u00e9 tout en soutenant l\u2019\u00e9conomie nationale.<\/p>\n","protected":false},"excerpt":{"rendered":"<p>L\u2019Organisation tunisienne de d\u00e9fense du consommateur alerte sur les risques sanitaires li\u00e9s \u00e0 certains sous-v\u00eatements contenant des d\u00e9riv\u00e9s p\u00e9troliers. Elle rec&#8230;<\/p>\n","protected":false},"author":3163,"featured_media":292282,"comment_status":"open","ping_status":"closed","sticky":false,"template":"","format":"standard","meta":{"footnotes":""},"categories":[44],"tags":[11240,2731,2608],"class_list":["post-221455","post","type-post","status-publish","format-standard","has-post-thumbnail","hentry","category-national","tag-sous-vetements","tag-sante","tag-tunisie"],"yoast_head":"<!-- This site is optimized with the Yoast SEO Premium plugin v27.5 (Yoast SEO v27.5) - https:\/\/yoast.com\/product\/yoast-seo-premium-wordpress\/ -->\n<title>Tunisie : Des sous-v\u00eatements bon march\u00e9 qui nuisent \u00e0 la sant\u00e9<\/title>\n<meta name=\"description\" content=\"L\u2019Organisation tunisienne de d\u00e9fense du consommateur alerte sur les risques sanitaires li\u00e9s \u00e0 certains sous-v\u00eatements contenant des d\u00e9riv\u00e9s p\u00e9troliers. Elle rec...\" \/>\n<link rel=\"canonical\" href=\"https:\/\/www.webdo.tn\/fr\/actualite\/national\/tunisie-des-sous-vetements-bon-marche-qui-nuisent-a-la-sante\/221455\/\" \/>\n<meta property=\"og:locale\" content=\"fr_FR\" \/>\n<meta property=\"og:type\" content=\"article\" \/>\n<meta property=\"og:title\" content=\"Tunisie : Des sous-v\u00eatements bon march\u00e9 qui nuisent \u00e0 la sant\u00e9\" \/>\n<meta property=\"og:description\" content=\"L\u2019Organisation tunisienne de d\u00e9fense du consommateur alerte sur les risques sanitaires li\u00e9s \u00e0 certains sous-v\u00eatements contenant des d\u00e9riv\u00e9s p\u00e9troliers. Elle rec...\" \/>\n<meta property=\"og:url\" content=\"https:\/\/www.webdo.tn\/fr\/actualite\/national\/tunisie-des-sous-vetements-bon-marche-qui-nuisent-a-la-sante\/221455\/\" \/>\n<meta property=\"og:site_name\" content=\"webdo\" \/>\n<meta property=\"article:publisher\" content=\"https:\/\/www.facebook.com\/webdotn\" \/>\n<meta property=\"article:published_time\" content=\"2025-04-22T11:54:00+00:00\" \/>\n<meta property=\"article:modified_time\" content=\"2025-05-20T22:23:28+00:00\" \/>\n<meta property=\"og:image\" content=\"https:\/\/www.webdo.tn\/fr\/wp-content\/uploads\/2025\/04\/0c2e6cb4b95cac29b0faca040de8dc4e.webp\" \/>\n\t<meta property=\"og:image:width\" content=\"700\" \/>\n\t<meta property=\"og:image:height\" content=\"373\" \/>\n\t<meta property=\"og:image:type\" content=\"image\/webp\" \/>\n<meta name=\"author\" content=\"KJ\" \/>\n<meta name=\"twitter:card\" content=\"summary_large_image\" \/>\n<meta name=\"twitter:creator\" content=\"@webdo_tn\" \/>\n<meta name=\"twitter:site\" content=\"@webdo_tn\" \/>\n<meta name=\"twitter:label1\" content=\"\u00c9crit par\" \/>\n\t<meta name=\"twitter:data1\" content=\"KJ\" \/>\n\t<meta name=\"twitter:label2\" content=\"Dur\u00e9e de lecture estim\u00e9e\" \/>\n\t<meta name=\"twitter:data2\" content=\"1 minute\" \/>\n<script type=\"application\/ld+json\" class=\"yoast-schema-graph\">{\"@context\":\"https:\\\/\\\/schema.org\",\"@graph\":[{\"@type\":\"NewsArticle\",\"@id\":\"https:\\\/\\\/www.webdo.tn\\\/fr\\\/actualite\\\/national\\\/tunisie-des-sous-vetements-bon-marche-qui-nuisent-a-la-sante\\\/221455\\\/#article\",\"isPartOf\":{\"@id\":\"https:\\\/\\\/www.webdo.tn\\\/fr\\\/actualite\\\/national\\\/tunisie-des-sous-vetements-bon-marche-qui-nuisent-a-la-sante\\\/221455\\\/\"},\"author\":{\"name\":\"KJ\",\"@id\":\"https:\\\/\\\/www.webdo.tn\\\/fr\\\/#\\\/schema\\\/person\\\/82ca085b22037d285e1a3c4b65ba5f71\"},\"headline\":\"Tunisie : Des sous-v\u00eatements bon march\u00e9 qui nuisent \u00e0 la sant\u00e9\",\"datePublished\":\"2025-04-22T11:54:00+00:00\",\"dateModified\":\"2025-05-20T22:23:28+00:00\",\"mainEntityOfPage\":{\"@id\":\"https:\\\/\\\/www.webdo.tn\\\/fr\\\/actualite\\\/national\\\/tunisie-des-sous-vetements-bon-marche-qui-nuisent-a-la-sante\\\/221455\\\/\"},\"wordCount\":284,\"commentCount\":0,\"publisher\":{\"@id\":\"https:\\\/\\\/www.webdo.tn\\\/fr\\\/#organization\"},\"image\":{\"@id\":\"https:\\\/\\\/www.webdo.tn\\\/fr\\\/actualite\\\/national\\\/tunisie-des-sous-vetements-bon-marche-qui-nuisent-a-la-sante\\\/221455\\\/#primaryimage\"},\"thumbnailUrl\":\"https:\\\/\\\/www.webdo.tn\\\/fr\\\/wp-content\\\/uploads\\\/2025\\\/04\\\/0c2e6cb4b95cac29b0faca040de8dc4e.webp\",\"keywords\":[\"'sous-v\u00eatements']\",\"Sant\u00e9\",\"Tunisie\"],\"articleSection\":[\"National\"],\"inLanguage\":\"fr-FR\"},{\"@type\":\"WebPage\",\"@id\":\"https:\\\/\\\/www.webdo.tn\\\/fr\\\/actualite\\\/national\\\/tunisie-des-sous-vetements-bon-marche-qui-nuisent-a-la-sante\\\/221455\\\/\",\"url\":\"https:\\\/\\\/www.webdo.tn\\\/fr\\\/actualite\\\/national\\\/tunisie-des-sous-vetements-bon-marche-qui-nuisent-a-la-sante\\\/221455\\\/\",\"name\":\"Tunisie : Des sous-v\u00eatements bon march\u00e9 qui nuisent \u00e0 la sant\u00e9\",\"isPartOf\":{\"@id\":\"https:\\\/\\\/www.webdo.tn\\\/fr\\\/#website\"},\"primaryImageOfPage\":{\"@id\":\"https:\\\/\\\/www.webdo.tn\\\/fr\\\/actualite\\\/national\\\/tunisie-des-sous-vetements-bon-marche-qui-nuisent-a-la-sante\\\/221455\\\/#primaryimage\"},\"image\":{\"@id\":\"https:\\\/\\\/www.webdo.tn\\\/fr\\\/actualite\\\/national\\\/tunisie-des-sous-vetements-bon-marche-qui-nuisent-a-la-sante\\\/221455\\\/#primaryimage\"},\"thumbnailUrl\":\"https:\\\/\\\/www.webdo.tn\\\/fr\\\/wp-content\\\/uploads\\\/2025\\\/04\\\/0c2e6cb4b95cac29b0faca040de8dc4e.webp\",\"datePublished\":\"2025-04-22T11:54:00+00:00\",\"dateModified\":\"2025-05-20T22:23:28+00:00\",\"description\":\"L\u2019Organisation tunisienne de d\u00e9fense du consommateur alerte sur les risques sanitaires li\u00e9s \u00e0 certains sous-v\u00eatements contenant des d\u00e9riv\u00e9s p\u00e9troliers. Elle rec...\",\"breadcrumb\":{\"@id\":\"https:\\\/\\\/www.webdo.tn\\\/fr\\\/actualite\\\/national\\\/tunisie-des-sous-vetements-bon-marche-qui-nuisent-a-la-sante\\\/221455\\\/#breadcrumb\"},\"inLanguage\":\"fr-FR\",\"potentialAction\":[{\"@type\":\"ReadAction\",\"target\":[\"https:\\\/\\\/www.webdo.tn\\\/fr\\\/actualite\\\/national\\\/tunisie-des-sous-vetements-bon-marche-qui-nuisent-a-la-sante\\\/221455\\\/\"]}]},{\"@type\":\"ImageObject\",\"inLanguage\":\"fr-FR\",\"@id\":\"https:\\\/\\\/www.webdo.tn\\\/fr\\\/actualite\\\/national\\\/tunisie-des-sous-vetements-bon-marche-qui-nuisent-a-la-sante\\\/221455\\\/#primaryimage\",\"url\":\"https:\\\/\\\/www.webdo.tn\\\/fr\\\/wp-content\\\/uploads\\\/2025\\\/04\\\/0c2e6cb4b95cac29b0faca040de8dc4e.webp\",\"contentUrl\":\"https:\\\/\\\/www.webdo.tn\\\/fr\\\/wp-content\\\/uploads\\\/2025\\\/04\\\/0c2e6cb4b95cac29b0faca040de8dc4e.webp\",\"width\":700,\"height\":373,\"caption\":\"Tunisie : Des sous-v\u00eatements bon march\u00e9 qui nuisent \u00e0 la sant\u00e9\"},{\"@type\":\"BreadcrumbList\",\"@id\":\"https:\\\/\\\/www.webdo.tn\\\/fr\\\/actualite\\\/national\\\/tunisie-des-sous-vetements-bon-marche-qui-nuisent-a-la-sante\\\/221455\\\/#breadcrumb\",\"itemListElement\":[{\"@type\":\"ListItem\",\"position\":1,\"name\":\"Accueil\",\"item\":\"https:\\\/\\\/www.webdo.tn\\\/fr\\\/\"},{\"@type\":\"ListItem\",\"position\":2,\"name\":\"Tunisie : Des sous-v\u00eatements bon march\u00e9 qui nuisent \u00e0 la sant\u00e9\"}]},{\"@type\":\"WebSite\",\"@id\":\"https:\\\/\\\/www.webdo.tn\\\/fr\\\/#website\",\"url\":\"https:\\\/\\\/www.webdo.tn\\\/fr\\\/\",\"name\":\"webdo\",\"description\":\"Tunisie - News en Tunisie et \u00e0 l&#039;international sur Webdo.tn\",\"publisher\":{\"@id\":\"https:\\\/\\\/www.webdo.tn\\\/fr\\\/#organization\"},\"potentialAction\":[{\"@type\":\"SearchAction\",\"target\":{\"@type\":\"EntryPoint\",\"urlTemplate\":\"https:\\\/\\\/www.webdo.tn\\\/fr\\\/?s={search_term_string}\"},\"query-input\":{\"@type\":\"PropertyValueSpecification\",\"valueRequired\":true,\"valueName\":\"search_term_string\"}}],\"inLanguage\":\"fr-FR\"},{\"@type\":\"Organization\",\"@id\":\"https:\\\/\\\/www.webdo.tn\\\/fr\\\/#organization\",\"name\":\"Webdo\",\"alternateName\":\"Webdo.tn\",\"url\":\"https:\\\/\\\/www.webdo.tn\\\/fr\\\/\",\"logo\":{\"@type\":\"ImageObject\",\"inLanguage\":\"fr-FR\",\"@id\":\"https:\\\/\\\/www.webdo.tn\\\/fr\\\/#\\\/schema\\\/logo\\\/image\\\/\",\"url\":\"https:\\\/\\\/www.webdo.tn\\\/fr\\\/wp-content\\\/uploads\\\/2025\\\/06\\\/Webdo-Tunisie_168377.jpg\",\"contentUrl\":\"https:\\\/\\\/www.webdo.tn\\\/fr\\\/wp-content\\\/uploads\\\/2025\\\/06\\\/Webdo-Tunisie_168377.jpg\",\"width\":301,\"height\":301,\"caption\":\"Webdo\"},\"image\":{\"@id\":\"https:\\\/\\\/www.webdo.tn\\\/fr\\\/#\\\/schema\\\/logo\\\/image\\\/\"},\"sameAs\":[\"https:\\\/\\\/www.facebook.com\\\/webdotn\",\"https:\\\/\\\/x.com\\\/webdo_tn\"],\"description\":\"Webdo est un m\u00e9dia num\u00e9rique tunisien fond\u00e9 en 2010, sp\u00e9cialis\u00e9 dans l\u2019actualit\u00e9 nationale et internationale, l\u2019\u00e9conomie, la soci\u00e9t\u00e9 et les analyses politiques. Le site s\u2019adresse \u00e0 un large public francophone et couvre l\u2019information tunisienne en temps r\u00e9el.\",\"email\":\"redac@webdo.tn\",\"legalName\":\"YNJ SARL\",\"foundingDate\":\"2010-09-06\",\"numberOfEmployees\":{\"@type\":\"QuantitativeValue\",\"minValue\":\"11\",\"maxValue\":\"50\"}},{\"@type\":\"Person\",\"@id\":\"https:\\\/\\\/www.webdo.tn\\\/fr\\\/#\\\/schema\\\/person\\\/82ca085b22037d285e1a3c4b65ba5f71\",\"name\":\"KJ\",\"image\":{\"@type\":\"ImageObject\",\"inLanguage\":\"fr-FR\",\"@id\":\"https:\\\/\\\/secure.gravatar.com\\\/avatar\\\/1a1320de1c1971c893f00068f760b4113d69504aa21273da17ee95650c5944fd?s=96&d=mm&r=g\",\"url\":\"https:\\\/\\\/secure.gravatar.com\\\/avatar\\\/1a1320de1c1971c893f00068f760b4113d69504aa21273da17ee95650c5944fd?s=96&d=mm&r=g\",\"contentUrl\":\"https:\\\/\\\/secure.gravatar.com\\\/avatar\\\/1a1320de1c1971c893f00068f760b4113d69504aa21273da17ee95650c5944fd?s=96&d=mm&r=g\",\"caption\":\"KJ\"},\"url\":\"https:\\\/\\\/www.webdo.tn\\\/fr\\\/actualite\\\/author\\\/kj\\\/\"}]}<\/script>\n<!-- \/ Yoast SEO Premium plugin. -->","yoast_head_json":{"title":"Tunisie : Des sous-v\u00eatements bon march\u00e9 qui nuisent \u00e0 la sant\u00e9","description":"L\u2019Organisation tunisienne de d\u00e9fense du consommateur alerte sur les risques sanitaires li\u00e9s \u00e0 certains sous-v\u00eatements contenant des d\u00e9riv\u00e9s p\u00e9troliers. Elle rec...","canonical":"https:\/\/www.webdo.tn\/fr\/actualite\/national\/tunisie-des-sous-vetements-bon-marche-qui-nuisent-a-la-sante\/221455\/","og_locale":"fr_FR","og_type":"article","og_title":"Tunisie : Des sous-v\u00eatements bon march\u00e9 qui nuisent \u00e0 la sant\u00e9","og_description":"L\u2019Organisation tunisienne de d\u00e9fense du consommateur alerte sur les risques sanitaires li\u00e9s \u00e0 certains sous-v\u00eatements contenant des d\u00e9riv\u00e9s p\u00e9troliers. Elle rec...","og_url":"https:\/\/www.webdo.tn\/fr\/actualite\/national\/tunisie-des-sous-vetements-bon-marche-qui-nuisent-a-la-sante\/221455\/","og_site_name":"webdo","article_publisher":"https:\/\/www.facebook.com\/webdotn","article_published_time":"2025-04-22T11:54:00+00:00","article_modified_time":"2025-05-20T22:23:28+00:00","og_image":[{"width":700,"height":373,"url":"https:\/\/www.webdo.tn\/fr\/wp-content\/uploads\/2025\/04\/0c2e6cb4b95cac29b0faca040de8dc4e.webp","type":"image\/webp"}],"author":"KJ","twitter_card":"summary_large_image","twitter_creator":"@webdo_tn","twitter_site":"@webdo_tn","twitter_misc":{"\u00c9crit par":"KJ","Dur\u00e9e de lecture estim\u00e9e":"1 minute"},"schema":{"@context":"https:\/\/schema.org","@graph":[{"@type":"NewsArticle","@id":"https:\/\/www.webdo.tn\/fr\/actualite\/national\/tunisie-des-sous-vetements-bon-marche-qui-nuisent-a-la-sante\/221455\/#article","isPartOf":{"@id":"https:\/\/www.webdo.tn\/fr\/actualite\/national\/tunisie-des-sous-vetements-bon-marche-qui-nuisent-a-la-sante\/221455\/"},"author":{"name":"KJ","@id":"https:\/\/www.webdo.tn\/fr\/#\/schema\/person\/82ca085b22037d285e1a3c4b65ba5f71"},"headline":"Tunisie : Des sous-v\u00eatements bon march\u00e9 qui nuisent \u00e0 la sant\u00e9","datePublished":"2025-04-22T11:54:00+00:00","dateModified":"2025-05-20T22:23:28+00:00","mainEntityOfPage":{"@id":"https:\/\/www.webdo.tn\/fr\/actualite\/national\/tunisie-des-sous-vetements-bon-marche-qui-nuisent-a-la-sante\/221455\/"},"wordCount":284,"commentCount":0,"publisher":{"@id":"https:\/\/www.webdo.tn\/fr\/#organization"},"image":{"@id":"https:\/\/www.webdo.tn\/fr\/actualite\/national\/tunisie-des-sous-vetements-bon-marche-qui-nuisent-a-la-sante\/221455\/#primaryimage"},"thumbnailUrl":"https:\/\/www.webdo.tn\/fr\/wp-content\/uploads\/2025\/04\/0c2e6cb4b95cac29b0faca040de8dc4e.webp","keywords":["'sous-v\u00eatements']","Sant\u00e9","Tunisie"],"articleSection":["National"],"inLanguage":"fr-FR"},{"@type":"WebPage","@id":"https:\/\/www.webdo.tn\/fr\/actualite\/national\/tunisie-des-sous-vetements-bon-marche-qui-nuisent-a-la-sante\/221455\/","url":"https:\/\/www.webdo.tn\/fr\/actualite\/national\/tunisie-des-sous-vetements-bon-marche-qui-nuisent-a-la-sante\/221455\/","name":"Tunisie : Des sous-v\u00eatements bon march\u00e9 qui nuisent \u00e0 la sant\u00e9","isPartOf":{"@id":"https:\/\/www.webdo.tn\/fr\/#website"},"primaryImageOfPage":{"@id":"https:\/\/www.webdo.tn\/fr\/actualite\/national\/tunisie-des-sous-vetements-bon-marche-qui-nuisent-a-la-sante\/221455\/#primaryimage"},"image":{"@id":"https:\/\/www.webdo.tn\/fr\/actualite\/national\/tunisie-des-sous-vetements-bon-marche-qui-nuisent-a-la-sante\/221455\/#primaryimage"},"thumbnailUrl":"https:\/\/www.webdo.tn\/fr\/wp-content\/uploads\/2025\/04\/0c2e6cb4b95cac29b0faca040de8dc4e.webp","datePublished":"2025-04-22T11:54:00+00:00","dateModified":"2025-05-20T22:23:28+00:00","description":"L\u2019Organisation tunisienne de d\u00e9fense du consommateur alerte sur les risques sanitaires li\u00e9s \u00e0 certains sous-v\u00eatements contenant des d\u00e9riv\u00e9s p\u00e9troliers. Elle rec...","breadcrumb":{"@id":"https:\/\/www.webdo.tn\/fr\/actualite\/national\/tunisie-des-sous-vetements-bon-marche-qui-nuisent-a-la-sante\/221455\/#breadcrumb"},"inLanguage":"fr-FR","potentialAction":[{"@type":"ReadAction","target":["https:\/\/www.webdo.tn\/fr\/actualite\/national\/tunisie-des-sous-vetements-bon-marche-qui-nuisent-a-la-sante\/221455\/"]}]},{"@type":"ImageObject","inLanguage":"fr-FR","@id":"https:\/\/www.webdo.tn\/fr\/actualite\/national\/tunisie-des-sous-vetements-bon-marche-qui-nuisent-a-la-sante\/221455\/#primaryimage","url":"https:\/\/www.webdo.tn\/fr\/wp-content\/uploads\/2025\/04\/0c2e6cb4b95cac29b0faca040de8dc4e.webp","contentUrl":"https:\/\/www.webdo.tn\/fr\/wp-content\/uploads\/2025\/04\/0c2e6cb4b95cac29b0faca040de8dc4e.webp","width":700,"height":373,"caption":"Tunisie : Des sous-v\u00eatements bon march\u00e9 qui nuisent \u00e0 la sant\u00e9"},{"@type":"BreadcrumbList","@id":"https:\/\/www.webdo.tn\/fr\/actualite\/national\/tunisie-des-sous-vetements-bon-marche-qui-nuisent-a-la-sante\/221455\/#breadcrumb","itemListElement":[{"@type":"ListItem","position":1,"name":"Accueil","item":"https:\/\/www.webdo.tn\/fr\/"},{"@type":"ListItem","position":2,"name":"Tunisie : Des sous-v\u00eatements bon march\u00e9 qui nuisent \u00e0 la sant\u00e9"}]},{"@type":"WebSite","@id":"https:\/\/www.webdo.tn\/fr\/#website","url":"https:\/\/www.webdo.tn\/fr\/","name":"webdo","description":"Tunisie - News en Tunisie et \u00e0 l&#039;international sur Webdo.tn","publisher":{"@id":"https:\/\/www.webdo.tn\/fr\/#organization"},"potentialAction":[{"@type":"SearchAction","target":{"@type":"EntryPoint","urlTemplate":"https:\/\/www.webdo.tn\/fr\/?s={search_term_string}"},"query-input":{"@type":"PropertyValueSpecification","valueRequired":true,"valueName":"search_term_string"}}],"inLanguage":"fr-FR"},{"@type":"Organization","@id":"https:\/\/www.webdo.tn\/fr\/#organization","name":"Webdo","alternateName":"Webdo.tn","url":"https:\/\/www.webdo.tn\/fr\/","logo":{"@type":"ImageObject","inLanguage":"fr-FR","@id":"https:\/\/www.webdo.tn\/fr\/#\/schema\/logo\/image\/","url":"https:\/\/www.webdo.tn\/fr\/wp-content\/uploads\/2025\/06\/Webdo-Tunisie_168377.jpg","contentUrl":"https:\/\/www.webdo.tn\/fr\/wp-content\/uploads\/2025\/06\/Webdo-Tunisie_168377.jpg","width":301,"height":301,"caption":"Webdo"},"image":{"@id":"https:\/\/www.webdo.tn\/fr\/#\/schema\/logo\/image\/"},"sameAs":["https:\/\/www.facebook.com\/webdotn","https:\/\/x.com\/webdo_tn"],"description":"Webdo est un m\u00e9dia num\u00e9rique tunisien fond\u00e9 en 2010, sp\u00e9cialis\u00e9 dans l\u2019actualit\u00e9 nationale et internationale, l\u2019\u00e9conomie, la soci\u00e9t\u00e9 et les analyses politiques. Le site s\u2019adresse \u00e0 un large public francophone et couvre l\u2019information tunisienne en temps r\u00e9el.","email":"redac@webdo.tn","legalName":"YNJ SARL","foundingDate":"2010-09-06","numberOfEmployees":{"@type":"QuantitativeValue","minValue":"11","maxValue":"50"}},{"@type":"Person","@id":"https:\/\/www.webdo.tn\/fr\/#\/schema\/person\/82ca085b22037d285e1a3c4b65ba5f71","name":"KJ","image":{"@type":"ImageObject","inLanguage":"fr-FR","@id":"https:\/\/secure.gravatar.com\/avatar\/1a1320de1c1971c893f00068f760b4113d69504aa21273da17ee95650c5944fd?s=96&d=mm&r=g","url":"https:\/\/secure.gravatar.com\/avatar\/1a1320de1c1971c893f00068f760b4113d69504aa21273da17ee95650c5944fd?s=96&d=mm&r=g","contentUrl":"https:\/\/secure.gravatar.com\/avatar\/1a1320de1c1971c893f00068f760b4113d69504aa21273da17ee95650c5944fd?s=96&d=mm&r=g","caption":"KJ"},"url":"https:\/\/www.webdo.tn\/fr\/actualite\/author\/kj\/"}]}},"_links":{"self":[{"href":"https:\/\/www.webdo.tn\/fr\/wp-json\/wp\/v2\/posts\/221455","targetHints":{"allow":["GET"]}}],"collection":[{"href":"https:\/\/www.webdo.tn\/fr\/wp-json\/wp\/v2\/posts"}],"about":[{"href":"https:\/\/www.webdo.tn\/fr\/wp-json\/wp\/v2\/types\/post"}],"author":[{"embeddable":true,"href":"https:\/\/www.webdo.tn\/fr\/wp-json\/wp\/v2\/users\/3163"}],"replies":[{"embeddable":true,"href":"https:\/\/www.webdo.tn\/fr\/wp-json\/wp\/v2\/comments?post=221455"}],"version-history":[{"count":0,"href":"https:\/\/www.webdo.tn\/fr\/wp-json\/wp\/v2\/posts\/221455\/revisions"}],"wp:featuredmedia":[{"embeddable":true,"href":"https:\/\/www.webdo.tn\/fr\/wp-json\/wp\/v2\/media\/292282"}],"wp:attachment":[{"href":"https:\/\/www.webdo.tn\/fr\/wp-json\/wp\/v2\/media?parent=221455"}],"wp:term":[{"taxonomy":"category","embeddable":true,"href":"https:\/\/www.webdo.tn\/fr\/wp-json\/wp\/v2\/categories?post=221455"},{"taxonomy":"post_tag","embeddable":true,"href":"https:\/\/www.webdo.tn\/fr\/wp-json\/wp\/v2\/tags?post=221455"}],"curies":[{"name":"wp","href":"https:\/\/api.w.org\/{rel}","templated":true}]}}