{"id":221454,"date":"2025-04-22T10:43:00","date_gmt":"2025-04-22T10:43:00","guid":{"rendered":"https:\/\/www.webdo.tn\/fr\/blog\/tunisie-reactions-universitaires-apres-les-condamnations-dans-l-affaire-de-complot\/221454\/"},"modified":"2025-05-20T22:17:54","modified_gmt":"2025-05-20T22:17:54","slug":"tunisie-reactions-universitaires-apres-les-condamnations-dans-l-affaire-de-complot","status":"publish","type":"post","link":"https:\/\/www.webdo.tn\/fr\/actualite\/national\/tunisie-reactions-universitaires-apres-les-condamnations-dans-l-affaire-de-complot\/221454\/","title":{"rendered":"Tunisie : R\u00e9actions universitaires apr\u00e8s les condamnations dans l\u2019affaire de complot"},"content":{"rendered":"<p>Plusieurs dizaines d\u2019universitaires, dont des doyens de facult\u00e9s de droit et des professeurs de sciences juridiques, ont sign\u00e9 une p\u00e9tition rendue publique le 20 avril 2025. Ce texte exprime de vives pr\u00e9occupations quant au d\u00e9roulement du proc\u00e8s dans l\u2019affaire dite du complot contre la s\u00e9curit\u00e9 de l\u2019\u00c9tat, qui s\u2019est sold\u00e9 par de lourdes peines de prison allant jusqu\u2019\u00e0 66 ans, prononc\u00e9es le 19 avril par le p\u00f4le judiciaire antiterroriste.<\/p>\n<p>Les signataires d\u00e9noncent de nombreuses atteintes aux principes d\u2019un proc\u00e8s \u00e9quitable : d\u00e9signation contest\u00e9e du juge, d\u00e9tention provisoire prolong\u00e9e au-del\u00e0 des d\u00e9lais l\u00e9gaux, absence de confrontations, et limitation des droits de la d\u00e9fense. Ils soulignent \u00e9galement que certaines audiences se sont tenues sans les accus\u00e9s, remettant en cause le caract\u00e8re public des d\u00e9bats.<\/p>\n<p>Estimant que ces jugements ont \u00e9t\u00e9 rendus \u00ab en dehors des standards fondamentaux du droit \u00bb, les universitaires appellent \u00e0 garantir l\u2019ind\u00e9pendance de la justice et \u00e0 respecter les droits des pr\u00e9venus. Ils esp\u00e8rent que la phase d\u2019appel permettra un r\u00e9examen conforme aux r\u00e8gles d\u2019un proc\u00e8s \u00e9quitable.<\/p>\n<p>Liste des signataires\u00a0:<\/p>\n<p>\tYadh Ben Achour : Ancien doyen, professeur d\u2019enseignement sup\u00e9rieur, Facult\u00e9 des sciences juridiques, politiques et sociales de Tunis<br \/>\n\tNaji Baccouche : Ancien doyen, professeur d\u2019enseignement sup\u00e9rieur, Facult\u00e9 de droit de Sfax<br \/>\n\tNa\u00efla Chaabane : Ancienne doyenne, professeure d\u2019enseignement sup\u00e9rieur, Facult\u00e9 des sciences juridiques, politiques et sociales de Tunis<br \/>\n\tWahid Ferchichi : Doyen en fonction, professeur d\u2019enseignement sup\u00e9rieur, Facult\u00e9 des sciences juridiques, politiques et sociales de Tunis<br \/>\n\tRidha Jenayah : Professeur \u00e9m\u00e9rite, Facult\u00e9 de droit et des sciences politiques de Sousse<br \/>\n\tAbdelkader Fathallah : Professeur d\u2019enseignement sup\u00e9rieur, Facult\u00e9 de droit et des sciences politiques de Sousse<br \/>\n\tLamia Najji : Ma\u00eetresse de conf\u00e9rences, Facult\u00e9 de droit de Sfax<br \/>\n\tMajda Mrabet : Professeure d\u2019enseignement sup\u00e9rieur, Facult\u00e9 des sciences juridiques, \u00e9conomiques et de gestion de Jendouba<br \/>\n\tAbdelkarim El Aouiti : Ma\u00eetre assistant, Institut sup\u00e9rieur d\u2019\u00e9tudes juridiques et politiques de Kairouan<br \/>\n\tWalid Larbi : Assistant d\u2019enseignement sup\u00e9rieur, Institut sup\u00e9rieur de gestion de Bizerte<br \/>\n\tHammadi Redissi : Professeur d\u2019enseignement sup\u00e9rieur, Facult\u00e9 de droit de Tunis<br \/>\n\tSlim Laghmani : Professeur d\u2019enseignement sup\u00e9rieur, Facult\u00e9 des sciences juridiques, politiques et sociales de Tunis<br \/>\n\tAdel Sahli : Assistant d\u2019enseignement sup\u00e9rieur, Institut sup\u00e9rieur de gestion de Tunis<br \/>\n\tMontassar Cherif : Professeur d\u2019enseignement sup\u00e9rieur, Facult\u00e9 de droit et des sciences politiques de Sousse<br \/>\n\tAbderrazak Mokhtar : Professeur d\u2019enseignement sup\u00e9rieur, Facult\u00e9 de droit et des sciences politiques de Sousse<br \/>\n\tSana Ben Achour : Professeure d\u2019enseignement sup\u00e9rieur, Facult\u00e9 des sciences juridiques, politiques et sociales de Tunis<br \/>\n\tMounia Ben Jemiaa : Professeure d\u2019enseignement sup\u00e9rieur, Facult\u00e9 des sciences juridiques, politiques et sociales de Tunis<br \/>\n\tHatem Mrad : Professeur d\u2019enseignement sup\u00e9rieur, Facult\u00e9 des sciences juridiques, politiques et sociales de Tunis<br \/>\n\tChaker Houki : Ma\u00eetre assistant, Facult\u00e9 de droit de Tunis<br \/>\n\tSghaier Zakraoui : Professeur d\u2019enseignement sup\u00e9rieur, Facult\u00e9 de droit et des sciences politiques de Tunis<br \/>\n\tSalma Abid : Assistante d\u2019enseignement sup\u00e9rieur, Facult\u00e9 de droit de Sfax<br \/>\n\tSouheima Ben Achour : Professeure d\u2019enseignement sup\u00e9rieur, Facult\u00e9 de droit de Tunis<br \/>\n\tA\u00efda Ktata : Ma\u00eetresse de conf\u00e9rences, Facult\u00e9 de droit de Sfax<br \/>\n\tJalila Bouzouita : Professeure d\u2019enseignement sup\u00e9rieur, Facult\u00e9 de droit et des sciences politiques de Sousse<br \/>\n\tIkbal Ben Moussa : Ma\u00eetresse assistante, Facult\u00e9 de droit et des sciences politiques de Tunis<br \/>\n\tChahrazed Chelly : Assistante d\u2019enseignement sup\u00e9rieur, Institut sup\u00e9rieur de gestion de Tunis<br \/>\n\tSami Jerbi : Professeur d\u2019enseignement sup\u00e9rieur, Facult\u00e9 de droit de Sfax<br \/>\n\tNoufel Jemali : Assistant d\u2019enseignement sup\u00e9rieur, Facult\u00e9 de droit de Sfax<br \/>\n\tMeriem Ben Salem : Ma\u00eetresse de conf\u00e9rences, Facult\u00e9 des sciences juridiques, politiques et sociales de Tunis<br \/>\n\tAsma Gacham : Ma\u00eetresse assistante, Facult\u00e9 des sciences juridiques, politiques et sociales de Tunis<br \/>\n\tImen Belhawan : Assistante d\u2019enseignement sup\u00e9rieur, Institut sup\u00e9rieur d\u2019informatique d\u2019Ariana<br \/>\n\tNehla Chaouachi : Ma\u00eetresse de conf\u00e9rences, Facult\u00e9 des sciences juridiques, politiques et sociales de Tunis<br \/>\n\tAmel Mamlouk : Professeure d\u2019enseignement sup\u00e9rieur, Facult\u00e9 des sciences juridiques, politiques et sociales de Tunis<br \/>\n\tRidha Fatnassi : Ma\u00eetre assistant, Facult\u00e9 de droit et des sciences politiques de Sousse<br \/>\n\tMouna Kraiem : Ma\u00eetresse de conf\u00e9rences, Facult\u00e9 des sciences juridiques, politiques et sociales de Tunis<br \/>\n\tMounia Kari : Assistante d\u2019enseignement sup\u00e9rieur, Facult\u00e9 des sciences juridiques, politiques et sociales de Tunis<br \/>\n\tKarim Chayata : Professeur d\u2019enseignement sup\u00e9rieur, Facult\u00e9 de droit et des sciences politiques de Sousse<br \/>\n\tHatem Latrech : Assistant d\u2019enseignement sup\u00e9rieur, \u00c9cole sup\u00e9rieure des sciences \u00e9conomiques et commerciales de Tunis<br \/>\n\tAmin Jelassi : Ma\u00eetre assistant, Institut sup\u00e9rieur d\u2019\u00e9tudes juridiques et politiques de Kairouan<br \/>\n\tRaya Choubani : Ma\u00eetresse de conf\u00e9rences, Facult\u00e9 des sciences juridiques, politiques et sociales de Tunis<br \/>\n\tAsma Nouira : Professeure d\u2019enseignement sup\u00e9rieur, Facult\u00e9 des sciences juridiques, politiques et sociales de Tunis<br \/>\n\tFadwa Masmoudi : Professeure d\u2019enseignement sup\u00e9rieur, Facult\u00e9 de droit et des sciences politiques de Sousse<br \/>\n\tSahbi Khalfaoui : Assistant d\u2019enseignement sup\u00e9rieur, Facult\u00e9 des sciences juridiques, \u00e9conomiques et de gestion de Jendouba<br \/>\n\tSihem Dali : Assistante d\u2019enseignement sup\u00e9rieur, Facult\u00e9 des sciences juridiques, politiques et sociales de Tunis<br \/>\n\tMohamed Al Ajmi : Assistant, Facult\u00e9 de droit et des sciences politiques de Sousse<br \/>\n\tMarouen Dimassi : Assistant, Facult\u00e9 de droit et des sciences politiques de Sousse<\/p>\n","protected":false},"excerpt":{"rendered":"<p>Des dizaines d\u2019universitaires tunisiens expriment leurs inqui\u00e9tudes sur le d\u00e9roulement du proc\u00e8s pour complot contre l\u2019\u00c9tat, pointant des atteintes aux garantie&#8230;<\/p>\n","protected":false},"author":3162,"featured_media":292278,"comment_status":"open","ping_status":"closed","sticky":false,"template":"","format":"standard","meta":{"footnotes":""},"categories":[44],"tags":[5322,3784,2619,2608],"class_list":["post-221454","post","type-post","status-publish","format-standard","has-post-thumbnail","hentry","category-national","tag-affaire","tag-complot","tag-justice","tag-tunisie"],"yoast_head":"<!-- This site is optimized with the Yoast SEO Premium plugin v27.5 (Yoast SEO v27.5) - https:\/\/yoast.com\/product\/yoast-seo-premium-wordpress\/ -->\n<title>Tunisie : R\u00e9actions universitaires apr\u00e8s les condamnations dans l\u2019affaire de complot<\/title>\n<meta name=\"description\" content=\"Des dizaines d\u2019universitaires tunisiens expriment leurs inqui\u00e9tudes sur le d\u00e9roulement du proc\u00e8s pour complot contre l\u2019\u00c9tat, pointant des atteintes aux garantie...\" \/>\n<link rel=\"canonical\" href=\"https:\/\/www.webdo.tn\/fr\/actualite\/national\/tunisie-reactions-universitaires-apres-les-condamnations-dans-l-affaire-de-complot\/221454\/\" \/>\n<meta property=\"og:locale\" content=\"fr_FR\" \/>\n<meta property=\"og:type\" content=\"article\" \/>\n<meta property=\"og:title\" content=\"Tunisie : R\u00e9actions universitaires apr\u00e8s les condamnations dans l\u2019affaire de complot\" \/>\n<meta property=\"og:description\" content=\"Des dizaines d\u2019universitaires tunisiens expriment leurs inqui\u00e9tudes sur le d\u00e9roulement du proc\u00e8s pour complot contre l\u2019\u00c9tat, pointant des atteintes aux garantie...\" \/>\n<meta property=\"og:url\" content=\"https:\/\/www.webdo.tn\/fr\/actualite\/national\/tunisie-reactions-universitaires-apres-les-condamnations-dans-l-affaire-de-complot\/221454\/\" \/>\n<meta property=\"og:site_name\" content=\"webdo\" \/>\n<meta property=\"article:publisher\" content=\"https:\/\/www.facebook.com\/webdotn\" \/>\n<meta property=\"article:published_time\" content=\"2025-04-22T10:43:00+00:00\" \/>\n<meta property=\"article:modified_time\" content=\"2025-05-20T22:17:54+00:00\" \/>\n<meta property=\"og:image\" content=\"https:\/\/www.webdo.tn\/fr\/wp-content\/uploads\/2025\/04\/5fa6ff35bd6f8d5f870941fc9e9d6a46.webp\" \/>\n\t<meta property=\"og:image:width\" content=\"750\" \/>\n\t<meta property=\"og:image:height\" content=\"400\" \/>\n\t<meta property=\"og:image:type\" content=\"image\/webp\" \/>\n<meta name=\"author\" content=\"MC\" \/>\n<meta name=\"twitter:card\" content=\"summary_large_image\" \/>\n<meta name=\"twitter:creator\" content=\"@webdo_tn\" \/>\n<meta name=\"twitter:site\" content=\"@webdo_tn\" \/>\n<meta name=\"twitter:label1\" content=\"\u00c9crit par\" \/>\n\t<meta name=\"twitter:data1\" content=\"MC\" \/>\n\t<meta name=\"twitter:label2\" content=\"Dur\u00e9e de lecture estim\u00e9e\" \/>\n\t<meta name=\"twitter:data2\" content=\"4 minutes\" \/>\n<script type=\"application\/ld+json\" class=\"yoast-schema-graph\">{\"@context\":\"https:\\\/\\\/schema.org\",\"@graph\":[{\"@type\":\"NewsArticle\",\"@id\":\"https:\\\/\\\/www.webdo.tn\\\/fr\\\/actualite\\\/national\\\/tunisie-reactions-universitaires-apres-les-condamnations-dans-l-affaire-de-complot\\\/221454\\\/#article\",\"isPartOf\":{\"@id\":\"https:\\\/\\\/www.webdo.tn\\\/fr\\\/actualite\\\/national\\\/tunisie-reactions-universitaires-apres-les-condamnations-dans-l-affaire-de-complot\\\/221454\\\/\"},\"author\":{\"name\":\"MC\",\"@id\":\"https:\\\/\\\/www.webdo.tn\\\/fr\\\/#\\\/schema\\\/person\\\/2c4929cbf5a809e3bd38617c6ce150f6\"},\"headline\":\"Tunisie : R\u00e9actions universitaires apr\u00e8s les condamnations dans l\u2019affaire de complot\",\"datePublished\":\"2025-04-22T10:43:00+00:00\",\"dateModified\":\"2025-05-20T22:17:54+00:00\",\"mainEntityOfPage\":{\"@id\":\"https:\\\/\\\/www.webdo.tn\\\/fr\\\/actualite\\\/national\\\/tunisie-reactions-universitaires-apres-les-condamnations-dans-l-affaire-de-complot\\\/221454\\\/\"},\"wordCount\":904,\"commentCount\":0,\"publisher\":{\"@id\":\"https:\\\/\\\/www.webdo.tn\\\/fr\\\/#organization\"},\"image\":{\"@id\":\"https:\\\/\\\/www.webdo.tn\\\/fr\\\/actualite\\\/national\\\/tunisie-reactions-universitaires-apres-les-condamnations-dans-l-affaire-de-complot\\\/221454\\\/#primaryimage\"},\"thumbnailUrl\":\"https:\\\/\\\/www.webdo.tn\\\/fr\\\/wp-content\\\/uploads\\\/2025\\\/04\\\/5fa6ff35bd6f8d5f870941fc9e9d6a46.webp\",\"keywords\":[\"Affaire\",\"complot\",\"justice\",\"Tunisie\"],\"articleSection\":[\"National\"],\"inLanguage\":\"fr-FR\"},{\"@type\":\"WebPage\",\"@id\":\"https:\\\/\\\/www.webdo.tn\\\/fr\\\/actualite\\\/national\\\/tunisie-reactions-universitaires-apres-les-condamnations-dans-l-affaire-de-complot\\\/221454\\\/\",\"url\":\"https:\\\/\\\/www.webdo.tn\\\/fr\\\/actualite\\\/national\\\/tunisie-reactions-universitaires-apres-les-condamnations-dans-l-affaire-de-complot\\\/221454\\\/\",\"name\":\"Tunisie : R\u00e9actions universitaires apr\u00e8s les condamnations dans l\u2019affaire de complot\",\"isPartOf\":{\"@id\":\"https:\\\/\\\/www.webdo.tn\\\/fr\\\/#website\"},\"primaryImageOfPage\":{\"@id\":\"https:\\\/\\\/www.webdo.tn\\\/fr\\\/actualite\\\/national\\\/tunisie-reactions-universitaires-apres-les-condamnations-dans-l-affaire-de-complot\\\/221454\\\/#primaryimage\"},\"image\":{\"@id\":\"https:\\\/\\\/www.webdo.tn\\\/fr\\\/actualite\\\/national\\\/tunisie-reactions-universitaires-apres-les-condamnations-dans-l-affaire-de-complot\\\/221454\\\/#primaryimage\"},\"thumbnailUrl\":\"https:\\\/\\\/www.webdo.tn\\\/fr\\\/wp-content\\\/uploads\\\/2025\\\/04\\\/5fa6ff35bd6f8d5f870941fc9e9d6a46.webp\",\"datePublished\":\"2025-04-22T10:43:00+00:00\",\"dateModified\":\"2025-05-20T22:17:54+00:00\",\"description\":\"Des dizaines d\u2019universitaires tunisiens expriment leurs inqui\u00e9tudes sur le d\u00e9roulement du proc\u00e8s pour complot contre l\u2019\u00c9tat, pointant des atteintes aux garantie...\",\"breadcrumb\":{\"@id\":\"https:\\\/\\\/www.webdo.tn\\\/fr\\\/actualite\\\/national\\\/tunisie-reactions-universitaires-apres-les-condamnations-dans-l-affaire-de-complot\\\/221454\\\/#breadcrumb\"},\"inLanguage\":\"fr-FR\",\"potentialAction\":[{\"@type\":\"ReadAction\",\"target\":[\"https:\\\/\\\/www.webdo.tn\\\/fr\\\/actualite\\\/national\\\/tunisie-reactions-universitaires-apres-les-condamnations-dans-l-affaire-de-complot\\\/221454\\\/\"]}]},{\"@type\":\"ImageObject\",\"inLanguage\":\"fr-FR\",\"@id\":\"https:\\\/\\\/www.webdo.tn\\\/fr\\\/actualite\\\/national\\\/tunisie-reactions-universitaires-apres-les-condamnations-dans-l-affaire-de-complot\\\/221454\\\/#primaryimage\",\"url\":\"https:\\\/\\\/www.webdo.tn\\\/fr\\\/wp-content\\\/uploads\\\/2025\\\/04\\\/5fa6ff35bd6f8d5f870941fc9e9d6a46.webp\",\"contentUrl\":\"https:\\\/\\\/www.webdo.tn\\\/fr\\\/wp-content\\\/uploads\\\/2025\\\/04\\\/5fa6ff35bd6f8d5f870941fc9e9d6a46.webp\",\"width\":750,\"height\":400,\"caption\":\"Tunisie : R\u00e9actions universitaires apr\u00e8s les condamnations dans l\u2019affaire de complot\"},{\"@type\":\"BreadcrumbList\",\"@id\":\"https:\\\/\\\/www.webdo.tn\\\/fr\\\/actualite\\\/national\\\/tunisie-reactions-universitaires-apres-les-condamnations-dans-l-affaire-de-complot\\\/221454\\\/#breadcrumb\",\"itemListElement\":[{\"@type\":\"ListItem\",\"position\":1,\"name\":\"Accueil\",\"item\":\"https:\\\/\\\/www.webdo.tn\\\/fr\\\/\"},{\"@type\":\"ListItem\",\"position\":2,\"name\":\"Tunisie : R\u00e9actions universitaires apr\u00e8s les condamnations dans l\u2019affaire de complot\"}]},{\"@type\":\"WebSite\",\"@id\":\"https:\\\/\\\/www.webdo.tn\\\/fr\\\/#website\",\"url\":\"https:\\\/\\\/www.webdo.tn\\\/fr\\\/\",\"name\":\"webdo\",\"description\":\"Tunisie - News en Tunisie et \u00e0 l&#039;international sur Webdo.tn\",\"publisher\":{\"@id\":\"https:\\\/\\\/www.webdo.tn\\\/fr\\\/#organization\"},\"potentialAction\":[{\"@type\":\"SearchAction\",\"target\":{\"@type\":\"EntryPoint\",\"urlTemplate\":\"https:\\\/\\\/www.webdo.tn\\\/fr\\\/?s={search_term_string}\"},\"query-input\":{\"@type\":\"PropertyValueSpecification\",\"valueRequired\":true,\"valueName\":\"search_term_string\"}}],\"inLanguage\":\"fr-FR\"},{\"@type\":\"Organization\",\"@id\":\"https:\\\/\\\/www.webdo.tn\\\/fr\\\/#organization\",\"name\":\"Webdo\",\"alternateName\":\"Webdo.tn\",\"url\":\"https:\\\/\\\/www.webdo.tn\\\/fr\\\/\",\"logo\":{\"@type\":\"ImageObject\",\"inLanguage\":\"fr-FR\",\"@id\":\"https:\\\/\\\/www.webdo.tn\\\/fr\\\/#\\\/schema\\\/logo\\\/image\\\/\",\"url\":\"https:\\\/\\\/www.webdo.tn\\\/fr\\\/wp-content\\\/uploads\\\/2025\\\/06\\\/Webdo-Tunisie_168377.jpg\",\"contentUrl\":\"https:\\\/\\\/www.webdo.tn\\\/fr\\\/wp-content\\\/uploads\\\/2025\\\/06\\\/Webdo-Tunisie_168377.jpg\",\"width\":301,\"height\":301,\"caption\":\"Webdo\"},\"image\":{\"@id\":\"https:\\\/\\\/www.webdo.tn\\\/fr\\\/#\\\/schema\\\/logo\\\/image\\\/\"},\"sameAs\":[\"https:\\\/\\\/www.facebook.com\\\/webdotn\",\"https:\\\/\\\/x.com\\\/webdo_tn\"],\"description\":\"Webdo est un m\u00e9dia num\u00e9rique tunisien fond\u00e9 en 2010, sp\u00e9cialis\u00e9 dans l\u2019actualit\u00e9 nationale et internationale, l\u2019\u00e9conomie, la soci\u00e9t\u00e9 et les analyses politiques. Le site s\u2019adresse \u00e0 un large public francophone et couvre l\u2019information tunisienne en temps r\u00e9el.\",\"email\":\"redac@webdo.tn\",\"legalName\":\"YNJ SARL\",\"foundingDate\":\"2010-09-06\",\"numberOfEmployees\":{\"@type\":\"QuantitativeValue\",\"minValue\":\"11\",\"maxValue\":\"50\"}},{\"@type\":\"Person\",\"@id\":\"https:\\\/\\\/www.webdo.tn\\\/fr\\\/#\\\/schema\\\/person\\\/2c4929cbf5a809e3bd38617c6ce150f6\",\"name\":\"MC\",\"image\":{\"@type\":\"ImageObject\",\"inLanguage\":\"fr-FR\",\"@id\":\"https:\\\/\\\/secure.gravatar.com\\\/avatar\\\/a545bbb6f84efdd5553dbbc2895e3ca8f1d12c5215e00a041c9670b54aa9b18a?s=96&d=mm&r=g\",\"url\":\"https:\\\/\\\/secure.gravatar.com\\\/avatar\\\/a545bbb6f84efdd5553dbbc2895e3ca8f1d12c5215e00a041c9670b54aa9b18a?s=96&d=mm&r=g\",\"contentUrl\":\"https:\\\/\\\/secure.gravatar.com\\\/avatar\\\/a545bbb6f84efdd5553dbbc2895e3ca8f1d12c5215e00a041c9670b54aa9b18a?s=96&d=mm&r=g\",\"caption\":\"MC\"},\"url\":\"https:\\\/\\\/www.webdo.tn\\\/fr\\\/actualite\\\/author\\\/mc\\\/\"}]}<\/script>\n<!-- \/ Yoast SEO Premium plugin. -->","yoast_head_json":{"title":"Tunisie : R\u00e9actions universitaires apr\u00e8s les condamnations dans l\u2019affaire de complot","description":"Des dizaines d\u2019universitaires tunisiens expriment leurs inqui\u00e9tudes sur le d\u00e9roulement du proc\u00e8s pour complot contre l\u2019\u00c9tat, pointant des atteintes aux garantie...","canonical":"https:\/\/www.webdo.tn\/fr\/actualite\/national\/tunisie-reactions-universitaires-apres-les-condamnations-dans-l-affaire-de-complot\/221454\/","og_locale":"fr_FR","og_type":"article","og_title":"Tunisie : R\u00e9actions universitaires apr\u00e8s les condamnations dans l\u2019affaire de complot","og_description":"Des dizaines d\u2019universitaires tunisiens expriment leurs inqui\u00e9tudes sur le d\u00e9roulement du proc\u00e8s pour complot contre l\u2019\u00c9tat, pointant des atteintes aux garantie...","og_url":"https:\/\/www.webdo.tn\/fr\/actualite\/national\/tunisie-reactions-universitaires-apres-les-condamnations-dans-l-affaire-de-complot\/221454\/","og_site_name":"webdo","article_publisher":"https:\/\/www.facebook.com\/webdotn","article_published_time":"2025-04-22T10:43:00+00:00","article_modified_time":"2025-05-20T22:17:54+00:00","og_image":[{"width":750,"height":400,"url":"https:\/\/www.webdo.tn\/fr\/wp-content\/uploads\/2025\/04\/5fa6ff35bd6f8d5f870941fc9e9d6a46.webp","type":"image\/webp"}],"author":"MC","twitter_card":"summary_large_image","twitter_creator":"@webdo_tn","twitter_site":"@webdo_tn","twitter_misc":{"\u00c9crit par":"MC","Dur\u00e9e de lecture estim\u00e9e":"4 minutes"},"schema":{"@context":"https:\/\/schema.org","@graph":[{"@type":"NewsArticle","@id":"https:\/\/www.webdo.tn\/fr\/actualite\/national\/tunisie-reactions-universitaires-apres-les-condamnations-dans-l-affaire-de-complot\/221454\/#article","isPartOf":{"@id":"https:\/\/www.webdo.tn\/fr\/actualite\/national\/tunisie-reactions-universitaires-apres-les-condamnations-dans-l-affaire-de-complot\/221454\/"},"author":{"name":"MC","@id":"https:\/\/www.webdo.tn\/fr\/#\/schema\/person\/2c4929cbf5a809e3bd38617c6ce150f6"},"headline":"Tunisie : R\u00e9actions universitaires apr\u00e8s les condamnations dans l\u2019affaire de complot","datePublished":"2025-04-22T10:43:00+00:00","dateModified":"2025-05-20T22:17:54+00:00","mainEntityOfPage":{"@id":"https:\/\/www.webdo.tn\/fr\/actualite\/national\/tunisie-reactions-universitaires-apres-les-condamnations-dans-l-affaire-de-complot\/221454\/"},"wordCount":904,"commentCount":0,"publisher":{"@id":"https:\/\/www.webdo.tn\/fr\/#organization"},"image":{"@id":"https:\/\/www.webdo.tn\/fr\/actualite\/national\/tunisie-reactions-universitaires-apres-les-condamnations-dans-l-affaire-de-complot\/221454\/#primaryimage"},"thumbnailUrl":"https:\/\/www.webdo.tn\/fr\/wp-content\/uploads\/2025\/04\/5fa6ff35bd6f8d5f870941fc9e9d6a46.webp","keywords":["Affaire","complot","justice","Tunisie"],"articleSection":["National"],"inLanguage":"fr-FR"},{"@type":"WebPage","@id":"https:\/\/www.webdo.tn\/fr\/actualite\/national\/tunisie-reactions-universitaires-apres-les-condamnations-dans-l-affaire-de-complot\/221454\/","url":"https:\/\/www.webdo.tn\/fr\/actualite\/national\/tunisie-reactions-universitaires-apres-les-condamnations-dans-l-affaire-de-complot\/221454\/","name":"Tunisie : R\u00e9actions universitaires apr\u00e8s les condamnations dans l\u2019affaire de complot","isPartOf":{"@id":"https:\/\/www.webdo.tn\/fr\/#website"},"primaryImageOfPage":{"@id":"https:\/\/www.webdo.tn\/fr\/actualite\/national\/tunisie-reactions-universitaires-apres-les-condamnations-dans-l-affaire-de-complot\/221454\/#primaryimage"},"image":{"@id":"https:\/\/www.webdo.tn\/fr\/actualite\/national\/tunisie-reactions-universitaires-apres-les-condamnations-dans-l-affaire-de-complot\/221454\/#primaryimage"},"thumbnailUrl":"https:\/\/www.webdo.tn\/fr\/wp-content\/uploads\/2025\/04\/5fa6ff35bd6f8d5f870941fc9e9d6a46.webp","datePublished":"2025-04-22T10:43:00+00:00","dateModified":"2025-05-20T22:17:54+00:00","description":"Des dizaines d\u2019universitaires tunisiens expriment leurs inqui\u00e9tudes sur le d\u00e9roulement du proc\u00e8s pour complot contre l\u2019\u00c9tat, pointant des atteintes aux garantie...","breadcrumb":{"@id":"https:\/\/www.webdo.tn\/fr\/actualite\/national\/tunisie-reactions-universitaires-apres-les-condamnations-dans-l-affaire-de-complot\/221454\/#breadcrumb"},"inLanguage":"fr-FR","potentialAction":[{"@type":"ReadAction","target":["https:\/\/www.webdo.tn\/fr\/actualite\/national\/tunisie-reactions-universitaires-apres-les-condamnations-dans-l-affaire-de-complot\/221454\/"]}]},{"@type":"ImageObject","inLanguage":"fr-FR","@id":"https:\/\/www.webdo.tn\/fr\/actualite\/national\/tunisie-reactions-universitaires-apres-les-condamnations-dans-l-affaire-de-complot\/221454\/#primaryimage","url":"https:\/\/www.webdo.tn\/fr\/wp-content\/uploads\/2025\/04\/5fa6ff35bd6f8d5f870941fc9e9d6a46.webp","contentUrl":"https:\/\/www.webdo.tn\/fr\/wp-content\/uploads\/2025\/04\/5fa6ff35bd6f8d5f870941fc9e9d6a46.webp","width":750,"height":400,"caption":"Tunisie : R\u00e9actions universitaires apr\u00e8s les condamnations dans l\u2019affaire de complot"},{"@type":"BreadcrumbList","@id":"https:\/\/www.webdo.tn\/fr\/actualite\/national\/tunisie-reactions-universitaires-apres-les-condamnations-dans-l-affaire-de-complot\/221454\/#breadcrumb","itemListElement":[{"@type":"ListItem","position":1,"name":"Accueil","item":"https:\/\/www.webdo.tn\/fr\/"},{"@type":"ListItem","position":2,"name":"Tunisie : R\u00e9actions universitaires apr\u00e8s les condamnations dans l\u2019affaire de complot"}]},{"@type":"WebSite","@id":"https:\/\/www.webdo.tn\/fr\/#website","url":"https:\/\/www.webdo.tn\/fr\/","name":"webdo","description":"Tunisie - News en Tunisie et \u00e0 l&#039;international sur Webdo.tn","publisher":{"@id":"https:\/\/www.webdo.tn\/fr\/#organization"},"potentialAction":[{"@type":"SearchAction","target":{"@type":"EntryPoint","urlTemplate":"https:\/\/www.webdo.tn\/fr\/?s={search_term_string}"},"query-input":{"@type":"PropertyValueSpecification","valueRequired":true,"valueName":"search_term_string"}}],"inLanguage":"fr-FR"},{"@type":"Organization","@id":"https:\/\/www.webdo.tn\/fr\/#organization","name":"Webdo","alternateName":"Webdo.tn","url":"https:\/\/www.webdo.tn\/fr\/","logo":{"@type":"ImageObject","inLanguage":"fr-FR","@id":"https:\/\/www.webdo.tn\/fr\/#\/schema\/logo\/image\/","url":"https:\/\/www.webdo.tn\/fr\/wp-content\/uploads\/2025\/06\/Webdo-Tunisie_168377.jpg","contentUrl":"https:\/\/www.webdo.tn\/fr\/wp-content\/uploads\/2025\/06\/Webdo-Tunisie_168377.jpg","width":301,"height":301,"caption":"Webdo"},"image":{"@id":"https:\/\/www.webdo.tn\/fr\/#\/schema\/logo\/image\/"},"sameAs":["https:\/\/www.facebook.com\/webdotn","https:\/\/x.com\/webdo_tn"],"description":"Webdo est un m\u00e9dia num\u00e9rique tunisien fond\u00e9 en 2010, sp\u00e9cialis\u00e9 dans l\u2019actualit\u00e9 nationale et internationale, l\u2019\u00e9conomie, la soci\u00e9t\u00e9 et les analyses politiques. Le site s\u2019adresse \u00e0 un large public francophone et couvre l\u2019information tunisienne en temps r\u00e9el.","email":"redac@webdo.tn","legalName":"YNJ SARL","foundingDate":"2010-09-06","numberOfEmployees":{"@type":"QuantitativeValue","minValue":"11","maxValue":"50"}},{"@type":"Person","@id":"https:\/\/www.webdo.tn\/fr\/#\/schema\/person\/2c4929cbf5a809e3bd38617c6ce150f6","name":"MC","image":{"@type":"ImageObject","inLanguage":"fr-FR","@id":"https:\/\/secure.gravatar.com\/avatar\/a545bbb6f84efdd5553dbbc2895e3ca8f1d12c5215e00a041c9670b54aa9b18a?s=96&d=mm&r=g","url":"https:\/\/secure.gravatar.com\/avatar\/a545bbb6f84efdd5553dbbc2895e3ca8f1d12c5215e00a041c9670b54aa9b18a?s=96&d=mm&r=g","contentUrl":"https:\/\/secure.gravatar.com\/avatar\/a545bbb6f84efdd5553dbbc2895e3ca8f1d12c5215e00a041c9670b54aa9b18a?s=96&d=mm&r=g","caption":"MC"},"url":"https:\/\/www.webdo.tn\/fr\/actualite\/author\/mc\/"}]}},"_links":{"self":[{"href":"https:\/\/www.webdo.tn\/fr\/wp-json\/wp\/v2\/posts\/221454","targetHints":{"allow":["GET"]}}],"collection":[{"href":"https:\/\/www.webdo.tn\/fr\/wp-json\/wp\/v2\/posts"}],"about":[{"href":"https:\/\/www.webdo.tn\/fr\/wp-json\/wp\/v2\/types\/post"}],"author":[{"embeddable":true,"href":"https:\/\/www.webdo.tn\/fr\/wp-json\/wp\/v2\/users\/3162"}],"replies":[{"embeddable":true,"href":"https:\/\/www.webdo.tn\/fr\/wp-json\/wp\/v2\/comments?post=221454"}],"version-history":[{"count":0,"href":"https:\/\/www.webdo.tn\/fr\/wp-json\/wp\/v2\/posts\/221454\/revisions"}],"wp:featuredmedia":[{"embeddable":true,"href":"https:\/\/www.webdo.tn\/fr\/wp-json\/wp\/v2\/media\/292278"}],"wp:attachment":[{"href":"https:\/\/www.webdo.tn\/fr\/wp-json\/wp\/v2\/media?parent=221454"}],"wp:term":[{"taxonomy":"category","embeddable":true,"href":"https:\/\/www.webdo.tn\/fr\/wp-json\/wp\/v2\/categories?post=221454"},{"taxonomy":"post_tag","embeddable":true,"href":"https:\/\/www.webdo.tn\/fr\/wp-json\/wp\/v2\/tags?post=221454"}],"curies":[{"name":"wp","href":"https:\/\/api.w.org\/{rel}","templated":true}]}}