{"id":221450,"date":"2025-04-22T10:19:00","date_gmt":"2025-04-22T10:19:00","guid":{"rendered":"https:\/\/www.webdo.tn\/fr\/blog\/grand-retour-a-madrid-ons-jabeur-prete-a-reconquerir-la-terre-battue\/221450\/"},"modified":"2025-05-20T22:17:53","modified_gmt":"2025-05-20T22:17:53","slug":"grand-retour-a-madrid-ons-jabeur-prete-a-reconquerir-la-terre-battue","status":"publish","type":"post","link":"https:\/\/www.webdo.tn\/fr\/actualite\/sport\/grand-retour-a-madrid-ons-jabeur-prete-a-reconquerir-la-terre-battue\/221450\/","title":{"rendered":"Grand retour \u00e0 Madrid : Ons Jabeur pr\u00eate \u00e0 reconqu\u00e9rir la terre battue"},"content":{"rendered":"<p>Apr\u00e8s plusieurs semaines loin des courts, Ons Jabeur signe son grand retour \u00e0 la comp\u00e9tition cette semaine, \u00e0 l&rsquo;occasion du prestigieux tournoi WTA 1000 de Madrid. Un \u00e9v\u00e9nement qui lui tient particuli\u00e8rement \u00e0 c\u0153ur, puisqu\u2019elle y avait triomph\u00e9 en 2022.<\/p>\n<p>\t\t\t\t\t\t\t\t\tActuellement class\u00e9e 27e mondiale, la Tunisienne b\u00e9n\u00e9ficiera d\u2019un passage direct au deuxi\u00e8me tour. Elle y affrontera la gagnante du match de qualifications opposant la Japonaise Moyuka Uchijima (56e) \u00e0 l\u2019Am\u00e9ricaine Robin Montgomery (100e), une rencontre pr\u00e9vue ce mercredi.<\/p>\n<p>Jabeur n\u2019avait plus foul\u00e9 les courts depuis sa blessure \u00e0 la jambe gauche contract\u00e9e fin mars lors du tournoi de Miami. Elle avait d\u00fb abandonner son match face \u00e0 l\u2019Italienne Jasmine Paolini au troisi\u00e8me tour, puis renoncer \u00e0 participer au tournoi de Stuttgart pour se concentrer sur sa r\u00e9cup\u00e9ration.<\/p>\n<p>Le tournoi de Madrid, programm\u00e9 du 22 avril au 4 mai, se d\u00e9roule sur terre battue et constitue une \u00e9tape cl\u00e9 de la saison. Un cadre id\u00e9al pour qu&rsquo;Ons Jabeur relance sa saison et retrouve le chemin des sommets.<\/p>\n","protected":false},"excerpt":{"rendered":"<p>Ons Jabeur fait son retour sur les courts au tournoi WTA 1000 de Madrid apr\u00e8s une blessure. D\u00e9couvrez son parcours, ses adversaires potentiels et ses ambitions&#8230;<\/p>\n","protected":false},"author":3162,"featured_media":292275,"comment_status":"open","ping_status":"closed","sticky":false,"template":"","format":"standard","meta":{"footnotes":""},"categories":[2593],"tags":[4925,2949,2604,2605,7843],"class_list":["post-221450","post","type-post","status-publish","format-standard","has-post-thumbnail","hentry","category-sport","tag-blessure","tag-madrid","tag-ons-jabeur","tag-tennis","tag-tournoi"],"yoast_head":"<!-- This site is optimized with the Yoast SEO Premium plugin v27.5 (Yoast SEO v27.5) - https:\/\/yoast.com\/product\/yoast-seo-premium-wordpress\/ -->\n<title>Grand retour \u00e0 Madrid : Ons Jabeur pr\u00eate \u00e0 reconqu\u00e9rir la terre battue<\/title>\n<meta name=\"description\" content=\"Ons Jabeur fait son retour sur les courts au tournoi WTA 1000 de Madrid apr\u00e8s une blessure. D\u00e9couvrez son parcours, ses adversaires potentiels et ses ambitions...\" \/>\n<link rel=\"canonical\" href=\"https:\/\/www.webdo.tn\/fr\/actualite\/sport\/grand-retour-a-madrid-ons-jabeur-prete-a-reconquerir-la-terre-battue\/221450\/\" \/>\n<meta property=\"og:locale\" content=\"fr_FR\" \/>\n<meta property=\"og:type\" content=\"article\" \/>\n<meta property=\"og:title\" content=\"Grand retour \u00e0 Madrid : Ons Jabeur pr\u00eate \u00e0 reconqu\u00e9rir la terre battue\" \/>\n<meta property=\"og:description\" content=\"Ons Jabeur fait son retour sur les courts au tournoi WTA 1000 de Madrid apr\u00e8s une blessure. D\u00e9couvrez son parcours, ses adversaires potentiels et ses ambitions...\" \/>\n<meta property=\"og:url\" content=\"https:\/\/www.webdo.tn\/fr\/actualite\/sport\/grand-retour-a-madrid-ons-jabeur-prete-a-reconquerir-la-terre-battue\/221450\/\" \/>\n<meta property=\"og:site_name\" content=\"webdo\" \/>\n<meta property=\"article:publisher\" content=\"https:\/\/www.facebook.com\/webdotn\" \/>\n<meta property=\"article:published_time\" content=\"2025-04-22T10:19:00+00:00\" \/>\n<meta property=\"article:modified_time\" content=\"2025-05-20T22:17:53+00:00\" \/>\n<meta property=\"og:image\" content=\"https:\/\/www.webdo.tn\/fr\/wp-content\/uploads\/2025\/04\/e6e44d048e2ead7d4b6a82479c387046.webp\" \/>\n\t<meta property=\"og:image:width\" content=\"750\" \/>\n\t<meta property=\"og:image:height\" content=\"400\" \/>\n\t<meta property=\"og:image:type\" content=\"image\/webp\" \/>\n<meta name=\"author\" content=\"MC\" \/>\n<meta name=\"twitter:card\" content=\"summary_large_image\" \/>\n<meta name=\"twitter:creator\" content=\"@webdo_tn\" \/>\n<meta name=\"twitter:site\" content=\"@webdo_tn\" \/>\n<meta name=\"twitter:label1\" content=\"\u00c9crit par\" \/>\n\t<meta name=\"twitter:data1\" content=\"MC\" \/>\n\t<meta name=\"twitter:label2\" content=\"Dur\u00e9e de lecture estim\u00e9e\" \/>\n\t<meta name=\"twitter:data2\" content=\"1 minute\" \/>\n<script type=\"application\/ld+json\" class=\"yoast-schema-graph\">{\"@context\":\"https:\\\/\\\/schema.org\",\"@graph\":[{\"@type\":\"NewsArticle\",\"@id\":\"https:\\\/\\\/www.webdo.tn\\\/fr\\\/actualite\\\/sport\\\/grand-retour-a-madrid-ons-jabeur-prete-a-reconquerir-la-terre-battue\\\/221450\\\/#article\",\"isPartOf\":{\"@id\":\"https:\\\/\\\/www.webdo.tn\\\/fr\\\/actualite\\\/sport\\\/grand-retour-a-madrid-ons-jabeur-prete-a-reconquerir-la-terre-battue\\\/221450\\\/\"},\"author\":{\"name\":\"MC\",\"@id\":\"https:\\\/\\\/www.webdo.tn\\\/fr\\\/#\\\/schema\\\/person\\\/2c4929cbf5a809e3bd38617c6ce150f6\"},\"headline\":\"Grand retour \u00e0 Madrid : Ons Jabeur pr\u00eate \u00e0 reconqu\u00e9rir la terre battue\",\"datePublished\":\"2025-04-22T10:19:00+00:00\",\"dateModified\":\"2025-05-20T22:17:53+00:00\",\"mainEntityOfPage\":{\"@id\":\"https:\\\/\\\/www.webdo.tn\\\/fr\\\/actualite\\\/sport\\\/grand-retour-a-madrid-ons-jabeur-prete-a-reconquerir-la-terre-battue\\\/221450\\\/\"},\"wordCount\":191,\"commentCount\":0,\"publisher\":{\"@id\":\"https:\\\/\\\/www.webdo.tn\\\/fr\\\/#organization\"},\"image\":{\"@id\":\"https:\\\/\\\/www.webdo.tn\\\/fr\\\/actualite\\\/sport\\\/grand-retour-a-madrid-ons-jabeur-prete-a-reconquerir-la-terre-battue\\\/221450\\\/#primaryimage\"},\"thumbnailUrl\":\"https:\\\/\\\/www.webdo.tn\\\/fr\\\/wp-content\\\/uploads\\\/2025\\\/04\\\/e6e44d048e2ead7d4b6a82479c387046.webp\",\"keywords\":[\"blessure\",\"Madrid\",\"Ons Jabeur\",\"tennis\",\"tournoi\"],\"articleSection\":[\"Sport\"],\"inLanguage\":\"fr-FR\"},{\"@type\":\"WebPage\",\"@id\":\"https:\\\/\\\/www.webdo.tn\\\/fr\\\/actualite\\\/sport\\\/grand-retour-a-madrid-ons-jabeur-prete-a-reconquerir-la-terre-battue\\\/221450\\\/\",\"url\":\"https:\\\/\\\/www.webdo.tn\\\/fr\\\/actualite\\\/sport\\\/grand-retour-a-madrid-ons-jabeur-prete-a-reconquerir-la-terre-battue\\\/221450\\\/\",\"name\":\"Grand retour \u00e0 Madrid : Ons Jabeur pr\u00eate \u00e0 reconqu\u00e9rir la terre battue\",\"isPartOf\":{\"@id\":\"https:\\\/\\\/www.webdo.tn\\\/fr\\\/#website\"},\"primaryImageOfPage\":{\"@id\":\"https:\\\/\\\/www.webdo.tn\\\/fr\\\/actualite\\\/sport\\\/grand-retour-a-madrid-ons-jabeur-prete-a-reconquerir-la-terre-battue\\\/221450\\\/#primaryimage\"},\"image\":{\"@id\":\"https:\\\/\\\/www.webdo.tn\\\/fr\\\/actualite\\\/sport\\\/grand-retour-a-madrid-ons-jabeur-prete-a-reconquerir-la-terre-battue\\\/221450\\\/#primaryimage\"},\"thumbnailUrl\":\"https:\\\/\\\/www.webdo.tn\\\/fr\\\/wp-content\\\/uploads\\\/2025\\\/04\\\/e6e44d048e2ead7d4b6a82479c387046.webp\",\"datePublished\":\"2025-04-22T10:19:00+00:00\",\"dateModified\":\"2025-05-20T22:17:53+00:00\",\"description\":\"Ons Jabeur fait son retour sur les courts au tournoi WTA 1000 de Madrid apr\u00e8s une blessure. D\u00e9couvrez son parcours, ses adversaires potentiels et ses ambitions...\",\"breadcrumb\":{\"@id\":\"https:\\\/\\\/www.webdo.tn\\\/fr\\\/actualite\\\/sport\\\/grand-retour-a-madrid-ons-jabeur-prete-a-reconquerir-la-terre-battue\\\/221450\\\/#breadcrumb\"},\"inLanguage\":\"fr-FR\",\"potentialAction\":[{\"@type\":\"ReadAction\",\"target\":[\"https:\\\/\\\/www.webdo.tn\\\/fr\\\/actualite\\\/sport\\\/grand-retour-a-madrid-ons-jabeur-prete-a-reconquerir-la-terre-battue\\\/221450\\\/\"]}]},{\"@type\":\"ImageObject\",\"inLanguage\":\"fr-FR\",\"@id\":\"https:\\\/\\\/www.webdo.tn\\\/fr\\\/actualite\\\/sport\\\/grand-retour-a-madrid-ons-jabeur-prete-a-reconquerir-la-terre-battue\\\/221450\\\/#primaryimage\",\"url\":\"https:\\\/\\\/www.webdo.tn\\\/fr\\\/wp-content\\\/uploads\\\/2025\\\/04\\\/e6e44d048e2ead7d4b6a82479c387046.webp\",\"contentUrl\":\"https:\\\/\\\/www.webdo.tn\\\/fr\\\/wp-content\\\/uploads\\\/2025\\\/04\\\/e6e44d048e2ead7d4b6a82479c387046.webp\",\"width\":750,\"height\":400,\"caption\":\"Grand retour \u00e0 Madrid : Ons Jabeur pr\u00eate \u00e0 reconqu\u00e9rir la terre battue\"},{\"@type\":\"BreadcrumbList\",\"@id\":\"https:\\\/\\\/www.webdo.tn\\\/fr\\\/actualite\\\/sport\\\/grand-retour-a-madrid-ons-jabeur-prete-a-reconquerir-la-terre-battue\\\/221450\\\/#breadcrumb\",\"itemListElement\":[{\"@type\":\"ListItem\",\"position\":1,\"name\":\"Accueil\",\"item\":\"https:\\\/\\\/www.webdo.tn\\\/fr\\\/\"},{\"@type\":\"ListItem\",\"position\":2,\"name\":\"Grand retour \u00e0 Madrid : Ons Jabeur pr\u00eate \u00e0 reconqu\u00e9rir la terre battue\"}]},{\"@type\":\"WebSite\",\"@id\":\"https:\\\/\\\/www.webdo.tn\\\/fr\\\/#website\",\"url\":\"https:\\\/\\\/www.webdo.tn\\\/fr\\\/\",\"name\":\"webdo\",\"description\":\"Tunisie - News en Tunisie et \u00e0 l&#039;international sur Webdo.tn\",\"publisher\":{\"@id\":\"https:\\\/\\\/www.webdo.tn\\\/fr\\\/#organization\"},\"potentialAction\":[{\"@type\":\"SearchAction\",\"target\":{\"@type\":\"EntryPoint\",\"urlTemplate\":\"https:\\\/\\\/www.webdo.tn\\\/fr\\\/?s={search_term_string}\"},\"query-input\":{\"@type\":\"PropertyValueSpecification\",\"valueRequired\":true,\"valueName\":\"search_term_string\"}}],\"inLanguage\":\"fr-FR\"},{\"@type\":\"Organization\",\"@id\":\"https:\\\/\\\/www.webdo.tn\\\/fr\\\/#organization\",\"name\":\"Webdo\",\"alternateName\":\"Webdo.tn\",\"url\":\"https:\\\/\\\/www.webdo.tn\\\/fr\\\/\",\"logo\":{\"@type\":\"ImageObject\",\"inLanguage\":\"fr-FR\",\"@id\":\"https:\\\/\\\/www.webdo.tn\\\/fr\\\/#\\\/schema\\\/logo\\\/image\\\/\",\"url\":\"https:\\\/\\\/www.webdo.tn\\\/fr\\\/wp-content\\\/uploads\\\/2025\\\/06\\\/Webdo-Tunisie_168377.jpg\",\"contentUrl\":\"https:\\\/\\\/www.webdo.tn\\\/fr\\\/wp-content\\\/uploads\\\/2025\\\/06\\\/Webdo-Tunisie_168377.jpg\",\"width\":301,\"height\":301,\"caption\":\"Webdo\"},\"image\":{\"@id\":\"https:\\\/\\\/www.webdo.tn\\\/fr\\\/#\\\/schema\\\/logo\\\/image\\\/\"},\"sameAs\":[\"https:\\\/\\\/www.facebook.com\\\/webdotn\",\"https:\\\/\\\/x.com\\\/webdo_tn\"],\"description\":\"Webdo est un m\u00e9dia num\u00e9rique tunisien fond\u00e9 en 2010, sp\u00e9cialis\u00e9 dans l\u2019actualit\u00e9 nationale et internationale, l\u2019\u00e9conomie, la soci\u00e9t\u00e9 et les analyses politiques. Le site s\u2019adresse \u00e0 un large public francophone et couvre l\u2019information tunisienne en temps r\u00e9el.\",\"email\":\"redac@webdo.tn\",\"legalName\":\"YNJ SARL\",\"foundingDate\":\"2010-09-06\",\"numberOfEmployees\":{\"@type\":\"QuantitativeValue\",\"minValue\":\"11\",\"maxValue\":\"50\"}},{\"@type\":\"Person\",\"@id\":\"https:\\\/\\\/www.webdo.tn\\\/fr\\\/#\\\/schema\\\/person\\\/2c4929cbf5a809e3bd38617c6ce150f6\",\"name\":\"MC\",\"image\":{\"@type\":\"ImageObject\",\"inLanguage\":\"fr-FR\",\"@id\":\"https:\\\/\\\/secure.gravatar.com\\\/avatar\\\/a545bbb6f84efdd5553dbbc2895e3ca8f1d12c5215e00a041c9670b54aa9b18a?s=96&d=mm&r=g\",\"url\":\"https:\\\/\\\/secure.gravatar.com\\\/avatar\\\/a545bbb6f84efdd5553dbbc2895e3ca8f1d12c5215e00a041c9670b54aa9b18a?s=96&d=mm&r=g\",\"contentUrl\":\"https:\\\/\\\/secure.gravatar.com\\\/avatar\\\/a545bbb6f84efdd5553dbbc2895e3ca8f1d12c5215e00a041c9670b54aa9b18a?s=96&d=mm&r=g\",\"caption\":\"MC\"},\"url\":\"https:\\\/\\\/www.webdo.tn\\\/fr\\\/actualite\\\/author\\\/mc\\\/\"}]}<\/script>\n<!-- \/ Yoast SEO Premium plugin. -->","yoast_head_json":{"title":"Grand retour \u00e0 Madrid : Ons Jabeur pr\u00eate \u00e0 reconqu\u00e9rir la terre battue","description":"Ons Jabeur fait son retour sur les courts au tournoi WTA 1000 de Madrid apr\u00e8s une blessure. D\u00e9couvrez son parcours, ses adversaires potentiels et ses ambitions...","canonical":"https:\/\/www.webdo.tn\/fr\/actualite\/sport\/grand-retour-a-madrid-ons-jabeur-prete-a-reconquerir-la-terre-battue\/221450\/","og_locale":"fr_FR","og_type":"article","og_title":"Grand retour \u00e0 Madrid : Ons Jabeur pr\u00eate \u00e0 reconqu\u00e9rir la terre battue","og_description":"Ons Jabeur fait son retour sur les courts au tournoi WTA 1000 de Madrid apr\u00e8s une blessure. D\u00e9couvrez son parcours, ses adversaires potentiels et ses ambitions...","og_url":"https:\/\/www.webdo.tn\/fr\/actualite\/sport\/grand-retour-a-madrid-ons-jabeur-prete-a-reconquerir-la-terre-battue\/221450\/","og_site_name":"webdo","article_publisher":"https:\/\/www.facebook.com\/webdotn","article_published_time":"2025-04-22T10:19:00+00:00","article_modified_time":"2025-05-20T22:17:53+00:00","og_image":[{"width":750,"height":400,"url":"https:\/\/www.webdo.tn\/fr\/wp-content\/uploads\/2025\/04\/e6e44d048e2ead7d4b6a82479c387046.webp","type":"image\/webp"}],"author":"MC","twitter_card":"summary_large_image","twitter_creator":"@webdo_tn","twitter_site":"@webdo_tn","twitter_misc":{"\u00c9crit par":"MC","Dur\u00e9e de lecture estim\u00e9e":"1 minute"},"schema":{"@context":"https:\/\/schema.org","@graph":[{"@type":"NewsArticle","@id":"https:\/\/www.webdo.tn\/fr\/actualite\/sport\/grand-retour-a-madrid-ons-jabeur-prete-a-reconquerir-la-terre-battue\/221450\/#article","isPartOf":{"@id":"https:\/\/www.webdo.tn\/fr\/actualite\/sport\/grand-retour-a-madrid-ons-jabeur-prete-a-reconquerir-la-terre-battue\/221450\/"},"author":{"name":"MC","@id":"https:\/\/www.webdo.tn\/fr\/#\/schema\/person\/2c4929cbf5a809e3bd38617c6ce150f6"},"headline":"Grand retour \u00e0 Madrid : Ons Jabeur pr\u00eate \u00e0 reconqu\u00e9rir la terre battue","datePublished":"2025-04-22T10:19:00+00:00","dateModified":"2025-05-20T22:17:53+00:00","mainEntityOfPage":{"@id":"https:\/\/www.webdo.tn\/fr\/actualite\/sport\/grand-retour-a-madrid-ons-jabeur-prete-a-reconquerir-la-terre-battue\/221450\/"},"wordCount":191,"commentCount":0,"publisher":{"@id":"https:\/\/www.webdo.tn\/fr\/#organization"},"image":{"@id":"https:\/\/www.webdo.tn\/fr\/actualite\/sport\/grand-retour-a-madrid-ons-jabeur-prete-a-reconquerir-la-terre-battue\/221450\/#primaryimage"},"thumbnailUrl":"https:\/\/www.webdo.tn\/fr\/wp-content\/uploads\/2025\/04\/e6e44d048e2ead7d4b6a82479c387046.webp","keywords":["blessure","Madrid","Ons Jabeur","tennis","tournoi"],"articleSection":["Sport"],"inLanguage":"fr-FR"},{"@type":"WebPage","@id":"https:\/\/www.webdo.tn\/fr\/actualite\/sport\/grand-retour-a-madrid-ons-jabeur-prete-a-reconquerir-la-terre-battue\/221450\/","url":"https:\/\/www.webdo.tn\/fr\/actualite\/sport\/grand-retour-a-madrid-ons-jabeur-prete-a-reconquerir-la-terre-battue\/221450\/","name":"Grand retour \u00e0 Madrid : Ons Jabeur pr\u00eate \u00e0 reconqu\u00e9rir la terre battue","isPartOf":{"@id":"https:\/\/www.webdo.tn\/fr\/#website"},"primaryImageOfPage":{"@id":"https:\/\/www.webdo.tn\/fr\/actualite\/sport\/grand-retour-a-madrid-ons-jabeur-prete-a-reconquerir-la-terre-battue\/221450\/#primaryimage"},"image":{"@id":"https:\/\/www.webdo.tn\/fr\/actualite\/sport\/grand-retour-a-madrid-ons-jabeur-prete-a-reconquerir-la-terre-battue\/221450\/#primaryimage"},"thumbnailUrl":"https:\/\/www.webdo.tn\/fr\/wp-content\/uploads\/2025\/04\/e6e44d048e2ead7d4b6a82479c387046.webp","datePublished":"2025-04-22T10:19:00+00:00","dateModified":"2025-05-20T22:17:53+00:00","description":"Ons Jabeur fait son retour sur les courts au tournoi WTA 1000 de Madrid apr\u00e8s une blessure. D\u00e9couvrez son parcours, ses adversaires potentiels et ses ambitions...","breadcrumb":{"@id":"https:\/\/www.webdo.tn\/fr\/actualite\/sport\/grand-retour-a-madrid-ons-jabeur-prete-a-reconquerir-la-terre-battue\/221450\/#breadcrumb"},"inLanguage":"fr-FR","potentialAction":[{"@type":"ReadAction","target":["https:\/\/www.webdo.tn\/fr\/actualite\/sport\/grand-retour-a-madrid-ons-jabeur-prete-a-reconquerir-la-terre-battue\/221450\/"]}]},{"@type":"ImageObject","inLanguage":"fr-FR","@id":"https:\/\/www.webdo.tn\/fr\/actualite\/sport\/grand-retour-a-madrid-ons-jabeur-prete-a-reconquerir-la-terre-battue\/221450\/#primaryimage","url":"https:\/\/www.webdo.tn\/fr\/wp-content\/uploads\/2025\/04\/e6e44d048e2ead7d4b6a82479c387046.webp","contentUrl":"https:\/\/www.webdo.tn\/fr\/wp-content\/uploads\/2025\/04\/e6e44d048e2ead7d4b6a82479c387046.webp","width":750,"height":400,"caption":"Grand retour \u00e0 Madrid : Ons Jabeur pr\u00eate \u00e0 reconqu\u00e9rir la terre battue"},{"@type":"BreadcrumbList","@id":"https:\/\/www.webdo.tn\/fr\/actualite\/sport\/grand-retour-a-madrid-ons-jabeur-prete-a-reconquerir-la-terre-battue\/221450\/#breadcrumb","itemListElement":[{"@type":"ListItem","position":1,"name":"Accueil","item":"https:\/\/www.webdo.tn\/fr\/"},{"@type":"ListItem","position":2,"name":"Grand retour \u00e0 Madrid : Ons Jabeur pr\u00eate \u00e0 reconqu\u00e9rir la terre battue"}]},{"@type":"WebSite","@id":"https:\/\/www.webdo.tn\/fr\/#website","url":"https:\/\/www.webdo.tn\/fr\/","name":"webdo","description":"Tunisie - News en Tunisie et \u00e0 l&#039;international sur Webdo.tn","publisher":{"@id":"https:\/\/www.webdo.tn\/fr\/#organization"},"potentialAction":[{"@type":"SearchAction","target":{"@type":"EntryPoint","urlTemplate":"https:\/\/www.webdo.tn\/fr\/?s={search_term_string}"},"query-input":{"@type":"PropertyValueSpecification","valueRequired":true,"valueName":"search_term_string"}}],"inLanguage":"fr-FR"},{"@type":"Organization","@id":"https:\/\/www.webdo.tn\/fr\/#organization","name":"Webdo","alternateName":"Webdo.tn","url":"https:\/\/www.webdo.tn\/fr\/","logo":{"@type":"ImageObject","inLanguage":"fr-FR","@id":"https:\/\/www.webdo.tn\/fr\/#\/schema\/logo\/image\/","url":"https:\/\/www.webdo.tn\/fr\/wp-content\/uploads\/2025\/06\/Webdo-Tunisie_168377.jpg","contentUrl":"https:\/\/www.webdo.tn\/fr\/wp-content\/uploads\/2025\/06\/Webdo-Tunisie_168377.jpg","width":301,"height":301,"caption":"Webdo"},"image":{"@id":"https:\/\/www.webdo.tn\/fr\/#\/schema\/logo\/image\/"},"sameAs":["https:\/\/www.facebook.com\/webdotn","https:\/\/x.com\/webdo_tn"],"description":"Webdo est un m\u00e9dia num\u00e9rique tunisien fond\u00e9 en 2010, sp\u00e9cialis\u00e9 dans l\u2019actualit\u00e9 nationale et internationale, l\u2019\u00e9conomie, la soci\u00e9t\u00e9 et les analyses politiques. Le site s\u2019adresse \u00e0 un large public francophone et couvre l\u2019information tunisienne en temps r\u00e9el.","email":"redac@webdo.tn","legalName":"YNJ SARL","foundingDate":"2010-09-06","numberOfEmployees":{"@type":"QuantitativeValue","minValue":"11","maxValue":"50"}},{"@type":"Person","@id":"https:\/\/www.webdo.tn\/fr\/#\/schema\/person\/2c4929cbf5a809e3bd38617c6ce150f6","name":"MC","image":{"@type":"ImageObject","inLanguage":"fr-FR","@id":"https:\/\/secure.gravatar.com\/avatar\/a545bbb6f84efdd5553dbbc2895e3ca8f1d12c5215e00a041c9670b54aa9b18a?s=96&d=mm&r=g","url":"https:\/\/secure.gravatar.com\/avatar\/a545bbb6f84efdd5553dbbc2895e3ca8f1d12c5215e00a041c9670b54aa9b18a?s=96&d=mm&r=g","contentUrl":"https:\/\/secure.gravatar.com\/avatar\/a545bbb6f84efdd5553dbbc2895e3ca8f1d12c5215e00a041c9670b54aa9b18a?s=96&d=mm&r=g","caption":"MC"},"url":"https:\/\/www.webdo.tn\/fr\/actualite\/author\/mc\/"}]}},"_links":{"self":[{"href":"https:\/\/www.webdo.tn\/fr\/wp-json\/wp\/v2\/posts\/221450","targetHints":{"allow":["GET"]}}],"collection":[{"href":"https:\/\/www.webdo.tn\/fr\/wp-json\/wp\/v2\/posts"}],"about":[{"href":"https:\/\/www.webdo.tn\/fr\/wp-json\/wp\/v2\/types\/post"}],"author":[{"embeddable":true,"href":"https:\/\/www.webdo.tn\/fr\/wp-json\/wp\/v2\/users\/3162"}],"replies":[{"embeddable":true,"href":"https:\/\/www.webdo.tn\/fr\/wp-json\/wp\/v2\/comments?post=221450"}],"version-history":[{"count":0,"href":"https:\/\/www.webdo.tn\/fr\/wp-json\/wp\/v2\/posts\/221450\/revisions"}],"wp:featuredmedia":[{"embeddable":true,"href":"https:\/\/www.webdo.tn\/fr\/wp-json\/wp\/v2\/media\/292275"}],"wp:attachment":[{"href":"https:\/\/www.webdo.tn\/fr\/wp-json\/wp\/v2\/media?parent=221450"}],"wp:term":[{"taxonomy":"category","embeddable":true,"href":"https:\/\/www.webdo.tn\/fr\/wp-json\/wp\/v2\/categories?post=221450"},{"taxonomy":"post_tag","embeddable":true,"href":"https:\/\/www.webdo.tn\/fr\/wp-json\/wp\/v2\/tags?post=221450"}],"curies":[{"name":"wp","href":"https:\/\/api.w.org\/{rel}","templated":true}]}}