{"id":221399,"date":"2025-04-20T09:30:00","date_gmt":"2025-04-20T09:30:00","guid":{"rendered":"https:\/\/www.webdo.tn\/fr\/blog\/2025\/04\/20\/sante-en-tunisie-premiere-greffe-de-cornee-ultrafine-mais-des-defis-subsistent\/"},"modified":"2025-05-17T20:06:07","modified_gmt":"2025-05-17T20:06:07","slug":"sante-en-tunisie-premiere-greffe-de-cornee-ultrafine-mais-des-defis-subsistent","status":"publish","type":"post","link":"https:\/\/www.webdo.tn\/fr\/actualite\/national\/sante-en-tunisie-premiere-greffe-de-cornee-ultrafine-mais-des-defis-subsistent\/221399\/","title":{"rendered":"Sant\u00e9 en Tunisie : premi\u00e8re greffe de corn\u00e9e ultrafine, mais des d\u00e9fis subsistent"},"content":{"rendered":"<p>Le Minist\u00e8re de la Sant\u00e9 a annonc\u00e9, le 19 avril 2025, sur sa page Facebook une premi\u00e8re en Tunisie : une greffe de corn\u00e9e de haute pr\u00e9cision r\u00e9alis\u00e9e \u00e0 l&rsquo;h\u00f4pital Charles Nicolle.<\/p>\n<p>\t\t\t\t\t\t\t\t\tCette avanc\u00e9e majeure, rendue possible gr\u00e2ce \u00e0 une technologie de pointe, la \u00ab\u00a0R\u00e9plication de la corn\u00e9e ultrafine\u00a0\u00bb, marque un tournant dans le traitement des pathologies de la corn\u00e9e en Tunisie. Cependant, des critiques persistent concernant l&rsquo;\u00e9tat des h\u00f4pitaux publics.<\/p>\n<p>La greffe a \u00e9t\u00e9 r\u00e9alis\u00e9e par une \u00e9quipe enti\u00e8rement tunisienne, utilisant des \u00e9quipements modernes tels que le microk\u00e9ratome, qui permet une pr\u00e9cision extr\u00eame dans la coupe de la corn\u00e9e. Ce succ\u00e8s r\u00e9duit la d\u00e9pendance aux corn\u00e9es import\u00e9es, acc\u00e9l\u00e8re les traitements et diminue les d\u00e9lais d&rsquo;attente pour les patients, repr\u00e9sentant ainsi un progr\u00e8s important pour le secteur public.<\/p>\n<p>Malgr\u00e9 cette avanc\u00e9e, les h\u00f4pitaux tunisiens continuent de faire face \u00e0 des d\u00e9fis majeurs. Bien que la m\u00e9decine en Tunisie fasse des progr\u00e8s remarquables, les h\u00f4pitaux publics restent sous pression, avec des conditions de travail et de soins loin d\u2019\u00eatre id\u00e9ales. Les patients doivent parfois se munir de leurs propres fournitures, ce qui suscite des critiques r\u00e9guli\u00e8res du syst\u00e8me de sant\u00e9.<\/p>\n<p>Cependant, des initiatives r\u00e9centes montrent une volont\u00e9 de changement. Le minist\u00e8re de la Sant\u00e9 a annonc\u00e9, la semaine derni\u00e8re, l\u2019installation d\u2019\u00e9quipements modernes dans les h\u00f4pitaux de Nabeul, ainsi que le lancement de projets similaires \u00e0 Gab\u00e8s et K\u00e9bili.<br \/>\n\u00ab\u00a0Ces efforts visent \u00e0 am\u00e9liorer l&rsquo;acc\u00e8s aux soins et \u00e0 moderniser les infrastructures, conform\u00e9ment aux directives du pr\u00e9sident de la R\u00e9publique\u00a0\u00bb, pr\u00e9cise le minist\u00e8re. En particulier, le programme \u00ab\u00a0Sant\u00e9 Aziza\u00a0\u00bb a permis d\u2019introduire des \u00e9quipements de pointe et d\u2019am\u00e9liorer les services dans des r\u00e9gions comme K\u00e9bili, avec des mises \u00e0 jour significatives dans les h\u00f4pitaux locaux et une meilleure accessibilit\u00e9 des soins sp\u00e9cialis\u00e9s.<\/p>\n<p>Les meilleures am\u00e9liorations incluent :<\/p>\n<p>\tActivation des salles d&rsquo;op\u00e9ration et des cliniques nutritionnelles \u00e0 l&rsquo;h\u00f4pital r\u00e9gional, soutenues par 8 m\u00e9decins sp\u00e9cialis\u00e9s et des \u00e9quipements avanc\u00e9s (scies, \u00e9cho, holter, audit auditif).<br \/>\n\tOuverture de cliniques d&rsquo;ophtalmologie et de cardiologie dans les centres m\u00e9dicaux \u00e0 Blidat, El Faouar, Souk de Douz.<br \/>\n\tMise en service de l\u2019analyseur \u00e0 Blidat et connexion du syst\u00e8me SantLab au Souk de Douz.<br \/>\n\tPr\u00e9paration de projets d&rsquo;extension pour l&rsquo;h\u00f4pital de Douz et \u00e9quipement de l&rsquo;\u00e9cole des sciences infirmi\u00e8res avec des simulateurs pour la formation avanc\u00e9e.<br \/>\n\tSoutien \u00e0 l&rsquo;analyse des stocks de sucre dans plusieurs r\u00e9gions.<\/p>\n","protected":false},"excerpt":{"rendered":"<p>La Tunisie r\u00e9alise sa premi\u00e8re greffe de corn\u00e9e ultrafine \u00e0 l&rsquo;h\u00f4pital Charles Nicolle. De nouvelles initiatives, telles que des cliniques et \u00e9quipements moderne&#8230;<\/p>\n","protected":false},"author":3203,"featured_media":241036,"comment_status":"open","ping_status":"open","sticky":false,"template":"","format":"standard","meta":{"footnotes":""},"categories":[44],"tags":[3078,3081,3080,3079],"class_list":["post-221399","post","type-post","status-publish","format-standard","has-post-thumbnail","hentry","category-national","tag-charles-nicolle","tag-chirurgie-ophtalmologique","tag-greffe-cornee","tag-sante-tunisie"],"yoast_head":"<!-- This site is optimized with the Yoast SEO Premium plugin v27.5 (Yoast SEO v27.5) - https:\/\/yoast.com\/product\/yoast-seo-premium-wordpress\/ -->\n<title>Sant\u00e9 en Tunisie : premi\u00e8re greffe de corn\u00e9e ultrafine, mais des d\u00e9fis subsistent<\/title>\n<meta name=\"description\" content=\"La Tunisie r\u00e9alise sa premi\u00e8re greffe de corn\u00e9e ultrafine \u00e0 l&#039;h\u00f4pital Charles Nicolle. De nouvelles initiatives, telles que des cliniques et \u00e9quipements moderne...\" \/>\n<link rel=\"canonical\" href=\"https:\/\/www.webdo.tn\/fr\/actualite\/national\/sante-en-tunisie-premiere-greffe-de-cornee-ultrafine-mais-des-defis-subsistent\/221399\/\" \/>\n<meta property=\"og:locale\" content=\"fr_FR\" \/>\n<meta property=\"og:type\" content=\"article\" \/>\n<meta property=\"og:title\" content=\"Sant\u00e9 en Tunisie : premi\u00e8re greffe de corn\u00e9e ultrafine, mais des d\u00e9fis subsistent\" \/>\n<meta property=\"og:description\" content=\"La Tunisie r\u00e9alise sa premi\u00e8re greffe de corn\u00e9e ultrafine \u00e0 l&#039;h\u00f4pital Charles Nicolle. De nouvelles initiatives, telles que des cliniques et \u00e9quipements moderne...\" \/>\n<meta property=\"og:url\" content=\"https:\/\/www.webdo.tn\/fr\/actualite\/national\/sante-en-tunisie-premiere-greffe-de-cornee-ultrafine-mais-des-defis-subsistent\/221399\/\" \/>\n<meta property=\"og:site_name\" content=\"webdo\" \/>\n<meta property=\"article:publisher\" content=\"https:\/\/www.facebook.com\/webdotn\" \/>\n<meta property=\"article:published_time\" content=\"2025-04-20T09:30:00+00:00\" \/>\n<meta property=\"article:modified_time\" content=\"2025-05-17T20:06:07+00:00\" \/>\n<meta property=\"og:image\" content=\"https:\/\/www.webdo.tn\/fr\/wp-content\/uploads\/2025\/05\/aec6a887a47d81ed958e43eead8f385e-3.webp\" \/>\n\t<meta property=\"og:image:width\" content=\"750\" \/>\n\t<meta property=\"og:image:height\" content=\"400\" \/>\n\t<meta property=\"og:image:type\" content=\"image\/webp\" \/>\n<meta name=\"author\" content=\"Ramzi Haddad\" \/>\n<meta name=\"twitter:card\" content=\"summary_large_image\" \/>\n<meta name=\"twitter:creator\" content=\"@webdo_tn\" \/>\n<meta name=\"twitter:site\" content=\"@webdo_tn\" \/>\n<meta name=\"twitter:label1\" content=\"\u00c9crit par\" \/>\n\t<meta name=\"twitter:data1\" content=\"Ramzi Haddad\" \/>\n\t<meta name=\"twitter:label2\" content=\"Dur\u00e9e de lecture estim\u00e9e\" \/>\n\t<meta name=\"twitter:data2\" content=\"2 minutes\" \/>\n<script type=\"application\/ld+json\" class=\"yoast-schema-graph\">{\"@context\":\"https:\\\/\\\/schema.org\",\"@graph\":[{\"@type\":\"NewsArticle\",\"@id\":\"https:\\\/\\\/www.webdo.tn\\\/fr\\\/actualite\\\/national\\\/sante-en-tunisie-premiere-greffe-de-cornee-ultrafine-mais-des-defis-subsistent\\\/221399\\\/#article\",\"isPartOf\":{\"@id\":\"https:\\\/\\\/www.webdo.tn\\\/fr\\\/actualite\\\/national\\\/sante-en-tunisie-premiere-greffe-de-cornee-ultrafine-mais-des-defis-subsistent\\\/221399\\\/\"},\"author\":{\"name\":\"Ramzi Haddad\",\"@id\":\"https:\\\/\\\/www.webdo.tn\\\/fr\\\/#\\\/schema\\\/person\\\/5663044c25eb36d8f88ba5b653f12f8c\"},\"headline\":\"Sant\u00e9 en Tunisie : premi\u00e8re greffe de corn\u00e9e ultrafine, mais des d\u00e9fis subsistent\",\"datePublished\":\"2025-04-20T09:30:00+00:00\",\"dateModified\":\"2025-05-17T20:06:07+00:00\",\"mainEntityOfPage\":{\"@id\":\"https:\\\/\\\/www.webdo.tn\\\/fr\\\/actualite\\\/national\\\/sante-en-tunisie-premiere-greffe-de-cornee-ultrafine-mais-des-defis-subsistent\\\/221399\\\/\"},\"wordCount\":476,\"commentCount\":0,\"publisher\":{\"@id\":\"https:\\\/\\\/www.webdo.tn\\\/fr\\\/#organization\"},\"image\":{\"@id\":\"https:\\\/\\\/www.webdo.tn\\\/fr\\\/actualite\\\/national\\\/sante-en-tunisie-premiere-greffe-de-cornee-ultrafine-mais-des-defis-subsistent\\\/221399\\\/#primaryimage\"},\"thumbnailUrl\":\"https:\\\/\\\/www.webdo.tn\\\/fr\\\/wp-content\\\/uploads\\\/2025\\\/05\\\/aec6a887a47d81ed958e43eead8f385e-3.webp\",\"keywords\":[\"Charles Nicolle\",\"Chirurgie Ophtalmologique\",\"Greffe Corn\u00e9e\",\"Sant\u00e9 Tunisie\"],\"articleSection\":[\"National\"],\"inLanguage\":\"fr-FR\"},{\"@type\":\"WebPage\",\"@id\":\"https:\\\/\\\/www.webdo.tn\\\/fr\\\/actualite\\\/national\\\/sante-en-tunisie-premiere-greffe-de-cornee-ultrafine-mais-des-defis-subsistent\\\/221399\\\/\",\"url\":\"https:\\\/\\\/www.webdo.tn\\\/fr\\\/actualite\\\/national\\\/sante-en-tunisie-premiere-greffe-de-cornee-ultrafine-mais-des-defis-subsistent\\\/221399\\\/\",\"name\":\"Sant\u00e9 en Tunisie : premi\u00e8re greffe de corn\u00e9e ultrafine, mais des d\u00e9fis subsistent\",\"isPartOf\":{\"@id\":\"https:\\\/\\\/www.webdo.tn\\\/fr\\\/#website\"},\"primaryImageOfPage\":{\"@id\":\"https:\\\/\\\/www.webdo.tn\\\/fr\\\/actualite\\\/national\\\/sante-en-tunisie-premiere-greffe-de-cornee-ultrafine-mais-des-defis-subsistent\\\/221399\\\/#primaryimage\"},\"image\":{\"@id\":\"https:\\\/\\\/www.webdo.tn\\\/fr\\\/actualite\\\/national\\\/sante-en-tunisie-premiere-greffe-de-cornee-ultrafine-mais-des-defis-subsistent\\\/221399\\\/#primaryimage\"},\"thumbnailUrl\":\"https:\\\/\\\/www.webdo.tn\\\/fr\\\/wp-content\\\/uploads\\\/2025\\\/05\\\/aec6a887a47d81ed958e43eead8f385e-3.webp\",\"datePublished\":\"2025-04-20T09:30:00+00:00\",\"dateModified\":\"2025-05-17T20:06:07+00:00\",\"description\":\"La Tunisie r\u00e9alise sa premi\u00e8re greffe de corn\u00e9e ultrafine \u00e0 l'h\u00f4pital Charles Nicolle. De nouvelles initiatives, telles que des cliniques et \u00e9quipements moderne...\",\"breadcrumb\":{\"@id\":\"https:\\\/\\\/www.webdo.tn\\\/fr\\\/actualite\\\/national\\\/sante-en-tunisie-premiere-greffe-de-cornee-ultrafine-mais-des-defis-subsistent\\\/221399\\\/#breadcrumb\"},\"inLanguage\":\"fr-FR\",\"potentialAction\":[{\"@type\":\"ReadAction\",\"target\":[\"https:\\\/\\\/www.webdo.tn\\\/fr\\\/actualite\\\/national\\\/sante-en-tunisie-premiere-greffe-de-cornee-ultrafine-mais-des-defis-subsistent\\\/221399\\\/\"]}]},{\"@type\":\"ImageObject\",\"inLanguage\":\"fr-FR\",\"@id\":\"https:\\\/\\\/www.webdo.tn\\\/fr\\\/actualite\\\/national\\\/sante-en-tunisie-premiere-greffe-de-cornee-ultrafine-mais-des-defis-subsistent\\\/221399\\\/#primaryimage\",\"url\":\"https:\\\/\\\/www.webdo.tn\\\/fr\\\/wp-content\\\/uploads\\\/2025\\\/05\\\/aec6a887a47d81ed958e43eead8f385e-3.webp\",\"contentUrl\":\"https:\\\/\\\/www.webdo.tn\\\/fr\\\/wp-content\\\/uploads\\\/2025\\\/05\\\/aec6a887a47d81ed958e43eead8f385e-3.webp\",\"width\":750,\"height\":400},{\"@type\":\"BreadcrumbList\",\"@id\":\"https:\\\/\\\/www.webdo.tn\\\/fr\\\/actualite\\\/national\\\/sante-en-tunisie-premiere-greffe-de-cornee-ultrafine-mais-des-defis-subsistent\\\/221399\\\/#breadcrumb\",\"itemListElement\":[{\"@type\":\"ListItem\",\"position\":1,\"name\":\"Accueil\",\"item\":\"https:\\\/\\\/www.webdo.tn\\\/fr\\\/\"},{\"@type\":\"ListItem\",\"position\":2,\"name\":\"Sant\u00e9 en Tunisie : premi\u00e8re greffe de corn\u00e9e ultrafine, mais des d\u00e9fis subsistent\"}]},{\"@type\":\"WebSite\",\"@id\":\"https:\\\/\\\/www.webdo.tn\\\/fr\\\/#website\",\"url\":\"https:\\\/\\\/www.webdo.tn\\\/fr\\\/\",\"name\":\"webdo\",\"description\":\"Tunisie - News en Tunisie et \u00e0 l&#039;international sur Webdo.tn\",\"publisher\":{\"@id\":\"https:\\\/\\\/www.webdo.tn\\\/fr\\\/#organization\"},\"potentialAction\":[{\"@type\":\"SearchAction\",\"target\":{\"@type\":\"EntryPoint\",\"urlTemplate\":\"https:\\\/\\\/www.webdo.tn\\\/fr\\\/?s={search_term_string}\"},\"query-input\":{\"@type\":\"PropertyValueSpecification\",\"valueRequired\":true,\"valueName\":\"search_term_string\"}}],\"inLanguage\":\"fr-FR\"},{\"@type\":\"Organization\",\"@id\":\"https:\\\/\\\/www.webdo.tn\\\/fr\\\/#organization\",\"name\":\"Webdo\",\"alternateName\":\"Webdo.tn\",\"url\":\"https:\\\/\\\/www.webdo.tn\\\/fr\\\/\",\"logo\":{\"@type\":\"ImageObject\",\"inLanguage\":\"fr-FR\",\"@id\":\"https:\\\/\\\/www.webdo.tn\\\/fr\\\/#\\\/schema\\\/logo\\\/image\\\/\",\"url\":\"https:\\\/\\\/www.webdo.tn\\\/fr\\\/wp-content\\\/uploads\\\/2025\\\/06\\\/Webdo-Tunisie_168377.jpg\",\"contentUrl\":\"https:\\\/\\\/www.webdo.tn\\\/fr\\\/wp-content\\\/uploads\\\/2025\\\/06\\\/Webdo-Tunisie_168377.jpg\",\"width\":301,\"height\":301,\"caption\":\"Webdo\"},\"image\":{\"@id\":\"https:\\\/\\\/www.webdo.tn\\\/fr\\\/#\\\/schema\\\/logo\\\/image\\\/\"},\"sameAs\":[\"https:\\\/\\\/www.facebook.com\\\/webdotn\",\"https:\\\/\\\/x.com\\\/webdo_tn\"],\"description\":\"Webdo est un m\u00e9dia num\u00e9rique tunisien fond\u00e9 en 2010, sp\u00e9cialis\u00e9 dans l\u2019actualit\u00e9 nationale et internationale, l\u2019\u00e9conomie, la soci\u00e9t\u00e9 et les analyses politiques. Le site s\u2019adresse \u00e0 un large public francophone et couvre l\u2019information tunisienne en temps r\u00e9el.\",\"email\":\"redac@webdo.tn\",\"legalName\":\"YNJ SARL\",\"foundingDate\":\"2010-09-06\",\"numberOfEmployees\":{\"@type\":\"QuantitativeValue\",\"minValue\":\"11\",\"maxValue\":\"50\"}},{\"@type\":\"Person\",\"@id\":\"https:\\\/\\\/www.webdo.tn\\\/fr\\\/#\\\/schema\\\/person\\\/5663044c25eb36d8f88ba5b653f12f8c\",\"name\":\"Ramzi Haddad\",\"image\":{\"@type\":\"ImageObject\",\"inLanguage\":\"fr-FR\",\"@id\":\"https:\\\/\\\/www.webdo.tn\\\/fr\\\/wp-content\\\/uploads\\\/2026\\\/04\\\/ramzi-haddad_avatar-96x96.jpg\",\"url\":\"https:\\\/\\\/www.webdo.tn\\\/fr\\\/wp-content\\\/uploads\\\/2026\\\/04\\\/ramzi-haddad_avatar-96x96.jpg\",\"contentUrl\":\"https:\\\/\\\/www.webdo.tn\\\/fr\\\/wp-content\\\/uploads\\\/2026\\\/04\\\/ramzi-haddad_avatar-96x96.jpg\",\"caption\":\"Ramzi Haddad\"},\"description\":\"Signature \u00e9ditoriale de Walid Ben Youssef Ramzi Haddad est le pseudonyme \u00e9ditorial de Walid Ben Youssef, fondateur et g\u00e9rant de Webdo.tn. Cette signature est d\u00e9di\u00e9e \u00e0 la couverture de l'actualit\u00e9 nationale et internationale, ainsi qu'aux analyses des dynamiques num\u00e9riques. Ce profil b\u00e9n\u00e9ficie de l'expertise de Walid Ben Youssef, pionnier du web en Tunisie depuis 2000 et dipl\u00f4m\u00e9 en Math\u00e9matiques pures de l'Universit\u00e9 d'Oregon. \u00c0 travers cette signature, la r\u00e9daction de Webdo garantit une information structur\u00e9e et v\u00e9rifi\u00e9e, fid\u00e8le aux standards journalistiques du m\u00e9dia.\",\"url\":\"https:\\\/\\\/www.webdo.tn\\\/fr\\\/actualite\\\/author\\\/ramzi-haddad\\\/\"}]}<\/script>\n<!-- \/ Yoast SEO Premium plugin. -->","yoast_head_json":{"title":"Sant\u00e9 en Tunisie : premi\u00e8re greffe de corn\u00e9e ultrafine, mais des d\u00e9fis subsistent","description":"La Tunisie r\u00e9alise sa premi\u00e8re greffe de corn\u00e9e ultrafine \u00e0 l'h\u00f4pital Charles Nicolle. De nouvelles initiatives, telles que des cliniques et \u00e9quipements moderne...","canonical":"https:\/\/www.webdo.tn\/fr\/actualite\/national\/sante-en-tunisie-premiere-greffe-de-cornee-ultrafine-mais-des-defis-subsistent\/221399\/","og_locale":"fr_FR","og_type":"article","og_title":"Sant\u00e9 en Tunisie : premi\u00e8re greffe de corn\u00e9e ultrafine, mais des d\u00e9fis subsistent","og_description":"La Tunisie r\u00e9alise sa premi\u00e8re greffe de corn\u00e9e ultrafine \u00e0 l'h\u00f4pital Charles Nicolle. De nouvelles initiatives, telles que des cliniques et \u00e9quipements moderne...","og_url":"https:\/\/www.webdo.tn\/fr\/actualite\/national\/sante-en-tunisie-premiere-greffe-de-cornee-ultrafine-mais-des-defis-subsistent\/221399\/","og_site_name":"webdo","article_publisher":"https:\/\/www.facebook.com\/webdotn","article_published_time":"2025-04-20T09:30:00+00:00","article_modified_time":"2025-05-17T20:06:07+00:00","og_image":[{"width":750,"height":400,"url":"https:\/\/www.webdo.tn\/fr\/wp-content\/uploads\/2025\/05\/aec6a887a47d81ed958e43eead8f385e-3.webp","type":"image\/webp"}],"author":"Ramzi Haddad","twitter_card":"summary_large_image","twitter_creator":"@webdo_tn","twitter_site":"@webdo_tn","twitter_misc":{"\u00c9crit par":"Ramzi Haddad","Dur\u00e9e de lecture estim\u00e9e":"2 minutes"},"schema":{"@context":"https:\/\/schema.org","@graph":[{"@type":"NewsArticle","@id":"https:\/\/www.webdo.tn\/fr\/actualite\/national\/sante-en-tunisie-premiere-greffe-de-cornee-ultrafine-mais-des-defis-subsistent\/221399\/#article","isPartOf":{"@id":"https:\/\/www.webdo.tn\/fr\/actualite\/national\/sante-en-tunisie-premiere-greffe-de-cornee-ultrafine-mais-des-defis-subsistent\/221399\/"},"author":{"name":"Ramzi Haddad","@id":"https:\/\/www.webdo.tn\/fr\/#\/schema\/person\/5663044c25eb36d8f88ba5b653f12f8c"},"headline":"Sant\u00e9 en Tunisie : premi\u00e8re greffe de corn\u00e9e ultrafine, mais des d\u00e9fis subsistent","datePublished":"2025-04-20T09:30:00+00:00","dateModified":"2025-05-17T20:06:07+00:00","mainEntityOfPage":{"@id":"https:\/\/www.webdo.tn\/fr\/actualite\/national\/sante-en-tunisie-premiere-greffe-de-cornee-ultrafine-mais-des-defis-subsistent\/221399\/"},"wordCount":476,"commentCount":0,"publisher":{"@id":"https:\/\/www.webdo.tn\/fr\/#organization"},"image":{"@id":"https:\/\/www.webdo.tn\/fr\/actualite\/national\/sante-en-tunisie-premiere-greffe-de-cornee-ultrafine-mais-des-defis-subsistent\/221399\/#primaryimage"},"thumbnailUrl":"https:\/\/www.webdo.tn\/fr\/wp-content\/uploads\/2025\/05\/aec6a887a47d81ed958e43eead8f385e-3.webp","keywords":["Charles Nicolle","Chirurgie Ophtalmologique","Greffe Corn\u00e9e","Sant\u00e9 Tunisie"],"articleSection":["National"],"inLanguage":"fr-FR"},{"@type":"WebPage","@id":"https:\/\/www.webdo.tn\/fr\/actualite\/national\/sante-en-tunisie-premiere-greffe-de-cornee-ultrafine-mais-des-defis-subsistent\/221399\/","url":"https:\/\/www.webdo.tn\/fr\/actualite\/national\/sante-en-tunisie-premiere-greffe-de-cornee-ultrafine-mais-des-defis-subsistent\/221399\/","name":"Sant\u00e9 en Tunisie : premi\u00e8re greffe de corn\u00e9e ultrafine, mais des d\u00e9fis subsistent","isPartOf":{"@id":"https:\/\/www.webdo.tn\/fr\/#website"},"primaryImageOfPage":{"@id":"https:\/\/www.webdo.tn\/fr\/actualite\/national\/sante-en-tunisie-premiere-greffe-de-cornee-ultrafine-mais-des-defis-subsistent\/221399\/#primaryimage"},"image":{"@id":"https:\/\/www.webdo.tn\/fr\/actualite\/national\/sante-en-tunisie-premiere-greffe-de-cornee-ultrafine-mais-des-defis-subsistent\/221399\/#primaryimage"},"thumbnailUrl":"https:\/\/www.webdo.tn\/fr\/wp-content\/uploads\/2025\/05\/aec6a887a47d81ed958e43eead8f385e-3.webp","datePublished":"2025-04-20T09:30:00+00:00","dateModified":"2025-05-17T20:06:07+00:00","description":"La Tunisie r\u00e9alise sa premi\u00e8re greffe de corn\u00e9e ultrafine \u00e0 l'h\u00f4pital Charles Nicolle. De nouvelles initiatives, telles que des cliniques et \u00e9quipements moderne...","breadcrumb":{"@id":"https:\/\/www.webdo.tn\/fr\/actualite\/national\/sante-en-tunisie-premiere-greffe-de-cornee-ultrafine-mais-des-defis-subsistent\/221399\/#breadcrumb"},"inLanguage":"fr-FR","potentialAction":[{"@type":"ReadAction","target":["https:\/\/www.webdo.tn\/fr\/actualite\/national\/sante-en-tunisie-premiere-greffe-de-cornee-ultrafine-mais-des-defis-subsistent\/221399\/"]}]},{"@type":"ImageObject","inLanguage":"fr-FR","@id":"https:\/\/www.webdo.tn\/fr\/actualite\/national\/sante-en-tunisie-premiere-greffe-de-cornee-ultrafine-mais-des-defis-subsistent\/221399\/#primaryimage","url":"https:\/\/www.webdo.tn\/fr\/wp-content\/uploads\/2025\/05\/aec6a887a47d81ed958e43eead8f385e-3.webp","contentUrl":"https:\/\/www.webdo.tn\/fr\/wp-content\/uploads\/2025\/05\/aec6a887a47d81ed958e43eead8f385e-3.webp","width":750,"height":400},{"@type":"BreadcrumbList","@id":"https:\/\/www.webdo.tn\/fr\/actualite\/national\/sante-en-tunisie-premiere-greffe-de-cornee-ultrafine-mais-des-defis-subsistent\/221399\/#breadcrumb","itemListElement":[{"@type":"ListItem","position":1,"name":"Accueil","item":"https:\/\/www.webdo.tn\/fr\/"},{"@type":"ListItem","position":2,"name":"Sant\u00e9 en Tunisie : premi\u00e8re greffe de corn\u00e9e ultrafine, mais des d\u00e9fis subsistent"}]},{"@type":"WebSite","@id":"https:\/\/www.webdo.tn\/fr\/#website","url":"https:\/\/www.webdo.tn\/fr\/","name":"webdo","description":"Tunisie - News en Tunisie et \u00e0 l&#039;international sur Webdo.tn","publisher":{"@id":"https:\/\/www.webdo.tn\/fr\/#organization"},"potentialAction":[{"@type":"SearchAction","target":{"@type":"EntryPoint","urlTemplate":"https:\/\/www.webdo.tn\/fr\/?s={search_term_string}"},"query-input":{"@type":"PropertyValueSpecification","valueRequired":true,"valueName":"search_term_string"}}],"inLanguage":"fr-FR"},{"@type":"Organization","@id":"https:\/\/www.webdo.tn\/fr\/#organization","name":"Webdo","alternateName":"Webdo.tn","url":"https:\/\/www.webdo.tn\/fr\/","logo":{"@type":"ImageObject","inLanguage":"fr-FR","@id":"https:\/\/www.webdo.tn\/fr\/#\/schema\/logo\/image\/","url":"https:\/\/www.webdo.tn\/fr\/wp-content\/uploads\/2025\/06\/Webdo-Tunisie_168377.jpg","contentUrl":"https:\/\/www.webdo.tn\/fr\/wp-content\/uploads\/2025\/06\/Webdo-Tunisie_168377.jpg","width":301,"height":301,"caption":"Webdo"},"image":{"@id":"https:\/\/www.webdo.tn\/fr\/#\/schema\/logo\/image\/"},"sameAs":["https:\/\/www.facebook.com\/webdotn","https:\/\/x.com\/webdo_tn"],"description":"Webdo est un m\u00e9dia num\u00e9rique tunisien fond\u00e9 en 2010, sp\u00e9cialis\u00e9 dans l\u2019actualit\u00e9 nationale et internationale, l\u2019\u00e9conomie, la soci\u00e9t\u00e9 et les analyses politiques. Le site s\u2019adresse \u00e0 un large public francophone et couvre l\u2019information tunisienne en temps r\u00e9el.","email":"redac@webdo.tn","legalName":"YNJ SARL","foundingDate":"2010-09-06","numberOfEmployees":{"@type":"QuantitativeValue","minValue":"11","maxValue":"50"}},{"@type":"Person","@id":"https:\/\/www.webdo.tn\/fr\/#\/schema\/person\/5663044c25eb36d8f88ba5b653f12f8c","name":"Ramzi Haddad","image":{"@type":"ImageObject","inLanguage":"fr-FR","@id":"https:\/\/www.webdo.tn\/fr\/wp-content\/uploads\/2026\/04\/ramzi-haddad_avatar-96x96.jpg","url":"https:\/\/www.webdo.tn\/fr\/wp-content\/uploads\/2026\/04\/ramzi-haddad_avatar-96x96.jpg","contentUrl":"https:\/\/www.webdo.tn\/fr\/wp-content\/uploads\/2026\/04\/ramzi-haddad_avatar-96x96.jpg","caption":"Ramzi Haddad"},"description":"Signature \u00e9ditoriale de Walid Ben Youssef Ramzi Haddad est le pseudonyme \u00e9ditorial de Walid Ben Youssef, fondateur et g\u00e9rant de Webdo.tn. Cette signature est d\u00e9di\u00e9e \u00e0 la couverture de l'actualit\u00e9 nationale et internationale, ainsi qu'aux analyses des dynamiques num\u00e9riques. Ce profil b\u00e9n\u00e9ficie de l'expertise de Walid Ben Youssef, pionnier du web en Tunisie depuis 2000 et dipl\u00f4m\u00e9 en Math\u00e9matiques pures de l'Universit\u00e9 d'Oregon. \u00c0 travers cette signature, la r\u00e9daction de Webdo garantit une information structur\u00e9e et v\u00e9rifi\u00e9e, fid\u00e8le aux standards journalistiques du m\u00e9dia.","url":"https:\/\/www.webdo.tn\/fr\/actualite\/author\/ramzi-haddad\/"}]}},"_links":{"self":[{"href":"https:\/\/www.webdo.tn\/fr\/wp-json\/wp\/v2\/posts\/221399","targetHints":{"allow":["GET"]}}],"collection":[{"href":"https:\/\/www.webdo.tn\/fr\/wp-json\/wp\/v2\/posts"}],"about":[{"href":"https:\/\/www.webdo.tn\/fr\/wp-json\/wp\/v2\/types\/post"}],"author":[{"embeddable":true,"href":"https:\/\/www.webdo.tn\/fr\/wp-json\/wp\/v2\/users\/3203"}],"replies":[{"embeddable":true,"href":"https:\/\/www.webdo.tn\/fr\/wp-json\/wp\/v2\/comments?post=221399"}],"version-history":[{"count":0,"href":"https:\/\/www.webdo.tn\/fr\/wp-json\/wp\/v2\/posts\/221399\/revisions"}],"wp:featuredmedia":[{"embeddable":true,"href":"https:\/\/www.webdo.tn\/fr\/wp-json\/wp\/v2\/media\/241036"}],"wp:attachment":[{"href":"https:\/\/www.webdo.tn\/fr\/wp-json\/wp\/v2\/media?parent=221399"}],"wp:term":[{"taxonomy":"category","embeddable":true,"href":"https:\/\/www.webdo.tn\/fr\/wp-json\/wp\/v2\/categories?post=221399"},{"taxonomy":"post_tag","embeddable":true,"href":"https:\/\/www.webdo.tn\/fr\/wp-json\/wp\/v2\/tags?post=221399"}],"curies":[{"name":"wp","href":"https:\/\/api.w.org\/{rel}","templated":true}]}}