{"id":221397,"date":"2025-04-19T19:29:00","date_gmt":"2025-04-19T19:29:00","guid":{"rendered":"https:\/\/www.webdo.tn\/fr\/blog\/2025\/04\/19\/tunisie-affaire-du-complot-la-liste-complete-des-37-condamnes-publiee-par-la-tap\/"},"modified":"2025-11-02T19:43:10","modified_gmt":"2025-11-02T18:43:10","slug":"tunisie-affaire-du-complot-la-liste-complete-des-37-condamnes-publiee-par-la-tap","status":"publish","type":"post","link":"https:\/\/www.webdo.tn\/fr\/actualite\/national\/tunisie-affaire-du-complot-la-liste-complete-des-37-condamnes-publiee-par-la-tap\/221397\/","title":{"rendered":"Tunisie \u2013 Affaire du complot : la liste compl\u00e8te des 37 condamn\u00e9s publi\u00e9e"},"content":{"rendered":"<p>L\u2019agence Tunis Afrique Presse (TAP) a rendu publique la liste des 37 personnes condamn\u00e9es dans le cadre de l\u2019affaire dite du \u201ccomplot contre la s\u00fbret\u00e9 de l\u2019\u00c9tat\u201d. Les peines, allant de 4 \u00e0 66 ans de prison, concernent aussi bien des figures politiques que des accus\u00e9s en fuite.<\/p>\n<p>\t\t\t\t\t\t\t\t\tPar ailleurs, trois accus\u00e9s ont \u00e9t\u00e9 radi\u00e9s du dossier, suite \u00e0 leur recours en cassation contre la d\u00e9cision de la chambre d\u2019accusation. Il s\u2019agit de :<\/p>\n<p>\tRiadh Khamis Ammar Cha\u00efbi (en libert\u00e9),<br \/>\n\tMohamed Kamel Hassouna Amara Jendoubi (en fuite),<br \/>\n\tNoureddine Hamed Belkacem Ben Ticha (en fuite).<\/p>\n<p>Les peines prononc\u00e9es sont les suivantes :<\/p>\n<p>En d\u00e9tention :<\/p>\n<p>\tKamel Leta\u00efef : 66 ans<br \/>\n\tKhayem Turki : 48 ans<br \/>\n\tNoureddine Bhiri : 43 ans<br \/>\n\tIssam Chebbi : 18 ans<br \/>\n\tJaouhar Ben Mbarek : 18 ans<br \/>\n\tGhazi Chaouachi : 18 ans<br \/>\n\tRidha Belhaj : 18 ans<br \/>\n\tAbdelhamid Jelassi : 13 ans<br \/>\n\tHattab Slama : 4 ans<br \/>\n\tRidha Charfeddine (d\u00e9tenu dans une autre affaire) : 16 ans<br \/>\n\tSahbi Atig (d\u00e9tenu dans une autre affaire) : 13 ans<br \/>\n\tMohamed Ferjani (d\u00e9tenu dans une autre affaire) : 13 ans<br \/>\n\tKamel Bachir Bedoui (d\u00e9tenu dans une autre affaire) : 13 ans<\/p>\n<p>En libert\u00e9 :<\/p>\n<p>\tAhmed N\u00e9jib Chebbi : 18 ans<br \/>\n\tChayma Issa : 18 ans<br \/>\n\tLazhar Akremi : 8 ans<br \/>\n\tChokri Ben Issa Bahri : 13 ans<br \/>\n\tAyachi Hammami : 8 ans<br \/>\n\tMohamed Mabrouk Hamdi : 13 ans<br \/>\n\tNoureddine Boutar : 10 ans<br \/>\n\tMohamed Bachir Bedoui : 13 ans<br \/>\n\tKarim Guellaty : 25 ans<\/p>\n<p>En fuite (avec ex\u00e9cution imm\u00e9diate) :<\/p>\n<p>\tAli Mahjoub Hlioui : 33 ans<br \/>\n\tHamza Ali Meddeb : 33 ans<br \/>\n\tMonji Salah El Arbi Dhawadi : 33 ans<br \/>\n\tKamel Sa\u00efd Ghezani : 33 ans<br \/>\n\tRidha Mohamed Driss : 33 ans<br \/>\n\tMustapha Kamel Nabli : 33 ans<br \/>\n\tKaouthar Amara Daassi : 33 ans<br \/>\n\tMohamed Raouf Khalfallah : 33 ans<br \/>\n\tAbdelmajid Zar : 33 ans<br \/>\n\tTasnime Khriji : 33 ans<br \/>\n\tNadia Akacha : 33 ans<br \/>\n\tRafik Abderrahmen Cha\u00e2bouni : 33 ans<br \/>\n\tNejla Khalifa Latif : 33 ans<br \/>\n\tBochra Belhaj Hmida : 33 ans<br \/>\n\tBernard-Henri L\u00e9vy : 33 ans<\/p>\n<p>Des chefs d\u2019inculpation lourds<\/p>\n<p>Les charges retenues \u00e0 l\u2019encontre des accus\u00e9s comprennent :<\/p>\n<p>\tcomplot contre la s\u00fbret\u00e9 int\u00e9rieure et ext\u00e9rieure de l\u2019\u00c9tat,<br \/>\n\tconstitution et appartenance \u00e0 une entente terroriste en lien avec des crimes terroristes,<br \/>\n\ttentative de renversement du r\u00e9gime ou incitation \u00e0 la guerre civile,<br \/>\n\ttroubles, meurtres et pillages sur le sol tunisien dans un contexte terroriste,<br \/>\n\tatteinte \u00e0 la s\u00e9curit\u00e9 alimentaire et \u00e0 l\u2019environnement.<\/p>\n","protected":false},"excerpt":{"rendered":"<p>D\u00e9couvrez la liste compl\u00e8te des 37 personnes condamn\u00e9es dans l\u2019affaire du complot contre l\u2019\u00c9tat tunisien<\/p>\n","protected":false},"author":4779,"featured_media":241026,"comment_status":"open","ping_status":"open","sticky":false,"template":"","format":"standard","meta":{"footnotes":""},"categories":[44],"tags":[3068,2608],"class_list":["post-221397","post","type-post","status-publish","format-standard","has-post-thumbnail","hentry","category-national","tag-complot-contre-letat","tag-tunisie"],"yoast_head":"<!-- This site is optimized with the Yoast SEO Premium plugin v27.5 (Yoast SEO v27.5) - https:\/\/yoast.com\/product\/yoast-seo-premium-wordpress\/ -->\n<title>Tunisie \u2013 Affaire du complot : la liste compl\u00e8te des 37 condamn\u00e9s publi\u00e9e par la TAP<\/title>\n<meta name=\"description\" content=\"D\u00e9couvrez la liste compl\u00e8te des 37 personnes condamn\u00e9es dans l\u2019affaire du complot contre l\u2019\u00c9tat tunisien\" \/>\n<link rel=\"canonical\" href=\"https:\/\/www.webdo.tn\/fr\/actualite\/national\/tunisie-affaire-du-complot-la-liste-complete-des-37-condamnes-publiee-par-la-tap\/221397\/\" \/>\n<meta property=\"og:locale\" content=\"fr_FR\" \/>\n<meta property=\"og:type\" content=\"article\" \/>\n<meta property=\"og:title\" content=\"Tunisie \u2013 Affaire du complot : la liste compl\u00e8te des 37 condamn\u00e9s publi\u00e9e\" \/>\n<meta property=\"og:description\" content=\"D\u00e9couvrez la liste compl\u00e8te des 37 personnes condamn\u00e9es dans l\u2019affaire du complot contre l\u2019\u00c9tat tunisien\" \/>\n<meta property=\"og:url\" content=\"https:\/\/www.webdo.tn\/fr\/actualite\/national\/tunisie-affaire-du-complot-la-liste-complete-des-37-condamnes-publiee-par-la-tap\/221397\/\" \/>\n<meta property=\"og:site_name\" content=\"webdo\" \/>\n<meta property=\"article:publisher\" content=\"https:\/\/www.facebook.com\/webdotn\" \/>\n<meta property=\"article:published_time\" content=\"2025-04-19T19:29:00+00:00\" \/>\n<meta property=\"article:modified_time\" content=\"2025-11-02T18:43:10+00:00\" \/>\n<meta property=\"og:image\" content=\"https:\/\/www.webdo.tn\/fr\/wp-content\/uploads\/2025\/05\/b622aa0469c9ba2ab08c3d466dc7ce20-3.webp\" \/>\n\t<meta property=\"og:image:width\" content=\"750\" \/>\n\t<meta property=\"og:image:height\" content=\"400\" \/>\n\t<meta property=\"og:image:type\" content=\"image\/webp\" \/>\n<meta name=\"author\" content=\"Firas Ben Abdeltif\" \/>\n<meta name=\"twitter:card\" content=\"summary_large_image\" \/>\n<meta name=\"twitter:creator\" content=\"@webdo_tn\" \/>\n<meta name=\"twitter:site\" content=\"@webdo_tn\" \/>\n<meta name=\"twitter:label1\" content=\"\u00c9crit par\" \/>\n\t<meta name=\"twitter:data1\" content=\"Firas Ben Abdeltif\" \/>\n\t<meta name=\"twitter:label2\" content=\"Dur\u00e9e de lecture estim\u00e9e\" \/>\n\t<meta name=\"twitter:data2\" content=\"3 minutes\" \/>\n<script type=\"application\/ld+json\" class=\"yoast-schema-graph\">{\"@context\":\"https:\\\/\\\/schema.org\",\"@graph\":[{\"@type\":\"NewsArticle\",\"@id\":\"https:\\\/\\\/www.webdo.tn\\\/fr\\\/actualite\\\/national\\\/tunisie-affaire-du-complot-la-liste-complete-des-37-condamnes-publiee-par-la-tap\\\/221397\\\/#article\",\"isPartOf\":{\"@id\":\"https:\\\/\\\/www.webdo.tn\\\/fr\\\/actualite\\\/national\\\/tunisie-affaire-du-complot-la-liste-complete-des-37-condamnes-publiee-par-la-tap\\\/221397\\\/\"},\"author\":{\"name\":\"Firas Ben Abdeltif\",\"@id\":\"https:\\\/\\\/www.webdo.tn\\\/fr\\\/#\\\/schema\\\/person\\\/19664196c9bfdcda126f3c27709f7d11\"},\"headline\":\"Tunisie \u2013 Affaire du complot : la liste compl\u00e8te des 37 condamn\u00e9s publi\u00e9e\",\"datePublished\":\"2025-04-19T19:29:00+00:00\",\"dateModified\":\"2025-11-02T18:43:10+00:00\",\"mainEntityOfPage\":{\"@id\":\"https:\\\/\\\/www.webdo.tn\\\/fr\\\/actualite\\\/national\\\/tunisie-affaire-du-complot-la-liste-complete-des-37-condamnes-publiee-par-la-tap\\\/221397\\\/\"},\"wordCount\":362,\"commentCount\":0,\"publisher\":{\"@id\":\"https:\\\/\\\/www.webdo.tn\\\/fr\\\/#organization\"},\"image\":{\"@id\":\"https:\\\/\\\/www.webdo.tn\\\/fr\\\/actualite\\\/national\\\/tunisie-affaire-du-complot-la-liste-complete-des-37-condamnes-publiee-par-la-tap\\\/221397\\\/#primaryimage\"},\"thumbnailUrl\":\"https:\\\/\\\/www.webdo.tn\\\/fr\\\/wp-content\\\/uploads\\\/2025\\\/05\\\/b622aa0469c9ba2ab08c3d466dc7ce20-3.webp\",\"keywords\":[\"Complot contre l'Etat\",\"Tunisie\"],\"articleSection\":[\"National\"],\"inLanguage\":\"fr-FR\"},{\"@type\":\"WebPage\",\"@id\":\"https:\\\/\\\/www.webdo.tn\\\/fr\\\/actualite\\\/national\\\/tunisie-affaire-du-complot-la-liste-complete-des-37-condamnes-publiee-par-la-tap\\\/221397\\\/\",\"url\":\"https:\\\/\\\/www.webdo.tn\\\/fr\\\/actualite\\\/national\\\/tunisie-affaire-du-complot-la-liste-complete-des-37-condamnes-publiee-par-la-tap\\\/221397\\\/\",\"name\":\"Tunisie \u2013 Affaire du complot : la liste compl\u00e8te des 37 condamn\u00e9s publi\u00e9e par la TAP\",\"isPartOf\":{\"@id\":\"https:\\\/\\\/www.webdo.tn\\\/fr\\\/#website\"},\"primaryImageOfPage\":{\"@id\":\"https:\\\/\\\/www.webdo.tn\\\/fr\\\/actualite\\\/national\\\/tunisie-affaire-du-complot-la-liste-complete-des-37-condamnes-publiee-par-la-tap\\\/221397\\\/#primaryimage\"},\"image\":{\"@id\":\"https:\\\/\\\/www.webdo.tn\\\/fr\\\/actualite\\\/national\\\/tunisie-affaire-du-complot-la-liste-complete-des-37-condamnes-publiee-par-la-tap\\\/221397\\\/#primaryimage\"},\"thumbnailUrl\":\"https:\\\/\\\/www.webdo.tn\\\/fr\\\/wp-content\\\/uploads\\\/2025\\\/05\\\/b622aa0469c9ba2ab08c3d466dc7ce20-3.webp\",\"datePublished\":\"2025-04-19T19:29:00+00:00\",\"dateModified\":\"2025-11-02T18:43:10+00:00\",\"description\":\"D\u00e9couvrez la liste compl\u00e8te des 37 personnes condamn\u00e9es dans l\u2019affaire du complot contre l\u2019\u00c9tat tunisien\",\"breadcrumb\":{\"@id\":\"https:\\\/\\\/www.webdo.tn\\\/fr\\\/actualite\\\/national\\\/tunisie-affaire-du-complot-la-liste-complete-des-37-condamnes-publiee-par-la-tap\\\/221397\\\/#breadcrumb\"},\"inLanguage\":\"fr-FR\",\"potentialAction\":[{\"@type\":\"ReadAction\",\"target\":[\"https:\\\/\\\/www.webdo.tn\\\/fr\\\/actualite\\\/national\\\/tunisie-affaire-du-complot-la-liste-complete-des-37-condamnes-publiee-par-la-tap\\\/221397\\\/\"]}]},{\"@type\":\"ImageObject\",\"inLanguage\":\"fr-FR\",\"@id\":\"https:\\\/\\\/www.webdo.tn\\\/fr\\\/actualite\\\/national\\\/tunisie-affaire-du-complot-la-liste-complete-des-37-condamnes-publiee-par-la-tap\\\/221397\\\/#primaryimage\",\"url\":\"https:\\\/\\\/www.webdo.tn\\\/fr\\\/wp-content\\\/uploads\\\/2025\\\/05\\\/b622aa0469c9ba2ab08c3d466dc7ce20-3.webp\",\"contentUrl\":\"https:\\\/\\\/www.webdo.tn\\\/fr\\\/wp-content\\\/uploads\\\/2025\\\/05\\\/b622aa0469c9ba2ab08c3d466dc7ce20-3.webp\",\"width\":750,\"height\":400},{\"@type\":\"BreadcrumbList\",\"@id\":\"https:\\\/\\\/www.webdo.tn\\\/fr\\\/actualite\\\/national\\\/tunisie-affaire-du-complot-la-liste-complete-des-37-condamnes-publiee-par-la-tap\\\/221397\\\/#breadcrumb\",\"itemListElement\":[{\"@type\":\"ListItem\",\"position\":1,\"name\":\"Accueil\",\"item\":\"https:\\\/\\\/www.webdo.tn\\\/fr\\\/\"},{\"@type\":\"ListItem\",\"position\":2,\"name\":\"Tunisie \u2013 Affaire du complot : la liste compl\u00e8te des 37 condamn\u00e9s publi\u00e9e\"}]},{\"@type\":\"WebSite\",\"@id\":\"https:\\\/\\\/www.webdo.tn\\\/fr\\\/#website\",\"url\":\"https:\\\/\\\/www.webdo.tn\\\/fr\\\/\",\"name\":\"webdo\",\"description\":\"Tunisie - News en Tunisie et \u00e0 l&#039;international sur Webdo.tn\",\"publisher\":{\"@id\":\"https:\\\/\\\/www.webdo.tn\\\/fr\\\/#organization\"},\"potentialAction\":[{\"@type\":\"SearchAction\",\"target\":{\"@type\":\"EntryPoint\",\"urlTemplate\":\"https:\\\/\\\/www.webdo.tn\\\/fr\\\/?s={search_term_string}\"},\"query-input\":{\"@type\":\"PropertyValueSpecification\",\"valueRequired\":true,\"valueName\":\"search_term_string\"}}],\"inLanguage\":\"fr-FR\"},{\"@type\":\"Organization\",\"@id\":\"https:\\\/\\\/www.webdo.tn\\\/fr\\\/#organization\",\"name\":\"Webdo\",\"alternateName\":\"Webdo.tn\",\"url\":\"https:\\\/\\\/www.webdo.tn\\\/fr\\\/\",\"logo\":{\"@type\":\"ImageObject\",\"inLanguage\":\"fr-FR\",\"@id\":\"https:\\\/\\\/www.webdo.tn\\\/fr\\\/#\\\/schema\\\/logo\\\/image\\\/\",\"url\":\"https:\\\/\\\/www.webdo.tn\\\/fr\\\/wp-content\\\/uploads\\\/2025\\\/06\\\/Webdo-Tunisie_168377.jpg\",\"contentUrl\":\"https:\\\/\\\/www.webdo.tn\\\/fr\\\/wp-content\\\/uploads\\\/2025\\\/06\\\/Webdo-Tunisie_168377.jpg\",\"width\":301,\"height\":301,\"caption\":\"Webdo\"},\"image\":{\"@id\":\"https:\\\/\\\/www.webdo.tn\\\/fr\\\/#\\\/schema\\\/logo\\\/image\\\/\"},\"sameAs\":[\"https:\\\/\\\/www.facebook.com\\\/webdotn\",\"https:\\\/\\\/x.com\\\/webdo_tn\"],\"description\":\"Webdo est un m\u00e9dia num\u00e9rique tunisien fond\u00e9 en 2010, sp\u00e9cialis\u00e9 dans l\u2019actualit\u00e9 nationale et internationale, l\u2019\u00e9conomie, la soci\u00e9t\u00e9 et les analyses politiques. Le site s\u2019adresse \u00e0 un large public francophone et couvre l\u2019information tunisienne en temps r\u00e9el.\",\"email\":\"redac@webdo.tn\",\"legalName\":\"YNJ SARL\",\"foundingDate\":\"2010-09-06\",\"numberOfEmployees\":{\"@type\":\"QuantitativeValue\",\"minValue\":\"11\",\"maxValue\":\"50\"}},{\"@type\":\"Person\",\"@id\":\"https:\\\/\\\/www.webdo.tn\\\/fr\\\/#\\\/schema\\\/person\\\/19664196c9bfdcda126f3c27709f7d11\",\"name\":\"Firas Ben Abdeltif\",\"image\":{\"@type\":\"ImageObject\",\"inLanguage\":\"fr-FR\",\"@id\":\"https:\\\/\\\/secure.gravatar.com\\\/avatar\\\/161a347d40df098a084778c52ed133dbd85f14df003867067c5948081241ec55?s=96&d=mm&r=g\",\"url\":\"https:\\\/\\\/secure.gravatar.com\\\/avatar\\\/161a347d40df098a084778c52ed133dbd85f14df003867067c5948081241ec55?s=96&d=mm&r=g\",\"contentUrl\":\"https:\\\/\\\/secure.gravatar.com\\\/avatar\\\/161a347d40df098a084778c52ed133dbd85f14df003867067c5948081241ec55?s=96&d=mm&r=g\",\"caption\":\"Firas Ben Abdeltif\"},\"url\":\"https:\\\/\\\/www.webdo.tn\\\/fr\\\/actualite\\\/author\\\/firas-ben-abdeltif\\\/\"}]}<\/script>\n<!-- \/ Yoast SEO Premium plugin. -->","yoast_head_json":{"title":"Tunisie \u2013 Affaire du complot : la liste compl\u00e8te des 37 condamn\u00e9s publi\u00e9e par la TAP","description":"D\u00e9couvrez la liste compl\u00e8te des 37 personnes condamn\u00e9es dans l\u2019affaire du complot contre l\u2019\u00c9tat tunisien","canonical":"https:\/\/www.webdo.tn\/fr\/actualite\/national\/tunisie-affaire-du-complot-la-liste-complete-des-37-condamnes-publiee-par-la-tap\/221397\/","og_locale":"fr_FR","og_type":"article","og_title":"Tunisie \u2013 Affaire du complot : la liste compl\u00e8te des 37 condamn\u00e9s publi\u00e9e","og_description":"D\u00e9couvrez la liste compl\u00e8te des 37 personnes condamn\u00e9es dans l\u2019affaire du complot contre l\u2019\u00c9tat tunisien","og_url":"https:\/\/www.webdo.tn\/fr\/actualite\/national\/tunisie-affaire-du-complot-la-liste-complete-des-37-condamnes-publiee-par-la-tap\/221397\/","og_site_name":"webdo","article_publisher":"https:\/\/www.facebook.com\/webdotn","article_published_time":"2025-04-19T19:29:00+00:00","article_modified_time":"2025-11-02T18:43:10+00:00","og_image":[{"width":750,"height":400,"url":"https:\/\/www.webdo.tn\/fr\/wp-content\/uploads\/2025\/05\/b622aa0469c9ba2ab08c3d466dc7ce20-3.webp","type":"image\/webp"}],"author":"Firas Ben Abdeltif","twitter_card":"summary_large_image","twitter_creator":"@webdo_tn","twitter_site":"@webdo_tn","twitter_misc":{"\u00c9crit par":"Firas Ben Abdeltif","Dur\u00e9e de lecture estim\u00e9e":"3 minutes"},"schema":{"@context":"https:\/\/schema.org","@graph":[{"@type":"NewsArticle","@id":"https:\/\/www.webdo.tn\/fr\/actualite\/national\/tunisie-affaire-du-complot-la-liste-complete-des-37-condamnes-publiee-par-la-tap\/221397\/#article","isPartOf":{"@id":"https:\/\/www.webdo.tn\/fr\/actualite\/national\/tunisie-affaire-du-complot-la-liste-complete-des-37-condamnes-publiee-par-la-tap\/221397\/"},"author":{"name":"Firas Ben Abdeltif","@id":"https:\/\/www.webdo.tn\/fr\/#\/schema\/person\/19664196c9bfdcda126f3c27709f7d11"},"headline":"Tunisie \u2013 Affaire du complot : la liste compl\u00e8te des 37 condamn\u00e9s publi\u00e9e","datePublished":"2025-04-19T19:29:00+00:00","dateModified":"2025-11-02T18:43:10+00:00","mainEntityOfPage":{"@id":"https:\/\/www.webdo.tn\/fr\/actualite\/national\/tunisie-affaire-du-complot-la-liste-complete-des-37-condamnes-publiee-par-la-tap\/221397\/"},"wordCount":362,"commentCount":0,"publisher":{"@id":"https:\/\/www.webdo.tn\/fr\/#organization"},"image":{"@id":"https:\/\/www.webdo.tn\/fr\/actualite\/national\/tunisie-affaire-du-complot-la-liste-complete-des-37-condamnes-publiee-par-la-tap\/221397\/#primaryimage"},"thumbnailUrl":"https:\/\/www.webdo.tn\/fr\/wp-content\/uploads\/2025\/05\/b622aa0469c9ba2ab08c3d466dc7ce20-3.webp","keywords":["Complot contre l'Etat","Tunisie"],"articleSection":["National"],"inLanguage":"fr-FR"},{"@type":"WebPage","@id":"https:\/\/www.webdo.tn\/fr\/actualite\/national\/tunisie-affaire-du-complot-la-liste-complete-des-37-condamnes-publiee-par-la-tap\/221397\/","url":"https:\/\/www.webdo.tn\/fr\/actualite\/national\/tunisie-affaire-du-complot-la-liste-complete-des-37-condamnes-publiee-par-la-tap\/221397\/","name":"Tunisie \u2013 Affaire du complot : la liste compl\u00e8te des 37 condamn\u00e9s publi\u00e9e par la TAP","isPartOf":{"@id":"https:\/\/www.webdo.tn\/fr\/#website"},"primaryImageOfPage":{"@id":"https:\/\/www.webdo.tn\/fr\/actualite\/national\/tunisie-affaire-du-complot-la-liste-complete-des-37-condamnes-publiee-par-la-tap\/221397\/#primaryimage"},"image":{"@id":"https:\/\/www.webdo.tn\/fr\/actualite\/national\/tunisie-affaire-du-complot-la-liste-complete-des-37-condamnes-publiee-par-la-tap\/221397\/#primaryimage"},"thumbnailUrl":"https:\/\/www.webdo.tn\/fr\/wp-content\/uploads\/2025\/05\/b622aa0469c9ba2ab08c3d466dc7ce20-3.webp","datePublished":"2025-04-19T19:29:00+00:00","dateModified":"2025-11-02T18:43:10+00:00","description":"D\u00e9couvrez la liste compl\u00e8te des 37 personnes condamn\u00e9es dans l\u2019affaire du complot contre l\u2019\u00c9tat tunisien","breadcrumb":{"@id":"https:\/\/www.webdo.tn\/fr\/actualite\/national\/tunisie-affaire-du-complot-la-liste-complete-des-37-condamnes-publiee-par-la-tap\/221397\/#breadcrumb"},"inLanguage":"fr-FR","potentialAction":[{"@type":"ReadAction","target":["https:\/\/www.webdo.tn\/fr\/actualite\/national\/tunisie-affaire-du-complot-la-liste-complete-des-37-condamnes-publiee-par-la-tap\/221397\/"]}]},{"@type":"ImageObject","inLanguage":"fr-FR","@id":"https:\/\/www.webdo.tn\/fr\/actualite\/national\/tunisie-affaire-du-complot-la-liste-complete-des-37-condamnes-publiee-par-la-tap\/221397\/#primaryimage","url":"https:\/\/www.webdo.tn\/fr\/wp-content\/uploads\/2025\/05\/b622aa0469c9ba2ab08c3d466dc7ce20-3.webp","contentUrl":"https:\/\/www.webdo.tn\/fr\/wp-content\/uploads\/2025\/05\/b622aa0469c9ba2ab08c3d466dc7ce20-3.webp","width":750,"height":400},{"@type":"BreadcrumbList","@id":"https:\/\/www.webdo.tn\/fr\/actualite\/national\/tunisie-affaire-du-complot-la-liste-complete-des-37-condamnes-publiee-par-la-tap\/221397\/#breadcrumb","itemListElement":[{"@type":"ListItem","position":1,"name":"Accueil","item":"https:\/\/www.webdo.tn\/fr\/"},{"@type":"ListItem","position":2,"name":"Tunisie \u2013 Affaire du complot : la liste compl\u00e8te des 37 condamn\u00e9s publi\u00e9e"}]},{"@type":"WebSite","@id":"https:\/\/www.webdo.tn\/fr\/#website","url":"https:\/\/www.webdo.tn\/fr\/","name":"webdo","description":"Tunisie - News en Tunisie et \u00e0 l&#039;international sur Webdo.tn","publisher":{"@id":"https:\/\/www.webdo.tn\/fr\/#organization"},"potentialAction":[{"@type":"SearchAction","target":{"@type":"EntryPoint","urlTemplate":"https:\/\/www.webdo.tn\/fr\/?s={search_term_string}"},"query-input":{"@type":"PropertyValueSpecification","valueRequired":true,"valueName":"search_term_string"}}],"inLanguage":"fr-FR"},{"@type":"Organization","@id":"https:\/\/www.webdo.tn\/fr\/#organization","name":"Webdo","alternateName":"Webdo.tn","url":"https:\/\/www.webdo.tn\/fr\/","logo":{"@type":"ImageObject","inLanguage":"fr-FR","@id":"https:\/\/www.webdo.tn\/fr\/#\/schema\/logo\/image\/","url":"https:\/\/www.webdo.tn\/fr\/wp-content\/uploads\/2025\/06\/Webdo-Tunisie_168377.jpg","contentUrl":"https:\/\/www.webdo.tn\/fr\/wp-content\/uploads\/2025\/06\/Webdo-Tunisie_168377.jpg","width":301,"height":301,"caption":"Webdo"},"image":{"@id":"https:\/\/www.webdo.tn\/fr\/#\/schema\/logo\/image\/"},"sameAs":["https:\/\/www.facebook.com\/webdotn","https:\/\/x.com\/webdo_tn"],"description":"Webdo est un m\u00e9dia num\u00e9rique tunisien fond\u00e9 en 2010, sp\u00e9cialis\u00e9 dans l\u2019actualit\u00e9 nationale et internationale, l\u2019\u00e9conomie, la soci\u00e9t\u00e9 et les analyses politiques. Le site s\u2019adresse \u00e0 un large public francophone et couvre l\u2019information tunisienne en temps r\u00e9el.","email":"redac@webdo.tn","legalName":"YNJ SARL","foundingDate":"2010-09-06","numberOfEmployees":{"@type":"QuantitativeValue","minValue":"11","maxValue":"50"}},{"@type":"Person","@id":"https:\/\/www.webdo.tn\/fr\/#\/schema\/person\/19664196c9bfdcda126f3c27709f7d11","name":"Firas Ben Abdeltif","image":{"@type":"ImageObject","inLanguage":"fr-FR","@id":"https:\/\/secure.gravatar.com\/avatar\/161a347d40df098a084778c52ed133dbd85f14df003867067c5948081241ec55?s=96&d=mm&r=g","url":"https:\/\/secure.gravatar.com\/avatar\/161a347d40df098a084778c52ed133dbd85f14df003867067c5948081241ec55?s=96&d=mm&r=g","contentUrl":"https:\/\/secure.gravatar.com\/avatar\/161a347d40df098a084778c52ed133dbd85f14df003867067c5948081241ec55?s=96&d=mm&r=g","caption":"Firas Ben Abdeltif"},"url":"https:\/\/www.webdo.tn\/fr\/actualite\/author\/firas-ben-abdeltif\/"}]}},"_links":{"self":[{"href":"https:\/\/www.webdo.tn\/fr\/wp-json\/wp\/v2\/posts\/221397","targetHints":{"allow":["GET"]}}],"collection":[{"href":"https:\/\/www.webdo.tn\/fr\/wp-json\/wp\/v2\/posts"}],"about":[{"href":"https:\/\/www.webdo.tn\/fr\/wp-json\/wp\/v2\/types\/post"}],"author":[{"embeddable":true,"href":"https:\/\/www.webdo.tn\/fr\/wp-json\/wp\/v2\/users\/4779"}],"replies":[{"embeddable":true,"href":"https:\/\/www.webdo.tn\/fr\/wp-json\/wp\/v2\/comments?post=221397"}],"version-history":[{"count":0,"href":"https:\/\/www.webdo.tn\/fr\/wp-json\/wp\/v2\/posts\/221397\/revisions"}],"wp:featuredmedia":[{"embeddable":true,"href":"https:\/\/www.webdo.tn\/fr\/wp-json\/wp\/v2\/media\/241026"}],"wp:attachment":[{"href":"https:\/\/www.webdo.tn\/fr\/wp-json\/wp\/v2\/media?parent=221397"}],"wp:term":[{"taxonomy":"category","embeddable":true,"href":"https:\/\/www.webdo.tn\/fr\/wp-json\/wp\/v2\/categories?post=221397"},{"taxonomy":"post_tag","embeddable":true,"href":"https:\/\/www.webdo.tn\/fr\/wp-json\/wp\/v2\/tags?post=221397"}],"curies":[{"name":"wp","href":"https:\/\/api.w.org\/{rel}","templated":true}]}}