{"id":221384,"date":"2025-04-19T09:05:00","date_gmt":"2025-04-19T09:05:00","guid":{"rendered":"https:\/\/www.webdo.tn\/fr\/blog\/tunisie-kais-saied-ou-la-necessite-de-reconstruire-la-sante-publique\/221384\/"},"modified":"2025-05-20T22:17:46","modified_gmt":"2025-05-20T22:17:46","slug":"tunisie-kais-saied-ou-la-necessite-de-reconstruire-la-sante-publique","status":"publish","type":"post","link":"https:\/\/www.webdo.tn\/fr\/actualite\/national\/tunisie-kais-saied-ou-la-necessite-de-reconstruire-la-sante-publique\/221384\/","title":{"rendered":"Tunisie : Kais Saied ou la n\u00e9cessit\u00e9 de reconstruire la sant\u00e9 publique"},"content":{"rendered":"<p>Lors d\u2019une rencontre, hier, avec le ministre de la Sant\u00e9, le pr\u00e9sident de la R\u00e9publique a insist\u00e9 sur l\u2019urgence de refonder le syst\u00e8me public de sant\u00e9 et de renforcer les infrastructures m\u00e9dicales sur l\u2019ensemble du territoire, \u00e0 commencer par Mazzouna.<\/p>\n<p>\t\t\t\t\t\t\t\t\tLe pr\u00e9sident de la R\u00e9publique, Kais Saied, a re\u00e7u ce vendredi 18 avril 2025, au palais de Carthage, le ministre de la Sant\u00e9, Mustapha Ferjani, pour une r\u00e9union centr\u00e9e sur l\u2019avenir du secteur public de la sant\u00e9 en Tunisie. Cette rencontre marque un tournant dans la volont\u00e9 de l\u2019\u00c9tat de r\u00e9former en profondeur un syst\u00e8me m\u00e9dical public fragilis\u00e9 par des ann\u00e9es de sous-investissement, de p\u00e9nuries chroniques et de disparit\u00e9s r\u00e9gionales.<\/p>\n<p>Le chef de l\u2019\u00c9tat a notamment soulign\u00e9 la n\u00e9cessit\u00e9 de reconstruire le secteur public de la sant\u00e9 dans sa globalit\u00e9, en l\u2019adaptant aux besoins actuels des citoyens. Il a ordonn\u00e9 la mise en \u0153uvre de mesures urgentes dans la d\u00e9l\u00e9gation de Mazzouna, relevant du gouvernorat de Sidi Bouzid, l&rsquo;une des r\u00e9gions les plus touch\u00e9es par la pr\u00e9carit\u00e9 des services de sant\u00e9. Ces mesures concernent \u00e0 la fois le renforcement des ressources humaines m\u00e9dicales et la fourniture rapide d\u2019\u00e9quipements sanitaires adapt\u00e9s.<\/p>\n<p>Au-del\u00e0 du cas de Mazzouna, Kais Saied a appel\u00e9 \u00e0 acc\u00e9l\u00e9rer la construction de nouveaux \u00e9tablissements hospitaliers dans toutes les r\u00e9gions du pays, rappelant que l\u2019acc\u00e8s \u00e0 des soins de qualit\u00e9 est un droit fondamental et non un privil\u00e8ge r\u00e9serv\u00e9 aux grandes villes. Il a \u00e9galement \u00e9voqu\u00e9 la n\u00e9cessit\u00e9 d&rsquo;une approche globale et inclusive, tenant compte \u00e0 la fois de la logistique m\u00e9dicale, de la formation des cadres de sant\u00e9 et de la lutte contre la corruption dans le secteur.<\/p>\n<p>Cette d\u00e9claration intervient dans un contexte o\u00f9 de nombreux h\u00f4pitaux publics souffrent de graves dysfonctionnements, allant du manque de personnel qualifi\u00e9 \u00e0 l\u2019indisponibilit\u00e9 de mat\u00e9riel m\u00e9dical de base. Plusieurs mouvements sociaux et syndicaux ont, ces derniers mois, d\u00e9nonc\u00e9 la d\u00e9gradation des services et l\u2019abandon progressif des structures de sant\u00e9 publique.<\/p>\n<p>La reconstruction du secteur public de la sant\u00e9 s\u2019annonce comme un chantier de longue haleine. Elle n\u00e9cessitera non seulement des moyens financiers importants, mais aussi une volont\u00e9 politique constante, des r\u00e9formes structurelles et une strat\u00e9gie nationale de sant\u00e9 \u00e0 long terme.<\/p>\n","protected":false},"excerpt":{"rendered":"<p>Kais Saied appelle \u00e0 refonder le syst\u00e8me de sant\u00e9 public en Tunisie, avec des mesures urgentes \u00e0 Mazzouna et un plan national de reconstruction.<\/p>\n","protected":false},"author":3162,"featured_media":292256,"comment_status":"open","ping_status":"closed","sticky":false,"template":"","format":"standard","meta":{"footnotes":""},"categories":[44],"tags":[2938,3522,3493,3191,2608],"class_list":["post-221384","post","type-post","status-publish","format-standard","has-post-thumbnail","hentry","category-national","tag-mazzouna","tag-reconstruction","tag-reforme","tag-sante-publique","tag-tunisie"],"yoast_head":"<!-- This site is optimized with the Yoast SEO Premium plugin v27.4 (Yoast SEO v27.5) - https:\/\/yoast.com\/product\/yoast-seo-premium-wordpress\/ -->\n<title>Tunisie : Kais Saied ou la n\u00e9cessit\u00e9 de reconstruire la sant\u00e9 publique<\/title>\n<meta name=\"description\" content=\"Kais Saied appelle \u00e0 refonder le syst\u00e8me de sant\u00e9 public en Tunisie, avec des mesures urgentes \u00e0 Mazzouna et un plan national de reconstruction.\" \/>\n<link rel=\"canonical\" href=\"https:\/\/www.webdo.tn\/fr\/actualite\/national\/tunisie-kais-saied-ou-la-necessite-de-reconstruire-la-sante-publique\/221384\/\" \/>\n<meta property=\"og:locale\" content=\"fr_FR\" \/>\n<meta property=\"og:type\" content=\"article\" \/>\n<meta property=\"og:title\" content=\"Tunisie : Kais Saied ou la n\u00e9cessit\u00e9 de reconstruire la sant\u00e9 publique\" \/>\n<meta property=\"og:description\" content=\"Kais Saied appelle \u00e0 refonder le syst\u00e8me de sant\u00e9 public en Tunisie, avec des mesures urgentes \u00e0 Mazzouna et un plan national de reconstruction.\" \/>\n<meta property=\"og:url\" content=\"https:\/\/www.webdo.tn\/fr\/actualite\/national\/tunisie-kais-saied-ou-la-necessite-de-reconstruire-la-sante-publique\/221384\/\" \/>\n<meta property=\"og:site_name\" content=\"webdo\" \/>\n<meta property=\"article:publisher\" content=\"https:\/\/www.facebook.com\/webdotn\" \/>\n<meta property=\"article:published_time\" content=\"2025-04-19T09:05:00+00:00\" \/>\n<meta property=\"article:modified_time\" content=\"2025-05-20T22:17:46+00:00\" \/>\n<meta property=\"og:image\" content=\"https:\/\/www.webdo.tn\/fr\/wp-content\/uploads\/2025\/04\/e31889d5d46e513e5c537ce0bb84419e.webp\" \/>\n\t<meta property=\"og:image:width\" content=\"750\" \/>\n\t<meta property=\"og:image:height\" content=\"400\" \/>\n\t<meta property=\"og:image:type\" content=\"image\/webp\" \/>\n<meta name=\"author\" content=\"MC\" \/>\n<meta name=\"twitter:card\" content=\"summary_large_image\" \/>\n<meta name=\"twitter:creator\" content=\"@webdo_tn\" \/>\n<meta name=\"twitter:site\" content=\"@webdo_tn\" \/>\n<meta name=\"twitter:label1\" content=\"\u00c9crit par\" \/>\n\t<meta name=\"twitter:data1\" content=\"MC\" \/>\n\t<meta name=\"twitter:label2\" content=\"Dur\u00e9e de lecture estim\u00e9e\" \/>\n\t<meta name=\"twitter:data2\" content=\"2 minutes\" \/>\n<script type=\"application\/ld+json\" class=\"yoast-schema-graph\">{\"@context\":\"https:\\\/\\\/schema.org\",\"@graph\":[{\"@type\":\"NewsArticle\",\"@id\":\"https:\\\/\\\/www.webdo.tn\\\/fr\\\/actualite\\\/national\\\/tunisie-kais-saied-ou-la-necessite-de-reconstruire-la-sante-publique\\\/221384\\\/#article\",\"isPartOf\":{\"@id\":\"https:\\\/\\\/www.webdo.tn\\\/fr\\\/actualite\\\/national\\\/tunisie-kais-saied-ou-la-necessite-de-reconstruire-la-sante-publique\\\/221384\\\/\"},\"author\":{\"name\":\"MC\",\"@id\":\"https:\\\/\\\/www.webdo.tn\\\/fr\\\/#\\\/schema\\\/person\\\/2c4929cbf5a809e3bd38617c6ce150f6\"},\"headline\":\"Tunisie : Kais Saied ou la n\u00e9cessit\u00e9 de reconstruire la sant\u00e9 publique\",\"datePublished\":\"2025-04-19T09:05:00+00:00\",\"dateModified\":\"2025-05-20T22:17:46+00:00\",\"mainEntityOfPage\":{\"@id\":\"https:\\\/\\\/www.webdo.tn\\\/fr\\\/actualite\\\/national\\\/tunisie-kais-saied-ou-la-necessite-de-reconstruire-la-sante-publique\\\/221384\\\/\"},\"wordCount\":419,\"commentCount\":0,\"publisher\":{\"@id\":\"https:\\\/\\\/www.webdo.tn\\\/fr\\\/#organization\"},\"image\":{\"@id\":\"https:\\\/\\\/www.webdo.tn\\\/fr\\\/actualite\\\/national\\\/tunisie-kais-saied-ou-la-necessite-de-reconstruire-la-sante-publique\\\/221384\\\/#primaryimage\"},\"thumbnailUrl\":\"https:\\\/\\\/www.webdo.tn\\\/fr\\\/wp-content\\\/uploads\\\/2025\\\/04\\\/e31889d5d46e513e5c537ce0bb84419e.webp\",\"keywords\":[\"Mazzouna\",\"reconstruction\",\"r\u00e9forme\",\"Sant\u00e9 publique\",\"Tunisie\"],\"articleSection\":[\"National\"],\"inLanguage\":\"fr-FR\"},{\"@type\":\"WebPage\",\"@id\":\"https:\\\/\\\/www.webdo.tn\\\/fr\\\/actualite\\\/national\\\/tunisie-kais-saied-ou-la-necessite-de-reconstruire-la-sante-publique\\\/221384\\\/\",\"url\":\"https:\\\/\\\/www.webdo.tn\\\/fr\\\/actualite\\\/national\\\/tunisie-kais-saied-ou-la-necessite-de-reconstruire-la-sante-publique\\\/221384\\\/\",\"name\":\"Tunisie : Kais Saied ou la n\u00e9cessit\u00e9 de reconstruire la sant\u00e9 publique\",\"isPartOf\":{\"@id\":\"https:\\\/\\\/www.webdo.tn\\\/fr\\\/#website\"},\"primaryImageOfPage\":{\"@id\":\"https:\\\/\\\/www.webdo.tn\\\/fr\\\/actualite\\\/national\\\/tunisie-kais-saied-ou-la-necessite-de-reconstruire-la-sante-publique\\\/221384\\\/#primaryimage\"},\"image\":{\"@id\":\"https:\\\/\\\/www.webdo.tn\\\/fr\\\/actualite\\\/national\\\/tunisie-kais-saied-ou-la-necessite-de-reconstruire-la-sante-publique\\\/221384\\\/#primaryimage\"},\"thumbnailUrl\":\"https:\\\/\\\/www.webdo.tn\\\/fr\\\/wp-content\\\/uploads\\\/2025\\\/04\\\/e31889d5d46e513e5c537ce0bb84419e.webp\",\"datePublished\":\"2025-04-19T09:05:00+00:00\",\"dateModified\":\"2025-05-20T22:17:46+00:00\",\"description\":\"Kais Saied appelle \u00e0 refonder le syst\u00e8me de sant\u00e9 public en Tunisie, avec des mesures urgentes \u00e0 Mazzouna et un plan national de reconstruction.\",\"breadcrumb\":{\"@id\":\"https:\\\/\\\/www.webdo.tn\\\/fr\\\/actualite\\\/national\\\/tunisie-kais-saied-ou-la-necessite-de-reconstruire-la-sante-publique\\\/221384\\\/#breadcrumb\"},\"inLanguage\":\"fr-FR\",\"potentialAction\":[{\"@type\":\"ReadAction\",\"target\":[\"https:\\\/\\\/www.webdo.tn\\\/fr\\\/actualite\\\/national\\\/tunisie-kais-saied-ou-la-necessite-de-reconstruire-la-sante-publique\\\/221384\\\/\"]}]},{\"@type\":\"ImageObject\",\"inLanguage\":\"fr-FR\",\"@id\":\"https:\\\/\\\/www.webdo.tn\\\/fr\\\/actualite\\\/national\\\/tunisie-kais-saied-ou-la-necessite-de-reconstruire-la-sante-publique\\\/221384\\\/#primaryimage\",\"url\":\"https:\\\/\\\/www.webdo.tn\\\/fr\\\/wp-content\\\/uploads\\\/2025\\\/04\\\/e31889d5d46e513e5c537ce0bb84419e.webp\",\"contentUrl\":\"https:\\\/\\\/www.webdo.tn\\\/fr\\\/wp-content\\\/uploads\\\/2025\\\/04\\\/e31889d5d46e513e5c537ce0bb84419e.webp\",\"width\":750,\"height\":400,\"caption\":\"Tunisie : Kais Saied ou la n\u00e9cessit\u00e9 de reconstruire la sant\u00e9 publique\"},{\"@type\":\"BreadcrumbList\",\"@id\":\"https:\\\/\\\/www.webdo.tn\\\/fr\\\/actualite\\\/national\\\/tunisie-kais-saied-ou-la-necessite-de-reconstruire-la-sante-publique\\\/221384\\\/#breadcrumb\",\"itemListElement\":[{\"@type\":\"ListItem\",\"position\":1,\"name\":\"Accueil\",\"item\":\"https:\\\/\\\/www.webdo.tn\\\/fr\\\/\"},{\"@type\":\"ListItem\",\"position\":2,\"name\":\"Tunisie : Kais Saied ou la n\u00e9cessit\u00e9 de reconstruire la sant\u00e9 publique\"}]},{\"@type\":\"WebSite\",\"@id\":\"https:\\\/\\\/www.webdo.tn\\\/fr\\\/#website\",\"url\":\"https:\\\/\\\/www.webdo.tn\\\/fr\\\/\",\"name\":\"webdo\",\"description\":\"Tunisie - News en Tunisie et \u00e0 l&#039;international sur Webdo.tn\",\"publisher\":{\"@id\":\"https:\\\/\\\/www.webdo.tn\\\/fr\\\/#organization\"},\"potentialAction\":[{\"@type\":\"SearchAction\",\"target\":{\"@type\":\"EntryPoint\",\"urlTemplate\":\"https:\\\/\\\/www.webdo.tn\\\/fr\\\/?s={search_term_string}\"},\"query-input\":{\"@type\":\"PropertyValueSpecification\",\"valueRequired\":true,\"valueName\":\"search_term_string\"}}],\"inLanguage\":\"fr-FR\"},{\"@type\":\"Organization\",\"@id\":\"https:\\\/\\\/www.webdo.tn\\\/fr\\\/#organization\",\"name\":\"Webdo\",\"alternateName\":\"Webdo.tn\",\"url\":\"https:\\\/\\\/www.webdo.tn\\\/fr\\\/\",\"logo\":{\"@type\":\"ImageObject\",\"inLanguage\":\"fr-FR\",\"@id\":\"https:\\\/\\\/www.webdo.tn\\\/fr\\\/#\\\/schema\\\/logo\\\/image\\\/\",\"url\":\"https:\\\/\\\/www.webdo.tn\\\/fr\\\/wp-content\\\/uploads\\\/2025\\\/06\\\/Webdo-Tunisie_168377.jpg\",\"contentUrl\":\"https:\\\/\\\/www.webdo.tn\\\/fr\\\/wp-content\\\/uploads\\\/2025\\\/06\\\/Webdo-Tunisie_168377.jpg\",\"width\":301,\"height\":301,\"caption\":\"Webdo\"},\"image\":{\"@id\":\"https:\\\/\\\/www.webdo.tn\\\/fr\\\/#\\\/schema\\\/logo\\\/image\\\/\"},\"sameAs\":[\"https:\\\/\\\/www.facebook.com\\\/webdotn\",\"https:\\\/\\\/x.com\\\/webdo_tn\"],\"description\":\"Webdo est un m\u00e9dia num\u00e9rique tunisien fond\u00e9 en 2010, sp\u00e9cialis\u00e9 dans l\u2019actualit\u00e9 nationale et internationale, l\u2019\u00e9conomie, la soci\u00e9t\u00e9 et les analyses politiques. Le site s\u2019adresse \u00e0 un large public francophone et couvre l\u2019information tunisienne en temps r\u00e9el.\",\"email\":\"redac@webdo.tn\",\"legalName\":\"YNJ SARL\",\"foundingDate\":\"2010-09-06\",\"numberOfEmployees\":{\"@type\":\"QuantitativeValue\",\"minValue\":\"11\",\"maxValue\":\"50\"}},{\"@type\":\"Person\",\"@id\":\"https:\\\/\\\/www.webdo.tn\\\/fr\\\/#\\\/schema\\\/person\\\/2c4929cbf5a809e3bd38617c6ce150f6\",\"name\":\"MC\",\"image\":{\"@type\":\"ImageObject\",\"inLanguage\":\"fr-FR\",\"@id\":\"https:\\\/\\\/secure.gravatar.com\\\/avatar\\\/a545bbb6f84efdd5553dbbc2895e3ca8f1d12c5215e00a041c9670b54aa9b18a?s=96&d=mm&r=g\",\"url\":\"https:\\\/\\\/secure.gravatar.com\\\/avatar\\\/a545bbb6f84efdd5553dbbc2895e3ca8f1d12c5215e00a041c9670b54aa9b18a?s=96&d=mm&r=g\",\"contentUrl\":\"https:\\\/\\\/secure.gravatar.com\\\/avatar\\\/a545bbb6f84efdd5553dbbc2895e3ca8f1d12c5215e00a041c9670b54aa9b18a?s=96&d=mm&r=g\",\"caption\":\"MC\"},\"url\":\"https:\\\/\\\/www.webdo.tn\\\/fr\\\/actualite\\\/author\\\/mc\\\/\"}]}<\/script>\n<!-- \/ Yoast SEO Premium plugin. -->","yoast_head_json":{"title":"Tunisie : Kais Saied ou la n\u00e9cessit\u00e9 de reconstruire la sant\u00e9 publique","description":"Kais Saied appelle \u00e0 refonder le syst\u00e8me de sant\u00e9 public en Tunisie, avec des mesures urgentes \u00e0 Mazzouna et un plan national de reconstruction.","canonical":"https:\/\/www.webdo.tn\/fr\/actualite\/national\/tunisie-kais-saied-ou-la-necessite-de-reconstruire-la-sante-publique\/221384\/","og_locale":"fr_FR","og_type":"article","og_title":"Tunisie : Kais Saied ou la n\u00e9cessit\u00e9 de reconstruire la sant\u00e9 publique","og_description":"Kais Saied appelle \u00e0 refonder le syst\u00e8me de sant\u00e9 public en Tunisie, avec des mesures urgentes \u00e0 Mazzouna et un plan national de reconstruction.","og_url":"https:\/\/www.webdo.tn\/fr\/actualite\/national\/tunisie-kais-saied-ou-la-necessite-de-reconstruire-la-sante-publique\/221384\/","og_site_name":"webdo","article_publisher":"https:\/\/www.facebook.com\/webdotn","article_published_time":"2025-04-19T09:05:00+00:00","article_modified_time":"2025-05-20T22:17:46+00:00","og_image":[{"width":750,"height":400,"url":"https:\/\/www.webdo.tn\/fr\/wp-content\/uploads\/2025\/04\/e31889d5d46e513e5c537ce0bb84419e.webp","type":"image\/webp"}],"author":"MC","twitter_card":"summary_large_image","twitter_creator":"@webdo_tn","twitter_site":"@webdo_tn","twitter_misc":{"\u00c9crit par":"MC","Dur\u00e9e de lecture estim\u00e9e":"2 minutes"},"schema":{"@context":"https:\/\/schema.org","@graph":[{"@type":"NewsArticle","@id":"https:\/\/www.webdo.tn\/fr\/actualite\/national\/tunisie-kais-saied-ou-la-necessite-de-reconstruire-la-sante-publique\/221384\/#article","isPartOf":{"@id":"https:\/\/www.webdo.tn\/fr\/actualite\/national\/tunisie-kais-saied-ou-la-necessite-de-reconstruire-la-sante-publique\/221384\/"},"author":{"name":"MC","@id":"https:\/\/www.webdo.tn\/fr\/#\/schema\/person\/2c4929cbf5a809e3bd38617c6ce150f6"},"headline":"Tunisie : Kais Saied ou la n\u00e9cessit\u00e9 de reconstruire la sant\u00e9 publique","datePublished":"2025-04-19T09:05:00+00:00","dateModified":"2025-05-20T22:17:46+00:00","mainEntityOfPage":{"@id":"https:\/\/www.webdo.tn\/fr\/actualite\/national\/tunisie-kais-saied-ou-la-necessite-de-reconstruire-la-sante-publique\/221384\/"},"wordCount":419,"commentCount":0,"publisher":{"@id":"https:\/\/www.webdo.tn\/fr\/#organization"},"image":{"@id":"https:\/\/www.webdo.tn\/fr\/actualite\/national\/tunisie-kais-saied-ou-la-necessite-de-reconstruire-la-sante-publique\/221384\/#primaryimage"},"thumbnailUrl":"https:\/\/www.webdo.tn\/fr\/wp-content\/uploads\/2025\/04\/e31889d5d46e513e5c537ce0bb84419e.webp","keywords":["Mazzouna","reconstruction","r\u00e9forme","Sant\u00e9 publique","Tunisie"],"articleSection":["National"],"inLanguage":"fr-FR"},{"@type":"WebPage","@id":"https:\/\/www.webdo.tn\/fr\/actualite\/national\/tunisie-kais-saied-ou-la-necessite-de-reconstruire-la-sante-publique\/221384\/","url":"https:\/\/www.webdo.tn\/fr\/actualite\/national\/tunisie-kais-saied-ou-la-necessite-de-reconstruire-la-sante-publique\/221384\/","name":"Tunisie : Kais Saied ou la n\u00e9cessit\u00e9 de reconstruire la sant\u00e9 publique","isPartOf":{"@id":"https:\/\/www.webdo.tn\/fr\/#website"},"primaryImageOfPage":{"@id":"https:\/\/www.webdo.tn\/fr\/actualite\/national\/tunisie-kais-saied-ou-la-necessite-de-reconstruire-la-sante-publique\/221384\/#primaryimage"},"image":{"@id":"https:\/\/www.webdo.tn\/fr\/actualite\/national\/tunisie-kais-saied-ou-la-necessite-de-reconstruire-la-sante-publique\/221384\/#primaryimage"},"thumbnailUrl":"https:\/\/www.webdo.tn\/fr\/wp-content\/uploads\/2025\/04\/e31889d5d46e513e5c537ce0bb84419e.webp","datePublished":"2025-04-19T09:05:00+00:00","dateModified":"2025-05-20T22:17:46+00:00","description":"Kais Saied appelle \u00e0 refonder le syst\u00e8me de sant\u00e9 public en Tunisie, avec des mesures urgentes \u00e0 Mazzouna et un plan national de reconstruction.","breadcrumb":{"@id":"https:\/\/www.webdo.tn\/fr\/actualite\/national\/tunisie-kais-saied-ou-la-necessite-de-reconstruire-la-sante-publique\/221384\/#breadcrumb"},"inLanguage":"fr-FR","potentialAction":[{"@type":"ReadAction","target":["https:\/\/www.webdo.tn\/fr\/actualite\/national\/tunisie-kais-saied-ou-la-necessite-de-reconstruire-la-sante-publique\/221384\/"]}]},{"@type":"ImageObject","inLanguage":"fr-FR","@id":"https:\/\/www.webdo.tn\/fr\/actualite\/national\/tunisie-kais-saied-ou-la-necessite-de-reconstruire-la-sante-publique\/221384\/#primaryimage","url":"https:\/\/www.webdo.tn\/fr\/wp-content\/uploads\/2025\/04\/e31889d5d46e513e5c537ce0bb84419e.webp","contentUrl":"https:\/\/www.webdo.tn\/fr\/wp-content\/uploads\/2025\/04\/e31889d5d46e513e5c537ce0bb84419e.webp","width":750,"height":400,"caption":"Tunisie : Kais Saied ou la n\u00e9cessit\u00e9 de reconstruire la sant\u00e9 publique"},{"@type":"BreadcrumbList","@id":"https:\/\/www.webdo.tn\/fr\/actualite\/national\/tunisie-kais-saied-ou-la-necessite-de-reconstruire-la-sante-publique\/221384\/#breadcrumb","itemListElement":[{"@type":"ListItem","position":1,"name":"Accueil","item":"https:\/\/www.webdo.tn\/fr\/"},{"@type":"ListItem","position":2,"name":"Tunisie : Kais Saied ou la n\u00e9cessit\u00e9 de reconstruire la sant\u00e9 publique"}]},{"@type":"WebSite","@id":"https:\/\/www.webdo.tn\/fr\/#website","url":"https:\/\/www.webdo.tn\/fr\/","name":"webdo","description":"Tunisie - News en Tunisie et \u00e0 l&#039;international sur Webdo.tn","publisher":{"@id":"https:\/\/www.webdo.tn\/fr\/#organization"},"potentialAction":[{"@type":"SearchAction","target":{"@type":"EntryPoint","urlTemplate":"https:\/\/www.webdo.tn\/fr\/?s={search_term_string}"},"query-input":{"@type":"PropertyValueSpecification","valueRequired":true,"valueName":"search_term_string"}}],"inLanguage":"fr-FR"},{"@type":"Organization","@id":"https:\/\/www.webdo.tn\/fr\/#organization","name":"Webdo","alternateName":"Webdo.tn","url":"https:\/\/www.webdo.tn\/fr\/","logo":{"@type":"ImageObject","inLanguage":"fr-FR","@id":"https:\/\/www.webdo.tn\/fr\/#\/schema\/logo\/image\/","url":"https:\/\/www.webdo.tn\/fr\/wp-content\/uploads\/2025\/06\/Webdo-Tunisie_168377.jpg","contentUrl":"https:\/\/www.webdo.tn\/fr\/wp-content\/uploads\/2025\/06\/Webdo-Tunisie_168377.jpg","width":301,"height":301,"caption":"Webdo"},"image":{"@id":"https:\/\/www.webdo.tn\/fr\/#\/schema\/logo\/image\/"},"sameAs":["https:\/\/www.facebook.com\/webdotn","https:\/\/x.com\/webdo_tn"],"description":"Webdo est un m\u00e9dia num\u00e9rique tunisien fond\u00e9 en 2010, sp\u00e9cialis\u00e9 dans l\u2019actualit\u00e9 nationale et internationale, l\u2019\u00e9conomie, la soci\u00e9t\u00e9 et les analyses politiques. Le site s\u2019adresse \u00e0 un large public francophone et couvre l\u2019information tunisienne en temps r\u00e9el.","email":"redac@webdo.tn","legalName":"YNJ SARL","foundingDate":"2010-09-06","numberOfEmployees":{"@type":"QuantitativeValue","minValue":"11","maxValue":"50"}},{"@type":"Person","@id":"https:\/\/www.webdo.tn\/fr\/#\/schema\/person\/2c4929cbf5a809e3bd38617c6ce150f6","name":"MC","image":{"@type":"ImageObject","inLanguage":"fr-FR","@id":"https:\/\/secure.gravatar.com\/avatar\/a545bbb6f84efdd5553dbbc2895e3ca8f1d12c5215e00a041c9670b54aa9b18a?s=96&d=mm&r=g","url":"https:\/\/secure.gravatar.com\/avatar\/a545bbb6f84efdd5553dbbc2895e3ca8f1d12c5215e00a041c9670b54aa9b18a?s=96&d=mm&r=g","contentUrl":"https:\/\/secure.gravatar.com\/avatar\/a545bbb6f84efdd5553dbbc2895e3ca8f1d12c5215e00a041c9670b54aa9b18a?s=96&d=mm&r=g","caption":"MC"},"url":"https:\/\/www.webdo.tn\/fr\/actualite\/author\/mc\/"}]}},"_links":{"self":[{"href":"https:\/\/www.webdo.tn\/fr\/wp-json\/wp\/v2\/posts\/221384","targetHints":{"allow":["GET"]}}],"collection":[{"href":"https:\/\/www.webdo.tn\/fr\/wp-json\/wp\/v2\/posts"}],"about":[{"href":"https:\/\/www.webdo.tn\/fr\/wp-json\/wp\/v2\/types\/post"}],"author":[{"embeddable":true,"href":"https:\/\/www.webdo.tn\/fr\/wp-json\/wp\/v2\/users\/3162"}],"replies":[{"embeddable":true,"href":"https:\/\/www.webdo.tn\/fr\/wp-json\/wp\/v2\/comments?post=221384"}],"version-history":[{"count":0,"href":"https:\/\/www.webdo.tn\/fr\/wp-json\/wp\/v2\/posts\/221384\/revisions"}],"wp:featuredmedia":[{"embeddable":true,"href":"https:\/\/www.webdo.tn\/fr\/wp-json\/wp\/v2\/media\/292256"}],"wp:attachment":[{"href":"https:\/\/www.webdo.tn\/fr\/wp-json\/wp\/v2\/media?parent=221384"}],"wp:term":[{"taxonomy":"category","embeddable":true,"href":"https:\/\/www.webdo.tn\/fr\/wp-json\/wp\/v2\/categories?post=221384"},{"taxonomy":"post_tag","embeddable":true,"href":"https:\/\/www.webdo.tn\/fr\/wp-json\/wp\/v2\/tags?post=221384"}],"curies":[{"name":"wp","href":"https:\/\/api.w.org\/{rel}","templated":true}]}}