{"id":221372,"date":"2025-04-18T15:21:00","date_gmt":"2025-04-18T15:21:00","guid":{"rendered":"https:\/\/www.webdo.tn\/fr\/blog\/2025\/04\/18\/tunisie-union-europeenne-vers-des-regles-plus-souples-pour-booster-les-exportations-tunisiennes\/"},"modified":"2025-05-20T21:40:52","modified_gmt":"2025-05-20T21:40:52","slug":"tunisie-union-europeenne-vers-des-regles-plus-souples-pour-booster-les-exportations-tunisiennes","status":"publish","type":"post","link":"https:\/\/www.webdo.tn\/fr\/actualite\/national\/tunisie-union-europeenne-vers-des-regles-plus-souples-pour-booster-les-exportations-tunisiennes\/221372\/","title":{"rendered":"Tunisie &#8211; Union europ\u00e9enne : Vers des r\u00e8gles plus souples pour booster les exportations tunisiennes"},"content":{"rendered":"<p>La Tunisie s&rsquo;appr\u00eate \u00e0 ratifier de nouveaux accords de libre-\u00e9change avec l\u2019Union europ\u00e9enne et d&rsquo;autres partenaires europ\u00e9ens. Objectif : profiter pleinement de r\u00e8gles commerciales simplifi\u00e9es qui faciliteront l\u2019exportation des produits tunisiens vers le march\u00e9 europ\u00e9en.<\/p>\n<p>\t\t\t\t\t\t\t\t\tActuellement en attente \u00e0 la pr\u00e9sidence du gouvernement, ces accords seront bient\u00f4t pr\u00e9sent\u00e9s au Parlement pour adoption. Ils s\u2019inscrivent dans le cadre de la Convention pan-euro-m\u00e9diterran\u00e9enne (PEM), un syst\u00e8me unifi\u00e9 adopt\u00e9 par plusieurs pays d\u2019Europe, d\u2019Afrique du Nord et du Moyen-Orient. Il remplace les anciennes r\u00e8gles complexes en vigueur depuis 2012.<\/p>\n<p>Ces \u00ab\u00a0r\u00e8gles d&rsquo;origine\u00a0\u00bb permettent de d\u00e9terminer si un produit peut b\u00e9n\u00e9ficier d\u2019un traitement douanier avantageux (sans ou avec peu de taxes) lorsqu\u2019il est export\u00e9. Par exemple, un produit est consid\u00e9r\u00e9 comme \u00ab\u00a0originaire\u00a0\u00bb de Tunisie s\u2019il est enti\u00e8rement fabriqu\u00e9 dans le pays ou s\u2019il a subi une transformation suffisante sur place.<\/p>\n<p>De nouvelles r\u00e8gles plus flexibles entreront en vigueur entre la Tunisie et l\u2019UE. Elles faciliteront notamment la reconnaissance de l\u2019origine tunisienne pour certains produits comme les textiles, ouvrant la voie \u00e0 plus d\u2019exportations exon\u00e9r\u00e9es de droits de douane vers l\u2019Europe.<\/p>\n<p>Selon la D\u00e9l\u00e9gation de l\u2019Union europ\u00e9enne en Tunisie, cela permettra \u00e0 davantage de produits tunisiens d&rsquo;acc\u00e9der au march\u00e9 europ\u00e9en dans de meilleures conditions. Rappelons que l\u2019UE reste le principal partenaire commercial de la Tunisie, absorbant environ 70% de ses exportations.<\/p>\n<p>La conf\u00e9rence qui a pr\u00e9sent\u00e9 ces nouveaut\u00e9s a \u00e9t\u00e9 organis\u00e9e par la Banque Europ\u00e9enne pour la Reconstruction et le D\u00e9veloppement (BERD), dans le cadre du programme Insadder, financ\u00e9 par l\u2019UE pour soutenir les exportateurs tunisiens.<\/p>\n","protected":false},"excerpt":{"rendered":"<p>La Tunisie s&rsquo;appr\u00eate \u00e0 ratifier de nouveaux accords de libre-\u00e9change avec l&rsquo;UE, facilitant l\u2019acc\u00e8s des produits tunisiens au march\u00e9 europ\u00e9en gr\u00e2ce \u00e0 des r\u00e8gles&#8230;<\/p>\n","protected":false},"author":3162,"featured_media":241058,"comment_status":"open","ping_status":"open","sticky":false,"template":"","format":"standard","meta":{"footnotes":""},"categories":[44],"tags":[3104,3020,3105,2608,2897,2896],"class_list":["post-221372","post","type-post","status-publish","format-standard","has-post-thumbnail","hentry","category-national","tag-accords-de-libre-echange","tag-exportations","tag-regles","tag-tunisie","tag-ue","tag-union-europeenne"],"yoast_head":"<!-- This site is optimized with the Yoast SEO Premium plugin v27.5 (Yoast SEO v27.5) - https:\/\/yoast.com\/product\/yoast-seo-premium-wordpress\/ -->\n<title>Tunisie - Union europ\u00e9enne : Vers des r\u00e8gles plus souples pour booster les exportations tunisiennes<\/title>\n<meta name=\"description\" content=\"La Tunisie s&#039;appr\u00eate \u00e0 ratifier de nouveaux accords de libre-\u00e9change avec l&#039;UE, facilitant l\u2019acc\u00e8s des produits tunisiens au march\u00e9 europ\u00e9en gr\u00e2ce \u00e0 des r\u00e8gles...\" \/>\n<link rel=\"canonical\" href=\"https:\/\/www.webdo.tn\/fr\/actualite\/national\/tunisie-union-europeenne-vers-des-regles-plus-souples-pour-booster-les-exportations-tunisiennes\/221372\/\" \/>\n<meta property=\"og:locale\" content=\"fr_FR\" \/>\n<meta property=\"og:type\" content=\"article\" \/>\n<meta property=\"og:title\" content=\"Tunisie - Union europ\u00e9enne : Vers des r\u00e8gles plus souples pour booster les exportations tunisiennes\" \/>\n<meta property=\"og:description\" content=\"La Tunisie s&#039;appr\u00eate \u00e0 ratifier de nouveaux accords de libre-\u00e9change avec l&#039;UE, facilitant l\u2019acc\u00e8s des produits tunisiens au march\u00e9 europ\u00e9en gr\u00e2ce \u00e0 des r\u00e8gles...\" \/>\n<meta property=\"og:url\" content=\"https:\/\/www.webdo.tn\/fr\/actualite\/national\/tunisie-union-europeenne-vers-des-regles-plus-souples-pour-booster-les-exportations-tunisiennes\/221372\/\" \/>\n<meta property=\"og:site_name\" content=\"webdo\" \/>\n<meta property=\"article:publisher\" content=\"https:\/\/www.facebook.com\/webdotn\" \/>\n<meta property=\"article:published_time\" content=\"2025-04-18T15:21:00+00:00\" \/>\n<meta property=\"article:modified_time\" content=\"2025-05-20T21:40:52+00:00\" \/>\n<meta property=\"og:image\" content=\"https:\/\/www.webdo.tn\/fr\/wp-content\/uploads\/2025\/05\/32065d808ec996c6585b117fb1eaa628-3.webp\" \/>\n\t<meta property=\"og:image:width\" content=\"750\" \/>\n\t<meta property=\"og:image:height\" content=\"400\" \/>\n\t<meta property=\"og:image:type\" content=\"image\/webp\" \/>\n<meta name=\"author\" content=\"MC\" \/>\n<meta name=\"twitter:card\" content=\"summary_large_image\" \/>\n<meta name=\"twitter:creator\" content=\"@webdo_tn\" \/>\n<meta name=\"twitter:site\" content=\"@webdo_tn\" \/>\n<meta name=\"twitter:label1\" content=\"\u00c9crit par\" \/>\n\t<meta name=\"twitter:data1\" content=\"MC\" \/>\n\t<meta name=\"twitter:label2\" content=\"Dur\u00e9e de lecture estim\u00e9e\" \/>\n\t<meta name=\"twitter:data2\" content=\"1 minute\" \/>\n<script type=\"application\/ld+json\" class=\"yoast-schema-graph\">{\"@context\":\"https:\\\/\\\/schema.org\",\"@graph\":[{\"@type\":\"NewsArticle\",\"@id\":\"https:\\\/\\\/www.webdo.tn\\\/fr\\\/actualite\\\/national\\\/tunisie-union-europeenne-vers-des-regles-plus-souples-pour-booster-les-exportations-tunisiennes\\\/221372\\\/#article\",\"isPartOf\":{\"@id\":\"https:\\\/\\\/www.webdo.tn\\\/fr\\\/actualite\\\/national\\\/tunisie-union-europeenne-vers-des-regles-plus-souples-pour-booster-les-exportations-tunisiennes\\\/221372\\\/\"},\"author\":{\"name\":\"MC\",\"@id\":\"https:\\\/\\\/www.webdo.tn\\\/fr\\\/#\\\/schema\\\/person\\\/2c4929cbf5a809e3bd38617c6ce150f6\"},\"headline\":\"Tunisie &#8211; Union europ\u00e9enne : Vers des r\u00e8gles plus souples pour booster les exportations tunisiennes\",\"datePublished\":\"2025-04-18T15:21:00+00:00\",\"dateModified\":\"2025-05-20T21:40:52+00:00\",\"mainEntityOfPage\":{\"@id\":\"https:\\\/\\\/www.webdo.tn\\\/fr\\\/actualite\\\/national\\\/tunisie-union-europeenne-vers-des-regles-plus-souples-pour-booster-les-exportations-tunisiennes\\\/221372\\\/\"},\"wordCount\":315,\"commentCount\":0,\"publisher\":{\"@id\":\"https:\\\/\\\/www.webdo.tn\\\/fr\\\/#organization\"},\"image\":{\"@id\":\"https:\\\/\\\/www.webdo.tn\\\/fr\\\/actualite\\\/national\\\/tunisie-union-europeenne-vers-des-regles-plus-souples-pour-booster-les-exportations-tunisiennes\\\/221372\\\/#primaryimage\"},\"thumbnailUrl\":\"https:\\\/\\\/www.webdo.tn\\\/fr\\\/wp-content\\\/uploads\\\/2025\\\/05\\\/32065d808ec996c6585b117fb1eaa628-3.webp\",\"keywords\":[\"accords de libre-\u00e9change\",\"exportations\",\"r\u00e8gles\",\"Tunisie\",\"UE\",\"Union europ\u00e9enne\"],\"articleSection\":[\"National\"],\"inLanguage\":\"fr-FR\"},{\"@type\":\"WebPage\",\"@id\":\"https:\\\/\\\/www.webdo.tn\\\/fr\\\/actualite\\\/national\\\/tunisie-union-europeenne-vers-des-regles-plus-souples-pour-booster-les-exportations-tunisiennes\\\/221372\\\/\",\"url\":\"https:\\\/\\\/www.webdo.tn\\\/fr\\\/actualite\\\/national\\\/tunisie-union-europeenne-vers-des-regles-plus-souples-pour-booster-les-exportations-tunisiennes\\\/221372\\\/\",\"name\":\"Tunisie - Union europ\u00e9enne : Vers des r\u00e8gles plus souples pour booster les exportations tunisiennes\",\"isPartOf\":{\"@id\":\"https:\\\/\\\/www.webdo.tn\\\/fr\\\/#website\"},\"primaryImageOfPage\":{\"@id\":\"https:\\\/\\\/www.webdo.tn\\\/fr\\\/actualite\\\/national\\\/tunisie-union-europeenne-vers-des-regles-plus-souples-pour-booster-les-exportations-tunisiennes\\\/221372\\\/#primaryimage\"},\"image\":{\"@id\":\"https:\\\/\\\/www.webdo.tn\\\/fr\\\/actualite\\\/national\\\/tunisie-union-europeenne-vers-des-regles-plus-souples-pour-booster-les-exportations-tunisiennes\\\/221372\\\/#primaryimage\"},\"thumbnailUrl\":\"https:\\\/\\\/www.webdo.tn\\\/fr\\\/wp-content\\\/uploads\\\/2025\\\/05\\\/32065d808ec996c6585b117fb1eaa628-3.webp\",\"datePublished\":\"2025-04-18T15:21:00+00:00\",\"dateModified\":\"2025-05-20T21:40:52+00:00\",\"description\":\"La Tunisie s'appr\u00eate \u00e0 ratifier de nouveaux accords de libre-\u00e9change avec l'UE, facilitant l\u2019acc\u00e8s des produits tunisiens au march\u00e9 europ\u00e9en gr\u00e2ce \u00e0 des r\u00e8gles...\",\"breadcrumb\":{\"@id\":\"https:\\\/\\\/www.webdo.tn\\\/fr\\\/actualite\\\/national\\\/tunisie-union-europeenne-vers-des-regles-plus-souples-pour-booster-les-exportations-tunisiennes\\\/221372\\\/#breadcrumb\"},\"inLanguage\":\"fr-FR\",\"potentialAction\":[{\"@type\":\"ReadAction\",\"target\":[\"https:\\\/\\\/www.webdo.tn\\\/fr\\\/actualite\\\/national\\\/tunisie-union-europeenne-vers-des-regles-plus-souples-pour-booster-les-exportations-tunisiennes\\\/221372\\\/\"]}]},{\"@type\":\"ImageObject\",\"inLanguage\":\"fr-FR\",\"@id\":\"https:\\\/\\\/www.webdo.tn\\\/fr\\\/actualite\\\/national\\\/tunisie-union-europeenne-vers-des-regles-plus-souples-pour-booster-les-exportations-tunisiennes\\\/221372\\\/#primaryimage\",\"url\":\"https:\\\/\\\/www.webdo.tn\\\/fr\\\/wp-content\\\/uploads\\\/2025\\\/05\\\/32065d808ec996c6585b117fb1eaa628-3.webp\",\"contentUrl\":\"https:\\\/\\\/www.webdo.tn\\\/fr\\\/wp-content\\\/uploads\\\/2025\\\/05\\\/32065d808ec996c6585b117fb1eaa628-3.webp\",\"width\":750,\"height\":400},{\"@type\":\"BreadcrumbList\",\"@id\":\"https:\\\/\\\/www.webdo.tn\\\/fr\\\/actualite\\\/national\\\/tunisie-union-europeenne-vers-des-regles-plus-souples-pour-booster-les-exportations-tunisiennes\\\/221372\\\/#breadcrumb\",\"itemListElement\":[{\"@type\":\"ListItem\",\"position\":1,\"name\":\"Accueil\",\"item\":\"https:\\\/\\\/www.webdo.tn\\\/fr\\\/\"},{\"@type\":\"ListItem\",\"position\":2,\"name\":\"Tunisie &#8211; Union europ\u00e9enne : Vers des r\u00e8gles plus souples pour booster les exportations tunisiennes\"}]},{\"@type\":\"WebSite\",\"@id\":\"https:\\\/\\\/www.webdo.tn\\\/fr\\\/#website\",\"url\":\"https:\\\/\\\/www.webdo.tn\\\/fr\\\/\",\"name\":\"webdo\",\"description\":\"Tunisie - News en Tunisie et \u00e0 l&#039;international sur Webdo.tn\",\"publisher\":{\"@id\":\"https:\\\/\\\/www.webdo.tn\\\/fr\\\/#organization\"},\"potentialAction\":[{\"@type\":\"SearchAction\",\"target\":{\"@type\":\"EntryPoint\",\"urlTemplate\":\"https:\\\/\\\/www.webdo.tn\\\/fr\\\/?s={search_term_string}\"},\"query-input\":{\"@type\":\"PropertyValueSpecification\",\"valueRequired\":true,\"valueName\":\"search_term_string\"}}],\"inLanguage\":\"fr-FR\"},{\"@type\":\"Organization\",\"@id\":\"https:\\\/\\\/www.webdo.tn\\\/fr\\\/#organization\",\"name\":\"Webdo\",\"alternateName\":\"Webdo.tn\",\"url\":\"https:\\\/\\\/www.webdo.tn\\\/fr\\\/\",\"logo\":{\"@type\":\"ImageObject\",\"inLanguage\":\"fr-FR\",\"@id\":\"https:\\\/\\\/www.webdo.tn\\\/fr\\\/#\\\/schema\\\/logo\\\/image\\\/\",\"url\":\"https:\\\/\\\/www.webdo.tn\\\/fr\\\/wp-content\\\/uploads\\\/2025\\\/06\\\/Webdo-Tunisie_168377.jpg\",\"contentUrl\":\"https:\\\/\\\/www.webdo.tn\\\/fr\\\/wp-content\\\/uploads\\\/2025\\\/06\\\/Webdo-Tunisie_168377.jpg\",\"width\":301,\"height\":301,\"caption\":\"Webdo\"},\"image\":{\"@id\":\"https:\\\/\\\/www.webdo.tn\\\/fr\\\/#\\\/schema\\\/logo\\\/image\\\/\"},\"sameAs\":[\"https:\\\/\\\/www.facebook.com\\\/webdotn\",\"https:\\\/\\\/x.com\\\/webdo_tn\"],\"description\":\"Webdo est un m\u00e9dia num\u00e9rique tunisien fond\u00e9 en 2010, sp\u00e9cialis\u00e9 dans l\u2019actualit\u00e9 nationale et internationale, l\u2019\u00e9conomie, la soci\u00e9t\u00e9 et les analyses politiques. Le site s\u2019adresse \u00e0 un large public francophone et couvre l\u2019information tunisienne en temps r\u00e9el.\",\"email\":\"redac@webdo.tn\",\"legalName\":\"YNJ SARL\",\"foundingDate\":\"2010-09-06\",\"numberOfEmployees\":{\"@type\":\"QuantitativeValue\",\"minValue\":\"11\",\"maxValue\":\"50\"}},{\"@type\":\"Person\",\"@id\":\"https:\\\/\\\/www.webdo.tn\\\/fr\\\/#\\\/schema\\\/person\\\/2c4929cbf5a809e3bd38617c6ce150f6\",\"name\":\"MC\",\"image\":{\"@type\":\"ImageObject\",\"inLanguage\":\"fr-FR\",\"@id\":\"https:\\\/\\\/secure.gravatar.com\\\/avatar\\\/a545bbb6f84efdd5553dbbc2895e3ca8f1d12c5215e00a041c9670b54aa9b18a?s=96&d=mm&r=g\",\"url\":\"https:\\\/\\\/secure.gravatar.com\\\/avatar\\\/a545bbb6f84efdd5553dbbc2895e3ca8f1d12c5215e00a041c9670b54aa9b18a?s=96&d=mm&r=g\",\"contentUrl\":\"https:\\\/\\\/secure.gravatar.com\\\/avatar\\\/a545bbb6f84efdd5553dbbc2895e3ca8f1d12c5215e00a041c9670b54aa9b18a?s=96&d=mm&r=g\",\"caption\":\"MC\"},\"url\":\"https:\\\/\\\/www.webdo.tn\\\/fr\\\/actualite\\\/author\\\/mc\\\/\"}]}<\/script>\n<!-- \/ Yoast SEO Premium plugin. -->","yoast_head_json":{"title":"Tunisie - Union europ\u00e9enne : Vers des r\u00e8gles plus souples pour booster les exportations tunisiennes","description":"La Tunisie s'appr\u00eate \u00e0 ratifier de nouveaux accords de libre-\u00e9change avec l'UE, facilitant l\u2019acc\u00e8s des produits tunisiens au march\u00e9 europ\u00e9en gr\u00e2ce \u00e0 des r\u00e8gles...","canonical":"https:\/\/www.webdo.tn\/fr\/actualite\/national\/tunisie-union-europeenne-vers-des-regles-plus-souples-pour-booster-les-exportations-tunisiennes\/221372\/","og_locale":"fr_FR","og_type":"article","og_title":"Tunisie - Union europ\u00e9enne : Vers des r\u00e8gles plus souples pour booster les exportations tunisiennes","og_description":"La Tunisie s'appr\u00eate \u00e0 ratifier de nouveaux accords de libre-\u00e9change avec l'UE, facilitant l\u2019acc\u00e8s des produits tunisiens au march\u00e9 europ\u00e9en gr\u00e2ce \u00e0 des r\u00e8gles...","og_url":"https:\/\/www.webdo.tn\/fr\/actualite\/national\/tunisie-union-europeenne-vers-des-regles-plus-souples-pour-booster-les-exportations-tunisiennes\/221372\/","og_site_name":"webdo","article_publisher":"https:\/\/www.facebook.com\/webdotn","article_published_time":"2025-04-18T15:21:00+00:00","article_modified_time":"2025-05-20T21:40:52+00:00","og_image":[{"width":750,"height":400,"url":"https:\/\/www.webdo.tn\/fr\/wp-content\/uploads\/2025\/05\/32065d808ec996c6585b117fb1eaa628-3.webp","type":"image\/webp"}],"author":"MC","twitter_card":"summary_large_image","twitter_creator":"@webdo_tn","twitter_site":"@webdo_tn","twitter_misc":{"\u00c9crit par":"MC","Dur\u00e9e de lecture estim\u00e9e":"1 minute"},"schema":{"@context":"https:\/\/schema.org","@graph":[{"@type":"NewsArticle","@id":"https:\/\/www.webdo.tn\/fr\/actualite\/national\/tunisie-union-europeenne-vers-des-regles-plus-souples-pour-booster-les-exportations-tunisiennes\/221372\/#article","isPartOf":{"@id":"https:\/\/www.webdo.tn\/fr\/actualite\/national\/tunisie-union-europeenne-vers-des-regles-plus-souples-pour-booster-les-exportations-tunisiennes\/221372\/"},"author":{"name":"MC","@id":"https:\/\/www.webdo.tn\/fr\/#\/schema\/person\/2c4929cbf5a809e3bd38617c6ce150f6"},"headline":"Tunisie &#8211; Union europ\u00e9enne : Vers des r\u00e8gles plus souples pour booster les exportations tunisiennes","datePublished":"2025-04-18T15:21:00+00:00","dateModified":"2025-05-20T21:40:52+00:00","mainEntityOfPage":{"@id":"https:\/\/www.webdo.tn\/fr\/actualite\/national\/tunisie-union-europeenne-vers-des-regles-plus-souples-pour-booster-les-exportations-tunisiennes\/221372\/"},"wordCount":315,"commentCount":0,"publisher":{"@id":"https:\/\/www.webdo.tn\/fr\/#organization"},"image":{"@id":"https:\/\/www.webdo.tn\/fr\/actualite\/national\/tunisie-union-europeenne-vers-des-regles-plus-souples-pour-booster-les-exportations-tunisiennes\/221372\/#primaryimage"},"thumbnailUrl":"https:\/\/www.webdo.tn\/fr\/wp-content\/uploads\/2025\/05\/32065d808ec996c6585b117fb1eaa628-3.webp","keywords":["accords de libre-\u00e9change","exportations","r\u00e8gles","Tunisie","UE","Union europ\u00e9enne"],"articleSection":["National"],"inLanguage":"fr-FR"},{"@type":"WebPage","@id":"https:\/\/www.webdo.tn\/fr\/actualite\/national\/tunisie-union-europeenne-vers-des-regles-plus-souples-pour-booster-les-exportations-tunisiennes\/221372\/","url":"https:\/\/www.webdo.tn\/fr\/actualite\/national\/tunisie-union-europeenne-vers-des-regles-plus-souples-pour-booster-les-exportations-tunisiennes\/221372\/","name":"Tunisie - Union europ\u00e9enne : Vers des r\u00e8gles plus souples pour booster les exportations tunisiennes","isPartOf":{"@id":"https:\/\/www.webdo.tn\/fr\/#website"},"primaryImageOfPage":{"@id":"https:\/\/www.webdo.tn\/fr\/actualite\/national\/tunisie-union-europeenne-vers-des-regles-plus-souples-pour-booster-les-exportations-tunisiennes\/221372\/#primaryimage"},"image":{"@id":"https:\/\/www.webdo.tn\/fr\/actualite\/national\/tunisie-union-europeenne-vers-des-regles-plus-souples-pour-booster-les-exportations-tunisiennes\/221372\/#primaryimage"},"thumbnailUrl":"https:\/\/www.webdo.tn\/fr\/wp-content\/uploads\/2025\/05\/32065d808ec996c6585b117fb1eaa628-3.webp","datePublished":"2025-04-18T15:21:00+00:00","dateModified":"2025-05-20T21:40:52+00:00","description":"La Tunisie s'appr\u00eate \u00e0 ratifier de nouveaux accords de libre-\u00e9change avec l'UE, facilitant l\u2019acc\u00e8s des produits tunisiens au march\u00e9 europ\u00e9en gr\u00e2ce \u00e0 des r\u00e8gles...","breadcrumb":{"@id":"https:\/\/www.webdo.tn\/fr\/actualite\/national\/tunisie-union-europeenne-vers-des-regles-plus-souples-pour-booster-les-exportations-tunisiennes\/221372\/#breadcrumb"},"inLanguage":"fr-FR","potentialAction":[{"@type":"ReadAction","target":["https:\/\/www.webdo.tn\/fr\/actualite\/national\/tunisie-union-europeenne-vers-des-regles-plus-souples-pour-booster-les-exportations-tunisiennes\/221372\/"]}]},{"@type":"ImageObject","inLanguage":"fr-FR","@id":"https:\/\/www.webdo.tn\/fr\/actualite\/national\/tunisie-union-europeenne-vers-des-regles-plus-souples-pour-booster-les-exportations-tunisiennes\/221372\/#primaryimage","url":"https:\/\/www.webdo.tn\/fr\/wp-content\/uploads\/2025\/05\/32065d808ec996c6585b117fb1eaa628-3.webp","contentUrl":"https:\/\/www.webdo.tn\/fr\/wp-content\/uploads\/2025\/05\/32065d808ec996c6585b117fb1eaa628-3.webp","width":750,"height":400},{"@type":"BreadcrumbList","@id":"https:\/\/www.webdo.tn\/fr\/actualite\/national\/tunisie-union-europeenne-vers-des-regles-plus-souples-pour-booster-les-exportations-tunisiennes\/221372\/#breadcrumb","itemListElement":[{"@type":"ListItem","position":1,"name":"Accueil","item":"https:\/\/www.webdo.tn\/fr\/"},{"@type":"ListItem","position":2,"name":"Tunisie &#8211; Union europ\u00e9enne : Vers des r\u00e8gles plus souples pour booster les exportations tunisiennes"}]},{"@type":"WebSite","@id":"https:\/\/www.webdo.tn\/fr\/#website","url":"https:\/\/www.webdo.tn\/fr\/","name":"webdo","description":"Tunisie - News en Tunisie et \u00e0 l&#039;international sur Webdo.tn","publisher":{"@id":"https:\/\/www.webdo.tn\/fr\/#organization"},"potentialAction":[{"@type":"SearchAction","target":{"@type":"EntryPoint","urlTemplate":"https:\/\/www.webdo.tn\/fr\/?s={search_term_string}"},"query-input":{"@type":"PropertyValueSpecification","valueRequired":true,"valueName":"search_term_string"}}],"inLanguage":"fr-FR"},{"@type":"Organization","@id":"https:\/\/www.webdo.tn\/fr\/#organization","name":"Webdo","alternateName":"Webdo.tn","url":"https:\/\/www.webdo.tn\/fr\/","logo":{"@type":"ImageObject","inLanguage":"fr-FR","@id":"https:\/\/www.webdo.tn\/fr\/#\/schema\/logo\/image\/","url":"https:\/\/www.webdo.tn\/fr\/wp-content\/uploads\/2025\/06\/Webdo-Tunisie_168377.jpg","contentUrl":"https:\/\/www.webdo.tn\/fr\/wp-content\/uploads\/2025\/06\/Webdo-Tunisie_168377.jpg","width":301,"height":301,"caption":"Webdo"},"image":{"@id":"https:\/\/www.webdo.tn\/fr\/#\/schema\/logo\/image\/"},"sameAs":["https:\/\/www.facebook.com\/webdotn","https:\/\/x.com\/webdo_tn"],"description":"Webdo est un m\u00e9dia num\u00e9rique tunisien fond\u00e9 en 2010, sp\u00e9cialis\u00e9 dans l\u2019actualit\u00e9 nationale et internationale, l\u2019\u00e9conomie, la soci\u00e9t\u00e9 et les analyses politiques. Le site s\u2019adresse \u00e0 un large public francophone et couvre l\u2019information tunisienne en temps r\u00e9el.","email":"redac@webdo.tn","legalName":"YNJ SARL","foundingDate":"2010-09-06","numberOfEmployees":{"@type":"QuantitativeValue","minValue":"11","maxValue":"50"}},{"@type":"Person","@id":"https:\/\/www.webdo.tn\/fr\/#\/schema\/person\/2c4929cbf5a809e3bd38617c6ce150f6","name":"MC","image":{"@type":"ImageObject","inLanguage":"fr-FR","@id":"https:\/\/secure.gravatar.com\/avatar\/a545bbb6f84efdd5553dbbc2895e3ca8f1d12c5215e00a041c9670b54aa9b18a?s=96&d=mm&r=g","url":"https:\/\/secure.gravatar.com\/avatar\/a545bbb6f84efdd5553dbbc2895e3ca8f1d12c5215e00a041c9670b54aa9b18a?s=96&d=mm&r=g","contentUrl":"https:\/\/secure.gravatar.com\/avatar\/a545bbb6f84efdd5553dbbc2895e3ca8f1d12c5215e00a041c9670b54aa9b18a?s=96&d=mm&r=g","caption":"MC"},"url":"https:\/\/www.webdo.tn\/fr\/actualite\/author\/mc\/"}]}},"_links":{"self":[{"href":"https:\/\/www.webdo.tn\/fr\/wp-json\/wp\/v2\/posts\/221372","targetHints":{"allow":["GET"]}}],"collection":[{"href":"https:\/\/www.webdo.tn\/fr\/wp-json\/wp\/v2\/posts"}],"about":[{"href":"https:\/\/www.webdo.tn\/fr\/wp-json\/wp\/v2\/types\/post"}],"author":[{"embeddable":true,"href":"https:\/\/www.webdo.tn\/fr\/wp-json\/wp\/v2\/users\/3162"}],"replies":[{"embeddable":true,"href":"https:\/\/www.webdo.tn\/fr\/wp-json\/wp\/v2\/comments?post=221372"}],"version-history":[{"count":0,"href":"https:\/\/www.webdo.tn\/fr\/wp-json\/wp\/v2\/posts\/221372\/revisions"}],"wp:featuredmedia":[{"embeddable":true,"href":"https:\/\/www.webdo.tn\/fr\/wp-json\/wp\/v2\/media\/241058"}],"wp:attachment":[{"href":"https:\/\/www.webdo.tn\/fr\/wp-json\/wp\/v2\/media?parent=221372"}],"wp:term":[{"taxonomy":"category","embeddable":true,"href":"https:\/\/www.webdo.tn\/fr\/wp-json\/wp\/v2\/categories?post=221372"},{"taxonomy":"post_tag","embeddable":true,"href":"https:\/\/www.webdo.tn\/fr\/wp-json\/wp\/v2\/tags?post=221372"}],"curies":[{"name":"wp","href":"https:\/\/api.w.org\/{rel}","templated":true}]}}