{"id":221370,"date":"2025-04-18T14:55:00","date_gmt":"2025-04-18T14:55:00","guid":{"rendered":"https:\/\/www.webdo.tn\/fr\/blog\/2025\/04\/18\/tunisie-ligue-1-27eme-j-le-derby-ca-est-choc-decisif-pour-le-sprint-final\/"},"modified":"2025-05-20T21:40:52","modified_gmt":"2025-05-20T21:40:52","slug":"tunisie-ligue-1-27eme-j-le-derby-ca-est-choc-decisif-pour-le-sprint-final","status":"publish","type":"post","link":"https:\/\/www.webdo.tn\/fr\/actualite\/sport\/tunisie-ligue-1-27eme-j-le-derby-ca-est-choc-decisif-pour-le-sprint-final\/221370\/","title":{"rendered":"Tunisie &#8211; Ligue 1 (27\u00e8me J.) : Le derby CA\u2013EST, choc d\u00e9cisif pour le sprint final"},"content":{"rendered":"<p>Le 142e derby de la capitale tunisienne, opposant le Club Africain \u00e0 l\u2019Esp\u00e9rance de Tunis, s\u2019annonce crucial dans la lutte pour le titre de Ligue 1. Programm\u00e9 ce dimanche au stade Hamadi Agrebi (16h), ce choc au sommet pourrait redistribuer les cartes \u00e0 trois journ\u00e9es de la fin. \u00a0<\/p>\n<p>L\u2019Esp\u00e9rance, co-leader avec l\u2019US Monastir (56 pts), devra l\u2019emporter sans Youcef Belaili, suspendu, pour garder la t\u00eate. En face, le Club Africain (53 pts), solide d\u00e9fensivement, peut revenir au niveau de son adversaire en cas de victoire, relan\u00e7ant ainsi une course au titre haletante. \u00a0<\/p>\n<p>Pendant ce temps, Monastir recevra l\u2019AS Soliman dans un duel \u00e0 enjeu, tout comme l\u2019\u00c9toile du Sahel (4e, 51 pts) qui se d\u00e9placera \u00e0 Tunis pour affronter la JS Omrane. L\u2019ES Zarzis et le Stade Tunisien esp\u00e8rent encore jouer les trouble-f\u00eates. En bas de tableau, la lutte pour le maintien s\u2019intensifie avec plusieurs confrontations d\u00e9cisives. \u00a0<\/p>\n<p>PROGRAMME<\/p>\n<p>Samedi 19 avril (14h30)<\/p>\n<p>\tJS Omrane &#8211; ES Sahel (Arbitre Nidhal Letaief \/ VAR : Amir Ayadi)<br \/>\n\tO. B\u00e9ja &#8211; Stade Tunisien (Arbitre : Montassar Belarbi \/ VAR : Hosni Naili)<br \/>\n\tCS Sfaxien &#8211; ES M\u00e9tlaoui (Arbitre : Houssem Ben Sassi \/ VAR : Abdelhamid Badreddine)<br \/>\n\tES Zarzis &#8211; US Tataouine (Arbitre : Mehrez Melki \/ VAR : Jalel Sahbani)<\/p>\n<p>Dimanche 20 avril (14h30)<\/p>\n<p>\t16h00 : Club Africain &#8211; ES Tunis (Arbitre : Luis Godinho\/POR \/ VAR: Bruno Estevas\/POR)<br \/>\n\tUS Monastir &#8211; AS Soliman (Arbitre : Walid Mansri \/ VAR: Khalil Trabelsi)<br \/>\n\tEGS Gafsa &#8211; CA Bizertin (Arbitre : Hamza Jaied \/ VAR: Khaled Gouider)<br \/>\n\tUS Ben Guerdane &#8211; AS Gab\u00e8s (Arbitre : Amir Loucif \/ VAR: Oussama Ben Ishak)<\/p>\n","protected":false},"excerpt":{"rendered":"<p>Le 142e derby de la capitale entre le Club Africain et l\u2019Esp\u00e9rance de Tunis, pr\u00e9vu ce dimanche \u00e0 Rad\u00e8s, s\u2019annonce d\u00e9cisif dans la lutte pour le titre de Ligue 1&#8230;<\/p>\n","protected":false},"author":3162,"featured_media":241056,"comment_status":"open","ping_status":"open","sticky":false,"template":"","format":"standard","meta":{"footnotes":""},"categories":[2593],"tags":[3103,3101,3077,3102,2622,2777,2608],"class_list":["post-221370","post","type-post","status-publish","format-standard","has-post-thumbnail","hentry","category-sport","tag-capitale","tag-club-africain","tag-derby","tag-esperance-st","tag-football","tag-ligue-1","tag-tunisie"],"yoast_head":"<!-- This site is optimized with the Yoast SEO Premium plugin v27.5 (Yoast SEO v27.5) - https:\/\/yoast.com\/product\/yoast-seo-premium-wordpress\/ -->\n<title>Tunisie - Ligue 1 (27\u00e8me J.) : Le derby CA\u2013EST, choc d\u00e9cisif pour le sprint final<\/title>\n<meta name=\"description\" content=\"Le 142e derby de la capitale entre le Club Africain et l\u2019Esp\u00e9rance de Tunis, pr\u00e9vu ce dimanche \u00e0 Rad\u00e8s, s\u2019annonce d\u00e9cisif dans la lutte pour le titre de Ligue 1...\" \/>\n<link rel=\"canonical\" href=\"https:\/\/www.webdo.tn\/fr\/actualite\/sport\/tunisie-ligue-1-27eme-j-le-derby-ca-est-choc-decisif-pour-le-sprint-final\/221370\/\" \/>\n<meta property=\"og:locale\" content=\"fr_FR\" \/>\n<meta property=\"og:type\" content=\"article\" \/>\n<meta property=\"og:title\" content=\"Tunisie - Ligue 1 (27\u00e8me J.) : Le derby CA\u2013EST, choc d\u00e9cisif pour le sprint final\" \/>\n<meta property=\"og:description\" content=\"Le 142e derby de la capitale entre le Club Africain et l\u2019Esp\u00e9rance de Tunis, pr\u00e9vu ce dimanche \u00e0 Rad\u00e8s, s\u2019annonce d\u00e9cisif dans la lutte pour le titre de Ligue 1...\" \/>\n<meta property=\"og:url\" content=\"https:\/\/www.webdo.tn\/fr\/actualite\/sport\/tunisie-ligue-1-27eme-j-le-derby-ca-est-choc-decisif-pour-le-sprint-final\/221370\/\" \/>\n<meta property=\"og:site_name\" content=\"webdo\" \/>\n<meta property=\"article:publisher\" content=\"https:\/\/www.facebook.com\/webdotn\" \/>\n<meta property=\"article:published_time\" content=\"2025-04-18T14:55:00+00:00\" \/>\n<meta property=\"article:modified_time\" content=\"2025-05-20T21:40:52+00:00\" \/>\n<meta property=\"og:image\" content=\"https:\/\/www.webdo.tn\/fr\/wp-content\/uploads\/2025\/05\/e08dc0d2b478e18492e294231a026fcc-3.webp\" \/>\n\t<meta property=\"og:image:width\" content=\"750\" \/>\n\t<meta property=\"og:image:height\" content=\"400\" \/>\n\t<meta property=\"og:image:type\" content=\"image\/webp\" \/>\n<meta name=\"author\" content=\"MC\" \/>\n<meta name=\"twitter:card\" content=\"summary_large_image\" \/>\n<meta name=\"twitter:creator\" content=\"@webdo_tn\" \/>\n<meta name=\"twitter:site\" content=\"@webdo_tn\" \/>\n<meta name=\"twitter:label1\" content=\"\u00c9crit par\" \/>\n\t<meta name=\"twitter:data1\" content=\"MC\" \/>\n\t<meta name=\"twitter:label2\" content=\"Dur\u00e9e de lecture estim\u00e9e\" \/>\n\t<meta name=\"twitter:data2\" content=\"1 minute\" \/>\n<script type=\"application\/ld+json\" class=\"yoast-schema-graph\">{\"@context\":\"https:\\\/\\\/schema.org\",\"@graph\":[{\"@type\":\"NewsArticle\",\"@id\":\"https:\\\/\\\/www.webdo.tn\\\/fr\\\/actualite\\\/sport\\\/tunisie-ligue-1-27eme-j-le-derby-ca-est-choc-decisif-pour-le-sprint-final\\\/221370\\\/#article\",\"isPartOf\":{\"@id\":\"https:\\\/\\\/www.webdo.tn\\\/fr\\\/actualite\\\/sport\\\/tunisie-ligue-1-27eme-j-le-derby-ca-est-choc-decisif-pour-le-sprint-final\\\/221370\\\/\"},\"author\":{\"name\":\"MC\",\"@id\":\"https:\\\/\\\/www.webdo.tn\\\/fr\\\/#\\\/schema\\\/person\\\/2c4929cbf5a809e3bd38617c6ce150f6\"},\"headline\":\"Tunisie &#8211; Ligue 1 (27\u00e8me J.) : Le derby CA\u2013EST, choc d\u00e9cisif pour le sprint final\",\"datePublished\":\"2025-04-18T14:55:00+00:00\",\"dateModified\":\"2025-05-20T21:40:52+00:00\",\"mainEntityOfPage\":{\"@id\":\"https:\\\/\\\/www.webdo.tn\\\/fr\\\/actualite\\\/sport\\\/tunisie-ligue-1-27eme-j-le-derby-ca-est-choc-decisif-pour-le-sprint-final\\\/221370\\\/\"},\"wordCount\":278,\"commentCount\":0,\"publisher\":{\"@id\":\"https:\\\/\\\/www.webdo.tn\\\/fr\\\/#organization\"},\"image\":{\"@id\":\"https:\\\/\\\/www.webdo.tn\\\/fr\\\/actualite\\\/sport\\\/tunisie-ligue-1-27eme-j-le-derby-ca-est-choc-decisif-pour-le-sprint-final\\\/221370\\\/#primaryimage\"},\"thumbnailUrl\":\"https:\\\/\\\/www.webdo.tn\\\/fr\\\/wp-content\\\/uploads\\\/2025\\\/05\\\/e08dc0d2b478e18492e294231a026fcc-3.webp\",\"keywords\":[\"capitale\",\"Club Africain\",\"Derby\",\"esp\u00e9rance st\",\"football\",\"Ligue 1\",\"Tunisie\"],\"articleSection\":[\"Sport\"],\"inLanguage\":\"fr-FR\"},{\"@type\":\"WebPage\",\"@id\":\"https:\\\/\\\/www.webdo.tn\\\/fr\\\/actualite\\\/sport\\\/tunisie-ligue-1-27eme-j-le-derby-ca-est-choc-decisif-pour-le-sprint-final\\\/221370\\\/\",\"url\":\"https:\\\/\\\/www.webdo.tn\\\/fr\\\/actualite\\\/sport\\\/tunisie-ligue-1-27eme-j-le-derby-ca-est-choc-decisif-pour-le-sprint-final\\\/221370\\\/\",\"name\":\"Tunisie - Ligue 1 (27\u00e8me J.) : Le derby CA\u2013EST, choc d\u00e9cisif pour le sprint final\",\"isPartOf\":{\"@id\":\"https:\\\/\\\/www.webdo.tn\\\/fr\\\/#website\"},\"primaryImageOfPage\":{\"@id\":\"https:\\\/\\\/www.webdo.tn\\\/fr\\\/actualite\\\/sport\\\/tunisie-ligue-1-27eme-j-le-derby-ca-est-choc-decisif-pour-le-sprint-final\\\/221370\\\/#primaryimage\"},\"image\":{\"@id\":\"https:\\\/\\\/www.webdo.tn\\\/fr\\\/actualite\\\/sport\\\/tunisie-ligue-1-27eme-j-le-derby-ca-est-choc-decisif-pour-le-sprint-final\\\/221370\\\/#primaryimage\"},\"thumbnailUrl\":\"https:\\\/\\\/www.webdo.tn\\\/fr\\\/wp-content\\\/uploads\\\/2025\\\/05\\\/e08dc0d2b478e18492e294231a026fcc-3.webp\",\"datePublished\":\"2025-04-18T14:55:00+00:00\",\"dateModified\":\"2025-05-20T21:40:52+00:00\",\"description\":\"Le 142e derby de la capitale entre le Club Africain et l\u2019Esp\u00e9rance de Tunis, pr\u00e9vu ce dimanche \u00e0 Rad\u00e8s, s\u2019annonce d\u00e9cisif dans la lutte pour le titre de Ligue 1...\",\"breadcrumb\":{\"@id\":\"https:\\\/\\\/www.webdo.tn\\\/fr\\\/actualite\\\/sport\\\/tunisie-ligue-1-27eme-j-le-derby-ca-est-choc-decisif-pour-le-sprint-final\\\/221370\\\/#breadcrumb\"},\"inLanguage\":\"fr-FR\",\"potentialAction\":[{\"@type\":\"ReadAction\",\"target\":[\"https:\\\/\\\/www.webdo.tn\\\/fr\\\/actualite\\\/sport\\\/tunisie-ligue-1-27eme-j-le-derby-ca-est-choc-decisif-pour-le-sprint-final\\\/221370\\\/\"]}]},{\"@type\":\"ImageObject\",\"inLanguage\":\"fr-FR\",\"@id\":\"https:\\\/\\\/www.webdo.tn\\\/fr\\\/actualite\\\/sport\\\/tunisie-ligue-1-27eme-j-le-derby-ca-est-choc-decisif-pour-le-sprint-final\\\/221370\\\/#primaryimage\",\"url\":\"https:\\\/\\\/www.webdo.tn\\\/fr\\\/wp-content\\\/uploads\\\/2025\\\/05\\\/e08dc0d2b478e18492e294231a026fcc-3.webp\",\"contentUrl\":\"https:\\\/\\\/www.webdo.tn\\\/fr\\\/wp-content\\\/uploads\\\/2025\\\/05\\\/e08dc0d2b478e18492e294231a026fcc-3.webp\",\"width\":750,\"height\":400},{\"@type\":\"BreadcrumbList\",\"@id\":\"https:\\\/\\\/www.webdo.tn\\\/fr\\\/actualite\\\/sport\\\/tunisie-ligue-1-27eme-j-le-derby-ca-est-choc-decisif-pour-le-sprint-final\\\/221370\\\/#breadcrumb\",\"itemListElement\":[{\"@type\":\"ListItem\",\"position\":1,\"name\":\"Accueil\",\"item\":\"https:\\\/\\\/www.webdo.tn\\\/fr\\\/\"},{\"@type\":\"ListItem\",\"position\":2,\"name\":\"Tunisie &#8211; Ligue 1 (27\u00e8me J.) : Le derby CA\u2013EST, choc d\u00e9cisif pour le sprint final\"}]},{\"@type\":\"WebSite\",\"@id\":\"https:\\\/\\\/www.webdo.tn\\\/fr\\\/#website\",\"url\":\"https:\\\/\\\/www.webdo.tn\\\/fr\\\/\",\"name\":\"webdo\",\"description\":\"Tunisie - News en Tunisie et \u00e0 l&#039;international sur Webdo.tn\",\"publisher\":{\"@id\":\"https:\\\/\\\/www.webdo.tn\\\/fr\\\/#organization\"},\"potentialAction\":[{\"@type\":\"SearchAction\",\"target\":{\"@type\":\"EntryPoint\",\"urlTemplate\":\"https:\\\/\\\/www.webdo.tn\\\/fr\\\/?s={search_term_string}\"},\"query-input\":{\"@type\":\"PropertyValueSpecification\",\"valueRequired\":true,\"valueName\":\"search_term_string\"}}],\"inLanguage\":\"fr-FR\"},{\"@type\":\"Organization\",\"@id\":\"https:\\\/\\\/www.webdo.tn\\\/fr\\\/#organization\",\"name\":\"Webdo\",\"alternateName\":\"Webdo.tn\",\"url\":\"https:\\\/\\\/www.webdo.tn\\\/fr\\\/\",\"logo\":{\"@type\":\"ImageObject\",\"inLanguage\":\"fr-FR\",\"@id\":\"https:\\\/\\\/www.webdo.tn\\\/fr\\\/#\\\/schema\\\/logo\\\/image\\\/\",\"url\":\"https:\\\/\\\/www.webdo.tn\\\/fr\\\/wp-content\\\/uploads\\\/2025\\\/06\\\/Webdo-Tunisie_168377.jpg\",\"contentUrl\":\"https:\\\/\\\/www.webdo.tn\\\/fr\\\/wp-content\\\/uploads\\\/2025\\\/06\\\/Webdo-Tunisie_168377.jpg\",\"width\":301,\"height\":301,\"caption\":\"Webdo\"},\"image\":{\"@id\":\"https:\\\/\\\/www.webdo.tn\\\/fr\\\/#\\\/schema\\\/logo\\\/image\\\/\"},\"sameAs\":[\"https:\\\/\\\/www.facebook.com\\\/webdotn\",\"https:\\\/\\\/x.com\\\/webdo_tn\"],\"description\":\"Webdo est un m\u00e9dia num\u00e9rique tunisien fond\u00e9 en 2010, sp\u00e9cialis\u00e9 dans l\u2019actualit\u00e9 nationale et internationale, l\u2019\u00e9conomie, la soci\u00e9t\u00e9 et les analyses politiques. Le site s\u2019adresse \u00e0 un large public francophone et couvre l\u2019information tunisienne en temps r\u00e9el.\",\"email\":\"redac@webdo.tn\",\"legalName\":\"YNJ SARL\",\"foundingDate\":\"2010-09-06\",\"numberOfEmployees\":{\"@type\":\"QuantitativeValue\",\"minValue\":\"11\",\"maxValue\":\"50\"}},{\"@type\":\"Person\",\"@id\":\"https:\\\/\\\/www.webdo.tn\\\/fr\\\/#\\\/schema\\\/person\\\/2c4929cbf5a809e3bd38617c6ce150f6\",\"name\":\"MC\",\"image\":{\"@type\":\"ImageObject\",\"inLanguage\":\"fr-FR\",\"@id\":\"https:\\\/\\\/secure.gravatar.com\\\/avatar\\\/a545bbb6f84efdd5553dbbc2895e3ca8f1d12c5215e00a041c9670b54aa9b18a?s=96&d=mm&r=g\",\"url\":\"https:\\\/\\\/secure.gravatar.com\\\/avatar\\\/a545bbb6f84efdd5553dbbc2895e3ca8f1d12c5215e00a041c9670b54aa9b18a?s=96&d=mm&r=g\",\"contentUrl\":\"https:\\\/\\\/secure.gravatar.com\\\/avatar\\\/a545bbb6f84efdd5553dbbc2895e3ca8f1d12c5215e00a041c9670b54aa9b18a?s=96&d=mm&r=g\",\"caption\":\"MC\"},\"url\":\"https:\\\/\\\/www.webdo.tn\\\/fr\\\/actualite\\\/author\\\/mc\\\/\"}]}<\/script>\n<!-- \/ Yoast SEO Premium plugin. -->","yoast_head_json":{"title":"Tunisie - Ligue 1 (27\u00e8me J.) : Le derby CA\u2013EST, choc d\u00e9cisif pour le sprint final","description":"Le 142e derby de la capitale entre le Club Africain et l\u2019Esp\u00e9rance de Tunis, pr\u00e9vu ce dimanche \u00e0 Rad\u00e8s, s\u2019annonce d\u00e9cisif dans la lutte pour le titre de Ligue 1...","canonical":"https:\/\/www.webdo.tn\/fr\/actualite\/sport\/tunisie-ligue-1-27eme-j-le-derby-ca-est-choc-decisif-pour-le-sprint-final\/221370\/","og_locale":"fr_FR","og_type":"article","og_title":"Tunisie - Ligue 1 (27\u00e8me J.) : Le derby CA\u2013EST, choc d\u00e9cisif pour le sprint final","og_description":"Le 142e derby de la capitale entre le Club Africain et l\u2019Esp\u00e9rance de Tunis, pr\u00e9vu ce dimanche \u00e0 Rad\u00e8s, s\u2019annonce d\u00e9cisif dans la lutte pour le titre de Ligue 1...","og_url":"https:\/\/www.webdo.tn\/fr\/actualite\/sport\/tunisie-ligue-1-27eme-j-le-derby-ca-est-choc-decisif-pour-le-sprint-final\/221370\/","og_site_name":"webdo","article_publisher":"https:\/\/www.facebook.com\/webdotn","article_published_time":"2025-04-18T14:55:00+00:00","article_modified_time":"2025-05-20T21:40:52+00:00","og_image":[{"width":750,"height":400,"url":"https:\/\/www.webdo.tn\/fr\/wp-content\/uploads\/2025\/05\/e08dc0d2b478e18492e294231a026fcc-3.webp","type":"image\/webp"}],"author":"MC","twitter_card":"summary_large_image","twitter_creator":"@webdo_tn","twitter_site":"@webdo_tn","twitter_misc":{"\u00c9crit par":"MC","Dur\u00e9e de lecture estim\u00e9e":"1 minute"},"schema":{"@context":"https:\/\/schema.org","@graph":[{"@type":"NewsArticle","@id":"https:\/\/www.webdo.tn\/fr\/actualite\/sport\/tunisie-ligue-1-27eme-j-le-derby-ca-est-choc-decisif-pour-le-sprint-final\/221370\/#article","isPartOf":{"@id":"https:\/\/www.webdo.tn\/fr\/actualite\/sport\/tunisie-ligue-1-27eme-j-le-derby-ca-est-choc-decisif-pour-le-sprint-final\/221370\/"},"author":{"name":"MC","@id":"https:\/\/www.webdo.tn\/fr\/#\/schema\/person\/2c4929cbf5a809e3bd38617c6ce150f6"},"headline":"Tunisie &#8211; Ligue 1 (27\u00e8me J.) : Le derby CA\u2013EST, choc d\u00e9cisif pour le sprint final","datePublished":"2025-04-18T14:55:00+00:00","dateModified":"2025-05-20T21:40:52+00:00","mainEntityOfPage":{"@id":"https:\/\/www.webdo.tn\/fr\/actualite\/sport\/tunisie-ligue-1-27eme-j-le-derby-ca-est-choc-decisif-pour-le-sprint-final\/221370\/"},"wordCount":278,"commentCount":0,"publisher":{"@id":"https:\/\/www.webdo.tn\/fr\/#organization"},"image":{"@id":"https:\/\/www.webdo.tn\/fr\/actualite\/sport\/tunisie-ligue-1-27eme-j-le-derby-ca-est-choc-decisif-pour-le-sprint-final\/221370\/#primaryimage"},"thumbnailUrl":"https:\/\/www.webdo.tn\/fr\/wp-content\/uploads\/2025\/05\/e08dc0d2b478e18492e294231a026fcc-3.webp","keywords":["capitale","Club Africain","Derby","esp\u00e9rance st","football","Ligue 1","Tunisie"],"articleSection":["Sport"],"inLanguage":"fr-FR"},{"@type":"WebPage","@id":"https:\/\/www.webdo.tn\/fr\/actualite\/sport\/tunisie-ligue-1-27eme-j-le-derby-ca-est-choc-decisif-pour-le-sprint-final\/221370\/","url":"https:\/\/www.webdo.tn\/fr\/actualite\/sport\/tunisie-ligue-1-27eme-j-le-derby-ca-est-choc-decisif-pour-le-sprint-final\/221370\/","name":"Tunisie - Ligue 1 (27\u00e8me J.) : Le derby CA\u2013EST, choc d\u00e9cisif pour le sprint final","isPartOf":{"@id":"https:\/\/www.webdo.tn\/fr\/#website"},"primaryImageOfPage":{"@id":"https:\/\/www.webdo.tn\/fr\/actualite\/sport\/tunisie-ligue-1-27eme-j-le-derby-ca-est-choc-decisif-pour-le-sprint-final\/221370\/#primaryimage"},"image":{"@id":"https:\/\/www.webdo.tn\/fr\/actualite\/sport\/tunisie-ligue-1-27eme-j-le-derby-ca-est-choc-decisif-pour-le-sprint-final\/221370\/#primaryimage"},"thumbnailUrl":"https:\/\/www.webdo.tn\/fr\/wp-content\/uploads\/2025\/05\/e08dc0d2b478e18492e294231a026fcc-3.webp","datePublished":"2025-04-18T14:55:00+00:00","dateModified":"2025-05-20T21:40:52+00:00","description":"Le 142e derby de la capitale entre le Club Africain et l\u2019Esp\u00e9rance de Tunis, pr\u00e9vu ce dimanche \u00e0 Rad\u00e8s, s\u2019annonce d\u00e9cisif dans la lutte pour le titre de Ligue 1...","breadcrumb":{"@id":"https:\/\/www.webdo.tn\/fr\/actualite\/sport\/tunisie-ligue-1-27eme-j-le-derby-ca-est-choc-decisif-pour-le-sprint-final\/221370\/#breadcrumb"},"inLanguage":"fr-FR","potentialAction":[{"@type":"ReadAction","target":["https:\/\/www.webdo.tn\/fr\/actualite\/sport\/tunisie-ligue-1-27eme-j-le-derby-ca-est-choc-decisif-pour-le-sprint-final\/221370\/"]}]},{"@type":"ImageObject","inLanguage":"fr-FR","@id":"https:\/\/www.webdo.tn\/fr\/actualite\/sport\/tunisie-ligue-1-27eme-j-le-derby-ca-est-choc-decisif-pour-le-sprint-final\/221370\/#primaryimage","url":"https:\/\/www.webdo.tn\/fr\/wp-content\/uploads\/2025\/05\/e08dc0d2b478e18492e294231a026fcc-3.webp","contentUrl":"https:\/\/www.webdo.tn\/fr\/wp-content\/uploads\/2025\/05\/e08dc0d2b478e18492e294231a026fcc-3.webp","width":750,"height":400},{"@type":"BreadcrumbList","@id":"https:\/\/www.webdo.tn\/fr\/actualite\/sport\/tunisie-ligue-1-27eme-j-le-derby-ca-est-choc-decisif-pour-le-sprint-final\/221370\/#breadcrumb","itemListElement":[{"@type":"ListItem","position":1,"name":"Accueil","item":"https:\/\/www.webdo.tn\/fr\/"},{"@type":"ListItem","position":2,"name":"Tunisie &#8211; Ligue 1 (27\u00e8me J.) : Le derby CA\u2013EST, choc d\u00e9cisif pour le sprint final"}]},{"@type":"WebSite","@id":"https:\/\/www.webdo.tn\/fr\/#website","url":"https:\/\/www.webdo.tn\/fr\/","name":"webdo","description":"Tunisie - News en Tunisie et \u00e0 l&#039;international sur Webdo.tn","publisher":{"@id":"https:\/\/www.webdo.tn\/fr\/#organization"},"potentialAction":[{"@type":"SearchAction","target":{"@type":"EntryPoint","urlTemplate":"https:\/\/www.webdo.tn\/fr\/?s={search_term_string}"},"query-input":{"@type":"PropertyValueSpecification","valueRequired":true,"valueName":"search_term_string"}}],"inLanguage":"fr-FR"},{"@type":"Organization","@id":"https:\/\/www.webdo.tn\/fr\/#organization","name":"Webdo","alternateName":"Webdo.tn","url":"https:\/\/www.webdo.tn\/fr\/","logo":{"@type":"ImageObject","inLanguage":"fr-FR","@id":"https:\/\/www.webdo.tn\/fr\/#\/schema\/logo\/image\/","url":"https:\/\/www.webdo.tn\/fr\/wp-content\/uploads\/2025\/06\/Webdo-Tunisie_168377.jpg","contentUrl":"https:\/\/www.webdo.tn\/fr\/wp-content\/uploads\/2025\/06\/Webdo-Tunisie_168377.jpg","width":301,"height":301,"caption":"Webdo"},"image":{"@id":"https:\/\/www.webdo.tn\/fr\/#\/schema\/logo\/image\/"},"sameAs":["https:\/\/www.facebook.com\/webdotn","https:\/\/x.com\/webdo_tn"],"description":"Webdo est un m\u00e9dia num\u00e9rique tunisien fond\u00e9 en 2010, sp\u00e9cialis\u00e9 dans l\u2019actualit\u00e9 nationale et internationale, l\u2019\u00e9conomie, la soci\u00e9t\u00e9 et les analyses politiques. Le site s\u2019adresse \u00e0 un large public francophone et couvre l\u2019information tunisienne en temps r\u00e9el.","email":"redac@webdo.tn","legalName":"YNJ SARL","foundingDate":"2010-09-06","numberOfEmployees":{"@type":"QuantitativeValue","minValue":"11","maxValue":"50"}},{"@type":"Person","@id":"https:\/\/www.webdo.tn\/fr\/#\/schema\/person\/2c4929cbf5a809e3bd38617c6ce150f6","name":"MC","image":{"@type":"ImageObject","inLanguage":"fr-FR","@id":"https:\/\/secure.gravatar.com\/avatar\/a545bbb6f84efdd5553dbbc2895e3ca8f1d12c5215e00a041c9670b54aa9b18a?s=96&d=mm&r=g","url":"https:\/\/secure.gravatar.com\/avatar\/a545bbb6f84efdd5553dbbc2895e3ca8f1d12c5215e00a041c9670b54aa9b18a?s=96&d=mm&r=g","contentUrl":"https:\/\/secure.gravatar.com\/avatar\/a545bbb6f84efdd5553dbbc2895e3ca8f1d12c5215e00a041c9670b54aa9b18a?s=96&d=mm&r=g","caption":"MC"},"url":"https:\/\/www.webdo.tn\/fr\/actualite\/author\/mc\/"}]}},"_links":{"self":[{"href":"https:\/\/www.webdo.tn\/fr\/wp-json\/wp\/v2\/posts\/221370","targetHints":{"allow":["GET"]}}],"collection":[{"href":"https:\/\/www.webdo.tn\/fr\/wp-json\/wp\/v2\/posts"}],"about":[{"href":"https:\/\/www.webdo.tn\/fr\/wp-json\/wp\/v2\/types\/post"}],"author":[{"embeddable":true,"href":"https:\/\/www.webdo.tn\/fr\/wp-json\/wp\/v2\/users\/3162"}],"replies":[{"embeddable":true,"href":"https:\/\/www.webdo.tn\/fr\/wp-json\/wp\/v2\/comments?post=221370"}],"version-history":[{"count":0,"href":"https:\/\/www.webdo.tn\/fr\/wp-json\/wp\/v2\/posts\/221370\/revisions"}],"wp:featuredmedia":[{"embeddable":true,"href":"https:\/\/www.webdo.tn\/fr\/wp-json\/wp\/v2\/media\/241056"}],"wp:attachment":[{"href":"https:\/\/www.webdo.tn\/fr\/wp-json\/wp\/v2\/media?parent=221370"}],"wp:term":[{"taxonomy":"category","embeddable":true,"href":"https:\/\/www.webdo.tn\/fr\/wp-json\/wp\/v2\/categories?post=221370"},{"taxonomy":"post_tag","embeddable":true,"href":"https:\/\/www.webdo.tn\/fr\/wp-json\/wp\/v2\/tags?post=221370"}],"curies":[{"name":"wp","href":"https:\/\/api.w.org\/{rel}","templated":true}]}}