{"id":221368,"date":"2025-04-18T14:29:00","date_gmt":"2025-04-18T14:29:00","guid":{"rendered":"https:\/\/www.webdo.tn\/fr\/blog\/2025\/04\/18\/tunisie-ugtt-rassemblement-syndical-du-1er-mai-sous-le-signe-du-soutien-a-la-palestine\/"},"modified":"2025-05-20T21:40:50","modified_gmt":"2025-05-20T21:40:50","slug":"tunisie-ugtt-rassemblement-syndical-du-1er-mai-sous-le-signe-du-soutien-a-la-palestine","status":"publish","type":"post","link":"https:\/\/www.webdo.tn\/fr\/actualite\/national\/tunisie-ugtt-rassemblement-syndical-du-1er-mai-sous-le-signe-du-soutien-a-la-palestine\/221368\/","title":{"rendered":"Tunisie &#8211; UGTT : Rassemblement syndical du 1er Mai sous le signe du soutien \u00e0 la Palestine"},"content":{"rendered":"<p>A l\u2019occasion de la F\u00eate internationale du travail, l\u2019Union g\u00e9n\u00e9rale tunisienne du travail (UGTT) appelle l\u2019ensemble des travailleuses, travailleurs, syndicalistes et citoyens solidaires \u00e0 participer massivement au rassemblement ouvrier du 1er mai 2025, qui se tiendra \u00e0 partir de 9h30 sur la Place Mohamed Ali Hammi \u00e0 Tunis.<\/p>\n<p>Dans un communiqu\u00e9 officiel publi\u00e9 ce vendredi, la centrale syndicale a pr\u00e9cis\u00e9 que le secr\u00e9taire g\u00e9n\u00e9ral de l\u2019UGTT, Noureddine Taboubi, prononcera une allocution en ouverture du rassemblement, revenant \u00e0 la fois sur les revendications sociales, la conjoncture \u00e9conomique nationale, et les enjeux de solidarit\u00e9 internationale.<\/p>\n<p>A l\u2019issue du discours, les participants prendront part \u00e0 une marche ouvri\u00e8re symbolique, en soutien au peuple palestinien, depuis la place Mohamed Ali jusqu\u2019\u00e0 la Place du 14 janvier 2011.<\/p>\n","protected":false},"excerpt":{"rendered":"<p>\u00c0 l&rsquo;occasion du 1er Mai 2025, l&rsquo;UGTT organise un rassemblement syndical \u00e0 Tunis suivi d&rsquo;une marche en soutien au peuple palestinien. Discours de Noureddine Tabo&#8230;<\/p>\n","protected":false},"author":3162,"featured_media":241048,"comment_status":"open","ping_status":"open","sticky":false,"template":"","format":"standard","meta":{"footnotes":""},"categories":[44],"tags":[3095,3094,2688,2775,3093,2608,2649],"class_list":["post-221368","post","type-post","status-publish","format-standard","has-post-thumbnail","hentry","category-national","tag-fete-du-travail","tag-marche","tag-palestine","tag-soutien","tag-syndicat","tag-tunisie","tag-ugtt"],"yoast_head":"<!-- This site is optimized with the Yoast SEO Premium plugin v27.4 (Yoast SEO v27.5) - https:\/\/yoast.com\/product\/yoast-seo-premium-wordpress\/ -->\n<title>Tunisie - UGTT : Rassemblement syndical du 1er Mai sous le signe du soutien \u00e0 la Palestine<\/title>\n<meta name=\"description\" content=\"\u00c0 l&#039;occasion du 1er Mai 2025, l&#039;UGTT organise un rassemblement syndical \u00e0 Tunis suivi d&#039;une marche en soutien au peuple palestinien. Discours de Noureddine Tabo...\" \/>\n<link rel=\"canonical\" href=\"https:\/\/www.webdo.tn\/fr\/actualite\/national\/tunisie-ugtt-rassemblement-syndical-du-1er-mai-sous-le-signe-du-soutien-a-la-palestine\/221368\/\" \/>\n<meta property=\"og:locale\" content=\"fr_FR\" \/>\n<meta property=\"og:type\" content=\"article\" \/>\n<meta property=\"og:title\" content=\"Tunisie - UGTT : Rassemblement syndical du 1er Mai sous le signe du soutien \u00e0 la Palestine\" \/>\n<meta property=\"og:description\" content=\"\u00c0 l&#039;occasion du 1er Mai 2025, l&#039;UGTT organise un rassemblement syndical \u00e0 Tunis suivi d&#039;une marche en soutien au peuple palestinien. Discours de Noureddine Tabo...\" \/>\n<meta property=\"og:url\" content=\"https:\/\/www.webdo.tn\/fr\/actualite\/national\/tunisie-ugtt-rassemblement-syndical-du-1er-mai-sous-le-signe-du-soutien-a-la-palestine\/221368\/\" \/>\n<meta property=\"og:site_name\" content=\"webdo\" \/>\n<meta property=\"article:publisher\" content=\"https:\/\/www.facebook.com\/webdotn\" \/>\n<meta property=\"article:published_time\" content=\"2025-04-18T14:29:00+00:00\" \/>\n<meta property=\"article:modified_time\" content=\"2025-05-20T21:40:50+00:00\" \/>\n<meta property=\"og:image\" content=\"https:\/\/www.webdo.tn\/fr\/wp-content\/uploads\/2025\/05\/71ef899af06e08cf50244c1daa0b16f2-3.webp\" \/>\n\t<meta property=\"og:image:width\" content=\"750\" \/>\n\t<meta property=\"og:image:height\" content=\"400\" \/>\n\t<meta property=\"og:image:type\" content=\"image\/webp\" \/>\n<meta name=\"author\" content=\"MC\" \/>\n<meta name=\"twitter:card\" content=\"summary_large_image\" \/>\n<meta name=\"twitter:creator\" content=\"@webdo_tn\" \/>\n<meta name=\"twitter:site\" content=\"@webdo_tn\" \/>\n<meta name=\"twitter:label1\" content=\"\u00c9crit par\" \/>\n\t<meta name=\"twitter:data1\" content=\"MC\" \/>\n\t<meta name=\"twitter:label2\" content=\"Dur\u00e9e de lecture estim\u00e9e\" \/>\n\t<meta name=\"twitter:data2\" content=\"1 minute\" \/>\n<script type=\"application\/ld+json\" class=\"yoast-schema-graph\">{\"@context\":\"https:\\\/\\\/schema.org\",\"@graph\":[{\"@type\":\"NewsArticle\",\"@id\":\"https:\\\/\\\/www.webdo.tn\\\/fr\\\/actualite\\\/national\\\/tunisie-ugtt-rassemblement-syndical-du-1er-mai-sous-le-signe-du-soutien-a-la-palestine\\\/221368\\\/#article\",\"isPartOf\":{\"@id\":\"https:\\\/\\\/www.webdo.tn\\\/fr\\\/actualite\\\/national\\\/tunisie-ugtt-rassemblement-syndical-du-1er-mai-sous-le-signe-du-soutien-a-la-palestine\\\/221368\\\/\"},\"author\":{\"name\":\"MC\",\"@id\":\"https:\\\/\\\/www.webdo.tn\\\/fr\\\/#\\\/schema\\\/person\\\/2c4929cbf5a809e3bd38617c6ce150f6\"},\"headline\":\"Tunisie &#8211; UGTT : Rassemblement syndical du 1er Mai sous le signe du soutien \u00e0 la Palestine\",\"datePublished\":\"2025-04-18T14:29:00+00:00\",\"dateModified\":\"2025-05-20T21:40:50+00:00\",\"mainEntityOfPage\":{\"@id\":\"https:\\\/\\\/www.webdo.tn\\\/fr\\\/actualite\\\/national\\\/tunisie-ugtt-rassemblement-syndical-du-1er-mai-sous-le-signe-du-soutien-a-la-palestine\\\/221368\\\/\"},\"wordCount\":143,\"commentCount\":0,\"publisher\":{\"@id\":\"https:\\\/\\\/www.webdo.tn\\\/fr\\\/#organization\"},\"image\":{\"@id\":\"https:\\\/\\\/www.webdo.tn\\\/fr\\\/actualite\\\/national\\\/tunisie-ugtt-rassemblement-syndical-du-1er-mai-sous-le-signe-du-soutien-a-la-palestine\\\/221368\\\/#primaryimage\"},\"thumbnailUrl\":\"https:\\\/\\\/www.webdo.tn\\\/fr\\\/wp-content\\\/uploads\\\/2025\\\/05\\\/71ef899af06e08cf50244c1daa0b16f2-3.webp\",\"keywords\":[\"f\u00eate du travail\",\"marche\",\"Palestine\",\"soutien\",\"syndicat\",\"Tunisie\",\"UGTT\"],\"articleSection\":[\"National\"],\"inLanguage\":\"fr-FR\"},{\"@type\":\"WebPage\",\"@id\":\"https:\\\/\\\/www.webdo.tn\\\/fr\\\/actualite\\\/national\\\/tunisie-ugtt-rassemblement-syndical-du-1er-mai-sous-le-signe-du-soutien-a-la-palestine\\\/221368\\\/\",\"url\":\"https:\\\/\\\/www.webdo.tn\\\/fr\\\/actualite\\\/national\\\/tunisie-ugtt-rassemblement-syndical-du-1er-mai-sous-le-signe-du-soutien-a-la-palestine\\\/221368\\\/\",\"name\":\"Tunisie - UGTT : Rassemblement syndical du 1er Mai sous le signe du soutien \u00e0 la Palestine\",\"isPartOf\":{\"@id\":\"https:\\\/\\\/www.webdo.tn\\\/fr\\\/#website\"},\"primaryImageOfPage\":{\"@id\":\"https:\\\/\\\/www.webdo.tn\\\/fr\\\/actualite\\\/national\\\/tunisie-ugtt-rassemblement-syndical-du-1er-mai-sous-le-signe-du-soutien-a-la-palestine\\\/221368\\\/#primaryimage\"},\"image\":{\"@id\":\"https:\\\/\\\/www.webdo.tn\\\/fr\\\/actualite\\\/national\\\/tunisie-ugtt-rassemblement-syndical-du-1er-mai-sous-le-signe-du-soutien-a-la-palestine\\\/221368\\\/#primaryimage\"},\"thumbnailUrl\":\"https:\\\/\\\/www.webdo.tn\\\/fr\\\/wp-content\\\/uploads\\\/2025\\\/05\\\/71ef899af06e08cf50244c1daa0b16f2-3.webp\",\"datePublished\":\"2025-04-18T14:29:00+00:00\",\"dateModified\":\"2025-05-20T21:40:50+00:00\",\"description\":\"\u00c0 l'occasion du 1er Mai 2025, l'UGTT organise un rassemblement syndical \u00e0 Tunis suivi d'une marche en soutien au peuple palestinien. Discours de Noureddine Tabo...\",\"breadcrumb\":{\"@id\":\"https:\\\/\\\/www.webdo.tn\\\/fr\\\/actualite\\\/national\\\/tunisie-ugtt-rassemblement-syndical-du-1er-mai-sous-le-signe-du-soutien-a-la-palestine\\\/221368\\\/#breadcrumb\"},\"inLanguage\":\"fr-FR\",\"potentialAction\":[{\"@type\":\"ReadAction\",\"target\":[\"https:\\\/\\\/www.webdo.tn\\\/fr\\\/actualite\\\/national\\\/tunisie-ugtt-rassemblement-syndical-du-1er-mai-sous-le-signe-du-soutien-a-la-palestine\\\/221368\\\/\"]}]},{\"@type\":\"ImageObject\",\"inLanguage\":\"fr-FR\",\"@id\":\"https:\\\/\\\/www.webdo.tn\\\/fr\\\/actualite\\\/national\\\/tunisie-ugtt-rassemblement-syndical-du-1er-mai-sous-le-signe-du-soutien-a-la-palestine\\\/221368\\\/#primaryimage\",\"url\":\"https:\\\/\\\/www.webdo.tn\\\/fr\\\/wp-content\\\/uploads\\\/2025\\\/05\\\/71ef899af06e08cf50244c1daa0b16f2-3.webp\",\"contentUrl\":\"https:\\\/\\\/www.webdo.tn\\\/fr\\\/wp-content\\\/uploads\\\/2025\\\/05\\\/71ef899af06e08cf50244c1daa0b16f2-3.webp\",\"width\":750,\"height\":400},{\"@type\":\"BreadcrumbList\",\"@id\":\"https:\\\/\\\/www.webdo.tn\\\/fr\\\/actualite\\\/national\\\/tunisie-ugtt-rassemblement-syndical-du-1er-mai-sous-le-signe-du-soutien-a-la-palestine\\\/221368\\\/#breadcrumb\",\"itemListElement\":[{\"@type\":\"ListItem\",\"position\":1,\"name\":\"Accueil\",\"item\":\"https:\\\/\\\/www.webdo.tn\\\/fr\\\/\"},{\"@type\":\"ListItem\",\"position\":2,\"name\":\"Tunisie &#8211; UGTT : Rassemblement syndical du 1er Mai sous le signe du soutien \u00e0 la Palestine\"}]},{\"@type\":\"WebSite\",\"@id\":\"https:\\\/\\\/www.webdo.tn\\\/fr\\\/#website\",\"url\":\"https:\\\/\\\/www.webdo.tn\\\/fr\\\/\",\"name\":\"webdo\",\"description\":\"Tunisie - News en Tunisie et \u00e0 l&#039;international sur Webdo.tn\",\"publisher\":{\"@id\":\"https:\\\/\\\/www.webdo.tn\\\/fr\\\/#organization\"},\"potentialAction\":[{\"@type\":\"SearchAction\",\"target\":{\"@type\":\"EntryPoint\",\"urlTemplate\":\"https:\\\/\\\/www.webdo.tn\\\/fr\\\/?s={search_term_string}\"},\"query-input\":{\"@type\":\"PropertyValueSpecification\",\"valueRequired\":true,\"valueName\":\"search_term_string\"}}],\"inLanguage\":\"fr-FR\"},{\"@type\":\"Organization\",\"@id\":\"https:\\\/\\\/www.webdo.tn\\\/fr\\\/#organization\",\"name\":\"Webdo\",\"alternateName\":\"Webdo.tn\",\"url\":\"https:\\\/\\\/www.webdo.tn\\\/fr\\\/\",\"logo\":{\"@type\":\"ImageObject\",\"inLanguage\":\"fr-FR\",\"@id\":\"https:\\\/\\\/www.webdo.tn\\\/fr\\\/#\\\/schema\\\/logo\\\/image\\\/\",\"url\":\"https:\\\/\\\/www.webdo.tn\\\/fr\\\/wp-content\\\/uploads\\\/2025\\\/06\\\/Webdo-Tunisie_168377.jpg\",\"contentUrl\":\"https:\\\/\\\/www.webdo.tn\\\/fr\\\/wp-content\\\/uploads\\\/2025\\\/06\\\/Webdo-Tunisie_168377.jpg\",\"width\":301,\"height\":301,\"caption\":\"Webdo\"},\"image\":{\"@id\":\"https:\\\/\\\/www.webdo.tn\\\/fr\\\/#\\\/schema\\\/logo\\\/image\\\/\"},\"sameAs\":[\"https:\\\/\\\/www.facebook.com\\\/webdotn\",\"https:\\\/\\\/x.com\\\/webdo_tn\"],\"description\":\"Webdo est un m\u00e9dia num\u00e9rique tunisien fond\u00e9 en 2010, sp\u00e9cialis\u00e9 dans l\u2019actualit\u00e9 nationale et internationale, l\u2019\u00e9conomie, la soci\u00e9t\u00e9 et les analyses politiques. Le site s\u2019adresse \u00e0 un large public francophone et couvre l\u2019information tunisienne en temps r\u00e9el.\",\"email\":\"redac@webdo.tn\",\"legalName\":\"YNJ SARL\",\"foundingDate\":\"2010-09-06\",\"numberOfEmployees\":{\"@type\":\"QuantitativeValue\",\"minValue\":\"11\",\"maxValue\":\"50\"}},{\"@type\":\"Person\",\"@id\":\"https:\\\/\\\/www.webdo.tn\\\/fr\\\/#\\\/schema\\\/person\\\/2c4929cbf5a809e3bd38617c6ce150f6\",\"name\":\"MC\",\"image\":{\"@type\":\"ImageObject\",\"inLanguage\":\"fr-FR\",\"@id\":\"https:\\\/\\\/secure.gravatar.com\\\/avatar\\\/a545bbb6f84efdd5553dbbc2895e3ca8f1d12c5215e00a041c9670b54aa9b18a?s=96&d=mm&r=g\",\"url\":\"https:\\\/\\\/secure.gravatar.com\\\/avatar\\\/a545bbb6f84efdd5553dbbc2895e3ca8f1d12c5215e00a041c9670b54aa9b18a?s=96&d=mm&r=g\",\"contentUrl\":\"https:\\\/\\\/secure.gravatar.com\\\/avatar\\\/a545bbb6f84efdd5553dbbc2895e3ca8f1d12c5215e00a041c9670b54aa9b18a?s=96&d=mm&r=g\",\"caption\":\"MC\"},\"url\":\"https:\\\/\\\/www.webdo.tn\\\/fr\\\/actualite\\\/author\\\/mc\\\/\"}]}<\/script>\n<!-- \/ Yoast SEO Premium plugin. -->","yoast_head_json":{"title":"Tunisie - UGTT : Rassemblement syndical du 1er Mai sous le signe du soutien \u00e0 la Palestine","description":"\u00c0 l'occasion du 1er Mai 2025, l'UGTT organise un rassemblement syndical \u00e0 Tunis suivi d'une marche en soutien au peuple palestinien. Discours de Noureddine Tabo...","canonical":"https:\/\/www.webdo.tn\/fr\/actualite\/national\/tunisie-ugtt-rassemblement-syndical-du-1er-mai-sous-le-signe-du-soutien-a-la-palestine\/221368\/","og_locale":"fr_FR","og_type":"article","og_title":"Tunisie - UGTT : Rassemblement syndical du 1er Mai sous le signe du soutien \u00e0 la Palestine","og_description":"\u00c0 l'occasion du 1er Mai 2025, l'UGTT organise un rassemblement syndical \u00e0 Tunis suivi d'une marche en soutien au peuple palestinien. Discours de Noureddine Tabo...","og_url":"https:\/\/www.webdo.tn\/fr\/actualite\/national\/tunisie-ugtt-rassemblement-syndical-du-1er-mai-sous-le-signe-du-soutien-a-la-palestine\/221368\/","og_site_name":"webdo","article_publisher":"https:\/\/www.facebook.com\/webdotn","article_published_time":"2025-04-18T14:29:00+00:00","article_modified_time":"2025-05-20T21:40:50+00:00","og_image":[{"width":750,"height":400,"url":"https:\/\/www.webdo.tn\/fr\/wp-content\/uploads\/2025\/05\/71ef899af06e08cf50244c1daa0b16f2-3.webp","type":"image\/webp"}],"author":"MC","twitter_card":"summary_large_image","twitter_creator":"@webdo_tn","twitter_site":"@webdo_tn","twitter_misc":{"\u00c9crit par":"MC","Dur\u00e9e de lecture estim\u00e9e":"1 minute"},"schema":{"@context":"https:\/\/schema.org","@graph":[{"@type":"NewsArticle","@id":"https:\/\/www.webdo.tn\/fr\/actualite\/national\/tunisie-ugtt-rassemblement-syndical-du-1er-mai-sous-le-signe-du-soutien-a-la-palestine\/221368\/#article","isPartOf":{"@id":"https:\/\/www.webdo.tn\/fr\/actualite\/national\/tunisie-ugtt-rassemblement-syndical-du-1er-mai-sous-le-signe-du-soutien-a-la-palestine\/221368\/"},"author":{"name":"MC","@id":"https:\/\/www.webdo.tn\/fr\/#\/schema\/person\/2c4929cbf5a809e3bd38617c6ce150f6"},"headline":"Tunisie &#8211; UGTT : Rassemblement syndical du 1er Mai sous le signe du soutien \u00e0 la Palestine","datePublished":"2025-04-18T14:29:00+00:00","dateModified":"2025-05-20T21:40:50+00:00","mainEntityOfPage":{"@id":"https:\/\/www.webdo.tn\/fr\/actualite\/national\/tunisie-ugtt-rassemblement-syndical-du-1er-mai-sous-le-signe-du-soutien-a-la-palestine\/221368\/"},"wordCount":143,"commentCount":0,"publisher":{"@id":"https:\/\/www.webdo.tn\/fr\/#organization"},"image":{"@id":"https:\/\/www.webdo.tn\/fr\/actualite\/national\/tunisie-ugtt-rassemblement-syndical-du-1er-mai-sous-le-signe-du-soutien-a-la-palestine\/221368\/#primaryimage"},"thumbnailUrl":"https:\/\/www.webdo.tn\/fr\/wp-content\/uploads\/2025\/05\/71ef899af06e08cf50244c1daa0b16f2-3.webp","keywords":["f\u00eate du travail","marche","Palestine","soutien","syndicat","Tunisie","UGTT"],"articleSection":["National"],"inLanguage":"fr-FR"},{"@type":"WebPage","@id":"https:\/\/www.webdo.tn\/fr\/actualite\/national\/tunisie-ugtt-rassemblement-syndical-du-1er-mai-sous-le-signe-du-soutien-a-la-palestine\/221368\/","url":"https:\/\/www.webdo.tn\/fr\/actualite\/national\/tunisie-ugtt-rassemblement-syndical-du-1er-mai-sous-le-signe-du-soutien-a-la-palestine\/221368\/","name":"Tunisie - UGTT : Rassemblement syndical du 1er Mai sous le signe du soutien \u00e0 la Palestine","isPartOf":{"@id":"https:\/\/www.webdo.tn\/fr\/#website"},"primaryImageOfPage":{"@id":"https:\/\/www.webdo.tn\/fr\/actualite\/national\/tunisie-ugtt-rassemblement-syndical-du-1er-mai-sous-le-signe-du-soutien-a-la-palestine\/221368\/#primaryimage"},"image":{"@id":"https:\/\/www.webdo.tn\/fr\/actualite\/national\/tunisie-ugtt-rassemblement-syndical-du-1er-mai-sous-le-signe-du-soutien-a-la-palestine\/221368\/#primaryimage"},"thumbnailUrl":"https:\/\/www.webdo.tn\/fr\/wp-content\/uploads\/2025\/05\/71ef899af06e08cf50244c1daa0b16f2-3.webp","datePublished":"2025-04-18T14:29:00+00:00","dateModified":"2025-05-20T21:40:50+00:00","description":"\u00c0 l'occasion du 1er Mai 2025, l'UGTT organise un rassemblement syndical \u00e0 Tunis suivi d'une marche en soutien au peuple palestinien. Discours de Noureddine Tabo...","breadcrumb":{"@id":"https:\/\/www.webdo.tn\/fr\/actualite\/national\/tunisie-ugtt-rassemblement-syndical-du-1er-mai-sous-le-signe-du-soutien-a-la-palestine\/221368\/#breadcrumb"},"inLanguage":"fr-FR","potentialAction":[{"@type":"ReadAction","target":["https:\/\/www.webdo.tn\/fr\/actualite\/national\/tunisie-ugtt-rassemblement-syndical-du-1er-mai-sous-le-signe-du-soutien-a-la-palestine\/221368\/"]}]},{"@type":"ImageObject","inLanguage":"fr-FR","@id":"https:\/\/www.webdo.tn\/fr\/actualite\/national\/tunisie-ugtt-rassemblement-syndical-du-1er-mai-sous-le-signe-du-soutien-a-la-palestine\/221368\/#primaryimage","url":"https:\/\/www.webdo.tn\/fr\/wp-content\/uploads\/2025\/05\/71ef899af06e08cf50244c1daa0b16f2-3.webp","contentUrl":"https:\/\/www.webdo.tn\/fr\/wp-content\/uploads\/2025\/05\/71ef899af06e08cf50244c1daa0b16f2-3.webp","width":750,"height":400},{"@type":"BreadcrumbList","@id":"https:\/\/www.webdo.tn\/fr\/actualite\/national\/tunisie-ugtt-rassemblement-syndical-du-1er-mai-sous-le-signe-du-soutien-a-la-palestine\/221368\/#breadcrumb","itemListElement":[{"@type":"ListItem","position":1,"name":"Accueil","item":"https:\/\/www.webdo.tn\/fr\/"},{"@type":"ListItem","position":2,"name":"Tunisie &#8211; UGTT : Rassemblement syndical du 1er Mai sous le signe du soutien \u00e0 la Palestine"}]},{"@type":"WebSite","@id":"https:\/\/www.webdo.tn\/fr\/#website","url":"https:\/\/www.webdo.tn\/fr\/","name":"webdo","description":"Tunisie - News en Tunisie et \u00e0 l&#039;international sur Webdo.tn","publisher":{"@id":"https:\/\/www.webdo.tn\/fr\/#organization"},"potentialAction":[{"@type":"SearchAction","target":{"@type":"EntryPoint","urlTemplate":"https:\/\/www.webdo.tn\/fr\/?s={search_term_string}"},"query-input":{"@type":"PropertyValueSpecification","valueRequired":true,"valueName":"search_term_string"}}],"inLanguage":"fr-FR"},{"@type":"Organization","@id":"https:\/\/www.webdo.tn\/fr\/#organization","name":"Webdo","alternateName":"Webdo.tn","url":"https:\/\/www.webdo.tn\/fr\/","logo":{"@type":"ImageObject","inLanguage":"fr-FR","@id":"https:\/\/www.webdo.tn\/fr\/#\/schema\/logo\/image\/","url":"https:\/\/www.webdo.tn\/fr\/wp-content\/uploads\/2025\/06\/Webdo-Tunisie_168377.jpg","contentUrl":"https:\/\/www.webdo.tn\/fr\/wp-content\/uploads\/2025\/06\/Webdo-Tunisie_168377.jpg","width":301,"height":301,"caption":"Webdo"},"image":{"@id":"https:\/\/www.webdo.tn\/fr\/#\/schema\/logo\/image\/"},"sameAs":["https:\/\/www.facebook.com\/webdotn","https:\/\/x.com\/webdo_tn"],"description":"Webdo est un m\u00e9dia num\u00e9rique tunisien fond\u00e9 en 2010, sp\u00e9cialis\u00e9 dans l\u2019actualit\u00e9 nationale et internationale, l\u2019\u00e9conomie, la soci\u00e9t\u00e9 et les analyses politiques. Le site s\u2019adresse \u00e0 un large public francophone et couvre l\u2019information tunisienne en temps r\u00e9el.","email":"redac@webdo.tn","legalName":"YNJ SARL","foundingDate":"2010-09-06","numberOfEmployees":{"@type":"QuantitativeValue","minValue":"11","maxValue":"50"}},{"@type":"Person","@id":"https:\/\/www.webdo.tn\/fr\/#\/schema\/person\/2c4929cbf5a809e3bd38617c6ce150f6","name":"MC","image":{"@type":"ImageObject","inLanguage":"fr-FR","@id":"https:\/\/secure.gravatar.com\/avatar\/a545bbb6f84efdd5553dbbc2895e3ca8f1d12c5215e00a041c9670b54aa9b18a?s=96&d=mm&r=g","url":"https:\/\/secure.gravatar.com\/avatar\/a545bbb6f84efdd5553dbbc2895e3ca8f1d12c5215e00a041c9670b54aa9b18a?s=96&d=mm&r=g","contentUrl":"https:\/\/secure.gravatar.com\/avatar\/a545bbb6f84efdd5553dbbc2895e3ca8f1d12c5215e00a041c9670b54aa9b18a?s=96&d=mm&r=g","caption":"MC"},"url":"https:\/\/www.webdo.tn\/fr\/actualite\/author\/mc\/"}]}},"_links":{"self":[{"href":"https:\/\/www.webdo.tn\/fr\/wp-json\/wp\/v2\/posts\/221368","targetHints":{"allow":["GET"]}}],"collection":[{"href":"https:\/\/www.webdo.tn\/fr\/wp-json\/wp\/v2\/posts"}],"about":[{"href":"https:\/\/www.webdo.tn\/fr\/wp-json\/wp\/v2\/types\/post"}],"author":[{"embeddable":true,"href":"https:\/\/www.webdo.tn\/fr\/wp-json\/wp\/v2\/users\/3162"}],"replies":[{"embeddable":true,"href":"https:\/\/www.webdo.tn\/fr\/wp-json\/wp\/v2\/comments?post=221368"}],"version-history":[{"count":0,"href":"https:\/\/www.webdo.tn\/fr\/wp-json\/wp\/v2\/posts\/221368\/revisions"}],"wp:featuredmedia":[{"embeddable":true,"href":"https:\/\/www.webdo.tn\/fr\/wp-json\/wp\/v2\/media\/241048"}],"wp:attachment":[{"href":"https:\/\/www.webdo.tn\/fr\/wp-json\/wp\/v2\/media?parent=221368"}],"wp:term":[{"taxonomy":"category","embeddable":true,"href":"https:\/\/www.webdo.tn\/fr\/wp-json\/wp\/v2\/categories?post=221368"},{"taxonomy":"post_tag","embeddable":true,"href":"https:\/\/www.webdo.tn\/fr\/wp-json\/wp\/v2\/tags?post=221368"}],"curies":[{"name":"wp","href":"https:\/\/api.w.org\/{rel}","templated":true}]}}