{"id":221365,"date":"2025-04-18T13:12:00","date_gmt":"2025-04-18T13:12:00","guid":{"rendered":"https:\/\/www.webdo.tn\/fr\/blog\/2025\/04\/18\/sante-en-tunisie-l-ia-va-entrer-dans-les-urgences\/"},"modified":"2025-05-21T08:53:55","modified_gmt":"2025-05-21T08:53:55","slug":"sante-en-tunisie-l-ia-va-entrer-dans-les-urgences","status":"publish","type":"post","link":"https:\/\/www.webdo.tn\/fr\/actualite\/national\/sante-en-tunisie-l-ia-va-entrer-dans-les-urgences\/221365\/","title":{"rendered":"Sant\u00e9 en Tunisie : L\u2019IA va entrer dans les urgences"},"content":{"rendered":"<p>\u00c0 l\u2019occasion du 24e Congr\u00e8s tunisien de m\u00e9decine d\u2019urgence, le minist\u00e8re de la Sant\u00e9 annonce une s\u00e9rie de mesures visant \u00e0 moderniser et renforcer les services d\u2019urgences, \u00e0 travers la num\u00e9risation des parcours de soins et l\u2019usage de l\u2019intelligence artificielle.<\/p>\n<p>\t\t\t\t\t\t\t\t\tPlus de 1 000 professionnels de sant\u00e9 tunisiens et \u00e9trangers se sont r\u00e9unis\u00a0\u00e0 l&rsquo;occasion du 24e Congr\u00e8s national de m\u00e9decine d\u2019urgence, plac\u00e9 sous le th\u00e8me : \u00ab M\u00e9decine d\u2019urgence du futur et approche qualit\u00e9 \u00bb.\u00a0<\/p>\n<p>Cet \u00e9v\u00e9nement a \u00e9t\u00e9 inaugur\u00e9 par le ministre de la Sant\u00e9, le Dr Mustapha Ferjani, qui a profit\u00e9 de la tribune pour d\u00e9tailler une feuille de route ambitieuse pour les services d\u2019urgence en Tunisie.<\/p>\n<p>Parmi les annonces phares : le lancement, en juin prochain, d\u2019une plateforme num\u00e9rique nationale de prise en charge de l\u2019infarctus du myocarde. Ce projet, r\u00e9alis\u00e9 en collaboration avec la Soci\u00e9t\u00e9 tunisienne de cardiologie et celle de m\u00e9decine d\u2019urgence, vise \u00e0 optimiser le temps de r\u00e9action et \u00e0 am\u00e9liorer la coordination entre les structures hospitali\u00e8res.<\/p>\n<p>Cette initiative s\u2019inscrit dans une tendance mondiale d\u00e9j\u00e0 \u00e9prouv\u00e9e, \u00e0 l\u2019image des r\u00e9seaux STEMI (ST-Elevation Myocardial Infarction) d\u00e9velopp\u00e9s en Europe, qui ont permis une nette r\u00e9duction de la mortalit\u00e9 gr\u00e2ce \u00e0 des solutions digitales de tri et de transfert rapide des patients.<\/p>\n<p>Le ministre a \u00e9galement insist\u00e9 sur la digitalisation des parcours de soins, notamment pour les accidents vasculaires c\u00e9r\u00e9braux et les crises cardiaques, deux pathologies o\u00f9 le facteur temps est d\u00e9terminant pour la survie du patient.<\/p>\n<p>En parall\u00e8le, des efforts seront d\u00e9ploy\u00e9s pour renforcer l\u2019\u00e9quipement des services d\u2019urgences, augmenter les effectifs m\u00e9dicaux et param\u00e9dicaux, et am\u00e9liorer la coordination avec la salle d\u2019op\u00e9rations strat\u00e9giques du minist\u00e8re, notamment en mati\u00e8re de m\u00e9decine pr\u00e9hospitali\u00e8re.<\/p>\n<p>Autre volet innovant : l\u2019int\u00e9gration de l\u2019intelligence artificielle et de la simulation m\u00e9dicale pour am\u00e9liorer les protocoles de prise en charge, r\u00e9duire les erreurs et former les \u00e9quipes m\u00e9dicales \u00e0 des situations complexes.<\/p>\n<p>\u201cLes services d\u2019urgences sont la vitrine de la sant\u00e9 publique. Leur am\u00e9lioration est un enjeu collectif\u201d, a d\u00e9clar\u00e9 Dr Ferjani, en appelant \u00e0 une mobilisation de l\u2019ensemble des acteurs du syst\u00e8me de sant\u00e9.<\/p>\n","protected":false},"excerpt":{"rendered":"<p>Le 24e Congr\u00e8s de m\u00e9decine d&rsquo;urgence en Tunisie marque un tournant vers la digitalisation des soins, avec une attention particuli\u00e8re port\u00e9e aux AVC et infarctus&#8230;<\/p>\n","protected":false},"author":3163,"featured_media":241052,"comment_status":"open","ping_status":"open","sticky":false,"template":"","format":"standard","meta":{"footnotes":""},"categories":[44],"tags":[3097,2957,2731,2608,3098],"class_list":["post-221365","post","type-post","status-publish","format-standard","has-post-thumbnail","hentry","category-national","tag-ia","tag-intelligence-artificielle","tag-sante","tag-tunisie","tag-urgences"],"yoast_head":"<!-- This site is optimized with the Yoast SEO Premium plugin v27.5 (Yoast SEO v27.5) - https:\/\/yoast.com\/product\/yoast-seo-premium-wordpress\/ -->\n<title>Sant\u00e9 en Tunisie : L\u2019IA va entrer dans les urgences<\/title>\n<meta name=\"description\" content=\"Le 24e Congr\u00e8s de m\u00e9decine d&#039;urgence en Tunisie marque un tournant vers la digitalisation des soins, avec une attention particuli\u00e8re port\u00e9e aux AVC et infarctus...\" \/>\n<link rel=\"canonical\" href=\"https:\/\/www.webdo.tn\/fr\/actualite\/national\/sante-en-tunisie-l-ia-va-entrer-dans-les-urgences\/221365\/\" \/>\n<meta property=\"og:locale\" content=\"fr_FR\" \/>\n<meta property=\"og:type\" content=\"article\" \/>\n<meta property=\"og:title\" content=\"Sant\u00e9 en Tunisie : L\u2019IA va entrer dans les urgences\" \/>\n<meta property=\"og:description\" content=\"Le 24e Congr\u00e8s de m\u00e9decine d&#039;urgence en Tunisie marque un tournant vers la digitalisation des soins, avec une attention particuli\u00e8re port\u00e9e aux AVC et infarctus...\" \/>\n<meta property=\"og:url\" content=\"https:\/\/www.webdo.tn\/fr\/actualite\/national\/sante-en-tunisie-l-ia-va-entrer-dans-les-urgences\/221365\/\" \/>\n<meta property=\"og:site_name\" content=\"webdo\" \/>\n<meta property=\"article:publisher\" content=\"https:\/\/www.facebook.com\/webdotn\" \/>\n<meta property=\"article:published_time\" content=\"2025-04-18T13:12:00+00:00\" \/>\n<meta property=\"article:modified_time\" content=\"2025-05-21T08:53:55+00:00\" \/>\n<meta property=\"og:image\" content=\"https:\/\/www.webdo.tn\/fr\/wp-content\/uploads\/2025\/05\/4276a9d8df3737697c487526e0cf2e12-3.webp\" \/>\n\t<meta property=\"og:image:width\" content=\"750\" \/>\n\t<meta property=\"og:image:height\" content=\"400\" \/>\n\t<meta property=\"og:image:type\" content=\"image\/webp\" \/>\n<meta name=\"author\" content=\"KJ\" \/>\n<meta name=\"twitter:card\" content=\"summary_large_image\" \/>\n<meta name=\"twitter:creator\" content=\"@webdo_tn\" \/>\n<meta name=\"twitter:site\" content=\"@webdo_tn\" \/>\n<meta name=\"twitter:label1\" content=\"\u00c9crit par\" \/>\n\t<meta name=\"twitter:data1\" content=\"KJ\" \/>\n\t<meta name=\"twitter:label2\" content=\"Dur\u00e9e de lecture estim\u00e9e\" \/>\n\t<meta name=\"twitter:data2\" content=\"2 minutes\" \/>\n<script type=\"application\/ld+json\" class=\"yoast-schema-graph\">{\"@context\":\"https:\\\/\\\/schema.org\",\"@graph\":[{\"@type\":\"NewsArticle\",\"@id\":\"https:\\\/\\\/www.webdo.tn\\\/fr\\\/actualite\\\/national\\\/sante-en-tunisie-l-ia-va-entrer-dans-les-urgences\\\/221365\\\/#article\",\"isPartOf\":{\"@id\":\"https:\\\/\\\/www.webdo.tn\\\/fr\\\/actualite\\\/national\\\/sante-en-tunisie-l-ia-va-entrer-dans-les-urgences\\\/221365\\\/\"},\"author\":{\"name\":\"KJ\",\"@id\":\"https:\\\/\\\/www.webdo.tn\\\/fr\\\/#\\\/schema\\\/person\\\/82ca085b22037d285e1a3c4b65ba5f71\"},\"headline\":\"Sant\u00e9 en Tunisie : L\u2019IA va entrer dans les urgences\",\"datePublished\":\"2025-04-18T13:12:00+00:00\",\"dateModified\":\"2025-05-21T08:53:55+00:00\",\"mainEntityOfPage\":{\"@id\":\"https:\\\/\\\/www.webdo.tn\\\/fr\\\/actualite\\\/national\\\/sante-en-tunisie-l-ia-va-entrer-dans-les-urgences\\\/221365\\\/\"},\"wordCount\":406,\"commentCount\":0,\"publisher\":{\"@id\":\"https:\\\/\\\/www.webdo.tn\\\/fr\\\/#organization\"},\"image\":{\"@id\":\"https:\\\/\\\/www.webdo.tn\\\/fr\\\/actualite\\\/national\\\/sante-en-tunisie-l-ia-va-entrer-dans-les-urgences\\\/221365\\\/#primaryimage\"},\"thumbnailUrl\":\"https:\\\/\\\/www.webdo.tn\\\/fr\\\/wp-content\\\/uploads\\\/2025\\\/05\\\/4276a9d8df3737697c487526e0cf2e12-3.webp\",\"keywords\":[\"IA\",\"Intelligence artificielle\",\"Sant\u00e9\",\"Tunisie\",\"Urgences\"],\"articleSection\":[\"National\"],\"inLanguage\":\"fr-FR\"},{\"@type\":\"WebPage\",\"@id\":\"https:\\\/\\\/www.webdo.tn\\\/fr\\\/actualite\\\/national\\\/sante-en-tunisie-l-ia-va-entrer-dans-les-urgences\\\/221365\\\/\",\"url\":\"https:\\\/\\\/www.webdo.tn\\\/fr\\\/actualite\\\/national\\\/sante-en-tunisie-l-ia-va-entrer-dans-les-urgences\\\/221365\\\/\",\"name\":\"Sant\u00e9 en Tunisie : L\u2019IA va entrer dans les urgences\",\"isPartOf\":{\"@id\":\"https:\\\/\\\/www.webdo.tn\\\/fr\\\/#website\"},\"primaryImageOfPage\":{\"@id\":\"https:\\\/\\\/www.webdo.tn\\\/fr\\\/actualite\\\/national\\\/sante-en-tunisie-l-ia-va-entrer-dans-les-urgences\\\/221365\\\/#primaryimage\"},\"image\":{\"@id\":\"https:\\\/\\\/www.webdo.tn\\\/fr\\\/actualite\\\/national\\\/sante-en-tunisie-l-ia-va-entrer-dans-les-urgences\\\/221365\\\/#primaryimage\"},\"thumbnailUrl\":\"https:\\\/\\\/www.webdo.tn\\\/fr\\\/wp-content\\\/uploads\\\/2025\\\/05\\\/4276a9d8df3737697c487526e0cf2e12-3.webp\",\"datePublished\":\"2025-04-18T13:12:00+00:00\",\"dateModified\":\"2025-05-21T08:53:55+00:00\",\"description\":\"Le 24e Congr\u00e8s de m\u00e9decine d'urgence en Tunisie marque un tournant vers la digitalisation des soins, avec une attention particuli\u00e8re port\u00e9e aux AVC et infarctus...\",\"breadcrumb\":{\"@id\":\"https:\\\/\\\/www.webdo.tn\\\/fr\\\/actualite\\\/national\\\/sante-en-tunisie-l-ia-va-entrer-dans-les-urgences\\\/221365\\\/#breadcrumb\"},\"inLanguage\":\"fr-FR\",\"potentialAction\":[{\"@type\":\"ReadAction\",\"target\":[\"https:\\\/\\\/www.webdo.tn\\\/fr\\\/actualite\\\/national\\\/sante-en-tunisie-l-ia-va-entrer-dans-les-urgences\\\/221365\\\/\"]}]},{\"@type\":\"ImageObject\",\"inLanguage\":\"fr-FR\",\"@id\":\"https:\\\/\\\/www.webdo.tn\\\/fr\\\/actualite\\\/national\\\/sante-en-tunisie-l-ia-va-entrer-dans-les-urgences\\\/221365\\\/#primaryimage\",\"url\":\"https:\\\/\\\/www.webdo.tn\\\/fr\\\/wp-content\\\/uploads\\\/2025\\\/05\\\/4276a9d8df3737697c487526e0cf2e12-3.webp\",\"contentUrl\":\"https:\\\/\\\/www.webdo.tn\\\/fr\\\/wp-content\\\/uploads\\\/2025\\\/05\\\/4276a9d8df3737697c487526e0cf2e12-3.webp\",\"width\":750,\"height\":400},{\"@type\":\"BreadcrumbList\",\"@id\":\"https:\\\/\\\/www.webdo.tn\\\/fr\\\/actualite\\\/national\\\/sante-en-tunisie-l-ia-va-entrer-dans-les-urgences\\\/221365\\\/#breadcrumb\",\"itemListElement\":[{\"@type\":\"ListItem\",\"position\":1,\"name\":\"Accueil\",\"item\":\"https:\\\/\\\/www.webdo.tn\\\/fr\\\/\"},{\"@type\":\"ListItem\",\"position\":2,\"name\":\"Sant\u00e9 en Tunisie : L\u2019IA va entrer dans les urgences\"}]},{\"@type\":\"WebSite\",\"@id\":\"https:\\\/\\\/www.webdo.tn\\\/fr\\\/#website\",\"url\":\"https:\\\/\\\/www.webdo.tn\\\/fr\\\/\",\"name\":\"webdo\",\"description\":\"Tunisie - News en Tunisie et \u00e0 l&#039;international sur Webdo.tn\",\"publisher\":{\"@id\":\"https:\\\/\\\/www.webdo.tn\\\/fr\\\/#organization\"},\"potentialAction\":[{\"@type\":\"SearchAction\",\"target\":{\"@type\":\"EntryPoint\",\"urlTemplate\":\"https:\\\/\\\/www.webdo.tn\\\/fr\\\/?s={search_term_string}\"},\"query-input\":{\"@type\":\"PropertyValueSpecification\",\"valueRequired\":true,\"valueName\":\"search_term_string\"}}],\"inLanguage\":\"fr-FR\"},{\"@type\":\"Organization\",\"@id\":\"https:\\\/\\\/www.webdo.tn\\\/fr\\\/#organization\",\"name\":\"Webdo\",\"alternateName\":\"Webdo.tn\",\"url\":\"https:\\\/\\\/www.webdo.tn\\\/fr\\\/\",\"logo\":{\"@type\":\"ImageObject\",\"inLanguage\":\"fr-FR\",\"@id\":\"https:\\\/\\\/www.webdo.tn\\\/fr\\\/#\\\/schema\\\/logo\\\/image\\\/\",\"url\":\"https:\\\/\\\/www.webdo.tn\\\/fr\\\/wp-content\\\/uploads\\\/2025\\\/06\\\/Webdo-Tunisie_168377.jpg\",\"contentUrl\":\"https:\\\/\\\/www.webdo.tn\\\/fr\\\/wp-content\\\/uploads\\\/2025\\\/06\\\/Webdo-Tunisie_168377.jpg\",\"width\":301,\"height\":301,\"caption\":\"Webdo\"},\"image\":{\"@id\":\"https:\\\/\\\/www.webdo.tn\\\/fr\\\/#\\\/schema\\\/logo\\\/image\\\/\"},\"sameAs\":[\"https:\\\/\\\/www.facebook.com\\\/webdotn\",\"https:\\\/\\\/x.com\\\/webdo_tn\"],\"description\":\"Webdo est un m\u00e9dia num\u00e9rique tunisien fond\u00e9 en 2010, sp\u00e9cialis\u00e9 dans l\u2019actualit\u00e9 nationale et internationale, l\u2019\u00e9conomie, la soci\u00e9t\u00e9 et les analyses politiques. Le site s\u2019adresse \u00e0 un large public francophone et couvre l\u2019information tunisienne en temps r\u00e9el.\",\"email\":\"redac@webdo.tn\",\"legalName\":\"YNJ SARL\",\"foundingDate\":\"2010-09-06\",\"numberOfEmployees\":{\"@type\":\"QuantitativeValue\",\"minValue\":\"11\",\"maxValue\":\"50\"}},{\"@type\":\"Person\",\"@id\":\"https:\\\/\\\/www.webdo.tn\\\/fr\\\/#\\\/schema\\\/person\\\/82ca085b22037d285e1a3c4b65ba5f71\",\"name\":\"KJ\",\"image\":{\"@type\":\"ImageObject\",\"inLanguage\":\"fr-FR\",\"@id\":\"https:\\\/\\\/secure.gravatar.com\\\/avatar\\\/1a1320de1c1971c893f00068f760b4113d69504aa21273da17ee95650c5944fd?s=96&d=mm&r=g\",\"url\":\"https:\\\/\\\/secure.gravatar.com\\\/avatar\\\/1a1320de1c1971c893f00068f760b4113d69504aa21273da17ee95650c5944fd?s=96&d=mm&r=g\",\"contentUrl\":\"https:\\\/\\\/secure.gravatar.com\\\/avatar\\\/1a1320de1c1971c893f00068f760b4113d69504aa21273da17ee95650c5944fd?s=96&d=mm&r=g\",\"caption\":\"KJ\"},\"url\":\"https:\\\/\\\/www.webdo.tn\\\/fr\\\/actualite\\\/author\\\/kj\\\/\"}]}<\/script>\n<!-- \/ Yoast SEO Premium plugin. -->","yoast_head_json":{"title":"Sant\u00e9 en Tunisie : L\u2019IA va entrer dans les urgences","description":"Le 24e Congr\u00e8s de m\u00e9decine d'urgence en Tunisie marque un tournant vers la digitalisation des soins, avec une attention particuli\u00e8re port\u00e9e aux AVC et infarctus...","canonical":"https:\/\/www.webdo.tn\/fr\/actualite\/national\/sante-en-tunisie-l-ia-va-entrer-dans-les-urgences\/221365\/","og_locale":"fr_FR","og_type":"article","og_title":"Sant\u00e9 en Tunisie : L\u2019IA va entrer dans les urgences","og_description":"Le 24e Congr\u00e8s de m\u00e9decine d'urgence en Tunisie marque un tournant vers la digitalisation des soins, avec une attention particuli\u00e8re port\u00e9e aux AVC et infarctus...","og_url":"https:\/\/www.webdo.tn\/fr\/actualite\/national\/sante-en-tunisie-l-ia-va-entrer-dans-les-urgences\/221365\/","og_site_name":"webdo","article_publisher":"https:\/\/www.facebook.com\/webdotn","article_published_time":"2025-04-18T13:12:00+00:00","article_modified_time":"2025-05-21T08:53:55+00:00","og_image":[{"width":750,"height":400,"url":"https:\/\/www.webdo.tn\/fr\/wp-content\/uploads\/2025\/05\/4276a9d8df3737697c487526e0cf2e12-3.webp","type":"image\/webp"}],"author":"KJ","twitter_card":"summary_large_image","twitter_creator":"@webdo_tn","twitter_site":"@webdo_tn","twitter_misc":{"\u00c9crit par":"KJ","Dur\u00e9e de lecture estim\u00e9e":"2 minutes"},"schema":{"@context":"https:\/\/schema.org","@graph":[{"@type":"NewsArticle","@id":"https:\/\/www.webdo.tn\/fr\/actualite\/national\/sante-en-tunisie-l-ia-va-entrer-dans-les-urgences\/221365\/#article","isPartOf":{"@id":"https:\/\/www.webdo.tn\/fr\/actualite\/national\/sante-en-tunisie-l-ia-va-entrer-dans-les-urgences\/221365\/"},"author":{"name":"KJ","@id":"https:\/\/www.webdo.tn\/fr\/#\/schema\/person\/82ca085b22037d285e1a3c4b65ba5f71"},"headline":"Sant\u00e9 en Tunisie : L\u2019IA va entrer dans les urgences","datePublished":"2025-04-18T13:12:00+00:00","dateModified":"2025-05-21T08:53:55+00:00","mainEntityOfPage":{"@id":"https:\/\/www.webdo.tn\/fr\/actualite\/national\/sante-en-tunisie-l-ia-va-entrer-dans-les-urgences\/221365\/"},"wordCount":406,"commentCount":0,"publisher":{"@id":"https:\/\/www.webdo.tn\/fr\/#organization"},"image":{"@id":"https:\/\/www.webdo.tn\/fr\/actualite\/national\/sante-en-tunisie-l-ia-va-entrer-dans-les-urgences\/221365\/#primaryimage"},"thumbnailUrl":"https:\/\/www.webdo.tn\/fr\/wp-content\/uploads\/2025\/05\/4276a9d8df3737697c487526e0cf2e12-3.webp","keywords":["IA","Intelligence artificielle","Sant\u00e9","Tunisie","Urgences"],"articleSection":["National"],"inLanguage":"fr-FR"},{"@type":"WebPage","@id":"https:\/\/www.webdo.tn\/fr\/actualite\/national\/sante-en-tunisie-l-ia-va-entrer-dans-les-urgences\/221365\/","url":"https:\/\/www.webdo.tn\/fr\/actualite\/national\/sante-en-tunisie-l-ia-va-entrer-dans-les-urgences\/221365\/","name":"Sant\u00e9 en Tunisie : L\u2019IA va entrer dans les urgences","isPartOf":{"@id":"https:\/\/www.webdo.tn\/fr\/#website"},"primaryImageOfPage":{"@id":"https:\/\/www.webdo.tn\/fr\/actualite\/national\/sante-en-tunisie-l-ia-va-entrer-dans-les-urgences\/221365\/#primaryimage"},"image":{"@id":"https:\/\/www.webdo.tn\/fr\/actualite\/national\/sante-en-tunisie-l-ia-va-entrer-dans-les-urgences\/221365\/#primaryimage"},"thumbnailUrl":"https:\/\/www.webdo.tn\/fr\/wp-content\/uploads\/2025\/05\/4276a9d8df3737697c487526e0cf2e12-3.webp","datePublished":"2025-04-18T13:12:00+00:00","dateModified":"2025-05-21T08:53:55+00:00","description":"Le 24e Congr\u00e8s de m\u00e9decine d'urgence en Tunisie marque un tournant vers la digitalisation des soins, avec une attention particuli\u00e8re port\u00e9e aux AVC et infarctus...","breadcrumb":{"@id":"https:\/\/www.webdo.tn\/fr\/actualite\/national\/sante-en-tunisie-l-ia-va-entrer-dans-les-urgences\/221365\/#breadcrumb"},"inLanguage":"fr-FR","potentialAction":[{"@type":"ReadAction","target":["https:\/\/www.webdo.tn\/fr\/actualite\/national\/sante-en-tunisie-l-ia-va-entrer-dans-les-urgences\/221365\/"]}]},{"@type":"ImageObject","inLanguage":"fr-FR","@id":"https:\/\/www.webdo.tn\/fr\/actualite\/national\/sante-en-tunisie-l-ia-va-entrer-dans-les-urgences\/221365\/#primaryimage","url":"https:\/\/www.webdo.tn\/fr\/wp-content\/uploads\/2025\/05\/4276a9d8df3737697c487526e0cf2e12-3.webp","contentUrl":"https:\/\/www.webdo.tn\/fr\/wp-content\/uploads\/2025\/05\/4276a9d8df3737697c487526e0cf2e12-3.webp","width":750,"height":400},{"@type":"BreadcrumbList","@id":"https:\/\/www.webdo.tn\/fr\/actualite\/national\/sante-en-tunisie-l-ia-va-entrer-dans-les-urgences\/221365\/#breadcrumb","itemListElement":[{"@type":"ListItem","position":1,"name":"Accueil","item":"https:\/\/www.webdo.tn\/fr\/"},{"@type":"ListItem","position":2,"name":"Sant\u00e9 en Tunisie : L\u2019IA va entrer dans les urgences"}]},{"@type":"WebSite","@id":"https:\/\/www.webdo.tn\/fr\/#website","url":"https:\/\/www.webdo.tn\/fr\/","name":"webdo","description":"Tunisie - News en Tunisie et \u00e0 l&#039;international sur Webdo.tn","publisher":{"@id":"https:\/\/www.webdo.tn\/fr\/#organization"},"potentialAction":[{"@type":"SearchAction","target":{"@type":"EntryPoint","urlTemplate":"https:\/\/www.webdo.tn\/fr\/?s={search_term_string}"},"query-input":{"@type":"PropertyValueSpecification","valueRequired":true,"valueName":"search_term_string"}}],"inLanguage":"fr-FR"},{"@type":"Organization","@id":"https:\/\/www.webdo.tn\/fr\/#organization","name":"Webdo","alternateName":"Webdo.tn","url":"https:\/\/www.webdo.tn\/fr\/","logo":{"@type":"ImageObject","inLanguage":"fr-FR","@id":"https:\/\/www.webdo.tn\/fr\/#\/schema\/logo\/image\/","url":"https:\/\/www.webdo.tn\/fr\/wp-content\/uploads\/2025\/06\/Webdo-Tunisie_168377.jpg","contentUrl":"https:\/\/www.webdo.tn\/fr\/wp-content\/uploads\/2025\/06\/Webdo-Tunisie_168377.jpg","width":301,"height":301,"caption":"Webdo"},"image":{"@id":"https:\/\/www.webdo.tn\/fr\/#\/schema\/logo\/image\/"},"sameAs":["https:\/\/www.facebook.com\/webdotn","https:\/\/x.com\/webdo_tn"],"description":"Webdo est un m\u00e9dia num\u00e9rique tunisien fond\u00e9 en 2010, sp\u00e9cialis\u00e9 dans l\u2019actualit\u00e9 nationale et internationale, l\u2019\u00e9conomie, la soci\u00e9t\u00e9 et les analyses politiques. Le site s\u2019adresse \u00e0 un large public francophone et couvre l\u2019information tunisienne en temps r\u00e9el.","email":"redac@webdo.tn","legalName":"YNJ SARL","foundingDate":"2010-09-06","numberOfEmployees":{"@type":"QuantitativeValue","minValue":"11","maxValue":"50"}},{"@type":"Person","@id":"https:\/\/www.webdo.tn\/fr\/#\/schema\/person\/82ca085b22037d285e1a3c4b65ba5f71","name":"KJ","image":{"@type":"ImageObject","inLanguage":"fr-FR","@id":"https:\/\/secure.gravatar.com\/avatar\/1a1320de1c1971c893f00068f760b4113d69504aa21273da17ee95650c5944fd?s=96&d=mm&r=g","url":"https:\/\/secure.gravatar.com\/avatar\/1a1320de1c1971c893f00068f760b4113d69504aa21273da17ee95650c5944fd?s=96&d=mm&r=g","contentUrl":"https:\/\/secure.gravatar.com\/avatar\/1a1320de1c1971c893f00068f760b4113d69504aa21273da17ee95650c5944fd?s=96&d=mm&r=g","caption":"KJ"},"url":"https:\/\/www.webdo.tn\/fr\/actualite\/author\/kj\/"}]}},"_links":{"self":[{"href":"https:\/\/www.webdo.tn\/fr\/wp-json\/wp\/v2\/posts\/221365","targetHints":{"allow":["GET"]}}],"collection":[{"href":"https:\/\/www.webdo.tn\/fr\/wp-json\/wp\/v2\/posts"}],"about":[{"href":"https:\/\/www.webdo.tn\/fr\/wp-json\/wp\/v2\/types\/post"}],"author":[{"embeddable":true,"href":"https:\/\/www.webdo.tn\/fr\/wp-json\/wp\/v2\/users\/3163"}],"replies":[{"embeddable":true,"href":"https:\/\/www.webdo.tn\/fr\/wp-json\/wp\/v2\/comments?post=221365"}],"version-history":[{"count":0,"href":"https:\/\/www.webdo.tn\/fr\/wp-json\/wp\/v2\/posts\/221365\/revisions"}],"wp:featuredmedia":[{"embeddable":true,"href":"https:\/\/www.webdo.tn\/fr\/wp-json\/wp\/v2\/media\/241052"}],"wp:attachment":[{"href":"https:\/\/www.webdo.tn\/fr\/wp-json\/wp\/v2\/media?parent=221365"}],"wp:term":[{"taxonomy":"category","embeddable":true,"href":"https:\/\/www.webdo.tn\/fr\/wp-json\/wp\/v2\/categories?post=221365"},{"taxonomy":"post_tag","embeddable":true,"href":"https:\/\/www.webdo.tn\/fr\/wp-json\/wp\/v2\/tags?post=221365"}],"curies":[{"name":"wp","href":"https:\/\/api.w.org\/{rel}","templated":true}]}}