{"id":221349,"date":"2025-04-18T09:14:00","date_gmt":"2025-04-18T09:14:00","guid":{"rendered":"https:\/\/www.webdo.tn\/fr\/blog\/2025\/04\/18\/medecins-sur-les-reseaux-l-ordre-prescrit-une-charte\/"},"modified":"2025-05-21T08:54:01","modified_gmt":"2025-05-21T08:54:01","slug":"medecins-sur-les-reseaux-l-ordre-prescrit-une-charte","status":"publish","type":"post","link":"https:\/\/www.webdo.tn\/fr\/actualite\/national\/medecins-sur-les-reseaux-l-ordre-prescrit-une-charte\/221349\/","title":{"rendered":"M\u00e9decins sur les r\u00e9seaux : L\u2019Ordre prescrit une charte !"},"content":{"rendered":"<p>Dans une initiative in\u00e9dite, le Conseil national de l\u2019Ordre des m\u00e9decins en Tunisie a d\u00e9voil\u00e9 un code de conduite d\u00e9di\u00e9 aux m\u00e9decins actifs sur les r\u00e9seaux sociaux.<\/p>\n<p>\t\t\t\t\t\t\t\t\tObjectif affich\u00e9 : garantir la diffusion d\u2019informations m\u00e9dicales fiables et pr\u00e9cises en ligne, dans un contexte de mont\u00e9e de la d\u00e9sinformation en mati\u00e8re de sant\u00e9.<\/p>\n<p>Samir Chattou, tr\u00e9sorier de l\u2019Ordre, a soulign\u00e9, dans une d\u00e9claration \u00e0 Mosaique FM,\u00a0que cette d\u00e9marche ne vise pas \u00e0 interdire l\u2019usage des r\u00e9seaux sociaux par les professionnels de sant\u00e9. Au contraire, elle cherche \u00e0 organiser et encadrer ces prises de parole afin qu\u2019elles respectent le cadre l\u00e9gal et les devoirs d\u00e9ontologiques du m\u00e9decin.<\/p>\n<p>\u00ab Ce code contribuera \u00e0 structurer les interventions m\u00e9dicales sur Internet, en s\u2019assurant que les contenus diffus\u00e9s soient conformes aux normes professionnelles et aux r\u00e8gles de l\u2019\u00e9thique m\u00e9dicale \u00bb, a expliqu\u00e9 Samir Chattou. Selon lui, cela permettra non seulement de pr\u00e9server la sant\u00e9 publique, mais aussi de renforcer la qualit\u00e9 des informations accessibles au grand public.<\/p>\n<p>Le code pourrait \u00e9galement participer \u00e0 l\u2019am\u00e9lioration des services offerts aux patients, \u00e0 condition que les m\u00e9decins cr\u00e9ateurs de contenu s\u2019engagent \u00e0 respecter les standards de la profession et les principes fondamentaux de la pratique m\u00e9dicale.<\/p>\n<p>L\u2019Ordre des m\u00e9decins rappelle \u00e0 ses membres l\u2019importance du respect des lois tunisiennes en mati\u00e8re de sant\u00e9 et des r\u00e8gles professionnelles encadrant la profession m\u00e9dicale, notamment lorsqu\u2019ils s\u2019expriment sur les plateformes num\u00e9riques.<\/p>\n","protected":false},"excerpt":{"rendered":"<p>Le Conseil national de l\u2019Ordre des m\u00e9decins lance un code \u00e9thique pour encadrer les m\u00e9decins cr\u00e9ateurs de contenu en ligne et lutter contre la d\u00e9sinformation m\u00e9&#8230;<\/p>\n","protected":false},"author":3163,"featured_media":241090,"comment_status":"open","ping_status":"open","sticky":false,"template":"","format":"standard","meta":{"footnotes":""},"categories":[44],"tags":[3139,3140,2701,2608],"class_list":["post-221349","post","type-post","status-publish","format-standard","has-post-thumbnail","hentry","category-national","tag-charte","tag-influenceurs","tag-medecins","tag-tunisie"],"yoast_head":"<!-- This site is optimized with the Yoast SEO Premium plugin v27.5 (Yoast SEO v27.5) - https:\/\/yoast.com\/product\/yoast-seo-premium-wordpress\/ -->\n<title>M\u00e9decins sur les r\u00e9seaux : L\u2019Ordre prescrit une charte !<\/title>\n<meta name=\"description\" content=\"Le Conseil national de l\u2019Ordre des m\u00e9decins lance un code \u00e9thique pour encadrer les m\u00e9decins cr\u00e9ateurs de contenu en ligne et lutter contre la d\u00e9sinformation m\u00e9...\" \/>\n<link rel=\"canonical\" href=\"https:\/\/www.webdo.tn\/fr\/actualite\/national\/medecins-sur-les-reseaux-l-ordre-prescrit-une-charte\/221349\/\" \/>\n<meta property=\"og:locale\" content=\"fr_FR\" \/>\n<meta property=\"og:type\" content=\"article\" \/>\n<meta property=\"og:title\" content=\"M\u00e9decins sur les r\u00e9seaux : L\u2019Ordre prescrit une charte !\" \/>\n<meta property=\"og:description\" content=\"Le Conseil national de l\u2019Ordre des m\u00e9decins lance un code \u00e9thique pour encadrer les m\u00e9decins cr\u00e9ateurs de contenu en ligne et lutter contre la d\u00e9sinformation m\u00e9...\" \/>\n<meta property=\"og:url\" content=\"https:\/\/www.webdo.tn\/fr\/actualite\/national\/medecins-sur-les-reseaux-l-ordre-prescrit-une-charte\/221349\/\" \/>\n<meta property=\"og:site_name\" content=\"webdo\" \/>\n<meta property=\"article:publisher\" content=\"https:\/\/www.facebook.com\/webdotn\" \/>\n<meta property=\"article:published_time\" content=\"2025-04-18T09:14:00+00:00\" \/>\n<meta property=\"article:modified_time\" content=\"2025-05-21T08:54:01+00:00\" \/>\n<meta property=\"og:image\" content=\"https:\/\/www.webdo.tn\/fr\/wp-content\/uploads\/2025\/05\/3fb9fe3bd80be4a6803d61c9a869cc89-3.webp\" \/>\n\t<meta property=\"og:image:width\" content=\"567\" \/>\n\t<meta property=\"og:image:height\" content=\"302\" \/>\n\t<meta property=\"og:image:type\" content=\"image\/webp\" \/>\n<meta name=\"author\" content=\"KJ\" \/>\n<meta name=\"twitter:card\" content=\"summary_large_image\" \/>\n<meta name=\"twitter:creator\" content=\"@webdo_tn\" \/>\n<meta name=\"twitter:site\" content=\"@webdo_tn\" \/>\n<meta name=\"twitter:label1\" content=\"\u00c9crit par\" \/>\n\t<meta name=\"twitter:data1\" content=\"KJ\" \/>\n\t<meta name=\"twitter:label2\" content=\"Dur\u00e9e de lecture estim\u00e9e\" \/>\n\t<meta name=\"twitter:data2\" content=\"1 minute\" \/>\n<script type=\"application\/ld+json\" class=\"yoast-schema-graph\">{\"@context\":\"https:\\\/\\\/schema.org\",\"@graph\":[{\"@type\":\"NewsArticle\",\"@id\":\"https:\\\/\\\/www.webdo.tn\\\/fr\\\/actualite\\\/national\\\/medecins-sur-les-reseaux-l-ordre-prescrit-une-charte\\\/221349\\\/#article\",\"isPartOf\":{\"@id\":\"https:\\\/\\\/www.webdo.tn\\\/fr\\\/actualite\\\/national\\\/medecins-sur-les-reseaux-l-ordre-prescrit-une-charte\\\/221349\\\/\"},\"author\":{\"name\":\"KJ\",\"@id\":\"https:\\\/\\\/www.webdo.tn\\\/fr\\\/#\\\/schema\\\/person\\\/82ca085b22037d285e1a3c4b65ba5f71\"},\"headline\":\"M\u00e9decins sur les r\u00e9seaux : L\u2019Ordre prescrit une charte !\",\"datePublished\":\"2025-04-18T09:14:00+00:00\",\"dateModified\":\"2025-05-21T08:54:01+00:00\",\"mainEntityOfPage\":{\"@id\":\"https:\\\/\\\/www.webdo.tn\\\/fr\\\/actualite\\\/national\\\/medecins-sur-les-reseaux-l-ordre-prescrit-une-charte\\\/221349\\\/\"},\"wordCount\":275,\"commentCount\":0,\"publisher\":{\"@id\":\"https:\\\/\\\/www.webdo.tn\\\/fr\\\/#organization\"},\"image\":{\"@id\":\"https:\\\/\\\/www.webdo.tn\\\/fr\\\/actualite\\\/national\\\/medecins-sur-les-reseaux-l-ordre-prescrit-une-charte\\\/221349\\\/#primaryimage\"},\"thumbnailUrl\":\"https:\\\/\\\/www.webdo.tn\\\/fr\\\/wp-content\\\/uploads\\\/2025\\\/05\\\/3fb9fe3bd80be4a6803d61c9a869cc89-3.webp\",\"keywords\":[\"Charte\",\"Influenceurs\",\"m\u00e9decins\",\"Tunisie\"],\"articleSection\":[\"National\"],\"inLanguage\":\"fr-FR\"},{\"@type\":\"WebPage\",\"@id\":\"https:\\\/\\\/www.webdo.tn\\\/fr\\\/actualite\\\/national\\\/medecins-sur-les-reseaux-l-ordre-prescrit-une-charte\\\/221349\\\/\",\"url\":\"https:\\\/\\\/www.webdo.tn\\\/fr\\\/actualite\\\/national\\\/medecins-sur-les-reseaux-l-ordre-prescrit-une-charte\\\/221349\\\/\",\"name\":\"M\u00e9decins sur les r\u00e9seaux : L\u2019Ordre prescrit une charte !\",\"isPartOf\":{\"@id\":\"https:\\\/\\\/www.webdo.tn\\\/fr\\\/#website\"},\"primaryImageOfPage\":{\"@id\":\"https:\\\/\\\/www.webdo.tn\\\/fr\\\/actualite\\\/national\\\/medecins-sur-les-reseaux-l-ordre-prescrit-une-charte\\\/221349\\\/#primaryimage\"},\"image\":{\"@id\":\"https:\\\/\\\/www.webdo.tn\\\/fr\\\/actualite\\\/national\\\/medecins-sur-les-reseaux-l-ordre-prescrit-une-charte\\\/221349\\\/#primaryimage\"},\"thumbnailUrl\":\"https:\\\/\\\/www.webdo.tn\\\/fr\\\/wp-content\\\/uploads\\\/2025\\\/05\\\/3fb9fe3bd80be4a6803d61c9a869cc89-3.webp\",\"datePublished\":\"2025-04-18T09:14:00+00:00\",\"dateModified\":\"2025-05-21T08:54:01+00:00\",\"description\":\"Le Conseil national de l\u2019Ordre des m\u00e9decins lance un code \u00e9thique pour encadrer les m\u00e9decins cr\u00e9ateurs de contenu en ligne et lutter contre la d\u00e9sinformation m\u00e9...\",\"breadcrumb\":{\"@id\":\"https:\\\/\\\/www.webdo.tn\\\/fr\\\/actualite\\\/national\\\/medecins-sur-les-reseaux-l-ordre-prescrit-une-charte\\\/221349\\\/#breadcrumb\"},\"inLanguage\":\"fr-FR\",\"potentialAction\":[{\"@type\":\"ReadAction\",\"target\":[\"https:\\\/\\\/www.webdo.tn\\\/fr\\\/actualite\\\/national\\\/medecins-sur-les-reseaux-l-ordre-prescrit-une-charte\\\/221349\\\/\"]}]},{\"@type\":\"ImageObject\",\"inLanguage\":\"fr-FR\",\"@id\":\"https:\\\/\\\/www.webdo.tn\\\/fr\\\/actualite\\\/national\\\/medecins-sur-les-reseaux-l-ordre-prescrit-une-charte\\\/221349\\\/#primaryimage\",\"url\":\"https:\\\/\\\/www.webdo.tn\\\/fr\\\/wp-content\\\/uploads\\\/2025\\\/05\\\/3fb9fe3bd80be4a6803d61c9a869cc89-3.webp\",\"contentUrl\":\"https:\\\/\\\/www.webdo.tn\\\/fr\\\/wp-content\\\/uploads\\\/2025\\\/05\\\/3fb9fe3bd80be4a6803d61c9a869cc89-3.webp\",\"width\":567,\"height\":302},{\"@type\":\"BreadcrumbList\",\"@id\":\"https:\\\/\\\/www.webdo.tn\\\/fr\\\/actualite\\\/national\\\/medecins-sur-les-reseaux-l-ordre-prescrit-une-charte\\\/221349\\\/#breadcrumb\",\"itemListElement\":[{\"@type\":\"ListItem\",\"position\":1,\"name\":\"Accueil\",\"item\":\"https:\\\/\\\/www.webdo.tn\\\/fr\\\/\"},{\"@type\":\"ListItem\",\"position\":2,\"name\":\"M\u00e9decins sur les r\u00e9seaux : L\u2019Ordre prescrit une charte !\"}]},{\"@type\":\"WebSite\",\"@id\":\"https:\\\/\\\/www.webdo.tn\\\/fr\\\/#website\",\"url\":\"https:\\\/\\\/www.webdo.tn\\\/fr\\\/\",\"name\":\"webdo\",\"description\":\"Tunisie - News en Tunisie et \u00e0 l&#039;international sur Webdo.tn\",\"publisher\":{\"@id\":\"https:\\\/\\\/www.webdo.tn\\\/fr\\\/#organization\"},\"potentialAction\":[{\"@type\":\"SearchAction\",\"target\":{\"@type\":\"EntryPoint\",\"urlTemplate\":\"https:\\\/\\\/www.webdo.tn\\\/fr\\\/?s={search_term_string}\"},\"query-input\":{\"@type\":\"PropertyValueSpecification\",\"valueRequired\":true,\"valueName\":\"search_term_string\"}}],\"inLanguage\":\"fr-FR\"},{\"@type\":\"Organization\",\"@id\":\"https:\\\/\\\/www.webdo.tn\\\/fr\\\/#organization\",\"name\":\"Webdo\",\"alternateName\":\"Webdo.tn\",\"url\":\"https:\\\/\\\/www.webdo.tn\\\/fr\\\/\",\"logo\":{\"@type\":\"ImageObject\",\"inLanguage\":\"fr-FR\",\"@id\":\"https:\\\/\\\/www.webdo.tn\\\/fr\\\/#\\\/schema\\\/logo\\\/image\\\/\",\"url\":\"https:\\\/\\\/www.webdo.tn\\\/fr\\\/wp-content\\\/uploads\\\/2025\\\/06\\\/Webdo-Tunisie_168377.jpg\",\"contentUrl\":\"https:\\\/\\\/www.webdo.tn\\\/fr\\\/wp-content\\\/uploads\\\/2025\\\/06\\\/Webdo-Tunisie_168377.jpg\",\"width\":301,\"height\":301,\"caption\":\"Webdo\"},\"image\":{\"@id\":\"https:\\\/\\\/www.webdo.tn\\\/fr\\\/#\\\/schema\\\/logo\\\/image\\\/\"},\"sameAs\":[\"https:\\\/\\\/www.facebook.com\\\/webdotn\",\"https:\\\/\\\/x.com\\\/webdo_tn\"],\"description\":\"Webdo est un m\u00e9dia num\u00e9rique tunisien fond\u00e9 en 2010, sp\u00e9cialis\u00e9 dans l\u2019actualit\u00e9 nationale et internationale, l\u2019\u00e9conomie, la soci\u00e9t\u00e9 et les analyses politiques. Le site s\u2019adresse \u00e0 un large public francophone et couvre l\u2019information tunisienne en temps r\u00e9el.\",\"email\":\"redac@webdo.tn\",\"legalName\":\"YNJ SARL\",\"foundingDate\":\"2010-09-06\",\"numberOfEmployees\":{\"@type\":\"QuantitativeValue\",\"minValue\":\"11\",\"maxValue\":\"50\"}},{\"@type\":\"Person\",\"@id\":\"https:\\\/\\\/www.webdo.tn\\\/fr\\\/#\\\/schema\\\/person\\\/82ca085b22037d285e1a3c4b65ba5f71\",\"name\":\"KJ\",\"image\":{\"@type\":\"ImageObject\",\"inLanguage\":\"fr-FR\",\"@id\":\"https:\\\/\\\/secure.gravatar.com\\\/avatar\\\/1a1320de1c1971c893f00068f760b4113d69504aa21273da17ee95650c5944fd?s=96&d=mm&r=g\",\"url\":\"https:\\\/\\\/secure.gravatar.com\\\/avatar\\\/1a1320de1c1971c893f00068f760b4113d69504aa21273da17ee95650c5944fd?s=96&d=mm&r=g\",\"contentUrl\":\"https:\\\/\\\/secure.gravatar.com\\\/avatar\\\/1a1320de1c1971c893f00068f760b4113d69504aa21273da17ee95650c5944fd?s=96&d=mm&r=g\",\"caption\":\"KJ\"},\"url\":\"https:\\\/\\\/www.webdo.tn\\\/fr\\\/actualite\\\/author\\\/kj\\\/\"}]}<\/script>\n<!-- \/ Yoast SEO Premium plugin. -->","yoast_head_json":{"title":"M\u00e9decins sur les r\u00e9seaux : L\u2019Ordre prescrit une charte !","description":"Le Conseil national de l\u2019Ordre des m\u00e9decins lance un code \u00e9thique pour encadrer les m\u00e9decins cr\u00e9ateurs de contenu en ligne et lutter contre la d\u00e9sinformation m\u00e9...","canonical":"https:\/\/www.webdo.tn\/fr\/actualite\/national\/medecins-sur-les-reseaux-l-ordre-prescrit-une-charte\/221349\/","og_locale":"fr_FR","og_type":"article","og_title":"M\u00e9decins sur les r\u00e9seaux : L\u2019Ordre prescrit une charte !","og_description":"Le Conseil national de l\u2019Ordre des m\u00e9decins lance un code \u00e9thique pour encadrer les m\u00e9decins cr\u00e9ateurs de contenu en ligne et lutter contre la d\u00e9sinformation m\u00e9...","og_url":"https:\/\/www.webdo.tn\/fr\/actualite\/national\/medecins-sur-les-reseaux-l-ordre-prescrit-une-charte\/221349\/","og_site_name":"webdo","article_publisher":"https:\/\/www.facebook.com\/webdotn","article_published_time":"2025-04-18T09:14:00+00:00","article_modified_time":"2025-05-21T08:54:01+00:00","og_image":[{"width":567,"height":302,"url":"https:\/\/www.webdo.tn\/fr\/wp-content\/uploads\/2025\/05\/3fb9fe3bd80be4a6803d61c9a869cc89-3.webp","type":"image\/webp"}],"author":"KJ","twitter_card":"summary_large_image","twitter_creator":"@webdo_tn","twitter_site":"@webdo_tn","twitter_misc":{"\u00c9crit par":"KJ","Dur\u00e9e de lecture estim\u00e9e":"1 minute"},"schema":{"@context":"https:\/\/schema.org","@graph":[{"@type":"NewsArticle","@id":"https:\/\/www.webdo.tn\/fr\/actualite\/national\/medecins-sur-les-reseaux-l-ordre-prescrit-une-charte\/221349\/#article","isPartOf":{"@id":"https:\/\/www.webdo.tn\/fr\/actualite\/national\/medecins-sur-les-reseaux-l-ordre-prescrit-une-charte\/221349\/"},"author":{"name":"KJ","@id":"https:\/\/www.webdo.tn\/fr\/#\/schema\/person\/82ca085b22037d285e1a3c4b65ba5f71"},"headline":"M\u00e9decins sur les r\u00e9seaux : L\u2019Ordre prescrit une charte !","datePublished":"2025-04-18T09:14:00+00:00","dateModified":"2025-05-21T08:54:01+00:00","mainEntityOfPage":{"@id":"https:\/\/www.webdo.tn\/fr\/actualite\/national\/medecins-sur-les-reseaux-l-ordre-prescrit-une-charte\/221349\/"},"wordCount":275,"commentCount":0,"publisher":{"@id":"https:\/\/www.webdo.tn\/fr\/#organization"},"image":{"@id":"https:\/\/www.webdo.tn\/fr\/actualite\/national\/medecins-sur-les-reseaux-l-ordre-prescrit-une-charte\/221349\/#primaryimage"},"thumbnailUrl":"https:\/\/www.webdo.tn\/fr\/wp-content\/uploads\/2025\/05\/3fb9fe3bd80be4a6803d61c9a869cc89-3.webp","keywords":["Charte","Influenceurs","m\u00e9decins","Tunisie"],"articleSection":["National"],"inLanguage":"fr-FR"},{"@type":"WebPage","@id":"https:\/\/www.webdo.tn\/fr\/actualite\/national\/medecins-sur-les-reseaux-l-ordre-prescrit-une-charte\/221349\/","url":"https:\/\/www.webdo.tn\/fr\/actualite\/national\/medecins-sur-les-reseaux-l-ordre-prescrit-une-charte\/221349\/","name":"M\u00e9decins sur les r\u00e9seaux : L\u2019Ordre prescrit une charte !","isPartOf":{"@id":"https:\/\/www.webdo.tn\/fr\/#website"},"primaryImageOfPage":{"@id":"https:\/\/www.webdo.tn\/fr\/actualite\/national\/medecins-sur-les-reseaux-l-ordre-prescrit-une-charte\/221349\/#primaryimage"},"image":{"@id":"https:\/\/www.webdo.tn\/fr\/actualite\/national\/medecins-sur-les-reseaux-l-ordre-prescrit-une-charte\/221349\/#primaryimage"},"thumbnailUrl":"https:\/\/www.webdo.tn\/fr\/wp-content\/uploads\/2025\/05\/3fb9fe3bd80be4a6803d61c9a869cc89-3.webp","datePublished":"2025-04-18T09:14:00+00:00","dateModified":"2025-05-21T08:54:01+00:00","description":"Le Conseil national de l\u2019Ordre des m\u00e9decins lance un code \u00e9thique pour encadrer les m\u00e9decins cr\u00e9ateurs de contenu en ligne et lutter contre la d\u00e9sinformation m\u00e9...","breadcrumb":{"@id":"https:\/\/www.webdo.tn\/fr\/actualite\/national\/medecins-sur-les-reseaux-l-ordre-prescrit-une-charte\/221349\/#breadcrumb"},"inLanguage":"fr-FR","potentialAction":[{"@type":"ReadAction","target":["https:\/\/www.webdo.tn\/fr\/actualite\/national\/medecins-sur-les-reseaux-l-ordre-prescrit-une-charte\/221349\/"]}]},{"@type":"ImageObject","inLanguage":"fr-FR","@id":"https:\/\/www.webdo.tn\/fr\/actualite\/national\/medecins-sur-les-reseaux-l-ordre-prescrit-une-charte\/221349\/#primaryimage","url":"https:\/\/www.webdo.tn\/fr\/wp-content\/uploads\/2025\/05\/3fb9fe3bd80be4a6803d61c9a869cc89-3.webp","contentUrl":"https:\/\/www.webdo.tn\/fr\/wp-content\/uploads\/2025\/05\/3fb9fe3bd80be4a6803d61c9a869cc89-3.webp","width":567,"height":302},{"@type":"BreadcrumbList","@id":"https:\/\/www.webdo.tn\/fr\/actualite\/national\/medecins-sur-les-reseaux-l-ordre-prescrit-une-charte\/221349\/#breadcrumb","itemListElement":[{"@type":"ListItem","position":1,"name":"Accueil","item":"https:\/\/www.webdo.tn\/fr\/"},{"@type":"ListItem","position":2,"name":"M\u00e9decins sur les r\u00e9seaux : L\u2019Ordre prescrit une charte !"}]},{"@type":"WebSite","@id":"https:\/\/www.webdo.tn\/fr\/#website","url":"https:\/\/www.webdo.tn\/fr\/","name":"webdo","description":"Tunisie - News en Tunisie et \u00e0 l&#039;international sur Webdo.tn","publisher":{"@id":"https:\/\/www.webdo.tn\/fr\/#organization"},"potentialAction":[{"@type":"SearchAction","target":{"@type":"EntryPoint","urlTemplate":"https:\/\/www.webdo.tn\/fr\/?s={search_term_string}"},"query-input":{"@type":"PropertyValueSpecification","valueRequired":true,"valueName":"search_term_string"}}],"inLanguage":"fr-FR"},{"@type":"Organization","@id":"https:\/\/www.webdo.tn\/fr\/#organization","name":"Webdo","alternateName":"Webdo.tn","url":"https:\/\/www.webdo.tn\/fr\/","logo":{"@type":"ImageObject","inLanguage":"fr-FR","@id":"https:\/\/www.webdo.tn\/fr\/#\/schema\/logo\/image\/","url":"https:\/\/www.webdo.tn\/fr\/wp-content\/uploads\/2025\/06\/Webdo-Tunisie_168377.jpg","contentUrl":"https:\/\/www.webdo.tn\/fr\/wp-content\/uploads\/2025\/06\/Webdo-Tunisie_168377.jpg","width":301,"height":301,"caption":"Webdo"},"image":{"@id":"https:\/\/www.webdo.tn\/fr\/#\/schema\/logo\/image\/"},"sameAs":["https:\/\/www.facebook.com\/webdotn","https:\/\/x.com\/webdo_tn"],"description":"Webdo est un m\u00e9dia num\u00e9rique tunisien fond\u00e9 en 2010, sp\u00e9cialis\u00e9 dans l\u2019actualit\u00e9 nationale et internationale, l\u2019\u00e9conomie, la soci\u00e9t\u00e9 et les analyses politiques. Le site s\u2019adresse \u00e0 un large public francophone et couvre l\u2019information tunisienne en temps r\u00e9el.","email":"redac@webdo.tn","legalName":"YNJ SARL","foundingDate":"2010-09-06","numberOfEmployees":{"@type":"QuantitativeValue","minValue":"11","maxValue":"50"}},{"@type":"Person","@id":"https:\/\/www.webdo.tn\/fr\/#\/schema\/person\/82ca085b22037d285e1a3c4b65ba5f71","name":"KJ","image":{"@type":"ImageObject","inLanguage":"fr-FR","@id":"https:\/\/secure.gravatar.com\/avatar\/1a1320de1c1971c893f00068f760b4113d69504aa21273da17ee95650c5944fd?s=96&d=mm&r=g","url":"https:\/\/secure.gravatar.com\/avatar\/1a1320de1c1971c893f00068f760b4113d69504aa21273da17ee95650c5944fd?s=96&d=mm&r=g","contentUrl":"https:\/\/secure.gravatar.com\/avatar\/1a1320de1c1971c893f00068f760b4113d69504aa21273da17ee95650c5944fd?s=96&d=mm&r=g","caption":"KJ"},"url":"https:\/\/www.webdo.tn\/fr\/actualite\/author\/kj\/"}]}},"_links":{"self":[{"href":"https:\/\/www.webdo.tn\/fr\/wp-json\/wp\/v2\/posts\/221349","targetHints":{"allow":["GET"]}}],"collection":[{"href":"https:\/\/www.webdo.tn\/fr\/wp-json\/wp\/v2\/posts"}],"about":[{"href":"https:\/\/www.webdo.tn\/fr\/wp-json\/wp\/v2\/types\/post"}],"author":[{"embeddable":true,"href":"https:\/\/www.webdo.tn\/fr\/wp-json\/wp\/v2\/users\/3163"}],"replies":[{"embeddable":true,"href":"https:\/\/www.webdo.tn\/fr\/wp-json\/wp\/v2\/comments?post=221349"}],"version-history":[{"count":0,"href":"https:\/\/www.webdo.tn\/fr\/wp-json\/wp\/v2\/posts\/221349\/revisions"}],"wp:featuredmedia":[{"embeddable":true,"href":"https:\/\/www.webdo.tn\/fr\/wp-json\/wp\/v2\/media\/241090"}],"wp:attachment":[{"href":"https:\/\/www.webdo.tn\/fr\/wp-json\/wp\/v2\/media?parent=221349"}],"wp:term":[{"taxonomy":"category","embeddable":true,"href":"https:\/\/www.webdo.tn\/fr\/wp-json\/wp\/v2\/categories?post=221349"},{"taxonomy":"post_tag","embeddable":true,"href":"https:\/\/www.webdo.tn\/fr\/wp-json\/wp\/v2\/tags?post=221349"}],"curies":[{"name":"wp","href":"https:\/\/api.w.org\/{rel}","templated":true}]}}