{"id":221341,"date":"2025-04-18T07:31:00","date_gmt":"2025-04-18T07:31:00","guid":{"rendered":"https:\/\/www.webdo.tn\/fr\/blog\/2025\/04\/18\/tunisie-a-mazzouna-saied-s-engage-pour-l-hopital-les-routes-et-l-usine\/"},"modified":"2025-05-21T08:53:58","modified_gmt":"2025-05-21T08:53:58","slug":"tunisie-a-mazzouna-saied-s-engage-pour-l-hopital-les-routes-et-l-usine","status":"publish","type":"post","link":"https:\/\/www.webdo.tn\/fr\/actualite\/national\/tunisie-a-mazzouna-saied-s-engage-pour-l-hopital-les-routes-et-l-usine\/221341\/","title":{"rendered":"Tunisie : A Mazzouna, Sa\u00efed s\u2019engage pour l\u2019h\u00f4pital, les routes et l\u2019usine"},"content":{"rendered":"<p>Le pr\u00e9sident de la R\u00e9publique, Ka\u00efs Sa\u00efed, a effectu\u00e9 une visite nocturne inopin\u00e9e dans la ville de Mezzouna, o\u00f9 il a rencontr\u00e9 plusieurs habitants et \u00e9cout\u00e9 leurs pr\u00e9occupations.<\/p>\n<p>\t\t\t\t\t\t\t\t\tAli Jeddi, membre de la section r\u00e9gionale de la Ligue tunisienne des droits de l\u2019homme, a d\u00e9clar\u00e9 \u00e0 Mosa\u00efque FM que le chef de l\u2019\u00c9tat a promis d\u2019acc\u00e9l\u00e9rer l\u2019\u00e9quipement et la modernisation de l\u2019h\u00f4pital local de Mezzouna, ainsi que la relance de l\u2019usine de plastique, qu\u2019il consid\u00e8re comme l\u2019une de ses priorit\u00e9s absolues. Il s\u2019est \u00e9galement engag\u00e9 \u00e0 r\u00e9habiliter le r\u00e9seau routier et \u00e0 cr\u00e9er plusieurs services administratifs, tels qu\u2019une antenne de la SONEDE (Soci\u00e9t\u00e9 nationale d\u2019exploitation et de distribution des eaux), de la STEG (Soci\u00e9t\u00e9 tunisienne de l\u2019\u00e9lectricit\u00e9 et du gaz), entre autres.<\/p>\n<p>Il s\u2019est ensuite rendu aupr\u00e8s des familles des victimes de l\u2019effondrement du mur du lyc\u00e9e secondaire de Mezzouna pour leur pr\u00e9senter ses condol\u00e9ances face \u00e0 cette trag\u00e9die.<\/p>\n<p>Ali Jeddi a ajout\u00e9 que Ka\u00efs Sa\u00efed a affirm\u00e9 aux pr\u00e9sents qu\u2019il pr\u00e9voyait d\u00e9j\u00e0 de visiter Mezzouna, mais qu\u2019il a d\u00e9cid\u00e9 d\u2019avancer sa venue en constatant la campagne de nettoyage men\u00e9e par les composantes de la soci\u00e9t\u00e9 civile, en coop\u00e9ration avec la municipalit\u00e9 et les forces de l\u2019ordre.<\/p>\n<p>Cette visite intervient en r\u00e9ponse \u00e0 un appel lanc\u00e9 par les habitants de Mezzouna, qui avaient sollicit\u00e9 la venue du pr\u00e9sident apr\u00e8s le drame du \u00ab\u00a0mur\u00a0\u00bb, tout en r\u00e9clamant une attention particuli\u00e8re au d\u00e9veloppement de la r\u00e9gion. Le calme est revenu \u00e0 Mezzouna apr\u00e8s les manifestations qui avaient secou\u00e9 la ville depuis lundi.<\/p>\n","protected":false},"excerpt":{"rendered":"<p>En r\u00e9ponse au drame de l&rsquo;effondrement d\u2019un mur scolaire, Ka\u00efs Sa\u00efed effectue une visite nocturne surprise \u00e0 Mezzouna, promettant d\u00e9veloppement, soutien aux fami&#8230;<\/p>\n","protected":false},"author":3163,"featured_media":241078,"comment_status":"open","ping_status":"open","sticky":false,"template":"","format":"standard","meta":{"footnotes":""},"categories":[44],"tags":[3124,2614,2938,3099,2608],"class_list":["post-221341","post","type-post","status-publish","format-standard","has-post-thumbnail","hentry","category-national","tag-drame","tag-kais-saied","tag-mazzouna","tag-mur","tag-tunisie"],"yoast_head":"<!-- This site is optimized with the Yoast SEO Premium plugin v27.4 (Yoast SEO v27.5) - https:\/\/yoast.com\/product\/yoast-seo-premium-wordpress\/ -->\n<title>Tunisie : A Mazzouna, Sa\u00efed s\u2019engage pour l\u2019h\u00f4pital, les routes et l\u2019usine<\/title>\n<meta name=\"description\" content=\"En r\u00e9ponse au drame de l&#039;effondrement d\u2019un mur scolaire, Ka\u00efs Sa\u00efed effectue une visite nocturne surprise \u00e0 Mezzouna, promettant d\u00e9veloppement, soutien aux fami...\" \/>\n<link rel=\"canonical\" href=\"https:\/\/www.webdo.tn\/fr\/actualite\/national\/tunisie-a-mazzouna-saied-s-engage-pour-l-hopital-les-routes-et-l-usine\/221341\/\" \/>\n<meta property=\"og:locale\" content=\"fr_FR\" \/>\n<meta property=\"og:type\" content=\"article\" \/>\n<meta property=\"og:title\" content=\"Tunisie : A Mazzouna, Sa\u00efed s\u2019engage pour l\u2019h\u00f4pital, les routes et l\u2019usine\" \/>\n<meta property=\"og:description\" content=\"En r\u00e9ponse au drame de l&#039;effondrement d\u2019un mur scolaire, Ka\u00efs Sa\u00efed effectue une visite nocturne surprise \u00e0 Mezzouna, promettant d\u00e9veloppement, soutien aux fami...\" \/>\n<meta property=\"og:url\" content=\"https:\/\/www.webdo.tn\/fr\/actualite\/national\/tunisie-a-mazzouna-saied-s-engage-pour-l-hopital-les-routes-et-l-usine\/221341\/\" \/>\n<meta property=\"og:site_name\" content=\"webdo\" \/>\n<meta property=\"article:publisher\" content=\"https:\/\/www.facebook.com\/webdotn\" \/>\n<meta property=\"article:published_time\" content=\"2025-04-18T07:31:00+00:00\" \/>\n<meta property=\"article:modified_time\" content=\"2025-05-21T08:53:58+00:00\" \/>\n<meta property=\"og:image\" content=\"https:\/\/www.webdo.tn\/fr\/wp-content\/uploads\/2025\/05\/258d26b4ed36e66f224e10db4bf907c3-3.webp\" \/>\n\t<meta property=\"og:image:width\" content=\"707\" \/>\n\t<meta property=\"og:image:height\" content=\"377\" \/>\n\t<meta property=\"og:image:type\" content=\"image\/webp\" \/>\n<meta name=\"author\" content=\"KJ\" \/>\n<meta name=\"twitter:card\" content=\"summary_large_image\" \/>\n<meta name=\"twitter:creator\" content=\"@webdo_tn\" \/>\n<meta name=\"twitter:site\" content=\"@webdo_tn\" \/>\n<meta name=\"twitter:label1\" content=\"\u00c9crit par\" \/>\n\t<meta name=\"twitter:data1\" content=\"KJ\" \/>\n\t<meta name=\"twitter:label2\" content=\"Dur\u00e9e de lecture estim\u00e9e\" \/>\n\t<meta name=\"twitter:data2\" content=\"2 minutes\" \/>\n<script type=\"application\/ld+json\" class=\"yoast-schema-graph\">{\"@context\":\"https:\\\/\\\/schema.org\",\"@graph\":[{\"@type\":\"NewsArticle\",\"@id\":\"https:\\\/\\\/www.webdo.tn\\\/fr\\\/actualite\\\/national\\\/tunisie-a-mazzouna-saied-s-engage-pour-l-hopital-les-routes-et-l-usine\\\/221341\\\/#article\",\"isPartOf\":{\"@id\":\"https:\\\/\\\/www.webdo.tn\\\/fr\\\/actualite\\\/national\\\/tunisie-a-mazzouna-saied-s-engage-pour-l-hopital-les-routes-et-l-usine\\\/221341\\\/\"},\"author\":{\"name\":\"KJ\",\"@id\":\"https:\\\/\\\/www.webdo.tn\\\/fr\\\/#\\\/schema\\\/person\\\/82ca085b22037d285e1a3c4b65ba5f71\"},\"headline\":\"Tunisie : A Mazzouna, Sa\u00efed s\u2019engage pour l\u2019h\u00f4pital, les routes et l\u2019usine\",\"datePublished\":\"2025-04-18T07:31:00+00:00\",\"dateModified\":\"2025-05-21T08:53:58+00:00\",\"mainEntityOfPage\":{\"@id\":\"https:\\\/\\\/www.webdo.tn\\\/fr\\\/actualite\\\/national\\\/tunisie-a-mazzouna-saied-s-engage-pour-l-hopital-les-routes-et-l-usine\\\/221341\\\/\"},\"wordCount\":319,\"commentCount\":0,\"publisher\":{\"@id\":\"https:\\\/\\\/www.webdo.tn\\\/fr\\\/#organization\"},\"image\":{\"@id\":\"https:\\\/\\\/www.webdo.tn\\\/fr\\\/actualite\\\/national\\\/tunisie-a-mazzouna-saied-s-engage-pour-l-hopital-les-routes-et-l-usine\\\/221341\\\/#primaryimage\"},\"thumbnailUrl\":\"https:\\\/\\\/www.webdo.tn\\\/fr\\\/wp-content\\\/uploads\\\/2025\\\/05\\\/258d26b4ed36e66f224e10db4bf907c3-3.webp\",\"keywords\":[\"Drame\",\"Kais Saied\",\"Mazzouna\",\"mur\",\"Tunisie\"],\"articleSection\":[\"National\"],\"inLanguage\":\"fr-FR\"},{\"@type\":\"WebPage\",\"@id\":\"https:\\\/\\\/www.webdo.tn\\\/fr\\\/actualite\\\/national\\\/tunisie-a-mazzouna-saied-s-engage-pour-l-hopital-les-routes-et-l-usine\\\/221341\\\/\",\"url\":\"https:\\\/\\\/www.webdo.tn\\\/fr\\\/actualite\\\/national\\\/tunisie-a-mazzouna-saied-s-engage-pour-l-hopital-les-routes-et-l-usine\\\/221341\\\/\",\"name\":\"Tunisie : A Mazzouna, Sa\u00efed s\u2019engage pour l\u2019h\u00f4pital, les routes et l\u2019usine\",\"isPartOf\":{\"@id\":\"https:\\\/\\\/www.webdo.tn\\\/fr\\\/#website\"},\"primaryImageOfPage\":{\"@id\":\"https:\\\/\\\/www.webdo.tn\\\/fr\\\/actualite\\\/national\\\/tunisie-a-mazzouna-saied-s-engage-pour-l-hopital-les-routes-et-l-usine\\\/221341\\\/#primaryimage\"},\"image\":{\"@id\":\"https:\\\/\\\/www.webdo.tn\\\/fr\\\/actualite\\\/national\\\/tunisie-a-mazzouna-saied-s-engage-pour-l-hopital-les-routes-et-l-usine\\\/221341\\\/#primaryimage\"},\"thumbnailUrl\":\"https:\\\/\\\/www.webdo.tn\\\/fr\\\/wp-content\\\/uploads\\\/2025\\\/05\\\/258d26b4ed36e66f224e10db4bf907c3-3.webp\",\"datePublished\":\"2025-04-18T07:31:00+00:00\",\"dateModified\":\"2025-05-21T08:53:58+00:00\",\"description\":\"En r\u00e9ponse au drame de l'effondrement d\u2019un mur scolaire, Ka\u00efs Sa\u00efed effectue une visite nocturne surprise \u00e0 Mezzouna, promettant d\u00e9veloppement, soutien aux fami...\",\"breadcrumb\":{\"@id\":\"https:\\\/\\\/www.webdo.tn\\\/fr\\\/actualite\\\/national\\\/tunisie-a-mazzouna-saied-s-engage-pour-l-hopital-les-routes-et-l-usine\\\/221341\\\/#breadcrumb\"},\"inLanguage\":\"fr-FR\",\"potentialAction\":[{\"@type\":\"ReadAction\",\"target\":[\"https:\\\/\\\/www.webdo.tn\\\/fr\\\/actualite\\\/national\\\/tunisie-a-mazzouna-saied-s-engage-pour-l-hopital-les-routes-et-l-usine\\\/221341\\\/\"]}]},{\"@type\":\"ImageObject\",\"inLanguage\":\"fr-FR\",\"@id\":\"https:\\\/\\\/www.webdo.tn\\\/fr\\\/actualite\\\/national\\\/tunisie-a-mazzouna-saied-s-engage-pour-l-hopital-les-routes-et-l-usine\\\/221341\\\/#primaryimage\",\"url\":\"https:\\\/\\\/www.webdo.tn\\\/fr\\\/wp-content\\\/uploads\\\/2025\\\/05\\\/258d26b4ed36e66f224e10db4bf907c3-3.webp\",\"contentUrl\":\"https:\\\/\\\/www.webdo.tn\\\/fr\\\/wp-content\\\/uploads\\\/2025\\\/05\\\/258d26b4ed36e66f224e10db4bf907c3-3.webp\",\"width\":707,\"height\":377},{\"@type\":\"BreadcrumbList\",\"@id\":\"https:\\\/\\\/www.webdo.tn\\\/fr\\\/actualite\\\/national\\\/tunisie-a-mazzouna-saied-s-engage-pour-l-hopital-les-routes-et-l-usine\\\/221341\\\/#breadcrumb\",\"itemListElement\":[{\"@type\":\"ListItem\",\"position\":1,\"name\":\"Accueil\",\"item\":\"https:\\\/\\\/www.webdo.tn\\\/fr\\\/\"},{\"@type\":\"ListItem\",\"position\":2,\"name\":\"Tunisie : A Mazzouna, Sa\u00efed s\u2019engage pour l\u2019h\u00f4pital, les routes et l\u2019usine\"}]},{\"@type\":\"WebSite\",\"@id\":\"https:\\\/\\\/www.webdo.tn\\\/fr\\\/#website\",\"url\":\"https:\\\/\\\/www.webdo.tn\\\/fr\\\/\",\"name\":\"webdo\",\"description\":\"Tunisie - News en Tunisie et \u00e0 l&#039;international sur Webdo.tn\",\"publisher\":{\"@id\":\"https:\\\/\\\/www.webdo.tn\\\/fr\\\/#organization\"},\"potentialAction\":[{\"@type\":\"SearchAction\",\"target\":{\"@type\":\"EntryPoint\",\"urlTemplate\":\"https:\\\/\\\/www.webdo.tn\\\/fr\\\/?s={search_term_string}\"},\"query-input\":{\"@type\":\"PropertyValueSpecification\",\"valueRequired\":true,\"valueName\":\"search_term_string\"}}],\"inLanguage\":\"fr-FR\"},{\"@type\":\"Organization\",\"@id\":\"https:\\\/\\\/www.webdo.tn\\\/fr\\\/#organization\",\"name\":\"Webdo\",\"alternateName\":\"Webdo.tn\",\"url\":\"https:\\\/\\\/www.webdo.tn\\\/fr\\\/\",\"logo\":{\"@type\":\"ImageObject\",\"inLanguage\":\"fr-FR\",\"@id\":\"https:\\\/\\\/www.webdo.tn\\\/fr\\\/#\\\/schema\\\/logo\\\/image\\\/\",\"url\":\"https:\\\/\\\/www.webdo.tn\\\/fr\\\/wp-content\\\/uploads\\\/2025\\\/06\\\/Webdo-Tunisie_168377.jpg\",\"contentUrl\":\"https:\\\/\\\/www.webdo.tn\\\/fr\\\/wp-content\\\/uploads\\\/2025\\\/06\\\/Webdo-Tunisie_168377.jpg\",\"width\":301,\"height\":301,\"caption\":\"Webdo\"},\"image\":{\"@id\":\"https:\\\/\\\/www.webdo.tn\\\/fr\\\/#\\\/schema\\\/logo\\\/image\\\/\"},\"sameAs\":[\"https:\\\/\\\/www.facebook.com\\\/webdotn\",\"https:\\\/\\\/x.com\\\/webdo_tn\"],\"description\":\"Webdo est un m\u00e9dia num\u00e9rique tunisien fond\u00e9 en 2010, sp\u00e9cialis\u00e9 dans l\u2019actualit\u00e9 nationale et internationale, l\u2019\u00e9conomie, la soci\u00e9t\u00e9 et les analyses politiques. Le site s\u2019adresse \u00e0 un large public francophone et couvre l\u2019information tunisienne en temps r\u00e9el.\",\"email\":\"redac@webdo.tn\",\"legalName\":\"YNJ SARL\",\"foundingDate\":\"2010-09-06\",\"numberOfEmployees\":{\"@type\":\"QuantitativeValue\",\"minValue\":\"11\",\"maxValue\":\"50\"}},{\"@type\":\"Person\",\"@id\":\"https:\\\/\\\/www.webdo.tn\\\/fr\\\/#\\\/schema\\\/person\\\/82ca085b22037d285e1a3c4b65ba5f71\",\"name\":\"KJ\",\"image\":{\"@type\":\"ImageObject\",\"inLanguage\":\"fr-FR\",\"@id\":\"https:\\\/\\\/secure.gravatar.com\\\/avatar\\\/1a1320de1c1971c893f00068f760b4113d69504aa21273da17ee95650c5944fd?s=96&d=mm&r=g\",\"url\":\"https:\\\/\\\/secure.gravatar.com\\\/avatar\\\/1a1320de1c1971c893f00068f760b4113d69504aa21273da17ee95650c5944fd?s=96&d=mm&r=g\",\"contentUrl\":\"https:\\\/\\\/secure.gravatar.com\\\/avatar\\\/1a1320de1c1971c893f00068f760b4113d69504aa21273da17ee95650c5944fd?s=96&d=mm&r=g\",\"caption\":\"KJ\"},\"url\":\"https:\\\/\\\/www.webdo.tn\\\/fr\\\/actualite\\\/author\\\/kj\\\/\"}]}<\/script>\n<!-- \/ Yoast SEO Premium plugin. -->","yoast_head_json":{"title":"Tunisie : A Mazzouna, Sa\u00efed s\u2019engage pour l\u2019h\u00f4pital, les routes et l\u2019usine","description":"En r\u00e9ponse au drame de l'effondrement d\u2019un mur scolaire, Ka\u00efs Sa\u00efed effectue une visite nocturne surprise \u00e0 Mezzouna, promettant d\u00e9veloppement, soutien aux fami...","canonical":"https:\/\/www.webdo.tn\/fr\/actualite\/national\/tunisie-a-mazzouna-saied-s-engage-pour-l-hopital-les-routes-et-l-usine\/221341\/","og_locale":"fr_FR","og_type":"article","og_title":"Tunisie : A Mazzouna, Sa\u00efed s\u2019engage pour l\u2019h\u00f4pital, les routes et l\u2019usine","og_description":"En r\u00e9ponse au drame de l'effondrement d\u2019un mur scolaire, Ka\u00efs Sa\u00efed effectue une visite nocturne surprise \u00e0 Mezzouna, promettant d\u00e9veloppement, soutien aux fami...","og_url":"https:\/\/www.webdo.tn\/fr\/actualite\/national\/tunisie-a-mazzouna-saied-s-engage-pour-l-hopital-les-routes-et-l-usine\/221341\/","og_site_name":"webdo","article_publisher":"https:\/\/www.facebook.com\/webdotn","article_published_time":"2025-04-18T07:31:00+00:00","article_modified_time":"2025-05-21T08:53:58+00:00","og_image":[{"width":707,"height":377,"url":"https:\/\/www.webdo.tn\/fr\/wp-content\/uploads\/2025\/05\/258d26b4ed36e66f224e10db4bf907c3-3.webp","type":"image\/webp"}],"author":"KJ","twitter_card":"summary_large_image","twitter_creator":"@webdo_tn","twitter_site":"@webdo_tn","twitter_misc":{"\u00c9crit par":"KJ","Dur\u00e9e de lecture estim\u00e9e":"2 minutes"},"schema":{"@context":"https:\/\/schema.org","@graph":[{"@type":"NewsArticle","@id":"https:\/\/www.webdo.tn\/fr\/actualite\/national\/tunisie-a-mazzouna-saied-s-engage-pour-l-hopital-les-routes-et-l-usine\/221341\/#article","isPartOf":{"@id":"https:\/\/www.webdo.tn\/fr\/actualite\/national\/tunisie-a-mazzouna-saied-s-engage-pour-l-hopital-les-routes-et-l-usine\/221341\/"},"author":{"name":"KJ","@id":"https:\/\/www.webdo.tn\/fr\/#\/schema\/person\/82ca085b22037d285e1a3c4b65ba5f71"},"headline":"Tunisie : A Mazzouna, Sa\u00efed s\u2019engage pour l\u2019h\u00f4pital, les routes et l\u2019usine","datePublished":"2025-04-18T07:31:00+00:00","dateModified":"2025-05-21T08:53:58+00:00","mainEntityOfPage":{"@id":"https:\/\/www.webdo.tn\/fr\/actualite\/national\/tunisie-a-mazzouna-saied-s-engage-pour-l-hopital-les-routes-et-l-usine\/221341\/"},"wordCount":319,"commentCount":0,"publisher":{"@id":"https:\/\/www.webdo.tn\/fr\/#organization"},"image":{"@id":"https:\/\/www.webdo.tn\/fr\/actualite\/national\/tunisie-a-mazzouna-saied-s-engage-pour-l-hopital-les-routes-et-l-usine\/221341\/#primaryimage"},"thumbnailUrl":"https:\/\/www.webdo.tn\/fr\/wp-content\/uploads\/2025\/05\/258d26b4ed36e66f224e10db4bf907c3-3.webp","keywords":["Drame","Kais Saied","Mazzouna","mur","Tunisie"],"articleSection":["National"],"inLanguage":"fr-FR"},{"@type":"WebPage","@id":"https:\/\/www.webdo.tn\/fr\/actualite\/national\/tunisie-a-mazzouna-saied-s-engage-pour-l-hopital-les-routes-et-l-usine\/221341\/","url":"https:\/\/www.webdo.tn\/fr\/actualite\/national\/tunisie-a-mazzouna-saied-s-engage-pour-l-hopital-les-routes-et-l-usine\/221341\/","name":"Tunisie : A Mazzouna, Sa\u00efed s\u2019engage pour l\u2019h\u00f4pital, les routes et l\u2019usine","isPartOf":{"@id":"https:\/\/www.webdo.tn\/fr\/#website"},"primaryImageOfPage":{"@id":"https:\/\/www.webdo.tn\/fr\/actualite\/national\/tunisie-a-mazzouna-saied-s-engage-pour-l-hopital-les-routes-et-l-usine\/221341\/#primaryimage"},"image":{"@id":"https:\/\/www.webdo.tn\/fr\/actualite\/national\/tunisie-a-mazzouna-saied-s-engage-pour-l-hopital-les-routes-et-l-usine\/221341\/#primaryimage"},"thumbnailUrl":"https:\/\/www.webdo.tn\/fr\/wp-content\/uploads\/2025\/05\/258d26b4ed36e66f224e10db4bf907c3-3.webp","datePublished":"2025-04-18T07:31:00+00:00","dateModified":"2025-05-21T08:53:58+00:00","description":"En r\u00e9ponse au drame de l'effondrement d\u2019un mur scolaire, Ka\u00efs Sa\u00efed effectue une visite nocturne surprise \u00e0 Mezzouna, promettant d\u00e9veloppement, soutien aux fami...","breadcrumb":{"@id":"https:\/\/www.webdo.tn\/fr\/actualite\/national\/tunisie-a-mazzouna-saied-s-engage-pour-l-hopital-les-routes-et-l-usine\/221341\/#breadcrumb"},"inLanguage":"fr-FR","potentialAction":[{"@type":"ReadAction","target":["https:\/\/www.webdo.tn\/fr\/actualite\/national\/tunisie-a-mazzouna-saied-s-engage-pour-l-hopital-les-routes-et-l-usine\/221341\/"]}]},{"@type":"ImageObject","inLanguage":"fr-FR","@id":"https:\/\/www.webdo.tn\/fr\/actualite\/national\/tunisie-a-mazzouna-saied-s-engage-pour-l-hopital-les-routes-et-l-usine\/221341\/#primaryimage","url":"https:\/\/www.webdo.tn\/fr\/wp-content\/uploads\/2025\/05\/258d26b4ed36e66f224e10db4bf907c3-3.webp","contentUrl":"https:\/\/www.webdo.tn\/fr\/wp-content\/uploads\/2025\/05\/258d26b4ed36e66f224e10db4bf907c3-3.webp","width":707,"height":377},{"@type":"BreadcrumbList","@id":"https:\/\/www.webdo.tn\/fr\/actualite\/national\/tunisie-a-mazzouna-saied-s-engage-pour-l-hopital-les-routes-et-l-usine\/221341\/#breadcrumb","itemListElement":[{"@type":"ListItem","position":1,"name":"Accueil","item":"https:\/\/www.webdo.tn\/fr\/"},{"@type":"ListItem","position":2,"name":"Tunisie : A Mazzouna, Sa\u00efed s\u2019engage pour l\u2019h\u00f4pital, les routes et l\u2019usine"}]},{"@type":"WebSite","@id":"https:\/\/www.webdo.tn\/fr\/#website","url":"https:\/\/www.webdo.tn\/fr\/","name":"webdo","description":"Tunisie - News en Tunisie et \u00e0 l&#039;international sur Webdo.tn","publisher":{"@id":"https:\/\/www.webdo.tn\/fr\/#organization"},"potentialAction":[{"@type":"SearchAction","target":{"@type":"EntryPoint","urlTemplate":"https:\/\/www.webdo.tn\/fr\/?s={search_term_string}"},"query-input":{"@type":"PropertyValueSpecification","valueRequired":true,"valueName":"search_term_string"}}],"inLanguage":"fr-FR"},{"@type":"Organization","@id":"https:\/\/www.webdo.tn\/fr\/#organization","name":"Webdo","alternateName":"Webdo.tn","url":"https:\/\/www.webdo.tn\/fr\/","logo":{"@type":"ImageObject","inLanguage":"fr-FR","@id":"https:\/\/www.webdo.tn\/fr\/#\/schema\/logo\/image\/","url":"https:\/\/www.webdo.tn\/fr\/wp-content\/uploads\/2025\/06\/Webdo-Tunisie_168377.jpg","contentUrl":"https:\/\/www.webdo.tn\/fr\/wp-content\/uploads\/2025\/06\/Webdo-Tunisie_168377.jpg","width":301,"height":301,"caption":"Webdo"},"image":{"@id":"https:\/\/www.webdo.tn\/fr\/#\/schema\/logo\/image\/"},"sameAs":["https:\/\/www.facebook.com\/webdotn","https:\/\/x.com\/webdo_tn"],"description":"Webdo est un m\u00e9dia num\u00e9rique tunisien fond\u00e9 en 2010, sp\u00e9cialis\u00e9 dans l\u2019actualit\u00e9 nationale et internationale, l\u2019\u00e9conomie, la soci\u00e9t\u00e9 et les analyses politiques. Le site s\u2019adresse \u00e0 un large public francophone et couvre l\u2019information tunisienne en temps r\u00e9el.","email":"redac@webdo.tn","legalName":"YNJ SARL","foundingDate":"2010-09-06","numberOfEmployees":{"@type":"QuantitativeValue","minValue":"11","maxValue":"50"}},{"@type":"Person","@id":"https:\/\/www.webdo.tn\/fr\/#\/schema\/person\/82ca085b22037d285e1a3c4b65ba5f71","name":"KJ","image":{"@type":"ImageObject","inLanguage":"fr-FR","@id":"https:\/\/secure.gravatar.com\/avatar\/1a1320de1c1971c893f00068f760b4113d69504aa21273da17ee95650c5944fd?s=96&d=mm&r=g","url":"https:\/\/secure.gravatar.com\/avatar\/1a1320de1c1971c893f00068f760b4113d69504aa21273da17ee95650c5944fd?s=96&d=mm&r=g","contentUrl":"https:\/\/secure.gravatar.com\/avatar\/1a1320de1c1971c893f00068f760b4113d69504aa21273da17ee95650c5944fd?s=96&d=mm&r=g","caption":"KJ"},"url":"https:\/\/www.webdo.tn\/fr\/actualite\/author\/kj\/"}]}},"_links":{"self":[{"href":"https:\/\/www.webdo.tn\/fr\/wp-json\/wp\/v2\/posts\/221341","targetHints":{"allow":["GET"]}}],"collection":[{"href":"https:\/\/www.webdo.tn\/fr\/wp-json\/wp\/v2\/posts"}],"about":[{"href":"https:\/\/www.webdo.tn\/fr\/wp-json\/wp\/v2\/types\/post"}],"author":[{"embeddable":true,"href":"https:\/\/www.webdo.tn\/fr\/wp-json\/wp\/v2\/users\/3163"}],"replies":[{"embeddable":true,"href":"https:\/\/www.webdo.tn\/fr\/wp-json\/wp\/v2\/comments?post=221341"}],"version-history":[{"count":0,"href":"https:\/\/www.webdo.tn\/fr\/wp-json\/wp\/v2\/posts\/221341\/revisions"}],"wp:featuredmedia":[{"embeddable":true,"href":"https:\/\/www.webdo.tn\/fr\/wp-json\/wp\/v2\/media\/241078"}],"wp:attachment":[{"href":"https:\/\/www.webdo.tn\/fr\/wp-json\/wp\/v2\/media?parent=221341"}],"wp:term":[{"taxonomy":"category","embeddable":true,"href":"https:\/\/www.webdo.tn\/fr\/wp-json\/wp\/v2\/categories?post=221341"},{"taxonomy":"post_tag","embeddable":true,"href":"https:\/\/www.webdo.tn\/fr\/wp-json\/wp\/v2\/tags?post=221341"}],"curies":[{"name":"wp","href":"https:\/\/api.w.org\/{rel}","templated":true}]}}