{"id":221327,"date":"2025-04-17T15:38:00","date_gmt":"2025-04-17T15:38:00","guid":{"rendered":"https:\/\/www.webdo.tn\/fr\/blog\/tunisie-affaire-henchir-chaal-abdelaziz-makhloufi-et-ses-coaccuses-maintenus-en-detention\/221327\/"},"modified":"2025-05-20T22:17:44","modified_gmt":"2025-05-20T22:17:44","slug":"tunisie-affaire-henchir-chaal-abdelaziz-makhloufi-et-ses-coaccuses-maintenus-en-detention","status":"publish","type":"post","link":"https:\/\/www.webdo.tn\/fr\/actualite\/national\/tunisie-affaire-henchir-chaal-abdelaziz-makhloufi-et-ses-coaccuses-maintenus-en-detention\/221327\/","title":{"rendered":"Tunisie &#8211; Affaire Henchir Cha\u00e2l : Abdelaziz Makhloufi et ses coaccus\u00e9s maintenus en d\u00e9tention"},"content":{"rendered":"<p>La Chambre d&rsquo;accusation sp\u00e9cialis\u00e9e dans les affaires de corruption financi\u00e8re pr\u00e8s la Cour d\u2019appel de Tunis a statu\u00e9, mercredi 16 avril 2025, sur les demandes de lib\u00e9ration pr\u00e9sent\u00e9es par les avocats d\u2019Abdelaziz Makhloufi, ancien pr\u00e9sident du Club Sportif Sfaxien, et de trois autres mis en cause dans le cadre de l\u2019affaire Henchir Cha\u00e2l. Toutes les requ\u00eates ont \u00e9t\u00e9 rejet\u00e9es, confirmant ainsi le maintien en d\u00e9tention des suspects.<\/p>\n<p>\t\t\t\t\t\t\t\t\tL\u2019affaire porte sur de graves soup\u00e7ons de corruption financi\u00e8re et de mauvaise gestion au sein du complexe agricole de Henchir Cha\u00e2l, dans le gouvernorat de Sfax. Selon les premiers \u00e9l\u00e9ments de l\u2019enqu\u00eate, plusieurs irr\u00e9gularit\u00e9s ont \u00e9t\u00e9 relev\u00e9es dans la gestion des ressources du domaine, notamment en mati\u00e8re de march\u00e9s publics, d\u2019exploitation agricole et de gestion des subventions.<\/p>\n<p>Outre Makhloufi, sont \u00e9galement poursuivis l\u2019ex-directeur administratif de Henchir Cha\u00e2l, ainsi qu\u2019un repr\u00e9sentant du minist\u00e8re des Finances si\u00e9geant au Conseil d\u2019administration du Centre technique de l\u2019agriculture biologique. Les investigations en cours visent \u00e0 d\u00e9terminer l\u2019\u00e9tendue des responsabilit\u00e9s et \u00e0 \u00e9tablir les \u00e9ventuels d\u00e9tournements de fonds publics.<\/p>\n<p>Cette affaire fait suite \u00e0 la visite impromptue du pr\u00e9sident Kais Saied, le 6 novembre 2024, au domaine agricole de Henchir Cha\u00e2l, o\u00f9 il a d\u00e9nonc\u00e9 la gestion d\u00e9faillante de l&rsquo;exploitation et mis en lumi\u00e8re des suspicions de mauvaise gestion des biens publics, accompagn\u00e9es de soup\u00e7ons de corruption.<\/p>\n","protected":false},"excerpt":{"rendered":"<p>La justice tunisienne a rejet\u00e9 les demandes de lib\u00e9ration d&rsquo;Abdelaziz Makhloufi et de trois autres accus\u00e9s dans l&rsquo;affaire Henchir Cha\u00e2l, li\u00e9e \u00e0 des soup\u00e7ons de&#8230;<\/p>\n","protected":false},"author":3162,"featured_media":292245,"comment_status":"open","ping_status":"closed","sticky":false,"template":"","format":"standard","meta":{"footnotes":""},"categories":[44],"tags":[4540,3196,4541,2619,2675,2608],"class_list":["post-221327","post","type-post","status-publish","format-standard","has-post-thumbnail","hentry","category-national","tag-abdelaziz-makhloufi","tag-corruption","tag-henchir-chaal","tag-justice","tag-sfax","tag-tunisie"],"yoast_head":"<!-- This site is optimized with the Yoast SEO Premium plugin v27.5 (Yoast SEO v27.5) - https:\/\/yoast.com\/product\/yoast-seo-premium-wordpress\/ -->\n<title>Tunisie - Affaire Henchir Cha\u00e2l : Abdelaziz Makhloufi et ses coaccus\u00e9s maintenus en d\u00e9tention<\/title>\n<meta name=\"description\" content=\"La justice tunisienne a rejet\u00e9 les demandes de lib\u00e9ration d&#039;Abdelaziz Makhloufi et de trois autres accus\u00e9s dans l&#039;affaire Henchir Cha\u00e2l, li\u00e9e \u00e0 des soup\u00e7ons de...\" \/>\n<link rel=\"canonical\" href=\"https:\/\/www.webdo.tn\/fr\/actualite\/national\/tunisie-affaire-henchir-chaal-abdelaziz-makhloufi-et-ses-coaccuses-maintenus-en-detention\/221327\/\" \/>\n<meta property=\"og:locale\" content=\"fr_FR\" \/>\n<meta property=\"og:type\" content=\"article\" \/>\n<meta property=\"og:title\" content=\"Tunisie - Affaire Henchir Cha\u00e2l : Abdelaziz Makhloufi et ses coaccus\u00e9s maintenus en d\u00e9tention\" \/>\n<meta property=\"og:description\" content=\"La justice tunisienne a rejet\u00e9 les demandes de lib\u00e9ration d&#039;Abdelaziz Makhloufi et de trois autres accus\u00e9s dans l&#039;affaire Henchir Cha\u00e2l, li\u00e9e \u00e0 des soup\u00e7ons de...\" \/>\n<meta property=\"og:url\" content=\"https:\/\/www.webdo.tn\/fr\/actualite\/national\/tunisie-affaire-henchir-chaal-abdelaziz-makhloufi-et-ses-coaccuses-maintenus-en-detention\/221327\/\" \/>\n<meta property=\"og:site_name\" content=\"webdo\" \/>\n<meta property=\"article:publisher\" content=\"https:\/\/www.facebook.com\/webdotn\" \/>\n<meta property=\"article:published_time\" content=\"2025-04-17T15:38:00+00:00\" \/>\n<meta property=\"article:modified_time\" content=\"2025-05-20T22:17:44+00:00\" \/>\n<meta property=\"og:image\" content=\"https:\/\/www.webdo.tn\/fr\/wp-content\/uploads\/2025\/04\/7eca6c9fae2c8aee3f7a249d99041785.webp\" \/>\n\t<meta property=\"og:image:width\" content=\"750\" \/>\n\t<meta property=\"og:image:height\" content=\"400\" \/>\n\t<meta property=\"og:image:type\" content=\"image\/webp\" \/>\n<meta name=\"author\" content=\"MC\" \/>\n<meta name=\"twitter:card\" content=\"summary_large_image\" \/>\n<meta name=\"twitter:creator\" content=\"@webdo_tn\" \/>\n<meta name=\"twitter:site\" content=\"@webdo_tn\" \/>\n<meta name=\"twitter:label1\" content=\"\u00c9crit par\" \/>\n\t<meta name=\"twitter:data1\" content=\"MC\" \/>\n\t<meta name=\"twitter:label2\" content=\"Dur\u00e9e de lecture estim\u00e9e\" \/>\n\t<meta name=\"twitter:data2\" content=\"1 minute\" \/>\n<script type=\"application\/ld+json\" class=\"yoast-schema-graph\">{\"@context\":\"https:\\\/\\\/schema.org\",\"@graph\":[{\"@type\":\"NewsArticle\",\"@id\":\"https:\\\/\\\/www.webdo.tn\\\/fr\\\/actualite\\\/national\\\/tunisie-affaire-henchir-chaal-abdelaziz-makhloufi-et-ses-coaccuses-maintenus-en-detention\\\/221327\\\/#article\",\"isPartOf\":{\"@id\":\"https:\\\/\\\/www.webdo.tn\\\/fr\\\/actualite\\\/national\\\/tunisie-affaire-henchir-chaal-abdelaziz-makhloufi-et-ses-coaccuses-maintenus-en-detention\\\/221327\\\/\"},\"author\":{\"name\":\"MC\",\"@id\":\"https:\\\/\\\/www.webdo.tn\\\/fr\\\/#\\\/schema\\\/person\\\/2c4929cbf5a809e3bd38617c6ce150f6\"},\"headline\":\"Tunisie &#8211; Affaire Henchir Cha\u00e2l : Abdelaziz Makhloufi et ses coaccus\u00e9s maintenus en d\u00e9tention\",\"datePublished\":\"2025-04-17T15:38:00+00:00\",\"dateModified\":\"2025-05-20T22:17:44+00:00\",\"mainEntityOfPage\":{\"@id\":\"https:\\\/\\\/www.webdo.tn\\\/fr\\\/actualite\\\/national\\\/tunisie-affaire-henchir-chaal-abdelaziz-makhloufi-et-ses-coaccuses-maintenus-en-detention\\\/221327\\\/\"},\"wordCount\":276,\"commentCount\":0,\"publisher\":{\"@id\":\"https:\\\/\\\/www.webdo.tn\\\/fr\\\/#organization\"},\"image\":{\"@id\":\"https:\\\/\\\/www.webdo.tn\\\/fr\\\/actualite\\\/national\\\/tunisie-affaire-henchir-chaal-abdelaziz-makhloufi-et-ses-coaccuses-maintenus-en-detention\\\/221327\\\/#primaryimage\"},\"thumbnailUrl\":\"https:\\\/\\\/www.webdo.tn\\\/fr\\\/wp-content\\\/uploads\\\/2025\\\/04\\\/7eca6c9fae2c8aee3f7a249d99041785.webp\",\"keywords\":[\"Abdelaziz Makhloufi\",\"corruption\",\"Henchir Cha\u00e2l\",\"justice\",\"Sfax\",\"Tunisie\"],\"articleSection\":[\"National\"],\"inLanguage\":\"fr-FR\"},{\"@type\":\"WebPage\",\"@id\":\"https:\\\/\\\/www.webdo.tn\\\/fr\\\/actualite\\\/national\\\/tunisie-affaire-henchir-chaal-abdelaziz-makhloufi-et-ses-coaccuses-maintenus-en-detention\\\/221327\\\/\",\"url\":\"https:\\\/\\\/www.webdo.tn\\\/fr\\\/actualite\\\/national\\\/tunisie-affaire-henchir-chaal-abdelaziz-makhloufi-et-ses-coaccuses-maintenus-en-detention\\\/221327\\\/\",\"name\":\"Tunisie - Affaire Henchir Cha\u00e2l : Abdelaziz Makhloufi et ses coaccus\u00e9s maintenus en d\u00e9tention\",\"isPartOf\":{\"@id\":\"https:\\\/\\\/www.webdo.tn\\\/fr\\\/#website\"},\"primaryImageOfPage\":{\"@id\":\"https:\\\/\\\/www.webdo.tn\\\/fr\\\/actualite\\\/national\\\/tunisie-affaire-henchir-chaal-abdelaziz-makhloufi-et-ses-coaccuses-maintenus-en-detention\\\/221327\\\/#primaryimage\"},\"image\":{\"@id\":\"https:\\\/\\\/www.webdo.tn\\\/fr\\\/actualite\\\/national\\\/tunisie-affaire-henchir-chaal-abdelaziz-makhloufi-et-ses-coaccuses-maintenus-en-detention\\\/221327\\\/#primaryimage\"},\"thumbnailUrl\":\"https:\\\/\\\/www.webdo.tn\\\/fr\\\/wp-content\\\/uploads\\\/2025\\\/04\\\/7eca6c9fae2c8aee3f7a249d99041785.webp\",\"datePublished\":\"2025-04-17T15:38:00+00:00\",\"dateModified\":\"2025-05-20T22:17:44+00:00\",\"description\":\"La justice tunisienne a rejet\u00e9 les demandes de lib\u00e9ration d'Abdelaziz Makhloufi et de trois autres accus\u00e9s dans l'affaire Henchir Cha\u00e2l, li\u00e9e \u00e0 des soup\u00e7ons de...\",\"breadcrumb\":{\"@id\":\"https:\\\/\\\/www.webdo.tn\\\/fr\\\/actualite\\\/national\\\/tunisie-affaire-henchir-chaal-abdelaziz-makhloufi-et-ses-coaccuses-maintenus-en-detention\\\/221327\\\/#breadcrumb\"},\"inLanguage\":\"fr-FR\",\"potentialAction\":[{\"@type\":\"ReadAction\",\"target\":[\"https:\\\/\\\/www.webdo.tn\\\/fr\\\/actualite\\\/national\\\/tunisie-affaire-henchir-chaal-abdelaziz-makhloufi-et-ses-coaccuses-maintenus-en-detention\\\/221327\\\/\"]}]},{\"@type\":\"ImageObject\",\"inLanguage\":\"fr-FR\",\"@id\":\"https:\\\/\\\/www.webdo.tn\\\/fr\\\/actualite\\\/national\\\/tunisie-affaire-henchir-chaal-abdelaziz-makhloufi-et-ses-coaccuses-maintenus-en-detention\\\/221327\\\/#primaryimage\",\"url\":\"https:\\\/\\\/www.webdo.tn\\\/fr\\\/wp-content\\\/uploads\\\/2025\\\/04\\\/7eca6c9fae2c8aee3f7a249d99041785.webp\",\"contentUrl\":\"https:\\\/\\\/www.webdo.tn\\\/fr\\\/wp-content\\\/uploads\\\/2025\\\/04\\\/7eca6c9fae2c8aee3f7a249d99041785.webp\",\"width\":750,\"height\":400,\"caption\":\"Tunisie - Affaire Henchir Cha\u00e2l : Abdelaziz Makhloufi et ses coaccus\u00e9s maintenus en d\u00e9tention\"},{\"@type\":\"BreadcrumbList\",\"@id\":\"https:\\\/\\\/www.webdo.tn\\\/fr\\\/actualite\\\/national\\\/tunisie-affaire-henchir-chaal-abdelaziz-makhloufi-et-ses-coaccuses-maintenus-en-detention\\\/221327\\\/#breadcrumb\",\"itemListElement\":[{\"@type\":\"ListItem\",\"position\":1,\"name\":\"Accueil\",\"item\":\"https:\\\/\\\/www.webdo.tn\\\/fr\\\/\"},{\"@type\":\"ListItem\",\"position\":2,\"name\":\"Tunisie &#8211; Affaire Henchir Cha\u00e2l : Abdelaziz Makhloufi et ses coaccus\u00e9s maintenus en d\u00e9tention\"}]},{\"@type\":\"WebSite\",\"@id\":\"https:\\\/\\\/www.webdo.tn\\\/fr\\\/#website\",\"url\":\"https:\\\/\\\/www.webdo.tn\\\/fr\\\/\",\"name\":\"webdo\",\"description\":\"Tunisie - News en Tunisie et \u00e0 l&#039;international sur Webdo.tn\",\"publisher\":{\"@id\":\"https:\\\/\\\/www.webdo.tn\\\/fr\\\/#organization\"},\"potentialAction\":[{\"@type\":\"SearchAction\",\"target\":{\"@type\":\"EntryPoint\",\"urlTemplate\":\"https:\\\/\\\/www.webdo.tn\\\/fr\\\/?s={search_term_string}\"},\"query-input\":{\"@type\":\"PropertyValueSpecification\",\"valueRequired\":true,\"valueName\":\"search_term_string\"}}],\"inLanguage\":\"fr-FR\"},{\"@type\":\"Organization\",\"@id\":\"https:\\\/\\\/www.webdo.tn\\\/fr\\\/#organization\",\"name\":\"Webdo\",\"alternateName\":\"Webdo.tn\",\"url\":\"https:\\\/\\\/www.webdo.tn\\\/fr\\\/\",\"logo\":{\"@type\":\"ImageObject\",\"inLanguage\":\"fr-FR\",\"@id\":\"https:\\\/\\\/www.webdo.tn\\\/fr\\\/#\\\/schema\\\/logo\\\/image\\\/\",\"url\":\"https:\\\/\\\/www.webdo.tn\\\/fr\\\/wp-content\\\/uploads\\\/2025\\\/06\\\/Webdo-Tunisie_168377.jpg\",\"contentUrl\":\"https:\\\/\\\/www.webdo.tn\\\/fr\\\/wp-content\\\/uploads\\\/2025\\\/06\\\/Webdo-Tunisie_168377.jpg\",\"width\":301,\"height\":301,\"caption\":\"Webdo\"},\"image\":{\"@id\":\"https:\\\/\\\/www.webdo.tn\\\/fr\\\/#\\\/schema\\\/logo\\\/image\\\/\"},\"sameAs\":[\"https:\\\/\\\/www.facebook.com\\\/webdotn\",\"https:\\\/\\\/x.com\\\/webdo_tn\"],\"description\":\"Webdo est un m\u00e9dia num\u00e9rique tunisien fond\u00e9 en 2010, sp\u00e9cialis\u00e9 dans l\u2019actualit\u00e9 nationale et internationale, l\u2019\u00e9conomie, la soci\u00e9t\u00e9 et les analyses politiques. Le site s\u2019adresse \u00e0 un large public francophone et couvre l\u2019information tunisienne en temps r\u00e9el.\",\"email\":\"redac@webdo.tn\",\"legalName\":\"YNJ SARL\",\"foundingDate\":\"2010-09-06\",\"numberOfEmployees\":{\"@type\":\"QuantitativeValue\",\"minValue\":\"11\",\"maxValue\":\"50\"}},{\"@type\":\"Person\",\"@id\":\"https:\\\/\\\/www.webdo.tn\\\/fr\\\/#\\\/schema\\\/person\\\/2c4929cbf5a809e3bd38617c6ce150f6\",\"name\":\"MC\",\"image\":{\"@type\":\"ImageObject\",\"inLanguage\":\"fr-FR\",\"@id\":\"https:\\\/\\\/secure.gravatar.com\\\/avatar\\\/a545bbb6f84efdd5553dbbc2895e3ca8f1d12c5215e00a041c9670b54aa9b18a?s=96&d=mm&r=g\",\"url\":\"https:\\\/\\\/secure.gravatar.com\\\/avatar\\\/a545bbb6f84efdd5553dbbc2895e3ca8f1d12c5215e00a041c9670b54aa9b18a?s=96&d=mm&r=g\",\"contentUrl\":\"https:\\\/\\\/secure.gravatar.com\\\/avatar\\\/a545bbb6f84efdd5553dbbc2895e3ca8f1d12c5215e00a041c9670b54aa9b18a?s=96&d=mm&r=g\",\"caption\":\"MC\"},\"url\":\"https:\\\/\\\/www.webdo.tn\\\/fr\\\/actualite\\\/author\\\/mc\\\/\"}]}<\/script>\n<!-- \/ Yoast SEO Premium plugin. -->","yoast_head_json":{"title":"Tunisie - Affaire Henchir Cha\u00e2l : Abdelaziz Makhloufi et ses coaccus\u00e9s maintenus en d\u00e9tention","description":"La justice tunisienne a rejet\u00e9 les demandes de lib\u00e9ration d'Abdelaziz Makhloufi et de trois autres accus\u00e9s dans l'affaire Henchir Cha\u00e2l, li\u00e9e \u00e0 des soup\u00e7ons de...","canonical":"https:\/\/www.webdo.tn\/fr\/actualite\/national\/tunisie-affaire-henchir-chaal-abdelaziz-makhloufi-et-ses-coaccuses-maintenus-en-detention\/221327\/","og_locale":"fr_FR","og_type":"article","og_title":"Tunisie - Affaire Henchir Cha\u00e2l : Abdelaziz Makhloufi et ses coaccus\u00e9s maintenus en d\u00e9tention","og_description":"La justice tunisienne a rejet\u00e9 les demandes de lib\u00e9ration d'Abdelaziz Makhloufi et de trois autres accus\u00e9s dans l'affaire Henchir Cha\u00e2l, li\u00e9e \u00e0 des soup\u00e7ons de...","og_url":"https:\/\/www.webdo.tn\/fr\/actualite\/national\/tunisie-affaire-henchir-chaal-abdelaziz-makhloufi-et-ses-coaccuses-maintenus-en-detention\/221327\/","og_site_name":"webdo","article_publisher":"https:\/\/www.facebook.com\/webdotn","article_published_time":"2025-04-17T15:38:00+00:00","article_modified_time":"2025-05-20T22:17:44+00:00","og_image":[{"width":750,"height":400,"url":"https:\/\/www.webdo.tn\/fr\/wp-content\/uploads\/2025\/04\/7eca6c9fae2c8aee3f7a249d99041785.webp","type":"image\/webp"}],"author":"MC","twitter_card":"summary_large_image","twitter_creator":"@webdo_tn","twitter_site":"@webdo_tn","twitter_misc":{"\u00c9crit par":"MC","Dur\u00e9e de lecture estim\u00e9e":"1 minute"},"schema":{"@context":"https:\/\/schema.org","@graph":[{"@type":"NewsArticle","@id":"https:\/\/www.webdo.tn\/fr\/actualite\/national\/tunisie-affaire-henchir-chaal-abdelaziz-makhloufi-et-ses-coaccuses-maintenus-en-detention\/221327\/#article","isPartOf":{"@id":"https:\/\/www.webdo.tn\/fr\/actualite\/national\/tunisie-affaire-henchir-chaal-abdelaziz-makhloufi-et-ses-coaccuses-maintenus-en-detention\/221327\/"},"author":{"name":"MC","@id":"https:\/\/www.webdo.tn\/fr\/#\/schema\/person\/2c4929cbf5a809e3bd38617c6ce150f6"},"headline":"Tunisie &#8211; Affaire Henchir Cha\u00e2l : Abdelaziz Makhloufi et ses coaccus\u00e9s maintenus en d\u00e9tention","datePublished":"2025-04-17T15:38:00+00:00","dateModified":"2025-05-20T22:17:44+00:00","mainEntityOfPage":{"@id":"https:\/\/www.webdo.tn\/fr\/actualite\/national\/tunisie-affaire-henchir-chaal-abdelaziz-makhloufi-et-ses-coaccuses-maintenus-en-detention\/221327\/"},"wordCount":276,"commentCount":0,"publisher":{"@id":"https:\/\/www.webdo.tn\/fr\/#organization"},"image":{"@id":"https:\/\/www.webdo.tn\/fr\/actualite\/national\/tunisie-affaire-henchir-chaal-abdelaziz-makhloufi-et-ses-coaccuses-maintenus-en-detention\/221327\/#primaryimage"},"thumbnailUrl":"https:\/\/www.webdo.tn\/fr\/wp-content\/uploads\/2025\/04\/7eca6c9fae2c8aee3f7a249d99041785.webp","keywords":["Abdelaziz Makhloufi","corruption","Henchir Cha\u00e2l","justice","Sfax","Tunisie"],"articleSection":["National"],"inLanguage":"fr-FR"},{"@type":"WebPage","@id":"https:\/\/www.webdo.tn\/fr\/actualite\/national\/tunisie-affaire-henchir-chaal-abdelaziz-makhloufi-et-ses-coaccuses-maintenus-en-detention\/221327\/","url":"https:\/\/www.webdo.tn\/fr\/actualite\/national\/tunisie-affaire-henchir-chaal-abdelaziz-makhloufi-et-ses-coaccuses-maintenus-en-detention\/221327\/","name":"Tunisie - Affaire Henchir Cha\u00e2l : Abdelaziz Makhloufi et ses coaccus\u00e9s maintenus en d\u00e9tention","isPartOf":{"@id":"https:\/\/www.webdo.tn\/fr\/#website"},"primaryImageOfPage":{"@id":"https:\/\/www.webdo.tn\/fr\/actualite\/national\/tunisie-affaire-henchir-chaal-abdelaziz-makhloufi-et-ses-coaccuses-maintenus-en-detention\/221327\/#primaryimage"},"image":{"@id":"https:\/\/www.webdo.tn\/fr\/actualite\/national\/tunisie-affaire-henchir-chaal-abdelaziz-makhloufi-et-ses-coaccuses-maintenus-en-detention\/221327\/#primaryimage"},"thumbnailUrl":"https:\/\/www.webdo.tn\/fr\/wp-content\/uploads\/2025\/04\/7eca6c9fae2c8aee3f7a249d99041785.webp","datePublished":"2025-04-17T15:38:00+00:00","dateModified":"2025-05-20T22:17:44+00:00","description":"La justice tunisienne a rejet\u00e9 les demandes de lib\u00e9ration d'Abdelaziz Makhloufi et de trois autres accus\u00e9s dans l'affaire Henchir Cha\u00e2l, li\u00e9e \u00e0 des soup\u00e7ons de...","breadcrumb":{"@id":"https:\/\/www.webdo.tn\/fr\/actualite\/national\/tunisie-affaire-henchir-chaal-abdelaziz-makhloufi-et-ses-coaccuses-maintenus-en-detention\/221327\/#breadcrumb"},"inLanguage":"fr-FR","potentialAction":[{"@type":"ReadAction","target":["https:\/\/www.webdo.tn\/fr\/actualite\/national\/tunisie-affaire-henchir-chaal-abdelaziz-makhloufi-et-ses-coaccuses-maintenus-en-detention\/221327\/"]}]},{"@type":"ImageObject","inLanguage":"fr-FR","@id":"https:\/\/www.webdo.tn\/fr\/actualite\/national\/tunisie-affaire-henchir-chaal-abdelaziz-makhloufi-et-ses-coaccuses-maintenus-en-detention\/221327\/#primaryimage","url":"https:\/\/www.webdo.tn\/fr\/wp-content\/uploads\/2025\/04\/7eca6c9fae2c8aee3f7a249d99041785.webp","contentUrl":"https:\/\/www.webdo.tn\/fr\/wp-content\/uploads\/2025\/04\/7eca6c9fae2c8aee3f7a249d99041785.webp","width":750,"height":400,"caption":"Tunisie - Affaire Henchir Cha\u00e2l : Abdelaziz Makhloufi et ses coaccus\u00e9s maintenus en d\u00e9tention"},{"@type":"BreadcrumbList","@id":"https:\/\/www.webdo.tn\/fr\/actualite\/national\/tunisie-affaire-henchir-chaal-abdelaziz-makhloufi-et-ses-coaccuses-maintenus-en-detention\/221327\/#breadcrumb","itemListElement":[{"@type":"ListItem","position":1,"name":"Accueil","item":"https:\/\/www.webdo.tn\/fr\/"},{"@type":"ListItem","position":2,"name":"Tunisie &#8211; Affaire Henchir Cha\u00e2l : Abdelaziz Makhloufi et ses coaccus\u00e9s maintenus en d\u00e9tention"}]},{"@type":"WebSite","@id":"https:\/\/www.webdo.tn\/fr\/#website","url":"https:\/\/www.webdo.tn\/fr\/","name":"webdo","description":"Tunisie - News en Tunisie et \u00e0 l&#039;international sur Webdo.tn","publisher":{"@id":"https:\/\/www.webdo.tn\/fr\/#organization"},"potentialAction":[{"@type":"SearchAction","target":{"@type":"EntryPoint","urlTemplate":"https:\/\/www.webdo.tn\/fr\/?s={search_term_string}"},"query-input":{"@type":"PropertyValueSpecification","valueRequired":true,"valueName":"search_term_string"}}],"inLanguage":"fr-FR"},{"@type":"Organization","@id":"https:\/\/www.webdo.tn\/fr\/#organization","name":"Webdo","alternateName":"Webdo.tn","url":"https:\/\/www.webdo.tn\/fr\/","logo":{"@type":"ImageObject","inLanguage":"fr-FR","@id":"https:\/\/www.webdo.tn\/fr\/#\/schema\/logo\/image\/","url":"https:\/\/www.webdo.tn\/fr\/wp-content\/uploads\/2025\/06\/Webdo-Tunisie_168377.jpg","contentUrl":"https:\/\/www.webdo.tn\/fr\/wp-content\/uploads\/2025\/06\/Webdo-Tunisie_168377.jpg","width":301,"height":301,"caption":"Webdo"},"image":{"@id":"https:\/\/www.webdo.tn\/fr\/#\/schema\/logo\/image\/"},"sameAs":["https:\/\/www.facebook.com\/webdotn","https:\/\/x.com\/webdo_tn"],"description":"Webdo est un m\u00e9dia num\u00e9rique tunisien fond\u00e9 en 2010, sp\u00e9cialis\u00e9 dans l\u2019actualit\u00e9 nationale et internationale, l\u2019\u00e9conomie, la soci\u00e9t\u00e9 et les analyses politiques. Le site s\u2019adresse \u00e0 un large public francophone et couvre l\u2019information tunisienne en temps r\u00e9el.","email":"redac@webdo.tn","legalName":"YNJ SARL","foundingDate":"2010-09-06","numberOfEmployees":{"@type":"QuantitativeValue","minValue":"11","maxValue":"50"}},{"@type":"Person","@id":"https:\/\/www.webdo.tn\/fr\/#\/schema\/person\/2c4929cbf5a809e3bd38617c6ce150f6","name":"MC","image":{"@type":"ImageObject","inLanguage":"fr-FR","@id":"https:\/\/secure.gravatar.com\/avatar\/a545bbb6f84efdd5553dbbc2895e3ca8f1d12c5215e00a041c9670b54aa9b18a?s=96&d=mm&r=g","url":"https:\/\/secure.gravatar.com\/avatar\/a545bbb6f84efdd5553dbbc2895e3ca8f1d12c5215e00a041c9670b54aa9b18a?s=96&d=mm&r=g","contentUrl":"https:\/\/secure.gravatar.com\/avatar\/a545bbb6f84efdd5553dbbc2895e3ca8f1d12c5215e00a041c9670b54aa9b18a?s=96&d=mm&r=g","caption":"MC"},"url":"https:\/\/www.webdo.tn\/fr\/actualite\/author\/mc\/"}]}},"_links":{"self":[{"href":"https:\/\/www.webdo.tn\/fr\/wp-json\/wp\/v2\/posts\/221327","targetHints":{"allow":["GET"]}}],"collection":[{"href":"https:\/\/www.webdo.tn\/fr\/wp-json\/wp\/v2\/posts"}],"about":[{"href":"https:\/\/www.webdo.tn\/fr\/wp-json\/wp\/v2\/types\/post"}],"author":[{"embeddable":true,"href":"https:\/\/www.webdo.tn\/fr\/wp-json\/wp\/v2\/users\/3162"}],"replies":[{"embeddable":true,"href":"https:\/\/www.webdo.tn\/fr\/wp-json\/wp\/v2\/comments?post=221327"}],"version-history":[{"count":0,"href":"https:\/\/www.webdo.tn\/fr\/wp-json\/wp\/v2\/posts\/221327\/revisions"}],"wp:featuredmedia":[{"embeddable":true,"href":"https:\/\/www.webdo.tn\/fr\/wp-json\/wp\/v2\/media\/292245"}],"wp:attachment":[{"href":"https:\/\/www.webdo.tn\/fr\/wp-json\/wp\/v2\/media?parent=221327"}],"wp:term":[{"taxonomy":"category","embeddable":true,"href":"https:\/\/www.webdo.tn\/fr\/wp-json\/wp\/v2\/categories?post=221327"},{"taxonomy":"post_tag","embeddable":true,"href":"https:\/\/www.webdo.tn\/fr\/wp-json\/wp\/v2\/tags?post=221327"}],"curies":[{"name":"wp","href":"https:\/\/api.w.org\/{rel}","templated":true}]}}