{"id":221323,"date":"2025-04-17T14:52:00","date_gmt":"2025-04-17T14:52:00","guid":{"rendered":"https:\/\/www.webdo.tn\/fr\/blog\/rapatriement-de-trois-ressortissants-tunisiens-detenus-au-myanmar\/221323\/"},"modified":"2025-05-20T22:17:43","modified_gmt":"2025-05-20T22:17:43","slug":"rapatriement-de-trois-ressortissants-tunisiens-detenus-au-myanmar","status":"publish","type":"post","link":"https:\/\/www.webdo.tn\/fr\/actualite\/national\/rapatriement-de-trois-ressortissants-tunisiens-detenus-au-myanmar\/221323\/","title":{"rendered":"Rapatriement de trois ressortissants tunisiens d\u00e9tenus au Myanmar"},"content":{"rendered":"<p>Le minist\u00e8re des Affaires \u00e9trang\u00e8res, de la Migration et des Tunisiens \u00e0 l\u2019\u00e9tranger a annonc\u00e9, aujourd\u2019hui, le rapatriement de trois citoyens tunisiens, victimes de d\u00e9tention forc\u00e9e au Myanmar. Cette op\u00e9ration s\u2019est d\u00e9roul\u00e9e avec succ\u00e8s \u00e0 la suite d\u2019une coordination \u00e9troite entre les services du minist\u00e8re et l\u2019ambassade de Tunisie \u00e0 Jakarta, en Indon\u00e9sie.<\/p>\n<p>Les trois ressortissants ont \u00e9t\u00e9 transf\u00e9r\u00e9s depuis le Myanmar vers la Tha\u00eflande par voie terrestre, avant d\u2019\u00eatre \u00e9vacu\u00e9s via l\u2019a\u00e9roport international de Bangkok. Une d\u00e9l\u00e9gation diplomatique tunisienne s\u2019est rendue dans une localit\u00e9 frontali\u00e8re en Tha\u00eflande afin de s\u2019entretenir avec les autorit\u00e9s locales, les repr\u00e9sentants de l\u2019arm\u00e9e ainsi que les responsables du minist\u00e8re tha\u00eflandais des Affaires \u00e9trang\u00e8res, en vue d\u2019assurer le bon d\u00e9roulement de l\u2019op\u00e9ration.<\/p>\n<p>Ce rapatriement a \u00e9t\u00e9 facilit\u00e9 par la coop\u00e9ration des autorit\u00e9s tha\u00eflandaises et le concours de plusieurs missions diplomatiques pr\u00e9sentes \u00e0 Jakarta, en plus du soutien logistique des forces arm\u00e9es et de s\u00e9curit\u00e9 de la r\u00e9gion.<\/p>\n","protected":false},"excerpt":{"rendered":"<p>Trois Tunisiens d\u00e9tenus au Myanmar ont \u00e9t\u00e9 rapatri\u00e9s avec succ\u00e8s gr\u00e2ce \u00e0 l\u2019intervention du minist\u00e8re des Affaires \u00e9trang\u00e8res, en collaboration avec l\u2019ambassade&#8230;<\/p>\n","protected":false},"author":3162,"featured_media":292244,"comment_status":"open","ping_status":"closed","sticky":false,"template":"","format":"standard","meta":{"footnotes":""},"categories":[44],"tags":[11212,5538,2608,3317],"class_list":["post-221323","post","type-post","status-publish","format-standard","has-post-thumbnail","hentry","category-national","tag-myanmar","tag-rapatriement","tag-tunisie","tag-tunisiens"],"yoast_head":"<!-- This site is optimized with the Yoast SEO Premium plugin v27.4 (Yoast SEO v27.5) - https:\/\/yoast.com\/product\/yoast-seo-premium-wordpress\/ -->\n<title>Rapatriement de trois ressortissants tunisiens d\u00e9tenus au Myanmar<\/title>\n<meta name=\"description\" content=\"Trois Tunisiens d\u00e9tenus au Myanmar ont \u00e9t\u00e9 rapatri\u00e9s avec succ\u00e8s gr\u00e2ce \u00e0 l\u2019intervention du minist\u00e8re des Affaires \u00e9trang\u00e8res, en collaboration avec l\u2019ambassade...\" \/>\n<link rel=\"canonical\" href=\"https:\/\/www.webdo.tn\/fr\/actualite\/national\/rapatriement-de-trois-ressortissants-tunisiens-detenus-au-myanmar\/221323\/\" \/>\n<meta property=\"og:locale\" content=\"fr_FR\" \/>\n<meta property=\"og:type\" content=\"article\" \/>\n<meta property=\"og:title\" content=\"Rapatriement de trois ressortissants tunisiens d\u00e9tenus au Myanmar\" \/>\n<meta property=\"og:description\" content=\"Trois Tunisiens d\u00e9tenus au Myanmar ont \u00e9t\u00e9 rapatri\u00e9s avec succ\u00e8s gr\u00e2ce \u00e0 l\u2019intervention du minist\u00e8re des Affaires \u00e9trang\u00e8res, en collaboration avec l\u2019ambassade...\" \/>\n<meta property=\"og:url\" content=\"https:\/\/www.webdo.tn\/fr\/actualite\/national\/rapatriement-de-trois-ressortissants-tunisiens-detenus-au-myanmar\/221323\/\" \/>\n<meta property=\"og:site_name\" content=\"webdo\" \/>\n<meta property=\"article:publisher\" content=\"https:\/\/www.facebook.com\/webdotn\" \/>\n<meta property=\"article:published_time\" content=\"2025-04-17T14:52:00+00:00\" \/>\n<meta property=\"article:modified_time\" content=\"2025-05-20T22:17:43+00:00\" \/>\n<meta property=\"og:image\" content=\"https:\/\/www.webdo.tn\/fr\/wp-content\/uploads\/2025\/04\/050bb9745ee7c58f34ae3e19c4e09776.webp\" \/>\n\t<meta property=\"og:image:width\" content=\"750\" \/>\n\t<meta property=\"og:image:height\" content=\"400\" \/>\n\t<meta property=\"og:image:type\" content=\"image\/webp\" \/>\n<meta name=\"author\" content=\"MC\" \/>\n<meta name=\"twitter:card\" content=\"summary_large_image\" \/>\n<meta name=\"twitter:creator\" content=\"@webdo_tn\" \/>\n<meta name=\"twitter:site\" content=\"@webdo_tn\" \/>\n<meta name=\"twitter:label1\" content=\"\u00c9crit par\" \/>\n\t<meta name=\"twitter:data1\" content=\"MC\" \/>\n\t<meta name=\"twitter:label2\" content=\"Dur\u00e9e de lecture estim\u00e9e\" \/>\n\t<meta name=\"twitter:data2\" content=\"1 minute\" \/>\n<script type=\"application\/ld+json\" class=\"yoast-schema-graph\">{\"@context\":\"https:\\\/\\\/schema.org\",\"@graph\":[{\"@type\":\"NewsArticle\",\"@id\":\"https:\\\/\\\/www.webdo.tn\\\/fr\\\/actualite\\\/national\\\/rapatriement-de-trois-ressortissants-tunisiens-detenus-au-myanmar\\\/221323\\\/#article\",\"isPartOf\":{\"@id\":\"https:\\\/\\\/www.webdo.tn\\\/fr\\\/actualite\\\/national\\\/rapatriement-de-trois-ressortissants-tunisiens-detenus-au-myanmar\\\/221323\\\/\"},\"author\":{\"name\":\"MC\",\"@id\":\"https:\\\/\\\/www.webdo.tn\\\/fr\\\/#\\\/schema\\\/person\\\/2c4929cbf5a809e3bd38617c6ce150f6\"},\"headline\":\"Rapatriement de trois ressortissants tunisiens d\u00e9tenus au Myanmar\",\"datePublished\":\"2025-04-17T14:52:00+00:00\",\"dateModified\":\"2025-05-20T22:17:43+00:00\",\"mainEntityOfPage\":{\"@id\":\"https:\\\/\\\/www.webdo.tn\\\/fr\\\/actualite\\\/national\\\/rapatriement-de-trois-ressortissants-tunisiens-detenus-au-myanmar\\\/221323\\\/\"},\"wordCount\":203,\"commentCount\":0,\"publisher\":{\"@id\":\"https:\\\/\\\/www.webdo.tn\\\/fr\\\/#organization\"},\"image\":{\"@id\":\"https:\\\/\\\/www.webdo.tn\\\/fr\\\/actualite\\\/national\\\/rapatriement-de-trois-ressortissants-tunisiens-detenus-au-myanmar\\\/221323\\\/#primaryimage\"},\"thumbnailUrl\":\"https:\\\/\\\/www.webdo.tn\\\/fr\\\/wp-content\\\/uploads\\\/2025\\\/04\\\/050bb9745ee7c58f34ae3e19c4e09776.webp\",\"keywords\":[\"'Myanmar']\",\"rapatriement\",\"Tunisie\",\"Tunisiens\"],\"articleSection\":[\"National\"],\"inLanguage\":\"fr-FR\"},{\"@type\":\"WebPage\",\"@id\":\"https:\\\/\\\/www.webdo.tn\\\/fr\\\/actualite\\\/national\\\/rapatriement-de-trois-ressortissants-tunisiens-detenus-au-myanmar\\\/221323\\\/\",\"url\":\"https:\\\/\\\/www.webdo.tn\\\/fr\\\/actualite\\\/national\\\/rapatriement-de-trois-ressortissants-tunisiens-detenus-au-myanmar\\\/221323\\\/\",\"name\":\"Rapatriement de trois ressortissants tunisiens d\u00e9tenus au Myanmar\",\"isPartOf\":{\"@id\":\"https:\\\/\\\/www.webdo.tn\\\/fr\\\/#website\"},\"primaryImageOfPage\":{\"@id\":\"https:\\\/\\\/www.webdo.tn\\\/fr\\\/actualite\\\/national\\\/rapatriement-de-trois-ressortissants-tunisiens-detenus-au-myanmar\\\/221323\\\/#primaryimage\"},\"image\":{\"@id\":\"https:\\\/\\\/www.webdo.tn\\\/fr\\\/actualite\\\/national\\\/rapatriement-de-trois-ressortissants-tunisiens-detenus-au-myanmar\\\/221323\\\/#primaryimage\"},\"thumbnailUrl\":\"https:\\\/\\\/www.webdo.tn\\\/fr\\\/wp-content\\\/uploads\\\/2025\\\/04\\\/050bb9745ee7c58f34ae3e19c4e09776.webp\",\"datePublished\":\"2025-04-17T14:52:00+00:00\",\"dateModified\":\"2025-05-20T22:17:43+00:00\",\"description\":\"Trois Tunisiens d\u00e9tenus au Myanmar ont \u00e9t\u00e9 rapatri\u00e9s avec succ\u00e8s gr\u00e2ce \u00e0 l\u2019intervention du minist\u00e8re des Affaires \u00e9trang\u00e8res, en collaboration avec l\u2019ambassade...\",\"breadcrumb\":{\"@id\":\"https:\\\/\\\/www.webdo.tn\\\/fr\\\/actualite\\\/national\\\/rapatriement-de-trois-ressortissants-tunisiens-detenus-au-myanmar\\\/221323\\\/#breadcrumb\"},\"inLanguage\":\"fr-FR\",\"potentialAction\":[{\"@type\":\"ReadAction\",\"target\":[\"https:\\\/\\\/www.webdo.tn\\\/fr\\\/actualite\\\/national\\\/rapatriement-de-trois-ressortissants-tunisiens-detenus-au-myanmar\\\/221323\\\/\"]}]},{\"@type\":\"ImageObject\",\"inLanguage\":\"fr-FR\",\"@id\":\"https:\\\/\\\/www.webdo.tn\\\/fr\\\/actualite\\\/national\\\/rapatriement-de-trois-ressortissants-tunisiens-detenus-au-myanmar\\\/221323\\\/#primaryimage\",\"url\":\"https:\\\/\\\/www.webdo.tn\\\/fr\\\/wp-content\\\/uploads\\\/2025\\\/04\\\/050bb9745ee7c58f34ae3e19c4e09776.webp\",\"contentUrl\":\"https:\\\/\\\/www.webdo.tn\\\/fr\\\/wp-content\\\/uploads\\\/2025\\\/04\\\/050bb9745ee7c58f34ae3e19c4e09776.webp\",\"width\":750,\"height\":400,\"caption\":\"Rapatriement de trois ressortissants tunisiens d\u00e9tenus au Myanmar\"},{\"@type\":\"BreadcrumbList\",\"@id\":\"https:\\\/\\\/www.webdo.tn\\\/fr\\\/actualite\\\/national\\\/rapatriement-de-trois-ressortissants-tunisiens-detenus-au-myanmar\\\/221323\\\/#breadcrumb\",\"itemListElement\":[{\"@type\":\"ListItem\",\"position\":1,\"name\":\"Accueil\",\"item\":\"https:\\\/\\\/www.webdo.tn\\\/fr\\\/\"},{\"@type\":\"ListItem\",\"position\":2,\"name\":\"Rapatriement de trois ressortissants tunisiens d\u00e9tenus au Myanmar\"}]},{\"@type\":\"WebSite\",\"@id\":\"https:\\\/\\\/www.webdo.tn\\\/fr\\\/#website\",\"url\":\"https:\\\/\\\/www.webdo.tn\\\/fr\\\/\",\"name\":\"webdo\",\"description\":\"Tunisie - News en Tunisie et \u00e0 l&#039;international sur Webdo.tn\",\"publisher\":{\"@id\":\"https:\\\/\\\/www.webdo.tn\\\/fr\\\/#organization\"},\"potentialAction\":[{\"@type\":\"SearchAction\",\"target\":{\"@type\":\"EntryPoint\",\"urlTemplate\":\"https:\\\/\\\/www.webdo.tn\\\/fr\\\/?s={search_term_string}\"},\"query-input\":{\"@type\":\"PropertyValueSpecification\",\"valueRequired\":true,\"valueName\":\"search_term_string\"}}],\"inLanguage\":\"fr-FR\"},{\"@type\":\"Organization\",\"@id\":\"https:\\\/\\\/www.webdo.tn\\\/fr\\\/#organization\",\"name\":\"Webdo\",\"alternateName\":\"Webdo.tn\",\"url\":\"https:\\\/\\\/www.webdo.tn\\\/fr\\\/\",\"logo\":{\"@type\":\"ImageObject\",\"inLanguage\":\"fr-FR\",\"@id\":\"https:\\\/\\\/www.webdo.tn\\\/fr\\\/#\\\/schema\\\/logo\\\/image\\\/\",\"url\":\"https:\\\/\\\/www.webdo.tn\\\/fr\\\/wp-content\\\/uploads\\\/2025\\\/06\\\/Webdo-Tunisie_168377.jpg\",\"contentUrl\":\"https:\\\/\\\/www.webdo.tn\\\/fr\\\/wp-content\\\/uploads\\\/2025\\\/06\\\/Webdo-Tunisie_168377.jpg\",\"width\":301,\"height\":301,\"caption\":\"Webdo\"},\"image\":{\"@id\":\"https:\\\/\\\/www.webdo.tn\\\/fr\\\/#\\\/schema\\\/logo\\\/image\\\/\"},\"sameAs\":[\"https:\\\/\\\/www.facebook.com\\\/webdotn\",\"https:\\\/\\\/x.com\\\/webdo_tn\"],\"description\":\"Webdo est un m\u00e9dia num\u00e9rique tunisien fond\u00e9 en 2010, sp\u00e9cialis\u00e9 dans l\u2019actualit\u00e9 nationale et internationale, l\u2019\u00e9conomie, la soci\u00e9t\u00e9 et les analyses politiques. Le site s\u2019adresse \u00e0 un large public francophone et couvre l\u2019information tunisienne en temps r\u00e9el.\",\"email\":\"redac@webdo.tn\",\"legalName\":\"YNJ SARL\",\"foundingDate\":\"2010-09-06\",\"numberOfEmployees\":{\"@type\":\"QuantitativeValue\",\"minValue\":\"11\",\"maxValue\":\"50\"}},{\"@type\":\"Person\",\"@id\":\"https:\\\/\\\/www.webdo.tn\\\/fr\\\/#\\\/schema\\\/person\\\/2c4929cbf5a809e3bd38617c6ce150f6\",\"name\":\"MC\",\"image\":{\"@type\":\"ImageObject\",\"inLanguage\":\"fr-FR\",\"@id\":\"https:\\\/\\\/secure.gravatar.com\\\/avatar\\\/a545bbb6f84efdd5553dbbc2895e3ca8f1d12c5215e00a041c9670b54aa9b18a?s=96&d=mm&r=g\",\"url\":\"https:\\\/\\\/secure.gravatar.com\\\/avatar\\\/a545bbb6f84efdd5553dbbc2895e3ca8f1d12c5215e00a041c9670b54aa9b18a?s=96&d=mm&r=g\",\"contentUrl\":\"https:\\\/\\\/secure.gravatar.com\\\/avatar\\\/a545bbb6f84efdd5553dbbc2895e3ca8f1d12c5215e00a041c9670b54aa9b18a?s=96&d=mm&r=g\",\"caption\":\"MC\"},\"url\":\"https:\\\/\\\/www.webdo.tn\\\/fr\\\/actualite\\\/author\\\/mc\\\/\"}]}<\/script>\n<!-- \/ Yoast SEO Premium plugin. -->","yoast_head_json":{"title":"Rapatriement de trois ressortissants tunisiens d\u00e9tenus au Myanmar","description":"Trois Tunisiens d\u00e9tenus au Myanmar ont \u00e9t\u00e9 rapatri\u00e9s avec succ\u00e8s gr\u00e2ce \u00e0 l\u2019intervention du minist\u00e8re des Affaires \u00e9trang\u00e8res, en collaboration avec l\u2019ambassade...","canonical":"https:\/\/www.webdo.tn\/fr\/actualite\/national\/rapatriement-de-trois-ressortissants-tunisiens-detenus-au-myanmar\/221323\/","og_locale":"fr_FR","og_type":"article","og_title":"Rapatriement de trois ressortissants tunisiens d\u00e9tenus au Myanmar","og_description":"Trois Tunisiens d\u00e9tenus au Myanmar ont \u00e9t\u00e9 rapatri\u00e9s avec succ\u00e8s gr\u00e2ce \u00e0 l\u2019intervention du minist\u00e8re des Affaires \u00e9trang\u00e8res, en collaboration avec l\u2019ambassade...","og_url":"https:\/\/www.webdo.tn\/fr\/actualite\/national\/rapatriement-de-trois-ressortissants-tunisiens-detenus-au-myanmar\/221323\/","og_site_name":"webdo","article_publisher":"https:\/\/www.facebook.com\/webdotn","article_published_time":"2025-04-17T14:52:00+00:00","article_modified_time":"2025-05-20T22:17:43+00:00","og_image":[{"width":750,"height":400,"url":"https:\/\/www.webdo.tn\/fr\/wp-content\/uploads\/2025\/04\/050bb9745ee7c58f34ae3e19c4e09776.webp","type":"image\/webp"}],"author":"MC","twitter_card":"summary_large_image","twitter_creator":"@webdo_tn","twitter_site":"@webdo_tn","twitter_misc":{"\u00c9crit par":"MC","Dur\u00e9e de lecture estim\u00e9e":"1 minute"},"schema":{"@context":"https:\/\/schema.org","@graph":[{"@type":"NewsArticle","@id":"https:\/\/www.webdo.tn\/fr\/actualite\/national\/rapatriement-de-trois-ressortissants-tunisiens-detenus-au-myanmar\/221323\/#article","isPartOf":{"@id":"https:\/\/www.webdo.tn\/fr\/actualite\/national\/rapatriement-de-trois-ressortissants-tunisiens-detenus-au-myanmar\/221323\/"},"author":{"name":"MC","@id":"https:\/\/www.webdo.tn\/fr\/#\/schema\/person\/2c4929cbf5a809e3bd38617c6ce150f6"},"headline":"Rapatriement de trois ressortissants tunisiens d\u00e9tenus au Myanmar","datePublished":"2025-04-17T14:52:00+00:00","dateModified":"2025-05-20T22:17:43+00:00","mainEntityOfPage":{"@id":"https:\/\/www.webdo.tn\/fr\/actualite\/national\/rapatriement-de-trois-ressortissants-tunisiens-detenus-au-myanmar\/221323\/"},"wordCount":203,"commentCount":0,"publisher":{"@id":"https:\/\/www.webdo.tn\/fr\/#organization"},"image":{"@id":"https:\/\/www.webdo.tn\/fr\/actualite\/national\/rapatriement-de-trois-ressortissants-tunisiens-detenus-au-myanmar\/221323\/#primaryimage"},"thumbnailUrl":"https:\/\/www.webdo.tn\/fr\/wp-content\/uploads\/2025\/04\/050bb9745ee7c58f34ae3e19c4e09776.webp","keywords":["'Myanmar']","rapatriement","Tunisie","Tunisiens"],"articleSection":["National"],"inLanguage":"fr-FR"},{"@type":"WebPage","@id":"https:\/\/www.webdo.tn\/fr\/actualite\/national\/rapatriement-de-trois-ressortissants-tunisiens-detenus-au-myanmar\/221323\/","url":"https:\/\/www.webdo.tn\/fr\/actualite\/national\/rapatriement-de-trois-ressortissants-tunisiens-detenus-au-myanmar\/221323\/","name":"Rapatriement de trois ressortissants tunisiens d\u00e9tenus au Myanmar","isPartOf":{"@id":"https:\/\/www.webdo.tn\/fr\/#website"},"primaryImageOfPage":{"@id":"https:\/\/www.webdo.tn\/fr\/actualite\/national\/rapatriement-de-trois-ressortissants-tunisiens-detenus-au-myanmar\/221323\/#primaryimage"},"image":{"@id":"https:\/\/www.webdo.tn\/fr\/actualite\/national\/rapatriement-de-trois-ressortissants-tunisiens-detenus-au-myanmar\/221323\/#primaryimage"},"thumbnailUrl":"https:\/\/www.webdo.tn\/fr\/wp-content\/uploads\/2025\/04\/050bb9745ee7c58f34ae3e19c4e09776.webp","datePublished":"2025-04-17T14:52:00+00:00","dateModified":"2025-05-20T22:17:43+00:00","description":"Trois Tunisiens d\u00e9tenus au Myanmar ont \u00e9t\u00e9 rapatri\u00e9s avec succ\u00e8s gr\u00e2ce \u00e0 l\u2019intervention du minist\u00e8re des Affaires \u00e9trang\u00e8res, en collaboration avec l\u2019ambassade...","breadcrumb":{"@id":"https:\/\/www.webdo.tn\/fr\/actualite\/national\/rapatriement-de-trois-ressortissants-tunisiens-detenus-au-myanmar\/221323\/#breadcrumb"},"inLanguage":"fr-FR","potentialAction":[{"@type":"ReadAction","target":["https:\/\/www.webdo.tn\/fr\/actualite\/national\/rapatriement-de-trois-ressortissants-tunisiens-detenus-au-myanmar\/221323\/"]}]},{"@type":"ImageObject","inLanguage":"fr-FR","@id":"https:\/\/www.webdo.tn\/fr\/actualite\/national\/rapatriement-de-trois-ressortissants-tunisiens-detenus-au-myanmar\/221323\/#primaryimage","url":"https:\/\/www.webdo.tn\/fr\/wp-content\/uploads\/2025\/04\/050bb9745ee7c58f34ae3e19c4e09776.webp","contentUrl":"https:\/\/www.webdo.tn\/fr\/wp-content\/uploads\/2025\/04\/050bb9745ee7c58f34ae3e19c4e09776.webp","width":750,"height":400,"caption":"Rapatriement de trois ressortissants tunisiens d\u00e9tenus au Myanmar"},{"@type":"BreadcrumbList","@id":"https:\/\/www.webdo.tn\/fr\/actualite\/national\/rapatriement-de-trois-ressortissants-tunisiens-detenus-au-myanmar\/221323\/#breadcrumb","itemListElement":[{"@type":"ListItem","position":1,"name":"Accueil","item":"https:\/\/www.webdo.tn\/fr\/"},{"@type":"ListItem","position":2,"name":"Rapatriement de trois ressortissants tunisiens d\u00e9tenus au Myanmar"}]},{"@type":"WebSite","@id":"https:\/\/www.webdo.tn\/fr\/#website","url":"https:\/\/www.webdo.tn\/fr\/","name":"webdo","description":"Tunisie - News en Tunisie et \u00e0 l&#039;international sur Webdo.tn","publisher":{"@id":"https:\/\/www.webdo.tn\/fr\/#organization"},"potentialAction":[{"@type":"SearchAction","target":{"@type":"EntryPoint","urlTemplate":"https:\/\/www.webdo.tn\/fr\/?s={search_term_string}"},"query-input":{"@type":"PropertyValueSpecification","valueRequired":true,"valueName":"search_term_string"}}],"inLanguage":"fr-FR"},{"@type":"Organization","@id":"https:\/\/www.webdo.tn\/fr\/#organization","name":"Webdo","alternateName":"Webdo.tn","url":"https:\/\/www.webdo.tn\/fr\/","logo":{"@type":"ImageObject","inLanguage":"fr-FR","@id":"https:\/\/www.webdo.tn\/fr\/#\/schema\/logo\/image\/","url":"https:\/\/www.webdo.tn\/fr\/wp-content\/uploads\/2025\/06\/Webdo-Tunisie_168377.jpg","contentUrl":"https:\/\/www.webdo.tn\/fr\/wp-content\/uploads\/2025\/06\/Webdo-Tunisie_168377.jpg","width":301,"height":301,"caption":"Webdo"},"image":{"@id":"https:\/\/www.webdo.tn\/fr\/#\/schema\/logo\/image\/"},"sameAs":["https:\/\/www.facebook.com\/webdotn","https:\/\/x.com\/webdo_tn"],"description":"Webdo est un m\u00e9dia num\u00e9rique tunisien fond\u00e9 en 2010, sp\u00e9cialis\u00e9 dans l\u2019actualit\u00e9 nationale et internationale, l\u2019\u00e9conomie, la soci\u00e9t\u00e9 et les analyses politiques. Le site s\u2019adresse \u00e0 un large public francophone et couvre l\u2019information tunisienne en temps r\u00e9el.","email":"redac@webdo.tn","legalName":"YNJ SARL","foundingDate":"2010-09-06","numberOfEmployees":{"@type":"QuantitativeValue","minValue":"11","maxValue":"50"}},{"@type":"Person","@id":"https:\/\/www.webdo.tn\/fr\/#\/schema\/person\/2c4929cbf5a809e3bd38617c6ce150f6","name":"MC","image":{"@type":"ImageObject","inLanguage":"fr-FR","@id":"https:\/\/secure.gravatar.com\/avatar\/a545bbb6f84efdd5553dbbc2895e3ca8f1d12c5215e00a041c9670b54aa9b18a?s=96&d=mm&r=g","url":"https:\/\/secure.gravatar.com\/avatar\/a545bbb6f84efdd5553dbbc2895e3ca8f1d12c5215e00a041c9670b54aa9b18a?s=96&d=mm&r=g","contentUrl":"https:\/\/secure.gravatar.com\/avatar\/a545bbb6f84efdd5553dbbc2895e3ca8f1d12c5215e00a041c9670b54aa9b18a?s=96&d=mm&r=g","caption":"MC"},"url":"https:\/\/www.webdo.tn\/fr\/actualite\/author\/mc\/"}]}},"_links":{"self":[{"href":"https:\/\/www.webdo.tn\/fr\/wp-json\/wp\/v2\/posts\/221323","targetHints":{"allow":["GET"]}}],"collection":[{"href":"https:\/\/www.webdo.tn\/fr\/wp-json\/wp\/v2\/posts"}],"about":[{"href":"https:\/\/www.webdo.tn\/fr\/wp-json\/wp\/v2\/types\/post"}],"author":[{"embeddable":true,"href":"https:\/\/www.webdo.tn\/fr\/wp-json\/wp\/v2\/users\/3162"}],"replies":[{"embeddable":true,"href":"https:\/\/www.webdo.tn\/fr\/wp-json\/wp\/v2\/comments?post=221323"}],"version-history":[{"count":0,"href":"https:\/\/www.webdo.tn\/fr\/wp-json\/wp\/v2\/posts\/221323\/revisions"}],"wp:featuredmedia":[{"embeddable":true,"href":"https:\/\/www.webdo.tn\/fr\/wp-json\/wp\/v2\/media\/292244"}],"wp:attachment":[{"href":"https:\/\/www.webdo.tn\/fr\/wp-json\/wp\/v2\/media?parent=221323"}],"wp:term":[{"taxonomy":"category","embeddable":true,"href":"https:\/\/www.webdo.tn\/fr\/wp-json\/wp\/v2\/categories?post=221323"},{"taxonomy":"post_tag","embeddable":true,"href":"https:\/\/www.webdo.tn\/fr\/wp-json\/wp\/v2\/tags?post=221323"}],"curies":[{"name":"wp","href":"https:\/\/api.w.org\/{rel}","templated":true}]}}