{"id":221320,"date":"2025-04-17T13:02:00","date_gmt":"2025-04-17T13:02:00","guid":{"rendered":"https:\/\/www.webdo.tn\/fr\/blog\/tunisie-les-affrontements-entre-protestataires-et-forces-de-l-ordre-font-plusieurs-blesses-a-mazzouna\/221320\/"},"modified":"2025-05-20T22:17:41","modified_gmt":"2025-05-20T22:17:41","slug":"tunisie-les-affrontements-entre-protestataires-et-forces-de-l-ordre-font-plusieurs-blesses-a-mazzouna","status":"publish","type":"post","link":"https:\/\/www.webdo.tn\/fr\/actualite\/national\/tunisie-les-affrontements-entre-protestataires-et-forces-de-l-ordre-font-plusieurs-blesses-a-mazzouna\/221320\/","title":{"rendered":"Tunisie : Des bless\u00e9s \u00e0 Mazzouna lors des affrontements entre protestataires et forces de l\u2019ordre"},"content":{"rendered":"<p>Des tensions ont \u00e9clat\u00e9 hier soir \u00e0 Mazzouna, dans le gouvernorat de Sidi Bouzid, suite \u00e0 l\u2019indignation provoqu\u00e9e par l\u2019effondrement d\u2019un mur au lyc\u00e9e local qui a co\u00fbt\u00e9 la vie \u00e0 trois \u00e9l\u00e8ves le 14 avril.<\/p>\n<p>\t\t\t\t\t\t\t\t\tPlusieurs personnes ont \u00e9t\u00e9 bless\u00e9es lors d&rsquo;affrontements entre manifestants et forces de l&rsquo;ordre, dont une gri\u00e8vement, n\u00e9cessitant un transfert d\u2019urgence de l\u2019h\u00f4pital local vers l\u2019h\u00f4pital r\u00e9gional de Sidi Bouzid.<\/p>\n<p>L \u00bbAgence TAP rapporte que les protestataires ont bloqu\u00e9 les principaux axes de la ville, incendi\u00e9 des pneus et lanc\u00e9 des projectiles en direction des forces de s\u00e9curit\u00e9. Ces derni\u00e8res ont r\u00e9pliqu\u00e9 par des tirs de gaz lacrymog\u00e8ne afin de disperser la foule, causant des cas d\u2019asphyxie parmi les manifestants.<\/p>\n<p>Ces sc\u00e8nes de violences s\u2019inscrivent dans un climat de vive tension apr\u00e8s l\u2019accident tragique survenu au lyc\u00e9e de Mazzouna, o\u00f9 l\u2019effondrement d\u2019un mur v\u00e9tuste a \u00e9galement fait deux bless\u00e9s, actuellement soign\u00e9s \u00e0 l\u2019h\u00f4pital universitaire Habib Bourguiba de Sfax.<\/p>\n<p>La population d\u00e9nonce l\u2019\u00e9tat de d\u00e9labrement des infrastructures publiques dans la r\u00e9gion. Les protestataires r\u00e9clament des mesures concr\u00e8tes et imm\u00e9diates : la r\u00e9novation des \u00e9tablissements scolaires, la mise \u00e0 niveau de l\u2019h\u00f4pital local, ainsi qu\u2019un plan de d\u00e9veloppement global pour la d\u00e9l\u00e9gation de Mazzouna, longtemps marginalis\u00e9e.<\/p>\n","protected":false},"excerpt":{"rendered":"<p>Des heurts ont \u00e9clat\u00e9 \u00e0 Mazzouna (Sidi Bouzid) apr\u00e8s le d\u00e9c\u00e8s de trois \u00e9l\u00e8ves dans l\u2019effondrement d\u2019un mur scolaire. Les habitants protestent contre la d\u00e9gradat&#8230;<\/p>\n","protected":false},"author":3162,"featured_media":292240,"comment_status":"open","ping_status":"closed","sticky":false,"template":"","format":"standard","meta":{"footnotes":""},"categories":[44],"tags":[3496,2928,2938,2608],"class_list":["post-221320","post","type-post","status-publish","format-standard","has-post-thumbnail","hentry","category-national","tag-affrontements","tag-blesses","tag-mazzouna","tag-tunisie"],"yoast_head":"<!-- This site is optimized with the Yoast SEO Premium plugin v27.4 (Yoast SEO v27.4) - https:\/\/yoast.com\/product\/yoast-seo-premium-wordpress\/ -->\n<title>Tunisie : Des bless\u00e9s \u00e0 Mazzouna lors des affrontements entre protestataires et forces de l\u2019ordre<\/title>\n<meta name=\"description\" content=\"Des heurts ont \u00e9clat\u00e9 \u00e0 Mazzouna (Sidi Bouzid) apr\u00e8s le d\u00e9c\u00e8s de trois \u00e9l\u00e8ves dans l\u2019effondrement d\u2019un mur scolaire. Les habitants protestent contre la d\u00e9gradat...\" \/>\n<link rel=\"canonical\" href=\"https:\/\/www.webdo.tn\/fr\/actualite\/national\/tunisie-les-affrontements-entre-protestataires-et-forces-de-l-ordre-font-plusieurs-blesses-a-mazzouna\/221320\/\" \/>\n<meta property=\"og:locale\" content=\"fr_FR\" \/>\n<meta property=\"og:type\" content=\"article\" \/>\n<meta property=\"og:title\" content=\"Tunisie : Des bless\u00e9s \u00e0 Mazzouna lors des affrontements entre protestataires et forces de l\u2019ordre\" \/>\n<meta property=\"og:description\" content=\"Des heurts ont \u00e9clat\u00e9 \u00e0 Mazzouna (Sidi Bouzid) apr\u00e8s le d\u00e9c\u00e8s de trois \u00e9l\u00e8ves dans l\u2019effondrement d\u2019un mur scolaire. Les habitants protestent contre la d\u00e9gradat...\" \/>\n<meta property=\"og:url\" content=\"https:\/\/www.webdo.tn\/fr\/actualite\/national\/tunisie-les-affrontements-entre-protestataires-et-forces-de-l-ordre-font-plusieurs-blesses-a-mazzouna\/221320\/\" \/>\n<meta property=\"og:site_name\" content=\"webdo\" \/>\n<meta property=\"article:publisher\" content=\"https:\/\/www.facebook.com\/webdotn\" \/>\n<meta property=\"article:published_time\" content=\"2025-04-17T13:02:00+00:00\" \/>\n<meta property=\"article:modified_time\" content=\"2025-05-20T22:17:41+00:00\" \/>\n<meta property=\"og:image\" content=\"https:\/\/www.webdo.tn\/fr\/wp-content\/uploads\/2025\/04\/4d0c805c81e145104da794f9cd3fc836.webp\" \/>\n\t<meta property=\"og:image:width\" content=\"750\" \/>\n\t<meta property=\"og:image:height\" content=\"400\" \/>\n\t<meta property=\"og:image:type\" content=\"image\/webp\" \/>\n<meta name=\"author\" content=\"MC\" \/>\n<meta name=\"twitter:card\" content=\"summary_large_image\" \/>\n<meta name=\"twitter:creator\" content=\"@webdo_tn\" \/>\n<meta name=\"twitter:site\" content=\"@webdo_tn\" \/>\n<meta name=\"twitter:label1\" content=\"\u00c9crit par\" \/>\n\t<meta name=\"twitter:data1\" content=\"MC\" \/>\n\t<meta name=\"twitter:label2\" content=\"Dur\u00e9e de lecture estim\u00e9e\" \/>\n\t<meta name=\"twitter:data2\" content=\"1 minute\" \/>\n<script type=\"application\/ld+json\" class=\"yoast-schema-graph\">{\"@context\":\"https:\\\/\\\/schema.org\",\"@graph\":[{\"@type\":\"NewsArticle\",\"@id\":\"https:\\\/\\\/www.webdo.tn\\\/fr\\\/actualite\\\/national\\\/tunisie-les-affrontements-entre-protestataires-et-forces-de-l-ordre-font-plusieurs-blesses-a-mazzouna\\\/221320\\\/#article\",\"isPartOf\":{\"@id\":\"https:\\\/\\\/www.webdo.tn\\\/fr\\\/actualite\\\/national\\\/tunisie-les-affrontements-entre-protestataires-et-forces-de-l-ordre-font-plusieurs-blesses-a-mazzouna\\\/221320\\\/\"},\"author\":{\"name\":\"MC\",\"@id\":\"https:\\\/\\\/www.webdo.tn\\\/fr\\\/#\\\/schema\\\/person\\\/2c4929cbf5a809e3bd38617c6ce150f6\"},\"headline\":\"Tunisie : Des bless\u00e9s \u00e0 Mazzouna lors des affrontements entre protestataires et forces de l\u2019ordre\",\"datePublished\":\"2025-04-17T13:02:00+00:00\",\"dateModified\":\"2025-05-20T22:17:41+00:00\",\"mainEntityOfPage\":{\"@id\":\"https:\\\/\\\/www.webdo.tn\\\/fr\\\/actualite\\\/national\\\/tunisie-les-affrontements-entre-protestataires-et-forces-de-l-ordre-font-plusieurs-blesses-a-mazzouna\\\/221320\\\/\"},\"wordCount\":257,\"commentCount\":0,\"publisher\":{\"@id\":\"https:\\\/\\\/www.webdo.tn\\\/fr\\\/#organization\"},\"image\":{\"@id\":\"https:\\\/\\\/www.webdo.tn\\\/fr\\\/actualite\\\/national\\\/tunisie-les-affrontements-entre-protestataires-et-forces-de-l-ordre-font-plusieurs-blesses-a-mazzouna\\\/221320\\\/#primaryimage\"},\"thumbnailUrl\":\"https:\\\/\\\/www.webdo.tn\\\/fr\\\/wp-content\\\/uploads\\\/2025\\\/04\\\/4d0c805c81e145104da794f9cd3fc836.webp\",\"keywords\":[\"Affrontements\",\"bless\u00e9s\",\"Mazzouna\",\"Tunisie\"],\"articleSection\":[\"National\"],\"inLanguage\":\"fr-FR\"},{\"@type\":\"WebPage\",\"@id\":\"https:\\\/\\\/www.webdo.tn\\\/fr\\\/actualite\\\/national\\\/tunisie-les-affrontements-entre-protestataires-et-forces-de-l-ordre-font-plusieurs-blesses-a-mazzouna\\\/221320\\\/\",\"url\":\"https:\\\/\\\/www.webdo.tn\\\/fr\\\/actualite\\\/national\\\/tunisie-les-affrontements-entre-protestataires-et-forces-de-l-ordre-font-plusieurs-blesses-a-mazzouna\\\/221320\\\/\",\"name\":\"Tunisie : Des bless\u00e9s \u00e0 Mazzouna lors des affrontements entre protestataires et forces de l\u2019ordre\",\"isPartOf\":{\"@id\":\"https:\\\/\\\/www.webdo.tn\\\/fr\\\/#website\"},\"primaryImageOfPage\":{\"@id\":\"https:\\\/\\\/www.webdo.tn\\\/fr\\\/actualite\\\/national\\\/tunisie-les-affrontements-entre-protestataires-et-forces-de-l-ordre-font-plusieurs-blesses-a-mazzouna\\\/221320\\\/#primaryimage\"},\"image\":{\"@id\":\"https:\\\/\\\/www.webdo.tn\\\/fr\\\/actualite\\\/national\\\/tunisie-les-affrontements-entre-protestataires-et-forces-de-l-ordre-font-plusieurs-blesses-a-mazzouna\\\/221320\\\/#primaryimage\"},\"thumbnailUrl\":\"https:\\\/\\\/www.webdo.tn\\\/fr\\\/wp-content\\\/uploads\\\/2025\\\/04\\\/4d0c805c81e145104da794f9cd3fc836.webp\",\"datePublished\":\"2025-04-17T13:02:00+00:00\",\"dateModified\":\"2025-05-20T22:17:41+00:00\",\"description\":\"Des heurts ont \u00e9clat\u00e9 \u00e0 Mazzouna (Sidi Bouzid) apr\u00e8s le d\u00e9c\u00e8s de trois \u00e9l\u00e8ves dans l\u2019effondrement d\u2019un mur scolaire. Les habitants protestent contre la d\u00e9gradat...\",\"breadcrumb\":{\"@id\":\"https:\\\/\\\/www.webdo.tn\\\/fr\\\/actualite\\\/national\\\/tunisie-les-affrontements-entre-protestataires-et-forces-de-l-ordre-font-plusieurs-blesses-a-mazzouna\\\/221320\\\/#breadcrumb\"},\"inLanguage\":\"fr-FR\",\"potentialAction\":[{\"@type\":\"ReadAction\",\"target\":[\"https:\\\/\\\/www.webdo.tn\\\/fr\\\/actualite\\\/national\\\/tunisie-les-affrontements-entre-protestataires-et-forces-de-l-ordre-font-plusieurs-blesses-a-mazzouna\\\/221320\\\/\"]}]},{\"@type\":\"ImageObject\",\"inLanguage\":\"fr-FR\",\"@id\":\"https:\\\/\\\/www.webdo.tn\\\/fr\\\/actualite\\\/national\\\/tunisie-les-affrontements-entre-protestataires-et-forces-de-l-ordre-font-plusieurs-blesses-a-mazzouna\\\/221320\\\/#primaryimage\",\"url\":\"https:\\\/\\\/www.webdo.tn\\\/fr\\\/wp-content\\\/uploads\\\/2025\\\/04\\\/4d0c805c81e145104da794f9cd3fc836.webp\",\"contentUrl\":\"https:\\\/\\\/www.webdo.tn\\\/fr\\\/wp-content\\\/uploads\\\/2025\\\/04\\\/4d0c805c81e145104da794f9cd3fc836.webp\",\"width\":750,\"height\":400,\"caption\":\"Tunisie : Des bless\u00e9s \u00e0 Mazzouna lors des affrontements entre protestataires et forces de l\u2019ordre\"},{\"@type\":\"BreadcrumbList\",\"@id\":\"https:\\\/\\\/www.webdo.tn\\\/fr\\\/actualite\\\/national\\\/tunisie-les-affrontements-entre-protestataires-et-forces-de-l-ordre-font-plusieurs-blesses-a-mazzouna\\\/221320\\\/#breadcrumb\",\"itemListElement\":[{\"@type\":\"ListItem\",\"position\":1,\"name\":\"Accueil\",\"item\":\"https:\\\/\\\/www.webdo.tn\\\/fr\\\/\"},{\"@type\":\"ListItem\",\"position\":2,\"name\":\"Tunisie : Des bless\u00e9s \u00e0 Mazzouna lors des affrontements entre protestataires et forces de l\u2019ordre\"}]},{\"@type\":\"WebSite\",\"@id\":\"https:\\\/\\\/www.webdo.tn\\\/fr\\\/#website\",\"url\":\"https:\\\/\\\/www.webdo.tn\\\/fr\\\/\",\"name\":\"webdo\",\"description\":\"Tunisie - News en Tunisie et \u00e0 l&#039;international sur Webdo.tn\",\"publisher\":{\"@id\":\"https:\\\/\\\/www.webdo.tn\\\/fr\\\/#organization\"},\"potentialAction\":[{\"@type\":\"SearchAction\",\"target\":{\"@type\":\"EntryPoint\",\"urlTemplate\":\"https:\\\/\\\/www.webdo.tn\\\/fr\\\/?s={search_term_string}\"},\"query-input\":{\"@type\":\"PropertyValueSpecification\",\"valueRequired\":true,\"valueName\":\"search_term_string\"}}],\"inLanguage\":\"fr-FR\"},{\"@type\":\"Organization\",\"@id\":\"https:\\\/\\\/www.webdo.tn\\\/fr\\\/#organization\",\"name\":\"Webdo\",\"alternateName\":\"Webdo.tn\",\"url\":\"https:\\\/\\\/www.webdo.tn\\\/fr\\\/\",\"logo\":{\"@type\":\"ImageObject\",\"inLanguage\":\"fr-FR\",\"@id\":\"https:\\\/\\\/www.webdo.tn\\\/fr\\\/#\\\/schema\\\/logo\\\/image\\\/\",\"url\":\"https:\\\/\\\/www.webdo.tn\\\/fr\\\/wp-content\\\/uploads\\\/2025\\\/06\\\/Webdo-Tunisie_168377.jpg\",\"contentUrl\":\"https:\\\/\\\/www.webdo.tn\\\/fr\\\/wp-content\\\/uploads\\\/2025\\\/06\\\/Webdo-Tunisie_168377.jpg\",\"width\":301,\"height\":301,\"caption\":\"Webdo\"},\"image\":{\"@id\":\"https:\\\/\\\/www.webdo.tn\\\/fr\\\/#\\\/schema\\\/logo\\\/image\\\/\"},\"sameAs\":[\"https:\\\/\\\/www.facebook.com\\\/webdotn\",\"https:\\\/\\\/x.com\\\/webdo_tn\"],\"description\":\"Webdo est un m\u00e9dia num\u00e9rique tunisien fond\u00e9 en 2010, sp\u00e9cialis\u00e9 dans l\u2019actualit\u00e9 nationale et internationale, l\u2019\u00e9conomie, la soci\u00e9t\u00e9 et les analyses politiques. Le site s\u2019adresse \u00e0 un large public francophone et couvre l\u2019information tunisienne en temps r\u00e9el.\",\"email\":\"redac@webdo.tn\",\"legalName\":\"YNJ SARL\",\"foundingDate\":\"2010-09-06\",\"numberOfEmployees\":{\"@type\":\"QuantitativeValue\",\"minValue\":\"11\",\"maxValue\":\"50\"}},{\"@type\":\"Person\",\"@id\":\"https:\\\/\\\/www.webdo.tn\\\/fr\\\/#\\\/schema\\\/person\\\/2c4929cbf5a809e3bd38617c6ce150f6\",\"name\":\"MC\",\"image\":{\"@type\":\"ImageObject\",\"inLanguage\":\"fr-FR\",\"@id\":\"https:\\\/\\\/secure.gravatar.com\\\/avatar\\\/a545bbb6f84efdd5553dbbc2895e3ca8f1d12c5215e00a041c9670b54aa9b18a?s=96&d=mm&r=g\",\"url\":\"https:\\\/\\\/secure.gravatar.com\\\/avatar\\\/a545bbb6f84efdd5553dbbc2895e3ca8f1d12c5215e00a041c9670b54aa9b18a?s=96&d=mm&r=g\",\"contentUrl\":\"https:\\\/\\\/secure.gravatar.com\\\/avatar\\\/a545bbb6f84efdd5553dbbc2895e3ca8f1d12c5215e00a041c9670b54aa9b18a?s=96&d=mm&r=g\",\"caption\":\"MC\"},\"url\":\"https:\\\/\\\/www.webdo.tn\\\/fr\\\/actualite\\\/author\\\/mc\\\/\"}]}<\/script>\n<!-- \/ Yoast SEO Premium plugin. -->","yoast_head_json":{"title":"Tunisie : Des bless\u00e9s \u00e0 Mazzouna lors des affrontements entre protestataires et forces de l\u2019ordre","description":"Des heurts ont \u00e9clat\u00e9 \u00e0 Mazzouna (Sidi Bouzid) apr\u00e8s le d\u00e9c\u00e8s de trois \u00e9l\u00e8ves dans l\u2019effondrement d\u2019un mur scolaire. Les habitants protestent contre la d\u00e9gradat...","canonical":"https:\/\/www.webdo.tn\/fr\/actualite\/national\/tunisie-les-affrontements-entre-protestataires-et-forces-de-l-ordre-font-plusieurs-blesses-a-mazzouna\/221320\/","og_locale":"fr_FR","og_type":"article","og_title":"Tunisie : Des bless\u00e9s \u00e0 Mazzouna lors des affrontements entre protestataires et forces de l\u2019ordre","og_description":"Des heurts ont \u00e9clat\u00e9 \u00e0 Mazzouna (Sidi Bouzid) apr\u00e8s le d\u00e9c\u00e8s de trois \u00e9l\u00e8ves dans l\u2019effondrement d\u2019un mur scolaire. Les habitants protestent contre la d\u00e9gradat...","og_url":"https:\/\/www.webdo.tn\/fr\/actualite\/national\/tunisie-les-affrontements-entre-protestataires-et-forces-de-l-ordre-font-plusieurs-blesses-a-mazzouna\/221320\/","og_site_name":"webdo","article_publisher":"https:\/\/www.facebook.com\/webdotn","article_published_time":"2025-04-17T13:02:00+00:00","article_modified_time":"2025-05-20T22:17:41+00:00","og_image":[{"width":750,"height":400,"url":"https:\/\/www.webdo.tn\/fr\/wp-content\/uploads\/2025\/04\/4d0c805c81e145104da794f9cd3fc836.webp","type":"image\/webp"}],"author":"MC","twitter_card":"summary_large_image","twitter_creator":"@webdo_tn","twitter_site":"@webdo_tn","twitter_misc":{"\u00c9crit par":"MC","Dur\u00e9e de lecture estim\u00e9e":"1 minute"},"schema":{"@context":"https:\/\/schema.org","@graph":[{"@type":"NewsArticle","@id":"https:\/\/www.webdo.tn\/fr\/actualite\/national\/tunisie-les-affrontements-entre-protestataires-et-forces-de-l-ordre-font-plusieurs-blesses-a-mazzouna\/221320\/#article","isPartOf":{"@id":"https:\/\/www.webdo.tn\/fr\/actualite\/national\/tunisie-les-affrontements-entre-protestataires-et-forces-de-l-ordre-font-plusieurs-blesses-a-mazzouna\/221320\/"},"author":{"name":"MC","@id":"https:\/\/www.webdo.tn\/fr\/#\/schema\/person\/2c4929cbf5a809e3bd38617c6ce150f6"},"headline":"Tunisie : Des bless\u00e9s \u00e0 Mazzouna lors des affrontements entre protestataires et forces de l\u2019ordre","datePublished":"2025-04-17T13:02:00+00:00","dateModified":"2025-05-20T22:17:41+00:00","mainEntityOfPage":{"@id":"https:\/\/www.webdo.tn\/fr\/actualite\/national\/tunisie-les-affrontements-entre-protestataires-et-forces-de-l-ordre-font-plusieurs-blesses-a-mazzouna\/221320\/"},"wordCount":257,"commentCount":0,"publisher":{"@id":"https:\/\/www.webdo.tn\/fr\/#organization"},"image":{"@id":"https:\/\/www.webdo.tn\/fr\/actualite\/national\/tunisie-les-affrontements-entre-protestataires-et-forces-de-l-ordre-font-plusieurs-blesses-a-mazzouna\/221320\/#primaryimage"},"thumbnailUrl":"https:\/\/www.webdo.tn\/fr\/wp-content\/uploads\/2025\/04\/4d0c805c81e145104da794f9cd3fc836.webp","keywords":["Affrontements","bless\u00e9s","Mazzouna","Tunisie"],"articleSection":["National"],"inLanguage":"fr-FR"},{"@type":"WebPage","@id":"https:\/\/www.webdo.tn\/fr\/actualite\/national\/tunisie-les-affrontements-entre-protestataires-et-forces-de-l-ordre-font-plusieurs-blesses-a-mazzouna\/221320\/","url":"https:\/\/www.webdo.tn\/fr\/actualite\/national\/tunisie-les-affrontements-entre-protestataires-et-forces-de-l-ordre-font-plusieurs-blesses-a-mazzouna\/221320\/","name":"Tunisie : Des bless\u00e9s \u00e0 Mazzouna lors des affrontements entre protestataires et forces de l\u2019ordre","isPartOf":{"@id":"https:\/\/www.webdo.tn\/fr\/#website"},"primaryImageOfPage":{"@id":"https:\/\/www.webdo.tn\/fr\/actualite\/national\/tunisie-les-affrontements-entre-protestataires-et-forces-de-l-ordre-font-plusieurs-blesses-a-mazzouna\/221320\/#primaryimage"},"image":{"@id":"https:\/\/www.webdo.tn\/fr\/actualite\/national\/tunisie-les-affrontements-entre-protestataires-et-forces-de-l-ordre-font-plusieurs-blesses-a-mazzouna\/221320\/#primaryimage"},"thumbnailUrl":"https:\/\/www.webdo.tn\/fr\/wp-content\/uploads\/2025\/04\/4d0c805c81e145104da794f9cd3fc836.webp","datePublished":"2025-04-17T13:02:00+00:00","dateModified":"2025-05-20T22:17:41+00:00","description":"Des heurts ont \u00e9clat\u00e9 \u00e0 Mazzouna (Sidi Bouzid) apr\u00e8s le d\u00e9c\u00e8s de trois \u00e9l\u00e8ves dans l\u2019effondrement d\u2019un mur scolaire. Les habitants protestent contre la d\u00e9gradat...","breadcrumb":{"@id":"https:\/\/www.webdo.tn\/fr\/actualite\/national\/tunisie-les-affrontements-entre-protestataires-et-forces-de-l-ordre-font-plusieurs-blesses-a-mazzouna\/221320\/#breadcrumb"},"inLanguage":"fr-FR","potentialAction":[{"@type":"ReadAction","target":["https:\/\/www.webdo.tn\/fr\/actualite\/national\/tunisie-les-affrontements-entre-protestataires-et-forces-de-l-ordre-font-plusieurs-blesses-a-mazzouna\/221320\/"]}]},{"@type":"ImageObject","inLanguage":"fr-FR","@id":"https:\/\/www.webdo.tn\/fr\/actualite\/national\/tunisie-les-affrontements-entre-protestataires-et-forces-de-l-ordre-font-plusieurs-blesses-a-mazzouna\/221320\/#primaryimage","url":"https:\/\/www.webdo.tn\/fr\/wp-content\/uploads\/2025\/04\/4d0c805c81e145104da794f9cd3fc836.webp","contentUrl":"https:\/\/www.webdo.tn\/fr\/wp-content\/uploads\/2025\/04\/4d0c805c81e145104da794f9cd3fc836.webp","width":750,"height":400,"caption":"Tunisie : Des bless\u00e9s \u00e0 Mazzouna lors des affrontements entre protestataires et forces de l\u2019ordre"},{"@type":"BreadcrumbList","@id":"https:\/\/www.webdo.tn\/fr\/actualite\/national\/tunisie-les-affrontements-entre-protestataires-et-forces-de-l-ordre-font-plusieurs-blesses-a-mazzouna\/221320\/#breadcrumb","itemListElement":[{"@type":"ListItem","position":1,"name":"Accueil","item":"https:\/\/www.webdo.tn\/fr\/"},{"@type":"ListItem","position":2,"name":"Tunisie : Des bless\u00e9s \u00e0 Mazzouna lors des affrontements entre protestataires et forces de l\u2019ordre"}]},{"@type":"WebSite","@id":"https:\/\/www.webdo.tn\/fr\/#website","url":"https:\/\/www.webdo.tn\/fr\/","name":"webdo","description":"Tunisie - News en Tunisie et \u00e0 l&#039;international sur Webdo.tn","publisher":{"@id":"https:\/\/www.webdo.tn\/fr\/#organization"},"potentialAction":[{"@type":"SearchAction","target":{"@type":"EntryPoint","urlTemplate":"https:\/\/www.webdo.tn\/fr\/?s={search_term_string}"},"query-input":{"@type":"PropertyValueSpecification","valueRequired":true,"valueName":"search_term_string"}}],"inLanguage":"fr-FR"},{"@type":"Organization","@id":"https:\/\/www.webdo.tn\/fr\/#organization","name":"Webdo","alternateName":"Webdo.tn","url":"https:\/\/www.webdo.tn\/fr\/","logo":{"@type":"ImageObject","inLanguage":"fr-FR","@id":"https:\/\/www.webdo.tn\/fr\/#\/schema\/logo\/image\/","url":"https:\/\/www.webdo.tn\/fr\/wp-content\/uploads\/2025\/06\/Webdo-Tunisie_168377.jpg","contentUrl":"https:\/\/www.webdo.tn\/fr\/wp-content\/uploads\/2025\/06\/Webdo-Tunisie_168377.jpg","width":301,"height":301,"caption":"Webdo"},"image":{"@id":"https:\/\/www.webdo.tn\/fr\/#\/schema\/logo\/image\/"},"sameAs":["https:\/\/www.facebook.com\/webdotn","https:\/\/x.com\/webdo_tn"],"description":"Webdo est un m\u00e9dia num\u00e9rique tunisien fond\u00e9 en 2010, sp\u00e9cialis\u00e9 dans l\u2019actualit\u00e9 nationale et internationale, l\u2019\u00e9conomie, la soci\u00e9t\u00e9 et les analyses politiques. Le site s\u2019adresse \u00e0 un large public francophone et couvre l\u2019information tunisienne en temps r\u00e9el.","email":"redac@webdo.tn","legalName":"YNJ SARL","foundingDate":"2010-09-06","numberOfEmployees":{"@type":"QuantitativeValue","minValue":"11","maxValue":"50"}},{"@type":"Person","@id":"https:\/\/www.webdo.tn\/fr\/#\/schema\/person\/2c4929cbf5a809e3bd38617c6ce150f6","name":"MC","image":{"@type":"ImageObject","inLanguage":"fr-FR","@id":"https:\/\/secure.gravatar.com\/avatar\/a545bbb6f84efdd5553dbbc2895e3ca8f1d12c5215e00a041c9670b54aa9b18a?s=96&d=mm&r=g","url":"https:\/\/secure.gravatar.com\/avatar\/a545bbb6f84efdd5553dbbc2895e3ca8f1d12c5215e00a041c9670b54aa9b18a?s=96&d=mm&r=g","contentUrl":"https:\/\/secure.gravatar.com\/avatar\/a545bbb6f84efdd5553dbbc2895e3ca8f1d12c5215e00a041c9670b54aa9b18a?s=96&d=mm&r=g","caption":"MC"},"url":"https:\/\/www.webdo.tn\/fr\/actualite\/author\/mc\/"}]}},"_links":{"self":[{"href":"https:\/\/www.webdo.tn\/fr\/wp-json\/wp\/v2\/posts\/221320","targetHints":{"allow":["GET"]}}],"collection":[{"href":"https:\/\/www.webdo.tn\/fr\/wp-json\/wp\/v2\/posts"}],"about":[{"href":"https:\/\/www.webdo.tn\/fr\/wp-json\/wp\/v2\/types\/post"}],"author":[{"embeddable":true,"href":"https:\/\/www.webdo.tn\/fr\/wp-json\/wp\/v2\/users\/3162"}],"replies":[{"embeddable":true,"href":"https:\/\/www.webdo.tn\/fr\/wp-json\/wp\/v2\/comments?post=221320"}],"version-history":[{"count":0,"href":"https:\/\/www.webdo.tn\/fr\/wp-json\/wp\/v2\/posts\/221320\/revisions"}],"wp:featuredmedia":[{"embeddable":true,"href":"https:\/\/www.webdo.tn\/fr\/wp-json\/wp\/v2\/media\/292240"}],"wp:attachment":[{"href":"https:\/\/www.webdo.tn\/fr\/wp-json\/wp\/v2\/media?parent=221320"}],"wp:term":[{"taxonomy":"category","embeddable":true,"href":"https:\/\/www.webdo.tn\/fr\/wp-json\/wp\/v2\/categories?post=221320"},{"taxonomy":"post_tag","embeddable":true,"href":"https:\/\/www.webdo.tn\/fr\/wp-json\/wp\/v2\/tags?post=221320"}],"curies":[{"name":"wp","href":"https:\/\/api.w.org\/{rel}","templated":true}]}}