{"id":221312,"date":"2025-04-17T09:13:00","date_gmt":"2025-04-17T09:13:00","guid":{"rendered":"https:\/\/www.webdo.tn\/fr\/blog\/2025\/04\/17\/tunisie-mobilisation-des-financements-pour-les-ecoles-et-centres-culturels\/"},"modified":"2025-05-20T21:40:57","modified_gmt":"2025-05-20T21:40:57","slug":"tunisie-mobilisation-des-financements-pour-les-ecoles-et-centres-culturels","status":"publish","type":"post","link":"https:\/\/www.webdo.tn\/fr\/actualite\/national\/tunisie-mobilisation-des-financements-pour-les-ecoles-et-centres-culturels\/221312\/","title":{"rendered":"Tunisie : Mobilisation des financements pour les \u00e9coles et centres culturels"},"content":{"rendered":"<p>Le pr\u00e9sident de la R\u00e9publique, Kais Saied, a re\u00e7u, dans l&rsquo;apr\u00e8s-midi du mercredi 16 avril 2025, au palais de Carthage, Sarra Za\u00e2frani Zenzri, cheffe du gouvernement, ainsi que  Mechkat Salama Khaldi, ministre des Finances.<\/p>\n<p>\t\t\t\t\t\t\t\t\tCette r\u00e9union de haut niveau a \u00e9t\u00e9 consacr\u00e9e \u00e0 l\u2019examen du fonctionnement de plusieurs institutions financi\u00e8res nationales, dans un contexte \u00e9conomique et social exigeant. Le chef de l&rsquo;\u00c9tat a soulign\u00e9 l&rsquo;importance de renforcer la transparence et l&rsquo;efficacit\u00e9 de ces institutions, tout en assurant leur pleine conformit\u00e9 avec les objectifs de redressement \u00e9conomique du pays.<\/p>\n<p>Par ailleurs, le pr\u00e9sident a mis l&rsquo;accent sur la n\u00e9cessit\u00e9 urgente de r\u00e9habiliter un certain nombre d&rsquo;\u00e9tablissements \u00e9ducatifs et culturels, appelant \u00e0 une mobilisation des ressources pour assurer leur entretien et leur bon fonctionnement. Ces infrastructures sont, selon lui, des piliers essentiels pour la consolidation du tissu social et le d\u00e9veloppement durable.<\/p>\n<p>Dans le m\u00eame esprit, Kais Saied a donn\u00e9 ses instructions pour allouer les financements n\u00e9cessaires \u00e0 la remise en marche de plusieurs institutions \u00e9conomiques visit\u00e9es lors de sa tourn\u00e9e du 17 d\u00e9cembre 2024. Cette initiative s\u2019inscrit dans le cadre d\u2019un plan global de relance visant \u00e0 soutenir les r\u00e9gions marginalis\u00e9es et \u00e0 redonner un second souffle \u00e0 l\u2019\u00e9conomie locale.<\/p>\n","protected":false},"excerpt":{"rendered":"<p>Lors d&rsquo;une r\u00e9union tenue le 16 avril 2025 au palais de Carthage, le pr\u00e9sident Kais Saied a ordonn\u00e9 la mobilisation de ressources pour la r\u00e9novation des \u00e9tabliss&#8230;<\/p>\n","protected":false},"author":3162,"featured_media":241102,"comment_status":"open","ping_status":"open","sticky":false,"template":"","format":"standard","meta":{"footnotes":""},"categories":[44],"tags":[3153,3151,3152,3150,2608],"class_list":["post-221312","post","type-post","status-publish","format-standard","has-post-thumbnail","hentry","category-national","tag-centres-culturels","tag-etablissements-educatifs","tag-financements","tag-renovation","tag-tunisie"],"yoast_head":"<!-- This site is optimized with the Yoast SEO Premium plugin v27.4 (Yoast SEO v27.5) - https:\/\/yoast.com\/product\/yoast-seo-premium-wordpress\/ -->\n<title>Tunisie : Mobilisation des financements pour les \u00e9coles et centres culturels<\/title>\n<meta name=\"description\" content=\"Lors d&#039;une r\u00e9union tenue le 16 avril 2025 au palais de Carthage, le pr\u00e9sident Kais Saied a ordonn\u00e9 la mobilisation de ressources pour la r\u00e9novation des \u00e9tabliss...\" \/>\n<link rel=\"canonical\" href=\"https:\/\/www.webdo.tn\/fr\/actualite\/national\/tunisie-mobilisation-des-financements-pour-les-ecoles-et-centres-culturels\/221312\/\" \/>\n<meta property=\"og:locale\" content=\"fr_FR\" \/>\n<meta property=\"og:type\" content=\"article\" \/>\n<meta property=\"og:title\" content=\"Tunisie : Mobilisation des financements pour les \u00e9coles et centres culturels\" \/>\n<meta property=\"og:description\" content=\"Lors d&#039;une r\u00e9union tenue le 16 avril 2025 au palais de Carthage, le pr\u00e9sident Kais Saied a ordonn\u00e9 la mobilisation de ressources pour la r\u00e9novation des \u00e9tabliss...\" \/>\n<meta property=\"og:url\" content=\"https:\/\/www.webdo.tn\/fr\/actualite\/national\/tunisie-mobilisation-des-financements-pour-les-ecoles-et-centres-culturels\/221312\/\" \/>\n<meta property=\"og:site_name\" content=\"webdo\" \/>\n<meta property=\"article:publisher\" content=\"https:\/\/www.facebook.com\/webdotn\" \/>\n<meta property=\"article:published_time\" content=\"2025-04-17T09:13:00+00:00\" \/>\n<meta property=\"article:modified_time\" content=\"2025-05-20T21:40:57+00:00\" \/>\n<meta property=\"og:image\" content=\"https:\/\/www.webdo.tn\/fr\/wp-content\/uploads\/2025\/05\/a0cf10467f783425063c04b23f1ac320-3.webp\" \/>\n\t<meta property=\"og:image:width\" content=\"750\" \/>\n\t<meta property=\"og:image:height\" content=\"400\" \/>\n\t<meta property=\"og:image:type\" content=\"image\/webp\" \/>\n<meta name=\"author\" content=\"MC\" \/>\n<meta name=\"twitter:card\" content=\"summary_large_image\" \/>\n<meta name=\"twitter:creator\" content=\"@webdo_tn\" \/>\n<meta name=\"twitter:site\" content=\"@webdo_tn\" \/>\n<meta name=\"twitter:label1\" content=\"\u00c9crit par\" \/>\n\t<meta name=\"twitter:data1\" content=\"MC\" \/>\n\t<meta name=\"twitter:label2\" content=\"Dur\u00e9e de lecture estim\u00e9e\" \/>\n\t<meta name=\"twitter:data2\" content=\"1 minute\" \/>\n<script type=\"application\/ld+json\" class=\"yoast-schema-graph\">{\"@context\":\"https:\\\/\\\/schema.org\",\"@graph\":[{\"@type\":\"NewsArticle\",\"@id\":\"https:\\\/\\\/www.webdo.tn\\\/fr\\\/actualite\\\/national\\\/tunisie-mobilisation-des-financements-pour-les-ecoles-et-centres-culturels\\\/221312\\\/#article\",\"isPartOf\":{\"@id\":\"https:\\\/\\\/www.webdo.tn\\\/fr\\\/actualite\\\/national\\\/tunisie-mobilisation-des-financements-pour-les-ecoles-et-centres-culturels\\\/221312\\\/\"},\"author\":{\"name\":\"MC\",\"@id\":\"https:\\\/\\\/www.webdo.tn\\\/fr\\\/#\\\/schema\\\/person\\\/2c4929cbf5a809e3bd38617c6ce150f6\"},\"headline\":\"Tunisie : Mobilisation des financements pour les \u00e9coles et centres culturels\",\"datePublished\":\"2025-04-17T09:13:00+00:00\",\"dateModified\":\"2025-05-20T21:40:57+00:00\",\"mainEntityOfPage\":{\"@id\":\"https:\\\/\\\/www.webdo.tn\\\/fr\\\/actualite\\\/national\\\/tunisie-mobilisation-des-financements-pour-les-ecoles-et-centres-culturels\\\/221312\\\/\"},\"wordCount\":228,\"commentCount\":0,\"publisher\":{\"@id\":\"https:\\\/\\\/www.webdo.tn\\\/fr\\\/#organization\"},\"image\":{\"@id\":\"https:\\\/\\\/www.webdo.tn\\\/fr\\\/actualite\\\/national\\\/tunisie-mobilisation-des-financements-pour-les-ecoles-et-centres-culturels\\\/221312\\\/#primaryimage\"},\"thumbnailUrl\":\"https:\\\/\\\/www.webdo.tn\\\/fr\\\/wp-content\\\/uploads\\\/2025\\\/05\\\/a0cf10467f783425063c04b23f1ac320-3.webp\",\"keywords\":[\"centres culturels\",\"Etablissements \u00e9ducatifs\",\"financements\",\"r\u00e9novation\",\"Tunisie\"],\"articleSection\":[\"National\"],\"inLanguage\":\"fr-FR\"},{\"@type\":\"WebPage\",\"@id\":\"https:\\\/\\\/www.webdo.tn\\\/fr\\\/actualite\\\/national\\\/tunisie-mobilisation-des-financements-pour-les-ecoles-et-centres-culturels\\\/221312\\\/\",\"url\":\"https:\\\/\\\/www.webdo.tn\\\/fr\\\/actualite\\\/national\\\/tunisie-mobilisation-des-financements-pour-les-ecoles-et-centres-culturels\\\/221312\\\/\",\"name\":\"Tunisie : Mobilisation des financements pour les \u00e9coles et centres culturels\",\"isPartOf\":{\"@id\":\"https:\\\/\\\/www.webdo.tn\\\/fr\\\/#website\"},\"primaryImageOfPage\":{\"@id\":\"https:\\\/\\\/www.webdo.tn\\\/fr\\\/actualite\\\/national\\\/tunisie-mobilisation-des-financements-pour-les-ecoles-et-centres-culturels\\\/221312\\\/#primaryimage\"},\"image\":{\"@id\":\"https:\\\/\\\/www.webdo.tn\\\/fr\\\/actualite\\\/national\\\/tunisie-mobilisation-des-financements-pour-les-ecoles-et-centres-culturels\\\/221312\\\/#primaryimage\"},\"thumbnailUrl\":\"https:\\\/\\\/www.webdo.tn\\\/fr\\\/wp-content\\\/uploads\\\/2025\\\/05\\\/a0cf10467f783425063c04b23f1ac320-3.webp\",\"datePublished\":\"2025-04-17T09:13:00+00:00\",\"dateModified\":\"2025-05-20T21:40:57+00:00\",\"description\":\"Lors d'une r\u00e9union tenue le 16 avril 2025 au palais de Carthage, le pr\u00e9sident Kais Saied a ordonn\u00e9 la mobilisation de ressources pour la r\u00e9novation des \u00e9tabliss...\",\"breadcrumb\":{\"@id\":\"https:\\\/\\\/www.webdo.tn\\\/fr\\\/actualite\\\/national\\\/tunisie-mobilisation-des-financements-pour-les-ecoles-et-centres-culturels\\\/221312\\\/#breadcrumb\"},\"inLanguage\":\"fr-FR\",\"potentialAction\":[{\"@type\":\"ReadAction\",\"target\":[\"https:\\\/\\\/www.webdo.tn\\\/fr\\\/actualite\\\/national\\\/tunisie-mobilisation-des-financements-pour-les-ecoles-et-centres-culturels\\\/221312\\\/\"]}]},{\"@type\":\"ImageObject\",\"inLanguage\":\"fr-FR\",\"@id\":\"https:\\\/\\\/www.webdo.tn\\\/fr\\\/actualite\\\/national\\\/tunisie-mobilisation-des-financements-pour-les-ecoles-et-centres-culturels\\\/221312\\\/#primaryimage\",\"url\":\"https:\\\/\\\/www.webdo.tn\\\/fr\\\/wp-content\\\/uploads\\\/2025\\\/05\\\/a0cf10467f783425063c04b23f1ac320-3.webp\",\"contentUrl\":\"https:\\\/\\\/www.webdo.tn\\\/fr\\\/wp-content\\\/uploads\\\/2025\\\/05\\\/a0cf10467f783425063c04b23f1ac320-3.webp\",\"width\":750,\"height\":400},{\"@type\":\"BreadcrumbList\",\"@id\":\"https:\\\/\\\/www.webdo.tn\\\/fr\\\/actualite\\\/national\\\/tunisie-mobilisation-des-financements-pour-les-ecoles-et-centres-culturels\\\/221312\\\/#breadcrumb\",\"itemListElement\":[{\"@type\":\"ListItem\",\"position\":1,\"name\":\"Accueil\",\"item\":\"https:\\\/\\\/www.webdo.tn\\\/fr\\\/\"},{\"@type\":\"ListItem\",\"position\":2,\"name\":\"Tunisie : Mobilisation des financements pour les \u00e9coles et centres culturels\"}]},{\"@type\":\"WebSite\",\"@id\":\"https:\\\/\\\/www.webdo.tn\\\/fr\\\/#website\",\"url\":\"https:\\\/\\\/www.webdo.tn\\\/fr\\\/\",\"name\":\"webdo\",\"description\":\"Tunisie - News en Tunisie et \u00e0 l&#039;international sur Webdo.tn\",\"publisher\":{\"@id\":\"https:\\\/\\\/www.webdo.tn\\\/fr\\\/#organization\"},\"potentialAction\":[{\"@type\":\"SearchAction\",\"target\":{\"@type\":\"EntryPoint\",\"urlTemplate\":\"https:\\\/\\\/www.webdo.tn\\\/fr\\\/?s={search_term_string}\"},\"query-input\":{\"@type\":\"PropertyValueSpecification\",\"valueRequired\":true,\"valueName\":\"search_term_string\"}}],\"inLanguage\":\"fr-FR\"},{\"@type\":\"Organization\",\"@id\":\"https:\\\/\\\/www.webdo.tn\\\/fr\\\/#organization\",\"name\":\"Webdo\",\"alternateName\":\"Webdo.tn\",\"url\":\"https:\\\/\\\/www.webdo.tn\\\/fr\\\/\",\"logo\":{\"@type\":\"ImageObject\",\"inLanguage\":\"fr-FR\",\"@id\":\"https:\\\/\\\/www.webdo.tn\\\/fr\\\/#\\\/schema\\\/logo\\\/image\\\/\",\"url\":\"https:\\\/\\\/www.webdo.tn\\\/fr\\\/wp-content\\\/uploads\\\/2025\\\/06\\\/Webdo-Tunisie_168377.jpg\",\"contentUrl\":\"https:\\\/\\\/www.webdo.tn\\\/fr\\\/wp-content\\\/uploads\\\/2025\\\/06\\\/Webdo-Tunisie_168377.jpg\",\"width\":301,\"height\":301,\"caption\":\"Webdo\"},\"image\":{\"@id\":\"https:\\\/\\\/www.webdo.tn\\\/fr\\\/#\\\/schema\\\/logo\\\/image\\\/\"},\"sameAs\":[\"https:\\\/\\\/www.facebook.com\\\/webdotn\",\"https:\\\/\\\/x.com\\\/webdo_tn\"],\"description\":\"Webdo est un m\u00e9dia num\u00e9rique tunisien fond\u00e9 en 2010, sp\u00e9cialis\u00e9 dans l\u2019actualit\u00e9 nationale et internationale, l\u2019\u00e9conomie, la soci\u00e9t\u00e9 et les analyses politiques. Le site s\u2019adresse \u00e0 un large public francophone et couvre l\u2019information tunisienne en temps r\u00e9el.\",\"email\":\"redac@webdo.tn\",\"legalName\":\"YNJ SARL\",\"foundingDate\":\"2010-09-06\",\"numberOfEmployees\":{\"@type\":\"QuantitativeValue\",\"minValue\":\"11\",\"maxValue\":\"50\"}},{\"@type\":\"Person\",\"@id\":\"https:\\\/\\\/www.webdo.tn\\\/fr\\\/#\\\/schema\\\/person\\\/2c4929cbf5a809e3bd38617c6ce150f6\",\"name\":\"MC\",\"image\":{\"@type\":\"ImageObject\",\"inLanguage\":\"fr-FR\",\"@id\":\"https:\\\/\\\/secure.gravatar.com\\\/avatar\\\/a545bbb6f84efdd5553dbbc2895e3ca8f1d12c5215e00a041c9670b54aa9b18a?s=96&d=mm&r=g\",\"url\":\"https:\\\/\\\/secure.gravatar.com\\\/avatar\\\/a545bbb6f84efdd5553dbbc2895e3ca8f1d12c5215e00a041c9670b54aa9b18a?s=96&d=mm&r=g\",\"contentUrl\":\"https:\\\/\\\/secure.gravatar.com\\\/avatar\\\/a545bbb6f84efdd5553dbbc2895e3ca8f1d12c5215e00a041c9670b54aa9b18a?s=96&d=mm&r=g\",\"caption\":\"MC\"},\"url\":\"https:\\\/\\\/www.webdo.tn\\\/fr\\\/actualite\\\/author\\\/mc\\\/\"}]}<\/script>\n<!-- \/ Yoast SEO Premium plugin. -->","yoast_head_json":{"title":"Tunisie : Mobilisation des financements pour les \u00e9coles et centres culturels","description":"Lors d'une r\u00e9union tenue le 16 avril 2025 au palais de Carthage, le pr\u00e9sident Kais Saied a ordonn\u00e9 la mobilisation de ressources pour la r\u00e9novation des \u00e9tabliss...","canonical":"https:\/\/www.webdo.tn\/fr\/actualite\/national\/tunisie-mobilisation-des-financements-pour-les-ecoles-et-centres-culturels\/221312\/","og_locale":"fr_FR","og_type":"article","og_title":"Tunisie : Mobilisation des financements pour les \u00e9coles et centres culturels","og_description":"Lors d'une r\u00e9union tenue le 16 avril 2025 au palais de Carthage, le pr\u00e9sident Kais Saied a ordonn\u00e9 la mobilisation de ressources pour la r\u00e9novation des \u00e9tabliss...","og_url":"https:\/\/www.webdo.tn\/fr\/actualite\/national\/tunisie-mobilisation-des-financements-pour-les-ecoles-et-centres-culturels\/221312\/","og_site_name":"webdo","article_publisher":"https:\/\/www.facebook.com\/webdotn","article_published_time":"2025-04-17T09:13:00+00:00","article_modified_time":"2025-05-20T21:40:57+00:00","og_image":[{"width":750,"height":400,"url":"https:\/\/www.webdo.tn\/fr\/wp-content\/uploads\/2025\/05\/a0cf10467f783425063c04b23f1ac320-3.webp","type":"image\/webp"}],"author":"MC","twitter_card":"summary_large_image","twitter_creator":"@webdo_tn","twitter_site":"@webdo_tn","twitter_misc":{"\u00c9crit par":"MC","Dur\u00e9e de lecture estim\u00e9e":"1 minute"},"schema":{"@context":"https:\/\/schema.org","@graph":[{"@type":"NewsArticle","@id":"https:\/\/www.webdo.tn\/fr\/actualite\/national\/tunisie-mobilisation-des-financements-pour-les-ecoles-et-centres-culturels\/221312\/#article","isPartOf":{"@id":"https:\/\/www.webdo.tn\/fr\/actualite\/national\/tunisie-mobilisation-des-financements-pour-les-ecoles-et-centres-culturels\/221312\/"},"author":{"name":"MC","@id":"https:\/\/www.webdo.tn\/fr\/#\/schema\/person\/2c4929cbf5a809e3bd38617c6ce150f6"},"headline":"Tunisie : Mobilisation des financements pour les \u00e9coles et centres culturels","datePublished":"2025-04-17T09:13:00+00:00","dateModified":"2025-05-20T21:40:57+00:00","mainEntityOfPage":{"@id":"https:\/\/www.webdo.tn\/fr\/actualite\/national\/tunisie-mobilisation-des-financements-pour-les-ecoles-et-centres-culturels\/221312\/"},"wordCount":228,"commentCount":0,"publisher":{"@id":"https:\/\/www.webdo.tn\/fr\/#organization"},"image":{"@id":"https:\/\/www.webdo.tn\/fr\/actualite\/national\/tunisie-mobilisation-des-financements-pour-les-ecoles-et-centres-culturels\/221312\/#primaryimage"},"thumbnailUrl":"https:\/\/www.webdo.tn\/fr\/wp-content\/uploads\/2025\/05\/a0cf10467f783425063c04b23f1ac320-3.webp","keywords":["centres culturels","Etablissements \u00e9ducatifs","financements","r\u00e9novation","Tunisie"],"articleSection":["National"],"inLanguage":"fr-FR"},{"@type":"WebPage","@id":"https:\/\/www.webdo.tn\/fr\/actualite\/national\/tunisie-mobilisation-des-financements-pour-les-ecoles-et-centres-culturels\/221312\/","url":"https:\/\/www.webdo.tn\/fr\/actualite\/national\/tunisie-mobilisation-des-financements-pour-les-ecoles-et-centres-culturels\/221312\/","name":"Tunisie : Mobilisation des financements pour les \u00e9coles et centres culturels","isPartOf":{"@id":"https:\/\/www.webdo.tn\/fr\/#website"},"primaryImageOfPage":{"@id":"https:\/\/www.webdo.tn\/fr\/actualite\/national\/tunisie-mobilisation-des-financements-pour-les-ecoles-et-centres-culturels\/221312\/#primaryimage"},"image":{"@id":"https:\/\/www.webdo.tn\/fr\/actualite\/national\/tunisie-mobilisation-des-financements-pour-les-ecoles-et-centres-culturels\/221312\/#primaryimage"},"thumbnailUrl":"https:\/\/www.webdo.tn\/fr\/wp-content\/uploads\/2025\/05\/a0cf10467f783425063c04b23f1ac320-3.webp","datePublished":"2025-04-17T09:13:00+00:00","dateModified":"2025-05-20T21:40:57+00:00","description":"Lors d'une r\u00e9union tenue le 16 avril 2025 au palais de Carthage, le pr\u00e9sident Kais Saied a ordonn\u00e9 la mobilisation de ressources pour la r\u00e9novation des \u00e9tabliss...","breadcrumb":{"@id":"https:\/\/www.webdo.tn\/fr\/actualite\/national\/tunisie-mobilisation-des-financements-pour-les-ecoles-et-centres-culturels\/221312\/#breadcrumb"},"inLanguage":"fr-FR","potentialAction":[{"@type":"ReadAction","target":["https:\/\/www.webdo.tn\/fr\/actualite\/national\/tunisie-mobilisation-des-financements-pour-les-ecoles-et-centres-culturels\/221312\/"]}]},{"@type":"ImageObject","inLanguage":"fr-FR","@id":"https:\/\/www.webdo.tn\/fr\/actualite\/national\/tunisie-mobilisation-des-financements-pour-les-ecoles-et-centres-culturels\/221312\/#primaryimage","url":"https:\/\/www.webdo.tn\/fr\/wp-content\/uploads\/2025\/05\/a0cf10467f783425063c04b23f1ac320-3.webp","contentUrl":"https:\/\/www.webdo.tn\/fr\/wp-content\/uploads\/2025\/05\/a0cf10467f783425063c04b23f1ac320-3.webp","width":750,"height":400},{"@type":"BreadcrumbList","@id":"https:\/\/www.webdo.tn\/fr\/actualite\/national\/tunisie-mobilisation-des-financements-pour-les-ecoles-et-centres-culturels\/221312\/#breadcrumb","itemListElement":[{"@type":"ListItem","position":1,"name":"Accueil","item":"https:\/\/www.webdo.tn\/fr\/"},{"@type":"ListItem","position":2,"name":"Tunisie : Mobilisation des financements pour les \u00e9coles et centres culturels"}]},{"@type":"WebSite","@id":"https:\/\/www.webdo.tn\/fr\/#website","url":"https:\/\/www.webdo.tn\/fr\/","name":"webdo","description":"Tunisie - News en Tunisie et \u00e0 l&#039;international sur Webdo.tn","publisher":{"@id":"https:\/\/www.webdo.tn\/fr\/#organization"},"potentialAction":[{"@type":"SearchAction","target":{"@type":"EntryPoint","urlTemplate":"https:\/\/www.webdo.tn\/fr\/?s={search_term_string}"},"query-input":{"@type":"PropertyValueSpecification","valueRequired":true,"valueName":"search_term_string"}}],"inLanguage":"fr-FR"},{"@type":"Organization","@id":"https:\/\/www.webdo.tn\/fr\/#organization","name":"Webdo","alternateName":"Webdo.tn","url":"https:\/\/www.webdo.tn\/fr\/","logo":{"@type":"ImageObject","inLanguage":"fr-FR","@id":"https:\/\/www.webdo.tn\/fr\/#\/schema\/logo\/image\/","url":"https:\/\/www.webdo.tn\/fr\/wp-content\/uploads\/2025\/06\/Webdo-Tunisie_168377.jpg","contentUrl":"https:\/\/www.webdo.tn\/fr\/wp-content\/uploads\/2025\/06\/Webdo-Tunisie_168377.jpg","width":301,"height":301,"caption":"Webdo"},"image":{"@id":"https:\/\/www.webdo.tn\/fr\/#\/schema\/logo\/image\/"},"sameAs":["https:\/\/www.facebook.com\/webdotn","https:\/\/x.com\/webdo_tn"],"description":"Webdo est un m\u00e9dia num\u00e9rique tunisien fond\u00e9 en 2010, sp\u00e9cialis\u00e9 dans l\u2019actualit\u00e9 nationale et internationale, l\u2019\u00e9conomie, la soci\u00e9t\u00e9 et les analyses politiques. Le site s\u2019adresse \u00e0 un large public francophone et couvre l\u2019information tunisienne en temps r\u00e9el.","email":"redac@webdo.tn","legalName":"YNJ SARL","foundingDate":"2010-09-06","numberOfEmployees":{"@type":"QuantitativeValue","minValue":"11","maxValue":"50"}},{"@type":"Person","@id":"https:\/\/www.webdo.tn\/fr\/#\/schema\/person\/2c4929cbf5a809e3bd38617c6ce150f6","name":"MC","image":{"@type":"ImageObject","inLanguage":"fr-FR","@id":"https:\/\/secure.gravatar.com\/avatar\/a545bbb6f84efdd5553dbbc2895e3ca8f1d12c5215e00a041c9670b54aa9b18a?s=96&d=mm&r=g","url":"https:\/\/secure.gravatar.com\/avatar\/a545bbb6f84efdd5553dbbc2895e3ca8f1d12c5215e00a041c9670b54aa9b18a?s=96&d=mm&r=g","contentUrl":"https:\/\/secure.gravatar.com\/avatar\/a545bbb6f84efdd5553dbbc2895e3ca8f1d12c5215e00a041c9670b54aa9b18a?s=96&d=mm&r=g","caption":"MC"},"url":"https:\/\/www.webdo.tn\/fr\/actualite\/author\/mc\/"}]}},"_links":{"self":[{"href":"https:\/\/www.webdo.tn\/fr\/wp-json\/wp\/v2\/posts\/221312","targetHints":{"allow":["GET"]}}],"collection":[{"href":"https:\/\/www.webdo.tn\/fr\/wp-json\/wp\/v2\/posts"}],"about":[{"href":"https:\/\/www.webdo.tn\/fr\/wp-json\/wp\/v2\/types\/post"}],"author":[{"embeddable":true,"href":"https:\/\/www.webdo.tn\/fr\/wp-json\/wp\/v2\/users\/3162"}],"replies":[{"embeddable":true,"href":"https:\/\/www.webdo.tn\/fr\/wp-json\/wp\/v2\/comments?post=221312"}],"version-history":[{"count":0,"href":"https:\/\/www.webdo.tn\/fr\/wp-json\/wp\/v2\/posts\/221312\/revisions"}],"wp:featuredmedia":[{"embeddable":true,"href":"https:\/\/www.webdo.tn\/fr\/wp-json\/wp\/v2\/media\/241102"}],"wp:attachment":[{"href":"https:\/\/www.webdo.tn\/fr\/wp-json\/wp\/v2\/media?parent=221312"}],"wp:term":[{"taxonomy":"category","embeddable":true,"href":"https:\/\/www.webdo.tn\/fr\/wp-json\/wp\/v2\/categories?post=221312"},{"taxonomy":"post_tag","embeddable":true,"href":"https:\/\/www.webdo.tn\/fr\/wp-json\/wp\/v2\/tags?post=221312"}],"curies":[{"name":"wp","href":"https:\/\/api.w.org\/{rel}","templated":true}]}}