{"id":221279,"date":"2025-04-16T12:14:00","date_gmt":"2025-04-16T12:14:00","guid":{"rendered":"https:\/\/www.webdo.tn\/fr\/blog\/2025\/04\/16\/tunisie-un-journaliste-victime-de-violence-verbale-de-la-part-des-forces-de-securite-a-mazzouna\/"},"modified":"2025-05-20T21:40:59","modified_gmt":"2025-05-20T21:40:59","slug":"tunisie-un-journaliste-victime-de-violence-verbale-de-la-part-des-forces-de-securite-a-mazzouna","status":"publish","type":"post","link":"https:\/\/www.webdo.tn\/fr\/actualite\/national\/tunisie-un-journaliste-victime-de-violence-verbale-de-la-part-des-forces-de-securite-a-mazzouna\/221279\/","title":{"rendered":"Tunisie : Un journaliste victime de violence verbale de la part des forces de s\u00e9curit\u00e9 \u00e0 Mazzouna"},"content":{"rendered":"<p>Le Syndicat National des Journalistes Tunisiens a exprim\u00e9 son inqui\u00e9tude suite \u00e0 l\u2019agression verbale subie par un membre de l\u2019\u00e9quipe du site \u00ab\u00a0Babnet Tunisie\u00a0\u00bb dans la ville de Mazzouna, gouvernorat de Sidi Bouzid, lors des r\u00e9centes manifestations populaires.<\/p>\n<p>\t\t\t\t\t\t\t\t\tDans un communiqu\u00e9, le syndicat a condamn\u00e9 fermement cet incident, le qualifiant d\u2019attaque contre la libert\u00e9 de la presse et l\u2019ensemble des journalistes. Il a appel\u00e9 le minist\u00e8re de l&rsquo;Int\u00e9rieur \u00e0 prendre des mesures contre les responsables de cette agression et \u00e0 garantir le respect du travail des journalistes.<\/p>\n<p>Une vid\u00e9o montrant un journaliste victime d\u2019agression verbale de la part d\u2019agents de s\u00e9curit\u00e9 lors de la couverture des affrontements entre les forces de l\u2019ordre et les manifestants \u00e0 Mazzouna, a \u00e9t\u00e9 largement partag\u00e9e sur les r\u00e9seaux sociaux. L&rsquo;incident a eu lieu dans la nuit d&rsquo;hier, alors que le journaliste filmait les tensions croissantes entre les manifestants et la police apr\u00e8s le drame du d\u00e9c\u00e8s tragique de trois \u00e9l\u00e8ves dans l\u2019effondrement d\u2019un mur du lyc\u00e9e.<\/p>\n<p>Le syndicat a insist\u00e9 sur le fait que les journalistes ne doivent pas \u00eatre pris pour cible et doivent pouvoir exercer leur travail en toute s\u00e9curit\u00e9, dans le respect de leur mission d\u2019information, rappelant que filmer les interventions polici\u00e8res pendant les protestations s\u2019inscrit dans le cadre de la surveillance citoyenne de l\u2019action s\u00e9curitaire, essentielle pour garantir le respect des lois et des droits humains.<\/p>\n<p>Soulignant que les journalistes ne sont en aucun cas des parties prenantes dans les \u00e9v\u00e9nements qu\u2019ils couvrent, le syndicat a appel\u00e9 \u00e0 la prudence et publi\u00e9 une s\u00e9rie de recommandations de s\u00e9curit\u00e9 \u00e0 l\u2019intention des journalistes couvrant les mouvements sociaux \u00e0 Mazzouna.<\/p>\n","protected":false},"excerpt":{"rendered":"<p>Un journaliste a \u00e9t\u00e9 victime de violences verbales par des agents de s\u00e9curit\u00e9 \u00e0 Mazzouna. Le Syndicat National des Journalistes Tunisiens d\u00e9nonce une atteinte \u00e0&#8230;<\/p>\n","protected":false},"author":3162,"featured_media":241110,"comment_status":"open","ping_status":"open","sticky":false,"template":"","format":"standard","meta":{"footnotes":""},"categories":[44],"tags":[3159,2758,2938,2643,2762,2759,2608],"class_list":["post-221279","post","type-post","status-publish","format-standard","has-post-thumbnail","hentry","category-national","tag-forces-de-securite","tag-journalistes","tag-mazzouna","tag-police","tag-presse","tag-snjt","tag-tunisie"],"yoast_head":"<!-- This site is optimized with the Yoast SEO Premium plugin v27.4 (Yoast SEO v27.5) - https:\/\/yoast.com\/product\/yoast-seo-premium-wordpress\/ -->\n<title>Tunisie : Un journaliste victime de violence verbale de la part des forces de s\u00e9curit\u00e9 \u00e0 Mazzouna<\/title>\n<meta name=\"description\" content=\"Un journaliste a \u00e9t\u00e9 victime de violences verbales par des agents de s\u00e9curit\u00e9 \u00e0 Mazzouna. Le Syndicat National des Journalistes Tunisiens d\u00e9nonce une atteinte \u00e0...\" \/>\n<link rel=\"canonical\" href=\"https:\/\/www.webdo.tn\/fr\/actualite\/national\/tunisie-un-journaliste-victime-de-violence-verbale-de-la-part-des-forces-de-securite-a-mazzouna\/221279\/\" \/>\n<meta property=\"og:locale\" content=\"fr_FR\" \/>\n<meta property=\"og:type\" content=\"article\" \/>\n<meta property=\"og:title\" content=\"Tunisie : Un journaliste victime de violence verbale de la part des forces de s\u00e9curit\u00e9 \u00e0 Mazzouna\" \/>\n<meta property=\"og:description\" content=\"Un journaliste a \u00e9t\u00e9 victime de violences verbales par des agents de s\u00e9curit\u00e9 \u00e0 Mazzouna. Le Syndicat National des Journalistes Tunisiens d\u00e9nonce une atteinte \u00e0...\" \/>\n<meta property=\"og:url\" content=\"https:\/\/www.webdo.tn\/fr\/actualite\/national\/tunisie-un-journaliste-victime-de-violence-verbale-de-la-part-des-forces-de-securite-a-mazzouna\/221279\/\" \/>\n<meta property=\"og:site_name\" content=\"webdo\" \/>\n<meta property=\"article:publisher\" content=\"https:\/\/www.facebook.com\/webdotn\" \/>\n<meta property=\"article:published_time\" content=\"2025-04-16T12:14:00+00:00\" \/>\n<meta property=\"article:modified_time\" content=\"2025-05-20T21:40:59+00:00\" \/>\n<meta property=\"og:image\" content=\"https:\/\/www.webdo.tn\/fr\/wp-content\/uploads\/2025\/05\/56e199f77efbc89f3ad7a6b2c26d4746-3.webp\" \/>\n\t<meta property=\"og:image:width\" content=\"750\" \/>\n\t<meta property=\"og:image:height\" content=\"400\" \/>\n\t<meta property=\"og:image:type\" content=\"image\/webp\" \/>\n<meta name=\"author\" content=\"MC\" \/>\n<meta name=\"twitter:card\" content=\"summary_large_image\" \/>\n<meta name=\"twitter:creator\" content=\"@webdo_tn\" \/>\n<meta name=\"twitter:site\" content=\"@webdo_tn\" \/>\n<meta name=\"twitter:label1\" content=\"\u00c9crit par\" \/>\n\t<meta name=\"twitter:data1\" content=\"MC\" \/>\n\t<meta name=\"twitter:label2\" content=\"Dur\u00e9e de lecture estim\u00e9e\" \/>\n\t<meta name=\"twitter:data2\" content=\"1 minute\" \/>\n<script type=\"application\/ld+json\" class=\"yoast-schema-graph\">{\"@context\":\"https:\\\/\\\/schema.org\",\"@graph\":[{\"@type\":\"NewsArticle\",\"@id\":\"https:\\\/\\\/www.webdo.tn\\\/fr\\\/actualite\\\/national\\\/tunisie-un-journaliste-victime-de-violence-verbale-de-la-part-des-forces-de-securite-a-mazzouna\\\/221279\\\/#article\",\"isPartOf\":{\"@id\":\"https:\\\/\\\/www.webdo.tn\\\/fr\\\/actualite\\\/national\\\/tunisie-un-journaliste-victime-de-violence-verbale-de-la-part-des-forces-de-securite-a-mazzouna\\\/221279\\\/\"},\"author\":{\"name\":\"MC\",\"@id\":\"https:\\\/\\\/www.webdo.tn\\\/fr\\\/#\\\/schema\\\/person\\\/2c4929cbf5a809e3bd38617c6ce150f6\"},\"headline\":\"Tunisie : Un journaliste victime de violence verbale de la part des forces de s\u00e9curit\u00e9 \u00e0 Mazzouna\",\"datePublished\":\"2025-04-16T12:14:00+00:00\",\"dateModified\":\"2025-05-20T21:40:59+00:00\",\"mainEntityOfPage\":{\"@id\":\"https:\\\/\\\/www.webdo.tn\\\/fr\\\/actualite\\\/national\\\/tunisie-un-journaliste-victime-de-violence-verbale-de-la-part-des-forces-de-securite-a-mazzouna\\\/221279\\\/\"},\"wordCount\":313,\"commentCount\":0,\"publisher\":{\"@id\":\"https:\\\/\\\/www.webdo.tn\\\/fr\\\/#organization\"},\"image\":{\"@id\":\"https:\\\/\\\/www.webdo.tn\\\/fr\\\/actualite\\\/national\\\/tunisie-un-journaliste-victime-de-violence-verbale-de-la-part-des-forces-de-securite-a-mazzouna\\\/221279\\\/#primaryimage\"},\"thumbnailUrl\":\"https:\\\/\\\/www.webdo.tn\\\/fr\\\/wp-content\\\/uploads\\\/2025\\\/05\\\/56e199f77efbc89f3ad7a6b2c26d4746-3.webp\",\"keywords\":[\"forces de s\u00e9curit\u00e9\",\"Journalistes\",\"Mazzouna\",\"police\",\"presse\",\"snjt\",\"Tunisie\"],\"articleSection\":[\"National\"],\"inLanguage\":\"fr-FR\"},{\"@type\":\"WebPage\",\"@id\":\"https:\\\/\\\/www.webdo.tn\\\/fr\\\/actualite\\\/national\\\/tunisie-un-journaliste-victime-de-violence-verbale-de-la-part-des-forces-de-securite-a-mazzouna\\\/221279\\\/\",\"url\":\"https:\\\/\\\/www.webdo.tn\\\/fr\\\/actualite\\\/national\\\/tunisie-un-journaliste-victime-de-violence-verbale-de-la-part-des-forces-de-securite-a-mazzouna\\\/221279\\\/\",\"name\":\"Tunisie : Un journaliste victime de violence verbale de la part des forces de s\u00e9curit\u00e9 \u00e0 Mazzouna\",\"isPartOf\":{\"@id\":\"https:\\\/\\\/www.webdo.tn\\\/fr\\\/#website\"},\"primaryImageOfPage\":{\"@id\":\"https:\\\/\\\/www.webdo.tn\\\/fr\\\/actualite\\\/national\\\/tunisie-un-journaliste-victime-de-violence-verbale-de-la-part-des-forces-de-securite-a-mazzouna\\\/221279\\\/#primaryimage\"},\"image\":{\"@id\":\"https:\\\/\\\/www.webdo.tn\\\/fr\\\/actualite\\\/national\\\/tunisie-un-journaliste-victime-de-violence-verbale-de-la-part-des-forces-de-securite-a-mazzouna\\\/221279\\\/#primaryimage\"},\"thumbnailUrl\":\"https:\\\/\\\/www.webdo.tn\\\/fr\\\/wp-content\\\/uploads\\\/2025\\\/05\\\/56e199f77efbc89f3ad7a6b2c26d4746-3.webp\",\"datePublished\":\"2025-04-16T12:14:00+00:00\",\"dateModified\":\"2025-05-20T21:40:59+00:00\",\"description\":\"Un journaliste a \u00e9t\u00e9 victime de violences verbales par des agents de s\u00e9curit\u00e9 \u00e0 Mazzouna. Le Syndicat National des Journalistes Tunisiens d\u00e9nonce une atteinte \u00e0...\",\"breadcrumb\":{\"@id\":\"https:\\\/\\\/www.webdo.tn\\\/fr\\\/actualite\\\/national\\\/tunisie-un-journaliste-victime-de-violence-verbale-de-la-part-des-forces-de-securite-a-mazzouna\\\/221279\\\/#breadcrumb\"},\"inLanguage\":\"fr-FR\",\"potentialAction\":[{\"@type\":\"ReadAction\",\"target\":[\"https:\\\/\\\/www.webdo.tn\\\/fr\\\/actualite\\\/national\\\/tunisie-un-journaliste-victime-de-violence-verbale-de-la-part-des-forces-de-securite-a-mazzouna\\\/221279\\\/\"]}]},{\"@type\":\"ImageObject\",\"inLanguage\":\"fr-FR\",\"@id\":\"https:\\\/\\\/www.webdo.tn\\\/fr\\\/actualite\\\/national\\\/tunisie-un-journaliste-victime-de-violence-verbale-de-la-part-des-forces-de-securite-a-mazzouna\\\/221279\\\/#primaryimage\",\"url\":\"https:\\\/\\\/www.webdo.tn\\\/fr\\\/wp-content\\\/uploads\\\/2025\\\/05\\\/56e199f77efbc89f3ad7a6b2c26d4746-3.webp\",\"contentUrl\":\"https:\\\/\\\/www.webdo.tn\\\/fr\\\/wp-content\\\/uploads\\\/2025\\\/05\\\/56e199f77efbc89f3ad7a6b2c26d4746-3.webp\",\"width\":750,\"height\":400},{\"@type\":\"BreadcrumbList\",\"@id\":\"https:\\\/\\\/www.webdo.tn\\\/fr\\\/actualite\\\/national\\\/tunisie-un-journaliste-victime-de-violence-verbale-de-la-part-des-forces-de-securite-a-mazzouna\\\/221279\\\/#breadcrumb\",\"itemListElement\":[{\"@type\":\"ListItem\",\"position\":1,\"name\":\"Accueil\",\"item\":\"https:\\\/\\\/www.webdo.tn\\\/fr\\\/\"},{\"@type\":\"ListItem\",\"position\":2,\"name\":\"Tunisie : Un journaliste victime de violence verbale de la part des forces de s\u00e9curit\u00e9 \u00e0 Mazzouna\"}]},{\"@type\":\"WebSite\",\"@id\":\"https:\\\/\\\/www.webdo.tn\\\/fr\\\/#website\",\"url\":\"https:\\\/\\\/www.webdo.tn\\\/fr\\\/\",\"name\":\"webdo\",\"description\":\"Tunisie - News en Tunisie et \u00e0 l&#039;international sur Webdo.tn\",\"publisher\":{\"@id\":\"https:\\\/\\\/www.webdo.tn\\\/fr\\\/#organization\"},\"potentialAction\":[{\"@type\":\"SearchAction\",\"target\":{\"@type\":\"EntryPoint\",\"urlTemplate\":\"https:\\\/\\\/www.webdo.tn\\\/fr\\\/?s={search_term_string}\"},\"query-input\":{\"@type\":\"PropertyValueSpecification\",\"valueRequired\":true,\"valueName\":\"search_term_string\"}}],\"inLanguage\":\"fr-FR\"},{\"@type\":\"Organization\",\"@id\":\"https:\\\/\\\/www.webdo.tn\\\/fr\\\/#organization\",\"name\":\"Webdo\",\"alternateName\":\"Webdo.tn\",\"url\":\"https:\\\/\\\/www.webdo.tn\\\/fr\\\/\",\"logo\":{\"@type\":\"ImageObject\",\"inLanguage\":\"fr-FR\",\"@id\":\"https:\\\/\\\/www.webdo.tn\\\/fr\\\/#\\\/schema\\\/logo\\\/image\\\/\",\"url\":\"https:\\\/\\\/www.webdo.tn\\\/fr\\\/wp-content\\\/uploads\\\/2025\\\/06\\\/Webdo-Tunisie_168377.jpg\",\"contentUrl\":\"https:\\\/\\\/www.webdo.tn\\\/fr\\\/wp-content\\\/uploads\\\/2025\\\/06\\\/Webdo-Tunisie_168377.jpg\",\"width\":301,\"height\":301,\"caption\":\"Webdo\"},\"image\":{\"@id\":\"https:\\\/\\\/www.webdo.tn\\\/fr\\\/#\\\/schema\\\/logo\\\/image\\\/\"},\"sameAs\":[\"https:\\\/\\\/www.facebook.com\\\/webdotn\",\"https:\\\/\\\/x.com\\\/webdo_tn\"],\"description\":\"Webdo est un m\u00e9dia num\u00e9rique tunisien fond\u00e9 en 2010, sp\u00e9cialis\u00e9 dans l\u2019actualit\u00e9 nationale et internationale, l\u2019\u00e9conomie, la soci\u00e9t\u00e9 et les analyses politiques. Le site s\u2019adresse \u00e0 un large public francophone et couvre l\u2019information tunisienne en temps r\u00e9el.\",\"email\":\"redac@webdo.tn\",\"legalName\":\"YNJ SARL\",\"foundingDate\":\"2010-09-06\",\"numberOfEmployees\":{\"@type\":\"QuantitativeValue\",\"minValue\":\"11\",\"maxValue\":\"50\"}},{\"@type\":\"Person\",\"@id\":\"https:\\\/\\\/www.webdo.tn\\\/fr\\\/#\\\/schema\\\/person\\\/2c4929cbf5a809e3bd38617c6ce150f6\",\"name\":\"MC\",\"image\":{\"@type\":\"ImageObject\",\"inLanguage\":\"fr-FR\",\"@id\":\"https:\\\/\\\/secure.gravatar.com\\\/avatar\\\/a545bbb6f84efdd5553dbbc2895e3ca8f1d12c5215e00a041c9670b54aa9b18a?s=96&d=mm&r=g\",\"url\":\"https:\\\/\\\/secure.gravatar.com\\\/avatar\\\/a545bbb6f84efdd5553dbbc2895e3ca8f1d12c5215e00a041c9670b54aa9b18a?s=96&d=mm&r=g\",\"contentUrl\":\"https:\\\/\\\/secure.gravatar.com\\\/avatar\\\/a545bbb6f84efdd5553dbbc2895e3ca8f1d12c5215e00a041c9670b54aa9b18a?s=96&d=mm&r=g\",\"caption\":\"MC\"},\"url\":\"https:\\\/\\\/www.webdo.tn\\\/fr\\\/actualite\\\/author\\\/mc\\\/\"}]}<\/script>\n<!-- \/ Yoast SEO Premium plugin. -->","yoast_head_json":{"title":"Tunisie : Un journaliste victime de violence verbale de la part des forces de s\u00e9curit\u00e9 \u00e0 Mazzouna","description":"Un journaliste a \u00e9t\u00e9 victime de violences verbales par des agents de s\u00e9curit\u00e9 \u00e0 Mazzouna. Le Syndicat National des Journalistes Tunisiens d\u00e9nonce une atteinte \u00e0...","canonical":"https:\/\/www.webdo.tn\/fr\/actualite\/national\/tunisie-un-journaliste-victime-de-violence-verbale-de-la-part-des-forces-de-securite-a-mazzouna\/221279\/","og_locale":"fr_FR","og_type":"article","og_title":"Tunisie : Un journaliste victime de violence verbale de la part des forces de s\u00e9curit\u00e9 \u00e0 Mazzouna","og_description":"Un journaliste a \u00e9t\u00e9 victime de violences verbales par des agents de s\u00e9curit\u00e9 \u00e0 Mazzouna. Le Syndicat National des Journalistes Tunisiens d\u00e9nonce une atteinte \u00e0...","og_url":"https:\/\/www.webdo.tn\/fr\/actualite\/national\/tunisie-un-journaliste-victime-de-violence-verbale-de-la-part-des-forces-de-securite-a-mazzouna\/221279\/","og_site_name":"webdo","article_publisher":"https:\/\/www.facebook.com\/webdotn","article_published_time":"2025-04-16T12:14:00+00:00","article_modified_time":"2025-05-20T21:40:59+00:00","og_image":[{"width":750,"height":400,"url":"https:\/\/www.webdo.tn\/fr\/wp-content\/uploads\/2025\/05\/56e199f77efbc89f3ad7a6b2c26d4746-3.webp","type":"image\/webp"}],"author":"MC","twitter_card":"summary_large_image","twitter_creator":"@webdo_tn","twitter_site":"@webdo_tn","twitter_misc":{"\u00c9crit par":"MC","Dur\u00e9e de lecture estim\u00e9e":"1 minute"},"schema":{"@context":"https:\/\/schema.org","@graph":[{"@type":"NewsArticle","@id":"https:\/\/www.webdo.tn\/fr\/actualite\/national\/tunisie-un-journaliste-victime-de-violence-verbale-de-la-part-des-forces-de-securite-a-mazzouna\/221279\/#article","isPartOf":{"@id":"https:\/\/www.webdo.tn\/fr\/actualite\/national\/tunisie-un-journaliste-victime-de-violence-verbale-de-la-part-des-forces-de-securite-a-mazzouna\/221279\/"},"author":{"name":"MC","@id":"https:\/\/www.webdo.tn\/fr\/#\/schema\/person\/2c4929cbf5a809e3bd38617c6ce150f6"},"headline":"Tunisie : Un journaliste victime de violence verbale de la part des forces de s\u00e9curit\u00e9 \u00e0 Mazzouna","datePublished":"2025-04-16T12:14:00+00:00","dateModified":"2025-05-20T21:40:59+00:00","mainEntityOfPage":{"@id":"https:\/\/www.webdo.tn\/fr\/actualite\/national\/tunisie-un-journaliste-victime-de-violence-verbale-de-la-part-des-forces-de-securite-a-mazzouna\/221279\/"},"wordCount":313,"commentCount":0,"publisher":{"@id":"https:\/\/www.webdo.tn\/fr\/#organization"},"image":{"@id":"https:\/\/www.webdo.tn\/fr\/actualite\/national\/tunisie-un-journaliste-victime-de-violence-verbale-de-la-part-des-forces-de-securite-a-mazzouna\/221279\/#primaryimage"},"thumbnailUrl":"https:\/\/www.webdo.tn\/fr\/wp-content\/uploads\/2025\/05\/56e199f77efbc89f3ad7a6b2c26d4746-3.webp","keywords":["forces de s\u00e9curit\u00e9","Journalistes","Mazzouna","police","presse","snjt","Tunisie"],"articleSection":["National"],"inLanguage":"fr-FR"},{"@type":"WebPage","@id":"https:\/\/www.webdo.tn\/fr\/actualite\/national\/tunisie-un-journaliste-victime-de-violence-verbale-de-la-part-des-forces-de-securite-a-mazzouna\/221279\/","url":"https:\/\/www.webdo.tn\/fr\/actualite\/national\/tunisie-un-journaliste-victime-de-violence-verbale-de-la-part-des-forces-de-securite-a-mazzouna\/221279\/","name":"Tunisie : Un journaliste victime de violence verbale de la part des forces de s\u00e9curit\u00e9 \u00e0 Mazzouna","isPartOf":{"@id":"https:\/\/www.webdo.tn\/fr\/#website"},"primaryImageOfPage":{"@id":"https:\/\/www.webdo.tn\/fr\/actualite\/national\/tunisie-un-journaliste-victime-de-violence-verbale-de-la-part-des-forces-de-securite-a-mazzouna\/221279\/#primaryimage"},"image":{"@id":"https:\/\/www.webdo.tn\/fr\/actualite\/national\/tunisie-un-journaliste-victime-de-violence-verbale-de-la-part-des-forces-de-securite-a-mazzouna\/221279\/#primaryimage"},"thumbnailUrl":"https:\/\/www.webdo.tn\/fr\/wp-content\/uploads\/2025\/05\/56e199f77efbc89f3ad7a6b2c26d4746-3.webp","datePublished":"2025-04-16T12:14:00+00:00","dateModified":"2025-05-20T21:40:59+00:00","description":"Un journaliste a \u00e9t\u00e9 victime de violences verbales par des agents de s\u00e9curit\u00e9 \u00e0 Mazzouna. Le Syndicat National des Journalistes Tunisiens d\u00e9nonce une atteinte \u00e0...","breadcrumb":{"@id":"https:\/\/www.webdo.tn\/fr\/actualite\/national\/tunisie-un-journaliste-victime-de-violence-verbale-de-la-part-des-forces-de-securite-a-mazzouna\/221279\/#breadcrumb"},"inLanguage":"fr-FR","potentialAction":[{"@type":"ReadAction","target":["https:\/\/www.webdo.tn\/fr\/actualite\/national\/tunisie-un-journaliste-victime-de-violence-verbale-de-la-part-des-forces-de-securite-a-mazzouna\/221279\/"]}]},{"@type":"ImageObject","inLanguage":"fr-FR","@id":"https:\/\/www.webdo.tn\/fr\/actualite\/national\/tunisie-un-journaliste-victime-de-violence-verbale-de-la-part-des-forces-de-securite-a-mazzouna\/221279\/#primaryimage","url":"https:\/\/www.webdo.tn\/fr\/wp-content\/uploads\/2025\/05\/56e199f77efbc89f3ad7a6b2c26d4746-3.webp","contentUrl":"https:\/\/www.webdo.tn\/fr\/wp-content\/uploads\/2025\/05\/56e199f77efbc89f3ad7a6b2c26d4746-3.webp","width":750,"height":400},{"@type":"BreadcrumbList","@id":"https:\/\/www.webdo.tn\/fr\/actualite\/national\/tunisie-un-journaliste-victime-de-violence-verbale-de-la-part-des-forces-de-securite-a-mazzouna\/221279\/#breadcrumb","itemListElement":[{"@type":"ListItem","position":1,"name":"Accueil","item":"https:\/\/www.webdo.tn\/fr\/"},{"@type":"ListItem","position":2,"name":"Tunisie : Un journaliste victime de violence verbale de la part des forces de s\u00e9curit\u00e9 \u00e0 Mazzouna"}]},{"@type":"WebSite","@id":"https:\/\/www.webdo.tn\/fr\/#website","url":"https:\/\/www.webdo.tn\/fr\/","name":"webdo","description":"Tunisie - News en Tunisie et \u00e0 l&#039;international sur Webdo.tn","publisher":{"@id":"https:\/\/www.webdo.tn\/fr\/#organization"},"potentialAction":[{"@type":"SearchAction","target":{"@type":"EntryPoint","urlTemplate":"https:\/\/www.webdo.tn\/fr\/?s={search_term_string}"},"query-input":{"@type":"PropertyValueSpecification","valueRequired":true,"valueName":"search_term_string"}}],"inLanguage":"fr-FR"},{"@type":"Organization","@id":"https:\/\/www.webdo.tn\/fr\/#organization","name":"Webdo","alternateName":"Webdo.tn","url":"https:\/\/www.webdo.tn\/fr\/","logo":{"@type":"ImageObject","inLanguage":"fr-FR","@id":"https:\/\/www.webdo.tn\/fr\/#\/schema\/logo\/image\/","url":"https:\/\/www.webdo.tn\/fr\/wp-content\/uploads\/2025\/06\/Webdo-Tunisie_168377.jpg","contentUrl":"https:\/\/www.webdo.tn\/fr\/wp-content\/uploads\/2025\/06\/Webdo-Tunisie_168377.jpg","width":301,"height":301,"caption":"Webdo"},"image":{"@id":"https:\/\/www.webdo.tn\/fr\/#\/schema\/logo\/image\/"},"sameAs":["https:\/\/www.facebook.com\/webdotn","https:\/\/x.com\/webdo_tn"],"description":"Webdo est un m\u00e9dia num\u00e9rique tunisien fond\u00e9 en 2010, sp\u00e9cialis\u00e9 dans l\u2019actualit\u00e9 nationale et internationale, l\u2019\u00e9conomie, la soci\u00e9t\u00e9 et les analyses politiques. Le site s\u2019adresse \u00e0 un large public francophone et couvre l\u2019information tunisienne en temps r\u00e9el.","email":"redac@webdo.tn","legalName":"YNJ SARL","foundingDate":"2010-09-06","numberOfEmployees":{"@type":"QuantitativeValue","minValue":"11","maxValue":"50"}},{"@type":"Person","@id":"https:\/\/www.webdo.tn\/fr\/#\/schema\/person\/2c4929cbf5a809e3bd38617c6ce150f6","name":"MC","image":{"@type":"ImageObject","inLanguage":"fr-FR","@id":"https:\/\/secure.gravatar.com\/avatar\/a545bbb6f84efdd5553dbbc2895e3ca8f1d12c5215e00a041c9670b54aa9b18a?s=96&d=mm&r=g","url":"https:\/\/secure.gravatar.com\/avatar\/a545bbb6f84efdd5553dbbc2895e3ca8f1d12c5215e00a041c9670b54aa9b18a?s=96&d=mm&r=g","contentUrl":"https:\/\/secure.gravatar.com\/avatar\/a545bbb6f84efdd5553dbbc2895e3ca8f1d12c5215e00a041c9670b54aa9b18a?s=96&d=mm&r=g","caption":"MC"},"url":"https:\/\/www.webdo.tn\/fr\/actualite\/author\/mc\/"}]}},"_links":{"self":[{"href":"https:\/\/www.webdo.tn\/fr\/wp-json\/wp\/v2\/posts\/221279","targetHints":{"allow":["GET"]}}],"collection":[{"href":"https:\/\/www.webdo.tn\/fr\/wp-json\/wp\/v2\/posts"}],"about":[{"href":"https:\/\/www.webdo.tn\/fr\/wp-json\/wp\/v2\/types\/post"}],"author":[{"embeddable":true,"href":"https:\/\/www.webdo.tn\/fr\/wp-json\/wp\/v2\/users\/3162"}],"replies":[{"embeddable":true,"href":"https:\/\/www.webdo.tn\/fr\/wp-json\/wp\/v2\/comments?post=221279"}],"version-history":[{"count":0,"href":"https:\/\/www.webdo.tn\/fr\/wp-json\/wp\/v2\/posts\/221279\/revisions"}],"wp:featuredmedia":[{"embeddable":true,"href":"https:\/\/www.webdo.tn\/fr\/wp-json\/wp\/v2\/media\/241110"}],"wp:attachment":[{"href":"https:\/\/www.webdo.tn\/fr\/wp-json\/wp\/v2\/media?parent=221279"}],"wp:term":[{"taxonomy":"category","embeddable":true,"href":"https:\/\/www.webdo.tn\/fr\/wp-json\/wp\/v2\/categories?post=221279"},{"taxonomy":"post_tag","embeddable":true,"href":"https:\/\/www.webdo.tn\/fr\/wp-json\/wp\/v2\/tags?post=221279"}],"curies":[{"name":"wp","href":"https:\/\/api.w.org\/{rel}","templated":true}]}}