{"id":221275,"date":"2025-04-16T10:06:00","date_gmt":"2025-04-16T10:06:00","guid":{"rendered":"https:\/\/www.webdo.tn\/fr\/blog\/2025\/04\/16\/coupe-de-tunisie-duel-desequilibre-entre-l-esperance-et-l-as-kasserine\/"},"modified":"2025-05-20T21:41:03","modified_gmt":"2025-05-20T21:41:03","slug":"coupe-de-tunisie-duel-desequilibre-entre-l-esperance-et-l-as-kasserine","status":"publish","type":"post","link":"https:\/\/www.webdo.tn\/fr\/actualite\/sport\/coupe-de-tunisie-duel-desequilibre-entre-l-esperance-et-l-as-kasserine\/221275\/","title":{"rendered":"Coupe de Tunisie : Duel d\u00e9s\u00e9quilibr\u00e9 entre l\u2019Esp\u00e9rance et l\u2019AS Kasserine"},"content":{"rendered":"<p>L\u2019Esp\u00e9rance Sportive de Tunis rencontre l\u2019AS Kasserine ce mercredi \u00e0 14h au stade Hamadi Agrebi de Rades, pour le dernier match des 16es de finale de la Coupe de Tunisie.<\/p>\n<p>Leader actuel de la Ligue 1, l\u2019EST part favorite face \u00e0 une \u00e9quipe de Ligue 2 qui occupe la deuxi\u00e8me place du groupe B. Toutefois, l\u2019Esp\u00e9rance devra composer sans ses joueurs \u00e9trangers, conform\u00e9ment au r\u00e8glement de la Coupe interdisant leur participation contre une formation de division inf\u00e9rieure.<\/p>\n<p>Le match sera retransmis sur Watania 1.<\/p>\n<p>Le vainqueur de cette confrontation affrontera le Club Sportif de Hammam-Lif en huiti\u00e8mes de finale conform\u00e9ment au tirage au sort des huiti\u00e8mes de finale.<\/p>\n<p>8\u00e8mes de finale de la Coupe de Tunisie<\/p>\n<p>\tMatch 1 : AS Gabes &#8211; ES Zarzis<br \/>\n\tMatch 2 : US Monastirienne &#8211; AS Jelma<br \/>\n\tMatch 3 : EGS Gafsa &#8211; AS Soliman<br \/>\n\tMatch 4 : JS Kairouanaise &#8211; ES Sahel<br \/>\n\tMatch 5 : Club Africain &#8211; CS Msaken<br \/>\n\tMatch 6 : US Ben Guerdane &#8211; CS Sfaxien<br \/>\n\tMatch 7 : JS Manouba &#8211; Stade Tunisien<br \/>\n\tMatch 8 : CS Hammam-Lif &#8211; ES Tunis ou AS Kasserine<\/p>\n","protected":false},"excerpt":{"rendered":"<p>Coupe de Tunisie : L\u2019Esp\u00e9rance de Tunis affronte l\u2019AS Kasserine ce mercredi 16 avril en 16es de finale. Un match sans les joueurs \u00e9trangers de l\u2019EST, conform\u00e9me&#8230;<\/p>\n","protected":false},"author":3162,"featured_media":241118,"comment_status":"open","ping_status":"open","sticky":false,"template":"","format":"standard","meta":{"footnotes":""},"categories":[2593],"tags":[3169,3168,3102,2622,2801,2608],"class_list":["post-221275","post","type-post","status-publish","format-standard","has-post-thumbnail","hentry","category-sport","tag-as-kasserine","tag-coupe-de-tunisie","tag-esperance-st","tag-football","tag-retransmission-tv","tag-tunisie"],"yoast_head":"<!-- This site is optimized with the Yoast SEO Premium plugin v27.5 (Yoast SEO v27.5) - https:\/\/yoast.com\/product\/yoast-seo-premium-wordpress\/ -->\n<title>Coupe de Tunisie : Duel d\u00e9s\u00e9quilibr\u00e9 entre l\u2019Esp\u00e9rance et l\u2019AS Kasserine<\/title>\n<meta name=\"description\" content=\"Coupe de Tunisie : L\u2019Esp\u00e9rance de Tunis affronte l\u2019AS Kasserine ce mercredi 16 avril en 16es de finale. Un match sans les joueurs \u00e9trangers de l\u2019EST, conform\u00e9me...\" \/>\n<link rel=\"canonical\" href=\"https:\/\/www.webdo.tn\/fr\/actualite\/sport\/coupe-de-tunisie-duel-desequilibre-entre-l-esperance-et-l-as-kasserine\/221275\/\" \/>\n<meta property=\"og:locale\" content=\"fr_FR\" \/>\n<meta property=\"og:type\" content=\"article\" \/>\n<meta property=\"og:title\" content=\"Coupe de Tunisie : Duel d\u00e9s\u00e9quilibr\u00e9 entre l\u2019Esp\u00e9rance et l\u2019AS Kasserine\" \/>\n<meta property=\"og:description\" content=\"Coupe de Tunisie : L\u2019Esp\u00e9rance de Tunis affronte l\u2019AS Kasserine ce mercredi 16 avril en 16es de finale. Un match sans les joueurs \u00e9trangers de l\u2019EST, conform\u00e9me...\" \/>\n<meta property=\"og:url\" content=\"https:\/\/www.webdo.tn\/fr\/actualite\/sport\/coupe-de-tunisie-duel-desequilibre-entre-l-esperance-et-l-as-kasserine\/221275\/\" \/>\n<meta property=\"og:site_name\" content=\"webdo\" \/>\n<meta property=\"article:publisher\" content=\"https:\/\/www.facebook.com\/webdotn\" \/>\n<meta property=\"article:published_time\" content=\"2025-04-16T10:06:00+00:00\" \/>\n<meta property=\"article:modified_time\" content=\"2025-05-20T21:41:03+00:00\" \/>\n<meta property=\"og:image\" content=\"https:\/\/www.webdo.tn\/fr\/wp-content\/uploads\/2025\/05\/5a2c754a2ff405c5a66aac4e2d3d54d6-3.webp\" \/>\n\t<meta property=\"og:image:width\" content=\"640\" \/>\n\t<meta property=\"og:image:height\" content=\"341\" \/>\n\t<meta property=\"og:image:type\" content=\"image\/webp\" \/>\n<meta name=\"author\" content=\"MC\" \/>\n<meta name=\"twitter:card\" content=\"summary_large_image\" \/>\n<meta name=\"twitter:creator\" content=\"@webdo_tn\" \/>\n<meta name=\"twitter:site\" content=\"@webdo_tn\" \/>\n<meta name=\"twitter:label1\" content=\"\u00c9crit par\" \/>\n\t<meta name=\"twitter:data1\" content=\"MC\" \/>\n\t<meta name=\"twitter:label2\" content=\"Dur\u00e9e de lecture estim\u00e9e\" \/>\n\t<meta name=\"twitter:data2\" content=\"1 minute\" \/>\n<script type=\"application\/ld+json\" class=\"yoast-schema-graph\">{\"@context\":\"https:\\\/\\\/schema.org\",\"@graph\":[{\"@type\":\"NewsArticle\",\"@id\":\"https:\\\/\\\/www.webdo.tn\\\/fr\\\/actualite\\\/sport\\\/coupe-de-tunisie-duel-desequilibre-entre-l-esperance-et-l-as-kasserine\\\/221275\\\/#article\",\"isPartOf\":{\"@id\":\"https:\\\/\\\/www.webdo.tn\\\/fr\\\/actualite\\\/sport\\\/coupe-de-tunisie-duel-desequilibre-entre-l-esperance-et-l-as-kasserine\\\/221275\\\/\"},\"author\":{\"name\":\"MC\",\"@id\":\"https:\\\/\\\/www.webdo.tn\\\/fr\\\/#\\\/schema\\\/person\\\/2c4929cbf5a809e3bd38617c6ce150f6\"},\"headline\":\"Coupe de Tunisie : Duel d\u00e9s\u00e9quilibr\u00e9 entre l\u2019Esp\u00e9rance et l\u2019AS Kasserine\",\"datePublished\":\"2025-04-16T10:06:00+00:00\",\"dateModified\":\"2025-05-20T21:41:03+00:00\",\"mainEntityOfPage\":{\"@id\":\"https:\\\/\\\/www.webdo.tn\\\/fr\\\/actualite\\\/sport\\\/coupe-de-tunisie-duel-desequilibre-entre-l-esperance-et-l-as-kasserine\\\/221275\\\/\"},\"wordCount\":191,\"commentCount\":0,\"publisher\":{\"@id\":\"https:\\\/\\\/www.webdo.tn\\\/fr\\\/#organization\"},\"image\":{\"@id\":\"https:\\\/\\\/www.webdo.tn\\\/fr\\\/actualite\\\/sport\\\/coupe-de-tunisie-duel-desequilibre-entre-l-esperance-et-l-as-kasserine\\\/221275\\\/#primaryimage\"},\"thumbnailUrl\":\"https:\\\/\\\/www.webdo.tn\\\/fr\\\/wp-content\\\/uploads\\\/2025\\\/05\\\/5a2c754a2ff405c5a66aac4e2d3d54d6-3.webp\",\"keywords\":[\"AS Kasserine\",\"coupe de tunisie\",\"esp\u00e9rance st\",\"football\",\"retransmission tv\",\"Tunisie\"],\"articleSection\":[\"Sport\"],\"inLanguage\":\"fr-FR\"},{\"@type\":\"WebPage\",\"@id\":\"https:\\\/\\\/www.webdo.tn\\\/fr\\\/actualite\\\/sport\\\/coupe-de-tunisie-duel-desequilibre-entre-l-esperance-et-l-as-kasserine\\\/221275\\\/\",\"url\":\"https:\\\/\\\/www.webdo.tn\\\/fr\\\/actualite\\\/sport\\\/coupe-de-tunisie-duel-desequilibre-entre-l-esperance-et-l-as-kasserine\\\/221275\\\/\",\"name\":\"Coupe de Tunisie : Duel d\u00e9s\u00e9quilibr\u00e9 entre l\u2019Esp\u00e9rance et l\u2019AS Kasserine\",\"isPartOf\":{\"@id\":\"https:\\\/\\\/www.webdo.tn\\\/fr\\\/#website\"},\"primaryImageOfPage\":{\"@id\":\"https:\\\/\\\/www.webdo.tn\\\/fr\\\/actualite\\\/sport\\\/coupe-de-tunisie-duel-desequilibre-entre-l-esperance-et-l-as-kasserine\\\/221275\\\/#primaryimage\"},\"image\":{\"@id\":\"https:\\\/\\\/www.webdo.tn\\\/fr\\\/actualite\\\/sport\\\/coupe-de-tunisie-duel-desequilibre-entre-l-esperance-et-l-as-kasserine\\\/221275\\\/#primaryimage\"},\"thumbnailUrl\":\"https:\\\/\\\/www.webdo.tn\\\/fr\\\/wp-content\\\/uploads\\\/2025\\\/05\\\/5a2c754a2ff405c5a66aac4e2d3d54d6-3.webp\",\"datePublished\":\"2025-04-16T10:06:00+00:00\",\"dateModified\":\"2025-05-20T21:41:03+00:00\",\"description\":\"Coupe de Tunisie : L\u2019Esp\u00e9rance de Tunis affronte l\u2019AS Kasserine ce mercredi 16 avril en 16es de finale. Un match sans les joueurs \u00e9trangers de l\u2019EST, conform\u00e9me...\",\"breadcrumb\":{\"@id\":\"https:\\\/\\\/www.webdo.tn\\\/fr\\\/actualite\\\/sport\\\/coupe-de-tunisie-duel-desequilibre-entre-l-esperance-et-l-as-kasserine\\\/221275\\\/#breadcrumb\"},\"inLanguage\":\"fr-FR\",\"potentialAction\":[{\"@type\":\"ReadAction\",\"target\":[\"https:\\\/\\\/www.webdo.tn\\\/fr\\\/actualite\\\/sport\\\/coupe-de-tunisie-duel-desequilibre-entre-l-esperance-et-l-as-kasserine\\\/221275\\\/\"]}]},{\"@type\":\"ImageObject\",\"inLanguage\":\"fr-FR\",\"@id\":\"https:\\\/\\\/www.webdo.tn\\\/fr\\\/actualite\\\/sport\\\/coupe-de-tunisie-duel-desequilibre-entre-l-esperance-et-l-as-kasserine\\\/221275\\\/#primaryimage\",\"url\":\"https:\\\/\\\/www.webdo.tn\\\/fr\\\/wp-content\\\/uploads\\\/2025\\\/05\\\/5a2c754a2ff405c5a66aac4e2d3d54d6-3.webp\",\"contentUrl\":\"https:\\\/\\\/www.webdo.tn\\\/fr\\\/wp-content\\\/uploads\\\/2025\\\/05\\\/5a2c754a2ff405c5a66aac4e2d3d54d6-3.webp\",\"width\":640,\"height\":341},{\"@type\":\"BreadcrumbList\",\"@id\":\"https:\\\/\\\/www.webdo.tn\\\/fr\\\/actualite\\\/sport\\\/coupe-de-tunisie-duel-desequilibre-entre-l-esperance-et-l-as-kasserine\\\/221275\\\/#breadcrumb\",\"itemListElement\":[{\"@type\":\"ListItem\",\"position\":1,\"name\":\"Accueil\",\"item\":\"https:\\\/\\\/www.webdo.tn\\\/fr\\\/\"},{\"@type\":\"ListItem\",\"position\":2,\"name\":\"Coupe de Tunisie : Duel d\u00e9s\u00e9quilibr\u00e9 entre l\u2019Esp\u00e9rance et l\u2019AS Kasserine\"}]},{\"@type\":\"WebSite\",\"@id\":\"https:\\\/\\\/www.webdo.tn\\\/fr\\\/#website\",\"url\":\"https:\\\/\\\/www.webdo.tn\\\/fr\\\/\",\"name\":\"webdo\",\"description\":\"Tunisie - News en Tunisie et \u00e0 l&#039;international sur Webdo.tn\",\"publisher\":{\"@id\":\"https:\\\/\\\/www.webdo.tn\\\/fr\\\/#organization\"},\"potentialAction\":[{\"@type\":\"SearchAction\",\"target\":{\"@type\":\"EntryPoint\",\"urlTemplate\":\"https:\\\/\\\/www.webdo.tn\\\/fr\\\/?s={search_term_string}\"},\"query-input\":{\"@type\":\"PropertyValueSpecification\",\"valueRequired\":true,\"valueName\":\"search_term_string\"}}],\"inLanguage\":\"fr-FR\"},{\"@type\":\"Organization\",\"@id\":\"https:\\\/\\\/www.webdo.tn\\\/fr\\\/#organization\",\"name\":\"Webdo\",\"alternateName\":\"Webdo.tn\",\"url\":\"https:\\\/\\\/www.webdo.tn\\\/fr\\\/\",\"logo\":{\"@type\":\"ImageObject\",\"inLanguage\":\"fr-FR\",\"@id\":\"https:\\\/\\\/www.webdo.tn\\\/fr\\\/#\\\/schema\\\/logo\\\/image\\\/\",\"url\":\"https:\\\/\\\/www.webdo.tn\\\/fr\\\/wp-content\\\/uploads\\\/2025\\\/06\\\/Webdo-Tunisie_168377.jpg\",\"contentUrl\":\"https:\\\/\\\/www.webdo.tn\\\/fr\\\/wp-content\\\/uploads\\\/2025\\\/06\\\/Webdo-Tunisie_168377.jpg\",\"width\":301,\"height\":301,\"caption\":\"Webdo\"},\"image\":{\"@id\":\"https:\\\/\\\/www.webdo.tn\\\/fr\\\/#\\\/schema\\\/logo\\\/image\\\/\"},\"sameAs\":[\"https:\\\/\\\/www.facebook.com\\\/webdotn\",\"https:\\\/\\\/x.com\\\/webdo_tn\"],\"description\":\"Webdo est un m\u00e9dia num\u00e9rique tunisien fond\u00e9 en 2010, sp\u00e9cialis\u00e9 dans l\u2019actualit\u00e9 nationale et internationale, l\u2019\u00e9conomie, la soci\u00e9t\u00e9 et les analyses politiques. Le site s\u2019adresse \u00e0 un large public francophone et couvre l\u2019information tunisienne en temps r\u00e9el.\",\"email\":\"redac@webdo.tn\",\"legalName\":\"YNJ SARL\",\"foundingDate\":\"2010-09-06\",\"numberOfEmployees\":{\"@type\":\"QuantitativeValue\",\"minValue\":\"11\",\"maxValue\":\"50\"}},{\"@type\":\"Person\",\"@id\":\"https:\\\/\\\/www.webdo.tn\\\/fr\\\/#\\\/schema\\\/person\\\/2c4929cbf5a809e3bd38617c6ce150f6\",\"name\":\"MC\",\"image\":{\"@type\":\"ImageObject\",\"inLanguage\":\"fr-FR\",\"@id\":\"https:\\\/\\\/secure.gravatar.com\\\/avatar\\\/a545bbb6f84efdd5553dbbc2895e3ca8f1d12c5215e00a041c9670b54aa9b18a?s=96&d=mm&r=g\",\"url\":\"https:\\\/\\\/secure.gravatar.com\\\/avatar\\\/a545bbb6f84efdd5553dbbc2895e3ca8f1d12c5215e00a041c9670b54aa9b18a?s=96&d=mm&r=g\",\"contentUrl\":\"https:\\\/\\\/secure.gravatar.com\\\/avatar\\\/a545bbb6f84efdd5553dbbc2895e3ca8f1d12c5215e00a041c9670b54aa9b18a?s=96&d=mm&r=g\",\"caption\":\"MC\"},\"url\":\"https:\\\/\\\/www.webdo.tn\\\/fr\\\/actualite\\\/author\\\/mc\\\/\"}]}<\/script>\n<!-- \/ Yoast SEO Premium plugin. -->","yoast_head_json":{"title":"Coupe de Tunisie : Duel d\u00e9s\u00e9quilibr\u00e9 entre l\u2019Esp\u00e9rance et l\u2019AS Kasserine","description":"Coupe de Tunisie : L\u2019Esp\u00e9rance de Tunis affronte l\u2019AS Kasserine ce mercredi 16 avril en 16es de finale. Un match sans les joueurs \u00e9trangers de l\u2019EST, conform\u00e9me...","canonical":"https:\/\/www.webdo.tn\/fr\/actualite\/sport\/coupe-de-tunisie-duel-desequilibre-entre-l-esperance-et-l-as-kasserine\/221275\/","og_locale":"fr_FR","og_type":"article","og_title":"Coupe de Tunisie : Duel d\u00e9s\u00e9quilibr\u00e9 entre l\u2019Esp\u00e9rance et l\u2019AS Kasserine","og_description":"Coupe de Tunisie : L\u2019Esp\u00e9rance de Tunis affronte l\u2019AS Kasserine ce mercredi 16 avril en 16es de finale. Un match sans les joueurs \u00e9trangers de l\u2019EST, conform\u00e9me...","og_url":"https:\/\/www.webdo.tn\/fr\/actualite\/sport\/coupe-de-tunisie-duel-desequilibre-entre-l-esperance-et-l-as-kasserine\/221275\/","og_site_name":"webdo","article_publisher":"https:\/\/www.facebook.com\/webdotn","article_published_time":"2025-04-16T10:06:00+00:00","article_modified_time":"2025-05-20T21:41:03+00:00","og_image":[{"width":640,"height":341,"url":"https:\/\/www.webdo.tn\/fr\/wp-content\/uploads\/2025\/05\/5a2c754a2ff405c5a66aac4e2d3d54d6-3.webp","type":"image\/webp"}],"author":"MC","twitter_card":"summary_large_image","twitter_creator":"@webdo_tn","twitter_site":"@webdo_tn","twitter_misc":{"\u00c9crit par":"MC","Dur\u00e9e de lecture estim\u00e9e":"1 minute"},"schema":{"@context":"https:\/\/schema.org","@graph":[{"@type":"NewsArticle","@id":"https:\/\/www.webdo.tn\/fr\/actualite\/sport\/coupe-de-tunisie-duel-desequilibre-entre-l-esperance-et-l-as-kasserine\/221275\/#article","isPartOf":{"@id":"https:\/\/www.webdo.tn\/fr\/actualite\/sport\/coupe-de-tunisie-duel-desequilibre-entre-l-esperance-et-l-as-kasserine\/221275\/"},"author":{"name":"MC","@id":"https:\/\/www.webdo.tn\/fr\/#\/schema\/person\/2c4929cbf5a809e3bd38617c6ce150f6"},"headline":"Coupe de Tunisie : Duel d\u00e9s\u00e9quilibr\u00e9 entre l\u2019Esp\u00e9rance et l\u2019AS Kasserine","datePublished":"2025-04-16T10:06:00+00:00","dateModified":"2025-05-20T21:41:03+00:00","mainEntityOfPage":{"@id":"https:\/\/www.webdo.tn\/fr\/actualite\/sport\/coupe-de-tunisie-duel-desequilibre-entre-l-esperance-et-l-as-kasserine\/221275\/"},"wordCount":191,"commentCount":0,"publisher":{"@id":"https:\/\/www.webdo.tn\/fr\/#organization"},"image":{"@id":"https:\/\/www.webdo.tn\/fr\/actualite\/sport\/coupe-de-tunisie-duel-desequilibre-entre-l-esperance-et-l-as-kasserine\/221275\/#primaryimage"},"thumbnailUrl":"https:\/\/www.webdo.tn\/fr\/wp-content\/uploads\/2025\/05\/5a2c754a2ff405c5a66aac4e2d3d54d6-3.webp","keywords":["AS Kasserine","coupe de tunisie","esp\u00e9rance st","football","retransmission tv","Tunisie"],"articleSection":["Sport"],"inLanguage":"fr-FR"},{"@type":"WebPage","@id":"https:\/\/www.webdo.tn\/fr\/actualite\/sport\/coupe-de-tunisie-duel-desequilibre-entre-l-esperance-et-l-as-kasserine\/221275\/","url":"https:\/\/www.webdo.tn\/fr\/actualite\/sport\/coupe-de-tunisie-duel-desequilibre-entre-l-esperance-et-l-as-kasserine\/221275\/","name":"Coupe de Tunisie : Duel d\u00e9s\u00e9quilibr\u00e9 entre l\u2019Esp\u00e9rance et l\u2019AS Kasserine","isPartOf":{"@id":"https:\/\/www.webdo.tn\/fr\/#website"},"primaryImageOfPage":{"@id":"https:\/\/www.webdo.tn\/fr\/actualite\/sport\/coupe-de-tunisie-duel-desequilibre-entre-l-esperance-et-l-as-kasserine\/221275\/#primaryimage"},"image":{"@id":"https:\/\/www.webdo.tn\/fr\/actualite\/sport\/coupe-de-tunisie-duel-desequilibre-entre-l-esperance-et-l-as-kasserine\/221275\/#primaryimage"},"thumbnailUrl":"https:\/\/www.webdo.tn\/fr\/wp-content\/uploads\/2025\/05\/5a2c754a2ff405c5a66aac4e2d3d54d6-3.webp","datePublished":"2025-04-16T10:06:00+00:00","dateModified":"2025-05-20T21:41:03+00:00","description":"Coupe de Tunisie : L\u2019Esp\u00e9rance de Tunis affronte l\u2019AS Kasserine ce mercredi 16 avril en 16es de finale. Un match sans les joueurs \u00e9trangers de l\u2019EST, conform\u00e9me...","breadcrumb":{"@id":"https:\/\/www.webdo.tn\/fr\/actualite\/sport\/coupe-de-tunisie-duel-desequilibre-entre-l-esperance-et-l-as-kasserine\/221275\/#breadcrumb"},"inLanguage":"fr-FR","potentialAction":[{"@type":"ReadAction","target":["https:\/\/www.webdo.tn\/fr\/actualite\/sport\/coupe-de-tunisie-duel-desequilibre-entre-l-esperance-et-l-as-kasserine\/221275\/"]}]},{"@type":"ImageObject","inLanguage":"fr-FR","@id":"https:\/\/www.webdo.tn\/fr\/actualite\/sport\/coupe-de-tunisie-duel-desequilibre-entre-l-esperance-et-l-as-kasserine\/221275\/#primaryimage","url":"https:\/\/www.webdo.tn\/fr\/wp-content\/uploads\/2025\/05\/5a2c754a2ff405c5a66aac4e2d3d54d6-3.webp","contentUrl":"https:\/\/www.webdo.tn\/fr\/wp-content\/uploads\/2025\/05\/5a2c754a2ff405c5a66aac4e2d3d54d6-3.webp","width":640,"height":341},{"@type":"BreadcrumbList","@id":"https:\/\/www.webdo.tn\/fr\/actualite\/sport\/coupe-de-tunisie-duel-desequilibre-entre-l-esperance-et-l-as-kasserine\/221275\/#breadcrumb","itemListElement":[{"@type":"ListItem","position":1,"name":"Accueil","item":"https:\/\/www.webdo.tn\/fr\/"},{"@type":"ListItem","position":2,"name":"Coupe de Tunisie : Duel d\u00e9s\u00e9quilibr\u00e9 entre l\u2019Esp\u00e9rance et l\u2019AS Kasserine"}]},{"@type":"WebSite","@id":"https:\/\/www.webdo.tn\/fr\/#website","url":"https:\/\/www.webdo.tn\/fr\/","name":"webdo","description":"Tunisie - News en Tunisie et \u00e0 l&#039;international sur Webdo.tn","publisher":{"@id":"https:\/\/www.webdo.tn\/fr\/#organization"},"potentialAction":[{"@type":"SearchAction","target":{"@type":"EntryPoint","urlTemplate":"https:\/\/www.webdo.tn\/fr\/?s={search_term_string}"},"query-input":{"@type":"PropertyValueSpecification","valueRequired":true,"valueName":"search_term_string"}}],"inLanguage":"fr-FR"},{"@type":"Organization","@id":"https:\/\/www.webdo.tn\/fr\/#organization","name":"Webdo","alternateName":"Webdo.tn","url":"https:\/\/www.webdo.tn\/fr\/","logo":{"@type":"ImageObject","inLanguage":"fr-FR","@id":"https:\/\/www.webdo.tn\/fr\/#\/schema\/logo\/image\/","url":"https:\/\/www.webdo.tn\/fr\/wp-content\/uploads\/2025\/06\/Webdo-Tunisie_168377.jpg","contentUrl":"https:\/\/www.webdo.tn\/fr\/wp-content\/uploads\/2025\/06\/Webdo-Tunisie_168377.jpg","width":301,"height":301,"caption":"Webdo"},"image":{"@id":"https:\/\/www.webdo.tn\/fr\/#\/schema\/logo\/image\/"},"sameAs":["https:\/\/www.facebook.com\/webdotn","https:\/\/x.com\/webdo_tn"],"description":"Webdo est un m\u00e9dia num\u00e9rique tunisien fond\u00e9 en 2010, sp\u00e9cialis\u00e9 dans l\u2019actualit\u00e9 nationale et internationale, l\u2019\u00e9conomie, la soci\u00e9t\u00e9 et les analyses politiques. Le site s\u2019adresse \u00e0 un large public francophone et couvre l\u2019information tunisienne en temps r\u00e9el.","email":"redac@webdo.tn","legalName":"YNJ SARL","foundingDate":"2010-09-06","numberOfEmployees":{"@type":"QuantitativeValue","minValue":"11","maxValue":"50"}},{"@type":"Person","@id":"https:\/\/www.webdo.tn\/fr\/#\/schema\/person\/2c4929cbf5a809e3bd38617c6ce150f6","name":"MC","image":{"@type":"ImageObject","inLanguage":"fr-FR","@id":"https:\/\/secure.gravatar.com\/avatar\/a545bbb6f84efdd5553dbbc2895e3ca8f1d12c5215e00a041c9670b54aa9b18a?s=96&d=mm&r=g","url":"https:\/\/secure.gravatar.com\/avatar\/a545bbb6f84efdd5553dbbc2895e3ca8f1d12c5215e00a041c9670b54aa9b18a?s=96&d=mm&r=g","contentUrl":"https:\/\/secure.gravatar.com\/avatar\/a545bbb6f84efdd5553dbbc2895e3ca8f1d12c5215e00a041c9670b54aa9b18a?s=96&d=mm&r=g","caption":"MC"},"url":"https:\/\/www.webdo.tn\/fr\/actualite\/author\/mc\/"}]}},"_links":{"self":[{"href":"https:\/\/www.webdo.tn\/fr\/wp-json\/wp\/v2\/posts\/221275","targetHints":{"allow":["GET"]}}],"collection":[{"href":"https:\/\/www.webdo.tn\/fr\/wp-json\/wp\/v2\/posts"}],"about":[{"href":"https:\/\/www.webdo.tn\/fr\/wp-json\/wp\/v2\/types\/post"}],"author":[{"embeddable":true,"href":"https:\/\/www.webdo.tn\/fr\/wp-json\/wp\/v2\/users\/3162"}],"replies":[{"embeddable":true,"href":"https:\/\/www.webdo.tn\/fr\/wp-json\/wp\/v2\/comments?post=221275"}],"version-history":[{"count":0,"href":"https:\/\/www.webdo.tn\/fr\/wp-json\/wp\/v2\/posts\/221275\/revisions"}],"wp:featuredmedia":[{"embeddable":true,"href":"https:\/\/www.webdo.tn\/fr\/wp-json\/wp\/v2\/media\/241118"}],"wp:attachment":[{"href":"https:\/\/www.webdo.tn\/fr\/wp-json\/wp\/v2\/media?parent=221275"}],"wp:term":[{"taxonomy":"category","embeddable":true,"href":"https:\/\/www.webdo.tn\/fr\/wp-json\/wp\/v2\/categories?post=221275"},{"taxonomy":"post_tag","embeddable":true,"href":"https:\/\/www.webdo.tn\/fr\/wp-json\/wp\/v2\/tags?post=221275"}],"curies":[{"name":"wp","href":"https:\/\/api.w.org\/{rel}","templated":true}]}}