{"id":221257,"date":"2025-04-15T19:57:00","date_gmt":"2025-04-15T19:57:00","guid":{"rendered":"https:\/\/www.webdo.tn\/fr\/blog\/tunisie-mobilisations-a-sidi-bouzid-et-monastir-apres-le-drame-de-mazzouna\/221257\/"},"modified":"2025-05-20T22:17:38","modified_gmt":"2025-05-20T22:17:38","slug":"tunisie-mobilisations-a-sidi-bouzid-et-monastir-apres-le-drame-de-mazzouna","status":"publish","type":"post","link":"https:\/\/www.webdo.tn\/fr\/actualite\/regions\/tunisie-mobilisations-a-sidi-bouzid-et-monastir-apres-le-drame-de-mazzouna\/221257\/","title":{"rendered":"Tunisie : Mobilisations \u00e0 Sidi Bouzid et Monastir apr\u00e8s le drame de Mazzouna"},"content":{"rendered":"<p>Suite au d\u00e9c\u00e8s de trois lyc\u00e9ens \u00e0 Mazzouna, victimes de l\u2019effondrement d\u2019un mur scolaire, des mouvements de protestation ont eu lieu ce mardi 15 avril \u00e0 Sidi Bouzid et Monastir. \u00a0<\/p>\n<p>A Sidi Bouzid, l\u2019ordre r\u00e9gional des avocats a organis\u00e9 un sit-in et annonc\u00e9 la cr\u00e9ation d\u2019une commission pour engager des poursuites contre les responsables pr\u00e9sum\u00e9s.<\/p>\n<p>A Mazzouna, lors d\u2019une journ\u00e9e de col\u00e8re co\u00efncidant avec les fun\u00e9railles, le syndicat de l\u2019enseignement secondaire a d\u00e9nonc\u00e9 la n\u00e9gligence des autorit\u00e9s, rappelant une alerte \u00e9mise le 28 mars dernier. \u00a0<\/p>\n<p>A Monastir, une journ\u00e9e de deuil a \u00e9t\u00e9 observ\u00e9e devant le commissariat r\u00e9gional de l\u2019\u00e9ducation. Le secr\u00e9taire g\u00e9n\u00e9ral adjoint du syndicat de base de l&rsquo;enseignement secondaire, Mohsen Maghmoura a pr\u00e9cis\u00e9 \u00e0 l&rsquo;Agence TAP que ce mouvement de protestation se veut un appel \u00e0 la n\u00e9cessit\u00e9 de r\u00e9nover les \u00e9tablissements scolaires, notamment, en milieu d\u00e9favoris\u00e9.<\/p>\n","protected":false},"excerpt":{"rendered":"<p>Mobilisations \u00e0 Sidi Bouzid et Monastir apr\u00e8s le drame de Mazzouna : avocats et syndicats protestent et appellent \u00e0 des poursuites et \u00e0 la r\u00e9novation urgente de&#8230;<\/p>\n","protected":false},"author":3162,"featured_media":292226,"comment_status":"open","ping_status":"closed","sticky":false,"template":"","format":"standard","meta":{"footnotes":""},"categories":[2595],"tags":[3124,3209,2938,7121,2692,3240,2955,2608],"class_list":["post-221257","post","type-post","status-publish","format-standard","has-post-thumbnail","hentry","category-regions","tag-drame","tag-eleves","tag-mazzouna","tag-mobilisation","tag-monastir","tag-protestations","tag-sidi-bouzid","tag-tunisie"],"yoast_head":"<!-- This site is optimized with the Yoast SEO Premium plugin v27.5 (Yoast SEO v27.5) - https:\/\/yoast.com\/product\/yoast-seo-premium-wordpress\/ -->\n<title>Tunisie : Mobilisations \u00e0 Sidi Bouzid et Monastir apr\u00e8s le drame de Mazzouna<\/title>\n<meta name=\"description\" content=\"Mobilisations \u00e0 Sidi Bouzid et Monastir apr\u00e8s le drame de Mazzouna : avocats et syndicats protestent et appellent \u00e0 des poursuites et \u00e0 la r\u00e9novation urgente de...\" \/>\n<link rel=\"canonical\" href=\"https:\/\/www.webdo.tn\/fr\/actualite\/regions\/tunisie-mobilisations-a-sidi-bouzid-et-monastir-apres-le-drame-de-mazzouna\/221257\/\" \/>\n<meta property=\"og:locale\" content=\"fr_FR\" \/>\n<meta property=\"og:type\" content=\"article\" \/>\n<meta property=\"og:title\" content=\"Tunisie : Mobilisations \u00e0 Sidi Bouzid et Monastir apr\u00e8s le drame de Mazzouna\" \/>\n<meta property=\"og:description\" content=\"Mobilisations \u00e0 Sidi Bouzid et Monastir apr\u00e8s le drame de Mazzouna : avocats et syndicats protestent et appellent \u00e0 des poursuites et \u00e0 la r\u00e9novation urgente de...\" \/>\n<meta property=\"og:url\" content=\"https:\/\/www.webdo.tn\/fr\/actualite\/regions\/tunisie-mobilisations-a-sidi-bouzid-et-monastir-apres-le-drame-de-mazzouna\/221257\/\" \/>\n<meta property=\"og:site_name\" content=\"webdo\" \/>\n<meta property=\"article:publisher\" content=\"https:\/\/www.facebook.com\/webdotn\" \/>\n<meta property=\"article:published_time\" content=\"2025-04-15T19:57:00+00:00\" \/>\n<meta property=\"article:modified_time\" content=\"2025-05-20T22:17:38+00:00\" \/>\n<meta property=\"og:image\" content=\"https:\/\/www.webdo.tn\/fr\/wp-content\/uploads\/2025\/04\/f02cbac7af6e5771820cfb75e8161f9d.webp\" \/>\n\t<meta property=\"og:image:width\" content=\"720\" \/>\n\t<meta property=\"og:image:height\" content=\"384\" \/>\n\t<meta property=\"og:image:type\" content=\"image\/webp\" \/>\n<meta name=\"author\" content=\"MC\" \/>\n<meta name=\"twitter:card\" content=\"summary_large_image\" \/>\n<meta name=\"twitter:creator\" content=\"@webdo_tn\" \/>\n<meta name=\"twitter:site\" content=\"@webdo_tn\" \/>\n<meta name=\"twitter:label1\" content=\"\u00c9crit par\" \/>\n\t<meta name=\"twitter:data1\" content=\"MC\" \/>\n\t<meta name=\"twitter:label2\" content=\"Dur\u00e9e de lecture estim\u00e9e\" \/>\n\t<meta name=\"twitter:data2\" content=\"1 minute\" \/>\n<script type=\"application\/ld+json\" class=\"yoast-schema-graph\">{\"@context\":\"https:\\\/\\\/schema.org\",\"@graph\":[{\"@type\":\"NewsArticle\",\"@id\":\"https:\\\/\\\/www.webdo.tn\\\/fr\\\/actualite\\\/regions\\\/tunisie-mobilisations-a-sidi-bouzid-et-monastir-apres-le-drame-de-mazzouna\\\/221257\\\/#article\",\"isPartOf\":{\"@id\":\"https:\\\/\\\/www.webdo.tn\\\/fr\\\/actualite\\\/regions\\\/tunisie-mobilisations-a-sidi-bouzid-et-monastir-apres-le-drame-de-mazzouna\\\/221257\\\/\"},\"author\":{\"name\":\"MC\",\"@id\":\"https:\\\/\\\/www.webdo.tn\\\/fr\\\/#\\\/schema\\\/person\\\/2c4929cbf5a809e3bd38617c6ce150f6\"},\"headline\":\"Tunisie : Mobilisations \u00e0 Sidi Bouzid et Monastir apr\u00e8s le drame de Mazzouna\",\"datePublished\":\"2025-04-15T19:57:00+00:00\",\"dateModified\":\"2025-05-20T22:17:38+00:00\",\"mainEntityOfPage\":{\"@id\":\"https:\\\/\\\/www.webdo.tn\\\/fr\\\/actualite\\\/regions\\\/tunisie-mobilisations-a-sidi-bouzid-et-monastir-apres-le-drame-de-mazzouna\\\/221257\\\/\"},\"wordCount\":178,\"commentCount\":0,\"publisher\":{\"@id\":\"https:\\\/\\\/www.webdo.tn\\\/fr\\\/#organization\"},\"image\":{\"@id\":\"https:\\\/\\\/www.webdo.tn\\\/fr\\\/actualite\\\/regions\\\/tunisie-mobilisations-a-sidi-bouzid-et-monastir-apres-le-drame-de-mazzouna\\\/221257\\\/#primaryimage\"},\"thumbnailUrl\":\"https:\\\/\\\/www.webdo.tn\\\/fr\\\/wp-content\\\/uploads\\\/2025\\\/04\\\/f02cbac7af6e5771820cfb75e8161f9d.webp\",\"keywords\":[\"Drame\",\"\u00e9l\u00e8ves\",\"Mazzouna\",\"mobilisation\",\"Monastir\",\"protestations\",\"Sidi Bouzid\",\"Tunisie\"],\"articleSection\":[\"regions\"],\"inLanguage\":\"fr-FR\"},{\"@type\":\"WebPage\",\"@id\":\"https:\\\/\\\/www.webdo.tn\\\/fr\\\/actualite\\\/regions\\\/tunisie-mobilisations-a-sidi-bouzid-et-monastir-apres-le-drame-de-mazzouna\\\/221257\\\/\",\"url\":\"https:\\\/\\\/www.webdo.tn\\\/fr\\\/actualite\\\/regions\\\/tunisie-mobilisations-a-sidi-bouzid-et-monastir-apres-le-drame-de-mazzouna\\\/221257\\\/\",\"name\":\"Tunisie : Mobilisations \u00e0 Sidi Bouzid et Monastir apr\u00e8s le drame de Mazzouna\",\"isPartOf\":{\"@id\":\"https:\\\/\\\/www.webdo.tn\\\/fr\\\/#website\"},\"primaryImageOfPage\":{\"@id\":\"https:\\\/\\\/www.webdo.tn\\\/fr\\\/actualite\\\/regions\\\/tunisie-mobilisations-a-sidi-bouzid-et-monastir-apres-le-drame-de-mazzouna\\\/221257\\\/#primaryimage\"},\"image\":{\"@id\":\"https:\\\/\\\/www.webdo.tn\\\/fr\\\/actualite\\\/regions\\\/tunisie-mobilisations-a-sidi-bouzid-et-monastir-apres-le-drame-de-mazzouna\\\/221257\\\/#primaryimage\"},\"thumbnailUrl\":\"https:\\\/\\\/www.webdo.tn\\\/fr\\\/wp-content\\\/uploads\\\/2025\\\/04\\\/f02cbac7af6e5771820cfb75e8161f9d.webp\",\"datePublished\":\"2025-04-15T19:57:00+00:00\",\"dateModified\":\"2025-05-20T22:17:38+00:00\",\"description\":\"Mobilisations \u00e0 Sidi Bouzid et Monastir apr\u00e8s le drame de Mazzouna : avocats et syndicats protestent et appellent \u00e0 des poursuites et \u00e0 la r\u00e9novation urgente de...\",\"breadcrumb\":{\"@id\":\"https:\\\/\\\/www.webdo.tn\\\/fr\\\/actualite\\\/regions\\\/tunisie-mobilisations-a-sidi-bouzid-et-monastir-apres-le-drame-de-mazzouna\\\/221257\\\/#breadcrumb\"},\"inLanguage\":\"fr-FR\",\"potentialAction\":[{\"@type\":\"ReadAction\",\"target\":[\"https:\\\/\\\/www.webdo.tn\\\/fr\\\/actualite\\\/regions\\\/tunisie-mobilisations-a-sidi-bouzid-et-monastir-apres-le-drame-de-mazzouna\\\/221257\\\/\"]}]},{\"@type\":\"ImageObject\",\"inLanguage\":\"fr-FR\",\"@id\":\"https:\\\/\\\/www.webdo.tn\\\/fr\\\/actualite\\\/regions\\\/tunisie-mobilisations-a-sidi-bouzid-et-monastir-apres-le-drame-de-mazzouna\\\/221257\\\/#primaryimage\",\"url\":\"https:\\\/\\\/www.webdo.tn\\\/fr\\\/wp-content\\\/uploads\\\/2025\\\/04\\\/f02cbac7af6e5771820cfb75e8161f9d.webp\",\"contentUrl\":\"https:\\\/\\\/www.webdo.tn\\\/fr\\\/wp-content\\\/uploads\\\/2025\\\/04\\\/f02cbac7af6e5771820cfb75e8161f9d.webp\",\"width\":720,\"height\":384,\"caption\":\"Tunisie : Mobilisations \u00e0 Sidi Bouzid et Monastir apr\u00e8s le drame de Mazzouna\"},{\"@type\":\"BreadcrumbList\",\"@id\":\"https:\\\/\\\/www.webdo.tn\\\/fr\\\/actualite\\\/regions\\\/tunisie-mobilisations-a-sidi-bouzid-et-monastir-apres-le-drame-de-mazzouna\\\/221257\\\/#breadcrumb\",\"itemListElement\":[{\"@type\":\"ListItem\",\"position\":1,\"name\":\"Accueil\",\"item\":\"https:\\\/\\\/www.webdo.tn\\\/fr\\\/\"},{\"@type\":\"ListItem\",\"position\":2,\"name\":\"Tunisie : Mobilisations \u00e0 Sidi Bouzid et Monastir apr\u00e8s le drame de Mazzouna\"}]},{\"@type\":\"WebSite\",\"@id\":\"https:\\\/\\\/www.webdo.tn\\\/fr\\\/#website\",\"url\":\"https:\\\/\\\/www.webdo.tn\\\/fr\\\/\",\"name\":\"webdo\",\"description\":\"Tunisie - News en Tunisie et \u00e0 l&#039;international sur Webdo.tn\",\"publisher\":{\"@id\":\"https:\\\/\\\/www.webdo.tn\\\/fr\\\/#organization\"},\"potentialAction\":[{\"@type\":\"SearchAction\",\"target\":{\"@type\":\"EntryPoint\",\"urlTemplate\":\"https:\\\/\\\/www.webdo.tn\\\/fr\\\/?s={search_term_string}\"},\"query-input\":{\"@type\":\"PropertyValueSpecification\",\"valueRequired\":true,\"valueName\":\"search_term_string\"}}],\"inLanguage\":\"fr-FR\"},{\"@type\":\"Organization\",\"@id\":\"https:\\\/\\\/www.webdo.tn\\\/fr\\\/#organization\",\"name\":\"Webdo\",\"alternateName\":\"Webdo.tn\",\"url\":\"https:\\\/\\\/www.webdo.tn\\\/fr\\\/\",\"logo\":{\"@type\":\"ImageObject\",\"inLanguage\":\"fr-FR\",\"@id\":\"https:\\\/\\\/www.webdo.tn\\\/fr\\\/#\\\/schema\\\/logo\\\/image\\\/\",\"url\":\"https:\\\/\\\/www.webdo.tn\\\/fr\\\/wp-content\\\/uploads\\\/2025\\\/06\\\/Webdo-Tunisie_168377.jpg\",\"contentUrl\":\"https:\\\/\\\/www.webdo.tn\\\/fr\\\/wp-content\\\/uploads\\\/2025\\\/06\\\/Webdo-Tunisie_168377.jpg\",\"width\":301,\"height\":301,\"caption\":\"Webdo\"},\"image\":{\"@id\":\"https:\\\/\\\/www.webdo.tn\\\/fr\\\/#\\\/schema\\\/logo\\\/image\\\/\"},\"sameAs\":[\"https:\\\/\\\/www.facebook.com\\\/webdotn\",\"https:\\\/\\\/x.com\\\/webdo_tn\"],\"description\":\"Webdo est un m\u00e9dia num\u00e9rique tunisien fond\u00e9 en 2010, sp\u00e9cialis\u00e9 dans l\u2019actualit\u00e9 nationale et internationale, l\u2019\u00e9conomie, la soci\u00e9t\u00e9 et les analyses politiques. Le site s\u2019adresse \u00e0 un large public francophone et couvre l\u2019information tunisienne en temps r\u00e9el.\",\"email\":\"redac@webdo.tn\",\"legalName\":\"YNJ SARL\",\"foundingDate\":\"2010-09-06\",\"numberOfEmployees\":{\"@type\":\"QuantitativeValue\",\"minValue\":\"11\",\"maxValue\":\"50\"}},{\"@type\":\"Person\",\"@id\":\"https:\\\/\\\/www.webdo.tn\\\/fr\\\/#\\\/schema\\\/person\\\/2c4929cbf5a809e3bd38617c6ce150f6\",\"name\":\"MC\",\"image\":{\"@type\":\"ImageObject\",\"inLanguage\":\"fr-FR\",\"@id\":\"https:\\\/\\\/secure.gravatar.com\\\/avatar\\\/a545bbb6f84efdd5553dbbc2895e3ca8f1d12c5215e00a041c9670b54aa9b18a?s=96&d=mm&r=g\",\"url\":\"https:\\\/\\\/secure.gravatar.com\\\/avatar\\\/a545bbb6f84efdd5553dbbc2895e3ca8f1d12c5215e00a041c9670b54aa9b18a?s=96&d=mm&r=g\",\"contentUrl\":\"https:\\\/\\\/secure.gravatar.com\\\/avatar\\\/a545bbb6f84efdd5553dbbc2895e3ca8f1d12c5215e00a041c9670b54aa9b18a?s=96&d=mm&r=g\",\"caption\":\"MC\"},\"url\":\"https:\\\/\\\/www.webdo.tn\\\/fr\\\/actualite\\\/author\\\/mc\\\/\"}]}<\/script>\n<!-- \/ Yoast SEO Premium plugin. -->","yoast_head_json":{"title":"Tunisie : Mobilisations \u00e0 Sidi Bouzid et Monastir apr\u00e8s le drame de Mazzouna","description":"Mobilisations \u00e0 Sidi Bouzid et Monastir apr\u00e8s le drame de Mazzouna : avocats et syndicats protestent et appellent \u00e0 des poursuites et \u00e0 la r\u00e9novation urgente de...","canonical":"https:\/\/www.webdo.tn\/fr\/actualite\/regions\/tunisie-mobilisations-a-sidi-bouzid-et-monastir-apres-le-drame-de-mazzouna\/221257\/","og_locale":"fr_FR","og_type":"article","og_title":"Tunisie : Mobilisations \u00e0 Sidi Bouzid et Monastir apr\u00e8s le drame de Mazzouna","og_description":"Mobilisations \u00e0 Sidi Bouzid et Monastir apr\u00e8s le drame de Mazzouna : avocats et syndicats protestent et appellent \u00e0 des poursuites et \u00e0 la r\u00e9novation urgente de...","og_url":"https:\/\/www.webdo.tn\/fr\/actualite\/regions\/tunisie-mobilisations-a-sidi-bouzid-et-monastir-apres-le-drame-de-mazzouna\/221257\/","og_site_name":"webdo","article_publisher":"https:\/\/www.facebook.com\/webdotn","article_published_time":"2025-04-15T19:57:00+00:00","article_modified_time":"2025-05-20T22:17:38+00:00","og_image":[{"width":720,"height":384,"url":"https:\/\/www.webdo.tn\/fr\/wp-content\/uploads\/2025\/04\/f02cbac7af6e5771820cfb75e8161f9d.webp","type":"image\/webp"}],"author":"MC","twitter_card":"summary_large_image","twitter_creator":"@webdo_tn","twitter_site":"@webdo_tn","twitter_misc":{"\u00c9crit par":"MC","Dur\u00e9e de lecture estim\u00e9e":"1 minute"},"schema":{"@context":"https:\/\/schema.org","@graph":[{"@type":"NewsArticle","@id":"https:\/\/www.webdo.tn\/fr\/actualite\/regions\/tunisie-mobilisations-a-sidi-bouzid-et-monastir-apres-le-drame-de-mazzouna\/221257\/#article","isPartOf":{"@id":"https:\/\/www.webdo.tn\/fr\/actualite\/regions\/tunisie-mobilisations-a-sidi-bouzid-et-monastir-apres-le-drame-de-mazzouna\/221257\/"},"author":{"name":"MC","@id":"https:\/\/www.webdo.tn\/fr\/#\/schema\/person\/2c4929cbf5a809e3bd38617c6ce150f6"},"headline":"Tunisie : Mobilisations \u00e0 Sidi Bouzid et Monastir apr\u00e8s le drame de Mazzouna","datePublished":"2025-04-15T19:57:00+00:00","dateModified":"2025-05-20T22:17:38+00:00","mainEntityOfPage":{"@id":"https:\/\/www.webdo.tn\/fr\/actualite\/regions\/tunisie-mobilisations-a-sidi-bouzid-et-monastir-apres-le-drame-de-mazzouna\/221257\/"},"wordCount":178,"commentCount":0,"publisher":{"@id":"https:\/\/www.webdo.tn\/fr\/#organization"},"image":{"@id":"https:\/\/www.webdo.tn\/fr\/actualite\/regions\/tunisie-mobilisations-a-sidi-bouzid-et-monastir-apres-le-drame-de-mazzouna\/221257\/#primaryimage"},"thumbnailUrl":"https:\/\/www.webdo.tn\/fr\/wp-content\/uploads\/2025\/04\/f02cbac7af6e5771820cfb75e8161f9d.webp","keywords":["Drame","\u00e9l\u00e8ves","Mazzouna","mobilisation","Monastir","protestations","Sidi Bouzid","Tunisie"],"articleSection":["regions"],"inLanguage":"fr-FR"},{"@type":"WebPage","@id":"https:\/\/www.webdo.tn\/fr\/actualite\/regions\/tunisie-mobilisations-a-sidi-bouzid-et-monastir-apres-le-drame-de-mazzouna\/221257\/","url":"https:\/\/www.webdo.tn\/fr\/actualite\/regions\/tunisie-mobilisations-a-sidi-bouzid-et-monastir-apres-le-drame-de-mazzouna\/221257\/","name":"Tunisie : Mobilisations \u00e0 Sidi Bouzid et Monastir apr\u00e8s le drame de Mazzouna","isPartOf":{"@id":"https:\/\/www.webdo.tn\/fr\/#website"},"primaryImageOfPage":{"@id":"https:\/\/www.webdo.tn\/fr\/actualite\/regions\/tunisie-mobilisations-a-sidi-bouzid-et-monastir-apres-le-drame-de-mazzouna\/221257\/#primaryimage"},"image":{"@id":"https:\/\/www.webdo.tn\/fr\/actualite\/regions\/tunisie-mobilisations-a-sidi-bouzid-et-monastir-apres-le-drame-de-mazzouna\/221257\/#primaryimage"},"thumbnailUrl":"https:\/\/www.webdo.tn\/fr\/wp-content\/uploads\/2025\/04\/f02cbac7af6e5771820cfb75e8161f9d.webp","datePublished":"2025-04-15T19:57:00+00:00","dateModified":"2025-05-20T22:17:38+00:00","description":"Mobilisations \u00e0 Sidi Bouzid et Monastir apr\u00e8s le drame de Mazzouna : avocats et syndicats protestent et appellent \u00e0 des poursuites et \u00e0 la r\u00e9novation urgente de...","breadcrumb":{"@id":"https:\/\/www.webdo.tn\/fr\/actualite\/regions\/tunisie-mobilisations-a-sidi-bouzid-et-monastir-apres-le-drame-de-mazzouna\/221257\/#breadcrumb"},"inLanguage":"fr-FR","potentialAction":[{"@type":"ReadAction","target":["https:\/\/www.webdo.tn\/fr\/actualite\/regions\/tunisie-mobilisations-a-sidi-bouzid-et-monastir-apres-le-drame-de-mazzouna\/221257\/"]}]},{"@type":"ImageObject","inLanguage":"fr-FR","@id":"https:\/\/www.webdo.tn\/fr\/actualite\/regions\/tunisie-mobilisations-a-sidi-bouzid-et-monastir-apres-le-drame-de-mazzouna\/221257\/#primaryimage","url":"https:\/\/www.webdo.tn\/fr\/wp-content\/uploads\/2025\/04\/f02cbac7af6e5771820cfb75e8161f9d.webp","contentUrl":"https:\/\/www.webdo.tn\/fr\/wp-content\/uploads\/2025\/04\/f02cbac7af6e5771820cfb75e8161f9d.webp","width":720,"height":384,"caption":"Tunisie : Mobilisations \u00e0 Sidi Bouzid et Monastir apr\u00e8s le drame de Mazzouna"},{"@type":"BreadcrumbList","@id":"https:\/\/www.webdo.tn\/fr\/actualite\/regions\/tunisie-mobilisations-a-sidi-bouzid-et-monastir-apres-le-drame-de-mazzouna\/221257\/#breadcrumb","itemListElement":[{"@type":"ListItem","position":1,"name":"Accueil","item":"https:\/\/www.webdo.tn\/fr\/"},{"@type":"ListItem","position":2,"name":"Tunisie : Mobilisations \u00e0 Sidi Bouzid et Monastir apr\u00e8s le drame de Mazzouna"}]},{"@type":"WebSite","@id":"https:\/\/www.webdo.tn\/fr\/#website","url":"https:\/\/www.webdo.tn\/fr\/","name":"webdo","description":"Tunisie - News en Tunisie et \u00e0 l&#039;international sur Webdo.tn","publisher":{"@id":"https:\/\/www.webdo.tn\/fr\/#organization"},"potentialAction":[{"@type":"SearchAction","target":{"@type":"EntryPoint","urlTemplate":"https:\/\/www.webdo.tn\/fr\/?s={search_term_string}"},"query-input":{"@type":"PropertyValueSpecification","valueRequired":true,"valueName":"search_term_string"}}],"inLanguage":"fr-FR"},{"@type":"Organization","@id":"https:\/\/www.webdo.tn\/fr\/#organization","name":"Webdo","alternateName":"Webdo.tn","url":"https:\/\/www.webdo.tn\/fr\/","logo":{"@type":"ImageObject","inLanguage":"fr-FR","@id":"https:\/\/www.webdo.tn\/fr\/#\/schema\/logo\/image\/","url":"https:\/\/www.webdo.tn\/fr\/wp-content\/uploads\/2025\/06\/Webdo-Tunisie_168377.jpg","contentUrl":"https:\/\/www.webdo.tn\/fr\/wp-content\/uploads\/2025\/06\/Webdo-Tunisie_168377.jpg","width":301,"height":301,"caption":"Webdo"},"image":{"@id":"https:\/\/www.webdo.tn\/fr\/#\/schema\/logo\/image\/"},"sameAs":["https:\/\/www.facebook.com\/webdotn","https:\/\/x.com\/webdo_tn"],"description":"Webdo est un m\u00e9dia num\u00e9rique tunisien fond\u00e9 en 2010, sp\u00e9cialis\u00e9 dans l\u2019actualit\u00e9 nationale et internationale, l\u2019\u00e9conomie, la soci\u00e9t\u00e9 et les analyses politiques. Le site s\u2019adresse \u00e0 un large public francophone et couvre l\u2019information tunisienne en temps r\u00e9el.","email":"redac@webdo.tn","legalName":"YNJ SARL","foundingDate":"2010-09-06","numberOfEmployees":{"@type":"QuantitativeValue","minValue":"11","maxValue":"50"}},{"@type":"Person","@id":"https:\/\/www.webdo.tn\/fr\/#\/schema\/person\/2c4929cbf5a809e3bd38617c6ce150f6","name":"MC","image":{"@type":"ImageObject","inLanguage":"fr-FR","@id":"https:\/\/secure.gravatar.com\/avatar\/a545bbb6f84efdd5553dbbc2895e3ca8f1d12c5215e00a041c9670b54aa9b18a?s=96&d=mm&r=g","url":"https:\/\/secure.gravatar.com\/avatar\/a545bbb6f84efdd5553dbbc2895e3ca8f1d12c5215e00a041c9670b54aa9b18a?s=96&d=mm&r=g","contentUrl":"https:\/\/secure.gravatar.com\/avatar\/a545bbb6f84efdd5553dbbc2895e3ca8f1d12c5215e00a041c9670b54aa9b18a?s=96&d=mm&r=g","caption":"MC"},"url":"https:\/\/www.webdo.tn\/fr\/actualite\/author\/mc\/"}]}},"_links":{"self":[{"href":"https:\/\/www.webdo.tn\/fr\/wp-json\/wp\/v2\/posts\/221257","targetHints":{"allow":["GET"]}}],"collection":[{"href":"https:\/\/www.webdo.tn\/fr\/wp-json\/wp\/v2\/posts"}],"about":[{"href":"https:\/\/www.webdo.tn\/fr\/wp-json\/wp\/v2\/types\/post"}],"author":[{"embeddable":true,"href":"https:\/\/www.webdo.tn\/fr\/wp-json\/wp\/v2\/users\/3162"}],"replies":[{"embeddable":true,"href":"https:\/\/www.webdo.tn\/fr\/wp-json\/wp\/v2\/comments?post=221257"}],"version-history":[{"count":0,"href":"https:\/\/www.webdo.tn\/fr\/wp-json\/wp\/v2\/posts\/221257\/revisions"}],"wp:featuredmedia":[{"embeddable":true,"href":"https:\/\/www.webdo.tn\/fr\/wp-json\/wp\/v2\/media\/292226"}],"wp:attachment":[{"href":"https:\/\/www.webdo.tn\/fr\/wp-json\/wp\/v2\/media?parent=221257"}],"wp:term":[{"taxonomy":"category","embeddable":true,"href":"https:\/\/www.webdo.tn\/fr\/wp-json\/wp\/v2\/categories?post=221257"},{"taxonomy":"post_tag","embeddable":true,"href":"https:\/\/www.webdo.tn\/fr\/wp-json\/wp\/v2\/tags?post=221257"}],"curies":[{"name":"wp","href":"https:\/\/api.w.org\/{rel}","templated":true}]}}