{"id":221255,"date":"2025-04-15T19:11:00","date_gmt":"2025-04-15T19:11:00","guid":{"rendered":"https:\/\/www.webdo.tn\/fr\/blog\/2025\/04\/15\/tunisie-drame-de-mazzouna-des-partis-politiques-accusent-l-etat-et-reclament-des-reformes-urgentes\/"},"modified":"2025-05-20T21:41:13","modified_gmt":"2025-05-20T21:41:13","slug":"tunisie-drame-de-mazzouna-des-partis-politiques-accusent-l-etat-et-reclament-des-reformes-urgentes","status":"publish","type":"post","link":"https:\/\/www.webdo.tn\/fr\/actualite\/national\/tunisie-drame-de-mazzouna-des-partis-politiques-accusent-l-etat-et-reclament-des-reformes-urgentes\/221255\/","title":{"rendered":"Tunisie &#8211; Drame de Mazzouna : Des partis politiques accusent l&rsquo;\u00c9tat et r\u00e9clament des r\u00e9formes urgentes"},"content":{"rendered":"<p>A la suite de l\u2019effondrement tragique d\u2019un pan du mur du lyc\u00e9e secondaire de Mazzouna, dans le gouvernorat de Sidi Bouzid, qui a co\u00fbt\u00e9 la vie \u00e0 trois \u00e9l\u00e8ves et bless\u00e9 deux autres, plusieurs partis politiques ont vivement r\u00e9agi en d\u00e9non\u00e7ant la d\u00e9faillance des autorit\u00e9s publiques \u00e0 tous les niveaux. Ils appellent \u00e0 la transparence, \u00e0 la reddition des comptes et \u00e0 une r\u00e9forme urgente du syst\u00e8me \u00e9ducatif.<\/p>\n<p>\t\t\t\t\t\t\t\t\tAppels \u00e0 la responsabilit\u00e9 politique<\/p>\n<p>Le parti al-Joumhouri a exprim\u00e9, d\u00e8s lundi, sa \u00ab profonde indignation \u00bb face \u00e0 ce drame qu\u2019il qualifie de cons\u00e9quence directe d\u2019une n\u00e9gligence institutionnelle prolong\u00e9e. Il a tenu la pr\u00e9sidence de la R\u00e9publique ainsi que le gouvernement pour responsables, tant sur le plan moral que politique, de la d\u00e9gradation alarmante des \u00e9tablissements scolaires publics.<\/p>\n<p>Exigence d&rsquo;une enqu\u00eate judiciaire ind\u00e9pendante<\/p>\n<p>De son c\u00f4t\u00e9, le Courant Populaire a appel\u00e9 \u00e0 l\u2019ouverture imm\u00e9diate d\u2019une enqu\u00eate judiciaire pour d\u00e9terminer les responsabilit\u00e9s, non seulement au niveau local, mais \u00e9galement r\u00e9gional et national. Le parti consid\u00e8re cet incident comme un r\u00e9v\u00e9lateur d\u2019une crise structurelle qui touche l\u2019ensemble du syst\u00e8me \u00e9ducatif, en particulier dans les r\u00e9gions marginalis\u00e9es de l\u2019int\u00e9rieur du pays.<\/p>\n<p>Ennahdha plaide pour un plan national de r\u00e9habilitation<\/p>\n<p>Le mouvement Ennahdha, pour sa part, a fermement condamn\u00e9 \u00ab la n\u00e9gligence chronique \u00bb des autorit\u00e9s, estimant que cette catastrophe aurait pu \u00eatre \u00e9vit\u00e9e si les infrastructures scolaires avaient \u00e9t\u00e9 r\u00e9guli\u00e8rement inspect\u00e9es et r\u00e9nov\u00e9es. Le parti appelle \u00e0 l\u2019\u00e9laboration en urgence d\u2019un plan national de r\u00e9habilitation des \u00e9tablissements \u00e9ducatifs publics, afin de pr\u00e9venir de futurs drames.<\/p>\n<p>Al-Massar r\u00e9clame une r\u00e9forme globale du syst\u00e8me \u00e9ducatif<\/p>\n<p>Le parti al-Massar a soulign\u00e9 l\u2019ampleur de la crise que traverse l\u2019\u00e9cole publique tunisienne, marqu\u00e9e par l&rsquo;absence d\u2019entretien, le manque de suivi et des budgets insuffisants. Selon lui, ce drame met en lumi\u00e8re l\u2019urgence de lancer une r\u00e9forme en profondeur du syst\u00e8me \u00e9ducatif, incluant \u00e0 la fois l\u2019am\u00e9lioration des infrastructures, la formation des enseignants et la r\u00e9vision des contenus p\u00e9dagogiques.<\/p>\n<p>Le Parti destourien libre d\u00e9nonce une d\u00e9faillance g\u00e9n\u00e9ralis\u00e9e<\/p>\n<p>Quant au Parti destourien libre (PDL), il a point\u00e9 du doigt l\u2019abandon total des \u00e9tablissements scolaires par l\u2019\u00c9tat, accusant les autorit\u00e9s de ne pas assurer la s\u00e9curit\u00e9 des \u00e9l\u00e8ves, enseignants et cadres administratifs. Le PDL estime que ce drame est le r\u00e9sultat pr\u00e9visible d\u2019ann\u00e9es de laxisme, en particulier dans les \u00e9coles en situation de v\u00e9tust\u00e9 extr\u00eame.<\/p>\n<p>Un drame r\u00e9v\u00e9lateur d\u2019un malaise national<\/p>\n<p>L\u2019effondrement survenu lundi 14 avril 2025 \u00e0 Mezzouna n\u2019est pas un cas isol\u00e9. Il vient illustrer l\u2019\u00e9tat de d\u00e9labrement avanc\u00e9 d\u2019un grand nombre d\u2019\u00e9tablissements scolaires en Tunisie, en particulier dans les r\u00e9gions rurales et d\u00e9favoris\u00e9es. Selon des chiffres r\u00e9cents, plus de 4500 \u00e9coles sur les 6102 que compte le pays n\u00e9cessitent des travaux urgents.<\/p>\n<p>Deux des victimes sont d\u00e9c\u00e9d\u00e9es sur les lieux du drame, tandis que la troisi\u00e8me a succomb\u00e9 \u00e0 ses blessures en route vers l\u2019h\u00f4pital r\u00e9gional. Deux autres \u00e9l\u00e8ves bless\u00e9s sont toujours en soins, leur \u00e9tat est stable.<\/p>\n<p>Ce drame a provoqu\u00e9 une onde de choc dans tout le pays, donnant lieu \u00e0 une gr\u00e8ve g\u00e9n\u00e9rale \u00e0 Mazzouna, \u00e0 des c\u00e9r\u00e9monies d\u2019hommage, mais aussi \u00e0 un vaste mouvement de contestation r\u00e9clamant v\u00e9rit\u00e9, justice et r\u00e9formes concr\u00e8tes.<\/p>\n","protected":false},"excerpt":{"rendered":"<p>Apr\u00e8s la mort tragique de trois \u00e9l\u00e8ves \u00e0 Mazzouna, plusieurs partis politiques tunisiens d\u00e9noncent la n\u00e9gligence de l\u2019\u00c9tat et appellent \u00e0 des r\u00e9formes urgentes&#8230;<\/p>\n","protected":false},"author":3162,"featured_media":241164,"comment_status":"open","ping_status":"open","sticky":false,"template":"","format":"standard","meta":{"footnotes":""},"categories":[44],"tags":[3124,2938,3221,3222,2608],"class_list":["post-221255","post","type-post","status-publish","format-standard","has-post-thumbnail","hentry","category-national","tag-drame","tag-mazzouna","tag-partis-politiques","tag-reactions","tag-tunisie"],"yoast_head":"<!-- This site is optimized with the Yoast SEO Premium plugin v27.5 (Yoast SEO v27.5) - https:\/\/yoast.com\/product\/yoast-seo-premium-wordpress\/ -->\n<title>Tunisie - Drame de Mazzouna : Des partis politiques accusent l&#039;\u00c9tat et r\u00e9clament des r\u00e9formes urgentes<\/title>\n<meta name=\"description\" content=\"Apr\u00e8s la mort tragique de trois \u00e9l\u00e8ves \u00e0 Mazzouna, plusieurs partis politiques tunisiens d\u00e9noncent la n\u00e9gligence de l\u2019\u00c9tat et appellent \u00e0 des r\u00e9formes urgentes...\" \/>\n<link rel=\"canonical\" href=\"https:\/\/www.webdo.tn\/fr\/actualite\/national\/tunisie-drame-de-mazzouna-des-partis-politiques-accusent-l-etat-et-reclament-des-reformes-urgentes\/221255\/\" \/>\n<meta property=\"og:locale\" content=\"fr_FR\" \/>\n<meta property=\"og:type\" content=\"article\" \/>\n<meta property=\"og:title\" content=\"Tunisie - Drame de Mazzouna : Des partis politiques accusent l&#039;\u00c9tat et r\u00e9clament des r\u00e9formes urgentes\" \/>\n<meta property=\"og:description\" content=\"Apr\u00e8s la mort tragique de trois \u00e9l\u00e8ves \u00e0 Mazzouna, plusieurs partis politiques tunisiens d\u00e9noncent la n\u00e9gligence de l\u2019\u00c9tat et appellent \u00e0 des r\u00e9formes urgentes...\" \/>\n<meta property=\"og:url\" content=\"https:\/\/www.webdo.tn\/fr\/actualite\/national\/tunisie-drame-de-mazzouna-des-partis-politiques-accusent-l-etat-et-reclament-des-reformes-urgentes\/221255\/\" \/>\n<meta property=\"og:site_name\" content=\"webdo\" \/>\n<meta property=\"article:publisher\" content=\"https:\/\/www.facebook.com\/webdotn\" \/>\n<meta property=\"article:published_time\" content=\"2025-04-15T19:11:00+00:00\" \/>\n<meta property=\"article:modified_time\" content=\"2025-05-20T21:41:13+00:00\" \/>\n<meta property=\"og:image\" content=\"https:\/\/www.webdo.tn\/fr\/wp-content\/uploads\/2025\/05\/1fe4a425016d9908ab105da4ddda3e06-3.webp\" \/>\n\t<meta property=\"og:image:width\" content=\"750\" \/>\n\t<meta property=\"og:image:height\" content=\"400\" \/>\n\t<meta property=\"og:image:type\" content=\"image\/webp\" \/>\n<meta name=\"author\" content=\"MC\" \/>\n<meta name=\"twitter:card\" content=\"summary_large_image\" \/>\n<meta name=\"twitter:creator\" content=\"@webdo_tn\" \/>\n<meta name=\"twitter:site\" content=\"@webdo_tn\" \/>\n<meta name=\"twitter:label1\" content=\"\u00c9crit par\" \/>\n\t<meta name=\"twitter:data1\" content=\"MC\" \/>\n\t<meta name=\"twitter:label2\" content=\"Dur\u00e9e de lecture estim\u00e9e\" \/>\n\t<meta name=\"twitter:data2\" content=\"3 minutes\" \/>\n<script type=\"application\/ld+json\" class=\"yoast-schema-graph\">{\"@context\":\"https:\\\/\\\/schema.org\",\"@graph\":[{\"@type\":\"NewsArticle\",\"@id\":\"https:\\\/\\\/www.webdo.tn\\\/fr\\\/actualite\\\/national\\\/tunisie-drame-de-mazzouna-des-partis-politiques-accusent-l-etat-et-reclament-des-reformes-urgentes\\\/221255\\\/#article\",\"isPartOf\":{\"@id\":\"https:\\\/\\\/www.webdo.tn\\\/fr\\\/actualite\\\/national\\\/tunisie-drame-de-mazzouna-des-partis-politiques-accusent-l-etat-et-reclament-des-reformes-urgentes\\\/221255\\\/\"},\"author\":{\"name\":\"MC\",\"@id\":\"https:\\\/\\\/www.webdo.tn\\\/fr\\\/#\\\/schema\\\/person\\\/2c4929cbf5a809e3bd38617c6ce150f6\"},\"headline\":\"Tunisie &#8211; Drame de Mazzouna : Des partis politiques accusent l&rsquo;\u00c9tat et r\u00e9clament des r\u00e9formes urgentes\",\"datePublished\":\"2025-04-15T19:11:00+00:00\",\"dateModified\":\"2025-05-20T21:41:13+00:00\",\"mainEntityOfPage\":{\"@id\":\"https:\\\/\\\/www.webdo.tn\\\/fr\\\/actualite\\\/national\\\/tunisie-drame-de-mazzouna-des-partis-politiques-accusent-l-etat-et-reclament-des-reformes-urgentes\\\/221255\\\/\"},\"wordCount\":631,\"commentCount\":0,\"publisher\":{\"@id\":\"https:\\\/\\\/www.webdo.tn\\\/fr\\\/#organization\"},\"image\":{\"@id\":\"https:\\\/\\\/www.webdo.tn\\\/fr\\\/actualite\\\/national\\\/tunisie-drame-de-mazzouna-des-partis-politiques-accusent-l-etat-et-reclament-des-reformes-urgentes\\\/221255\\\/#primaryimage\"},\"thumbnailUrl\":\"https:\\\/\\\/www.webdo.tn\\\/fr\\\/wp-content\\\/uploads\\\/2025\\\/05\\\/1fe4a425016d9908ab105da4ddda3e06-3.webp\",\"keywords\":[\"Drame\",\"Mazzouna\",\"partis politiques\",\"r\u00e9actions\",\"Tunisie\"],\"articleSection\":[\"National\"],\"inLanguage\":\"fr-FR\"},{\"@type\":\"WebPage\",\"@id\":\"https:\\\/\\\/www.webdo.tn\\\/fr\\\/actualite\\\/national\\\/tunisie-drame-de-mazzouna-des-partis-politiques-accusent-l-etat-et-reclament-des-reformes-urgentes\\\/221255\\\/\",\"url\":\"https:\\\/\\\/www.webdo.tn\\\/fr\\\/actualite\\\/national\\\/tunisie-drame-de-mazzouna-des-partis-politiques-accusent-l-etat-et-reclament-des-reformes-urgentes\\\/221255\\\/\",\"name\":\"Tunisie - Drame de Mazzouna : Des partis politiques accusent l'\u00c9tat et r\u00e9clament des r\u00e9formes urgentes\",\"isPartOf\":{\"@id\":\"https:\\\/\\\/www.webdo.tn\\\/fr\\\/#website\"},\"primaryImageOfPage\":{\"@id\":\"https:\\\/\\\/www.webdo.tn\\\/fr\\\/actualite\\\/national\\\/tunisie-drame-de-mazzouna-des-partis-politiques-accusent-l-etat-et-reclament-des-reformes-urgentes\\\/221255\\\/#primaryimage\"},\"image\":{\"@id\":\"https:\\\/\\\/www.webdo.tn\\\/fr\\\/actualite\\\/national\\\/tunisie-drame-de-mazzouna-des-partis-politiques-accusent-l-etat-et-reclament-des-reformes-urgentes\\\/221255\\\/#primaryimage\"},\"thumbnailUrl\":\"https:\\\/\\\/www.webdo.tn\\\/fr\\\/wp-content\\\/uploads\\\/2025\\\/05\\\/1fe4a425016d9908ab105da4ddda3e06-3.webp\",\"datePublished\":\"2025-04-15T19:11:00+00:00\",\"dateModified\":\"2025-05-20T21:41:13+00:00\",\"description\":\"Apr\u00e8s la mort tragique de trois \u00e9l\u00e8ves \u00e0 Mazzouna, plusieurs partis politiques tunisiens d\u00e9noncent la n\u00e9gligence de l\u2019\u00c9tat et appellent \u00e0 des r\u00e9formes urgentes...\",\"breadcrumb\":{\"@id\":\"https:\\\/\\\/www.webdo.tn\\\/fr\\\/actualite\\\/national\\\/tunisie-drame-de-mazzouna-des-partis-politiques-accusent-l-etat-et-reclament-des-reformes-urgentes\\\/221255\\\/#breadcrumb\"},\"inLanguage\":\"fr-FR\",\"potentialAction\":[{\"@type\":\"ReadAction\",\"target\":[\"https:\\\/\\\/www.webdo.tn\\\/fr\\\/actualite\\\/national\\\/tunisie-drame-de-mazzouna-des-partis-politiques-accusent-l-etat-et-reclament-des-reformes-urgentes\\\/221255\\\/\"]}]},{\"@type\":\"ImageObject\",\"inLanguage\":\"fr-FR\",\"@id\":\"https:\\\/\\\/www.webdo.tn\\\/fr\\\/actualite\\\/national\\\/tunisie-drame-de-mazzouna-des-partis-politiques-accusent-l-etat-et-reclament-des-reformes-urgentes\\\/221255\\\/#primaryimage\",\"url\":\"https:\\\/\\\/www.webdo.tn\\\/fr\\\/wp-content\\\/uploads\\\/2025\\\/05\\\/1fe4a425016d9908ab105da4ddda3e06-3.webp\",\"contentUrl\":\"https:\\\/\\\/www.webdo.tn\\\/fr\\\/wp-content\\\/uploads\\\/2025\\\/05\\\/1fe4a425016d9908ab105da4ddda3e06-3.webp\",\"width\":750,\"height\":400},{\"@type\":\"BreadcrumbList\",\"@id\":\"https:\\\/\\\/www.webdo.tn\\\/fr\\\/actualite\\\/national\\\/tunisie-drame-de-mazzouna-des-partis-politiques-accusent-l-etat-et-reclament-des-reformes-urgentes\\\/221255\\\/#breadcrumb\",\"itemListElement\":[{\"@type\":\"ListItem\",\"position\":1,\"name\":\"Accueil\",\"item\":\"https:\\\/\\\/www.webdo.tn\\\/fr\\\/\"},{\"@type\":\"ListItem\",\"position\":2,\"name\":\"Tunisie &#8211; Drame de Mazzouna : Des partis politiques accusent l&#8217;\u00c9tat et r\u00e9clament des r\u00e9formes urgentes\"}]},{\"@type\":\"WebSite\",\"@id\":\"https:\\\/\\\/www.webdo.tn\\\/fr\\\/#website\",\"url\":\"https:\\\/\\\/www.webdo.tn\\\/fr\\\/\",\"name\":\"webdo\",\"description\":\"Tunisie - News en Tunisie et \u00e0 l&#039;international sur Webdo.tn\",\"publisher\":{\"@id\":\"https:\\\/\\\/www.webdo.tn\\\/fr\\\/#organization\"},\"potentialAction\":[{\"@type\":\"SearchAction\",\"target\":{\"@type\":\"EntryPoint\",\"urlTemplate\":\"https:\\\/\\\/www.webdo.tn\\\/fr\\\/?s={search_term_string}\"},\"query-input\":{\"@type\":\"PropertyValueSpecification\",\"valueRequired\":true,\"valueName\":\"search_term_string\"}}],\"inLanguage\":\"fr-FR\"},{\"@type\":\"Organization\",\"@id\":\"https:\\\/\\\/www.webdo.tn\\\/fr\\\/#organization\",\"name\":\"Webdo\",\"alternateName\":\"Webdo.tn\",\"url\":\"https:\\\/\\\/www.webdo.tn\\\/fr\\\/\",\"logo\":{\"@type\":\"ImageObject\",\"inLanguage\":\"fr-FR\",\"@id\":\"https:\\\/\\\/www.webdo.tn\\\/fr\\\/#\\\/schema\\\/logo\\\/image\\\/\",\"url\":\"https:\\\/\\\/www.webdo.tn\\\/fr\\\/wp-content\\\/uploads\\\/2025\\\/06\\\/Webdo-Tunisie_168377.jpg\",\"contentUrl\":\"https:\\\/\\\/www.webdo.tn\\\/fr\\\/wp-content\\\/uploads\\\/2025\\\/06\\\/Webdo-Tunisie_168377.jpg\",\"width\":301,\"height\":301,\"caption\":\"Webdo\"},\"image\":{\"@id\":\"https:\\\/\\\/www.webdo.tn\\\/fr\\\/#\\\/schema\\\/logo\\\/image\\\/\"},\"sameAs\":[\"https:\\\/\\\/www.facebook.com\\\/webdotn\",\"https:\\\/\\\/x.com\\\/webdo_tn\"],\"description\":\"Webdo est un m\u00e9dia num\u00e9rique tunisien fond\u00e9 en 2010, sp\u00e9cialis\u00e9 dans l\u2019actualit\u00e9 nationale et internationale, l\u2019\u00e9conomie, la soci\u00e9t\u00e9 et les analyses politiques. Le site s\u2019adresse \u00e0 un large public francophone et couvre l\u2019information tunisienne en temps r\u00e9el.\",\"email\":\"redac@webdo.tn\",\"legalName\":\"YNJ SARL\",\"foundingDate\":\"2010-09-06\",\"numberOfEmployees\":{\"@type\":\"QuantitativeValue\",\"minValue\":\"11\",\"maxValue\":\"50\"}},{\"@type\":\"Person\",\"@id\":\"https:\\\/\\\/www.webdo.tn\\\/fr\\\/#\\\/schema\\\/person\\\/2c4929cbf5a809e3bd38617c6ce150f6\",\"name\":\"MC\",\"image\":{\"@type\":\"ImageObject\",\"inLanguage\":\"fr-FR\",\"@id\":\"https:\\\/\\\/secure.gravatar.com\\\/avatar\\\/a545bbb6f84efdd5553dbbc2895e3ca8f1d12c5215e00a041c9670b54aa9b18a?s=96&d=mm&r=g\",\"url\":\"https:\\\/\\\/secure.gravatar.com\\\/avatar\\\/a545bbb6f84efdd5553dbbc2895e3ca8f1d12c5215e00a041c9670b54aa9b18a?s=96&d=mm&r=g\",\"contentUrl\":\"https:\\\/\\\/secure.gravatar.com\\\/avatar\\\/a545bbb6f84efdd5553dbbc2895e3ca8f1d12c5215e00a041c9670b54aa9b18a?s=96&d=mm&r=g\",\"caption\":\"MC\"},\"url\":\"https:\\\/\\\/www.webdo.tn\\\/fr\\\/actualite\\\/author\\\/mc\\\/\"}]}<\/script>\n<!-- \/ Yoast SEO Premium plugin. -->","yoast_head_json":{"title":"Tunisie - Drame de Mazzouna : Des partis politiques accusent l'\u00c9tat et r\u00e9clament des r\u00e9formes urgentes","description":"Apr\u00e8s la mort tragique de trois \u00e9l\u00e8ves \u00e0 Mazzouna, plusieurs partis politiques tunisiens d\u00e9noncent la n\u00e9gligence de l\u2019\u00c9tat et appellent \u00e0 des r\u00e9formes urgentes...","canonical":"https:\/\/www.webdo.tn\/fr\/actualite\/national\/tunisie-drame-de-mazzouna-des-partis-politiques-accusent-l-etat-et-reclament-des-reformes-urgentes\/221255\/","og_locale":"fr_FR","og_type":"article","og_title":"Tunisie - Drame de Mazzouna : Des partis politiques accusent l'\u00c9tat et r\u00e9clament des r\u00e9formes urgentes","og_description":"Apr\u00e8s la mort tragique de trois \u00e9l\u00e8ves \u00e0 Mazzouna, plusieurs partis politiques tunisiens d\u00e9noncent la n\u00e9gligence de l\u2019\u00c9tat et appellent \u00e0 des r\u00e9formes urgentes...","og_url":"https:\/\/www.webdo.tn\/fr\/actualite\/national\/tunisie-drame-de-mazzouna-des-partis-politiques-accusent-l-etat-et-reclament-des-reformes-urgentes\/221255\/","og_site_name":"webdo","article_publisher":"https:\/\/www.facebook.com\/webdotn","article_published_time":"2025-04-15T19:11:00+00:00","article_modified_time":"2025-05-20T21:41:13+00:00","og_image":[{"width":750,"height":400,"url":"https:\/\/www.webdo.tn\/fr\/wp-content\/uploads\/2025\/05\/1fe4a425016d9908ab105da4ddda3e06-3.webp","type":"image\/webp"}],"author":"MC","twitter_card":"summary_large_image","twitter_creator":"@webdo_tn","twitter_site":"@webdo_tn","twitter_misc":{"\u00c9crit par":"MC","Dur\u00e9e de lecture estim\u00e9e":"3 minutes"},"schema":{"@context":"https:\/\/schema.org","@graph":[{"@type":"NewsArticle","@id":"https:\/\/www.webdo.tn\/fr\/actualite\/national\/tunisie-drame-de-mazzouna-des-partis-politiques-accusent-l-etat-et-reclament-des-reformes-urgentes\/221255\/#article","isPartOf":{"@id":"https:\/\/www.webdo.tn\/fr\/actualite\/national\/tunisie-drame-de-mazzouna-des-partis-politiques-accusent-l-etat-et-reclament-des-reformes-urgentes\/221255\/"},"author":{"name":"MC","@id":"https:\/\/www.webdo.tn\/fr\/#\/schema\/person\/2c4929cbf5a809e3bd38617c6ce150f6"},"headline":"Tunisie &#8211; Drame de Mazzouna : Des partis politiques accusent l&rsquo;\u00c9tat et r\u00e9clament des r\u00e9formes urgentes","datePublished":"2025-04-15T19:11:00+00:00","dateModified":"2025-05-20T21:41:13+00:00","mainEntityOfPage":{"@id":"https:\/\/www.webdo.tn\/fr\/actualite\/national\/tunisie-drame-de-mazzouna-des-partis-politiques-accusent-l-etat-et-reclament-des-reformes-urgentes\/221255\/"},"wordCount":631,"commentCount":0,"publisher":{"@id":"https:\/\/www.webdo.tn\/fr\/#organization"},"image":{"@id":"https:\/\/www.webdo.tn\/fr\/actualite\/national\/tunisie-drame-de-mazzouna-des-partis-politiques-accusent-l-etat-et-reclament-des-reformes-urgentes\/221255\/#primaryimage"},"thumbnailUrl":"https:\/\/www.webdo.tn\/fr\/wp-content\/uploads\/2025\/05\/1fe4a425016d9908ab105da4ddda3e06-3.webp","keywords":["Drame","Mazzouna","partis politiques","r\u00e9actions","Tunisie"],"articleSection":["National"],"inLanguage":"fr-FR"},{"@type":"WebPage","@id":"https:\/\/www.webdo.tn\/fr\/actualite\/national\/tunisie-drame-de-mazzouna-des-partis-politiques-accusent-l-etat-et-reclament-des-reformes-urgentes\/221255\/","url":"https:\/\/www.webdo.tn\/fr\/actualite\/national\/tunisie-drame-de-mazzouna-des-partis-politiques-accusent-l-etat-et-reclament-des-reformes-urgentes\/221255\/","name":"Tunisie - Drame de Mazzouna : Des partis politiques accusent l'\u00c9tat et r\u00e9clament des r\u00e9formes urgentes","isPartOf":{"@id":"https:\/\/www.webdo.tn\/fr\/#website"},"primaryImageOfPage":{"@id":"https:\/\/www.webdo.tn\/fr\/actualite\/national\/tunisie-drame-de-mazzouna-des-partis-politiques-accusent-l-etat-et-reclament-des-reformes-urgentes\/221255\/#primaryimage"},"image":{"@id":"https:\/\/www.webdo.tn\/fr\/actualite\/national\/tunisie-drame-de-mazzouna-des-partis-politiques-accusent-l-etat-et-reclament-des-reformes-urgentes\/221255\/#primaryimage"},"thumbnailUrl":"https:\/\/www.webdo.tn\/fr\/wp-content\/uploads\/2025\/05\/1fe4a425016d9908ab105da4ddda3e06-3.webp","datePublished":"2025-04-15T19:11:00+00:00","dateModified":"2025-05-20T21:41:13+00:00","description":"Apr\u00e8s la mort tragique de trois \u00e9l\u00e8ves \u00e0 Mazzouna, plusieurs partis politiques tunisiens d\u00e9noncent la n\u00e9gligence de l\u2019\u00c9tat et appellent \u00e0 des r\u00e9formes urgentes...","breadcrumb":{"@id":"https:\/\/www.webdo.tn\/fr\/actualite\/national\/tunisie-drame-de-mazzouna-des-partis-politiques-accusent-l-etat-et-reclament-des-reformes-urgentes\/221255\/#breadcrumb"},"inLanguage":"fr-FR","potentialAction":[{"@type":"ReadAction","target":["https:\/\/www.webdo.tn\/fr\/actualite\/national\/tunisie-drame-de-mazzouna-des-partis-politiques-accusent-l-etat-et-reclament-des-reformes-urgentes\/221255\/"]}]},{"@type":"ImageObject","inLanguage":"fr-FR","@id":"https:\/\/www.webdo.tn\/fr\/actualite\/national\/tunisie-drame-de-mazzouna-des-partis-politiques-accusent-l-etat-et-reclament-des-reformes-urgentes\/221255\/#primaryimage","url":"https:\/\/www.webdo.tn\/fr\/wp-content\/uploads\/2025\/05\/1fe4a425016d9908ab105da4ddda3e06-3.webp","contentUrl":"https:\/\/www.webdo.tn\/fr\/wp-content\/uploads\/2025\/05\/1fe4a425016d9908ab105da4ddda3e06-3.webp","width":750,"height":400},{"@type":"BreadcrumbList","@id":"https:\/\/www.webdo.tn\/fr\/actualite\/national\/tunisie-drame-de-mazzouna-des-partis-politiques-accusent-l-etat-et-reclament-des-reformes-urgentes\/221255\/#breadcrumb","itemListElement":[{"@type":"ListItem","position":1,"name":"Accueil","item":"https:\/\/www.webdo.tn\/fr\/"},{"@type":"ListItem","position":2,"name":"Tunisie &#8211; Drame de Mazzouna : Des partis politiques accusent l&#8217;\u00c9tat et r\u00e9clament des r\u00e9formes urgentes"}]},{"@type":"WebSite","@id":"https:\/\/www.webdo.tn\/fr\/#website","url":"https:\/\/www.webdo.tn\/fr\/","name":"webdo","description":"Tunisie - News en Tunisie et \u00e0 l&#039;international sur Webdo.tn","publisher":{"@id":"https:\/\/www.webdo.tn\/fr\/#organization"},"potentialAction":[{"@type":"SearchAction","target":{"@type":"EntryPoint","urlTemplate":"https:\/\/www.webdo.tn\/fr\/?s={search_term_string}"},"query-input":{"@type":"PropertyValueSpecification","valueRequired":true,"valueName":"search_term_string"}}],"inLanguage":"fr-FR"},{"@type":"Organization","@id":"https:\/\/www.webdo.tn\/fr\/#organization","name":"Webdo","alternateName":"Webdo.tn","url":"https:\/\/www.webdo.tn\/fr\/","logo":{"@type":"ImageObject","inLanguage":"fr-FR","@id":"https:\/\/www.webdo.tn\/fr\/#\/schema\/logo\/image\/","url":"https:\/\/www.webdo.tn\/fr\/wp-content\/uploads\/2025\/06\/Webdo-Tunisie_168377.jpg","contentUrl":"https:\/\/www.webdo.tn\/fr\/wp-content\/uploads\/2025\/06\/Webdo-Tunisie_168377.jpg","width":301,"height":301,"caption":"Webdo"},"image":{"@id":"https:\/\/www.webdo.tn\/fr\/#\/schema\/logo\/image\/"},"sameAs":["https:\/\/www.facebook.com\/webdotn","https:\/\/x.com\/webdo_tn"],"description":"Webdo est un m\u00e9dia num\u00e9rique tunisien fond\u00e9 en 2010, sp\u00e9cialis\u00e9 dans l\u2019actualit\u00e9 nationale et internationale, l\u2019\u00e9conomie, la soci\u00e9t\u00e9 et les analyses politiques. Le site s\u2019adresse \u00e0 un large public francophone et couvre l\u2019information tunisienne en temps r\u00e9el.","email":"redac@webdo.tn","legalName":"YNJ SARL","foundingDate":"2010-09-06","numberOfEmployees":{"@type":"QuantitativeValue","minValue":"11","maxValue":"50"}},{"@type":"Person","@id":"https:\/\/www.webdo.tn\/fr\/#\/schema\/person\/2c4929cbf5a809e3bd38617c6ce150f6","name":"MC","image":{"@type":"ImageObject","inLanguage":"fr-FR","@id":"https:\/\/secure.gravatar.com\/avatar\/a545bbb6f84efdd5553dbbc2895e3ca8f1d12c5215e00a041c9670b54aa9b18a?s=96&d=mm&r=g","url":"https:\/\/secure.gravatar.com\/avatar\/a545bbb6f84efdd5553dbbc2895e3ca8f1d12c5215e00a041c9670b54aa9b18a?s=96&d=mm&r=g","contentUrl":"https:\/\/secure.gravatar.com\/avatar\/a545bbb6f84efdd5553dbbc2895e3ca8f1d12c5215e00a041c9670b54aa9b18a?s=96&d=mm&r=g","caption":"MC"},"url":"https:\/\/www.webdo.tn\/fr\/actualite\/author\/mc\/"}]}},"_links":{"self":[{"href":"https:\/\/www.webdo.tn\/fr\/wp-json\/wp\/v2\/posts\/221255","targetHints":{"allow":["GET"]}}],"collection":[{"href":"https:\/\/www.webdo.tn\/fr\/wp-json\/wp\/v2\/posts"}],"about":[{"href":"https:\/\/www.webdo.tn\/fr\/wp-json\/wp\/v2\/types\/post"}],"author":[{"embeddable":true,"href":"https:\/\/www.webdo.tn\/fr\/wp-json\/wp\/v2\/users\/3162"}],"replies":[{"embeddable":true,"href":"https:\/\/www.webdo.tn\/fr\/wp-json\/wp\/v2\/comments?post=221255"}],"version-history":[{"count":0,"href":"https:\/\/www.webdo.tn\/fr\/wp-json\/wp\/v2\/posts\/221255\/revisions"}],"wp:featuredmedia":[{"embeddable":true,"href":"https:\/\/www.webdo.tn\/fr\/wp-json\/wp\/v2\/media\/241164"}],"wp:attachment":[{"href":"https:\/\/www.webdo.tn\/fr\/wp-json\/wp\/v2\/media?parent=221255"}],"wp:term":[{"taxonomy":"category","embeddable":true,"href":"https:\/\/www.webdo.tn\/fr\/wp-json\/wp\/v2\/categories?post=221255"},{"taxonomy":"post_tag","embeddable":true,"href":"https:\/\/www.webdo.tn\/fr\/wp-json\/wp\/v2\/tags?post=221255"}],"curies":[{"name":"wp","href":"https:\/\/api.w.org\/{rel}","templated":true}]}}