{"id":221253,"date":"2025-04-15T18:29:00","date_gmt":"2025-04-15T18:29:00","guid":{"rendered":"https:\/\/www.webdo.tn\/fr\/blog\/2025\/04\/15\/tunisie-drame-de-mazzouna-le-snjt-denonce-un-black-out-mediatique\/"},"modified":"2025-05-20T21:41:12","modified_gmt":"2025-05-20T21:41:12","slug":"tunisie-drame-de-mazzouna-le-snjt-denonce-un-black-out-mediatique","status":"publish","type":"post","link":"https:\/\/www.webdo.tn\/fr\/actualite\/national\/tunisie-drame-de-mazzouna-le-snjt-denonce-un-black-out-mediatique\/221253\/","title":{"rendered":"Tunisie &#8211; Drame de Mazzouna : Le SNJT d\u00e9nonce un black-out m\u00e9diatique"},"content":{"rendered":"<p>A la suite du drame survenu \u00e0 Mazzouna, o\u00f9 l\u2019effondrement d\u2019un mur dans un lyc\u00e9e a co\u00fbt\u00e9 la vie \u00e0 trois \u00e9l\u00e8ves, le Syndicat national des journalistes tunisiens (SNJT) a vivement critiqu\u00e9 la gestion de l\u2019\u00e9v\u00e9nement par les autorit\u00e9s, qu\u2019il qualifie de \u00ab catastrophique \u00bb, tant sur le plan humain que communicationnel.<\/p>\n<p>\t\t\t\t\t\t\t\t\tDans un communiqu\u00e9 publi\u00e9 ce mardi 15 avril 2025, le SNJT a d\u00e9nonc\u00e9 l&rsquo;absence totale de transparence et de coordination dans la communication officielle, pointant du doigt le silence des institutions publiques face \u00e0 la d\u00e9tresse des citoyens et des m\u00e9dias en qu\u00eate d\u2019informations fiables.<\/p>\n<p>Selon le syndicat, \u00ab les journalistes pr\u00e9sents sur le terrain ont \u00e9t\u00e9 confront\u00e9s \u00e0 de multiples obstacles pour exercer leur m\u00e9tier, entrav\u00e9s par un manque d\u2019acc\u00e8s aux sources, des refus d\u2019informations, et une volont\u00e9 manifeste de restreindre la couverture m\u00e9diatique du drame \u00bb.<\/p>\n<p>\u00ab La politique du black-out m\u00e9diatique adopt\u00e9e par les autorit\u00e9s n\u2019a fait qu\u2019alimenter les rumeurs et la d\u00e9sinformation, dans un moment o\u00f9 les citoyens avaient un besoin urgent de clart\u00e9 et de v\u00e9rit\u00e9 \u00bb, peut-on lire dans le communiqu\u00e9.<\/p>\n<p>Le SNJT a ainsi appel\u00e9 le gouvernement \u00e0 abroger les circulaires n\u00b04 et n\u00b019, qui, selon lui, restreignent de mani\u00e8re injustifi\u00e9e le droit d&rsquo;acc\u00e8s \u00e0 l&rsquo;information, pourtant garanti par la Constitution. Ces circulaires imposent des autorisations pr\u00e9alables et des filtres bureaucratiques, m\u00eame pour les informations d\u2019int\u00e9r\u00eat public.<\/p>\n<p>Par ailleurs, le syndicat a exhort\u00e9 les minist\u00e8res de la Sant\u00e9 et de l\u2019\u00c9ducation \u00e0 r\u00e9viser en profondeur leurs dispositifs de communication, notamment en situation de crise.<\/p>\n<p>Enfin, le SNJT a exprim\u00e9 ses plus sinc\u00e8res condol\u00e9ances aux familles des victimes et sa solidarit\u00e9 avec la communaut\u00e9 \u00e9ducative et les habitants de Mazzouna, soulignant que ce drame ne doit pas \u00eatre oubli\u00e9, mais au contraire, servir d\u2019\u00e9lectrochoc pour repenser \u00e0 la fois la s\u00e9curit\u00e9 des \u00e9tablissements scolaires et le droit des citoyens \u00e0 une information libre, accessible et de qualit\u00e9.<\/p>\n","protected":false},"excerpt":{"rendered":"<p>Le Syndicat national des journalistes tunisiens (SNJT) d\u00e9nonce le black-out m\u00e9diatique impos\u00e9 apr\u00e8s le drame de Mazzouna, o\u00f9 trois \u00e9l\u00e8ves ont perdu la vie. Il c&#8230;<\/p>\n","protected":false},"author":3162,"featured_media":241160,"comment_status":"open","ping_status":"open","sticky":false,"template":"","format":"standard","meta":{"footnotes":""},"categories":[44],"tags":[3216,3124,3217,2938,2759,2608],"class_list":["post-221253","post","type-post","status-publish","format-standard","has-post-thumbnail","hentry","category-national","tag-communication","tag-drame","tag-information","tag-mazzouna","tag-snjt","tag-tunisie"],"yoast_head":"<!-- This site is optimized with the Yoast SEO Premium plugin v27.4 (Yoast SEO v27.5) - https:\/\/yoast.com\/product\/yoast-seo-premium-wordpress\/ -->\n<title>Tunisie - Drame de Mazzouna : Le SNJT d\u00e9nonce un black-out m\u00e9diatique<\/title>\n<meta name=\"description\" content=\"Le Syndicat national des journalistes tunisiens (SNJT) d\u00e9nonce le black-out m\u00e9diatique impos\u00e9 apr\u00e8s le drame de Mazzouna, o\u00f9 trois \u00e9l\u00e8ves ont perdu la vie. Il c...\" \/>\n<link rel=\"canonical\" href=\"https:\/\/www.webdo.tn\/fr\/actualite\/national\/tunisie-drame-de-mazzouna-le-snjt-denonce-un-black-out-mediatique\/221253\/\" \/>\n<meta property=\"og:locale\" content=\"fr_FR\" \/>\n<meta property=\"og:type\" content=\"article\" \/>\n<meta property=\"og:title\" content=\"Tunisie - Drame de Mazzouna : Le SNJT d\u00e9nonce un black-out m\u00e9diatique\" \/>\n<meta property=\"og:description\" content=\"Le Syndicat national des journalistes tunisiens (SNJT) d\u00e9nonce le black-out m\u00e9diatique impos\u00e9 apr\u00e8s le drame de Mazzouna, o\u00f9 trois \u00e9l\u00e8ves ont perdu la vie. Il c...\" \/>\n<meta property=\"og:url\" content=\"https:\/\/www.webdo.tn\/fr\/actualite\/national\/tunisie-drame-de-mazzouna-le-snjt-denonce-un-black-out-mediatique\/221253\/\" \/>\n<meta property=\"og:site_name\" content=\"webdo\" \/>\n<meta property=\"article:publisher\" content=\"https:\/\/www.facebook.com\/webdotn\" \/>\n<meta property=\"article:published_time\" content=\"2025-04-15T18:29:00+00:00\" \/>\n<meta property=\"article:modified_time\" content=\"2025-05-20T21:41:12+00:00\" \/>\n<meta property=\"og:image\" content=\"https:\/\/www.webdo.tn\/fr\/wp-content\/uploads\/2025\/05\/5b9ceab2a3d270043d570deb4a07efc7-3.webp\" \/>\n\t<meta property=\"og:image:width\" content=\"750\" \/>\n\t<meta property=\"og:image:height\" content=\"400\" \/>\n\t<meta property=\"og:image:type\" content=\"image\/webp\" \/>\n<meta name=\"author\" content=\"MC\" \/>\n<meta name=\"twitter:card\" content=\"summary_large_image\" \/>\n<meta name=\"twitter:creator\" content=\"@webdo_tn\" \/>\n<meta name=\"twitter:site\" content=\"@webdo_tn\" \/>\n<meta name=\"twitter:label1\" content=\"\u00c9crit par\" \/>\n\t<meta name=\"twitter:data1\" content=\"MC\" \/>\n\t<meta name=\"twitter:label2\" content=\"Dur\u00e9e de lecture estim\u00e9e\" \/>\n\t<meta name=\"twitter:data2\" content=\"2 minutes\" \/>\n<script type=\"application\/ld+json\" class=\"yoast-schema-graph\">{\"@context\":\"https:\\\/\\\/schema.org\",\"@graph\":[{\"@type\":\"NewsArticle\",\"@id\":\"https:\\\/\\\/www.webdo.tn\\\/fr\\\/actualite\\\/national\\\/tunisie-drame-de-mazzouna-le-snjt-denonce-un-black-out-mediatique\\\/221253\\\/#article\",\"isPartOf\":{\"@id\":\"https:\\\/\\\/www.webdo.tn\\\/fr\\\/actualite\\\/national\\\/tunisie-drame-de-mazzouna-le-snjt-denonce-un-black-out-mediatique\\\/221253\\\/\"},\"author\":{\"name\":\"MC\",\"@id\":\"https:\\\/\\\/www.webdo.tn\\\/fr\\\/#\\\/schema\\\/person\\\/2c4929cbf5a809e3bd38617c6ce150f6\"},\"headline\":\"Tunisie &#8211; Drame de Mazzouna : Le SNJT d\u00e9nonce un black-out m\u00e9diatique\",\"datePublished\":\"2025-04-15T18:29:00+00:00\",\"dateModified\":\"2025-05-20T21:41:12+00:00\",\"mainEntityOfPage\":{\"@id\":\"https:\\\/\\\/www.webdo.tn\\\/fr\\\/actualite\\\/national\\\/tunisie-drame-de-mazzouna-le-snjt-denonce-un-black-out-mediatique\\\/221253\\\/\"},\"wordCount\":358,\"commentCount\":0,\"publisher\":{\"@id\":\"https:\\\/\\\/www.webdo.tn\\\/fr\\\/#organization\"},\"image\":{\"@id\":\"https:\\\/\\\/www.webdo.tn\\\/fr\\\/actualite\\\/national\\\/tunisie-drame-de-mazzouna-le-snjt-denonce-un-black-out-mediatique\\\/221253\\\/#primaryimage\"},\"thumbnailUrl\":\"https:\\\/\\\/www.webdo.tn\\\/fr\\\/wp-content\\\/uploads\\\/2025\\\/05\\\/5b9ceab2a3d270043d570deb4a07efc7-3.webp\",\"keywords\":[\"Communication\",\"Drame\",\"information\",\"Mazzouna\",\"snjt\",\"Tunisie\"],\"articleSection\":[\"National\"],\"inLanguage\":\"fr-FR\"},{\"@type\":\"WebPage\",\"@id\":\"https:\\\/\\\/www.webdo.tn\\\/fr\\\/actualite\\\/national\\\/tunisie-drame-de-mazzouna-le-snjt-denonce-un-black-out-mediatique\\\/221253\\\/\",\"url\":\"https:\\\/\\\/www.webdo.tn\\\/fr\\\/actualite\\\/national\\\/tunisie-drame-de-mazzouna-le-snjt-denonce-un-black-out-mediatique\\\/221253\\\/\",\"name\":\"Tunisie - Drame de Mazzouna : Le SNJT d\u00e9nonce un black-out m\u00e9diatique\",\"isPartOf\":{\"@id\":\"https:\\\/\\\/www.webdo.tn\\\/fr\\\/#website\"},\"primaryImageOfPage\":{\"@id\":\"https:\\\/\\\/www.webdo.tn\\\/fr\\\/actualite\\\/national\\\/tunisie-drame-de-mazzouna-le-snjt-denonce-un-black-out-mediatique\\\/221253\\\/#primaryimage\"},\"image\":{\"@id\":\"https:\\\/\\\/www.webdo.tn\\\/fr\\\/actualite\\\/national\\\/tunisie-drame-de-mazzouna-le-snjt-denonce-un-black-out-mediatique\\\/221253\\\/#primaryimage\"},\"thumbnailUrl\":\"https:\\\/\\\/www.webdo.tn\\\/fr\\\/wp-content\\\/uploads\\\/2025\\\/05\\\/5b9ceab2a3d270043d570deb4a07efc7-3.webp\",\"datePublished\":\"2025-04-15T18:29:00+00:00\",\"dateModified\":\"2025-05-20T21:41:12+00:00\",\"description\":\"Le Syndicat national des journalistes tunisiens (SNJT) d\u00e9nonce le black-out m\u00e9diatique impos\u00e9 apr\u00e8s le drame de Mazzouna, o\u00f9 trois \u00e9l\u00e8ves ont perdu la vie. Il c...\",\"breadcrumb\":{\"@id\":\"https:\\\/\\\/www.webdo.tn\\\/fr\\\/actualite\\\/national\\\/tunisie-drame-de-mazzouna-le-snjt-denonce-un-black-out-mediatique\\\/221253\\\/#breadcrumb\"},\"inLanguage\":\"fr-FR\",\"potentialAction\":[{\"@type\":\"ReadAction\",\"target\":[\"https:\\\/\\\/www.webdo.tn\\\/fr\\\/actualite\\\/national\\\/tunisie-drame-de-mazzouna-le-snjt-denonce-un-black-out-mediatique\\\/221253\\\/\"]}]},{\"@type\":\"ImageObject\",\"inLanguage\":\"fr-FR\",\"@id\":\"https:\\\/\\\/www.webdo.tn\\\/fr\\\/actualite\\\/national\\\/tunisie-drame-de-mazzouna-le-snjt-denonce-un-black-out-mediatique\\\/221253\\\/#primaryimage\",\"url\":\"https:\\\/\\\/www.webdo.tn\\\/fr\\\/wp-content\\\/uploads\\\/2025\\\/05\\\/5b9ceab2a3d270043d570deb4a07efc7-3.webp\",\"contentUrl\":\"https:\\\/\\\/www.webdo.tn\\\/fr\\\/wp-content\\\/uploads\\\/2025\\\/05\\\/5b9ceab2a3d270043d570deb4a07efc7-3.webp\",\"width\":750,\"height\":400},{\"@type\":\"BreadcrumbList\",\"@id\":\"https:\\\/\\\/www.webdo.tn\\\/fr\\\/actualite\\\/national\\\/tunisie-drame-de-mazzouna-le-snjt-denonce-un-black-out-mediatique\\\/221253\\\/#breadcrumb\",\"itemListElement\":[{\"@type\":\"ListItem\",\"position\":1,\"name\":\"Accueil\",\"item\":\"https:\\\/\\\/www.webdo.tn\\\/fr\\\/\"},{\"@type\":\"ListItem\",\"position\":2,\"name\":\"Tunisie &#8211; Drame de Mazzouna : Le SNJT d\u00e9nonce un black-out m\u00e9diatique\"}]},{\"@type\":\"WebSite\",\"@id\":\"https:\\\/\\\/www.webdo.tn\\\/fr\\\/#website\",\"url\":\"https:\\\/\\\/www.webdo.tn\\\/fr\\\/\",\"name\":\"webdo\",\"description\":\"Tunisie - News en Tunisie et \u00e0 l&#039;international sur Webdo.tn\",\"publisher\":{\"@id\":\"https:\\\/\\\/www.webdo.tn\\\/fr\\\/#organization\"},\"potentialAction\":[{\"@type\":\"SearchAction\",\"target\":{\"@type\":\"EntryPoint\",\"urlTemplate\":\"https:\\\/\\\/www.webdo.tn\\\/fr\\\/?s={search_term_string}\"},\"query-input\":{\"@type\":\"PropertyValueSpecification\",\"valueRequired\":true,\"valueName\":\"search_term_string\"}}],\"inLanguage\":\"fr-FR\"},{\"@type\":\"Organization\",\"@id\":\"https:\\\/\\\/www.webdo.tn\\\/fr\\\/#organization\",\"name\":\"Webdo\",\"alternateName\":\"Webdo.tn\",\"url\":\"https:\\\/\\\/www.webdo.tn\\\/fr\\\/\",\"logo\":{\"@type\":\"ImageObject\",\"inLanguage\":\"fr-FR\",\"@id\":\"https:\\\/\\\/www.webdo.tn\\\/fr\\\/#\\\/schema\\\/logo\\\/image\\\/\",\"url\":\"https:\\\/\\\/www.webdo.tn\\\/fr\\\/wp-content\\\/uploads\\\/2025\\\/06\\\/Webdo-Tunisie_168377.jpg\",\"contentUrl\":\"https:\\\/\\\/www.webdo.tn\\\/fr\\\/wp-content\\\/uploads\\\/2025\\\/06\\\/Webdo-Tunisie_168377.jpg\",\"width\":301,\"height\":301,\"caption\":\"Webdo\"},\"image\":{\"@id\":\"https:\\\/\\\/www.webdo.tn\\\/fr\\\/#\\\/schema\\\/logo\\\/image\\\/\"},\"sameAs\":[\"https:\\\/\\\/www.facebook.com\\\/webdotn\",\"https:\\\/\\\/x.com\\\/webdo_tn\"],\"description\":\"Webdo est un m\u00e9dia num\u00e9rique tunisien fond\u00e9 en 2010, sp\u00e9cialis\u00e9 dans l\u2019actualit\u00e9 nationale et internationale, l\u2019\u00e9conomie, la soci\u00e9t\u00e9 et les analyses politiques. Le site s\u2019adresse \u00e0 un large public francophone et couvre l\u2019information tunisienne en temps r\u00e9el.\",\"email\":\"redac@webdo.tn\",\"legalName\":\"YNJ SARL\",\"foundingDate\":\"2010-09-06\",\"numberOfEmployees\":{\"@type\":\"QuantitativeValue\",\"minValue\":\"11\",\"maxValue\":\"50\"}},{\"@type\":\"Person\",\"@id\":\"https:\\\/\\\/www.webdo.tn\\\/fr\\\/#\\\/schema\\\/person\\\/2c4929cbf5a809e3bd38617c6ce150f6\",\"name\":\"MC\",\"image\":{\"@type\":\"ImageObject\",\"inLanguage\":\"fr-FR\",\"@id\":\"https:\\\/\\\/secure.gravatar.com\\\/avatar\\\/a545bbb6f84efdd5553dbbc2895e3ca8f1d12c5215e00a041c9670b54aa9b18a?s=96&d=mm&r=g\",\"url\":\"https:\\\/\\\/secure.gravatar.com\\\/avatar\\\/a545bbb6f84efdd5553dbbc2895e3ca8f1d12c5215e00a041c9670b54aa9b18a?s=96&d=mm&r=g\",\"contentUrl\":\"https:\\\/\\\/secure.gravatar.com\\\/avatar\\\/a545bbb6f84efdd5553dbbc2895e3ca8f1d12c5215e00a041c9670b54aa9b18a?s=96&d=mm&r=g\",\"caption\":\"MC\"},\"url\":\"https:\\\/\\\/www.webdo.tn\\\/fr\\\/actualite\\\/author\\\/mc\\\/\"}]}<\/script>\n<!-- \/ Yoast SEO Premium plugin. -->","yoast_head_json":{"title":"Tunisie - Drame de Mazzouna : Le SNJT d\u00e9nonce un black-out m\u00e9diatique","description":"Le Syndicat national des journalistes tunisiens (SNJT) d\u00e9nonce le black-out m\u00e9diatique impos\u00e9 apr\u00e8s le drame de Mazzouna, o\u00f9 trois \u00e9l\u00e8ves ont perdu la vie. Il c...","canonical":"https:\/\/www.webdo.tn\/fr\/actualite\/national\/tunisie-drame-de-mazzouna-le-snjt-denonce-un-black-out-mediatique\/221253\/","og_locale":"fr_FR","og_type":"article","og_title":"Tunisie - Drame de Mazzouna : Le SNJT d\u00e9nonce un black-out m\u00e9diatique","og_description":"Le Syndicat national des journalistes tunisiens (SNJT) d\u00e9nonce le black-out m\u00e9diatique impos\u00e9 apr\u00e8s le drame de Mazzouna, o\u00f9 trois \u00e9l\u00e8ves ont perdu la vie. Il c...","og_url":"https:\/\/www.webdo.tn\/fr\/actualite\/national\/tunisie-drame-de-mazzouna-le-snjt-denonce-un-black-out-mediatique\/221253\/","og_site_name":"webdo","article_publisher":"https:\/\/www.facebook.com\/webdotn","article_published_time":"2025-04-15T18:29:00+00:00","article_modified_time":"2025-05-20T21:41:12+00:00","og_image":[{"width":750,"height":400,"url":"https:\/\/www.webdo.tn\/fr\/wp-content\/uploads\/2025\/05\/5b9ceab2a3d270043d570deb4a07efc7-3.webp","type":"image\/webp"}],"author":"MC","twitter_card":"summary_large_image","twitter_creator":"@webdo_tn","twitter_site":"@webdo_tn","twitter_misc":{"\u00c9crit par":"MC","Dur\u00e9e de lecture estim\u00e9e":"2 minutes"},"schema":{"@context":"https:\/\/schema.org","@graph":[{"@type":"NewsArticle","@id":"https:\/\/www.webdo.tn\/fr\/actualite\/national\/tunisie-drame-de-mazzouna-le-snjt-denonce-un-black-out-mediatique\/221253\/#article","isPartOf":{"@id":"https:\/\/www.webdo.tn\/fr\/actualite\/national\/tunisie-drame-de-mazzouna-le-snjt-denonce-un-black-out-mediatique\/221253\/"},"author":{"name":"MC","@id":"https:\/\/www.webdo.tn\/fr\/#\/schema\/person\/2c4929cbf5a809e3bd38617c6ce150f6"},"headline":"Tunisie &#8211; Drame de Mazzouna : Le SNJT d\u00e9nonce un black-out m\u00e9diatique","datePublished":"2025-04-15T18:29:00+00:00","dateModified":"2025-05-20T21:41:12+00:00","mainEntityOfPage":{"@id":"https:\/\/www.webdo.tn\/fr\/actualite\/national\/tunisie-drame-de-mazzouna-le-snjt-denonce-un-black-out-mediatique\/221253\/"},"wordCount":358,"commentCount":0,"publisher":{"@id":"https:\/\/www.webdo.tn\/fr\/#organization"},"image":{"@id":"https:\/\/www.webdo.tn\/fr\/actualite\/national\/tunisie-drame-de-mazzouna-le-snjt-denonce-un-black-out-mediatique\/221253\/#primaryimage"},"thumbnailUrl":"https:\/\/www.webdo.tn\/fr\/wp-content\/uploads\/2025\/05\/5b9ceab2a3d270043d570deb4a07efc7-3.webp","keywords":["Communication","Drame","information","Mazzouna","snjt","Tunisie"],"articleSection":["National"],"inLanguage":"fr-FR"},{"@type":"WebPage","@id":"https:\/\/www.webdo.tn\/fr\/actualite\/national\/tunisie-drame-de-mazzouna-le-snjt-denonce-un-black-out-mediatique\/221253\/","url":"https:\/\/www.webdo.tn\/fr\/actualite\/national\/tunisie-drame-de-mazzouna-le-snjt-denonce-un-black-out-mediatique\/221253\/","name":"Tunisie - Drame de Mazzouna : Le SNJT d\u00e9nonce un black-out m\u00e9diatique","isPartOf":{"@id":"https:\/\/www.webdo.tn\/fr\/#website"},"primaryImageOfPage":{"@id":"https:\/\/www.webdo.tn\/fr\/actualite\/national\/tunisie-drame-de-mazzouna-le-snjt-denonce-un-black-out-mediatique\/221253\/#primaryimage"},"image":{"@id":"https:\/\/www.webdo.tn\/fr\/actualite\/national\/tunisie-drame-de-mazzouna-le-snjt-denonce-un-black-out-mediatique\/221253\/#primaryimage"},"thumbnailUrl":"https:\/\/www.webdo.tn\/fr\/wp-content\/uploads\/2025\/05\/5b9ceab2a3d270043d570deb4a07efc7-3.webp","datePublished":"2025-04-15T18:29:00+00:00","dateModified":"2025-05-20T21:41:12+00:00","description":"Le Syndicat national des journalistes tunisiens (SNJT) d\u00e9nonce le black-out m\u00e9diatique impos\u00e9 apr\u00e8s le drame de Mazzouna, o\u00f9 trois \u00e9l\u00e8ves ont perdu la vie. Il c...","breadcrumb":{"@id":"https:\/\/www.webdo.tn\/fr\/actualite\/national\/tunisie-drame-de-mazzouna-le-snjt-denonce-un-black-out-mediatique\/221253\/#breadcrumb"},"inLanguage":"fr-FR","potentialAction":[{"@type":"ReadAction","target":["https:\/\/www.webdo.tn\/fr\/actualite\/national\/tunisie-drame-de-mazzouna-le-snjt-denonce-un-black-out-mediatique\/221253\/"]}]},{"@type":"ImageObject","inLanguage":"fr-FR","@id":"https:\/\/www.webdo.tn\/fr\/actualite\/national\/tunisie-drame-de-mazzouna-le-snjt-denonce-un-black-out-mediatique\/221253\/#primaryimage","url":"https:\/\/www.webdo.tn\/fr\/wp-content\/uploads\/2025\/05\/5b9ceab2a3d270043d570deb4a07efc7-3.webp","contentUrl":"https:\/\/www.webdo.tn\/fr\/wp-content\/uploads\/2025\/05\/5b9ceab2a3d270043d570deb4a07efc7-3.webp","width":750,"height":400},{"@type":"BreadcrumbList","@id":"https:\/\/www.webdo.tn\/fr\/actualite\/national\/tunisie-drame-de-mazzouna-le-snjt-denonce-un-black-out-mediatique\/221253\/#breadcrumb","itemListElement":[{"@type":"ListItem","position":1,"name":"Accueil","item":"https:\/\/www.webdo.tn\/fr\/"},{"@type":"ListItem","position":2,"name":"Tunisie &#8211; Drame de Mazzouna : Le SNJT d\u00e9nonce un black-out m\u00e9diatique"}]},{"@type":"WebSite","@id":"https:\/\/www.webdo.tn\/fr\/#website","url":"https:\/\/www.webdo.tn\/fr\/","name":"webdo","description":"Tunisie - News en Tunisie et \u00e0 l&#039;international sur Webdo.tn","publisher":{"@id":"https:\/\/www.webdo.tn\/fr\/#organization"},"potentialAction":[{"@type":"SearchAction","target":{"@type":"EntryPoint","urlTemplate":"https:\/\/www.webdo.tn\/fr\/?s={search_term_string}"},"query-input":{"@type":"PropertyValueSpecification","valueRequired":true,"valueName":"search_term_string"}}],"inLanguage":"fr-FR"},{"@type":"Organization","@id":"https:\/\/www.webdo.tn\/fr\/#organization","name":"Webdo","alternateName":"Webdo.tn","url":"https:\/\/www.webdo.tn\/fr\/","logo":{"@type":"ImageObject","inLanguage":"fr-FR","@id":"https:\/\/www.webdo.tn\/fr\/#\/schema\/logo\/image\/","url":"https:\/\/www.webdo.tn\/fr\/wp-content\/uploads\/2025\/06\/Webdo-Tunisie_168377.jpg","contentUrl":"https:\/\/www.webdo.tn\/fr\/wp-content\/uploads\/2025\/06\/Webdo-Tunisie_168377.jpg","width":301,"height":301,"caption":"Webdo"},"image":{"@id":"https:\/\/www.webdo.tn\/fr\/#\/schema\/logo\/image\/"},"sameAs":["https:\/\/www.facebook.com\/webdotn","https:\/\/x.com\/webdo_tn"],"description":"Webdo est un m\u00e9dia num\u00e9rique tunisien fond\u00e9 en 2010, sp\u00e9cialis\u00e9 dans l\u2019actualit\u00e9 nationale et internationale, l\u2019\u00e9conomie, la soci\u00e9t\u00e9 et les analyses politiques. Le site s\u2019adresse \u00e0 un large public francophone et couvre l\u2019information tunisienne en temps r\u00e9el.","email":"redac@webdo.tn","legalName":"YNJ SARL","foundingDate":"2010-09-06","numberOfEmployees":{"@type":"QuantitativeValue","minValue":"11","maxValue":"50"}},{"@type":"Person","@id":"https:\/\/www.webdo.tn\/fr\/#\/schema\/person\/2c4929cbf5a809e3bd38617c6ce150f6","name":"MC","image":{"@type":"ImageObject","inLanguage":"fr-FR","@id":"https:\/\/secure.gravatar.com\/avatar\/a545bbb6f84efdd5553dbbc2895e3ca8f1d12c5215e00a041c9670b54aa9b18a?s=96&d=mm&r=g","url":"https:\/\/secure.gravatar.com\/avatar\/a545bbb6f84efdd5553dbbc2895e3ca8f1d12c5215e00a041c9670b54aa9b18a?s=96&d=mm&r=g","contentUrl":"https:\/\/secure.gravatar.com\/avatar\/a545bbb6f84efdd5553dbbc2895e3ca8f1d12c5215e00a041c9670b54aa9b18a?s=96&d=mm&r=g","caption":"MC"},"url":"https:\/\/www.webdo.tn\/fr\/actualite\/author\/mc\/"}]}},"_links":{"self":[{"href":"https:\/\/www.webdo.tn\/fr\/wp-json\/wp\/v2\/posts\/221253","targetHints":{"allow":["GET"]}}],"collection":[{"href":"https:\/\/www.webdo.tn\/fr\/wp-json\/wp\/v2\/posts"}],"about":[{"href":"https:\/\/www.webdo.tn\/fr\/wp-json\/wp\/v2\/types\/post"}],"author":[{"embeddable":true,"href":"https:\/\/www.webdo.tn\/fr\/wp-json\/wp\/v2\/users\/3162"}],"replies":[{"embeddable":true,"href":"https:\/\/www.webdo.tn\/fr\/wp-json\/wp\/v2\/comments?post=221253"}],"version-history":[{"count":0,"href":"https:\/\/www.webdo.tn\/fr\/wp-json\/wp\/v2\/posts\/221253\/revisions"}],"wp:featuredmedia":[{"embeddable":true,"href":"https:\/\/www.webdo.tn\/fr\/wp-json\/wp\/v2\/media\/241160"}],"wp:attachment":[{"href":"https:\/\/www.webdo.tn\/fr\/wp-json\/wp\/v2\/media?parent=221253"}],"wp:term":[{"taxonomy":"category","embeddable":true,"href":"https:\/\/www.webdo.tn\/fr\/wp-json\/wp\/v2\/categories?post=221253"},{"taxonomy":"post_tag","embeddable":true,"href":"https:\/\/www.webdo.tn\/fr\/wp-json\/wp\/v2\/tags?post=221253"}],"curies":[{"name":"wp","href":"https:\/\/api.w.org\/{rel}","templated":true}]}}