{"id":221248,"date":"2025-04-15T13:42:00","date_gmt":"2025-04-15T13:42:00","guid":{"rendered":"https:\/\/www.webdo.tn\/fr\/blog\/2025\/04\/15\/tunisie-l-etat-connait-il-vraiment-l-etat-des-infrastructures-scolaires\/"},"modified":"2025-05-21T08:54:03","modified_gmt":"2025-05-21T08:54:03","slug":"tunisie-l-etat-connait-il-vraiment-l-etat-des-infrastructures-scolaires","status":"publish","type":"post","link":"https:\/\/www.webdo.tn\/fr\/actualite\/national\/tunisie-l-etat-connait-il-vraiment-l-etat-des-infrastructures-scolaires\/221248\/","title":{"rendered":"Tunisie : L&rsquo;\u00c9tat conna\u00eet-il vraiment l\u2019\u00e9tat des infrastructures scolaires ?"},"content":{"rendered":"<p>Le Forum tunisien pour les droits \u00e9conomiques et sociaux (FTDES) a vivement r\u00e9agi \u00e0 la trag\u00e9die survenue lundi 14 avril au lyc\u00e9e de la d\u00e9l\u00e9gation de Mazzouna (gouvernorat de Sidi Bouzid), o\u00f9 l\u2019effondrement d\u2019un mur a caus\u00e9 la mort de trois \u00e9l\u00e8ves et bless\u00e9 plusieurs autres.<\/p>\n<p>\t\t\t\t\t\t\t\t\tDans un communiqu\u00e9 publi\u00e9 mardi, l\u2019organisation appelle le gouvernement \u00e0 abandonner ses politiques d\u2019aust\u00e9rit\u00e9 dans le secteur \u00e9ducatif et \u00e0 mettre en place un plan d\u2019urgence pour sauver l\u2019\u00e9cole publique.<\/p>\n<p>Le FTDES insiste sur la n\u00e9cessit\u00e9 de r\u00e9aliser un inventaire complet des infrastructures scolaires, soulignant que la d\u00e9gradation des \u00e9tablissements constitue une menace directe pour la s\u00e9curit\u00e9 des \u00e9l\u00e8ves. \u00ab Les \u00e9coles ne sont plus des lieux d\u2019apprentissage, mais des espaces de danger, de violence et de mort lente \u00bb, d\u00e9plore-t-il.<\/p>\n<p>L\u2019organisation estime que cette catastrophe est le r\u00e9sultat direct de la d\u00e9t\u00e9rioration des services publics et de la profonde crise que traverse le syst\u00e8me \u00e9ducatif en Tunisie. Elle appelle \u00e0 l\u2019ouverture imm\u00e9diate d\u2019une enqu\u00eate pour \u00e9tablir les responsabilit\u00e9s administratives et p\u00e9nales, et demande des comptes au minist\u00e8re de l\u2019\u00c9ducation, point\u00e9 du doigt pour son laxisme en mati\u00e8re d\u2019entretien et de pr\u00e9vention.<\/p>\n<p>Le FTDES pr\u00e9sente ses condol\u00e9ances aux familles des victimes et exprime sa solidarit\u00e9 avec les bless\u00e9s, tout en d\u00e9non\u00e7ant des d\u00e9cennies de n\u00e9gligence \u00e0 l\u2019\u00e9gard de l\u2019\u00e9cole publique, notamment dans les r\u00e9gions marginalis\u00e9es.<\/p>\n","protected":false},"excerpt":{"rendered":"<p>Apr\u00e8s le d\u00e9c\u00e8s de trois \u00e9l\u00e8ves \u00e0 Sidi Bouzid, le Forum tunisien des droits \u00e9conomiques et sociaux appelle \u00e0 un plan d&rsquo;urgence pour sauver l&rsquo;\u00e9cole publique.<\/p>\n","protected":false},"author":3163,"featured_media":241156,"comment_status":"open","ping_status":"open","sticky":false,"template":"","format":"standard","meta":{"footnotes":""},"categories":[44],"tags":[3038,3214,3203,2608],"class_list":["post-221248","post","type-post","status-publish","format-standard","has-post-thumbnail","hentry","category-national","tag-ecole","tag-etat","tag-infrastructure","tag-tunisie"],"yoast_head":"<!-- This site is optimized with the Yoast SEO Premium plugin v27.4 (Yoast SEO v27.5) - https:\/\/yoast.com\/product\/yoast-seo-premium-wordpress\/ -->\n<title>Tunisie : L&#039;\u00c9tat conna\u00eet-il vraiment l\u2019\u00e9tat des infrastructures scolaires ?<\/title>\n<meta name=\"description\" content=\"Apr\u00e8s le d\u00e9c\u00e8s de trois \u00e9l\u00e8ves \u00e0 Sidi Bouzid, le Forum tunisien des droits \u00e9conomiques et sociaux appelle \u00e0 un plan d&#039;urgence pour sauver l&#039;\u00e9cole publique.\" \/>\n<link rel=\"canonical\" href=\"https:\/\/www.webdo.tn\/fr\/actualite\/national\/tunisie-l-etat-connait-il-vraiment-l-etat-des-infrastructures-scolaires\/221248\/\" \/>\n<meta property=\"og:locale\" content=\"fr_FR\" \/>\n<meta property=\"og:type\" content=\"article\" \/>\n<meta property=\"og:title\" content=\"Tunisie : L&#039;\u00c9tat conna\u00eet-il vraiment l\u2019\u00e9tat des infrastructures scolaires ?\" \/>\n<meta property=\"og:description\" content=\"Apr\u00e8s le d\u00e9c\u00e8s de trois \u00e9l\u00e8ves \u00e0 Sidi Bouzid, le Forum tunisien des droits \u00e9conomiques et sociaux appelle \u00e0 un plan d&#039;urgence pour sauver l&#039;\u00e9cole publique.\" \/>\n<meta property=\"og:url\" content=\"https:\/\/www.webdo.tn\/fr\/actualite\/national\/tunisie-l-etat-connait-il-vraiment-l-etat-des-infrastructures-scolaires\/221248\/\" \/>\n<meta property=\"og:site_name\" content=\"webdo\" \/>\n<meta property=\"article:publisher\" content=\"https:\/\/www.facebook.com\/webdotn\" \/>\n<meta property=\"article:published_time\" content=\"2025-04-15T13:42:00+00:00\" \/>\n<meta property=\"article:modified_time\" content=\"2025-05-21T08:54:03+00:00\" \/>\n<meta property=\"og:image\" content=\"https:\/\/www.webdo.tn\/fr\/wp-content\/uploads\/2025\/05\/093360e85e78f23c2764bc2ebe3fe8e9-3.webp\" \/>\n\t<meta property=\"og:image:width\" content=\"750\" \/>\n\t<meta property=\"og:image:height\" content=\"400\" \/>\n\t<meta property=\"og:image:type\" content=\"image\/webp\" \/>\n<meta name=\"author\" content=\"KJ\" \/>\n<meta name=\"twitter:card\" content=\"summary_large_image\" \/>\n<meta name=\"twitter:creator\" content=\"@webdo_tn\" \/>\n<meta name=\"twitter:site\" content=\"@webdo_tn\" \/>\n<meta name=\"twitter:label1\" content=\"\u00c9crit par\" \/>\n\t<meta name=\"twitter:data1\" content=\"KJ\" \/>\n\t<meta name=\"twitter:label2\" content=\"Dur\u00e9e de lecture estim\u00e9e\" \/>\n\t<meta name=\"twitter:data2\" content=\"1 minute\" \/>\n<script type=\"application\/ld+json\" class=\"yoast-schema-graph\">{\"@context\":\"https:\\\/\\\/schema.org\",\"@graph\":[{\"@type\":\"NewsArticle\",\"@id\":\"https:\\\/\\\/www.webdo.tn\\\/fr\\\/actualite\\\/national\\\/tunisie-l-etat-connait-il-vraiment-l-etat-des-infrastructures-scolaires\\\/221248\\\/#article\",\"isPartOf\":{\"@id\":\"https:\\\/\\\/www.webdo.tn\\\/fr\\\/actualite\\\/national\\\/tunisie-l-etat-connait-il-vraiment-l-etat-des-infrastructures-scolaires\\\/221248\\\/\"},\"author\":{\"name\":\"KJ\",\"@id\":\"https:\\\/\\\/www.webdo.tn\\\/fr\\\/#\\\/schema\\\/person\\\/82ca085b22037d285e1a3c4b65ba5f71\"},\"headline\":\"Tunisie : L&rsquo;\u00c9tat conna\u00eet-il vraiment l\u2019\u00e9tat des infrastructures scolaires ?\",\"datePublished\":\"2025-04-15T13:42:00+00:00\",\"dateModified\":\"2025-05-21T08:54:03+00:00\",\"mainEntityOfPage\":{\"@id\":\"https:\\\/\\\/www.webdo.tn\\\/fr\\\/actualite\\\/national\\\/tunisie-l-etat-connait-il-vraiment-l-etat-des-infrastructures-scolaires\\\/221248\\\/\"},\"wordCount\":271,\"commentCount\":0,\"publisher\":{\"@id\":\"https:\\\/\\\/www.webdo.tn\\\/fr\\\/#organization\"},\"image\":{\"@id\":\"https:\\\/\\\/www.webdo.tn\\\/fr\\\/actualite\\\/national\\\/tunisie-l-etat-connait-il-vraiment-l-etat-des-infrastructures-scolaires\\\/221248\\\/#primaryimage\"},\"thumbnailUrl\":\"https:\\\/\\\/www.webdo.tn\\\/fr\\\/wp-content\\\/uploads\\\/2025\\\/05\\\/093360e85e78f23c2764bc2ebe3fe8e9-3.webp\",\"keywords\":[\"\u00e9cole\",\"Etat\",\"Infrastructure\",\"Tunisie\"],\"articleSection\":[\"National\"],\"inLanguage\":\"fr-FR\"},{\"@type\":\"WebPage\",\"@id\":\"https:\\\/\\\/www.webdo.tn\\\/fr\\\/actualite\\\/national\\\/tunisie-l-etat-connait-il-vraiment-l-etat-des-infrastructures-scolaires\\\/221248\\\/\",\"url\":\"https:\\\/\\\/www.webdo.tn\\\/fr\\\/actualite\\\/national\\\/tunisie-l-etat-connait-il-vraiment-l-etat-des-infrastructures-scolaires\\\/221248\\\/\",\"name\":\"Tunisie : L'\u00c9tat conna\u00eet-il vraiment l\u2019\u00e9tat des infrastructures scolaires ?\",\"isPartOf\":{\"@id\":\"https:\\\/\\\/www.webdo.tn\\\/fr\\\/#website\"},\"primaryImageOfPage\":{\"@id\":\"https:\\\/\\\/www.webdo.tn\\\/fr\\\/actualite\\\/national\\\/tunisie-l-etat-connait-il-vraiment-l-etat-des-infrastructures-scolaires\\\/221248\\\/#primaryimage\"},\"image\":{\"@id\":\"https:\\\/\\\/www.webdo.tn\\\/fr\\\/actualite\\\/national\\\/tunisie-l-etat-connait-il-vraiment-l-etat-des-infrastructures-scolaires\\\/221248\\\/#primaryimage\"},\"thumbnailUrl\":\"https:\\\/\\\/www.webdo.tn\\\/fr\\\/wp-content\\\/uploads\\\/2025\\\/05\\\/093360e85e78f23c2764bc2ebe3fe8e9-3.webp\",\"datePublished\":\"2025-04-15T13:42:00+00:00\",\"dateModified\":\"2025-05-21T08:54:03+00:00\",\"description\":\"Apr\u00e8s le d\u00e9c\u00e8s de trois \u00e9l\u00e8ves \u00e0 Sidi Bouzid, le Forum tunisien des droits \u00e9conomiques et sociaux appelle \u00e0 un plan d'urgence pour sauver l'\u00e9cole publique.\",\"breadcrumb\":{\"@id\":\"https:\\\/\\\/www.webdo.tn\\\/fr\\\/actualite\\\/national\\\/tunisie-l-etat-connait-il-vraiment-l-etat-des-infrastructures-scolaires\\\/221248\\\/#breadcrumb\"},\"inLanguage\":\"fr-FR\",\"potentialAction\":[{\"@type\":\"ReadAction\",\"target\":[\"https:\\\/\\\/www.webdo.tn\\\/fr\\\/actualite\\\/national\\\/tunisie-l-etat-connait-il-vraiment-l-etat-des-infrastructures-scolaires\\\/221248\\\/\"]}]},{\"@type\":\"ImageObject\",\"inLanguage\":\"fr-FR\",\"@id\":\"https:\\\/\\\/www.webdo.tn\\\/fr\\\/actualite\\\/national\\\/tunisie-l-etat-connait-il-vraiment-l-etat-des-infrastructures-scolaires\\\/221248\\\/#primaryimage\",\"url\":\"https:\\\/\\\/www.webdo.tn\\\/fr\\\/wp-content\\\/uploads\\\/2025\\\/05\\\/093360e85e78f23c2764bc2ebe3fe8e9-3.webp\",\"contentUrl\":\"https:\\\/\\\/www.webdo.tn\\\/fr\\\/wp-content\\\/uploads\\\/2025\\\/05\\\/093360e85e78f23c2764bc2ebe3fe8e9-3.webp\",\"width\":750,\"height\":400},{\"@type\":\"BreadcrumbList\",\"@id\":\"https:\\\/\\\/www.webdo.tn\\\/fr\\\/actualite\\\/national\\\/tunisie-l-etat-connait-il-vraiment-l-etat-des-infrastructures-scolaires\\\/221248\\\/#breadcrumb\",\"itemListElement\":[{\"@type\":\"ListItem\",\"position\":1,\"name\":\"Accueil\",\"item\":\"https:\\\/\\\/www.webdo.tn\\\/fr\\\/\"},{\"@type\":\"ListItem\",\"position\":2,\"name\":\"Tunisie : L&#8217;\u00c9tat conna\u00eet-il vraiment l\u2019\u00e9tat des infrastructures scolaires ?\"}]},{\"@type\":\"WebSite\",\"@id\":\"https:\\\/\\\/www.webdo.tn\\\/fr\\\/#website\",\"url\":\"https:\\\/\\\/www.webdo.tn\\\/fr\\\/\",\"name\":\"webdo\",\"description\":\"Tunisie - News en Tunisie et \u00e0 l&#039;international sur Webdo.tn\",\"publisher\":{\"@id\":\"https:\\\/\\\/www.webdo.tn\\\/fr\\\/#organization\"},\"potentialAction\":[{\"@type\":\"SearchAction\",\"target\":{\"@type\":\"EntryPoint\",\"urlTemplate\":\"https:\\\/\\\/www.webdo.tn\\\/fr\\\/?s={search_term_string}\"},\"query-input\":{\"@type\":\"PropertyValueSpecification\",\"valueRequired\":true,\"valueName\":\"search_term_string\"}}],\"inLanguage\":\"fr-FR\"},{\"@type\":\"Organization\",\"@id\":\"https:\\\/\\\/www.webdo.tn\\\/fr\\\/#organization\",\"name\":\"Webdo\",\"alternateName\":\"Webdo.tn\",\"url\":\"https:\\\/\\\/www.webdo.tn\\\/fr\\\/\",\"logo\":{\"@type\":\"ImageObject\",\"inLanguage\":\"fr-FR\",\"@id\":\"https:\\\/\\\/www.webdo.tn\\\/fr\\\/#\\\/schema\\\/logo\\\/image\\\/\",\"url\":\"https:\\\/\\\/www.webdo.tn\\\/fr\\\/wp-content\\\/uploads\\\/2025\\\/06\\\/Webdo-Tunisie_168377.jpg\",\"contentUrl\":\"https:\\\/\\\/www.webdo.tn\\\/fr\\\/wp-content\\\/uploads\\\/2025\\\/06\\\/Webdo-Tunisie_168377.jpg\",\"width\":301,\"height\":301,\"caption\":\"Webdo\"},\"image\":{\"@id\":\"https:\\\/\\\/www.webdo.tn\\\/fr\\\/#\\\/schema\\\/logo\\\/image\\\/\"},\"sameAs\":[\"https:\\\/\\\/www.facebook.com\\\/webdotn\",\"https:\\\/\\\/x.com\\\/webdo_tn\"],\"description\":\"Webdo est un m\u00e9dia num\u00e9rique tunisien fond\u00e9 en 2010, sp\u00e9cialis\u00e9 dans l\u2019actualit\u00e9 nationale et internationale, l\u2019\u00e9conomie, la soci\u00e9t\u00e9 et les analyses politiques. Le site s\u2019adresse \u00e0 un large public francophone et couvre l\u2019information tunisienne en temps r\u00e9el.\",\"email\":\"redac@webdo.tn\",\"legalName\":\"YNJ SARL\",\"foundingDate\":\"2010-09-06\",\"numberOfEmployees\":{\"@type\":\"QuantitativeValue\",\"minValue\":\"11\",\"maxValue\":\"50\"}},{\"@type\":\"Person\",\"@id\":\"https:\\\/\\\/www.webdo.tn\\\/fr\\\/#\\\/schema\\\/person\\\/82ca085b22037d285e1a3c4b65ba5f71\",\"name\":\"KJ\",\"image\":{\"@type\":\"ImageObject\",\"inLanguage\":\"fr-FR\",\"@id\":\"https:\\\/\\\/secure.gravatar.com\\\/avatar\\\/1a1320de1c1971c893f00068f760b4113d69504aa21273da17ee95650c5944fd?s=96&d=mm&r=g\",\"url\":\"https:\\\/\\\/secure.gravatar.com\\\/avatar\\\/1a1320de1c1971c893f00068f760b4113d69504aa21273da17ee95650c5944fd?s=96&d=mm&r=g\",\"contentUrl\":\"https:\\\/\\\/secure.gravatar.com\\\/avatar\\\/1a1320de1c1971c893f00068f760b4113d69504aa21273da17ee95650c5944fd?s=96&d=mm&r=g\",\"caption\":\"KJ\"},\"url\":\"https:\\\/\\\/www.webdo.tn\\\/fr\\\/actualite\\\/author\\\/kj\\\/\"}]}<\/script>\n<!-- \/ Yoast SEO Premium plugin. -->","yoast_head_json":{"title":"Tunisie : L'\u00c9tat conna\u00eet-il vraiment l\u2019\u00e9tat des infrastructures scolaires ?","description":"Apr\u00e8s le d\u00e9c\u00e8s de trois \u00e9l\u00e8ves \u00e0 Sidi Bouzid, le Forum tunisien des droits \u00e9conomiques et sociaux appelle \u00e0 un plan d'urgence pour sauver l'\u00e9cole publique.","canonical":"https:\/\/www.webdo.tn\/fr\/actualite\/national\/tunisie-l-etat-connait-il-vraiment-l-etat-des-infrastructures-scolaires\/221248\/","og_locale":"fr_FR","og_type":"article","og_title":"Tunisie : L'\u00c9tat conna\u00eet-il vraiment l\u2019\u00e9tat des infrastructures scolaires ?","og_description":"Apr\u00e8s le d\u00e9c\u00e8s de trois \u00e9l\u00e8ves \u00e0 Sidi Bouzid, le Forum tunisien des droits \u00e9conomiques et sociaux appelle \u00e0 un plan d'urgence pour sauver l'\u00e9cole publique.","og_url":"https:\/\/www.webdo.tn\/fr\/actualite\/national\/tunisie-l-etat-connait-il-vraiment-l-etat-des-infrastructures-scolaires\/221248\/","og_site_name":"webdo","article_publisher":"https:\/\/www.facebook.com\/webdotn","article_published_time":"2025-04-15T13:42:00+00:00","article_modified_time":"2025-05-21T08:54:03+00:00","og_image":[{"width":750,"height":400,"url":"https:\/\/www.webdo.tn\/fr\/wp-content\/uploads\/2025\/05\/093360e85e78f23c2764bc2ebe3fe8e9-3.webp","type":"image\/webp"}],"author":"KJ","twitter_card":"summary_large_image","twitter_creator":"@webdo_tn","twitter_site":"@webdo_tn","twitter_misc":{"\u00c9crit par":"KJ","Dur\u00e9e de lecture estim\u00e9e":"1 minute"},"schema":{"@context":"https:\/\/schema.org","@graph":[{"@type":"NewsArticle","@id":"https:\/\/www.webdo.tn\/fr\/actualite\/national\/tunisie-l-etat-connait-il-vraiment-l-etat-des-infrastructures-scolaires\/221248\/#article","isPartOf":{"@id":"https:\/\/www.webdo.tn\/fr\/actualite\/national\/tunisie-l-etat-connait-il-vraiment-l-etat-des-infrastructures-scolaires\/221248\/"},"author":{"name":"KJ","@id":"https:\/\/www.webdo.tn\/fr\/#\/schema\/person\/82ca085b22037d285e1a3c4b65ba5f71"},"headline":"Tunisie : L&rsquo;\u00c9tat conna\u00eet-il vraiment l\u2019\u00e9tat des infrastructures scolaires ?","datePublished":"2025-04-15T13:42:00+00:00","dateModified":"2025-05-21T08:54:03+00:00","mainEntityOfPage":{"@id":"https:\/\/www.webdo.tn\/fr\/actualite\/national\/tunisie-l-etat-connait-il-vraiment-l-etat-des-infrastructures-scolaires\/221248\/"},"wordCount":271,"commentCount":0,"publisher":{"@id":"https:\/\/www.webdo.tn\/fr\/#organization"},"image":{"@id":"https:\/\/www.webdo.tn\/fr\/actualite\/national\/tunisie-l-etat-connait-il-vraiment-l-etat-des-infrastructures-scolaires\/221248\/#primaryimage"},"thumbnailUrl":"https:\/\/www.webdo.tn\/fr\/wp-content\/uploads\/2025\/05\/093360e85e78f23c2764bc2ebe3fe8e9-3.webp","keywords":["\u00e9cole","Etat","Infrastructure","Tunisie"],"articleSection":["National"],"inLanguage":"fr-FR"},{"@type":"WebPage","@id":"https:\/\/www.webdo.tn\/fr\/actualite\/national\/tunisie-l-etat-connait-il-vraiment-l-etat-des-infrastructures-scolaires\/221248\/","url":"https:\/\/www.webdo.tn\/fr\/actualite\/national\/tunisie-l-etat-connait-il-vraiment-l-etat-des-infrastructures-scolaires\/221248\/","name":"Tunisie : L'\u00c9tat conna\u00eet-il vraiment l\u2019\u00e9tat des infrastructures scolaires ?","isPartOf":{"@id":"https:\/\/www.webdo.tn\/fr\/#website"},"primaryImageOfPage":{"@id":"https:\/\/www.webdo.tn\/fr\/actualite\/national\/tunisie-l-etat-connait-il-vraiment-l-etat-des-infrastructures-scolaires\/221248\/#primaryimage"},"image":{"@id":"https:\/\/www.webdo.tn\/fr\/actualite\/national\/tunisie-l-etat-connait-il-vraiment-l-etat-des-infrastructures-scolaires\/221248\/#primaryimage"},"thumbnailUrl":"https:\/\/www.webdo.tn\/fr\/wp-content\/uploads\/2025\/05\/093360e85e78f23c2764bc2ebe3fe8e9-3.webp","datePublished":"2025-04-15T13:42:00+00:00","dateModified":"2025-05-21T08:54:03+00:00","description":"Apr\u00e8s le d\u00e9c\u00e8s de trois \u00e9l\u00e8ves \u00e0 Sidi Bouzid, le Forum tunisien des droits \u00e9conomiques et sociaux appelle \u00e0 un plan d'urgence pour sauver l'\u00e9cole publique.","breadcrumb":{"@id":"https:\/\/www.webdo.tn\/fr\/actualite\/national\/tunisie-l-etat-connait-il-vraiment-l-etat-des-infrastructures-scolaires\/221248\/#breadcrumb"},"inLanguage":"fr-FR","potentialAction":[{"@type":"ReadAction","target":["https:\/\/www.webdo.tn\/fr\/actualite\/national\/tunisie-l-etat-connait-il-vraiment-l-etat-des-infrastructures-scolaires\/221248\/"]}]},{"@type":"ImageObject","inLanguage":"fr-FR","@id":"https:\/\/www.webdo.tn\/fr\/actualite\/national\/tunisie-l-etat-connait-il-vraiment-l-etat-des-infrastructures-scolaires\/221248\/#primaryimage","url":"https:\/\/www.webdo.tn\/fr\/wp-content\/uploads\/2025\/05\/093360e85e78f23c2764bc2ebe3fe8e9-3.webp","contentUrl":"https:\/\/www.webdo.tn\/fr\/wp-content\/uploads\/2025\/05\/093360e85e78f23c2764bc2ebe3fe8e9-3.webp","width":750,"height":400},{"@type":"BreadcrumbList","@id":"https:\/\/www.webdo.tn\/fr\/actualite\/national\/tunisie-l-etat-connait-il-vraiment-l-etat-des-infrastructures-scolaires\/221248\/#breadcrumb","itemListElement":[{"@type":"ListItem","position":1,"name":"Accueil","item":"https:\/\/www.webdo.tn\/fr\/"},{"@type":"ListItem","position":2,"name":"Tunisie : L&#8217;\u00c9tat conna\u00eet-il vraiment l\u2019\u00e9tat des infrastructures scolaires ?"}]},{"@type":"WebSite","@id":"https:\/\/www.webdo.tn\/fr\/#website","url":"https:\/\/www.webdo.tn\/fr\/","name":"webdo","description":"Tunisie - News en Tunisie et \u00e0 l&#039;international sur Webdo.tn","publisher":{"@id":"https:\/\/www.webdo.tn\/fr\/#organization"},"potentialAction":[{"@type":"SearchAction","target":{"@type":"EntryPoint","urlTemplate":"https:\/\/www.webdo.tn\/fr\/?s={search_term_string}"},"query-input":{"@type":"PropertyValueSpecification","valueRequired":true,"valueName":"search_term_string"}}],"inLanguage":"fr-FR"},{"@type":"Organization","@id":"https:\/\/www.webdo.tn\/fr\/#organization","name":"Webdo","alternateName":"Webdo.tn","url":"https:\/\/www.webdo.tn\/fr\/","logo":{"@type":"ImageObject","inLanguage":"fr-FR","@id":"https:\/\/www.webdo.tn\/fr\/#\/schema\/logo\/image\/","url":"https:\/\/www.webdo.tn\/fr\/wp-content\/uploads\/2025\/06\/Webdo-Tunisie_168377.jpg","contentUrl":"https:\/\/www.webdo.tn\/fr\/wp-content\/uploads\/2025\/06\/Webdo-Tunisie_168377.jpg","width":301,"height":301,"caption":"Webdo"},"image":{"@id":"https:\/\/www.webdo.tn\/fr\/#\/schema\/logo\/image\/"},"sameAs":["https:\/\/www.facebook.com\/webdotn","https:\/\/x.com\/webdo_tn"],"description":"Webdo est un m\u00e9dia num\u00e9rique tunisien fond\u00e9 en 2010, sp\u00e9cialis\u00e9 dans l\u2019actualit\u00e9 nationale et internationale, l\u2019\u00e9conomie, la soci\u00e9t\u00e9 et les analyses politiques. Le site s\u2019adresse \u00e0 un large public francophone et couvre l\u2019information tunisienne en temps r\u00e9el.","email":"redac@webdo.tn","legalName":"YNJ SARL","foundingDate":"2010-09-06","numberOfEmployees":{"@type":"QuantitativeValue","minValue":"11","maxValue":"50"}},{"@type":"Person","@id":"https:\/\/www.webdo.tn\/fr\/#\/schema\/person\/82ca085b22037d285e1a3c4b65ba5f71","name":"KJ","image":{"@type":"ImageObject","inLanguage":"fr-FR","@id":"https:\/\/secure.gravatar.com\/avatar\/1a1320de1c1971c893f00068f760b4113d69504aa21273da17ee95650c5944fd?s=96&d=mm&r=g","url":"https:\/\/secure.gravatar.com\/avatar\/1a1320de1c1971c893f00068f760b4113d69504aa21273da17ee95650c5944fd?s=96&d=mm&r=g","contentUrl":"https:\/\/secure.gravatar.com\/avatar\/1a1320de1c1971c893f00068f760b4113d69504aa21273da17ee95650c5944fd?s=96&d=mm&r=g","caption":"KJ"},"url":"https:\/\/www.webdo.tn\/fr\/actualite\/author\/kj\/"}]}},"_links":{"self":[{"href":"https:\/\/www.webdo.tn\/fr\/wp-json\/wp\/v2\/posts\/221248","targetHints":{"allow":["GET"]}}],"collection":[{"href":"https:\/\/www.webdo.tn\/fr\/wp-json\/wp\/v2\/posts"}],"about":[{"href":"https:\/\/www.webdo.tn\/fr\/wp-json\/wp\/v2\/types\/post"}],"author":[{"embeddable":true,"href":"https:\/\/www.webdo.tn\/fr\/wp-json\/wp\/v2\/users\/3163"}],"replies":[{"embeddable":true,"href":"https:\/\/www.webdo.tn\/fr\/wp-json\/wp\/v2\/comments?post=221248"}],"version-history":[{"count":0,"href":"https:\/\/www.webdo.tn\/fr\/wp-json\/wp\/v2\/posts\/221248\/revisions"}],"wp:featuredmedia":[{"embeddable":true,"href":"https:\/\/www.webdo.tn\/fr\/wp-json\/wp\/v2\/media\/241156"}],"wp:attachment":[{"href":"https:\/\/www.webdo.tn\/fr\/wp-json\/wp\/v2\/media?parent=221248"}],"wp:term":[{"taxonomy":"category","embeddable":true,"href":"https:\/\/www.webdo.tn\/fr\/wp-json\/wp\/v2\/categories?post=221248"},{"taxonomy":"post_tag","embeddable":true,"href":"https:\/\/www.webdo.tn\/fr\/wp-json\/wp\/v2\/tags?post=221248"}],"curies":[{"name":"wp","href":"https:\/\/api.w.org\/{rel}","templated":true}]}}