{"id":221239,"date":"2025-04-15T11:09:00","date_gmt":"2025-04-15T11:09:00","guid":{"rendered":"https:\/\/www.webdo.tn\/fr\/blog\/2025\/04\/15\/tunisie-bac-sport-maintien-des-epreuves-malgre-l-appel-a-la-greve\/"},"modified":"2025-05-21T08:54:01","modified_gmt":"2025-05-21T08:54:01","slug":"tunisie-bac-sport-maintien-des-epreuves-malgre-l-appel-a-la-greve","status":"publish","type":"post","link":"https:\/\/www.webdo.tn\/fr\/actualite\/national\/tunisie-bac-sport-maintien-des-epreuves-malgre-l-appel-a-la-greve\/221239\/","title":{"rendered":"Tunisie \u2013 Bac Sport : Maintien des \u00e9preuves malgr\u00e9 l\u2019appel \u00e0 la gr\u00e8ve"},"content":{"rendered":"<p>Les \u00e9preuves de l\u2019\u00e9ducation physique, organis\u00e9es dans le cadre de la session de juin 2025 du baccalaur\u00e9at, se d\u00e9roulent aujourd\u2019hui dans des conditions normales dans plusieurs gouvernorats du pays, notamment \u00e0 Sfax, Sousse et Monastir.\u00a0<\/p>\n<p>\t\t\t\t\t\t\t\t\tLes centres d\u2019examen d\u00e9di\u00e9s ont accueilli les candidats comme pr\u00e9vu, sans perturbations majeures signal\u00e9es \u00e0 ce jour.<\/p>\n<p>Ce d\u00e9roulement ordinaire contraste avec la tension qui pr\u00e9vaut dans le secteur de l\u2019\u00e9ducation, apr\u00e8s l\u2019appel \u00e0 la gr\u00e8ve lanc\u00e9 par la F\u00e9d\u00e9ration g\u00e9n\u00e9rale de l\u2019enseignement secondaire (UGTT).\u00a0<\/p>\n<p>Le syndicat proteste contre l\u2019absence de mesures concr\u00e8tes suite au drame survenu au lyc\u00e9e de Mezzouna, dans le gouvernorat de Sidi Bouzid, o\u00f9 l\u2019effondrement d\u2019un mur a provoqu\u00e9 la mort de trois \u00e9l\u00e8ves et bless\u00e9 plusieurs autres.<\/p>\n<p>La trag\u00e9die de Mazzouna, qui a profond\u00e9ment choqu\u00e9 l\u2019opinion publique, a relanc\u00e9 le d\u00e9bat sur l\u2019\u00e9tat de d\u00e9labrement de nombreux \u00e9tablissements scolaires \u00e0 travers le pays.\u00a0<\/p>\n<p>Le mur qui s\u2019est effondr\u00e9, selon les premi\u00e8res constatations, pr\u00e9sentait des signes de v\u00e9tust\u00e9, dans un lyc\u00e9e d\u00e9j\u00e0 point\u00e9 du doigt pour ses infrastructures d\u00e9grad\u00e9es.<\/p>\n<p>Face \u00e0 ce drame, la F\u00e9d\u00e9ration de l\u2019enseignement secondaire a estim\u00e9 que les conditions ne sont pas r\u00e9unies pour maintenir les examens dans la s\u00e9r\u00e9nit\u00e9 et la s\u00e9curit\u00e9. Elle appelle \u00e0 une prise de responsabilit\u00e9 urgente de la part des autorit\u00e9s concern\u00e9es.<\/p>\n","protected":false},"excerpt":{"rendered":"<p>Les \u00e9preuves de sport du bac 2025 ont d\u00e9marr\u00e9 normalement dans plusieurs gouvernorats malgr\u00e9 l&rsquo;appel au boycott de la F\u00e9d\u00e9ration de l&rsquo;enseignement secondaire, a&#8230;<\/p>\n","protected":false},"author":3163,"featured_media":241142,"comment_status":"open","ping_status":"open","sticky":false,"template":"","format":"standard","meta":{"footnotes":""},"categories":[44],"tags":[3201,2647,2938,2608],"class_list":["post-221239","post","type-post","status-publish","format-standard","has-post-thumbnail","hentry","category-national","tag-bac-sport","tag-greve","tag-mazzouna","tag-tunisie"],"yoast_head":"<!-- This site is optimized with the Yoast SEO Premium plugin v27.4 (Yoast SEO v27.5) - https:\/\/yoast.com\/product\/yoast-seo-premium-wordpress\/ -->\n<title>Tunisie \u2013 Bac Sport : Maintien des \u00e9preuves malgr\u00e9 l\u2019appel \u00e0 la gr\u00e8ve<\/title>\n<meta name=\"description\" content=\"Les \u00e9preuves de sport du bac 2025 ont d\u00e9marr\u00e9 normalement dans plusieurs gouvernorats malgr\u00e9 l&#039;appel au boycott de la F\u00e9d\u00e9ration de l&#039;enseignement secondaire, a...\" \/>\n<link rel=\"canonical\" href=\"https:\/\/www.webdo.tn\/fr\/actualite\/national\/tunisie-bac-sport-maintien-des-epreuves-malgre-l-appel-a-la-greve\/221239\/\" \/>\n<meta property=\"og:locale\" content=\"fr_FR\" \/>\n<meta property=\"og:type\" content=\"article\" \/>\n<meta property=\"og:title\" content=\"Tunisie \u2013 Bac Sport : Maintien des \u00e9preuves malgr\u00e9 l\u2019appel \u00e0 la gr\u00e8ve\" \/>\n<meta property=\"og:description\" content=\"Les \u00e9preuves de sport du bac 2025 ont d\u00e9marr\u00e9 normalement dans plusieurs gouvernorats malgr\u00e9 l&#039;appel au boycott de la F\u00e9d\u00e9ration de l&#039;enseignement secondaire, a...\" \/>\n<meta property=\"og:url\" content=\"https:\/\/www.webdo.tn\/fr\/actualite\/national\/tunisie-bac-sport-maintien-des-epreuves-malgre-l-appel-a-la-greve\/221239\/\" \/>\n<meta property=\"og:site_name\" content=\"webdo\" \/>\n<meta property=\"article:publisher\" content=\"https:\/\/www.facebook.com\/webdotn\" \/>\n<meta property=\"article:published_time\" content=\"2025-04-15T11:09:00+00:00\" \/>\n<meta property=\"article:modified_time\" content=\"2025-05-21T08:54:01+00:00\" \/>\n<meta property=\"og:image\" content=\"https:\/\/www.webdo.tn\/fr\/wp-content\/uploads\/2025\/05\/9af7f592f478f79e489f0dadc20af1b4-3.webp\" \/>\n\t<meta property=\"og:image:width\" content=\"750\" \/>\n\t<meta property=\"og:image:height\" content=\"400\" \/>\n\t<meta property=\"og:image:type\" content=\"image\/webp\" \/>\n<meta name=\"author\" content=\"KJ\" \/>\n<meta name=\"twitter:card\" content=\"summary_large_image\" \/>\n<meta name=\"twitter:creator\" content=\"@webdo_tn\" \/>\n<meta name=\"twitter:site\" content=\"@webdo_tn\" \/>\n<meta name=\"twitter:label1\" content=\"\u00c9crit par\" \/>\n\t<meta name=\"twitter:data1\" content=\"KJ\" \/>\n\t<meta name=\"twitter:label2\" content=\"Dur\u00e9e de lecture estim\u00e9e\" \/>\n\t<meta name=\"twitter:data2\" content=\"1 minute\" \/>\n<script type=\"application\/ld+json\" class=\"yoast-schema-graph\">{\"@context\":\"https:\\\/\\\/schema.org\",\"@graph\":[{\"@type\":\"NewsArticle\",\"@id\":\"https:\\\/\\\/www.webdo.tn\\\/fr\\\/actualite\\\/national\\\/tunisie-bac-sport-maintien-des-epreuves-malgre-l-appel-a-la-greve\\\/221239\\\/#article\",\"isPartOf\":{\"@id\":\"https:\\\/\\\/www.webdo.tn\\\/fr\\\/actualite\\\/national\\\/tunisie-bac-sport-maintien-des-epreuves-malgre-l-appel-a-la-greve\\\/221239\\\/\"},\"author\":{\"name\":\"KJ\",\"@id\":\"https:\\\/\\\/www.webdo.tn\\\/fr\\\/#\\\/schema\\\/person\\\/82ca085b22037d285e1a3c4b65ba5f71\"},\"headline\":\"Tunisie \u2013 Bac Sport : Maintien des \u00e9preuves malgr\u00e9 l\u2019appel \u00e0 la gr\u00e8ve\",\"datePublished\":\"2025-04-15T11:09:00+00:00\",\"dateModified\":\"2025-05-21T08:54:01+00:00\",\"mainEntityOfPage\":{\"@id\":\"https:\\\/\\\/www.webdo.tn\\\/fr\\\/actualite\\\/national\\\/tunisie-bac-sport-maintien-des-epreuves-malgre-l-appel-a-la-greve\\\/221239\\\/\"},\"wordCount\":265,\"commentCount\":0,\"publisher\":{\"@id\":\"https:\\\/\\\/www.webdo.tn\\\/fr\\\/#organization\"},\"image\":{\"@id\":\"https:\\\/\\\/www.webdo.tn\\\/fr\\\/actualite\\\/national\\\/tunisie-bac-sport-maintien-des-epreuves-malgre-l-appel-a-la-greve\\\/221239\\\/#primaryimage\"},\"thumbnailUrl\":\"https:\\\/\\\/www.webdo.tn\\\/fr\\\/wp-content\\\/uploads\\\/2025\\\/05\\\/9af7f592f478f79e489f0dadc20af1b4-3.webp\",\"keywords\":[\"bac sport\",\"Gr\u00e8ve\",\"Mazzouna\",\"Tunisie\"],\"articleSection\":[\"National\"],\"inLanguage\":\"fr-FR\"},{\"@type\":\"WebPage\",\"@id\":\"https:\\\/\\\/www.webdo.tn\\\/fr\\\/actualite\\\/national\\\/tunisie-bac-sport-maintien-des-epreuves-malgre-l-appel-a-la-greve\\\/221239\\\/\",\"url\":\"https:\\\/\\\/www.webdo.tn\\\/fr\\\/actualite\\\/national\\\/tunisie-bac-sport-maintien-des-epreuves-malgre-l-appel-a-la-greve\\\/221239\\\/\",\"name\":\"Tunisie \u2013 Bac Sport : Maintien des \u00e9preuves malgr\u00e9 l\u2019appel \u00e0 la gr\u00e8ve\",\"isPartOf\":{\"@id\":\"https:\\\/\\\/www.webdo.tn\\\/fr\\\/#website\"},\"primaryImageOfPage\":{\"@id\":\"https:\\\/\\\/www.webdo.tn\\\/fr\\\/actualite\\\/national\\\/tunisie-bac-sport-maintien-des-epreuves-malgre-l-appel-a-la-greve\\\/221239\\\/#primaryimage\"},\"image\":{\"@id\":\"https:\\\/\\\/www.webdo.tn\\\/fr\\\/actualite\\\/national\\\/tunisie-bac-sport-maintien-des-epreuves-malgre-l-appel-a-la-greve\\\/221239\\\/#primaryimage\"},\"thumbnailUrl\":\"https:\\\/\\\/www.webdo.tn\\\/fr\\\/wp-content\\\/uploads\\\/2025\\\/05\\\/9af7f592f478f79e489f0dadc20af1b4-3.webp\",\"datePublished\":\"2025-04-15T11:09:00+00:00\",\"dateModified\":\"2025-05-21T08:54:01+00:00\",\"description\":\"Les \u00e9preuves de sport du bac 2025 ont d\u00e9marr\u00e9 normalement dans plusieurs gouvernorats malgr\u00e9 l'appel au boycott de la F\u00e9d\u00e9ration de l'enseignement secondaire, a...\",\"breadcrumb\":{\"@id\":\"https:\\\/\\\/www.webdo.tn\\\/fr\\\/actualite\\\/national\\\/tunisie-bac-sport-maintien-des-epreuves-malgre-l-appel-a-la-greve\\\/221239\\\/#breadcrumb\"},\"inLanguage\":\"fr-FR\",\"potentialAction\":[{\"@type\":\"ReadAction\",\"target\":[\"https:\\\/\\\/www.webdo.tn\\\/fr\\\/actualite\\\/national\\\/tunisie-bac-sport-maintien-des-epreuves-malgre-l-appel-a-la-greve\\\/221239\\\/\"]}]},{\"@type\":\"ImageObject\",\"inLanguage\":\"fr-FR\",\"@id\":\"https:\\\/\\\/www.webdo.tn\\\/fr\\\/actualite\\\/national\\\/tunisie-bac-sport-maintien-des-epreuves-malgre-l-appel-a-la-greve\\\/221239\\\/#primaryimage\",\"url\":\"https:\\\/\\\/www.webdo.tn\\\/fr\\\/wp-content\\\/uploads\\\/2025\\\/05\\\/9af7f592f478f79e489f0dadc20af1b4-3.webp\",\"contentUrl\":\"https:\\\/\\\/www.webdo.tn\\\/fr\\\/wp-content\\\/uploads\\\/2025\\\/05\\\/9af7f592f478f79e489f0dadc20af1b4-3.webp\",\"width\":750,\"height\":400},{\"@type\":\"BreadcrumbList\",\"@id\":\"https:\\\/\\\/www.webdo.tn\\\/fr\\\/actualite\\\/national\\\/tunisie-bac-sport-maintien-des-epreuves-malgre-l-appel-a-la-greve\\\/221239\\\/#breadcrumb\",\"itemListElement\":[{\"@type\":\"ListItem\",\"position\":1,\"name\":\"Accueil\",\"item\":\"https:\\\/\\\/www.webdo.tn\\\/fr\\\/\"},{\"@type\":\"ListItem\",\"position\":2,\"name\":\"Tunisie \u2013 Bac Sport : Maintien des \u00e9preuves malgr\u00e9 l\u2019appel \u00e0 la gr\u00e8ve\"}]},{\"@type\":\"WebSite\",\"@id\":\"https:\\\/\\\/www.webdo.tn\\\/fr\\\/#website\",\"url\":\"https:\\\/\\\/www.webdo.tn\\\/fr\\\/\",\"name\":\"webdo\",\"description\":\"Tunisie - News en Tunisie et \u00e0 l&#039;international sur Webdo.tn\",\"publisher\":{\"@id\":\"https:\\\/\\\/www.webdo.tn\\\/fr\\\/#organization\"},\"potentialAction\":[{\"@type\":\"SearchAction\",\"target\":{\"@type\":\"EntryPoint\",\"urlTemplate\":\"https:\\\/\\\/www.webdo.tn\\\/fr\\\/?s={search_term_string}\"},\"query-input\":{\"@type\":\"PropertyValueSpecification\",\"valueRequired\":true,\"valueName\":\"search_term_string\"}}],\"inLanguage\":\"fr-FR\"},{\"@type\":\"Organization\",\"@id\":\"https:\\\/\\\/www.webdo.tn\\\/fr\\\/#organization\",\"name\":\"Webdo\",\"alternateName\":\"Webdo.tn\",\"url\":\"https:\\\/\\\/www.webdo.tn\\\/fr\\\/\",\"logo\":{\"@type\":\"ImageObject\",\"inLanguage\":\"fr-FR\",\"@id\":\"https:\\\/\\\/www.webdo.tn\\\/fr\\\/#\\\/schema\\\/logo\\\/image\\\/\",\"url\":\"https:\\\/\\\/www.webdo.tn\\\/fr\\\/wp-content\\\/uploads\\\/2025\\\/06\\\/Webdo-Tunisie_168377.jpg\",\"contentUrl\":\"https:\\\/\\\/www.webdo.tn\\\/fr\\\/wp-content\\\/uploads\\\/2025\\\/06\\\/Webdo-Tunisie_168377.jpg\",\"width\":301,\"height\":301,\"caption\":\"Webdo\"},\"image\":{\"@id\":\"https:\\\/\\\/www.webdo.tn\\\/fr\\\/#\\\/schema\\\/logo\\\/image\\\/\"},\"sameAs\":[\"https:\\\/\\\/www.facebook.com\\\/webdotn\",\"https:\\\/\\\/x.com\\\/webdo_tn\"],\"description\":\"Webdo est un m\u00e9dia num\u00e9rique tunisien fond\u00e9 en 2010, sp\u00e9cialis\u00e9 dans l\u2019actualit\u00e9 nationale et internationale, l\u2019\u00e9conomie, la soci\u00e9t\u00e9 et les analyses politiques. Le site s\u2019adresse \u00e0 un large public francophone et couvre l\u2019information tunisienne en temps r\u00e9el.\",\"email\":\"redac@webdo.tn\",\"legalName\":\"YNJ SARL\",\"foundingDate\":\"2010-09-06\",\"numberOfEmployees\":{\"@type\":\"QuantitativeValue\",\"minValue\":\"11\",\"maxValue\":\"50\"}},{\"@type\":\"Person\",\"@id\":\"https:\\\/\\\/www.webdo.tn\\\/fr\\\/#\\\/schema\\\/person\\\/82ca085b22037d285e1a3c4b65ba5f71\",\"name\":\"KJ\",\"image\":{\"@type\":\"ImageObject\",\"inLanguage\":\"fr-FR\",\"@id\":\"https:\\\/\\\/secure.gravatar.com\\\/avatar\\\/1a1320de1c1971c893f00068f760b4113d69504aa21273da17ee95650c5944fd?s=96&d=mm&r=g\",\"url\":\"https:\\\/\\\/secure.gravatar.com\\\/avatar\\\/1a1320de1c1971c893f00068f760b4113d69504aa21273da17ee95650c5944fd?s=96&d=mm&r=g\",\"contentUrl\":\"https:\\\/\\\/secure.gravatar.com\\\/avatar\\\/1a1320de1c1971c893f00068f760b4113d69504aa21273da17ee95650c5944fd?s=96&d=mm&r=g\",\"caption\":\"KJ\"},\"url\":\"https:\\\/\\\/www.webdo.tn\\\/fr\\\/actualite\\\/author\\\/kj\\\/\"}]}<\/script>\n<!-- \/ Yoast SEO Premium plugin. -->","yoast_head_json":{"title":"Tunisie \u2013 Bac Sport : Maintien des \u00e9preuves malgr\u00e9 l\u2019appel \u00e0 la gr\u00e8ve","description":"Les \u00e9preuves de sport du bac 2025 ont d\u00e9marr\u00e9 normalement dans plusieurs gouvernorats malgr\u00e9 l'appel au boycott de la F\u00e9d\u00e9ration de l'enseignement secondaire, a...","canonical":"https:\/\/www.webdo.tn\/fr\/actualite\/national\/tunisie-bac-sport-maintien-des-epreuves-malgre-l-appel-a-la-greve\/221239\/","og_locale":"fr_FR","og_type":"article","og_title":"Tunisie \u2013 Bac Sport : Maintien des \u00e9preuves malgr\u00e9 l\u2019appel \u00e0 la gr\u00e8ve","og_description":"Les \u00e9preuves de sport du bac 2025 ont d\u00e9marr\u00e9 normalement dans plusieurs gouvernorats malgr\u00e9 l'appel au boycott de la F\u00e9d\u00e9ration de l'enseignement secondaire, a...","og_url":"https:\/\/www.webdo.tn\/fr\/actualite\/national\/tunisie-bac-sport-maintien-des-epreuves-malgre-l-appel-a-la-greve\/221239\/","og_site_name":"webdo","article_publisher":"https:\/\/www.facebook.com\/webdotn","article_published_time":"2025-04-15T11:09:00+00:00","article_modified_time":"2025-05-21T08:54:01+00:00","og_image":[{"width":750,"height":400,"url":"https:\/\/www.webdo.tn\/fr\/wp-content\/uploads\/2025\/05\/9af7f592f478f79e489f0dadc20af1b4-3.webp","type":"image\/webp"}],"author":"KJ","twitter_card":"summary_large_image","twitter_creator":"@webdo_tn","twitter_site":"@webdo_tn","twitter_misc":{"\u00c9crit par":"KJ","Dur\u00e9e de lecture estim\u00e9e":"1 minute"},"schema":{"@context":"https:\/\/schema.org","@graph":[{"@type":"NewsArticle","@id":"https:\/\/www.webdo.tn\/fr\/actualite\/national\/tunisie-bac-sport-maintien-des-epreuves-malgre-l-appel-a-la-greve\/221239\/#article","isPartOf":{"@id":"https:\/\/www.webdo.tn\/fr\/actualite\/national\/tunisie-bac-sport-maintien-des-epreuves-malgre-l-appel-a-la-greve\/221239\/"},"author":{"name":"KJ","@id":"https:\/\/www.webdo.tn\/fr\/#\/schema\/person\/82ca085b22037d285e1a3c4b65ba5f71"},"headline":"Tunisie \u2013 Bac Sport : Maintien des \u00e9preuves malgr\u00e9 l\u2019appel \u00e0 la gr\u00e8ve","datePublished":"2025-04-15T11:09:00+00:00","dateModified":"2025-05-21T08:54:01+00:00","mainEntityOfPage":{"@id":"https:\/\/www.webdo.tn\/fr\/actualite\/national\/tunisie-bac-sport-maintien-des-epreuves-malgre-l-appel-a-la-greve\/221239\/"},"wordCount":265,"commentCount":0,"publisher":{"@id":"https:\/\/www.webdo.tn\/fr\/#organization"},"image":{"@id":"https:\/\/www.webdo.tn\/fr\/actualite\/national\/tunisie-bac-sport-maintien-des-epreuves-malgre-l-appel-a-la-greve\/221239\/#primaryimage"},"thumbnailUrl":"https:\/\/www.webdo.tn\/fr\/wp-content\/uploads\/2025\/05\/9af7f592f478f79e489f0dadc20af1b4-3.webp","keywords":["bac sport","Gr\u00e8ve","Mazzouna","Tunisie"],"articleSection":["National"],"inLanguage":"fr-FR"},{"@type":"WebPage","@id":"https:\/\/www.webdo.tn\/fr\/actualite\/national\/tunisie-bac-sport-maintien-des-epreuves-malgre-l-appel-a-la-greve\/221239\/","url":"https:\/\/www.webdo.tn\/fr\/actualite\/national\/tunisie-bac-sport-maintien-des-epreuves-malgre-l-appel-a-la-greve\/221239\/","name":"Tunisie \u2013 Bac Sport : Maintien des \u00e9preuves malgr\u00e9 l\u2019appel \u00e0 la gr\u00e8ve","isPartOf":{"@id":"https:\/\/www.webdo.tn\/fr\/#website"},"primaryImageOfPage":{"@id":"https:\/\/www.webdo.tn\/fr\/actualite\/national\/tunisie-bac-sport-maintien-des-epreuves-malgre-l-appel-a-la-greve\/221239\/#primaryimage"},"image":{"@id":"https:\/\/www.webdo.tn\/fr\/actualite\/national\/tunisie-bac-sport-maintien-des-epreuves-malgre-l-appel-a-la-greve\/221239\/#primaryimage"},"thumbnailUrl":"https:\/\/www.webdo.tn\/fr\/wp-content\/uploads\/2025\/05\/9af7f592f478f79e489f0dadc20af1b4-3.webp","datePublished":"2025-04-15T11:09:00+00:00","dateModified":"2025-05-21T08:54:01+00:00","description":"Les \u00e9preuves de sport du bac 2025 ont d\u00e9marr\u00e9 normalement dans plusieurs gouvernorats malgr\u00e9 l'appel au boycott de la F\u00e9d\u00e9ration de l'enseignement secondaire, a...","breadcrumb":{"@id":"https:\/\/www.webdo.tn\/fr\/actualite\/national\/tunisie-bac-sport-maintien-des-epreuves-malgre-l-appel-a-la-greve\/221239\/#breadcrumb"},"inLanguage":"fr-FR","potentialAction":[{"@type":"ReadAction","target":["https:\/\/www.webdo.tn\/fr\/actualite\/national\/tunisie-bac-sport-maintien-des-epreuves-malgre-l-appel-a-la-greve\/221239\/"]}]},{"@type":"ImageObject","inLanguage":"fr-FR","@id":"https:\/\/www.webdo.tn\/fr\/actualite\/national\/tunisie-bac-sport-maintien-des-epreuves-malgre-l-appel-a-la-greve\/221239\/#primaryimage","url":"https:\/\/www.webdo.tn\/fr\/wp-content\/uploads\/2025\/05\/9af7f592f478f79e489f0dadc20af1b4-3.webp","contentUrl":"https:\/\/www.webdo.tn\/fr\/wp-content\/uploads\/2025\/05\/9af7f592f478f79e489f0dadc20af1b4-3.webp","width":750,"height":400},{"@type":"BreadcrumbList","@id":"https:\/\/www.webdo.tn\/fr\/actualite\/national\/tunisie-bac-sport-maintien-des-epreuves-malgre-l-appel-a-la-greve\/221239\/#breadcrumb","itemListElement":[{"@type":"ListItem","position":1,"name":"Accueil","item":"https:\/\/www.webdo.tn\/fr\/"},{"@type":"ListItem","position":2,"name":"Tunisie \u2013 Bac Sport : Maintien des \u00e9preuves malgr\u00e9 l\u2019appel \u00e0 la gr\u00e8ve"}]},{"@type":"WebSite","@id":"https:\/\/www.webdo.tn\/fr\/#website","url":"https:\/\/www.webdo.tn\/fr\/","name":"webdo","description":"Tunisie - News en Tunisie et \u00e0 l&#039;international sur Webdo.tn","publisher":{"@id":"https:\/\/www.webdo.tn\/fr\/#organization"},"potentialAction":[{"@type":"SearchAction","target":{"@type":"EntryPoint","urlTemplate":"https:\/\/www.webdo.tn\/fr\/?s={search_term_string}"},"query-input":{"@type":"PropertyValueSpecification","valueRequired":true,"valueName":"search_term_string"}}],"inLanguage":"fr-FR"},{"@type":"Organization","@id":"https:\/\/www.webdo.tn\/fr\/#organization","name":"Webdo","alternateName":"Webdo.tn","url":"https:\/\/www.webdo.tn\/fr\/","logo":{"@type":"ImageObject","inLanguage":"fr-FR","@id":"https:\/\/www.webdo.tn\/fr\/#\/schema\/logo\/image\/","url":"https:\/\/www.webdo.tn\/fr\/wp-content\/uploads\/2025\/06\/Webdo-Tunisie_168377.jpg","contentUrl":"https:\/\/www.webdo.tn\/fr\/wp-content\/uploads\/2025\/06\/Webdo-Tunisie_168377.jpg","width":301,"height":301,"caption":"Webdo"},"image":{"@id":"https:\/\/www.webdo.tn\/fr\/#\/schema\/logo\/image\/"},"sameAs":["https:\/\/www.facebook.com\/webdotn","https:\/\/x.com\/webdo_tn"],"description":"Webdo est un m\u00e9dia num\u00e9rique tunisien fond\u00e9 en 2010, sp\u00e9cialis\u00e9 dans l\u2019actualit\u00e9 nationale et internationale, l\u2019\u00e9conomie, la soci\u00e9t\u00e9 et les analyses politiques. Le site s\u2019adresse \u00e0 un large public francophone et couvre l\u2019information tunisienne en temps r\u00e9el.","email":"redac@webdo.tn","legalName":"YNJ SARL","foundingDate":"2010-09-06","numberOfEmployees":{"@type":"QuantitativeValue","minValue":"11","maxValue":"50"}},{"@type":"Person","@id":"https:\/\/www.webdo.tn\/fr\/#\/schema\/person\/82ca085b22037d285e1a3c4b65ba5f71","name":"KJ","image":{"@type":"ImageObject","inLanguage":"fr-FR","@id":"https:\/\/secure.gravatar.com\/avatar\/1a1320de1c1971c893f00068f760b4113d69504aa21273da17ee95650c5944fd?s=96&d=mm&r=g","url":"https:\/\/secure.gravatar.com\/avatar\/1a1320de1c1971c893f00068f760b4113d69504aa21273da17ee95650c5944fd?s=96&d=mm&r=g","contentUrl":"https:\/\/secure.gravatar.com\/avatar\/1a1320de1c1971c893f00068f760b4113d69504aa21273da17ee95650c5944fd?s=96&d=mm&r=g","caption":"KJ"},"url":"https:\/\/www.webdo.tn\/fr\/actualite\/author\/kj\/"}]}},"_links":{"self":[{"href":"https:\/\/www.webdo.tn\/fr\/wp-json\/wp\/v2\/posts\/221239","targetHints":{"allow":["GET"]}}],"collection":[{"href":"https:\/\/www.webdo.tn\/fr\/wp-json\/wp\/v2\/posts"}],"about":[{"href":"https:\/\/www.webdo.tn\/fr\/wp-json\/wp\/v2\/types\/post"}],"author":[{"embeddable":true,"href":"https:\/\/www.webdo.tn\/fr\/wp-json\/wp\/v2\/users\/3163"}],"replies":[{"embeddable":true,"href":"https:\/\/www.webdo.tn\/fr\/wp-json\/wp\/v2\/comments?post=221239"}],"version-history":[{"count":0,"href":"https:\/\/www.webdo.tn\/fr\/wp-json\/wp\/v2\/posts\/221239\/revisions"}],"wp:featuredmedia":[{"embeddable":true,"href":"https:\/\/www.webdo.tn\/fr\/wp-json\/wp\/v2\/media\/241142"}],"wp:attachment":[{"href":"https:\/\/www.webdo.tn\/fr\/wp-json\/wp\/v2\/media?parent=221239"}],"wp:term":[{"taxonomy":"category","embeddable":true,"href":"https:\/\/www.webdo.tn\/fr\/wp-json\/wp\/v2\/categories?post=221239"},{"taxonomy":"post_tag","embeddable":true,"href":"https:\/\/www.webdo.tn\/fr\/wp-json\/wp\/v2\/tags?post=221239"}],"curies":[{"name":"wp","href":"https:\/\/api.w.org\/{rel}","templated":true}]}}