{"id":221238,"date":"2025-04-15T10:48:00","date_gmt":"2025-04-15T10:48:00","guid":{"rendered":"https:\/\/www.webdo.tn\/fr\/blog\/2025\/04\/15\/tunisie-quand-l-ecole-devient-un-danger-l-alerte-de-mezzouna\/"},"modified":"2025-05-21T09:09:37","modified_gmt":"2025-05-21T09:09:37","slug":"tunisie-quand-l-ecole-devient-un-danger-l-alerte-de-mezzouna","status":"publish","type":"post","link":"https:\/\/www.webdo.tn\/fr\/actualite\/national\/tunisie-quand-l-ecole-devient-un-danger-l-alerte-de-mezzouna\/221238\/","title":{"rendered":"Tunisie : Quand l\u2019\u00e9cole devient un danger : l\u2019alerte de Mezzouna"},"content":{"rendered":"<p>Trois \u00e9l\u00e8ves perdent la vie, \u00e9cras\u00e9s par un mur effondr\u00e9 dans leur propre lyc\u00e9e. Ce drame, survenu dans un \u00e9tablissement scolaire cens\u00e9 garantir s\u00e9curit\u00e9 et savoir, a boulevers\u00e9 tout un pays. Mais il ne s\u2019agit pas d\u2019un accident isol\u00e9. Il est le reflet brutal d\u2019une r\u00e9alit\u00e9 que l\u2019on tait depuis trop longtemps : l\u2019\u00e9tat catastrophique des infrastructures \u00e9ducatives en Tunisie.<\/p>\n<p>\t\t\t\t\t\t\t\t\tDes \u00e9tablissements en ruine<\/p>\n<p>Des murs qui s\u2019effritent, des plafonds qui menacent de tomber, des sanitaires hors service, des fen\u00eatres cass\u00e9es, des classes sans chauffage ni ventilation : tel est le quotidien de milliers d\u2019\u00e9l\u00e8ves tunisiens, notamment dans les r\u00e9gions int\u00e9rieures du pays. Dans les gouvernorats comme Sidi Bouzid, Kasserine, Siliana ou K\u00e9bili, des \u00e9coles publiques accueillent chaque jour des enfants dans des conditions indignes, parfois inhumaines.<\/p>\n<p>Alerte ignor\u00e9e depuis des ann\u00e9es<\/p>\n<p>Les enseignants, eux aussi, tirent la sonnette d\u2019alarme depuis des ann\u00e9es. Syndicats, associations, m\u00e9dias r\u00e9gionaux : tous ont d\u00e9nonc\u00e9 la v\u00e9tust\u00e9 croissante des \u00e9tablissements, sans r\u00e9ponse concr\u00e8te de la part des autorit\u00e9s. Le drame de Mezzouna vient confirmer, avec une violence inou\u00efe, ce que beaucoup savaient d\u00e9j\u00e0 : certaines \u00e9coles tunisiennes sont devenues des pi\u00e8ges mortels.<\/p>\n<p>Une fracture r\u00e9gionale criante<\/p>\n<p>Ce drame r\u00e9v\u00e8le aussi une profonde in\u00e9galit\u00e9 entre les r\u00e9gions. Tandis que certaines \u00e9coles en milieu urbain disposent d\u2019un minimum de moyens, celles des zones rurales sont souvent laiss\u00e9es \u00e0 l\u2019abandon. Cette fracture n\u2019est pas seulement mat\u00e9rielle : elle traduit une marginalisation continue des r\u00e9gions de l\u2019int\u00e9rieur, renfor\u00e7ant le sentiment d\u2019injustice sociale chez les jeunes et les familles.<\/p>\n<p>Une \u00e9galit\u00e9 th\u00e9orique, une r\u00e9alit\u00e9 brutale<\/p>\n<p>Alors que la Constitution tunisienne garantit l\u2019\u00e9galit\u00e9 des chances et le droit \u00e0 l\u2019\u00e9ducation, la r\u00e9alit\u00e9 du terrain est tout autre. Comment parler d\u2019\u00e9galit\u00e9 quand certains \u00e9l\u00e8ves doivent faire cours dans des salles d\u00e9labr\u00e9es, sans tableau ni bancs, et parfois m\u00eame sans toit ?<\/p>\n<p>Des promesses politiques, mais peu d\u2019actes<\/p>\n<p>Face \u00e0 l\u2019\u00e9motion provoqu\u00e9e par la trag\u00e9die, les autorit\u00e9s ont promis l\u2019ouverture d\u2019une enqu\u00eate et l\u2019identification des responsables. Le Pr\u00e9sident de la R\u00e9publique lui-m\u00eame a exprim\u00e9 sa tristesse. Mais les mots ne suffisent plus. Il faut des actes, des plans concrets, des r\u00e9formes structurelles. Il faut un audit national urgent des infrastructures \u00e9ducatives, un plan de r\u00e9novation \u00e0 grande \u00e9chelle, une r\u00e9vision des budgets, et surtout un suivi transparent.<\/p>\n<p>L\u2019\u00e9ducation ne peut plus attendre<\/p>\n<p>L\u2019\u00e9ducation ne peut plus \u00eatre sacrifi\u00e9e sur l\u2019autel des \u00e9quilibres budg\u00e9taires ou des calculs politiques. Une soci\u00e9t\u00e9 qui laisse ses enfants \u00e9tudier dans des conditions dangereuses est une soci\u00e9t\u00e9 qui abandonne son avenir.<\/p>\n<p>Ne plus jamais fermer les yeux<\/p>\n<p>La mort tragique d\u2019Abdelkader, Youssef et Hammouda \u00e0 Mezzouna ne doit pas rester une anecdote dramatique dans l\u2019actualit\u00e9. Elle doit \u00eatre le point de d\u00e9part d\u2019une v\u00e9ritable prise de conscience collective. Chaque enfant tunisien a le droit d\u2019aller \u00e0 l\u2019\u00e9cole en toute s\u00e9curit\u00e9. C\u2019est une exigence humaine, morale, nationale.<\/p>\n<p>Ce drame doit devenir un tournant. Pour que plus jamais un \u00e9l\u00e8ve ne perde la vie en allant chercher le savoir. Pour que l\u2019\u00e9cole redevienne un refuge, un lieu de croissance, un socle de justice. Pour que Mezzouna ne soit pas un symbole d\u2019abandon, mais le point de d\u00e9part d\u2019un changement profond.<\/p>\n","protected":false},"excerpt":{"rendered":"<p>Tunisie \u2013 Apr\u00e8s la mort de trois \u00e9l\u00e8ves \u00e0 Mezzouna, l\u2019\u00e9tat des \u00e9coles tunisiennes est sous les projecteurs. Infrastructures d\u00e9labr\u00e9es, in\u00e9galit\u00e9s r\u00e9gionales, al&#8230;<\/p>\n","protected":false},"author":3169,"featured_media":241146,"comment_status":"open","ping_status":"open","sticky":false,"template":"","format":"standard","meta":{"footnotes":""},"categories":[44],"tags":[3204,2635,3207,3206,3203,3205,2938,2739,3099,2608],"class_list":["post-221238","post","type-post","status-publish","format-standard","has-post-thumbnail","hentry","category-national","tag-colleges","tag-ecoles","tag-education-nationale","tag-eleves-morts","tag-infrastructure","tag-lycees","tag-mazzouna","tag-mezzouna","tag-mur","tag-tunisie"],"yoast_head":"<!-- This site is optimized with the Yoast SEO Premium plugin v27.5 (Yoast SEO v27.5) - https:\/\/yoast.com\/product\/yoast-seo-premium-wordpress\/ -->\n<title>Tunisie : Quand l\u2019\u00e9cole devient un danger : l\u2019alerte de Mezzouna<\/title>\n<meta name=\"description\" content=\"Tunisie \u2013 Apr\u00e8s la mort de trois \u00e9l\u00e8ves \u00e0 Mezzouna, l\u2019\u00e9tat des \u00e9coles tunisiennes est sous les projecteurs. Infrastructures d\u00e9labr\u00e9es, in\u00e9galit\u00e9s r\u00e9gionales, al...\" \/>\n<link rel=\"canonical\" href=\"https:\/\/www.webdo.tn\/fr\/actualite\/national\/tunisie-quand-l-ecole-devient-un-danger-l-alerte-de-mezzouna\/221238\/\" \/>\n<meta property=\"og:locale\" content=\"fr_FR\" \/>\n<meta property=\"og:type\" content=\"article\" \/>\n<meta property=\"og:title\" content=\"Tunisie : Quand l\u2019\u00e9cole devient un danger : l\u2019alerte de Mezzouna\" \/>\n<meta property=\"og:description\" content=\"Tunisie \u2013 Apr\u00e8s la mort de trois \u00e9l\u00e8ves \u00e0 Mezzouna, l\u2019\u00e9tat des \u00e9coles tunisiennes est sous les projecteurs. Infrastructures d\u00e9labr\u00e9es, in\u00e9galit\u00e9s r\u00e9gionales, al...\" \/>\n<meta property=\"og:url\" content=\"https:\/\/www.webdo.tn\/fr\/actualite\/national\/tunisie-quand-l-ecole-devient-un-danger-l-alerte-de-mezzouna\/221238\/\" \/>\n<meta property=\"og:site_name\" content=\"webdo\" \/>\n<meta property=\"article:publisher\" content=\"https:\/\/www.facebook.com\/webdotn\" \/>\n<meta property=\"article:published_time\" content=\"2025-04-15T10:48:00+00:00\" \/>\n<meta property=\"article:modified_time\" content=\"2025-05-21T09:09:37+00:00\" \/>\n<meta property=\"og:image\" content=\"https:\/\/www.webdo.tn\/fr\/wp-content\/uploads\/2025\/05\/37d94fcb2887efddca585bb12d009db1-3.webp\" \/>\n\t<meta property=\"og:image:width\" content=\"750\" \/>\n\t<meta property=\"og:image:height\" content=\"400\" \/>\n\t<meta property=\"og:image:type\" content=\"image\/webp\" \/>\n<meta name=\"author\" content=\"Webdo\" \/>\n<meta name=\"twitter:card\" content=\"summary_large_image\" \/>\n<meta name=\"twitter:creator\" content=\"@webdo_tn\" \/>\n<meta name=\"twitter:site\" content=\"@webdo_tn\" \/>\n<meta name=\"twitter:label1\" content=\"\u00c9crit par\" \/>\n\t<meta name=\"twitter:data1\" content=\"Webdo\" \/>\n\t<meta name=\"twitter:label2\" content=\"Dur\u00e9e de lecture estim\u00e9e\" \/>\n\t<meta name=\"twitter:data2\" content=\"3 minutes\" \/>\n<script type=\"application\/ld+json\" class=\"yoast-schema-graph\">{\"@context\":\"https:\\\/\\\/schema.org\",\"@graph\":[{\"@type\":\"NewsArticle\",\"@id\":\"https:\\\/\\\/www.webdo.tn\\\/fr\\\/actualite\\\/national\\\/tunisie-quand-l-ecole-devient-un-danger-l-alerte-de-mezzouna\\\/221238\\\/#article\",\"isPartOf\":{\"@id\":\"https:\\\/\\\/www.webdo.tn\\\/fr\\\/actualite\\\/national\\\/tunisie-quand-l-ecole-devient-un-danger-l-alerte-de-mezzouna\\\/221238\\\/\"},\"author\":{\"name\":\"Webdo\",\"@id\":\"https:\\\/\\\/www.webdo.tn\\\/fr\\\/#\\\/schema\\\/person\\\/1f4e491e0907b413d61089e8eb573acc\"},\"headline\":\"Tunisie : Quand l\u2019\u00e9cole devient un danger : l\u2019alerte de Mezzouna\",\"datePublished\":\"2025-04-15T10:48:00+00:00\",\"dateModified\":\"2025-05-21T09:09:37+00:00\",\"mainEntityOfPage\":{\"@id\":\"https:\\\/\\\/www.webdo.tn\\\/fr\\\/actualite\\\/national\\\/tunisie-quand-l-ecole-devient-un-danger-l-alerte-de-mezzouna\\\/221238\\\/\"},\"wordCount\":612,\"commentCount\":0,\"publisher\":{\"@id\":\"https:\\\/\\\/www.webdo.tn\\\/fr\\\/#organization\"},\"image\":{\"@id\":\"https:\\\/\\\/www.webdo.tn\\\/fr\\\/actualite\\\/national\\\/tunisie-quand-l-ecole-devient-un-danger-l-alerte-de-mezzouna\\\/221238\\\/#primaryimage\"},\"thumbnailUrl\":\"https:\\\/\\\/www.webdo.tn\\\/fr\\\/wp-content\\\/uploads\\\/2025\\\/05\\\/37d94fcb2887efddca585bb12d009db1-3.webp\",\"keywords\":[\"Coll\u00e8ges\",\"\u00e9coles\",\"\u00e9ducation nationale\",\"\u00e9l\u00e8ves morts\",\"Infrastructure\",\"lyc\u00e9es\",\"Mazzouna\",\"mezzouna\",\"mur\",\"Tunisie\"],\"articleSection\":[\"National\"],\"inLanguage\":\"fr-FR\"},{\"@type\":\"WebPage\",\"@id\":\"https:\\\/\\\/www.webdo.tn\\\/fr\\\/actualite\\\/national\\\/tunisie-quand-l-ecole-devient-un-danger-l-alerte-de-mezzouna\\\/221238\\\/\",\"url\":\"https:\\\/\\\/www.webdo.tn\\\/fr\\\/actualite\\\/national\\\/tunisie-quand-l-ecole-devient-un-danger-l-alerte-de-mezzouna\\\/221238\\\/\",\"name\":\"Tunisie : Quand l\u2019\u00e9cole devient un danger : l\u2019alerte de Mezzouna\",\"isPartOf\":{\"@id\":\"https:\\\/\\\/www.webdo.tn\\\/fr\\\/#website\"},\"primaryImageOfPage\":{\"@id\":\"https:\\\/\\\/www.webdo.tn\\\/fr\\\/actualite\\\/national\\\/tunisie-quand-l-ecole-devient-un-danger-l-alerte-de-mezzouna\\\/221238\\\/#primaryimage\"},\"image\":{\"@id\":\"https:\\\/\\\/www.webdo.tn\\\/fr\\\/actualite\\\/national\\\/tunisie-quand-l-ecole-devient-un-danger-l-alerte-de-mezzouna\\\/221238\\\/#primaryimage\"},\"thumbnailUrl\":\"https:\\\/\\\/www.webdo.tn\\\/fr\\\/wp-content\\\/uploads\\\/2025\\\/05\\\/37d94fcb2887efddca585bb12d009db1-3.webp\",\"datePublished\":\"2025-04-15T10:48:00+00:00\",\"dateModified\":\"2025-05-21T09:09:37+00:00\",\"description\":\"Tunisie \u2013 Apr\u00e8s la mort de trois \u00e9l\u00e8ves \u00e0 Mezzouna, l\u2019\u00e9tat des \u00e9coles tunisiennes est sous les projecteurs. Infrastructures d\u00e9labr\u00e9es, in\u00e9galit\u00e9s r\u00e9gionales, al...\",\"breadcrumb\":{\"@id\":\"https:\\\/\\\/www.webdo.tn\\\/fr\\\/actualite\\\/national\\\/tunisie-quand-l-ecole-devient-un-danger-l-alerte-de-mezzouna\\\/221238\\\/#breadcrumb\"},\"inLanguage\":\"fr-FR\",\"potentialAction\":[{\"@type\":\"ReadAction\",\"target\":[\"https:\\\/\\\/www.webdo.tn\\\/fr\\\/actualite\\\/national\\\/tunisie-quand-l-ecole-devient-un-danger-l-alerte-de-mezzouna\\\/221238\\\/\"]}]},{\"@type\":\"ImageObject\",\"inLanguage\":\"fr-FR\",\"@id\":\"https:\\\/\\\/www.webdo.tn\\\/fr\\\/actualite\\\/national\\\/tunisie-quand-l-ecole-devient-un-danger-l-alerte-de-mezzouna\\\/221238\\\/#primaryimage\",\"url\":\"https:\\\/\\\/www.webdo.tn\\\/fr\\\/wp-content\\\/uploads\\\/2025\\\/05\\\/37d94fcb2887efddca585bb12d009db1-3.webp\",\"contentUrl\":\"https:\\\/\\\/www.webdo.tn\\\/fr\\\/wp-content\\\/uploads\\\/2025\\\/05\\\/37d94fcb2887efddca585bb12d009db1-3.webp\",\"width\":750,\"height\":400},{\"@type\":\"BreadcrumbList\",\"@id\":\"https:\\\/\\\/www.webdo.tn\\\/fr\\\/actualite\\\/national\\\/tunisie-quand-l-ecole-devient-un-danger-l-alerte-de-mezzouna\\\/221238\\\/#breadcrumb\",\"itemListElement\":[{\"@type\":\"ListItem\",\"position\":1,\"name\":\"Accueil\",\"item\":\"https:\\\/\\\/www.webdo.tn\\\/fr\\\/\"},{\"@type\":\"ListItem\",\"position\":2,\"name\":\"Tunisie : Quand l\u2019\u00e9cole devient un danger : l\u2019alerte de Mezzouna\"}]},{\"@type\":\"WebSite\",\"@id\":\"https:\\\/\\\/www.webdo.tn\\\/fr\\\/#website\",\"url\":\"https:\\\/\\\/www.webdo.tn\\\/fr\\\/\",\"name\":\"webdo\",\"description\":\"Tunisie - News en Tunisie et \u00e0 l&#039;international sur Webdo.tn\",\"publisher\":{\"@id\":\"https:\\\/\\\/www.webdo.tn\\\/fr\\\/#organization\"},\"potentialAction\":[{\"@type\":\"SearchAction\",\"target\":{\"@type\":\"EntryPoint\",\"urlTemplate\":\"https:\\\/\\\/www.webdo.tn\\\/fr\\\/?s={search_term_string}\"},\"query-input\":{\"@type\":\"PropertyValueSpecification\",\"valueRequired\":true,\"valueName\":\"search_term_string\"}}],\"inLanguage\":\"fr-FR\"},{\"@type\":\"Organization\",\"@id\":\"https:\\\/\\\/www.webdo.tn\\\/fr\\\/#organization\",\"name\":\"Webdo\",\"alternateName\":\"Webdo.tn\",\"url\":\"https:\\\/\\\/www.webdo.tn\\\/fr\\\/\",\"logo\":{\"@type\":\"ImageObject\",\"inLanguage\":\"fr-FR\",\"@id\":\"https:\\\/\\\/www.webdo.tn\\\/fr\\\/#\\\/schema\\\/logo\\\/image\\\/\",\"url\":\"https:\\\/\\\/www.webdo.tn\\\/fr\\\/wp-content\\\/uploads\\\/2025\\\/06\\\/Webdo-Tunisie_168377.jpg\",\"contentUrl\":\"https:\\\/\\\/www.webdo.tn\\\/fr\\\/wp-content\\\/uploads\\\/2025\\\/06\\\/Webdo-Tunisie_168377.jpg\",\"width\":301,\"height\":301,\"caption\":\"Webdo\"},\"image\":{\"@id\":\"https:\\\/\\\/www.webdo.tn\\\/fr\\\/#\\\/schema\\\/logo\\\/image\\\/\"},\"sameAs\":[\"https:\\\/\\\/www.facebook.com\\\/webdotn\",\"https:\\\/\\\/x.com\\\/webdo_tn\"],\"description\":\"Webdo est un m\u00e9dia num\u00e9rique tunisien fond\u00e9 en 2010, sp\u00e9cialis\u00e9 dans l\u2019actualit\u00e9 nationale et internationale, l\u2019\u00e9conomie, la soci\u00e9t\u00e9 et les analyses politiques. Le site s\u2019adresse \u00e0 un large public francophone et couvre l\u2019information tunisienne en temps r\u00e9el.\",\"email\":\"redac@webdo.tn\",\"legalName\":\"YNJ SARL\",\"foundingDate\":\"2010-09-06\",\"numberOfEmployees\":{\"@type\":\"QuantitativeValue\",\"minValue\":\"11\",\"maxValue\":\"50\"}},{\"@type\":\"Person\",\"@id\":\"https:\\\/\\\/www.webdo.tn\\\/fr\\\/#\\\/schema\\\/person\\\/1f4e491e0907b413d61089e8eb573acc\",\"name\":\"Webdo\",\"image\":{\"@type\":\"ImageObject\",\"inLanguage\":\"fr-FR\",\"@id\":\"https:\\\/\\\/secure.gravatar.com\\\/avatar\\\/de97aeec1bb80978a9dbb127e47dfc88aaacb2f3c29aac907d8d3222e3495d49?s=96&d=mm&r=g\",\"url\":\"https:\\\/\\\/secure.gravatar.com\\\/avatar\\\/de97aeec1bb80978a9dbb127e47dfc88aaacb2f3c29aac907d8d3222e3495d49?s=96&d=mm&r=g\",\"contentUrl\":\"https:\\\/\\\/secure.gravatar.com\\\/avatar\\\/de97aeec1bb80978a9dbb127e47dfc88aaacb2f3c29aac907d8d3222e3495d49?s=96&d=mm&r=g\",\"caption\":\"Webdo\"},\"url\":\"https:\\\/\\\/www.webdo.tn\\\/fr\\\/actualite\\\/author\\\/webdo\\\/\"}]}<\/script>\n<!-- \/ Yoast SEO Premium plugin. -->","yoast_head_json":{"title":"Tunisie : Quand l\u2019\u00e9cole devient un danger : l\u2019alerte de Mezzouna","description":"Tunisie \u2013 Apr\u00e8s la mort de trois \u00e9l\u00e8ves \u00e0 Mezzouna, l\u2019\u00e9tat des \u00e9coles tunisiennes est sous les projecteurs. Infrastructures d\u00e9labr\u00e9es, in\u00e9galit\u00e9s r\u00e9gionales, al...","canonical":"https:\/\/www.webdo.tn\/fr\/actualite\/national\/tunisie-quand-l-ecole-devient-un-danger-l-alerte-de-mezzouna\/221238\/","og_locale":"fr_FR","og_type":"article","og_title":"Tunisie : Quand l\u2019\u00e9cole devient un danger : l\u2019alerte de Mezzouna","og_description":"Tunisie \u2013 Apr\u00e8s la mort de trois \u00e9l\u00e8ves \u00e0 Mezzouna, l\u2019\u00e9tat des \u00e9coles tunisiennes est sous les projecteurs. Infrastructures d\u00e9labr\u00e9es, in\u00e9galit\u00e9s r\u00e9gionales, al...","og_url":"https:\/\/www.webdo.tn\/fr\/actualite\/national\/tunisie-quand-l-ecole-devient-un-danger-l-alerte-de-mezzouna\/221238\/","og_site_name":"webdo","article_publisher":"https:\/\/www.facebook.com\/webdotn","article_published_time":"2025-04-15T10:48:00+00:00","article_modified_time":"2025-05-21T09:09:37+00:00","og_image":[{"width":750,"height":400,"url":"https:\/\/www.webdo.tn\/fr\/wp-content\/uploads\/2025\/05\/37d94fcb2887efddca585bb12d009db1-3.webp","type":"image\/webp"}],"author":"Webdo","twitter_card":"summary_large_image","twitter_creator":"@webdo_tn","twitter_site":"@webdo_tn","twitter_misc":{"\u00c9crit par":"Webdo","Dur\u00e9e de lecture estim\u00e9e":"3 minutes"},"schema":{"@context":"https:\/\/schema.org","@graph":[{"@type":"NewsArticle","@id":"https:\/\/www.webdo.tn\/fr\/actualite\/national\/tunisie-quand-l-ecole-devient-un-danger-l-alerte-de-mezzouna\/221238\/#article","isPartOf":{"@id":"https:\/\/www.webdo.tn\/fr\/actualite\/national\/tunisie-quand-l-ecole-devient-un-danger-l-alerte-de-mezzouna\/221238\/"},"author":{"name":"Webdo","@id":"https:\/\/www.webdo.tn\/fr\/#\/schema\/person\/1f4e491e0907b413d61089e8eb573acc"},"headline":"Tunisie : Quand l\u2019\u00e9cole devient un danger : l\u2019alerte de Mezzouna","datePublished":"2025-04-15T10:48:00+00:00","dateModified":"2025-05-21T09:09:37+00:00","mainEntityOfPage":{"@id":"https:\/\/www.webdo.tn\/fr\/actualite\/national\/tunisie-quand-l-ecole-devient-un-danger-l-alerte-de-mezzouna\/221238\/"},"wordCount":612,"commentCount":0,"publisher":{"@id":"https:\/\/www.webdo.tn\/fr\/#organization"},"image":{"@id":"https:\/\/www.webdo.tn\/fr\/actualite\/national\/tunisie-quand-l-ecole-devient-un-danger-l-alerte-de-mezzouna\/221238\/#primaryimage"},"thumbnailUrl":"https:\/\/www.webdo.tn\/fr\/wp-content\/uploads\/2025\/05\/37d94fcb2887efddca585bb12d009db1-3.webp","keywords":["Coll\u00e8ges","\u00e9coles","\u00e9ducation nationale","\u00e9l\u00e8ves morts","Infrastructure","lyc\u00e9es","Mazzouna","mezzouna","mur","Tunisie"],"articleSection":["National"],"inLanguage":"fr-FR"},{"@type":"WebPage","@id":"https:\/\/www.webdo.tn\/fr\/actualite\/national\/tunisie-quand-l-ecole-devient-un-danger-l-alerte-de-mezzouna\/221238\/","url":"https:\/\/www.webdo.tn\/fr\/actualite\/national\/tunisie-quand-l-ecole-devient-un-danger-l-alerte-de-mezzouna\/221238\/","name":"Tunisie : Quand l\u2019\u00e9cole devient un danger : l\u2019alerte de Mezzouna","isPartOf":{"@id":"https:\/\/www.webdo.tn\/fr\/#website"},"primaryImageOfPage":{"@id":"https:\/\/www.webdo.tn\/fr\/actualite\/national\/tunisie-quand-l-ecole-devient-un-danger-l-alerte-de-mezzouna\/221238\/#primaryimage"},"image":{"@id":"https:\/\/www.webdo.tn\/fr\/actualite\/national\/tunisie-quand-l-ecole-devient-un-danger-l-alerte-de-mezzouna\/221238\/#primaryimage"},"thumbnailUrl":"https:\/\/www.webdo.tn\/fr\/wp-content\/uploads\/2025\/05\/37d94fcb2887efddca585bb12d009db1-3.webp","datePublished":"2025-04-15T10:48:00+00:00","dateModified":"2025-05-21T09:09:37+00:00","description":"Tunisie \u2013 Apr\u00e8s la mort de trois \u00e9l\u00e8ves \u00e0 Mezzouna, l\u2019\u00e9tat des \u00e9coles tunisiennes est sous les projecteurs. Infrastructures d\u00e9labr\u00e9es, in\u00e9galit\u00e9s r\u00e9gionales, al...","breadcrumb":{"@id":"https:\/\/www.webdo.tn\/fr\/actualite\/national\/tunisie-quand-l-ecole-devient-un-danger-l-alerte-de-mezzouna\/221238\/#breadcrumb"},"inLanguage":"fr-FR","potentialAction":[{"@type":"ReadAction","target":["https:\/\/www.webdo.tn\/fr\/actualite\/national\/tunisie-quand-l-ecole-devient-un-danger-l-alerte-de-mezzouna\/221238\/"]}]},{"@type":"ImageObject","inLanguage":"fr-FR","@id":"https:\/\/www.webdo.tn\/fr\/actualite\/national\/tunisie-quand-l-ecole-devient-un-danger-l-alerte-de-mezzouna\/221238\/#primaryimage","url":"https:\/\/www.webdo.tn\/fr\/wp-content\/uploads\/2025\/05\/37d94fcb2887efddca585bb12d009db1-3.webp","contentUrl":"https:\/\/www.webdo.tn\/fr\/wp-content\/uploads\/2025\/05\/37d94fcb2887efddca585bb12d009db1-3.webp","width":750,"height":400},{"@type":"BreadcrumbList","@id":"https:\/\/www.webdo.tn\/fr\/actualite\/national\/tunisie-quand-l-ecole-devient-un-danger-l-alerte-de-mezzouna\/221238\/#breadcrumb","itemListElement":[{"@type":"ListItem","position":1,"name":"Accueil","item":"https:\/\/www.webdo.tn\/fr\/"},{"@type":"ListItem","position":2,"name":"Tunisie : Quand l\u2019\u00e9cole devient un danger : l\u2019alerte de Mezzouna"}]},{"@type":"WebSite","@id":"https:\/\/www.webdo.tn\/fr\/#website","url":"https:\/\/www.webdo.tn\/fr\/","name":"webdo","description":"Tunisie - News en Tunisie et \u00e0 l&#039;international sur Webdo.tn","publisher":{"@id":"https:\/\/www.webdo.tn\/fr\/#organization"},"potentialAction":[{"@type":"SearchAction","target":{"@type":"EntryPoint","urlTemplate":"https:\/\/www.webdo.tn\/fr\/?s={search_term_string}"},"query-input":{"@type":"PropertyValueSpecification","valueRequired":true,"valueName":"search_term_string"}}],"inLanguage":"fr-FR"},{"@type":"Organization","@id":"https:\/\/www.webdo.tn\/fr\/#organization","name":"Webdo","alternateName":"Webdo.tn","url":"https:\/\/www.webdo.tn\/fr\/","logo":{"@type":"ImageObject","inLanguage":"fr-FR","@id":"https:\/\/www.webdo.tn\/fr\/#\/schema\/logo\/image\/","url":"https:\/\/www.webdo.tn\/fr\/wp-content\/uploads\/2025\/06\/Webdo-Tunisie_168377.jpg","contentUrl":"https:\/\/www.webdo.tn\/fr\/wp-content\/uploads\/2025\/06\/Webdo-Tunisie_168377.jpg","width":301,"height":301,"caption":"Webdo"},"image":{"@id":"https:\/\/www.webdo.tn\/fr\/#\/schema\/logo\/image\/"},"sameAs":["https:\/\/www.facebook.com\/webdotn","https:\/\/x.com\/webdo_tn"],"description":"Webdo est un m\u00e9dia num\u00e9rique tunisien fond\u00e9 en 2010, sp\u00e9cialis\u00e9 dans l\u2019actualit\u00e9 nationale et internationale, l\u2019\u00e9conomie, la soci\u00e9t\u00e9 et les analyses politiques. Le site s\u2019adresse \u00e0 un large public francophone et couvre l\u2019information tunisienne en temps r\u00e9el.","email":"redac@webdo.tn","legalName":"YNJ SARL","foundingDate":"2010-09-06","numberOfEmployees":{"@type":"QuantitativeValue","minValue":"11","maxValue":"50"}},{"@type":"Person","@id":"https:\/\/www.webdo.tn\/fr\/#\/schema\/person\/1f4e491e0907b413d61089e8eb573acc","name":"Webdo","image":{"@type":"ImageObject","inLanguage":"fr-FR","@id":"https:\/\/secure.gravatar.com\/avatar\/de97aeec1bb80978a9dbb127e47dfc88aaacb2f3c29aac907d8d3222e3495d49?s=96&d=mm&r=g","url":"https:\/\/secure.gravatar.com\/avatar\/de97aeec1bb80978a9dbb127e47dfc88aaacb2f3c29aac907d8d3222e3495d49?s=96&d=mm&r=g","contentUrl":"https:\/\/secure.gravatar.com\/avatar\/de97aeec1bb80978a9dbb127e47dfc88aaacb2f3c29aac907d8d3222e3495d49?s=96&d=mm&r=g","caption":"Webdo"},"url":"https:\/\/www.webdo.tn\/fr\/actualite\/author\/webdo\/"}]}},"_links":{"self":[{"href":"https:\/\/www.webdo.tn\/fr\/wp-json\/wp\/v2\/posts\/221238","targetHints":{"allow":["GET"]}}],"collection":[{"href":"https:\/\/www.webdo.tn\/fr\/wp-json\/wp\/v2\/posts"}],"about":[{"href":"https:\/\/www.webdo.tn\/fr\/wp-json\/wp\/v2\/types\/post"}],"author":[{"embeddable":true,"href":"https:\/\/www.webdo.tn\/fr\/wp-json\/wp\/v2\/users\/3169"}],"replies":[{"embeddable":true,"href":"https:\/\/www.webdo.tn\/fr\/wp-json\/wp\/v2\/comments?post=221238"}],"version-history":[{"count":0,"href":"https:\/\/www.webdo.tn\/fr\/wp-json\/wp\/v2\/posts\/221238\/revisions"}],"wp:featuredmedia":[{"embeddable":true,"href":"https:\/\/www.webdo.tn\/fr\/wp-json\/wp\/v2\/media\/241146"}],"wp:attachment":[{"href":"https:\/\/www.webdo.tn\/fr\/wp-json\/wp\/v2\/media?parent=221238"}],"wp:term":[{"taxonomy":"category","embeddable":true,"href":"https:\/\/www.webdo.tn\/fr\/wp-json\/wp\/v2\/categories?post=221238"},{"taxonomy":"post_tag","embeddable":true,"href":"https:\/\/www.webdo.tn\/fr\/wp-json\/wp\/v2\/tags?post=221238"}],"curies":[{"name":"wp","href":"https:\/\/api.w.org\/{rel}","templated":true}]}}