{"id":221236,"date":"2025-04-15T10:17:00","date_gmt":"2025-04-15T10:17:00","guid":{"rendered":"https:\/\/www.webdo.tn\/fr\/blog\/tunisie-etat-de-sante-des-eleves-blesses-dans-l-accident-de-mazzouna\/221236\/"},"modified":"2025-05-20T22:17:37","modified_gmt":"2025-05-20T22:17:37","slug":"tunisie-etat-de-sante-des-eleves-blesses-dans-l-accident-de-mazzouna","status":"publish","type":"post","link":"https:\/\/www.webdo.tn\/fr\/actualite\/national\/tunisie-etat-de-sante-des-eleves-blesses-dans-l-accident-de-mazzouna\/221236\/","title":{"rendered":"Tunisie : Etat de sant\u00e9 des \u00e9l\u00e8ves bless\u00e9s lors de la trag\u00e9die de Mazzouna"},"content":{"rendered":"<p>Le directeur r\u00e9gional de la sant\u00e9 \u00e0 Sfax, Hatem Cherif, a indiqu\u00e9 que l\u2019\u00e9tat des deux \u00e9l\u00e8ves bless\u00e9s dans l\u2019effondrement du mur du lyc\u00e9e secondaire de Mazzouna est stable.<\/p>\n<p>Il a confirm\u00e9, dans une d\u00e9claration \u00e0 Radio Sfax hier lundi, que les interventions chirurgicales effectu\u00e9es ont \u00e9t\u00e9 couronn\u00e9es de succ\u00e8s, pr\u00e9cisant que l\u2019\u00e9tat des bless\u00e9s est actuellement stable et que les r\u00e9sultats sont encourageants, selon ses dires.<\/p>\n<p>Pour rappel, la ville de Mazzouna, dans le gouvernorat de Sidi Bouzid, a \u00e9t\u00e9 frapp\u00e9e hier par un drame tragique : l\u2019effondrement d\u2019un mur d\u2019un lyc\u00e9e a co\u00fbt\u00e9 la vie \u00e0 trois \u00e9l\u00e8ves et bless\u00e9 deux autres.<\/p>\n<p>Deux \u00e9l\u00e8ves ont \u00e9t\u00e9 tu\u00e9s sur le coup, le troisi\u00e8me \u00e9tant d\u00e9c\u00e9d\u00e9 lors de son transport \u00e0 l&rsquo;h\u00f4pital r\u00e9gional de Sidi Bouzid. Deux autres \u00e9l\u00e8ves ont \u00e9t\u00e9 bless\u00e9s dans l\u2019accident et se trouvaient, encore hier dans un \u00e9tat critique.<\/p>\n","protected":false},"excerpt":{"rendered":"<p>L\u2019\u00e9tat des deux \u00e9l\u00e8ves bless\u00e9s dans l\u2019effondrement du mur du lyc\u00e9e de Mazzouna est d\u00e9sormais stable, selon le directeur r\u00e9gional de la sant\u00e9 \u00e0 Sfax. Les interve&#8230;<\/p>\n","protected":false},"author":3162,"featured_media":292224,"comment_status":"open","ping_status":"closed","sticky":false,"template":"","format":"standard","meta":{"footnotes":""},"categories":[44],"tags":[2928,2871,3209,2938,3208,3099,2955,2608],"class_list":["post-221236","post","type-post","status-publish","format-standard","has-post-thumbnail","hentry","category-national","tag-blesses","tag-effondrement","tag-eleves","tag-mazzouna","tag-morts","tag-mur","tag-sidi-bouzid","tag-tunisie"],"yoast_head":"<!-- This site is optimized with the Yoast SEO Premium plugin v27.4 (Yoast SEO v27.5) - https:\/\/yoast.com\/product\/yoast-seo-premium-wordpress\/ -->\n<title>Tunisie : Etat de sant\u00e9 des \u00e9l\u00e8ves bless\u00e9s lors de la trag\u00e9die de Mazzouna<\/title>\n<meta name=\"description\" content=\"L\u2019\u00e9tat des deux \u00e9l\u00e8ves bless\u00e9s dans l\u2019effondrement du mur du lyc\u00e9e de Mazzouna est d\u00e9sormais stable, selon le directeur r\u00e9gional de la sant\u00e9 \u00e0 Sfax. Les interve...\" \/>\n<link rel=\"canonical\" href=\"https:\/\/www.webdo.tn\/fr\/actualite\/national\/tunisie-etat-de-sante-des-eleves-blesses-dans-l-accident-de-mazzouna\/221236\/\" \/>\n<meta property=\"og:locale\" content=\"fr_FR\" \/>\n<meta property=\"og:type\" content=\"article\" \/>\n<meta property=\"og:title\" content=\"Tunisie : Etat de sant\u00e9 des \u00e9l\u00e8ves bless\u00e9s lors de la trag\u00e9die de Mazzouna\" \/>\n<meta property=\"og:description\" content=\"L\u2019\u00e9tat des deux \u00e9l\u00e8ves bless\u00e9s dans l\u2019effondrement du mur du lyc\u00e9e de Mazzouna est d\u00e9sormais stable, selon le directeur r\u00e9gional de la sant\u00e9 \u00e0 Sfax. Les interve...\" \/>\n<meta property=\"og:url\" content=\"https:\/\/www.webdo.tn\/fr\/actualite\/national\/tunisie-etat-de-sante-des-eleves-blesses-dans-l-accident-de-mazzouna\/221236\/\" \/>\n<meta property=\"og:site_name\" content=\"webdo\" \/>\n<meta property=\"article:publisher\" content=\"https:\/\/www.facebook.com\/webdotn\" \/>\n<meta property=\"article:published_time\" content=\"2025-04-15T10:17:00+00:00\" \/>\n<meta property=\"article:modified_time\" content=\"2025-05-20T22:17:37+00:00\" \/>\n<meta property=\"og:image\" content=\"https:\/\/www.webdo.tn\/fr\/wp-content\/uploads\/2025\/04\/9724a5005e6d25b7b8d50040d050b851.webp\" \/>\n\t<meta property=\"og:image:width\" content=\"720\" \/>\n\t<meta property=\"og:image:height\" content=\"384\" \/>\n\t<meta property=\"og:image:type\" content=\"image\/webp\" \/>\n<meta name=\"author\" content=\"MC\" \/>\n<meta name=\"twitter:card\" content=\"summary_large_image\" \/>\n<meta name=\"twitter:creator\" content=\"@webdo_tn\" \/>\n<meta name=\"twitter:site\" content=\"@webdo_tn\" \/>\n<meta name=\"twitter:label1\" content=\"\u00c9crit par\" \/>\n\t<meta name=\"twitter:data1\" content=\"MC\" \/>\n\t<meta name=\"twitter:label2\" content=\"Dur\u00e9e de lecture estim\u00e9e\" \/>\n\t<meta name=\"twitter:data2\" content=\"1 minute\" \/>\n<script type=\"application\/ld+json\" class=\"yoast-schema-graph\">{\"@context\":\"https:\\\/\\\/schema.org\",\"@graph\":[{\"@type\":\"NewsArticle\",\"@id\":\"https:\\\/\\\/www.webdo.tn\\\/fr\\\/actualite\\\/national\\\/tunisie-etat-de-sante-des-eleves-blesses-dans-l-accident-de-mazzouna\\\/221236\\\/#article\",\"isPartOf\":{\"@id\":\"https:\\\/\\\/www.webdo.tn\\\/fr\\\/actualite\\\/national\\\/tunisie-etat-de-sante-des-eleves-blesses-dans-l-accident-de-mazzouna\\\/221236\\\/\"},\"author\":{\"name\":\"MC\",\"@id\":\"https:\\\/\\\/www.webdo.tn\\\/fr\\\/#\\\/schema\\\/person\\\/2c4929cbf5a809e3bd38617c6ce150f6\"},\"headline\":\"Tunisie : Etat de sant\u00e9 des \u00e9l\u00e8ves bless\u00e9s lors de la trag\u00e9die de Mazzouna\",\"datePublished\":\"2025-04-15T10:17:00+00:00\",\"dateModified\":\"2025-05-20T22:17:37+00:00\",\"mainEntityOfPage\":{\"@id\":\"https:\\\/\\\/www.webdo.tn\\\/fr\\\/actualite\\\/national\\\/tunisie-etat-de-sante-des-eleves-blesses-dans-l-accident-de-mazzouna\\\/221236\\\/\"},\"wordCount\":186,\"commentCount\":0,\"publisher\":{\"@id\":\"https:\\\/\\\/www.webdo.tn\\\/fr\\\/#organization\"},\"image\":{\"@id\":\"https:\\\/\\\/www.webdo.tn\\\/fr\\\/actualite\\\/national\\\/tunisie-etat-de-sante-des-eleves-blesses-dans-l-accident-de-mazzouna\\\/221236\\\/#primaryimage\"},\"thumbnailUrl\":\"https:\\\/\\\/www.webdo.tn\\\/fr\\\/wp-content\\\/uploads\\\/2025\\\/04\\\/9724a5005e6d25b7b8d50040d050b851.webp\",\"keywords\":[\"bless\u00e9s\",\"effondrement\",\"\u00e9l\u00e8ves\",\"Mazzouna\",\"morts\",\"mur\",\"Sidi Bouzid\",\"Tunisie\"],\"articleSection\":[\"National\"],\"inLanguage\":\"fr-FR\"},{\"@type\":\"WebPage\",\"@id\":\"https:\\\/\\\/www.webdo.tn\\\/fr\\\/actualite\\\/national\\\/tunisie-etat-de-sante-des-eleves-blesses-dans-l-accident-de-mazzouna\\\/221236\\\/\",\"url\":\"https:\\\/\\\/www.webdo.tn\\\/fr\\\/actualite\\\/national\\\/tunisie-etat-de-sante-des-eleves-blesses-dans-l-accident-de-mazzouna\\\/221236\\\/\",\"name\":\"Tunisie : Etat de sant\u00e9 des \u00e9l\u00e8ves bless\u00e9s lors de la trag\u00e9die de Mazzouna\",\"isPartOf\":{\"@id\":\"https:\\\/\\\/www.webdo.tn\\\/fr\\\/#website\"},\"primaryImageOfPage\":{\"@id\":\"https:\\\/\\\/www.webdo.tn\\\/fr\\\/actualite\\\/national\\\/tunisie-etat-de-sante-des-eleves-blesses-dans-l-accident-de-mazzouna\\\/221236\\\/#primaryimage\"},\"image\":{\"@id\":\"https:\\\/\\\/www.webdo.tn\\\/fr\\\/actualite\\\/national\\\/tunisie-etat-de-sante-des-eleves-blesses-dans-l-accident-de-mazzouna\\\/221236\\\/#primaryimage\"},\"thumbnailUrl\":\"https:\\\/\\\/www.webdo.tn\\\/fr\\\/wp-content\\\/uploads\\\/2025\\\/04\\\/9724a5005e6d25b7b8d50040d050b851.webp\",\"datePublished\":\"2025-04-15T10:17:00+00:00\",\"dateModified\":\"2025-05-20T22:17:37+00:00\",\"description\":\"L\u2019\u00e9tat des deux \u00e9l\u00e8ves bless\u00e9s dans l\u2019effondrement du mur du lyc\u00e9e de Mazzouna est d\u00e9sormais stable, selon le directeur r\u00e9gional de la sant\u00e9 \u00e0 Sfax. Les interve...\",\"breadcrumb\":{\"@id\":\"https:\\\/\\\/www.webdo.tn\\\/fr\\\/actualite\\\/national\\\/tunisie-etat-de-sante-des-eleves-blesses-dans-l-accident-de-mazzouna\\\/221236\\\/#breadcrumb\"},\"inLanguage\":\"fr-FR\",\"potentialAction\":[{\"@type\":\"ReadAction\",\"target\":[\"https:\\\/\\\/www.webdo.tn\\\/fr\\\/actualite\\\/national\\\/tunisie-etat-de-sante-des-eleves-blesses-dans-l-accident-de-mazzouna\\\/221236\\\/\"]}]},{\"@type\":\"ImageObject\",\"inLanguage\":\"fr-FR\",\"@id\":\"https:\\\/\\\/www.webdo.tn\\\/fr\\\/actualite\\\/national\\\/tunisie-etat-de-sante-des-eleves-blesses-dans-l-accident-de-mazzouna\\\/221236\\\/#primaryimage\",\"url\":\"https:\\\/\\\/www.webdo.tn\\\/fr\\\/wp-content\\\/uploads\\\/2025\\\/04\\\/9724a5005e6d25b7b8d50040d050b851.webp\",\"contentUrl\":\"https:\\\/\\\/www.webdo.tn\\\/fr\\\/wp-content\\\/uploads\\\/2025\\\/04\\\/9724a5005e6d25b7b8d50040d050b851.webp\",\"width\":720,\"height\":384,\"caption\":\"Tunisie : Etat de sant\u00e9 des \u00e9l\u00e8ves bless\u00e9s lors de la trag\u00e9die de Mazzouna\"},{\"@type\":\"BreadcrumbList\",\"@id\":\"https:\\\/\\\/www.webdo.tn\\\/fr\\\/actualite\\\/national\\\/tunisie-etat-de-sante-des-eleves-blesses-dans-l-accident-de-mazzouna\\\/221236\\\/#breadcrumb\",\"itemListElement\":[{\"@type\":\"ListItem\",\"position\":1,\"name\":\"Accueil\",\"item\":\"https:\\\/\\\/www.webdo.tn\\\/fr\\\/\"},{\"@type\":\"ListItem\",\"position\":2,\"name\":\"Tunisie : Etat de sant\u00e9 des \u00e9l\u00e8ves bless\u00e9s lors de la trag\u00e9die de Mazzouna\"}]},{\"@type\":\"WebSite\",\"@id\":\"https:\\\/\\\/www.webdo.tn\\\/fr\\\/#website\",\"url\":\"https:\\\/\\\/www.webdo.tn\\\/fr\\\/\",\"name\":\"webdo\",\"description\":\"Tunisie - News en Tunisie et \u00e0 l&#039;international sur Webdo.tn\",\"publisher\":{\"@id\":\"https:\\\/\\\/www.webdo.tn\\\/fr\\\/#organization\"},\"potentialAction\":[{\"@type\":\"SearchAction\",\"target\":{\"@type\":\"EntryPoint\",\"urlTemplate\":\"https:\\\/\\\/www.webdo.tn\\\/fr\\\/?s={search_term_string}\"},\"query-input\":{\"@type\":\"PropertyValueSpecification\",\"valueRequired\":true,\"valueName\":\"search_term_string\"}}],\"inLanguage\":\"fr-FR\"},{\"@type\":\"Organization\",\"@id\":\"https:\\\/\\\/www.webdo.tn\\\/fr\\\/#organization\",\"name\":\"Webdo\",\"alternateName\":\"Webdo.tn\",\"url\":\"https:\\\/\\\/www.webdo.tn\\\/fr\\\/\",\"logo\":{\"@type\":\"ImageObject\",\"inLanguage\":\"fr-FR\",\"@id\":\"https:\\\/\\\/www.webdo.tn\\\/fr\\\/#\\\/schema\\\/logo\\\/image\\\/\",\"url\":\"https:\\\/\\\/www.webdo.tn\\\/fr\\\/wp-content\\\/uploads\\\/2025\\\/06\\\/Webdo-Tunisie_168377.jpg\",\"contentUrl\":\"https:\\\/\\\/www.webdo.tn\\\/fr\\\/wp-content\\\/uploads\\\/2025\\\/06\\\/Webdo-Tunisie_168377.jpg\",\"width\":301,\"height\":301,\"caption\":\"Webdo\"},\"image\":{\"@id\":\"https:\\\/\\\/www.webdo.tn\\\/fr\\\/#\\\/schema\\\/logo\\\/image\\\/\"},\"sameAs\":[\"https:\\\/\\\/www.facebook.com\\\/webdotn\",\"https:\\\/\\\/x.com\\\/webdo_tn\"],\"description\":\"Webdo est un m\u00e9dia num\u00e9rique tunisien fond\u00e9 en 2010, sp\u00e9cialis\u00e9 dans l\u2019actualit\u00e9 nationale et internationale, l\u2019\u00e9conomie, la soci\u00e9t\u00e9 et les analyses politiques. Le site s\u2019adresse \u00e0 un large public francophone et couvre l\u2019information tunisienne en temps r\u00e9el.\",\"email\":\"redac@webdo.tn\",\"legalName\":\"YNJ SARL\",\"foundingDate\":\"2010-09-06\",\"numberOfEmployees\":{\"@type\":\"QuantitativeValue\",\"minValue\":\"11\",\"maxValue\":\"50\"}},{\"@type\":\"Person\",\"@id\":\"https:\\\/\\\/www.webdo.tn\\\/fr\\\/#\\\/schema\\\/person\\\/2c4929cbf5a809e3bd38617c6ce150f6\",\"name\":\"MC\",\"image\":{\"@type\":\"ImageObject\",\"inLanguage\":\"fr-FR\",\"@id\":\"https:\\\/\\\/secure.gravatar.com\\\/avatar\\\/a545bbb6f84efdd5553dbbc2895e3ca8f1d12c5215e00a041c9670b54aa9b18a?s=96&d=mm&r=g\",\"url\":\"https:\\\/\\\/secure.gravatar.com\\\/avatar\\\/a545bbb6f84efdd5553dbbc2895e3ca8f1d12c5215e00a041c9670b54aa9b18a?s=96&d=mm&r=g\",\"contentUrl\":\"https:\\\/\\\/secure.gravatar.com\\\/avatar\\\/a545bbb6f84efdd5553dbbc2895e3ca8f1d12c5215e00a041c9670b54aa9b18a?s=96&d=mm&r=g\",\"caption\":\"MC\"},\"url\":\"https:\\\/\\\/www.webdo.tn\\\/fr\\\/actualite\\\/author\\\/mc\\\/\"}]}<\/script>\n<!-- \/ Yoast SEO Premium plugin. -->","yoast_head_json":{"title":"Tunisie : Etat de sant\u00e9 des \u00e9l\u00e8ves bless\u00e9s lors de la trag\u00e9die de Mazzouna","description":"L\u2019\u00e9tat des deux \u00e9l\u00e8ves bless\u00e9s dans l\u2019effondrement du mur du lyc\u00e9e de Mazzouna est d\u00e9sormais stable, selon le directeur r\u00e9gional de la sant\u00e9 \u00e0 Sfax. Les interve...","canonical":"https:\/\/www.webdo.tn\/fr\/actualite\/national\/tunisie-etat-de-sante-des-eleves-blesses-dans-l-accident-de-mazzouna\/221236\/","og_locale":"fr_FR","og_type":"article","og_title":"Tunisie : Etat de sant\u00e9 des \u00e9l\u00e8ves bless\u00e9s lors de la trag\u00e9die de Mazzouna","og_description":"L\u2019\u00e9tat des deux \u00e9l\u00e8ves bless\u00e9s dans l\u2019effondrement du mur du lyc\u00e9e de Mazzouna est d\u00e9sormais stable, selon le directeur r\u00e9gional de la sant\u00e9 \u00e0 Sfax. Les interve...","og_url":"https:\/\/www.webdo.tn\/fr\/actualite\/national\/tunisie-etat-de-sante-des-eleves-blesses-dans-l-accident-de-mazzouna\/221236\/","og_site_name":"webdo","article_publisher":"https:\/\/www.facebook.com\/webdotn","article_published_time":"2025-04-15T10:17:00+00:00","article_modified_time":"2025-05-20T22:17:37+00:00","og_image":[{"width":720,"height":384,"url":"https:\/\/www.webdo.tn\/fr\/wp-content\/uploads\/2025\/04\/9724a5005e6d25b7b8d50040d050b851.webp","type":"image\/webp"}],"author":"MC","twitter_card":"summary_large_image","twitter_creator":"@webdo_tn","twitter_site":"@webdo_tn","twitter_misc":{"\u00c9crit par":"MC","Dur\u00e9e de lecture estim\u00e9e":"1 minute"},"schema":{"@context":"https:\/\/schema.org","@graph":[{"@type":"NewsArticle","@id":"https:\/\/www.webdo.tn\/fr\/actualite\/national\/tunisie-etat-de-sante-des-eleves-blesses-dans-l-accident-de-mazzouna\/221236\/#article","isPartOf":{"@id":"https:\/\/www.webdo.tn\/fr\/actualite\/national\/tunisie-etat-de-sante-des-eleves-blesses-dans-l-accident-de-mazzouna\/221236\/"},"author":{"name":"MC","@id":"https:\/\/www.webdo.tn\/fr\/#\/schema\/person\/2c4929cbf5a809e3bd38617c6ce150f6"},"headline":"Tunisie : Etat de sant\u00e9 des \u00e9l\u00e8ves bless\u00e9s lors de la trag\u00e9die de Mazzouna","datePublished":"2025-04-15T10:17:00+00:00","dateModified":"2025-05-20T22:17:37+00:00","mainEntityOfPage":{"@id":"https:\/\/www.webdo.tn\/fr\/actualite\/national\/tunisie-etat-de-sante-des-eleves-blesses-dans-l-accident-de-mazzouna\/221236\/"},"wordCount":186,"commentCount":0,"publisher":{"@id":"https:\/\/www.webdo.tn\/fr\/#organization"},"image":{"@id":"https:\/\/www.webdo.tn\/fr\/actualite\/national\/tunisie-etat-de-sante-des-eleves-blesses-dans-l-accident-de-mazzouna\/221236\/#primaryimage"},"thumbnailUrl":"https:\/\/www.webdo.tn\/fr\/wp-content\/uploads\/2025\/04\/9724a5005e6d25b7b8d50040d050b851.webp","keywords":["bless\u00e9s","effondrement","\u00e9l\u00e8ves","Mazzouna","morts","mur","Sidi Bouzid","Tunisie"],"articleSection":["National"],"inLanguage":"fr-FR"},{"@type":"WebPage","@id":"https:\/\/www.webdo.tn\/fr\/actualite\/national\/tunisie-etat-de-sante-des-eleves-blesses-dans-l-accident-de-mazzouna\/221236\/","url":"https:\/\/www.webdo.tn\/fr\/actualite\/national\/tunisie-etat-de-sante-des-eleves-blesses-dans-l-accident-de-mazzouna\/221236\/","name":"Tunisie : Etat de sant\u00e9 des \u00e9l\u00e8ves bless\u00e9s lors de la trag\u00e9die de Mazzouna","isPartOf":{"@id":"https:\/\/www.webdo.tn\/fr\/#website"},"primaryImageOfPage":{"@id":"https:\/\/www.webdo.tn\/fr\/actualite\/national\/tunisie-etat-de-sante-des-eleves-blesses-dans-l-accident-de-mazzouna\/221236\/#primaryimage"},"image":{"@id":"https:\/\/www.webdo.tn\/fr\/actualite\/national\/tunisie-etat-de-sante-des-eleves-blesses-dans-l-accident-de-mazzouna\/221236\/#primaryimage"},"thumbnailUrl":"https:\/\/www.webdo.tn\/fr\/wp-content\/uploads\/2025\/04\/9724a5005e6d25b7b8d50040d050b851.webp","datePublished":"2025-04-15T10:17:00+00:00","dateModified":"2025-05-20T22:17:37+00:00","description":"L\u2019\u00e9tat des deux \u00e9l\u00e8ves bless\u00e9s dans l\u2019effondrement du mur du lyc\u00e9e de Mazzouna est d\u00e9sormais stable, selon le directeur r\u00e9gional de la sant\u00e9 \u00e0 Sfax. Les interve...","breadcrumb":{"@id":"https:\/\/www.webdo.tn\/fr\/actualite\/national\/tunisie-etat-de-sante-des-eleves-blesses-dans-l-accident-de-mazzouna\/221236\/#breadcrumb"},"inLanguage":"fr-FR","potentialAction":[{"@type":"ReadAction","target":["https:\/\/www.webdo.tn\/fr\/actualite\/national\/tunisie-etat-de-sante-des-eleves-blesses-dans-l-accident-de-mazzouna\/221236\/"]}]},{"@type":"ImageObject","inLanguage":"fr-FR","@id":"https:\/\/www.webdo.tn\/fr\/actualite\/national\/tunisie-etat-de-sante-des-eleves-blesses-dans-l-accident-de-mazzouna\/221236\/#primaryimage","url":"https:\/\/www.webdo.tn\/fr\/wp-content\/uploads\/2025\/04\/9724a5005e6d25b7b8d50040d050b851.webp","contentUrl":"https:\/\/www.webdo.tn\/fr\/wp-content\/uploads\/2025\/04\/9724a5005e6d25b7b8d50040d050b851.webp","width":720,"height":384,"caption":"Tunisie : Etat de sant\u00e9 des \u00e9l\u00e8ves bless\u00e9s lors de la trag\u00e9die de Mazzouna"},{"@type":"BreadcrumbList","@id":"https:\/\/www.webdo.tn\/fr\/actualite\/national\/tunisie-etat-de-sante-des-eleves-blesses-dans-l-accident-de-mazzouna\/221236\/#breadcrumb","itemListElement":[{"@type":"ListItem","position":1,"name":"Accueil","item":"https:\/\/www.webdo.tn\/fr\/"},{"@type":"ListItem","position":2,"name":"Tunisie : Etat de sant\u00e9 des \u00e9l\u00e8ves bless\u00e9s lors de la trag\u00e9die de Mazzouna"}]},{"@type":"WebSite","@id":"https:\/\/www.webdo.tn\/fr\/#website","url":"https:\/\/www.webdo.tn\/fr\/","name":"webdo","description":"Tunisie - News en Tunisie et \u00e0 l&#039;international sur Webdo.tn","publisher":{"@id":"https:\/\/www.webdo.tn\/fr\/#organization"},"potentialAction":[{"@type":"SearchAction","target":{"@type":"EntryPoint","urlTemplate":"https:\/\/www.webdo.tn\/fr\/?s={search_term_string}"},"query-input":{"@type":"PropertyValueSpecification","valueRequired":true,"valueName":"search_term_string"}}],"inLanguage":"fr-FR"},{"@type":"Organization","@id":"https:\/\/www.webdo.tn\/fr\/#organization","name":"Webdo","alternateName":"Webdo.tn","url":"https:\/\/www.webdo.tn\/fr\/","logo":{"@type":"ImageObject","inLanguage":"fr-FR","@id":"https:\/\/www.webdo.tn\/fr\/#\/schema\/logo\/image\/","url":"https:\/\/www.webdo.tn\/fr\/wp-content\/uploads\/2025\/06\/Webdo-Tunisie_168377.jpg","contentUrl":"https:\/\/www.webdo.tn\/fr\/wp-content\/uploads\/2025\/06\/Webdo-Tunisie_168377.jpg","width":301,"height":301,"caption":"Webdo"},"image":{"@id":"https:\/\/www.webdo.tn\/fr\/#\/schema\/logo\/image\/"},"sameAs":["https:\/\/www.facebook.com\/webdotn","https:\/\/x.com\/webdo_tn"],"description":"Webdo est un m\u00e9dia num\u00e9rique tunisien fond\u00e9 en 2010, sp\u00e9cialis\u00e9 dans l\u2019actualit\u00e9 nationale et internationale, l\u2019\u00e9conomie, la soci\u00e9t\u00e9 et les analyses politiques. Le site s\u2019adresse \u00e0 un large public francophone et couvre l\u2019information tunisienne en temps r\u00e9el.","email":"redac@webdo.tn","legalName":"YNJ SARL","foundingDate":"2010-09-06","numberOfEmployees":{"@type":"QuantitativeValue","minValue":"11","maxValue":"50"}},{"@type":"Person","@id":"https:\/\/www.webdo.tn\/fr\/#\/schema\/person\/2c4929cbf5a809e3bd38617c6ce150f6","name":"MC","image":{"@type":"ImageObject","inLanguage":"fr-FR","@id":"https:\/\/secure.gravatar.com\/avatar\/a545bbb6f84efdd5553dbbc2895e3ca8f1d12c5215e00a041c9670b54aa9b18a?s=96&d=mm&r=g","url":"https:\/\/secure.gravatar.com\/avatar\/a545bbb6f84efdd5553dbbc2895e3ca8f1d12c5215e00a041c9670b54aa9b18a?s=96&d=mm&r=g","contentUrl":"https:\/\/secure.gravatar.com\/avatar\/a545bbb6f84efdd5553dbbc2895e3ca8f1d12c5215e00a041c9670b54aa9b18a?s=96&d=mm&r=g","caption":"MC"},"url":"https:\/\/www.webdo.tn\/fr\/actualite\/author\/mc\/"}]}},"_links":{"self":[{"href":"https:\/\/www.webdo.tn\/fr\/wp-json\/wp\/v2\/posts\/221236","targetHints":{"allow":["GET"]}}],"collection":[{"href":"https:\/\/www.webdo.tn\/fr\/wp-json\/wp\/v2\/posts"}],"about":[{"href":"https:\/\/www.webdo.tn\/fr\/wp-json\/wp\/v2\/types\/post"}],"author":[{"embeddable":true,"href":"https:\/\/www.webdo.tn\/fr\/wp-json\/wp\/v2\/users\/3162"}],"replies":[{"embeddable":true,"href":"https:\/\/www.webdo.tn\/fr\/wp-json\/wp\/v2\/comments?post=221236"}],"version-history":[{"count":0,"href":"https:\/\/www.webdo.tn\/fr\/wp-json\/wp\/v2\/posts\/221236\/revisions"}],"wp:featuredmedia":[{"embeddable":true,"href":"https:\/\/www.webdo.tn\/fr\/wp-json\/wp\/v2\/media\/292224"}],"wp:attachment":[{"href":"https:\/\/www.webdo.tn\/fr\/wp-json\/wp\/v2\/media?parent=221236"}],"wp:term":[{"taxonomy":"category","embeddable":true,"href":"https:\/\/www.webdo.tn\/fr\/wp-json\/wp\/v2\/categories?post=221236"},{"taxonomy":"post_tag","embeddable":true,"href":"https:\/\/www.webdo.tn\/fr\/wp-json\/wp\/v2\/tags?post=221236"}],"curies":[{"name":"wp","href":"https:\/\/api.w.org\/{rel}","templated":true}]}}