{"id":221230,"date":"2025-04-15T08:04:00","date_gmt":"2025-04-15T08:04:00","guid":{"rendered":"https:\/\/www.webdo.tn\/fr\/blog\/de-paris-a-tunis-itineraire-des-bus-recycles\/221230\/"},"modified":"2025-05-20T22:23:25","modified_gmt":"2025-05-20T22:23:25","slug":"de-paris-a-tunis-itineraire-des-bus-recycles","status":"publish","type":"post","link":"https:\/\/www.webdo.tn\/fr\/actualite\/national\/de-paris-a-tunis-itineraire-des-bus-recycles\/221230\/","title":{"rendered":"De Paris \u00e0 Tunis, itin\u00e9raire des bus recycl\u00e9s"},"content":{"rendered":"<p>Hier lundi matin, Tunis a officiellement accueilli 80 nouveaux bus urbains, fra\u00eechement d\u00e9barqu\u00e9s du port de La Goulette. Nouveaux ? Pas tout \u00e0 fait. Ces v\u00e9hicules, remis \u00e0 neuf, viennent tout droit de la capitale fran\u00e7aise o\u00f9 ils avaient fi\u00e8rement transport\u00e9 athl\u00e8tes et spectateurs lors des derniers Jeux paralympiques de Paris.<\/p>\n<p>\t\t\t\t\t\t\t\t\tDerri\u00e8re cette reconversion \u00e0 la tunisienne se cache une convention de don sign\u00e9e le 27 janvier 2025 entre la Soci\u00e9t\u00e9 des Transports de Tunis (Transtu), la structure francilienne \u00ab\u00a0\u00cele-de-France Mobilit\u00e9s\u00a0\u00bb et la R\u00e9gie Autonome des Transports Parisiens (RATP). R\u00e9sultat : une premi\u00e8re vague de 80 bus sur un total pr\u00e9vu de 165, tous retap\u00e9s, r\u00e9vis\u00e9s et surtout&#8230; adapt\u00e9s.<\/p>\n<p>Selon un communiqu\u00e9 publi\u00e9 par Transtu, les v\u00e9hicules seront mis en circulation au cours des prochaines semaines. La seconde livraison, compos\u00e9e de 85 bus, est attendue ult\u00e9rieurement.<\/p>\n<p>Ces bus r\u00e9pondent aux normes environnementales europ\u00e9ennes (Euro 5) et disposent d\u2019un plancher bas, d\u2019une rampe automatique facilitant l\u2019acc\u00e8s aux personnes \u00e0 mobilit\u00e9 r\u00e9duite, ainsi que d\u2019un espace r\u00e9serv\u00e9 aux utilisateurs de fauteuils roulants. Certains v\u00e9hicules sont \u00e9galement \u00e9quip\u00e9s d\u2019un syst\u00e8me de climatisation, d\u2019un dispositif de vid\u00e9osurveillance et d\u2019une bo\u00eete de vitesses automatique.<\/p>\n","protected":false},"excerpt":{"rendered":"<p>unis accueille 80 bus urbains en provenance de Paris, adapt\u00e9s aux personnes \u00e0 mobilit\u00e9 r\u00e9duite et aux normes \u00e9cologiques europ\u00e9ennes. Une premi\u00e8re vague sur fon&#8230;<\/p>\n","protected":false},"author":3163,"featured_media":292220,"comment_status":"open","ping_status":"closed","sticky":false,"template":"","format":"standard","meta":{"footnotes":""},"categories":[44],"tags":[3403,2818,2608],"class_list":["post-221230","post","type-post","status-publish","format-standard","has-post-thumbnail","hentry","category-national","tag-bus","tag-transport","tag-tunisie"],"yoast_head":"<!-- This site is optimized with the Yoast SEO Premium plugin v27.4 (Yoast SEO v27.5) - https:\/\/yoast.com\/product\/yoast-seo-premium-wordpress\/ -->\n<title>De Paris \u00e0 Tunis, itin\u00e9raire des bus recycl\u00e9s<\/title>\n<meta name=\"description\" content=\"unis accueille 80 bus urbains en provenance de Paris, adapt\u00e9s aux personnes \u00e0 mobilit\u00e9 r\u00e9duite et aux normes \u00e9cologiques europ\u00e9ennes. Une premi\u00e8re vague sur fon...\" \/>\n<link rel=\"canonical\" href=\"https:\/\/www.webdo.tn\/fr\/actualite\/national\/de-paris-a-tunis-itineraire-des-bus-recycles\/221230\/\" \/>\n<meta property=\"og:locale\" content=\"fr_FR\" \/>\n<meta property=\"og:type\" content=\"article\" \/>\n<meta property=\"og:title\" content=\"De Paris \u00e0 Tunis, itin\u00e9raire des bus recycl\u00e9s\" \/>\n<meta property=\"og:description\" content=\"unis accueille 80 bus urbains en provenance de Paris, adapt\u00e9s aux personnes \u00e0 mobilit\u00e9 r\u00e9duite et aux normes \u00e9cologiques europ\u00e9ennes. Une premi\u00e8re vague sur fon...\" \/>\n<meta property=\"og:url\" content=\"https:\/\/www.webdo.tn\/fr\/actualite\/national\/de-paris-a-tunis-itineraire-des-bus-recycles\/221230\/\" \/>\n<meta property=\"og:site_name\" content=\"webdo\" \/>\n<meta property=\"article:publisher\" content=\"https:\/\/www.facebook.com\/webdotn\" \/>\n<meta property=\"article:published_time\" content=\"2025-04-15T08:04:00+00:00\" \/>\n<meta property=\"article:modified_time\" content=\"2025-05-20T22:23:25+00:00\" \/>\n<meta property=\"og:image\" content=\"https:\/\/www.webdo.tn\/fr\/wp-content\/uploads\/2025\/04\/5992f8aa9189f401e718d6d5f6c2b223.webp\" \/>\n\t<meta property=\"og:image:width\" content=\"531\" \/>\n\t<meta property=\"og:image:height\" content=\"283\" \/>\n\t<meta property=\"og:image:type\" content=\"image\/webp\" \/>\n<meta name=\"author\" content=\"KJ\" \/>\n<meta name=\"twitter:card\" content=\"summary_large_image\" \/>\n<meta name=\"twitter:creator\" content=\"@webdo_tn\" \/>\n<meta name=\"twitter:site\" content=\"@webdo_tn\" \/>\n<meta name=\"twitter:label1\" content=\"\u00c9crit par\" \/>\n\t<meta name=\"twitter:data1\" content=\"KJ\" \/>\n\t<meta name=\"twitter:label2\" content=\"Dur\u00e9e de lecture estim\u00e9e\" \/>\n\t<meta name=\"twitter:data2\" content=\"1 minute\" \/>\n<script type=\"application\/ld+json\" class=\"yoast-schema-graph\">{\"@context\":\"https:\\\/\\\/schema.org\",\"@graph\":[{\"@type\":\"NewsArticle\",\"@id\":\"https:\\\/\\\/www.webdo.tn\\\/fr\\\/actualite\\\/national\\\/de-paris-a-tunis-itineraire-des-bus-recycles\\\/221230\\\/#article\",\"isPartOf\":{\"@id\":\"https:\\\/\\\/www.webdo.tn\\\/fr\\\/actualite\\\/national\\\/de-paris-a-tunis-itineraire-des-bus-recycles\\\/221230\\\/\"},\"author\":{\"name\":\"KJ\",\"@id\":\"https:\\\/\\\/www.webdo.tn\\\/fr\\\/#\\\/schema\\\/person\\\/82ca085b22037d285e1a3c4b65ba5f71\"},\"headline\":\"De Paris \u00e0 Tunis, itin\u00e9raire des bus recycl\u00e9s\",\"datePublished\":\"2025-04-15T08:04:00+00:00\",\"dateModified\":\"2025-05-20T22:23:25+00:00\",\"mainEntityOfPage\":{\"@id\":\"https:\\\/\\\/www.webdo.tn\\\/fr\\\/actualite\\\/national\\\/de-paris-a-tunis-itineraire-des-bus-recycles\\\/221230\\\/\"},\"wordCount\":224,\"commentCount\":0,\"publisher\":{\"@id\":\"https:\\\/\\\/www.webdo.tn\\\/fr\\\/#organization\"},\"image\":{\"@id\":\"https:\\\/\\\/www.webdo.tn\\\/fr\\\/actualite\\\/national\\\/de-paris-a-tunis-itineraire-des-bus-recycles\\\/221230\\\/#primaryimage\"},\"thumbnailUrl\":\"https:\\\/\\\/www.webdo.tn\\\/fr\\\/wp-content\\\/uploads\\\/2025\\\/04\\\/5992f8aa9189f401e718d6d5f6c2b223.webp\",\"keywords\":[\"Bus\",\"Transport\",\"Tunisie\"],\"articleSection\":[\"National\"],\"inLanguage\":\"fr-FR\"},{\"@type\":\"WebPage\",\"@id\":\"https:\\\/\\\/www.webdo.tn\\\/fr\\\/actualite\\\/national\\\/de-paris-a-tunis-itineraire-des-bus-recycles\\\/221230\\\/\",\"url\":\"https:\\\/\\\/www.webdo.tn\\\/fr\\\/actualite\\\/national\\\/de-paris-a-tunis-itineraire-des-bus-recycles\\\/221230\\\/\",\"name\":\"De Paris \u00e0 Tunis, itin\u00e9raire des bus recycl\u00e9s\",\"isPartOf\":{\"@id\":\"https:\\\/\\\/www.webdo.tn\\\/fr\\\/#website\"},\"primaryImageOfPage\":{\"@id\":\"https:\\\/\\\/www.webdo.tn\\\/fr\\\/actualite\\\/national\\\/de-paris-a-tunis-itineraire-des-bus-recycles\\\/221230\\\/#primaryimage\"},\"image\":{\"@id\":\"https:\\\/\\\/www.webdo.tn\\\/fr\\\/actualite\\\/national\\\/de-paris-a-tunis-itineraire-des-bus-recycles\\\/221230\\\/#primaryimage\"},\"thumbnailUrl\":\"https:\\\/\\\/www.webdo.tn\\\/fr\\\/wp-content\\\/uploads\\\/2025\\\/04\\\/5992f8aa9189f401e718d6d5f6c2b223.webp\",\"datePublished\":\"2025-04-15T08:04:00+00:00\",\"dateModified\":\"2025-05-20T22:23:25+00:00\",\"description\":\"unis accueille 80 bus urbains en provenance de Paris, adapt\u00e9s aux personnes \u00e0 mobilit\u00e9 r\u00e9duite et aux normes \u00e9cologiques europ\u00e9ennes. Une premi\u00e8re vague sur fon...\",\"breadcrumb\":{\"@id\":\"https:\\\/\\\/www.webdo.tn\\\/fr\\\/actualite\\\/national\\\/de-paris-a-tunis-itineraire-des-bus-recycles\\\/221230\\\/#breadcrumb\"},\"inLanguage\":\"fr-FR\",\"potentialAction\":[{\"@type\":\"ReadAction\",\"target\":[\"https:\\\/\\\/www.webdo.tn\\\/fr\\\/actualite\\\/national\\\/de-paris-a-tunis-itineraire-des-bus-recycles\\\/221230\\\/\"]}]},{\"@type\":\"ImageObject\",\"inLanguage\":\"fr-FR\",\"@id\":\"https:\\\/\\\/www.webdo.tn\\\/fr\\\/actualite\\\/national\\\/de-paris-a-tunis-itineraire-des-bus-recycles\\\/221230\\\/#primaryimage\",\"url\":\"https:\\\/\\\/www.webdo.tn\\\/fr\\\/wp-content\\\/uploads\\\/2025\\\/04\\\/5992f8aa9189f401e718d6d5f6c2b223.webp\",\"contentUrl\":\"https:\\\/\\\/www.webdo.tn\\\/fr\\\/wp-content\\\/uploads\\\/2025\\\/04\\\/5992f8aa9189f401e718d6d5f6c2b223.webp\",\"width\":531,\"height\":283,\"caption\":\"De Paris \u00e0 Tunis, itin\u00e9raire des bus recycl\u00e9s\"},{\"@type\":\"BreadcrumbList\",\"@id\":\"https:\\\/\\\/www.webdo.tn\\\/fr\\\/actualite\\\/national\\\/de-paris-a-tunis-itineraire-des-bus-recycles\\\/221230\\\/#breadcrumb\",\"itemListElement\":[{\"@type\":\"ListItem\",\"position\":1,\"name\":\"Accueil\",\"item\":\"https:\\\/\\\/www.webdo.tn\\\/fr\\\/\"},{\"@type\":\"ListItem\",\"position\":2,\"name\":\"De Paris \u00e0 Tunis, itin\u00e9raire des bus recycl\u00e9s\"}]},{\"@type\":\"WebSite\",\"@id\":\"https:\\\/\\\/www.webdo.tn\\\/fr\\\/#website\",\"url\":\"https:\\\/\\\/www.webdo.tn\\\/fr\\\/\",\"name\":\"webdo\",\"description\":\"Tunisie - News en Tunisie et \u00e0 l&#039;international sur Webdo.tn\",\"publisher\":{\"@id\":\"https:\\\/\\\/www.webdo.tn\\\/fr\\\/#organization\"},\"potentialAction\":[{\"@type\":\"SearchAction\",\"target\":{\"@type\":\"EntryPoint\",\"urlTemplate\":\"https:\\\/\\\/www.webdo.tn\\\/fr\\\/?s={search_term_string}\"},\"query-input\":{\"@type\":\"PropertyValueSpecification\",\"valueRequired\":true,\"valueName\":\"search_term_string\"}}],\"inLanguage\":\"fr-FR\"},{\"@type\":\"Organization\",\"@id\":\"https:\\\/\\\/www.webdo.tn\\\/fr\\\/#organization\",\"name\":\"Webdo\",\"alternateName\":\"Webdo.tn\",\"url\":\"https:\\\/\\\/www.webdo.tn\\\/fr\\\/\",\"logo\":{\"@type\":\"ImageObject\",\"inLanguage\":\"fr-FR\",\"@id\":\"https:\\\/\\\/www.webdo.tn\\\/fr\\\/#\\\/schema\\\/logo\\\/image\\\/\",\"url\":\"https:\\\/\\\/www.webdo.tn\\\/fr\\\/wp-content\\\/uploads\\\/2025\\\/06\\\/Webdo-Tunisie_168377.jpg\",\"contentUrl\":\"https:\\\/\\\/www.webdo.tn\\\/fr\\\/wp-content\\\/uploads\\\/2025\\\/06\\\/Webdo-Tunisie_168377.jpg\",\"width\":301,\"height\":301,\"caption\":\"Webdo\"},\"image\":{\"@id\":\"https:\\\/\\\/www.webdo.tn\\\/fr\\\/#\\\/schema\\\/logo\\\/image\\\/\"},\"sameAs\":[\"https:\\\/\\\/www.facebook.com\\\/webdotn\",\"https:\\\/\\\/x.com\\\/webdo_tn\"],\"description\":\"Webdo est un m\u00e9dia num\u00e9rique tunisien fond\u00e9 en 2010, sp\u00e9cialis\u00e9 dans l\u2019actualit\u00e9 nationale et internationale, l\u2019\u00e9conomie, la soci\u00e9t\u00e9 et les analyses politiques. Le site s\u2019adresse \u00e0 un large public francophone et couvre l\u2019information tunisienne en temps r\u00e9el.\",\"email\":\"redac@webdo.tn\",\"legalName\":\"YNJ SARL\",\"foundingDate\":\"2010-09-06\",\"numberOfEmployees\":{\"@type\":\"QuantitativeValue\",\"minValue\":\"11\",\"maxValue\":\"50\"}},{\"@type\":\"Person\",\"@id\":\"https:\\\/\\\/www.webdo.tn\\\/fr\\\/#\\\/schema\\\/person\\\/82ca085b22037d285e1a3c4b65ba5f71\",\"name\":\"KJ\",\"image\":{\"@type\":\"ImageObject\",\"inLanguage\":\"fr-FR\",\"@id\":\"https:\\\/\\\/secure.gravatar.com\\\/avatar\\\/1a1320de1c1971c893f00068f760b4113d69504aa21273da17ee95650c5944fd?s=96&d=mm&r=g\",\"url\":\"https:\\\/\\\/secure.gravatar.com\\\/avatar\\\/1a1320de1c1971c893f00068f760b4113d69504aa21273da17ee95650c5944fd?s=96&d=mm&r=g\",\"contentUrl\":\"https:\\\/\\\/secure.gravatar.com\\\/avatar\\\/1a1320de1c1971c893f00068f760b4113d69504aa21273da17ee95650c5944fd?s=96&d=mm&r=g\",\"caption\":\"KJ\"},\"url\":\"https:\\\/\\\/www.webdo.tn\\\/fr\\\/actualite\\\/author\\\/kj\\\/\"}]}<\/script>\n<!-- \/ Yoast SEO Premium plugin. -->","yoast_head_json":{"title":"De Paris \u00e0 Tunis, itin\u00e9raire des bus recycl\u00e9s","description":"unis accueille 80 bus urbains en provenance de Paris, adapt\u00e9s aux personnes \u00e0 mobilit\u00e9 r\u00e9duite et aux normes \u00e9cologiques europ\u00e9ennes. Une premi\u00e8re vague sur fon...","canonical":"https:\/\/www.webdo.tn\/fr\/actualite\/national\/de-paris-a-tunis-itineraire-des-bus-recycles\/221230\/","og_locale":"fr_FR","og_type":"article","og_title":"De Paris \u00e0 Tunis, itin\u00e9raire des bus recycl\u00e9s","og_description":"unis accueille 80 bus urbains en provenance de Paris, adapt\u00e9s aux personnes \u00e0 mobilit\u00e9 r\u00e9duite et aux normes \u00e9cologiques europ\u00e9ennes. Une premi\u00e8re vague sur fon...","og_url":"https:\/\/www.webdo.tn\/fr\/actualite\/national\/de-paris-a-tunis-itineraire-des-bus-recycles\/221230\/","og_site_name":"webdo","article_publisher":"https:\/\/www.facebook.com\/webdotn","article_published_time":"2025-04-15T08:04:00+00:00","article_modified_time":"2025-05-20T22:23:25+00:00","og_image":[{"width":531,"height":283,"url":"https:\/\/www.webdo.tn\/fr\/wp-content\/uploads\/2025\/04\/5992f8aa9189f401e718d6d5f6c2b223.webp","type":"image\/webp"}],"author":"KJ","twitter_card":"summary_large_image","twitter_creator":"@webdo_tn","twitter_site":"@webdo_tn","twitter_misc":{"\u00c9crit par":"KJ","Dur\u00e9e de lecture estim\u00e9e":"1 minute"},"schema":{"@context":"https:\/\/schema.org","@graph":[{"@type":"NewsArticle","@id":"https:\/\/www.webdo.tn\/fr\/actualite\/national\/de-paris-a-tunis-itineraire-des-bus-recycles\/221230\/#article","isPartOf":{"@id":"https:\/\/www.webdo.tn\/fr\/actualite\/national\/de-paris-a-tunis-itineraire-des-bus-recycles\/221230\/"},"author":{"name":"KJ","@id":"https:\/\/www.webdo.tn\/fr\/#\/schema\/person\/82ca085b22037d285e1a3c4b65ba5f71"},"headline":"De Paris \u00e0 Tunis, itin\u00e9raire des bus recycl\u00e9s","datePublished":"2025-04-15T08:04:00+00:00","dateModified":"2025-05-20T22:23:25+00:00","mainEntityOfPage":{"@id":"https:\/\/www.webdo.tn\/fr\/actualite\/national\/de-paris-a-tunis-itineraire-des-bus-recycles\/221230\/"},"wordCount":224,"commentCount":0,"publisher":{"@id":"https:\/\/www.webdo.tn\/fr\/#organization"},"image":{"@id":"https:\/\/www.webdo.tn\/fr\/actualite\/national\/de-paris-a-tunis-itineraire-des-bus-recycles\/221230\/#primaryimage"},"thumbnailUrl":"https:\/\/www.webdo.tn\/fr\/wp-content\/uploads\/2025\/04\/5992f8aa9189f401e718d6d5f6c2b223.webp","keywords":["Bus","Transport","Tunisie"],"articleSection":["National"],"inLanguage":"fr-FR"},{"@type":"WebPage","@id":"https:\/\/www.webdo.tn\/fr\/actualite\/national\/de-paris-a-tunis-itineraire-des-bus-recycles\/221230\/","url":"https:\/\/www.webdo.tn\/fr\/actualite\/national\/de-paris-a-tunis-itineraire-des-bus-recycles\/221230\/","name":"De Paris \u00e0 Tunis, itin\u00e9raire des bus recycl\u00e9s","isPartOf":{"@id":"https:\/\/www.webdo.tn\/fr\/#website"},"primaryImageOfPage":{"@id":"https:\/\/www.webdo.tn\/fr\/actualite\/national\/de-paris-a-tunis-itineraire-des-bus-recycles\/221230\/#primaryimage"},"image":{"@id":"https:\/\/www.webdo.tn\/fr\/actualite\/national\/de-paris-a-tunis-itineraire-des-bus-recycles\/221230\/#primaryimage"},"thumbnailUrl":"https:\/\/www.webdo.tn\/fr\/wp-content\/uploads\/2025\/04\/5992f8aa9189f401e718d6d5f6c2b223.webp","datePublished":"2025-04-15T08:04:00+00:00","dateModified":"2025-05-20T22:23:25+00:00","description":"unis accueille 80 bus urbains en provenance de Paris, adapt\u00e9s aux personnes \u00e0 mobilit\u00e9 r\u00e9duite et aux normes \u00e9cologiques europ\u00e9ennes. Une premi\u00e8re vague sur fon...","breadcrumb":{"@id":"https:\/\/www.webdo.tn\/fr\/actualite\/national\/de-paris-a-tunis-itineraire-des-bus-recycles\/221230\/#breadcrumb"},"inLanguage":"fr-FR","potentialAction":[{"@type":"ReadAction","target":["https:\/\/www.webdo.tn\/fr\/actualite\/national\/de-paris-a-tunis-itineraire-des-bus-recycles\/221230\/"]}]},{"@type":"ImageObject","inLanguage":"fr-FR","@id":"https:\/\/www.webdo.tn\/fr\/actualite\/national\/de-paris-a-tunis-itineraire-des-bus-recycles\/221230\/#primaryimage","url":"https:\/\/www.webdo.tn\/fr\/wp-content\/uploads\/2025\/04\/5992f8aa9189f401e718d6d5f6c2b223.webp","contentUrl":"https:\/\/www.webdo.tn\/fr\/wp-content\/uploads\/2025\/04\/5992f8aa9189f401e718d6d5f6c2b223.webp","width":531,"height":283,"caption":"De Paris \u00e0 Tunis, itin\u00e9raire des bus recycl\u00e9s"},{"@type":"BreadcrumbList","@id":"https:\/\/www.webdo.tn\/fr\/actualite\/national\/de-paris-a-tunis-itineraire-des-bus-recycles\/221230\/#breadcrumb","itemListElement":[{"@type":"ListItem","position":1,"name":"Accueil","item":"https:\/\/www.webdo.tn\/fr\/"},{"@type":"ListItem","position":2,"name":"De Paris \u00e0 Tunis, itin\u00e9raire des bus recycl\u00e9s"}]},{"@type":"WebSite","@id":"https:\/\/www.webdo.tn\/fr\/#website","url":"https:\/\/www.webdo.tn\/fr\/","name":"webdo","description":"Tunisie - News en Tunisie et \u00e0 l&#039;international sur Webdo.tn","publisher":{"@id":"https:\/\/www.webdo.tn\/fr\/#organization"},"potentialAction":[{"@type":"SearchAction","target":{"@type":"EntryPoint","urlTemplate":"https:\/\/www.webdo.tn\/fr\/?s={search_term_string}"},"query-input":{"@type":"PropertyValueSpecification","valueRequired":true,"valueName":"search_term_string"}}],"inLanguage":"fr-FR"},{"@type":"Organization","@id":"https:\/\/www.webdo.tn\/fr\/#organization","name":"Webdo","alternateName":"Webdo.tn","url":"https:\/\/www.webdo.tn\/fr\/","logo":{"@type":"ImageObject","inLanguage":"fr-FR","@id":"https:\/\/www.webdo.tn\/fr\/#\/schema\/logo\/image\/","url":"https:\/\/www.webdo.tn\/fr\/wp-content\/uploads\/2025\/06\/Webdo-Tunisie_168377.jpg","contentUrl":"https:\/\/www.webdo.tn\/fr\/wp-content\/uploads\/2025\/06\/Webdo-Tunisie_168377.jpg","width":301,"height":301,"caption":"Webdo"},"image":{"@id":"https:\/\/www.webdo.tn\/fr\/#\/schema\/logo\/image\/"},"sameAs":["https:\/\/www.facebook.com\/webdotn","https:\/\/x.com\/webdo_tn"],"description":"Webdo est un m\u00e9dia num\u00e9rique tunisien fond\u00e9 en 2010, sp\u00e9cialis\u00e9 dans l\u2019actualit\u00e9 nationale et internationale, l\u2019\u00e9conomie, la soci\u00e9t\u00e9 et les analyses politiques. Le site s\u2019adresse \u00e0 un large public francophone et couvre l\u2019information tunisienne en temps r\u00e9el.","email":"redac@webdo.tn","legalName":"YNJ SARL","foundingDate":"2010-09-06","numberOfEmployees":{"@type":"QuantitativeValue","minValue":"11","maxValue":"50"}},{"@type":"Person","@id":"https:\/\/www.webdo.tn\/fr\/#\/schema\/person\/82ca085b22037d285e1a3c4b65ba5f71","name":"KJ","image":{"@type":"ImageObject","inLanguage":"fr-FR","@id":"https:\/\/secure.gravatar.com\/avatar\/1a1320de1c1971c893f00068f760b4113d69504aa21273da17ee95650c5944fd?s=96&d=mm&r=g","url":"https:\/\/secure.gravatar.com\/avatar\/1a1320de1c1971c893f00068f760b4113d69504aa21273da17ee95650c5944fd?s=96&d=mm&r=g","contentUrl":"https:\/\/secure.gravatar.com\/avatar\/1a1320de1c1971c893f00068f760b4113d69504aa21273da17ee95650c5944fd?s=96&d=mm&r=g","caption":"KJ"},"url":"https:\/\/www.webdo.tn\/fr\/actualite\/author\/kj\/"}]}},"_links":{"self":[{"href":"https:\/\/www.webdo.tn\/fr\/wp-json\/wp\/v2\/posts\/221230","targetHints":{"allow":["GET"]}}],"collection":[{"href":"https:\/\/www.webdo.tn\/fr\/wp-json\/wp\/v2\/posts"}],"about":[{"href":"https:\/\/www.webdo.tn\/fr\/wp-json\/wp\/v2\/types\/post"}],"author":[{"embeddable":true,"href":"https:\/\/www.webdo.tn\/fr\/wp-json\/wp\/v2\/users\/3163"}],"replies":[{"embeddable":true,"href":"https:\/\/www.webdo.tn\/fr\/wp-json\/wp\/v2\/comments?post=221230"}],"version-history":[{"count":0,"href":"https:\/\/www.webdo.tn\/fr\/wp-json\/wp\/v2\/posts\/221230\/revisions"}],"wp:featuredmedia":[{"embeddable":true,"href":"https:\/\/www.webdo.tn\/fr\/wp-json\/wp\/v2\/media\/292220"}],"wp:attachment":[{"href":"https:\/\/www.webdo.tn\/fr\/wp-json\/wp\/v2\/media?parent=221230"}],"wp:term":[{"taxonomy":"category","embeddable":true,"href":"https:\/\/www.webdo.tn\/fr\/wp-json\/wp\/v2\/categories?post=221230"},{"taxonomy":"post_tag","embeddable":true,"href":"https:\/\/www.webdo.tn\/fr\/wp-json\/wp\/v2\/tags?post=221230"}],"curies":[{"name":"wp","href":"https:\/\/api.w.org\/{rel}","templated":true}]}}