{"id":221209,"date":"2025-04-14T12:25:00","date_gmt":"2025-04-14T12:25:00","guid":{"rendered":"https:\/\/www.webdo.tn\/fr\/blog\/2025\/04\/14\/tunisie-forte-hausse-des-mouvements-sociaux-avec-1132-protestations-au-1er-trimestre-2025\/"},"modified":"2025-05-20T21:41:15","modified_gmt":"2025-05-20T21:41:15","slug":"tunisie-forte-hausse-des-mouvements-sociaux-avec-1132-protestations-au-1er-trimestre-2025","status":"publish","type":"post","link":"https:\/\/www.webdo.tn\/fr\/actualite\/national\/tunisie-forte-hausse-des-mouvements-sociaux-avec-1132-protestations-au-1er-trimestre-2025\/221209\/","title":{"rendered":"Tunisie : Forte hausse des mouvements sociaux avec 1132 protestations au 1er trimestre 2025"},"content":{"rendered":"<p>Le climat social en Tunisie reste tendu. Pas moins de 1132 mouvements de protestation ont \u00e9t\u00e9 recens\u00e9s au cours des trois premiers mois de l\u2019ann\u00e9e 2025, soit plus du double du nombre enregistr\u00e9 durant la m\u00eame p\u00e9riode en 2024, qui s\u2019\u00e9levait \u00e0 475 protestations. C\u2019est ce que r\u00e9v\u00e8le le dernier rapport de l\u2019Observatoire social tunisien (OST), relevant du Forum tunisien pour les droits \u00e9conomiques et sociaux (FTDES), publi\u00e9 ce lundi.<\/p>\n<p>\t\t\t\t\t\t\t\t\tSelon le rapport, 53% des mobilisations sont li\u00e9es \u00e0 des revendications professionnelles. Les manifestants r\u00e9clament notamment la r\u00e9gularisation des statuts des ouvriers des chantiers publics, des enseignants suppl\u00e9ants ainsi que des instituteurs contractuels.<\/p>\n<p>La lutte contre le ch\u00f4mage, en particulier celui des dipl\u00f4m\u00e9s, figure \u00e9galement parmi les principales revendications, tout comme l\u2019am\u00e9lioration des conditions de travail dans les secteurs public et priv\u00e9.<\/p>\n<p>La majorit\u00e9 des protestations ont \u00e9t\u00e9 initi\u00e9es par des fonctionnaires, des ouvriers et des ch\u00f4meurs (50%), mais aussi par des syndicalistes, des d\u00e9fenseurs des droits humains et des \u00e9tudiants.<\/p>\n<p>Ces mouvements se sont manifest\u00e9s dans divers espaces, notamment les lieux de travail, les routes, les espaces publics ainsi que devant les tribunaux. Les formes de mobilisation ont \u00e9t\u00e9 vari\u00e9es : sit-in, gr\u00e8ves du travail et de la faim, blocus routiers ou encore port de brassards rouges.<\/p>\n<p>Sans surprise, le Grand Tunis reste l\u2019\u00e9picentre des protestations avec 293 actions recens\u00e9es. Elle est suivie de Tataouine (75 mouvements) et Gafsa (74).<\/p>\n","protected":false},"excerpt":{"rendered":"<p>La Tunisie a enregistr\u00e9 1 132 mouvements de protestation au premier trimestre 2025, soit plus du double par rapport \u00e0 2024. Les revendications concernent princi&#8230;<\/p>\n","protected":false},"author":3162,"featured_media":241170,"comment_status":"open","ping_status":"open","sticky":false,"template":"","format":"standard","meta":{"footnotes":""},"categories":[44],"tags":[3228,3229,2796,3190,2608],"class_list":["post-221209","post","type-post","status-publish","format-standard","has-post-thumbnail","hentry","category-national","tag-ftdes","tag-observatoire-social-tunisien","tag-protestation","tag-sit-in","tag-tunisie"],"yoast_head":"<!-- This site is optimized with the Yoast SEO Premium plugin v27.4 (Yoast SEO v27.5) - https:\/\/yoast.com\/product\/yoast-seo-premium-wordpress\/ -->\n<title>Tunisie : Forte hausse des mouvements sociaux avec 1132 protestations au 1er trimestre 2025<\/title>\n<meta name=\"description\" content=\"La Tunisie a enregistr\u00e9 1 132 mouvements de protestation au premier trimestre 2025, soit plus du double par rapport \u00e0 2024. Les revendications concernent princi...\" \/>\n<link rel=\"canonical\" href=\"https:\/\/www.webdo.tn\/fr\/actualite\/national\/tunisie-forte-hausse-des-mouvements-sociaux-avec-1132-protestations-au-1er-trimestre-2025\/221209\/\" \/>\n<meta property=\"og:locale\" content=\"fr_FR\" \/>\n<meta property=\"og:type\" content=\"article\" \/>\n<meta property=\"og:title\" content=\"Tunisie : Forte hausse des mouvements sociaux avec 1132 protestations au 1er trimestre 2025\" \/>\n<meta property=\"og:description\" content=\"La Tunisie a enregistr\u00e9 1 132 mouvements de protestation au premier trimestre 2025, soit plus du double par rapport \u00e0 2024. Les revendications concernent princi...\" \/>\n<meta property=\"og:url\" content=\"https:\/\/www.webdo.tn\/fr\/actualite\/national\/tunisie-forte-hausse-des-mouvements-sociaux-avec-1132-protestations-au-1er-trimestre-2025\/221209\/\" \/>\n<meta property=\"og:site_name\" content=\"webdo\" \/>\n<meta property=\"article:publisher\" content=\"https:\/\/www.facebook.com\/webdotn\" \/>\n<meta property=\"article:published_time\" content=\"2025-04-14T12:25:00+00:00\" \/>\n<meta property=\"article:modified_time\" content=\"2025-05-20T21:41:15+00:00\" \/>\n<meta property=\"og:image\" content=\"https:\/\/www.webdo.tn\/fr\/wp-content\/uploads\/2025\/05\/c54f51c28ec52cbe33e95aed75a7e30d-3.webp\" \/>\n\t<meta property=\"og:image:width\" content=\"710\" \/>\n\t<meta property=\"og:image:height\" content=\"379\" \/>\n\t<meta property=\"og:image:type\" content=\"image\/webp\" \/>\n<meta name=\"author\" content=\"MC\" \/>\n<meta name=\"twitter:card\" content=\"summary_large_image\" \/>\n<meta name=\"twitter:creator\" content=\"@webdo_tn\" \/>\n<meta name=\"twitter:site\" content=\"@webdo_tn\" \/>\n<meta name=\"twitter:label1\" content=\"\u00c9crit par\" \/>\n\t<meta name=\"twitter:data1\" content=\"MC\" \/>\n\t<meta name=\"twitter:label2\" content=\"Dur\u00e9e de lecture estim\u00e9e\" \/>\n\t<meta name=\"twitter:data2\" content=\"1 minute\" \/>\n<script type=\"application\/ld+json\" class=\"yoast-schema-graph\">{\"@context\":\"https:\\\/\\\/schema.org\",\"@graph\":[{\"@type\":\"NewsArticle\",\"@id\":\"https:\\\/\\\/www.webdo.tn\\\/fr\\\/actualite\\\/national\\\/tunisie-forte-hausse-des-mouvements-sociaux-avec-1132-protestations-au-1er-trimestre-2025\\\/221209\\\/#article\",\"isPartOf\":{\"@id\":\"https:\\\/\\\/www.webdo.tn\\\/fr\\\/actualite\\\/national\\\/tunisie-forte-hausse-des-mouvements-sociaux-avec-1132-protestations-au-1er-trimestre-2025\\\/221209\\\/\"},\"author\":{\"name\":\"MC\",\"@id\":\"https:\\\/\\\/www.webdo.tn\\\/fr\\\/#\\\/schema\\\/person\\\/2c4929cbf5a809e3bd38617c6ce150f6\"},\"headline\":\"Tunisie : Forte hausse des mouvements sociaux avec 1132 protestations au 1er trimestre 2025\",\"datePublished\":\"2025-04-14T12:25:00+00:00\",\"dateModified\":\"2025-05-20T21:41:15+00:00\",\"mainEntityOfPage\":{\"@id\":\"https:\\\/\\\/www.webdo.tn\\\/fr\\\/actualite\\\/national\\\/tunisie-forte-hausse-des-mouvements-sociaux-avec-1132-protestations-au-1er-trimestre-2025\\\/221209\\\/\"},\"wordCount\":257,\"commentCount\":0,\"publisher\":{\"@id\":\"https:\\\/\\\/www.webdo.tn\\\/fr\\\/#organization\"},\"image\":{\"@id\":\"https:\\\/\\\/www.webdo.tn\\\/fr\\\/actualite\\\/national\\\/tunisie-forte-hausse-des-mouvements-sociaux-avec-1132-protestations-au-1er-trimestre-2025\\\/221209\\\/#primaryimage\"},\"thumbnailUrl\":\"https:\\\/\\\/www.webdo.tn\\\/fr\\\/wp-content\\\/uploads\\\/2025\\\/05\\\/c54f51c28ec52cbe33e95aed75a7e30d-3.webp\",\"keywords\":[\"ftdes\",\"Observatoire social tunisien\",\"protestation\",\"sit-in\",\"Tunisie\"],\"articleSection\":[\"National\"],\"inLanguage\":\"fr-FR\"},{\"@type\":\"WebPage\",\"@id\":\"https:\\\/\\\/www.webdo.tn\\\/fr\\\/actualite\\\/national\\\/tunisie-forte-hausse-des-mouvements-sociaux-avec-1132-protestations-au-1er-trimestre-2025\\\/221209\\\/\",\"url\":\"https:\\\/\\\/www.webdo.tn\\\/fr\\\/actualite\\\/national\\\/tunisie-forte-hausse-des-mouvements-sociaux-avec-1132-protestations-au-1er-trimestre-2025\\\/221209\\\/\",\"name\":\"Tunisie : Forte hausse des mouvements sociaux avec 1132 protestations au 1er trimestre 2025\",\"isPartOf\":{\"@id\":\"https:\\\/\\\/www.webdo.tn\\\/fr\\\/#website\"},\"primaryImageOfPage\":{\"@id\":\"https:\\\/\\\/www.webdo.tn\\\/fr\\\/actualite\\\/national\\\/tunisie-forte-hausse-des-mouvements-sociaux-avec-1132-protestations-au-1er-trimestre-2025\\\/221209\\\/#primaryimage\"},\"image\":{\"@id\":\"https:\\\/\\\/www.webdo.tn\\\/fr\\\/actualite\\\/national\\\/tunisie-forte-hausse-des-mouvements-sociaux-avec-1132-protestations-au-1er-trimestre-2025\\\/221209\\\/#primaryimage\"},\"thumbnailUrl\":\"https:\\\/\\\/www.webdo.tn\\\/fr\\\/wp-content\\\/uploads\\\/2025\\\/05\\\/c54f51c28ec52cbe33e95aed75a7e30d-3.webp\",\"datePublished\":\"2025-04-14T12:25:00+00:00\",\"dateModified\":\"2025-05-20T21:41:15+00:00\",\"description\":\"La Tunisie a enregistr\u00e9 1 132 mouvements de protestation au premier trimestre 2025, soit plus du double par rapport \u00e0 2024. Les revendications concernent princi...\",\"breadcrumb\":{\"@id\":\"https:\\\/\\\/www.webdo.tn\\\/fr\\\/actualite\\\/national\\\/tunisie-forte-hausse-des-mouvements-sociaux-avec-1132-protestations-au-1er-trimestre-2025\\\/221209\\\/#breadcrumb\"},\"inLanguage\":\"fr-FR\",\"potentialAction\":[{\"@type\":\"ReadAction\",\"target\":[\"https:\\\/\\\/www.webdo.tn\\\/fr\\\/actualite\\\/national\\\/tunisie-forte-hausse-des-mouvements-sociaux-avec-1132-protestations-au-1er-trimestre-2025\\\/221209\\\/\"]}]},{\"@type\":\"ImageObject\",\"inLanguage\":\"fr-FR\",\"@id\":\"https:\\\/\\\/www.webdo.tn\\\/fr\\\/actualite\\\/national\\\/tunisie-forte-hausse-des-mouvements-sociaux-avec-1132-protestations-au-1er-trimestre-2025\\\/221209\\\/#primaryimage\",\"url\":\"https:\\\/\\\/www.webdo.tn\\\/fr\\\/wp-content\\\/uploads\\\/2025\\\/05\\\/c54f51c28ec52cbe33e95aed75a7e30d-3.webp\",\"contentUrl\":\"https:\\\/\\\/www.webdo.tn\\\/fr\\\/wp-content\\\/uploads\\\/2025\\\/05\\\/c54f51c28ec52cbe33e95aed75a7e30d-3.webp\",\"width\":710,\"height\":379},{\"@type\":\"BreadcrumbList\",\"@id\":\"https:\\\/\\\/www.webdo.tn\\\/fr\\\/actualite\\\/national\\\/tunisie-forte-hausse-des-mouvements-sociaux-avec-1132-protestations-au-1er-trimestre-2025\\\/221209\\\/#breadcrumb\",\"itemListElement\":[{\"@type\":\"ListItem\",\"position\":1,\"name\":\"Accueil\",\"item\":\"https:\\\/\\\/www.webdo.tn\\\/fr\\\/\"},{\"@type\":\"ListItem\",\"position\":2,\"name\":\"Tunisie : Forte hausse des mouvements sociaux avec 1132 protestations au 1er trimestre 2025\"}]},{\"@type\":\"WebSite\",\"@id\":\"https:\\\/\\\/www.webdo.tn\\\/fr\\\/#website\",\"url\":\"https:\\\/\\\/www.webdo.tn\\\/fr\\\/\",\"name\":\"webdo\",\"description\":\"Tunisie - News en Tunisie et \u00e0 l&#039;international sur Webdo.tn\",\"publisher\":{\"@id\":\"https:\\\/\\\/www.webdo.tn\\\/fr\\\/#organization\"},\"potentialAction\":[{\"@type\":\"SearchAction\",\"target\":{\"@type\":\"EntryPoint\",\"urlTemplate\":\"https:\\\/\\\/www.webdo.tn\\\/fr\\\/?s={search_term_string}\"},\"query-input\":{\"@type\":\"PropertyValueSpecification\",\"valueRequired\":true,\"valueName\":\"search_term_string\"}}],\"inLanguage\":\"fr-FR\"},{\"@type\":\"Organization\",\"@id\":\"https:\\\/\\\/www.webdo.tn\\\/fr\\\/#organization\",\"name\":\"Webdo\",\"alternateName\":\"Webdo.tn\",\"url\":\"https:\\\/\\\/www.webdo.tn\\\/fr\\\/\",\"logo\":{\"@type\":\"ImageObject\",\"inLanguage\":\"fr-FR\",\"@id\":\"https:\\\/\\\/www.webdo.tn\\\/fr\\\/#\\\/schema\\\/logo\\\/image\\\/\",\"url\":\"https:\\\/\\\/www.webdo.tn\\\/fr\\\/wp-content\\\/uploads\\\/2025\\\/06\\\/Webdo-Tunisie_168377.jpg\",\"contentUrl\":\"https:\\\/\\\/www.webdo.tn\\\/fr\\\/wp-content\\\/uploads\\\/2025\\\/06\\\/Webdo-Tunisie_168377.jpg\",\"width\":301,\"height\":301,\"caption\":\"Webdo\"},\"image\":{\"@id\":\"https:\\\/\\\/www.webdo.tn\\\/fr\\\/#\\\/schema\\\/logo\\\/image\\\/\"},\"sameAs\":[\"https:\\\/\\\/www.facebook.com\\\/webdotn\",\"https:\\\/\\\/x.com\\\/webdo_tn\"],\"description\":\"Webdo est un m\u00e9dia num\u00e9rique tunisien fond\u00e9 en 2010, sp\u00e9cialis\u00e9 dans l\u2019actualit\u00e9 nationale et internationale, l\u2019\u00e9conomie, la soci\u00e9t\u00e9 et les analyses politiques. Le site s\u2019adresse \u00e0 un large public francophone et couvre l\u2019information tunisienne en temps r\u00e9el.\",\"email\":\"redac@webdo.tn\",\"legalName\":\"YNJ SARL\",\"foundingDate\":\"2010-09-06\",\"numberOfEmployees\":{\"@type\":\"QuantitativeValue\",\"minValue\":\"11\",\"maxValue\":\"50\"}},{\"@type\":\"Person\",\"@id\":\"https:\\\/\\\/www.webdo.tn\\\/fr\\\/#\\\/schema\\\/person\\\/2c4929cbf5a809e3bd38617c6ce150f6\",\"name\":\"MC\",\"image\":{\"@type\":\"ImageObject\",\"inLanguage\":\"fr-FR\",\"@id\":\"https:\\\/\\\/secure.gravatar.com\\\/avatar\\\/a545bbb6f84efdd5553dbbc2895e3ca8f1d12c5215e00a041c9670b54aa9b18a?s=96&d=mm&r=g\",\"url\":\"https:\\\/\\\/secure.gravatar.com\\\/avatar\\\/a545bbb6f84efdd5553dbbc2895e3ca8f1d12c5215e00a041c9670b54aa9b18a?s=96&d=mm&r=g\",\"contentUrl\":\"https:\\\/\\\/secure.gravatar.com\\\/avatar\\\/a545bbb6f84efdd5553dbbc2895e3ca8f1d12c5215e00a041c9670b54aa9b18a?s=96&d=mm&r=g\",\"caption\":\"MC\"},\"url\":\"https:\\\/\\\/www.webdo.tn\\\/fr\\\/actualite\\\/author\\\/mc\\\/\"}]}<\/script>\n<!-- \/ Yoast SEO Premium plugin. -->","yoast_head_json":{"title":"Tunisie : Forte hausse des mouvements sociaux avec 1132 protestations au 1er trimestre 2025","description":"La Tunisie a enregistr\u00e9 1 132 mouvements de protestation au premier trimestre 2025, soit plus du double par rapport \u00e0 2024. Les revendications concernent princi...","canonical":"https:\/\/www.webdo.tn\/fr\/actualite\/national\/tunisie-forte-hausse-des-mouvements-sociaux-avec-1132-protestations-au-1er-trimestre-2025\/221209\/","og_locale":"fr_FR","og_type":"article","og_title":"Tunisie : Forte hausse des mouvements sociaux avec 1132 protestations au 1er trimestre 2025","og_description":"La Tunisie a enregistr\u00e9 1 132 mouvements de protestation au premier trimestre 2025, soit plus du double par rapport \u00e0 2024. Les revendications concernent princi...","og_url":"https:\/\/www.webdo.tn\/fr\/actualite\/national\/tunisie-forte-hausse-des-mouvements-sociaux-avec-1132-protestations-au-1er-trimestre-2025\/221209\/","og_site_name":"webdo","article_publisher":"https:\/\/www.facebook.com\/webdotn","article_published_time":"2025-04-14T12:25:00+00:00","article_modified_time":"2025-05-20T21:41:15+00:00","og_image":[{"width":710,"height":379,"url":"https:\/\/www.webdo.tn\/fr\/wp-content\/uploads\/2025\/05\/c54f51c28ec52cbe33e95aed75a7e30d-3.webp","type":"image\/webp"}],"author":"MC","twitter_card":"summary_large_image","twitter_creator":"@webdo_tn","twitter_site":"@webdo_tn","twitter_misc":{"\u00c9crit par":"MC","Dur\u00e9e de lecture estim\u00e9e":"1 minute"},"schema":{"@context":"https:\/\/schema.org","@graph":[{"@type":"NewsArticle","@id":"https:\/\/www.webdo.tn\/fr\/actualite\/national\/tunisie-forte-hausse-des-mouvements-sociaux-avec-1132-protestations-au-1er-trimestre-2025\/221209\/#article","isPartOf":{"@id":"https:\/\/www.webdo.tn\/fr\/actualite\/national\/tunisie-forte-hausse-des-mouvements-sociaux-avec-1132-protestations-au-1er-trimestre-2025\/221209\/"},"author":{"name":"MC","@id":"https:\/\/www.webdo.tn\/fr\/#\/schema\/person\/2c4929cbf5a809e3bd38617c6ce150f6"},"headline":"Tunisie : Forte hausse des mouvements sociaux avec 1132 protestations au 1er trimestre 2025","datePublished":"2025-04-14T12:25:00+00:00","dateModified":"2025-05-20T21:41:15+00:00","mainEntityOfPage":{"@id":"https:\/\/www.webdo.tn\/fr\/actualite\/national\/tunisie-forte-hausse-des-mouvements-sociaux-avec-1132-protestations-au-1er-trimestre-2025\/221209\/"},"wordCount":257,"commentCount":0,"publisher":{"@id":"https:\/\/www.webdo.tn\/fr\/#organization"},"image":{"@id":"https:\/\/www.webdo.tn\/fr\/actualite\/national\/tunisie-forte-hausse-des-mouvements-sociaux-avec-1132-protestations-au-1er-trimestre-2025\/221209\/#primaryimage"},"thumbnailUrl":"https:\/\/www.webdo.tn\/fr\/wp-content\/uploads\/2025\/05\/c54f51c28ec52cbe33e95aed75a7e30d-3.webp","keywords":["ftdes","Observatoire social tunisien","protestation","sit-in","Tunisie"],"articleSection":["National"],"inLanguage":"fr-FR"},{"@type":"WebPage","@id":"https:\/\/www.webdo.tn\/fr\/actualite\/national\/tunisie-forte-hausse-des-mouvements-sociaux-avec-1132-protestations-au-1er-trimestre-2025\/221209\/","url":"https:\/\/www.webdo.tn\/fr\/actualite\/national\/tunisie-forte-hausse-des-mouvements-sociaux-avec-1132-protestations-au-1er-trimestre-2025\/221209\/","name":"Tunisie : Forte hausse des mouvements sociaux avec 1132 protestations au 1er trimestre 2025","isPartOf":{"@id":"https:\/\/www.webdo.tn\/fr\/#website"},"primaryImageOfPage":{"@id":"https:\/\/www.webdo.tn\/fr\/actualite\/national\/tunisie-forte-hausse-des-mouvements-sociaux-avec-1132-protestations-au-1er-trimestre-2025\/221209\/#primaryimage"},"image":{"@id":"https:\/\/www.webdo.tn\/fr\/actualite\/national\/tunisie-forte-hausse-des-mouvements-sociaux-avec-1132-protestations-au-1er-trimestre-2025\/221209\/#primaryimage"},"thumbnailUrl":"https:\/\/www.webdo.tn\/fr\/wp-content\/uploads\/2025\/05\/c54f51c28ec52cbe33e95aed75a7e30d-3.webp","datePublished":"2025-04-14T12:25:00+00:00","dateModified":"2025-05-20T21:41:15+00:00","description":"La Tunisie a enregistr\u00e9 1 132 mouvements de protestation au premier trimestre 2025, soit plus du double par rapport \u00e0 2024. Les revendications concernent princi...","breadcrumb":{"@id":"https:\/\/www.webdo.tn\/fr\/actualite\/national\/tunisie-forte-hausse-des-mouvements-sociaux-avec-1132-protestations-au-1er-trimestre-2025\/221209\/#breadcrumb"},"inLanguage":"fr-FR","potentialAction":[{"@type":"ReadAction","target":["https:\/\/www.webdo.tn\/fr\/actualite\/national\/tunisie-forte-hausse-des-mouvements-sociaux-avec-1132-protestations-au-1er-trimestre-2025\/221209\/"]}]},{"@type":"ImageObject","inLanguage":"fr-FR","@id":"https:\/\/www.webdo.tn\/fr\/actualite\/national\/tunisie-forte-hausse-des-mouvements-sociaux-avec-1132-protestations-au-1er-trimestre-2025\/221209\/#primaryimage","url":"https:\/\/www.webdo.tn\/fr\/wp-content\/uploads\/2025\/05\/c54f51c28ec52cbe33e95aed75a7e30d-3.webp","contentUrl":"https:\/\/www.webdo.tn\/fr\/wp-content\/uploads\/2025\/05\/c54f51c28ec52cbe33e95aed75a7e30d-3.webp","width":710,"height":379},{"@type":"BreadcrumbList","@id":"https:\/\/www.webdo.tn\/fr\/actualite\/national\/tunisie-forte-hausse-des-mouvements-sociaux-avec-1132-protestations-au-1er-trimestre-2025\/221209\/#breadcrumb","itemListElement":[{"@type":"ListItem","position":1,"name":"Accueil","item":"https:\/\/www.webdo.tn\/fr\/"},{"@type":"ListItem","position":2,"name":"Tunisie : Forte hausse des mouvements sociaux avec 1132 protestations au 1er trimestre 2025"}]},{"@type":"WebSite","@id":"https:\/\/www.webdo.tn\/fr\/#website","url":"https:\/\/www.webdo.tn\/fr\/","name":"webdo","description":"Tunisie - News en Tunisie et \u00e0 l&#039;international sur Webdo.tn","publisher":{"@id":"https:\/\/www.webdo.tn\/fr\/#organization"},"potentialAction":[{"@type":"SearchAction","target":{"@type":"EntryPoint","urlTemplate":"https:\/\/www.webdo.tn\/fr\/?s={search_term_string}"},"query-input":{"@type":"PropertyValueSpecification","valueRequired":true,"valueName":"search_term_string"}}],"inLanguage":"fr-FR"},{"@type":"Organization","@id":"https:\/\/www.webdo.tn\/fr\/#organization","name":"Webdo","alternateName":"Webdo.tn","url":"https:\/\/www.webdo.tn\/fr\/","logo":{"@type":"ImageObject","inLanguage":"fr-FR","@id":"https:\/\/www.webdo.tn\/fr\/#\/schema\/logo\/image\/","url":"https:\/\/www.webdo.tn\/fr\/wp-content\/uploads\/2025\/06\/Webdo-Tunisie_168377.jpg","contentUrl":"https:\/\/www.webdo.tn\/fr\/wp-content\/uploads\/2025\/06\/Webdo-Tunisie_168377.jpg","width":301,"height":301,"caption":"Webdo"},"image":{"@id":"https:\/\/www.webdo.tn\/fr\/#\/schema\/logo\/image\/"},"sameAs":["https:\/\/www.facebook.com\/webdotn","https:\/\/x.com\/webdo_tn"],"description":"Webdo est un m\u00e9dia num\u00e9rique tunisien fond\u00e9 en 2010, sp\u00e9cialis\u00e9 dans l\u2019actualit\u00e9 nationale et internationale, l\u2019\u00e9conomie, la soci\u00e9t\u00e9 et les analyses politiques. Le site s\u2019adresse \u00e0 un large public francophone et couvre l\u2019information tunisienne en temps r\u00e9el.","email":"redac@webdo.tn","legalName":"YNJ SARL","foundingDate":"2010-09-06","numberOfEmployees":{"@type":"QuantitativeValue","minValue":"11","maxValue":"50"}},{"@type":"Person","@id":"https:\/\/www.webdo.tn\/fr\/#\/schema\/person\/2c4929cbf5a809e3bd38617c6ce150f6","name":"MC","image":{"@type":"ImageObject","inLanguage":"fr-FR","@id":"https:\/\/secure.gravatar.com\/avatar\/a545bbb6f84efdd5553dbbc2895e3ca8f1d12c5215e00a041c9670b54aa9b18a?s=96&d=mm&r=g","url":"https:\/\/secure.gravatar.com\/avatar\/a545bbb6f84efdd5553dbbc2895e3ca8f1d12c5215e00a041c9670b54aa9b18a?s=96&d=mm&r=g","contentUrl":"https:\/\/secure.gravatar.com\/avatar\/a545bbb6f84efdd5553dbbc2895e3ca8f1d12c5215e00a041c9670b54aa9b18a?s=96&d=mm&r=g","caption":"MC"},"url":"https:\/\/www.webdo.tn\/fr\/actualite\/author\/mc\/"}]}},"_links":{"self":[{"href":"https:\/\/www.webdo.tn\/fr\/wp-json\/wp\/v2\/posts\/221209","targetHints":{"allow":["GET"]}}],"collection":[{"href":"https:\/\/www.webdo.tn\/fr\/wp-json\/wp\/v2\/posts"}],"about":[{"href":"https:\/\/www.webdo.tn\/fr\/wp-json\/wp\/v2\/types\/post"}],"author":[{"embeddable":true,"href":"https:\/\/www.webdo.tn\/fr\/wp-json\/wp\/v2\/users\/3162"}],"replies":[{"embeddable":true,"href":"https:\/\/www.webdo.tn\/fr\/wp-json\/wp\/v2\/comments?post=221209"}],"version-history":[{"count":0,"href":"https:\/\/www.webdo.tn\/fr\/wp-json\/wp\/v2\/posts\/221209\/revisions"}],"wp:featuredmedia":[{"embeddable":true,"href":"https:\/\/www.webdo.tn\/fr\/wp-json\/wp\/v2\/media\/241170"}],"wp:attachment":[{"href":"https:\/\/www.webdo.tn\/fr\/wp-json\/wp\/v2\/media?parent=221209"}],"wp:term":[{"taxonomy":"category","embeddable":true,"href":"https:\/\/www.webdo.tn\/fr\/wp-json\/wp\/v2\/categories?post=221209"},{"taxonomy":"post_tag","embeddable":true,"href":"https:\/\/www.webdo.tn\/fr\/wp-json\/wp\/v2\/tags?post=221209"}],"curies":[{"name":"wp","href":"https:\/\/api.w.org\/{rel}","templated":true}]}}