{"id":221206,"date":"2025-04-14T11:22:00","date_gmt":"2025-04-14T11:22:00","guid":{"rendered":"https:\/\/www.webdo.tn\/fr\/blog\/2025\/04\/14\/tunisie-semaine-marquee-par-deux-liberations-d-etrangers\/"},"modified":"2025-05-17T20:06:44","modified_gmt":"2025-05-17T20:06:44","slug":"tunisie-semaine-marquee-par-deux-liberations-d-etrangers","status":"publish","type":"post","link":"https:\/\/www.webdo.tn\/fr\/actualite\/national\/tunisie-semaine-marquee-par-deux-liberations-d-etrangers\/221206\/","title":{"rendered":"Tunisie : Semaine marqu\u00e9e par deux lib\u00e9rations d\u2019\u00e9trangers"},"content":{"rendered":"<p>En l&rsquo;espace de quelques jours, la Tunisie a proc\u00e9d\u00e9 \u00e0 la lib\u00e9ration de ressortissants \u00e9trangers dans deux affaires sensibles aux possibles r\u00e9sonances diplomatiques.<\/p>\n<p>\t\t\t\t\t\t\t\t\tLe vendredi 11 avril 2025, le juge d&rsquo;instruction du p\u00f4le antiterroriste a ordonn\u00e9 la remise en libert\u00e9 de onze citoyens russes arr\u00eat\u00e9s en novembre dernier dans une zone militaire interdite \u00e0 Ha\u00efdra (Kasserine). Leur pr\u00e9sence dans ce p\u00e9rim\u00e8tre s\u00e9curis\u00e9 avait imm\u00e9diatement \u00e9veill\u00e9 des soup\u00e7ons d&rsquo;activit\u00e9s terroristes ou d&rsquo;espionnage.<\/p>\n<p>Apr\u00e8s plusieurs mois d&rsquo;investigations approfondies, incluant expertises techniques et recoupements d&rsquo;informations, les autorit\u00e9s judiciaires ont conclu \u00e0 l&rsquo;absence d&rsquo;\u00e9l\u00e9ments probants contre les d\u00e9tenus. Aucune pr\u00e9cision n&rsquo;a \u00e9t\u00e9 communiqu\u00e9e sur les circonstances exactes de leur pr\u00e9sence dans cette zone sensible.<\/p>\n<p>Deux jours plus tard, dimanche 13 avril, Reuters annon\u00e7ait la lib\u00e9ration de Robert Viera, citoyen am\u00e9ricain d\u00e9tenu depuis treize mois pour suspicion d&rsquo;espionnage alors qu&rsquo;il participait \u00e0 une mission \u00e9vang\u00e9lique. Adam Boehler, envoy\u00e9 sp\u00e9cial am\u00e9ricain pour les questions d&rsquo;otages, a salu\u00e9 \u00ab\u00a0la d\u00e9cision des autorit\u00e9s tunisiennes de clore ce dossier\u00a0\u00bb apr\u00e8s cette longue d\u00e9tention sans jugement.<\/p>\n<p>La proximit\u00e9 temporelle de ces deux d\u00e9cisions de justice suscite des interrogations sur d&rsquo;\u00e9ventuelles tractations diplomatiques. Si aucun lien officiel n&rsquo;a \u00e9t\u00e9 \u00e9tabli entre ces affaires, leur concomitance attire l&rsquo;attention des observateurs des relations tuniso-occidentales.<\/p>\n","protected":false},"excerpt":{"rendered":"<p>La Tunisie a marqu\u00e9 cette semaine par la lib\u00e9ration de deux d\u00e9tenus \u00e9trangers : un groupe de Russes accus\u00e9s de terrorisme et un citoyen am\u00e9ricain soup\u00e7onn\u00e9 d\u2019es&#8230;<\/p>\n","protected":false},"author":3203,"featured_media":241168,"comment_status":"open","ping_status":"open","sticky":false,"template":"","format":"standard","meta":{"footnotes":""},"categories":[44],"tags":[3227,3226,3225,2608],"class_list":["post-221206","post","type-post","status-publish","format-standard","has-post-thumbnail","hentry","category-national","tag-espionnage-tunisie","tag-robert-viera","tag-russes-liberes-tunisie","tag-tunisie"],"yoast_head":"<!-- This site is optimized with the Yoast SEO Premium plugin v27.5 (Yoast SEO v27.5) - https:\/\/yoast.com\/product\/yoast-seo-premium-wordpress\/ -->\n<title>Tunisie : Semaine marqu\u00e9e par deux lib\u00e9rations d\u2019\u00e9trangers<\/title>\n<meta name=\"description\" content=\"La Tunisie a marqu\u00e9 cette semaine par la lib\u00e9ration de deux d\u00e9tenus \u00e9trangers : un groupe de Russes accus\u00e9s de terrorisme et un citoyen am\u00e9ricain soup\u00e7onn\u00e9 d\u2019es...\" \/>\n<link rel=\"canonical\" href=\"https:\/\/www.webdo.tn\/fr\/actualite\/national\/tunisie-semaine-marquee-par-deux-liberations-d-etrangers\/221206\/\" \/>\n<meta property=\"og:locale\" content=\"fr_FR\" \/>\n<meta property=\"og:type\" content=\"article\" \/>\n<meta property=\"og:title\" content=\"Tunisie : Semaine marqu\u00e9e par deux lib\u00e9rations d\u2019\u00e9trangers\" \/>\n<meta property=\"og:description\" content=\"La Tunisie a marqu\u00e9 cette semaine par la lib\u00e9ration de deux d\u00e9tenus \u00e9trangers : un groupe de Russes accus\u00e9s de terrorisme et un citoyen am\u00e9ricain soup\u00e7onn\u00e9 d\u2019es...\" \/>\n<meta property=\"og:url\" content=\"https:\/\/www.webdo.tn\/fr\/actualite\/national\/tunisie-semaine-marquee-par-deux-liberations-d-etrangers\/221206\/\" \/>\n<meta property=\"og:site_name\" content=\"webdo\" \/>\n<meta property=\"article:publisher\" content=\"https:\/\/www.facebook.com\/webdotn\" \/>\n<meta property=\"article:published_time\" content=\"2025-04-14T11:22:00+00:00\" \/>\n<meta property=\"article:modified_time\" content=\"2025-05-17T20:06:44+00:00\" \/>\n<meta property=\"og:image\" content=\"https:\/\/www.webdo.tn\/fr\/wp-content\/uploads\/2025\/05\/ef58e1ed15fc22eec0e60c7dc218a5dd-3.webp\" \/>\n\t<meta property=\"og:image:width\" content=\"750\" \/>\n\t<meta property=\"og:image:height\" content=\"400\" \/>\n\t<meta property=\"og:image:type\" content=\"image\/webp\" \/>\n<meta name=\"author\" content=\"Ramzi Haddad\" \/>\n<meta name=\"twitter:card\" content=\"summary_large_image\" \/>\n<meta name=\"twitter:creator\" content=\"@webdo_tn\" \/>\n<meta name=\"twitter:site\" content=\"@webdo_tn\" \/>\n<meta name=\"twitter:label1\" content=\"\u00c9crit par\" \/>\n\t<meta name=\"twitter:data1\" content=\"Ramzi Haddad\" \/>\n\t<meta name=\"twitter:label2\" content=\"Dur\u00e9e de lecture estim\u00e9e\" \/>\n\t<meta name=\"twitter:data2\" content=\"1 minute\" \/>\n<script type=\"application\/ld+json\" class=\"yoast-schema-graph\">{\"@context\":\"https:\\\/\\\/schema.org\",\"@graph\":[{\"@type\":\"NewsArticle\",\"@id\":\"https:\\\/\\\/www.webdo.tn\\\/fr\\\/actualite\\\/national\\\/tunisie-semaine-marquee-par-deux-liberations-d-etrangers\\\/221206\\\/#article\",\"isPartOf\":{\"@id\":\"https:\\\/\\\/www.webdo.tn\\\/fr\\\/actualite\\\/national\\\/tunisie-semaine-marquee-par-deux-liberations-d-etrangers\\\/221206\\\/\"},\"author\":{\"name\":\"Ramzi Haddad\",\"@id\":\"https:\\\/\\\/www.webdo.tn\\\/fr\\\/#\\\/schema\\\/person\\\/5663044c25eb36d8f88ba5b653f12f8c\"},\"headline\":\"Tunisie : Semaine marqu\u00e9e par deux lib\u00e9rations d\u2019\u00e9trangers\",\"datePublished\":\"2025-04-14T11:22:00+00:00\",\"dateModified\":\"2025-05-17T20:06:44+00:00\",\"mainEntityOfPage\":{\"@id\":\"https:\\\/\\\/www.webdo.tn\\\/fr\\\/actualite\\\/national\\\/tunisie-semaine-marquee-par-deux-liberations-d-etrangers\\\/221206\\\/\"},\"wordCount\":252,\"commentCount\":0,\"publisher\":{\"@id\":\"https:\\\/\\\/www.webdo.tn\\\/fr\\\/#organization\"},\"image\":{\"@id\":\"https:\\\/\\\/www.webdo.tn\\\/fr\\\/actualite\\\/national\\\/tunisie-semaine-marquee-par-deux-liberations-d-etrangers\\\/221206\\\/#primaryimage\"},\"thumbnailUrl\":\"https:\\\/\\\/www.webdo.tn\\\/fr\\\/wp-content\\\/uploads\\\/2025\\\/05\\\/ef58e1ed15fc22eec0e60c7dc218a5dd-3.webp\",\"keywords\":[\"Espionnage Tunisie\",\"Robert Viera\",\"Russes lib\u00e9r\u00e9s Tunisie\",\"Tunisie\"],\"articleSection\":[\"National\"],\"inLanguage\":\"fr-FR\"},{\"@type\":\"WebPage\",\"@id\":\"https:\\\/\\\/www.webdo.tn\\\/fr\\\/actualite\\\/national\\\/tunisie-semaine-marquee-par-deux-liberations-d-etrangers\\\/221206\\\/\",\"url\":\"https:\\\/\\\/www.webdo.tn\\\/fr\\\/actualite\\\/national\\\/tunisie-semaine-marquee-par-deux-liberations-d-etrangers\\\/221206\\\/\",\"name\":\"Tunisie : Semaine marqu\u00e9e par deux lib\u00e9rations d\u2019\u00e9trangers\",\"isPartOf\":{\"@id\":\"https:\\\/\\\/www.webdo.tn\\\/fr\\\/#website\"},\"primaryImageOfPage\":{\"@id\":\"https:\\\/\\\/www.webdo.tn\\\/fr\\\/actualite\\\/national\\\/tunisie-semaine-marquee-par-deux-liberations-d-etrangers\\\/221206\\\/#primaryimage\"},\"image\":{\"@id\":\"https:\\\/\\\/www.webdo.tn\\\/fr\\\/actualite\\\/national\\\/tunisie-semaine-marquee-par-deux-liberations-d-etrangers\\\/221206\\\/#primaryimage\"},\"thumbnailUrl\":\"https:\\\/\\\/www.webdo.tn\\\/fr\\\/wp-content\\\/uploads\\\/2025\\\/05\\\/ef58e1ed15fc22eec0e60c7dc218a5dd-3.webp\",\"datePublished\":\"2025-04-14T11:22:00+00:00\",\"dateModified\":\"2025-05-17T20:06:44+00:00\",\"description\":\"La Tunisie a marqu\u00e9 cette semaine par la lib\u00e9ration de deux d\u00e9tenus \u00e9trangers : un groupe de Russes accus\u00e9s de terrorisme et un citoyen am\u00e9ricain soup\u00e7onn\u00e9 d\u2019es...\",\"breadcrumb\":{\"@id\":\"https:\\\/\\\/www.webdo.tn\\\/fr\\\/actualite\\\/national\\\/tunisie-semaine-marquee-par-deux-liberations-d-etrangers\\\/221206\\\/#breadcrumb\"},\"inLanguage\":\"fr-FR\",\"potentialAction\":[{\"@type\":\"ReadAction\",\"target\":[\"https:\\\/\\\/www.webdo.tn\\\/fr\\\/actualite\\\/national\\\/tunisie-semaine-marquee-par-deux-liberations-d-etrangers\\\/221206\\\/\"]}]},{\"@type\":\"ImageObject\",\"inLanguage\":\"fr-FR\",\"@id\":\"https:\\\/\\\/www.webdo.tn\\\/fr\\\/actualite\\\/national\\\/tunisie-semaine-marquee-par-deux-liberations-d-etrangers\\\/221206\\\/#primaryimage\",\"url\":\"https:\\\/\\\/www.webdo.tn\\\/fr\\\/wp-content\\\/uploads\\\/2025\\\/05\\\/ef58e1ed15fc22eec0e60c7dc218a5dd-3.webp\",\"contentUrl\":\"https:\\\/\\\/www.webdo.tn\\\/fr\\\/wp-content\\\/uploads\\\/2025\\\/05\\\/ef58e1ed15fc22eec0e60c7dc218a5dd-3.webp\",\"width\":750,\"height\":400},{\"@type\":\"BreadcrumbList\",\"@id\":\"https:\\\/\\\/www.webdo.tn\\\/fr\\\/actualite\\\/national\\\/tunisie-semaine-marquee-par-deux-liberations-d-etrangers\\\/221206\\\/#breadcrumb\",\"itemListElement\":[{\"@type\":\"ListItem\",\"position\":1,\"name\":\"Accueil\",\"item\":\"https:\\\/\\\/www.webdo.tn\\\/fr\\\/\"},{\"@type\":\"ListItem\",\"position\":2,\"name\":\"Tunisie : Semaine marqu\u00e9e par deux lib\u00e9rations d\u2019\u00e9trangers\"}]},{\"@type\":\"WebSite\",\"@id\":\"https:\\\/\\\/www.webdo.tn\\\/fr\\\/#website\",\"url\":\"https:\\\/\\\/www.webdo.tn\\\/fr\\\/\",\"name\":\"webdo\",\"description\":\"Tunisie - News en Tunisie et \u00e0 l&#039;international sur Webdo.tn\",\"publisher\":{\"@id\":\"https:\\\/\\\/www.webdo.tn\\\/fr\\\/#organization\"},\"potentialAction\":[{\"@type\":\"SearchAction\",\"target\":{\"@type\":\"EntryPoint\",\"urlTemplate\":\"https:\\\/\\\/www.webdo.tn\\\/fr\\\/?s={search_term_string}\"},\"query-input\":{\"@type\":\"PropertyValueSpecification\",\"valueRequired\":true,\"valueName\":\"search_term_string\"}}],\"inLanguage\":\"fr-FR\"},{\"@type\":\"Organization\",\"@id\":\"https:\\\/\\\/www.webdo.tn\\\/fr\\\/#organization\",\"name\":\"Webdo\",\"alternateName\":\"Webdo.tn\",\"url\":\"https:\\\/\\\/www.webdo.tn\\\/fr\\\/\",\"logo\":{\"@type\":\"ImageObject\",\"inLanguage\":\"fr-FR\",\"@id\":\"https:\\\/\\\/www.webdo.tn\\\/fr\\\/#\\\/schema\\\/logo\\\/image\\\/\",\"url\":\"https:\\\/\\\/www.webdo.tn\\\/fr\\\/wp-content\\\/uploads\\\/2025\\\/06\\\/Webdo-Tunisie_168377.jpg\",\"contentUrl\":\"https:\\\/\\\/www.webdo.tn\\\/fr\\\/wp-content\\\/uploads\\\/2025\\\/06\\\/Webdo-Tunisie_168377.jpg\",\"width\":301,\"height\":301,\"caption\":\"Webdo\"},\"image\":{\"@id\":\"https:\\\/\\\/www.webdo.tn\\\/fr\\\/#\\\/schema\\\/logo\\\/image\\\/\"},\"sameAs\":[\"https:\\\/\\\/www.facebook.com\\\/webdotn\",\"https:\\\/\\\/x.com\\\/webdo_tn\"],\"description\":\"Webdo est un m\u00e9dia num\u00e9rique tunisien fond\u00e9 en 2010, sp\u00e9cialis\u00e9 dans l\u2019actualit\u00e9 nationale et internationale, l\u2019\u00e9conomie, la soci\u00e9t\u00e9 et les analyses politiques. Le site s\u2019adresse \u00e0 un large public francophone et couvre l\u2019information tunisienne en temps r\u00e9el.\",\"email\":\"redac@webdo.tn\",\"legalName\":\"YNJ SARL\",\"foundingDate\":\"2010-09-06\",\"numberOfEmployees\":{\"@type\":\"QuantitativeValue\",\"minValue\":\"11\",\"maxValue\":\"50\"}},{\"@type\":\"Person\",\"@id\":\"https:\\\/\\\/www.webdo.tn\\\/fr\\\/#\\\/schema\\\/person\\\/5663044c25eb36d8f88ba5b653f12f8c\",\"name\":\"Ramzi Haddad\",\"image\":{\"@type\":\"ImageObject\",\"inLanguage\":\"fr-FR\",\"@id\":\"https:\\\/\\\/www.webdo.tn\\\/fr\\\/wp-content\\\/uploads\\\/2026\\\/04\\\/ramzi-haddad_avatar-96x96.jpg\",\"url\":\"https:\\\/\\\/www.webdo.tn\\\/fr\\\/wp-content\\\/uploads\\\/2026\\\/04\\\/ramzi-haddad_avatar-96x96.jpg\",\"contentUrl\":\"https:\\\/\\\/www.webdo.tn\\\/fr\\\/wp-content\\\/uploads\\\/2026\\\/04\\\/ramzi-haddad_avatar-96x96.jpg\",\"caption\":\"Ramzi Haddad\"},\"description\":\"Signature \u00e9ditoriale de Walid Ben Youssef Ramzi Haddad est le pseudonyme \u00e9ditorial de Walid Ben Youssef, fondateur et g\u00e9rant de Webdo.tn. Cette signature est d\u00e9di\u00e9e \u00e0 la couverture de l'actualit\u00e9 nationale et internationale, ainsi qu'aux analyses des dynamiques num\u00e9riques. Ce profil b\u00e9n\u00e9ficie de l'expertise de Walid Ben Youssef, pionnier du web en Tunisie depuis 2000 et dipl\u00f4m\u00e9 en Math\u00e9matiques pures de l'Universit\u00e9 d'Oregon. \u00c0 travers cette signature, la r\u00e9daction de Webdo garantit une information structur\u00e9e et v\u00e9rifi\u00e9e, fid\u00e8le aux standards journalistiques du m\u00e9dia.\",\"url\":\"https:\\\/\\\/www.webdo.tn\\\/fr\\\/actualite\\\/author\\\/ramzi-haddad\\\/\"}]}<\/script>\n<!-- \/ Yoast SEO Premium plugin. -->","yoast_head_json":{"title":"Tunisie : Semaine marqu\u00e9e par deux lib\u00e9rations d\u2019\u00e9trangers","description":"La Tunisie a marqu\u00e9 cette semaine par la lib\u00e9ration de deux d\u00e9tenus \u00e9trangers : un groupe de Russes accus\u00e9s de terrorisme et un citoyen am\u00e9ricain soup\u00e7onn\u00e9 d\u2019es...","canonical":"https:\/\/www.webdo.tn\/fr\/actualite\/national\/tunisie-semaine-marquee-par-deux-liberations-d-etrangers\/221206\/","og_locale":"fr_FR","og_type":"article","og_title":"Tunisie : Semaine marqu\u00e9e par deux lib\u00e9rations d\u2019\u00e9trangers","og_description":"La Tunisie a marqu\u00e9 cette semaine par la lib\u00e9ration de deux d\u00e9tenus \u00e9trangers : un groupe de Russes accus\u00e9s de terrorisme et un citoyen am\u00e9ricain soup\u00e7onn\u00e9 d\u2019es...","og_url":"https:\/\/www.webdo.tn\/fr\/actualite\/national\/tunisie-semaine-marquee-par-deux-liberations-d-etrangers\/221206\/","og_site_name":"webdo","article_publisher":"https:\/\/www.facebook.com\/webdotn","article_published_time":"2025-04-14T11:22:00+00:00","article_modified_time":"2025-05-17T20:06:44+00:00","og_image":[{"width":750,"height":400,"url":"https:\/\/www.webdo.tn\/fr\/wp-content\/uploads\/2025\/05\/ef58e1ed15fc22eec0e60c7dc218a5dd-3.webp","type":"image\/webp"}],"author":"Ramzi Haddad","twitter_card":"summary_large_image","twitter_creator":"@webdo_tn","twitter_site":"@webdo_tn","twitter_misc":{"\u00c9crit par":"Ramzi Haddad","Dur\u00e9e de lecture estim\u00e9e":"1 minute"},"schema":{"@context":"https:\/\/schema.org","@graph":[{"@type":"NewsArticle","@id":"https:\/\/www.webdo.tn\/fr\/actualite\/national\/tunisie-semaine-marquee-par-deux-liberations-d-etrangers\/221206\/#article","isPartOf":{"@id":"https:\/\/www.webdo.tn\/fr\/actualite\/national\/tunisie-semaine-marquee-par-deux-liberations-d-etrangers\/221206\/"},"author":{"name":"Ramzi Haddad","@id":"https:\/\/www.webdo.tn\/fr\/#\/schema\/person\/5663044c25eb36d8f88ba5b653f12f8c"},"headline":"Tunisie : Semaine marqu\u00e9e par deux lib\u00e9rations d\u2019\u00e9trangers","datePublished":"2025-04-14T11:22:00+00:00","dateModified":"2025-05-17T20:06:44+00:00","mainEntityOfPage":{"@id":"https:\/\/www.webdo.tn\/fr\/actualite\/national\/tunisie-semaine-marquee-par-deux-liberations-d-etrangers\/221206\/"},"wordCount":252,"commentCount":0,"publisher":{"@id":"https:\/\/www.webdo.tn\/fr\/#organization"},"image":{"@id":"https:\/\/www.webdo.tn\/fr\/actualite\/national\/tunisie-semaine-marquee-par-deux-liberations-d-etrangers\/221206\/#primaryimage"},"thumbnailUrl":"https:\/\/www.webdo.tn\/fr\/wp-content\/uploads\/2025\/05\/ef58e1ed15fc22eec0e60c7dc218a5dd-3.webp","keywords":["Espionnage Tunisie","Robert Viera","Russes lib\u00e9r\u00e9s Tunisie","Tunisie"],"articleSection":["National"],"inLanguage":"fr-FR"},{"@type":"WebPage","@id":"https:\/\/www.webdo.tn\/fr\/actualite\/national\/tunisie-semaine-marquee-par-deux-liberations-d-etrangers\/221206\/","url":"https:\/\/www.webdo.tn\/fr\/actualite\/national\/tunisie-semaine-marquee-par-deux-liberations-d-etrangers\/221206\/","name":"Tunisie : Semaine marqu\u00e9e par deux lib\u00e9rations d\u2019\u00e9trangers","isPartOf":{"@id":"https:\/\/www.webdo.tn\/fr\/#website"},"primaryImageOfPage":{"@id":"https:\/\/www.webdo.tn\/fr\/actualite\/national\/tunisie-semaine-marquee-par-deux-liberations-d-etrangers\/221206\/#primaryimage"},"image":{"@id":"https:\/\/www.webdo.tn\/fr\/actualite\/national\/tunisie-semaine-marquee-par-deux-liberations-d-etrangers\/221206\/#primaryimage"},"thumbnailUrl":"https:\/\/www.webdo.tn\/fr\/wp-content\/uploads\/2025\/05\/ef58e1ed15fc22eec0e60c7dc218a5dd-3.webp","datePublished":"2025-04-14T11:22:00+00:00","dateModified":"2025-05-17T20:06:44+00:00","description":"La Tunisie a marqu\u00e9 cette semaine par la lib\u00e9ration de deux d\u00e9tenus \u00e9trangers : un groupe de Russes accus\u00e9s de terrorisme et un citoyen am\u00e9ricain soup\u00e7onn\u00e9 d\u2019es...","breadcrumb":{"@id":"https:\/\/www.webdo.tn\/fr\/actualite\/national\/tunisie-semaine-marquee-par-deux-liberations-d-etrangers\/221206\/#breadcrumb"},"inLanguage":"fr-FR","potentialAction":[{"@type":"ReadAction","target":["https:\/\/www.webdo.tn\/fr\/actualite\/national\/tunisie-semaine-marquee-par-deux-liberations-d-etrangers\/221206\/"]}]},{"@type":"ImageObject","inLanguage":"fr-FR","@id":"https:\/\/www.webdo.tn\/fr\/actualite\/national\/tunisie-semaine-marquee-par-deux-liberations-d-etrangers\/221206\/#primaryimage","url":"https:\/\/www.webdo.tn\/fr\/wp-content\/uploads\/2025\/05\/ef58e1ed15fc22eec0e60c7dc218a5dd-3.webp","contentUrl":"https:\/\/www.webdo.tn\/fr\/wp-content\/uploads\/2025\/05\/ef58e1ed15fc22eec0e60c7dc218a5dd-3.webp","width":750,"height":400},{"@type":"BreadcrumbList","@id":"https:\/\/www.webdo.tn\/fr\/actualite\/national\/tunisie-semaine-marquee-par-deux-liberations-d-etrangers\/221206\/#breadcrumb","itemListElement":[{"@type":"ListItem","position":1,"name":"Accueil","item":"https:\/\/www.webdo.tn\/fr\/"},{"@type":"ListItem","position":2,"name":"Tunisie : Semaine marqu\u00e9e par deux lib\u00e9rations d\u2019\u00e9trangers"}]},{"@type":"WebSite","@id":"https:\/\/www.webdo.tn\/fr\/#website","url":"https:\/\/www.webdo.tn\/fr\/","name":"webdo","description":"Tunisie - News en Tunisie et \u00e0 l&#039;international sur Webdo.tn","publisher":{"@id":"https:\/\/www.webdo.tn\/fr\/#organization"},"potentialAction":[{"@type":"SearchAction","target":{"@type":"EntryPoint","urlTemplate":"https:\/\/www.webdo.tn\/fr\/?s={search_term_string}"},"query-input":{"@type":"PropertyValueSpecification","valueRequired":true,"valueName":"search_term_string"}}],"inLanguage":"fr-FR"},{"@type":"Organization","@id":"https:\/\/www.webdo.tn\/fr\/#organization","name":"Webdo","alternateName":"Webdo.tn","url":"https:\/\/www.webdo.tn\/fr\/","logo":{"@type":"ImageObject","inLanguage":"fr-FR","@id":"https:\/\/www.webdo.tn\/fr\/#\/schema\/logo\/image\/","url":"https:\/\/www.webdo.tn\/fr\/wp-content\/uploads\/2025\/06\/Webdo-Tunisie_168377.jpg","contentUrl":"https:\/\/www.webdo.tn\/fr\/wp-content\/uploads\/2025\/06\/Webdo-Tunisie_168377.jpg","width":301,"height":301,"caption":"Webdo"},"image":{"@id":"https:\/\/www.webdo.tn\/fr\/#\/schema\/logo\/image\/"},"sameAs":["https:\/\/www.facebook.com\/webdotn","https:\/\/x.com\/webdo_tn"],"description":"Webdo est un m\u00e9dia num\u00e9rique tunisien fond\u00e9 en 2010, sp\u00e9cialis\u00e9 dans l\u2019actualit\u00e9 nationale et internationale, l\u2019\u00e9conomie, la soci\u00e9t\u00e9 et les analyses politiques. Le site s\u2019adresse \u00e0 un large public francophone et couvre l\u2019information tunisienne en temps r\u00e9el.","email":"redac@webdo.tn","legalName":"YNJ SARL","foundingDate":"2010-09-06","numberOfEmployees":{"@type":"QuantitativeValue","minValue":"11","maxValue":"50"}},{"@type":"Person","@id":"https:\/\/www.webdo.tn\/fr\/#\/schema\/person\/5663044c25eb36d8f88ba5b653f12f8c","name":"Ramzi Haddad","image":{"@type":"ImageObject","inLanguage":"fr-FR","@id":"https:\/\/www.webdo.tn\/fr\/wp-content\/uploads\/2026\/04\/ramzi-haddad_avatar-96x96.jpg","url":"https:\/\/www.webdo.tn\/fr\/wp-content\/uploads\/2026\/04\/ramzi-haddad_avatar-96x96.jpg","contentUrl":"https:\/\/www.webdo.tn\/fr\/wp-content\/uploads\/2026\/04\/ramzi-haddad_avatar-96x96.jpg","caption":"Ramzi Haddad"},"description":"Signature \u00e9ditoriale de Walid Ben Youssef Ramzi Haddad est le pseudonyme \u00e9ditorial de Walid Ben Youssef, fondateur et g\u00e9rant de Webdo.tn. Cette signature est d\u00e9di\u00e9e \u00e0 la couverture de l'actualit\u00e9 nationale et internationale, ainsi qu'aux analyses des dynamiques num\u00e9riques. Ce profil b\u00e9n\u00e9ficie de l'expertise de Walid Ben Youssef, pionnier du web en Tunisie depuis 2000 et dipl\u00f4m\u00e9 en Math\u00e9matiques pures de l'Universit\u00e9 d'Oregon. \u00c0 travers cette signature, la r\u00e9daction de Webdo garantit une information structur\u00e9e et v\u00e9rifi\u00e9e, fid\u00e8le aux standards journalistiques du m\u00e9dia.","url":"https:\/\/www.webdo.tn\/fr\/actualite\/author\/ramzi-haddad\/"}]}},"_links":{"self":[{"href":"https:\/\/www.webdo.tn\/fr\/wp-json\/wp\/v2\/posts\/221206","targetHints":{"allow":["GET"]}}],"collection":[{"href":"https:\/\/www.webdo.tn\/fr\/wp-json\/wp\/v2\/posts"}],"about":[{"href":"https:\/\/www.webdo.tn\/fr\/wp-json\/wp\/v2\/types\/post"}],"author":[{"embeddable":true,"href":"https:\/\/www.webdo.tn\/fr\/wp-json\/wp\/v2\/users\/3203"}],"replies":[{"embeddable":true,"href":"https:\/\/www.webdo.tn\/fr\/wp-json\/wp\/v2\/comments?post=221206"}],"version-history":[{"count":0,"href":"https:\/\/www.webdo.tn\/fr\/wp-json\/wp\/v2\/posts\/221206\/revisions"}],"wp:featuredmedia":[{"embeddable":true,"href":"https:\/\/www.webdo.tn\/fr\/wp-json\/wp\/v2\/media\/241168"}],"wp:attachment":[{"href":"https:\/\/www.webdo.tn\/fr\/wp-json\/wp\/v2\/media?parent=221206"}],"wp:term":[{"taxonomy":"category","embeddable":true,"href":"https:\/\/www.webdo.tn\/fr\/wp-json\/wp\/v2\/categories?post=221206"},{"taxonomy":"post_tag","embeddable":true,"href":"https:\/\/www.webdo.tn\/fr\/wp-json\/wp\/v2\/tags?post=221206"}],"curies":[{"name":"wp","href":"https:\/\/api.w.org\/{rel}","templated":true}]}}