{"id":221198,"date":"2025-04-14T08:59:00","date_gmt":"2025-04-14T08:59:00","guid":{"rendered":"https:\/\/www.webdo.tn\/fr\/blog\/vacances-en-tunisie-a-prix-mini-7-nuits-tout-compris-des-409-par-personne\/221198\/"},"modified":"2025-05-20T22:17:32","modified_gmt":"2025-05-20T22:17:32","slug":"vacances-en-tunisie-a-prix-mini-7-nuits-tout-compris-des-409-par-personne","status":"publish","type":"post","link":"https:\/\/www.webdo.tn\/fr\/actualite\/national\/vacances-en-tunisie-a-prix-mini-7-nuits-tout-compris-des-409-par-personne\/221198\/","title":{"rendered":"Vacances en Tunisie \u00e0 prix mini : 7 nuits tout compris d\u00e8s 409 \u20ac par personne"},"content":{"rendered":"<p>En France, les offres de voyages \u00e0 prix cass\u00e9s fleurissent sur le web. Parmi elles, une promotion propos\u00e9e par Cdiscount Voyages retient particuli\u00e8rement l\u2019attention : un s\u00e9jour tout compris d\u2019une semaine en Tunisie, \u00e0 partir de 409 euros par personne, vols et h\u00e9bergement inclus.<\/p>\n<p>\t\t\t\t\t\t\t\t\tUne formule qui s\u00e9duit de nombreux vacanciers en qu\u00eate de soleil et de d\u00e9paysement, sans d\u00e9passer leur budget. La destination choisie n\u2019est pas anodine : Hammamet, station baln\u00e9aire pris\u00e9e, offre un cadre id\u00e9al pour se ressourcer.<\/p>\n<p>L\u2019offre mise en avant inclut un h\u00e9bergement \u00e0 l\u2019h\u00f4tel Lella Baya &amp; Thalasso, \u00e9tablissement 4 \u00e9toiles situ\u00e9 en bord de mer. L\u2019h\u00f4tel propose de nombreuses prestations : piscine ext\u00e9rieure, acc\u00e8s direct \u00e0 la plage, centre de bien-\u00eatre avec thalassoth\u00e9rapie, plusieurs restaurants et bars, ainsi qu\u2019un programme d\u2019activit\u00e9s douces.<\/p>\n<p>La formule all inclusive comprend les vols aller-retour depuis la France, les transferts a\u00e9roport\/h\u00f4tel, 7 nuits dans une chambre confortable, tous les repas et boissons inclus dans le forfait. Un pack tout-en-un qui permet aux voyageurs de ma\u00eetriser leur budget, tout en profitant d\u2019un cadre agr\u00e9able et d\u2019un service complet.<\/p>\n<p>La Tunisie continue de figurer parmi les destinations pr\u00e9f\u00e9r\u00e9es des touristes fran\u00e7ais, en particulier au printemps et en \u00e9t\u00e9. Gr\u00e2ce \u00e0 un climat doux et ensoleill\u00e9, une proximit\u00e9 g\u00e9ographique avantageuse et un excellent rapport qualit\u00e9-prix, elle attire chaque ann\u00e9e plusieurs centaines de milliers de visiteurs.<\/p>\n<p>Propos\u00e9e \u00e0 partir de 409 euros par personne, cette offre conna\u00eet d\u00e9j\u00e0 un vif succ\u00e8s sur la plateforme Cdiscount Voyages. Les r\u00e9servations s\u2019encha\u00eenent rapidement, port\u00e9es par la demande croissante pour des s\u00e9jours accessibles et tout compris, sans mauvaises surprises \u00e0 l\u2019arriv\u00e9e.<\/p>\n","protected":false},"excerpt":{"rendered":"<p>Profitez d\u2019un s\u00e9jour all inclusive d\u2019une semaine en Tunisie d\u00e8s 409 \u20ac avec Cdiscount Voyages. Vols, h\u00f4tel 4 \u00e9toiles en bord de mer, repas et transferts inclus&#8230;.<\/p>\n","protected":false},"author":3162,"featured_media":292207,"comment_status":"open","ping_status":"closed","sticky":false,"template":"","format":"standard","meta":{"footnotes":""},"categories":[44],"tags":[11177,2998,3607,2608,5860],"class_list":["post-221198","post","type-post","status-publish","format-standard","has-post-thumbnail","hentry","category-national","tag-sejour-all-inclusive","tag-france","tag-hammamet","tag-tunisie","tag-vacances"],"yoast_head":"<!-- This site is optimized with the Yoast SEO Premium plugin v27.4 (Yoast SEO v27.5) - https:\/\/yoast.com\/product\/yoast-seo-premium-wordpress\/ -->\n<title>Vacances en Tunisie \u00e0 prix mini : 7 nuits tout compris d\u00e8s 409 \u20ac par personne<\/title>\n<meta name=\"description\" content=\"Profitez d\u2019un s\u00e9jour all inclusive d\u2019une semaine en Tunisie d\u00e8s 409 \u20ac avec Cdiscount Voyages. Vols, h\u00f4tel 4 \u00e9toiles en bord de mer, repas et transferts inclus....\" \/>\n<link rel=\"canonical\" href=\"https:\/\/www.webdo.tn\/fr\/actualite\/national\/vacances-en-tunisie-a-prix-mini-7-nuits-tout-compris-des-409-par-personne\/221198\/\" \/>\n<meta property=\"og:locale\" content=\"fr_FR\" \/>\n<meta property=\"og:type\" content=\"article\" \/>\n<meta property=\"og:title\" content=\"Vacances en Tunisie \u00e0 prix mini : 7 nuits tout compris d\u00e8s 409 \u20ac par personne\" \/>\n<meta property=\"og:description\" content=\"Profitez d\u2019un s\u00e9jour all inclusive d\u2019une semaine en Tunisie d\u00e8s 409 \u20ac avec Cdiscount Voyages. Vols, h\u00f4tel 4 \u00e9toiles en bord de mer, repas et transferts inclus....\" \/>\n<meta property=\"og:url\" content=\"https:\/\/www.webdo.tn\/fr\/actualite\/national\/vacances-en-tunisie-a-prix-mini-7-nuits-tout-compris-des-409-par-personne\/221198\/\" \/>\n<meta property=\"og:site_name\" content=\"webdo\" \/>\n<meta property=\"article:publisher\" content=\"https:\/\/www.facebook.com\/webdotn\" \/>\n<meta property=\"article:published_time\" content=\"2025-04-14T08:59:00+00:00\" \/>\n<meta property=\"article:modified_time\" content=\"2025-05-20T22:17:32+00:00\" \/>\n<meta property=\"og:image\" content=\"https:\/\/www.webdo.tn\/fr\/wp-content\/uploads\/2025\/04\/e399415cc32d676559d261e1eb198297.webp\" \/>\n\t<meta property=\"og:image:width\" content=\"750\" \/>\n\t<meta property=\"og:image:height\" content=\"400\" \/>\n\t<meta property=\"og:image:type\" content=\"image\/webp\" \/>\n<meta name=\"author\" content=\"MC\" \/>\n<meta name=\"twitter:card\" content=\"summary_large_image\" \/>\n<meta name=\"twitter:creator\" content=\"@webdo_tn\" \/>\n<meta name=\"twitter:site\" content=\"@webdo_tn\" \/>\n<meta name=\"twitter:label1\" content=\"\u00c9crit par\" \/>\n\t<meta name=\"twitter:data1\" content=\"MC\" \/>\n\t<meta name=\"twitter:label2\" content=\"Dur\u00e9e de lecture estim\u00e9e\" \/>\n\t<meta name=\"twitter:data2\" content=\"2 minutes\" \/>\n<script type=\"application\/ld+json\" class=\"yoast-schema-graph\">{\"@context\":\"https:\\\/\\\/schema.org\",\"@graph\":[{\"@type\":\"NewsArticle\",\"@id\":\"https:\\\/\\\/www.webdo.tn\\\/fr\\\/actualite\\\/national\\\/vacances-en-tunisie-a-prix-mini-7-nuits-tout-compris-des-409-par-personne\\\/221198\\\/#article\",\"isPartOf\":{\"@id\":\"https:\\\/\\\/www.webdo.tn\\\/fr\\\/actualite\\\/national\\\/vacances-en-tunisie-a-prix-mini-7-nuits-tout-compris-des-409-par-personne\\\/221198\\\/\"},\"author\":{\"name\":\"MC\",\"@id\":\"https:\\\/\\\/www.webdo.tn\\\/fr\\\/#\\\/schema\\\/person\\\/2c4929cbf5a809e3bd38617c6ce150f6\"},\"headline\":\"Vacances en Tunisie \u00e0 prix mini : 7 nuits tout compris d\u00e8s 409 \u20ac par personne\",\"datePublished\":\"2025-04-14T08:59:00+00:00\",\"dateModified\":\"2025-05-20T22:17:32+00:00\",\"mainEntityOfPage\":{\"@id\":\"https:\\\/\\\/www.webdo.tn\\\/fr\\\/actualite\\\/national\\\/vacances-en-tunisie-a-prix-mini-7-nuits-tout-compris-des-409-par-personne\\\/221198\\\/\"},\"wordCount\":316,\"commentCount\":0,\"publisher\":{\"@id\":\"https:\\\/\\\/www.webdo.tn\\\/fr\\\/#organization\"},\"image\":{\"@id\":\"https:\\\/\\\/www.webdo.tn\\\/fr\\\/actualite\\\/national\\\/vacances-en-tunisie-a-prix-mini-7-nuits-tout-compris-des-409-par-personne\\\/221198\\\/#primaryimage\"},\"thumbnailUrl\":\"https:\\\/\\\/www.webdo.tn\\\/fr\\\/wp-content\\\/uploads\\\/2025\\\/04\\\/e399415cc32d676559d261e1eb198297.webp\",\"keywords\":[\"'s\u00e9jour all inclusive']\",\"france\",\"hammamet\",\"Tunisie\",\"vacances\"],\"articleSection\":[\"National\"],\"inLanguage\":\"fr-FR\"},{\"@type\":\"WebPage\",\"@id\":\"https:\\\/\\\/www.webdo.tn\\\/fr\\\/actualite\\\/national\\\/vacances-en-tunisie-a-prix-mini-7-nuits-tout-compris-des-409-par-personne\\\/221198\\\/\",\"url\":\"https:\\\/\\\/www.webdo.tn\\\/fr\\\/actualite\\\/national\\\/vacances-en-tunisie-a-prix-mini-7-nuits-tout-compris-des-409-par-personne\\\/221198\\\/\",\"name\":\"Vacances en Tunisie \u00e0 prix mini : 7 nuits tout compris d\u00e8s 409 \u20ac par personne\",\"isPartOf\":{\"@id\":\"https:\\\/\\\/www.webdo.tn\\\/fr\\\/#website\"},\"primaryImageOfPage\":{\"@id\":\"https:\\\/\\\/www.webdo.tn\\\/fr\\\/actualite\\\/national\\\/vacances-en-tunisie-a-prix-mini-7-nuits-tout-compris-des-409-par-personne\\\/221198\\\/#primaryimage\"},\"image\":{\"@id\":\"https:\\\/\\\/www.webdo.tn\\\/fr\\\/actualite\\\/national\\\/vacances-en-tunisie-a-prix-mini-7-nuits-tout-compris-des-409-par-personne\\\/221198\\\/#primaryimage\"},\"thumbnailUrl\":\"https:\\\/\\\/www.webdo.tn\\\/fr\\\/wp-content\\\/uploads\\\/2025\\\/04\\\/e399415cc32d676559d261e1eb198297.webp\",\"datePublished\":\"2025-04-14T08:59:00+00:00\",\"dateModified\":\"2025-05-20T22:17:32+00:00\",\"description\":\"Profitez d\u2019un s\u00e9jour all inclusive d\u2019une semaine en Tunisie d\u00e8s 409 \u20ac avec Cdiscount Voyages. Vols, h\u00f4tel 4 \u00e9toiles en bord de mer, repas et transferts inclus....\",\"breadcrumb\":{\"@id\":\"https:\\\/\\\/www.webdo.tn\\\/fr\\\/actualite\\\/national\\\/vacances-en-tunisie-a-prix-mini-7-nuits-tout-compris-des-409-par-personne\\\/221198\\\/#breadcrumb\"},\"inLanguage\":\"fr-FR\",\"potentialAction\":[{\"@type\":\"ReadAction\",\"target\":[\"https:\\\/\\\/www.webdo.tn\\\/fr\\\/actualite\\\/national\\\/vacances-en-tunisie-a-prix-mini-7-nuits-tout-compris-des-409-par-personne\\\/221198\\\/\"]}]},{\"@type\":\"ImageObject\",\"inLanguage\":\"fr-FR\",\"@id\":\"https:\\\/\\\/www.webdo.tn\\\/fr\\\/actualite\\\/national\\\/vacances-en-tunisie-a-prix-mini-7-nuits-tout-compris-des-409-par-personne\\\/221198\\\/#primaryimage\",\"url\":\"https:\\\/\\\/www.webdo.tn\\\/fr\\\/wp-content\\\/uploads\\\/2025\\\/04\\\/e399415cc32d676559d261e1eb198297.webp\",\"contentUrl\":\"https:\\\/\\\/www.webdo.tn\\\/fr\\\/wp-content\\\/uploads\\\/2025\\\/04\\\/e399415cc32d676559d261e1eb198297.webp\",\"width\":750,\"height\":400,\"caption\":\"Vacances en Tunisie \u00e0 prix mini : 7 nuits tout compris d\u00e8s 409 \u20ac par personne\"},{\"@type\":\"BreadcrumbList\",\"@id\":\"https:\\\/\\\/www.webdo.tn\\\/fr\\\/actualite\\\/national\\\/vacances-en-tunisie-a-prix-mini-7-nuits-tout-compris-des-409-par-personne\\\/221198\\\/#breadcrumb\",\"itemListElement\":[{\"@type\":\"ListItem\",\"position\":1,\"name\":\"Accueil\",\"item\":\"https:\\\/\\\/www.webdo.tn\\\/fr\\\/\"},{\"@type\":\"ListItem\",\"position\":2,\"name\":\"Vacances en Tunisie \u00e0 prix mini : 7 nuits tout compris d\u00e8s 409 \u20ac par personne\"}]},{\"@type\":\"WebSite\",\"@id\":\"https:\\\/\\\/www.webdo.tn\\\/fr\\\/#website\",\"url\":\"https:\\\/\\\/www.webdo.tn\\\/fr\\\/\",\"name\":\"webdo\",\"description\":\"Tunisie - News en Tunisie et \u00e0 l&#039;international sur Webdo.tn\",\"publisher\":{\"@id\":\"https:\\\/\\\/www.webdo.tn\\\/fr\\\/#organization\"},\"potentialAction\":[{\"@type\":\"SearchAction\",\"target\":{\"@type\":\"EntryPoint\",\"urlTemplate\":\"https:\\\/\\\/www.webdo.tn\\\/fr\\\/?s={search_term_string}\"},\"query-input\":{\"@type\":\"PropertyValueSpecification\",\"valueRequired\":true,\"valueName\":\"search_term_string\"}}],\"inLanguage\":\"fr-FR\"},{\"@type\":\"Organization\",\"@id\":\"https:\\\/\\\/www.webdo.tn\\\/fr\\\/#organization\",\"name\":\"Webdo\",\"alternateName\":\"Webdo.tn\",\"url\":\"https:\\\/\\\/www.webdo.tn\\\/fr\\\/\",\"logo\":{\"@type\":\"ImageObject\",\"inLanguage\":\"fr-FR\",\"@id\":\"https:\\\/\\\/www.webdo.tn\\\/fr\\\/#\\\/schema\\\/logo\\\/image\\\/\",\"url\":\"https:\\\/\\\/www.webdo.tn\\\/fr\\\/wp-content\\\/uploads\\\/2025\\\/06\\\/Webdo-Tunisie_168377.jpg\",\"contentUrl\":\"https:\\\/\\\/www.webdo.tn\\\/fr\\\/wp-content\\\/uploads\\\/2025\\\/06\\\/Webdo-Tunisie_168377.jpg\",\"width\":301,\"height\":301,\"caption\":\"Webdo\"},\"image\":{\"@id\":\"https:\\\/\\\/www.webdo.tn\\\/fr\\\/#\\\/schema\\\/logo\\\/image\\\/\"},\"sameAs\":[\"https:\\\/\\\/www.facebook.com\\\/webdotn\",\"https:\\\/\\\/x.com\\\/webdo_tn\"],\"description\":\"Webdo est un m\u00e9dia num\u00e9rique tunisien fond\u00e9 en 2010, sp\u00e9cialis\u00e9 dans l\u2019actualit\u00e9 nationale et internationale, l\u2019\u00e9conomie, la soci\u00e9t\u00e9 et les analyses politiques. Le site s\u2019adresse \u00e0 un large public francophone et couvre l\u2019information tunisienne en temps r\u00e9el.\",\"email\":\"redac@webdo.tn\",\"legalName\":\"YNJ SARL\",\"foundingDate\":\"2010-09-06\",\"numberOfEmployees\":{\"@type\":\"QuantitativeValue\",\"minValue\":\"11\",\"maxValue\":\"50\"}},{\"@type\":\"Person\",\"@id\":\"https:\\\/\\\/www.webdo.tn\\\/fr\\\/#\\\/schema\\\/person\\\/2c4929cbf5a809e3bd38617c6ce150f6\",\"name\":\"MC\",\"image\":{\"@type\":\"ImageObject\",\"inLanguage\":\"fr-FR\",\"@id\":\"https:\\\/\\\/secure.gravatar.com\\\/avatar\\\/a545bbb6f84efdd5553dbbc2895e3ca8f1d12c5215e00a041c9670b54aa9b18a?s=96&d=mm&r=g\",\"url\":\"https:\\\/\\\/secure.gravatar.com\\\/avatar\\\/a545bbb6f84efdd5553dbbc2895e3ca8f1d12c5215e00a041c9670b54aa9b18a?s=96&d=mm&r=g\",\"contentUrl\":\"https:\\\/\\\/secure.gravatar.com\\\/avatar\\\/a545bbb6f84efdd5553dbbc2895e3ca8f1d12c5215e00a041c9670b54aa9b18a?s=96&d=mm&r=g\",\"caption\":\"MC\"},\"url\":\"https:\\\/\\\/www.webdo.tn\\\/fr\\\/actualite\\\/author\\\/mc\\\/\"}]}<\/script>\n<!-- \/ Yoast SEO Premium plugin. -->","yoast_head_json":{"title":"Vacances en Tunisie \u00e0 prix mini : 7 nuits tout compris d\u00e8s 409 \u20ac par personne","description":"Profitez d\u2019un s\u00e9jour all inclusive d\u2019une semaine en Tunisie d\u00e8s 409 \u20ac avec Cdiscount Voyages. Vols, h\u00f4tel 4 \u00e9toiles en bord de mer, repas et transferts inclus....","canonical":"https:\/\/www.webdo.tn\/fr\/actualite\/national\/vacances-en-tunisie-a-prix-mini-7-nuits-tout-compris-des-409-par-personne\/221198\/","og_locale":"fr_FR","og_type":"article","og_title":"Vacances en Tunisie \u00e0 prix mini : 7 nuits tout compris d\u00e8s 409 \u20ac par personne","og_description":"Profitez d\u2019un s\u00e9jour all inclusive d\u2019une semaine en Tunisie d\u00e8s 409 \u20ac avec Cdiscount Voyages. Vols, h\u00f4tel 4 \u00e9toiles en bord de mer, repas et transferts inclus....","og_url":"https:\/\/www.webdo.tn\/fr\/actualite\/national\/vacances-en-tunisie-a-prix-mini-7-nuits-tout-compris-des-409-par-personne\/221198\/","og_site_name":"webdo","article_publisher":"https:\/\/www.facebook.com\/webdotn","article_published_time":"2025-04-14T08:59:00+00:00","article_modified_time":"2025-05-20T22:17:32+00:00","og_image":[{"width":750,"height":400,"url":"https:\/\/www.webdo.tn\/fr\/wp-content\/uploads\/2025\/04\/e399415cc32d676559d261e1eb198297.webp","type":"image\/webp"}],"author":"MC","twitter_card":"summary_large_image","twitter_creator":"@webdo_tn","twitter_site":"@webdo_tn","twitter_misc":{"\u00c9crit par":"MC","Dur\u00e9e de lecture estim\u00e9e":"2 minutes"},"schema":{"@context":"https:\/\/schema.org","@graph":[{"@type":"NewsArticle","@id":"https:\/\/www.webdo.tn\/fr\/actualite\/national\/vacances-en-tunisie-a-prix-mini-7-nuits-tout-compris-des-409-par-personne\/221198\/#article","isPartOf":{"@id":"https:\/\/www.webdo.tn\/fr\/actualite\/national\/vacances-en-tunisie-a-prix-mini-7-nuits-tout-compris-des-409-par-personne\/221198\/"},"author":{"name":"MC","@id":"https:\/\/www.webdo.tn\/fr\/#\/schema\/person\/2c4929cbf5a809e3bd38617c6ce150f6"},"headline":"Vacances en Tunisie \u00e0 prix mini : 7 nuits tout compris d\u00e8s 409 \u20ac par personne","datePublished":"2025-04-14T08:59:00+00:00","dateModified":"2025-05-20T22:17:32+00:00","mainEntityOfPage":{"@id":"https:\/\/www.webdo.tn\/fr\/actualite\/national\/vacances-en-tunisie-a-prix-mini-7-nuits-tout-compris-des-409-par-personne\/221198\/"},"wordCount":316,"commentCount":0,"publisher":{"@id":"https:\/\/www.webdo.tn\/fr\/#organization"},"image":{"@id":"https:\/\/www.webdo.tn\/fr\/actualite\/national\/vacances-en-tunisie-a-prix-mini-7-nuits-tout-compris-des-409-par-personne\/221198\/#primaryimage"},"thumbnailUrl":"https:\/\/www.webdo.tn\/fr\/wp-content\/uploads\/2025\/04\/e399415cc32d676559d261e1eb198297.webp","keywords":["'s\u00e9jour all inclusive']","france","hammamet","Tunisie","vacances"],"articleSection":["National"],"inLanguage":"fr-FR"},{"@type":"WebPage","@id":"https:\/\/www.webdo.tn\/fr\/actualite\/national\/vacances-en-tunisie-a-prix-mini-7-nuits-tout-compris-des-409-par-personne\/221198\/","url":"https:\/\/www.webdo.tn\/fr\/actualite\/national\/vacances-en-tunisie-a-prix-mini-7-nuits-tout-compris-des-409-par-personne\/221198\/","name":"Vacances en Tunisie \u00e0 prix mini : 7 nuits tout compris d\u00e8s 409 \u20ac par personne","isPartOf":{"@id":"https:\/\/www.webdo.tn\/fr\/#website"},"primaryImageOfPage":{"@id":"https:\/\/www.webdo.tn\/fr\/actualite\/national\/vacances-en-tunisie-a-prix-mini-7-nuits-tout-compris-des-409-par-personne\/221198\/#primaryimage"},"image":{"@id":"https:\/\/www.webdo.tn\/fr\/actualite\/national\/vacances-en-tunisie-a-prix-mini-7-nuits-tout-compris-des-409-par-personne\/221198\/#primaryimage"},"thumbnailUrl":"https:\/\/www.webdo.tn\/fr\/wp-content\/uploads\/2025\/04\/e399415cc32d676559d261e1eb198297.webp","datePublished":"2025-04-14T08:59:00+00:00","dateModified":"2025-05-20T22:17:32+00:00","description":"Profitez d\u2019un s\u00e9jour all inclusive d\u2019une semaine en Tunisie d\u00e8s 409 \u20ac avec Cdiscount Voyages. Vols, h\u00f4tel 4 \u00e9toiles en bord de mer, repas et transferts inclus....","breadcrumb":{"@id":"https:\/\/www.webdo.tn\/fr\/actualite\/national\/vacances-en-tunisie-a-prix-mini-7-nuits-tout-compris-des-409-par-personne\/221198\/#breadcrumb"},"inLanguage":"fr-FR","potentialAction":[{"@type":"ReadAction","target":["https:\/\/www.webdo.tn\/fr\/actualite\/national\/vacances-en-tunisie-a-prix-mini-7-nuits-tout-compris-des-409-par-personne\/221198\/"]}]},{"@type":"ImageObject","inLanguage":"fr-FR","@id":"https:\/\/www.webdo.tn\/fr\/actualite\/national\/vacances-en-tunisie-a-prix-mini-7-nuits-tout-compris-des-409-par-personne\/221198\/#primaryimage","url":"https:\/\/www.webdo.tn\/fr\/wp-content\/uploads\/2025\/04\/e399415cc32d676559d261e1eb198297.webp","contentUrl":"https:\/\/www.webdo.tn\/fr\/wp-content\/uploads\/2025\/04\/e399415cc32d676559d261e1eb198297.webp","width":750,"height":400,"caption":"Vacances en Tunisie \u00e0 prix mini : 7 nuits tout compris d\u00e8s 409 \u20ac par personne"},{"@type":"BreadcrumbList","@id":"https:\/\/www.webdo.tn\/fr\/actualite\/national\/vacances-en-tunisie-a-prix-mini-7-nuits-tout-compris-des-409-par-personne\/221198\/#breadcrumb","itemListElement":[{"@type":"ListItem","position":1,"name":"Accueil","item":"https:\/\/www.webdo.tn\/fr\/"},{"@type":"ListItem","position":2,"name":"Vacances en Tunisie \u00e0 prix mini : 7 nuits tout compris d\u00e8s 409 \u20ac par personne"}]},{"@type":"WebSite","@id":"https:\/\/www.webdo.tn\/fr\/#website","url":"https:\/\/www.webdo.tn\/fr\/","name":"webdo","description":"Tunisie - News en Tunisie et \u00e0 l&#039;international sur Webdo.tn","publisher":{"@id":"https:\/\/www.webdo.tn\/fr\/#organization"},"potentialAction":[{"@type":"SearchAction","target":{"@type":"EntryPoint","urlTemplate":"https:\/\/www.webdo.tn\/fr\/?s={search_term_string}"},"query-input":{"@type":"PropertyValueSpecification","valueRequired":true,"valueName":"search_term_string"}}],"inLanguage":"fr-FR"},{"@type":"Organization","@id":"https:\/\/www.webdo.tn\/fr\/#organization","name":"Webdo","alternateName":"Webdo.tn","url":"https:\/\/www.webdo.tn\/fr\/","logo":{"@type":"ImageObject","inLanguage":"fr-FR","@id":"https:\/\/www.webdo.tn\/fr\/#\/schema\/logo\/image\/","url":"https:\/\/www.webdo.tn\/fr\/wp-content\/uploads\/2025\/06\/Webdo-Tunisie_168377.jpg","contentUrl":"https:\/\/www.webdo.tn\/fr\/wp-content\/uploads\/2025\/06\/Webdo-Tunisie_168377.jpg","width":301,"height":301,"caption":"Webdo"},"image":{"@id":"https:\/\/www.webdo.tn\/fr\/#\/schema\/logo\/image\/"},"sameAs":["https:\/\/www.facebook.com\/webdotn","https:\/\/x.com\/webdo_tn"],"description":"Webdo est un m\u00e9dia num\u00e9rique tunisien fond\u00e9 en 2010, sp\u00e9cialis\u00e9 dans l\u2019actualit\u00e9 nationale et internationale, l\u2019\u00e9conomie, la soci\u00e9t\u00e9 et les analyses politiques. Le site s\u2019adresse \u00e0 un large public francophone et couvre l\u2019information tunisienne en temps r\u00e9el.","email":"redac@webdo.tn","legalName":"YNJ SARL","foundingDate":"2010-09-06","numberOfEmployees":{"@type":"QuantitativeValue","minValue":"11","maxValue":"50"}},{"@type":"Person","@id":"https:\/\/www.webdo.tn\/fr\/#\/schema\/person\/2c4929cbf5a809e3bd38617c6ce150f6","name":"MC","image":{"@type":"ImageObject","inLanguage":"fr-FR","@id":"https:\/\/secure.gravatar.com\/avatar\/a545bbb6f84efdd5553dbbc2895e3ca8f1d12c5215e00a041c9670b54aa9b18a?s=96&d=mm&r=g","url":"https:\/\/secure.gravatar.com\/avatar\/a545bbb6f84efdd5553dbbc2895e3ca8f1d12c5215e00a041c9670b54aa9b18a?s=96&d=mm&r=g","contentUrl":"https:\/\/secure.gravatar.com\/avatar\/a545bbb6f84efdd5553dbbc2895e3ca8f1d12c5215e00a041c9670b54aa9b18a?s=96&d=mm&r=g","caption":"MC"},"url":"https:\/\/www.webdo.tn\/fr\/actualite\/author\/mc\/"}]}},"_links":{"self":[{"href":"https:\/\/www.webdo.tn\/fr\/wp-json\/wp\/v2\/posts\/221198","targetHints":{"allow":["GET"]}}],"collection":[{"href":"https:\/\/www.webdo.tn\/fr\/wp-json\/wp\/v2\/posts"}],"about":[{"href":"https:\/\/www.webdo.tn\/fr\/wp-json\/wp\/v2\/types\/post"}],"author":[{"embeddable":true,"href":"https:\/\/www.webdo.tn\/fr\/wp-json\/wp\/v2\/users\/3162"}],"replies":[{"embeddable":true,"href":"https:\/\/www.webdo.tn\/fr\/wp-json\/wp\/v2\/comments?post=221198"}],"version-history":[{"count":0,"href":"https:\/\/www.webdo.tn\/fr\/wp-json\/wp\/v2\/posts\/221198\/revisions"}],"wp:featuredmedia":[{"embeddable":true,"href":"https:\/\/www.webdo.tn\/fr\/wp-json\/wp\/v2\/media\/292207"}],"wp:attachment":[{"href":"https:\/\/www.webdo.tn\/fr\/wp-json\/wp\/v2\/media?parent=221198"}],"wp:term":[{"taxonomy":"category","embeddable":true,"href":"https:\/\/www.webdo.tn\/fr\/wp-json\/wp\/v2\/categories?post=221198"},{"taxonomy":"post_tag","embeddable":true,"href":"https:\/\/www.webdo.tn\/fr\/wp-json\/wp\/v2\/tags?post=221198"}],"curies":[{"name":"wp","href":"https:\/\/api.w.org\/{rel}","templated":true}]}}