{"id":221194,"date":"2025-04-13T14:08:00","date_gmt":"2025-04-13T14:08:00","guid":{"rendered":"https:\/\/www.webdo.tn\/fr\/blog\/2025\/04\/13\/tunisie-crime-dans-un-complexe-commercial-un-jeune-poignarde-a-mort\/"},"modified":"2025-05-21T08:54:07","modified_gmt":"2025-05-21T08:54:07","slug":"tunisie-crime-dans-un-complexe-commercial-un-jeune-poignarde-a-mort","status":"publish","type":"post","link":"https:\/\/www.webdo.tn\/fr\/actualite\/divers\/tunisie-crime-dans-un-complexe-commercial-un-jeune-poignarde-a-mort\/221194\/","title":{"rendered":"Tunisie : Crime dans un complexe commercial, un jeune poignard\u00e9 \u00e0 mort"},"content":{"rendered":"<p>Un drame s\u2019est produit dans le parking d\u2019un centre commercial de la capitale, o\u00f9 un jeune homme, originaire de Menzel Jemil dans le gouvernorat de Bizerte, a \u00e9t\u00e9 poignard\u00e9 \u00e0 mort, hier samedi. La victime \u00e9tait dans la vingtaine.<\/p>\n<p>\t\t\t\t\t\t\t\t\tSelon des t\u00e9moignages recueillis sur place par Mosaique FM, une altercation aurait \u00e9clat\u00e9 entre la victime et un groupe de jeunes \u00e0 l\u2019int\u00e9rieur du centre commercial. Ces derniers ont ensuite quitt\u00e9 les lieux, mais sont rest\u00e9s \u00e0 l\u2019aff\u00fbt dans le parking. Lorsque le jeune homme est sorti accompagn\u00e9 de membres de sa famille, ils l\u2019ont violemment agress\u00e9 \u00e0 l\u2019arme blanche, lui portant plusieurs coups fatals.<\/p>\n<p>Le parquet a ordonn\u00e9, apr\u00e8s constatation du corps, son transfert \u00e0 l\u2019institut m\u00e9dico-l\u00e9gal pour d\u00e9terminer avec pr\u00e9cision les causes du d\u00e9c\u00e8s. Une enqu\u00eate a \u00e9t\u00e9 ouverte et les recherches se poursuivent pour identifier et arr\u00eater les auteurs de ce crime.<\/p>\n","protected":false},"excerpt":{"rendered":"<p>Un jeune homme tu\u00e9 \u00e0 coups de couteau dans un parking d\u2019un centre commercial \u00e0 Tunis<\/p>\n","protected":false},"author":3163,"featured_media":241218,"comment_status":"open","ping_status":"open","sticky":false,"template":"","format":"standard","meta":{"footnotes":""},"categories":[2839],"tags":[2698,3275,2608],"class_list":["post-221194","post","type-post","status-publish","format-standard","has-post-thumbnail","hentry","category-divers","tag-crime","tag-grande-surface","tag-tunisie"],"yoast_head":"<!-- This site is optimized with the Yoast SEO Premium plugin v27.5 (Yoast SEO v27.5) - https:\/\/yoast.com\/product\/yoast-seo-premium-wordpress\/ -->\n<title>Tunisie : Crime dans un complexe commercial, un jeune poignard\u00e9 \u00e0 mort<\/title>\n<meta name=\"description\" content=\"Un jeune homme tu\u00e9 \u00e0 coups de couteau dans un parking d\u2019un centre commercial \u00e0 Tunis\" \/>\n<link rel=\"canonical\" href=\"https:\/\/www.webdo.tn\/fr\/actualite\/divers\/tunisie-crime-dans-un-complexe-commercial-un-jeune-poignarde-a-mort\/221194\/\" \/>\n<meta property=\"og:locale\" content=\"fr_FR\" \/>\n<meta property=\"og:type\" content=\"article\" \/>\n<meta property=\"og:title\" content=\"Tunisie : Crime dans un complexe commercial, un jeune poignard\u00e9 \u00e0 mort\" \/>\n<meta property=\"og:description\" content=\"Un jeune homme tu\u00e9 \u00e0 coups de couteau dans un parking d\u2019un centre commercial \u00e0 Tunis\" \/>\n<meta property=\"og:url\" content=\"https:\/\/www.webdo.tn\/fr\/actualite\/divers\/tunisie-crime-dans-un-complexe-commercial-un-jeune-poignarde-a-mort\/221194\/\" \/>\n<meta property=\"og:site_name\" content=\"webdo\" \/>\n<meta property=\"article:publisher\" content=\"https:\/\/www.facebook.com\/webdotn\" \/>\n<meta property=\"article:published_time\" content=\"2025-04-13T14:08:00+00:00\" \/>\n<meta property=\"article:modified_time\" content=\"2025-05-21T08:54:07+00:00\" \/>\n<meta property=\"og:image\" content=\"https:\/\/www.webdo.tn\/fr\/wp-content\/uploads\/2025\/05\/bd25244b8ed2a0984db849a106e6b7fa-3.webp\" \/>\n\t<meta property=\"og:image:width\" content=\"750\" \/>\n\t<meta property=\"og:image:height\" content=\"400\" \/>\n\t<meta property=\"og:image:type\" content=\"image\/webp\" \/>\n<meta name=\"author\" content=\"KJ\" \/>\n<meta name=\"twitter:card\" content=\"summary_large_image\" \/>\n<meta name=\"twitter:creator\" content=\"@webdo_tn\" \/>\n<meta name=\"twitter:site\" content=\"@webdo_tn\" \/>\n<meta name=\"twitter:label1\" content=\"\u00c9crit par\" \/>\n\t<meta name=\"twitter:data1\" content=\"KJ\" \/>\n\t<meta name=\"twitter:label2\" content=\"Dur\u00e9e de lecture estim\u00e9e\" \/>\n\t<meta name=\"twitter:data2\" content=\"1 minute\" \/>\n<script type=\"application\/ld+json\" class=\"yoast-schema-graph\">{\"@context\":\"https:\\\/\\\/schema.org\",\"@graph\":[{\"@type\":\"NewsArticle\",\"@id\":\"https:\\\/\\\/www.webdo.tn\\\/fr\\\/actualite\\\/divers\\\/tunisie-crime-dans-un-complexe-commercial-un-jeune-poignarde-a-mort\\\/221194\\\/#article\",\"isPartOf\":{\"@id\":\"https:\\\/\\\/www.webdo.tn\\\/fr\\\/actualite\\\/divers\\\/tunisie-crime-dans-un-complexe-commercial-un-jeune-poignarde-a-mort\\\/221194\\\/\"},\"author\":{\"name\":\"KJ\",\"@id\":\"https:\\\/\\\/www.webdo.tn\\\/fr\\\/#\\\/schema\\\/person\\\/82ca085b22037d285e1a3c4b65ba5f71\"},\"headline\":\"Tunisie : Crime dans un complexe commercial, un jeune poignard\u00e9 \u00e0 mort\",\"datePublished\":\"2025-04-13T14:08:00+00:00\",\"dateModified\":\"2025-05-21T08:54:07+00:00\",\"mainEntityOfPage\":{\"@id\":\"https:\\\/\\\/www.webdo.tn\\\/fr\\\/actualite\\\/divers\\\/tunisie-crime-dans-un-complexe-commercial-un-jeune-poignarde-a-mort\\\/221194\\\/\"},\"wordCount\":169,\"commentCount\":0,\"publisher\":{\"@id\":\"https:\\\/\\\/www.webdo.tn\\\/fr\\\/#organization\"},\"image\":{\"@id\":\"https:\\\/\\\/www.webdo.tn\\\/fr\\\/actualite\\\/divers\\\/tunisie-crime-dans-un-complexe-commercial-un-jeune-poignarde-a-mort\\\/221194\\\/#primaryimage\"},\"thumbnailUrl\":\"https:\\\/\\\/www.webdo.tn\\\/fr\\\/wp-content\\\/uploads\\\/2025\\\/05\\\/bd25244b8ed2a0984db849a106e6b7fa-3.webp\",\"keywords\":[\"crime\",\"Grande surface\",\"Tunisie\"],\"articleSection\":[\"Divers\"],\"inLanguage\":\"fr-FR\"},{\"@type\":\"WebPage\",\"@id\":\"https:\\\/\\\/www.webdo.tn\\\/fr\\\/actualite\\\/divers\\\/tunisie-crime-dans-un-complexe-commercial-un-jeune-poignarde-a-mort\\\/221194\\\/\",\"url\":\"https:\\\/\\\/www.webdo.tn\\\/fr\\\/actualite\\\/divers\\\/tunisie-crime-dans-un-complexe-commercial-un-jeune-poignarde-a-mort\\\/221194\\\/\",\"name\":\"Tunisie : Crime dans un complexe commercial, un jeune poignard\u00e9 \u00e0 mort\",\"isPartOf\":{\"@id\":\"https:\\\/\\\/www.webdo.tn\\\/fr\\\/#website\"},\"primaryImageOfPage\":{\"@id\":\"https:\\\/\\\/www.webdo.tn\\\/fr\\\/actualite\\\/divers\\\/tunisie-crime-dans-un-complexe-commercial-un-jeune-poignarde-a-mort\\\/221194\\\/#primaryimage\"},\"image\":{\"@id\":\"https:\\\/\\\/www.webdo.tn\\\/fr\\\/actualite\\\/divers\\\/tunisie-crime-dans-un-complexe-commercial-un-jeune-poignarde-a-mort\\\/221194\\\/#primaryimage\"},\"thumbnailUrl\":\"https:\\\/\\\/www.webdo.tn\\\/fr\\\/wp-content\\\/uploads\\\/2025\\\/05\\\/bd25244b8ed2a0984db849a106e6b7fa-3.webp\",\"datePublished\":\"2025-04-13T14:08:00+00:00\",\"dateModified\":\"2025-05-21T08:54:07+00:00\",\"description\":\"Un jeune homme tu\u00e9 \u00e0 coups de couteau dans un parking d\u2019un centre commercial \u00e0 Tunis\",\"breadcrumb\":{\"@id\":\"https:\\\/\\\/www.webdo.tn\\\/fr\\\/actualite\\\/divers\\\/tunisie-crime-dans-un-complexe-commercial-un-jeune-poignarde-a-mort\\\/221194\\\/#breadcrumb\"},\"inLanguage\":\"fr-FR\",\"potentialAction\":[{\"@type\":\"ReadAction\",\"target\":[\"https:\\\/\\\/www.webdo.tn\\\/fr\\\/actualite\\\/divers\\\/tunisie-crime-dans-un-complexe-commercial-un-jeune-poignarde-a-mort\\\/221194\\\/\"]}]},{\"@type\":\"ImageObject\",\"inLanguage\":\"fr-FR\",\"@id\":\"https:\\\/\\\/www.webdo.tn\\\/fr\\\/actualite\\\/divers\\\/tunisie-crime-dans-un-complexe-commercial-un-jeune-poignarde-a-mort\\\/221194\\\/#primaryimage\",\"url\":\"https:\\\/\\\/www.webdo.tn\\\/fr\\\/wp-content\\\/uploads\\\/2025\\\/05\\\/bd25244b8ed2a0984db849a106e6b7fa-3.webp\",\"contentUrl\":\"https:\\\/\\\/www.webdo.tn\\\/fr\\\/wp-content\\\/uploads\\\/2025\\\/05\\\/bd25244b8ed2a0984db849a106e6b7fa-3.webp\",\"width\":750,\"height\":400},{\"@type\":\"BreadcrumbList\",\"@id\":\"https:\\\/\\\/www.webdo.tn\\\/fr\\\/actualite\\\/divers\\\/tunisie-crime-dans-un-complexe-commercial-un-jeune-poignarde-a-mort\\\/221194\\\/#breadcrumb\",\"itemListElement\":[{\"@type\":\"ListItem\",\"position\":1,\"name\":\"Accueil\",\"item\":\"https:\\\/\\\/www.webdo.tn\\\/fr\\\/\"},{\"@type\":\"ListItem\",\"position\":2,\"name\":\"Tunisie : Crime dans un complexe commercial, un jeune poignard\u00e9 \u00e0 mort\"}]},{\"@type\":\"WebSite\",\"@id\":\"https:\\\/\\\/www.webdo.tn\\\/fr\\\/#website\",\"url\":\"https:\\\/\\\/www.webdo.tn\\\/fr\\\/\",\"name\":\"webdo\",\"description\":\"Tunisie - News en Tunisie et \u00e0 l&#039;international sur Webdo.tn\",\"publisher\":{\"@id\":\"https:\\\/\\\/www.webdo.tn\\\/fr\\\/#organization\"},\"potentialAction\":[{\"@type\":\"SearchAction\",\"target\":{\"@type\":\"EntryPoint\",\"urlTemplate\":\"https:\\\/\\\/www.webdo.tn\\\/fr\\\/?s={search_term_string}\"},\"query-input\":{\"@type\":\"PropertyValueSpecification\",\"valueRequired\":true,\"valueName\":\"search_term_string\"}}],\"inLanguage\":\"fr-FR\"},{\"@type\":\"Organization\",\"@id\":\"https:\\\/\\\/www.webdo.tn\\\/fr\\\/#organization\",\"name\":\"Webdo\",\"alternateName\":\"Webdo.tn\",\"url\":\"https:\\\/\\\/www.webdo.tn\\\/fr\\\/\",\"logo\":{\"@type\":\"ImageObject\",\"inLanguage\":\"fr-FR\",\"@id\":\"https:\\\/\\\/www.webdo.tn\\\/fr\\\/#\\\/schema\\\/logo\\\/image\\\/\",\"url\":\"https:\\\/\\\/www.webdo.tn\\\/fr\\\/wp-content\\\/uploads\\\/2025\\\/06\\\/Webdo-Tunisie_168377.jpg\",\"contentUrl\":\"https:\\\/\\\/www.webdo.tn\\\/fr\\\/wp-content\\\/uploads\\\/2025\\\/06\\\/Webdo-Tunisie_168377.jpg\",\"width\":301,\"height\":301,\"caption\":\"Webdo\"},\"image\":{\"@id\":\"https:\\\/\\\/www.webdo.tn\\\/fr\\\/#\\\/schema\\\/logo\\\/image\\\/\"},\"sameAs\":[\"https:\\\/\\\/www.facebook.com\\\/webdotn\",\"https:\\\/\\\/x.com\\\/webdo_tn\"],\"description\":\"Webdo est un m\u00e9dia num\u00e9rique tunisien fond\u00e9 en 2010, sp\u00e9cialis\u00e9 dans l\u2019actualit\u00e9 nationale et internationale, l\u2019\u00e9conomie, la soci\u00e9t\u00e9 et les analyses politiques. Le site s\u2019adresse \u00e0 un large public francophone et couvre l\u2019information tunisienne en temps r\u00e9el.\",\"email\":\"redac@webdo.tn\",\"legalName\":\"YNJ SARL\",\"foundingDate\":\"2010-09-06\",\"numberOfEmployees\":{\"@type\":\"QuantitativeValue\",\"minValue\":\"11\",\"maxValue\":\"50\"}},{\"@type\":\"Person\",\"@id\":\"https:\\\/\\\/www.webdo.tn\\\/fr\\\/#\\\/schema\\\/person\\\/82ca085b22037d285e1a3c4b65ba5f71\",\"name\":\"KJ\",\"image\":{\"@type\":\"ImageObject\",\"inLanguage\":\"fr-FR\",\"@id\":\"https:\\\/\\\/secure.gravatar.com\\\/avatar\\\/1a1320de1c1971c893f00068f760b4113d69504aa21273da17ee95650c5944fd?s=96&d=mm&r=g\",\"url\":\"https:\\\/\\\/secure.gravatar.com\\\/avatar\\\/1a1320de1c1971c893f00068f760b4113d69504aa21273da17ee95650c5944fd?s=96&d=mm&r=g\",\"contentUrl\":\"https:\\\/\\\/secure.gravatar.com\\\/avatar\\\/1a1320de1c1971c893f00068f760b4113d69504aa21273da17ee95650c5944fd?s=96&d=mm&r=g\",\"caption\":\"KJ\"},\"url\":\"https:\\\/\\\/www.webdo.tn\\\/fr\\\/actualite\\\/author\\\/kj\\\/\"}]}<\/script>\n<!-- \/ Yoast SEO Premium plugin. -->","yoast_head_json":{"title":"Tunisie : Crime dans un complexe commercial, un jeune poignard\u00e9 \u00e0 mort","description":"Un jeune homme tu\u00e9 \u00e0 coups de couteau dans un parking d\u2019un centre commercial \u00e0 Tunis","canonical":"https:\/\/www.webdo.tn\/fr\/actualite\/divers\/tunisie-crime-dans-un-complexe-commercial-un-jeune-poignarde-a-mort\/221194\/","og_locale":"fr_FR","og_type":"article","og_title":"Tunisie : Crime dans un complexe commercial, un jeune poignard\u00e9 \u00e0 mort","og_description":"Un jeune homme tu\u00e9 \u00e0 coups de couteau dans un parking d\u2019un centre commercial \u00e0 Tunis","og_url":"https:\/\/www.webdo.tn\/fr\/actualite\/divers\/tunisie-crime-dans-un-complexe-commercial-un-jeune-poignarde-a-mort\/221194\/","og_site_name":"webdo","article_publisher":"https:\/\/www.facebook.com\/webdotn","article_published_time":"2025-04-13T14:08:00+00:00","article_modified_time":"2025-05-21T08:54:07+00:00","og_image":[{"width":750,"height":400,"url":"https:\/\/www.webdo.tn\/fr\/wp-content\/uploads\/2025\/05\/bd25244b8ed2a0984db849a106e6b7fa-3.webp","type":"image\/webp"}],"author":"KJ","twitter_card":"summary_large_image","twitter_creator":"@webdo_tn","twitter_site":"@webdo_tn","twitter_misc":{"\u00c9crit par":"KJ","Dur\u00e9e de lecture estim\u00e9e":"1 minute"},"schema":{"@context":"https:\/\/schema.org","@graph":[{"@type":"NewsArticle","@id":"https:\/\/www.webdo.tn\/fr\/actualite\/divers\/tunisie-crime-dans-un-complexe-commercial-un-jeune-poignarde-a-mort\/221194\/#article","isPartOf":{"@id":"https:\/\/www.webdo.tn\/fr\/actualite\/divers\/tunisie-crime-dans-un-complexe-commercial-un-jeune-poignarde-a-mort\/221194\/"},"author":{"name":"KJ","@id":"https:\/\/www.webdo.tn\/fr\/#\/schema\/person\/82ca085b22037d285e1a3c4b65ba5f71"},"headline":"Tunisie : Crime dans un complexe commercial, un jeune poignard\u00e9 \u00e0 mort","datePublished":"2025-04-13T14:08:00+00:00","dateModified":"2025-05-21T08:54:07+00:00","mainEntityOfPage":{"@id":"https:\/\/www.webdo.tn\/fr\/actualite\/divers\/tunisie-crime-dans-un-complexe-commercial-un-jeune-poignarde-a-mort\/221194\/"},"wordCount":169,"commentCount":0,"publisher":{"@id":"https:\/\/www.webdo.tn\/fr\/#organization"},"image":{"@id":"https:\/\/www.webdo.tn\/fr\/actualite\/divers\/tunisie-crime-dans-un-complexe-commercial-un-jeune-poignarde-a-mort\/221194\/#primaryimage"},"thumbnailUrl":"https:\/\/www.webdo.tn\/fr\/wp-content\/uploads\/2025\/05\/bd25244b8ed2a0984db849a106e6b7fa-3.webp","keywords":["crime","Grande surface","Tunisie"],"articleSection":["Divers"],"inLanguage":"fr-FR"},{"@type":"WebPage","@id":"https:\/\/www.webdo.tn\/fr\/actualite\/divers\/tunisie-crime-dans-un-complexe-commercial-un-jeune-poignarde-a-mort\/221194\/","url":"https:\/\/www.webdo.tn\/fr\/actualite\/divers\/tunisie-crime-dans-un-complexe-commercial-un-jeune-poignarde-a-mort\/221194\/","name":"Tunisie : Crime dans un complexe commercial, un jeune poignard\u00e9 \u00e0 mort","isPartOf":{"@id":"https:\/\/www.webdo.tn\/fr\/#website"},"primaryImageOfPage":{"@id":"https:\/\/www.webdo.tn\/fr\/actualite\/divers\/tunisie-crime-dans-un-complexe-commercial-un-jeune-poignarde-a-mort\/221194\/#primaryimage"},"image":{"@id":"https:\/\/www.webdo.tn\/fr\/actualite\/divers\/tunisie-crime-dans-un-complexe-commercial-un-jeune-poignarde-a-mort\/221194\/#primaryimage"},"thumbnailUrl":"https:\/\/www.webdo.tn\/fr\/wp-content\/uploads\/2025\/05\/bd25244b8ed2a0984db849a106e6b7fa-3.webp","datePublished":"2025-04-13T14:08:00+00:00","dateModified":"2025-05-21T08:54:07+00:00","description":"Un jeune homme tu\u00e9 \u00e0 coups de couteau dans un parking d\u2019un centre commercial \u00e0 Tunis","breadcrumb":{"@id":"https:\/\/www.webdo.tn\/fr\/actualite\/divers\/tunisie-crime-dans-un-complexe-commercial-un-jeune-poignarde-a-mort\/221194\/#breadcrumb"},"inLanguage":"fr-FR","potentialAction":[{"@type":"ReadAction","target":["https:\/\/www.webdo.tn\/fr\/actualite\/divers\/tunisie-crime-dans-un-complexe-commercial-un-jeune-poignarde-a-mort\/221194\/"]}]},{"@type":"ImageObject","inLanguage":"fr-FR","@id":"https:\/\/www.webdo.tn\/fr\/actualite\/divers\/tunisie-crime-dans-un-complexe-commercial-un-jeune-poignarde-a-mort\/221194\/#primaryimage","url":"https:\/\/www.webdo.tn\/fr\/wp-content\/uploads\/2025\/05\/bd25244b8ed2a0984db849a106e6b7fa-3.webp","contentUrl":"https:\/\/www.webdo.tn\/fr\/wp-content\/uploads\/2025\/05\/bd25244b8ed2a0984db849a106e6b7fa-3.webp","width":750,"height":400},{"@type":"BreadcrumbList","@id":"https:\/\/www.webdo.tn\/fr\/actualite\/divers\/tunisie-crime-dans-un-complexe-commercial-un-jeune-poignarde-a-mort\/221194\/#breadcrumb","itemListElement":[{"@type":"ListItem","position":1,"name":"Accueil","item":"https:\/\/www.webdo.tn\/fr\/"},{"@type":"ListItem","position":2,"name":"Tunisie : Crime dans un complexe commercial, un jeune poignard\u00e9 \u00e0 mort"}]},{"@type":"WebSite","@id":"https:\/\/www.webdo.tn\/fr\/#website","url":"https:\/\/www.webdo.tn\/fr\/","name":"webdo","description":"Tunisie - News en Tunisie et \u00e0 l&#039;international sur Webdo.tn","publisher":{"@id":"https:\/\/www.webdo.tn\/fr\/#organization"},"potentialAction":[{"@type":"SearchAction","target":{"@type":"EntryPoint","urlTemplate":"https:\/\/www.webdo.tn\/fr\/?s={search_term_string}"},"query-input":{"@type":"PropertyValueSpecification","valueRequired":true,"valueName":"search_term_string"}}],"inLanguage":"fr-FR"},{"@type":"Organization","@id":"https:\/\/www.webdo.tn\/fr\/#organization","name":"Webdo","alternateName":"Webdo.tn","url":"https:\/\/www.webdo.tn\/fr\/","logo":{"@type":"ImageObject","inLanguage":"fr-FR","@id":"https:\/\/www.webdo.tn\/fr\/#\/schema\/logo\/image\/","url":"https:\/\/www.webdo.tn\/fr\/wp-content\/uploads\/2025\/06\/Webdo-Tunisie_168377.jpg","contentUrl":"https:\/\/www.webdo.tn\/fr\/wp-content\/uploads\/2025\/06\/Webdo-Tunisie_168377.jpg","width":301,"height":301,"caption":"Webdo"},"image":{"@id":"https:\/\/www.webdo.tn\/fr\/#\/schema\/logo\/image\/"},"sameAs":["https:\/\/www.facebook.com\/webdotn","https:\/\/x.com\/webdo_tn"],"description":"Webdo est un m\u00e9dia num\u00e9rique tunisien fond\u00e9 en 2010, sp\u00e9cialis\u00e9 dans l\u2019actualit\u00e9 nationale et internationale, l\u2019\u00e9conomie, la soci\u00e9t\u00e9 et les analyses politiques. Le site s\u2019adresse \u00e0 un large public francophone et couvre l\u2019information tunisienne en temps r\u00e9el.","email":"redac@webdo.tn","legalName":"YNJ SARL","foundingDate":"2010-09-06","numberOfEmployees":{"@type":"QuantitativeValue","minValue":"11","maxValue":"50"}},{"@type":"Person","@id":"https:\/\/www.webdo.tn\/fr\/#\/schema\/person\/82ca085b22037d285e1a3c4b65ba5f71","name":"KJ","image":{"@type":"ImageObject","inLanguage":"fr-FR","@id":"https:\/\/secure.gravatar.com\/avatar\/1a1320de1c1971c893f00068f760b4113d69504aa21273da17ee95650c5944fd?s=96&d=mm&r=g","url":"https:\/\/secure.gravatar.com\/avatar\/1a1320de1c1971c893f00068f760b4113d69504aa21273da17ee95650c5944fd?s=96&d=mm&r=g","contentUrl":"https:\/\/secure.gravatar.com\/avatar\/1a1320de1c1971c893f00068f760b4113d69504aa21273da17ee95650c5944fd?s=96&d=mm&r=g","caption":"KJ"},"url":"https:\/\/www.webdo.tn\/fr\/actualite\/author\/kj\/"}]}},"_links":{"self":[{"href":"https:\/\/www.webdo.tn\/fr\/wp-json\/wp\/v2\/posts\/221194","targetHints":{"allow":["GET"]}}],"collection":[{"href":"https:\/\/www.webdo.tn\/fr\/wp-json\/wp\/v2\/posts"}],"about":[{"href":"https:\/\/www.webdo.tn\/fr\/wp-json\/wp\/v2\/types\/post"}],"author":[{"embeddable":true,"href":"https:\/\/www.webdo.tn\/fr\/wp-json\/wp\/v2\/users\/3163"}],"replies":[{"embeddable":true,"href":"https:\/\/www.webdo.tn\/fr\/wp-json\/wp\/v2\/comments?post=221194"}],"version-history":[{"count":0,"href":"https:\/\/www.webdo.tn\/fr\/wp-json\/wp\/v2\/posts\/221194\/revisions"}],"wp:featuredmedia":[{"embeddable":true,"href":"https:\/\/www.webdo.tn\/fr\/wp-json\/wp\/v2\/media\/241218"}],"wp:attachment":[{"href":"https:\/\/www.webdo.tn\/fr\/wp-json\/wp\/v2\/media?parent=221194"}],"wp:term":[{"taxonomy":"category","embeddable":true,"href":"https:\/\/www.webdo.tn\/fr\/wp-json\/wp\/v2\/categories?post=221194"},{"taxonomy":"post_tag","embeddable":true,"href":"https:\/\/www.webdo.tn\/fr\/wp-json\/wp\/v2\/tags?post=221194"}],"curies":[{"name":"wp","href":"https:\/\/api.w.org\/{rel}","templated":true}]}}