{"id":221191,"date":"2025-04-13T10:55:00","date_gmt":"2025-04-13T10:55:00","guid":{"rendered":"https:\/\/www.webdo.tn\/fr\/blog\/2025\/04\/13\/tunisie-lutte-contre-les-criquets-1400-hectares-deja-traites\/"},"modified":"2025-05-21T08:54:07","modified_gmt":"2025-05-21T08:54:07","slug":"tunisie-lutte-contre-les-criquets-1400-hectares-deja-traites","status":"publish","type":"post","link":"https:\/\/www.webdo.tn\/fr\/actualite\/national\/tunisie-lutte-contre-les-criquets-1400-hectares-deja-traites\/221191\/","title":{"rendered":"Tunisie \u2013 lutte contre les criquets : 1400 hectares d\u00e9j\u00e0 trait\u00e9s"},"content":{"rendered":"<p>Le ministre de l\u2019Agriculture, des Ressources hydrauliques et de la P\u00eache maritime, Ezzeddine Ben Chikh, a d\u00e9clar\u00e9 ce samedi que la superficie totale trait\u00e9e contre le criquet p\u00e8lerin \u00e0 travers le territoire tunisien a atteint 1400 hectares. Les op\u00e9rations se poursuivent avec une surveillance \u00e9troite des d\u00e9placements des essaims et une localisation des zones de regroupement en vue d\u2019interventions cibl\u00e9es.<\/p>\n<p>\t\t\t\t\t\t\t\t\tLe ministre a soulign\u00e9 que les services du minist\u00e8re n\u2019ont pas attendu que le criquet envahisse le territoire tunisien pour agir. Une d\u00e9marche proactive a \u00e9t\u00e9 engag\u00e9e en coordination avec les autorit\u00e9s alg\u00e9riennes pour se pr\u00e9parer \u00e0 cette menace.<\/p>\n<p>En parall\u00e8le, la Tunisie a collabor\u00e9 avec l\u2019Organisation des Nations Unies pour l\u2019alimentation et l\u2019agriculture (FAO), qui a fourni les \u00e9quipements n\u00e9cessaires et assur\u00e9 la formation des agents sur les techniques de lutte, en plus de la mise \u00e0 disposition d\u2019insecticides adapt\u00e9s.<\/p>\n<p>Cette mobilisation s\u2019inscrit dans une strat\u00e9gie nationale de pr\u00e9vention des risques agricoles, visant \u00e0 limiter les d\u00e9g\u00e2ts sur les cultures et \u00e0 prot\u00e9ger la s\u00e9curit\u00e9 alimentaire du pays.<\/p>\n","protected":false},"excerpt":{"rendered":"<p>Le ministre de l\u2019Agriculture annonce que 1400 hectares ont \u00e9t\u00e9 trait\u00e9s contre le criquet p\u00e8lerin en Tunisie, gr\u00e2ce \u00e0 une strat\u00e9gie anticipative appuy\u00e9e par la F&#8230;<\/p>\n","protected":false},"author":3163,"featured_media":241214,"comment_status":"open","ping_status":"open","sticky":false,"template":"","format":"standard","meta":{"footnotes":""},"categories":[44],"tags":[3271,3272,2608],"class_list":["post-221191","post","type-post","status-publish","format-standard","has-post-thumbnail","hentry","category-national","tag-agriculture","tag-criquets","tag-tunisie"],"yoast_head":"<!-- This site is optimized with the Yoast SEO Premium plugin v27.5 (Yoast SEO v27.5) - https:\/\/yoast.com\/product\/yoast-seo-premium-wordpress\/ -->\n<title>Tunisie \u2013 lutte contre les criquets : 1400 hectares d\u00e9j\u00e0 trait\u00e9s<\/title>\n<meta name=\"description\" content=\"Le ministre de l\u2019Agriculture annonce que 1400 hectares ont \u00e9t\u00e9 trait\u00e9s contre le criquet p\u00e8lerin en Tunisie, gr\u00e2ce \u00e0 une strat\u00e9gie anticipative appuy\u00e9e par la F...\" \/>\n<link rel=\"canonical\" href=\"https:\/\/www.webdo.tn\/fr\/actualite\/national\/tunisie-lutte-contre-les-criquets-1400-hectares-deja-traites\/221191\/\" \/>\n<meta property=\"og:locale\" content=\"fr_FR\" \/>\n<meta property=\"og:type\" content=\"article\" \/>\n<meta property=\"og:title\" content=\"Tunisie \u2013 lutte contre les criquets : 1400 hectares d\u00e9j\u00e0 trait\u00e9s\" \/>\n<meta property=\"og:description\" content=\"Le ministre de l\u2019Agriculture annonce que 1400 hectares ont \u00e9t\u00e9 trait\u00e9s contre le criquet p\u00e8lerin en Tunisie, gr\u00e2ce \u00e0 une strat\u00e9gie anticipative appuy\u00e9e par la F...\" \/>\n<meta property=\"og:url\" content=\"https:\/\/www.webdo.tn\/fr\/actualite\/national\/tunisie-lutte-contre-les-criquets-1400-hectares-deja-traites\/221191\/\" \/>\n<meta property=\"og:site_name\" content=\"webdo\" \/>\n<meta property=\"article:publisher\" content=\"https:\/\/www.facebook.com\/webdotn\" \/>\n<meta property=\"article:published_time\" content=\"2025-04-13T10:55:00+00:00\" \/>\n<meta property=\"article:modified_time\" content=\"2025-05-21T08:54:07+00:00\" \/>\n<meta property=\"og:image\" content=\"https:\/\/www.webdo.tn\/fr\/wp-content\/uploads\/2025\/05\/c1cb45c14225c55615fa285f46466884-3.webp\" \/>\n\t<meta property=\"og:image:width\" content=\"750\" \/>\n\t<meta property=\"og:image:height\" content=\"400\" \/>\n\t<meta property=\"og:image:type\" content=\"image\/webp\" \/>\n<meta name=\"author\" content=\"KJ\" \/>\n<meta name=\"twitter:card\" content=\"summary_large_image\" \/>\n<meta name=\"twitter:creator\" content=\"@webdo_tn\" \/>\n<meta name=\"twitter:site\" content=\"@webdo_tn\" \/>\n<meta name=\"twitter:label1\" content=\"\u00c9crit par\" \/>\n\t<meta name=\"twitter:data1\" content=\"KJ\" \/>\n\t<meta name=\"twitter:label2\" content=\"Dur\u00e9e de lecture estim\u00e9e\" \/>\n\t<meta name=\"twitter:data2\" content=\"1 minute\" \/>\n<script type=\"application\/ld+json\" class=\"yoast-schema-graph\">{\"@context\":\"https:\\\/\\\/schema.org\",\"@graph\":[{\"@type\":\"NewsArticle\",\"@id\":\"https:\\\/\\\/www.webdo.tn\\\/fr\\\/actualite\\\/national\\\/tunisie-lutte-contre-les-criquets-1400-hectares-deja-traites\\\/221191\\\/#article\",\"isPartOf\":{\"@id\":\"https:\\\/\\\/www.webdo.tn\\\/fr\\\/actualite\\\/national\\\/tunisie-lutte-contre-les-criquets-1400-hectares-deja-traites\\\/221191\\\/\"},\"author\":{\"name\":\"KJ\",\"@id\":\"https:\\\/\\\/www.webdo.tn\\\/fr\\\/#\\\/schema\\\/person\\\/82ca085b22037d285e1a3c4b65ba5f71\"},\"headline\":\"Tunisie \u2013 lutte contre les criquets : 1400 hectares d\u00e9j\u00e0 trait\u00e9s\",\"datePublished\":\"2025-04-13T10:55:00+00:00\",\"dateModified\":\"2025-05-21T08:54:07+00:00\",\"mainEntityOfPage\":{\"@id\":\"https:\\\/\\\/www.webdo.tn\\\/fr\\\/actualite\\\/national\\\/tunisie-lutte-contre-les-criquets-1400-hectares-deja-traites\\\/221191\\\/\"},\"wordCount\":203,\"commentCount\":0,\"publisher\":{\"@id\":\"https:\\\/\\\/www.webdo.tn\\\/fr\\\/#organization\"},\"image\":{\"@id\":\"https:\\\/\\\/www.webdo.tn\\\/fr\\\/actualite\\\/national\\\/tunisie-lutte-contre-les-criquets-1400-hectares-deja-traites\\\/221191\\\/#primaryimage\"},\"thumbnailUrl\":\"https:\\\/\\\/www.webdo.tn\\\/fr\\\/wp-content\\\/uploads\\\/2025\\\/05\\\/c1cb45c14225c55615fa285f46466884-3.webp\",\"keywords\":[\"agriculture\",\"criquets\",\"Tunisie\"],\"articleSection\":[\"National\"],\"inLanguage\":\"fr-FR\"},{\"@type\":\"WebPage\",\"@id\":\"https:\\\/\\\/www.webdo.tn\\\/fr\\\/actualite\\\/national\\\/tunisie-lutte-contre-les-criquets-1400-hectares-deja-traites\\\/221191\\\/\",\"url\":\"https:\\\/\\\/www.webdo.tn\\\/fr\\\/actualite\\\/national\\\/tunisie-lutte-contre-les-criquets-1400-hectares-deja-traites\\\/221191\\\/\",\"name\":\"Tunisie \u2013 lutte contre les criquets : 1400 hectares d\u00e9j\u00e0 trait\u00e9s\",\"isPartOf\":{\"@id\":\"https:\\\/\\\/www.webdo.tn\\\/fr\\\/#website\"},\"primaryImageOfPage\":{\"@id\":\"https:\\\/\\\/www.webdo.tn\\\/fr\\\/actualite\\\/national\\\/tunisie-lutte-contre-les-criquets-1400-hectares-deja-traites\\\/221191\\\/#primaryimage\"},\"image\":{\"@id\":\"https:\\\/\\\/www.webdo.tn\\\/fr\\\/actualite\\\/national\\\/tunisie-lutte-contre-les-criquets-1400-hectares-deja-traites\\\/221191\\\/#primaryimage\"},\"thumbnailUrl\":\"https:\\\/\\\/www.webdo.tn\\\/fr\\\/wp-content\\\/uploads\\\/2025\\\/05\\\/c1cb45c14225c55615fa285f46466884-3.webp\",\"datePublished\":\"2025-04-13T10:55:00+00:00\",\"dateModified\":\"2025-05-21T08:54:07+00:00\",\"description\":\"Le ministre de l\u2019Agriculture annonce que 1400 hectares ont \u00e9t\u00e9 trait\u00e9s contre le criquet p\u00e8lerin en Tunisie, gr\u00e2ce \u00e0 une strat\u00e9gie anticipative appuy\u00e9e par la F...\",\"breadcrumb\":{\"@id\":\"https:\\\/\\\/www.webdo.tn\\\/fr\\\/actualite\\\/national\\\/tunisie-lutte-contre-les-criquets-1400-hectares-deja-traites\\\/221191\\\/#breadcrumb\"},\"inLanguage\":\"fr-FR\",\"potentialAction\":[{\"@type\":\"ReadAction\",\"target\":[\"https:\\\/\\\/www.webdo.tn\\\/fr\\\/actualite\\\/national\\\/tunisie-lutte-contre-les-criquets-1400-hectares-deja-traites\\\/221191\\\/\"]}]},{\"@type\":\"ImageObject\",\"inLanguage\":\"fr-FR\",\"@id\":\"https:\\\/\\\/www.webdo.tn\\\/fr\\\/actualite\\\/national\\\/tunisie-lutte-contre-les-criquets-1400-hectares-deja-traites\\\/221191\\\/#primaryimage\",\"url\":\"https:\\\/\\\/www.webdo.tn\\\/fr\\\/wp-content\\\/uploads\\\/2025\\\/05\\\/c1cb45c14225c55615fa285f46466884-3.webp\",\"contentUrl\":\"https:\\\/\\\/www.webdo.tn\\\/fr\\\/wp-content\\\/uploads\\\/2025\\\/05\\\/c1cb45c14225c55615fa285f46466884-3.webp\",\"width\":750,\"height\":400},{\"@type\":\"BreadcrumbList\",\"@id\":\"https:\\\/\\\/www.webdo.tn\\\/fr\\\/actualite\\\/national\\\/tunisie-lutte-contre-les-criquets-1400-hectares-deja-traites\\\/221191\\\/#breadcrumb\",\"itemListElement\":[{\"@type\":\"ListItem\",\"position\":1,\"name\":\"Accueil\",\"item\":\"https:\\\/\\\/www.webdo.tn\\\/fr\\\/\"},{\"@type\":\"ListItem\",\"position\":2,\"name\":\"Tunisie \u2013 lutte contre les criquets : 1400 hectares d\u00e9j\u00e0 trait\u00e9s\"}]},{\"@type\":\"WebSite\",\"@id\":\"https:\\\/\\\/www.webdo.tn\\\/fr\\\/#website\",\"url\":\"https:\\\/\\\/www.webdo.tn\\\/fr\\\/\",\"name\":\"webdo\",\"description\":\"Tunisie - News en Tunisie et \u00e0 l&#039;international sur Webdo.tn\",\"publisher\":{\"@id\":\"https:\\\/\\\/www.webdo.tn\\\/fr\\\/#organization\"},\"potentialAction\":[{\"@type\":\"SearchAction\",\"target\":{\"@type\":\"EntryPoint\",\"urlTemplate\":\"https:\\\/\\\/www.webdo.tn\\\/fr\\\/?s={search_term_string}\"},\"query-input\":{\"@type\":\"PropertyValueSpecification\",\"valueRequired\":true,\"valueName\":\"search_term_string\"}}],\"inLanguage\":\"fr-FR\"},{\"@type\":\"Organization\",\"@id\":\"https:\\\/\\\/www.webdo.tn\\\/fr\\\/#organization\",\"name\":\"Webdo\",\"alternateName\":\"Webdo.tn\",\"url\":\"https:\\\/\\\/www.webdo.tn\\\/fr\\\/\",\"logo\":{\"@type\":\"ImageObject\",\"inLanguage\":\"fr-FR\",\"@id\":\"https:\\\/\\\/www.webdo.tn\\\/fr\\\/#\\\/schema\\\/logo\\\/image\\\/\",\"url\":\"https:\\\/\\\/www.webdo.tn\\\/fr\\\/wp-content\\\/uploads\\\/2025\\\/06\\\/Webdo-Tunisie_168377.jpg\",\"contentUrl\":\"https:\\\/\\\/www.webdo.tn\\\/fr\\\/wp-content\\\/uploads\\\/2025\\\/06\\\/Webdo-Tunisie_168377.jpg\",\"width\":301,\"height\":301,\"caption\":\"Webdo\"},\"image\":{\"@id\":\"https:\\\/\\\/www.webdo.tn\\\/fr\\\/#\\\/schema\\\/logo\\\/image\\\/\"},\"sameAs\":[\"https:\\\/\\\/www.facebook.com\\\/webdotn\",\"https:\\\/\\\/x.com\\\/webdo_tn\"],\"description\":\"Webdo est un m\u00e9dia num\u00e9rique tunisien fond\u00e9 en 2010, sp\u00e9cialis\u00e9 dans l\u2019actualit\u00e9 nationale et internationale, l\u2019\u00e9conomie, la soci\u00e9t\u00e9 et les analyses politiques. Le site s\u2019adresse \u00e0 un large public francophone et couvre l\u2019information tunisienne en temps r\u00e9el.\",\"email\":\"redac@webdo.tn\",\"legalName\":\"YNJ SARL\",\"foundingDate\":\"2010-09-06\",\"numberOfEmployees\":{\"@type\":\"QuantitativeValue\",\"minValue\":\"11\",\"maxValue\":\"50\"}},{\"@type\":\"Person\",\"@id\":\"https:\\\/\\\/www.webdo.tn\\\/fr\\\/#\\\/schema\\\/person\\\/82ca085b22037d285e1a3c4b65ba5f71\",\"name\":\"KJ\",\"image\":{\"@type\":\"ImageObject\",\"inLanguage\":\"fr-FR\",\"@id\":\"https:\\\/\\\/secure.gravatar.com\\\/avatar\\\/1a1320de1c1971c893f00068f760b4113d69504aa21273da17ee95650c5944fd?s=96&d=mm&r=g\",\"url\":\"https:\\\/\\\/secure.gravatar.com\\\/avatar\\\/1a1320de1c1971c893f00068f760b4113d69504aa21273da17ee95650c5944fd?s=96&d=mm&r=g\",\"contentUrl\":\"https:\\\/\\\/secure.gravatar.com\\\/avatar\\\/1a1320de1c1971c893f00068f760b4113d69504aa21273da17ee95650c5944fd?s=96&d=mm&r=g\",\"caption\":\"KJ\"},\"url\":\"https:\\\/\\\/www.webdo.tn\\\/fr\\\/actualite\\\/author\\\/kj\\\/\"}]}<\/script>\n<!-- \/ Yoast SEO Premium plugin. -->","yoast_head_json":{"title":"Tunisie \u2013 lutte contre les criquets : 1400 hectares d\u00e9j\u00e0 trait\u00e9s","description":"Le ministre de l\u2019Agriculture annonce que 1400 hectares ont \u00e9t\u00e9 trait\u00e9s contre le criquet p\u00e8lerin en Tunisie, gr\u00e2ce \u00e0 une strat\u00e9gie anticipative appuy\u00e9e par la F...","canonical":"https:\/\/www.webdo.tn\/fr\/actualite\/national\/tunisie-lutte-contre-les-criquets-1400-hectares-deja-traites\/221191\/","og_locale":"fr_FR","og_type":"article","og_title":"Tunisie \u2013 lutte contre les criquets : 1400 hectares d\u00e9j\u00e0 trait\u00e9s","og_description":"Le ministre de l\u2019Agriculture annonce que 1400 hectares ont \u00e9t\u00e9 trait\u00e9s contre le criquet p\u00e8lerin en Tunisie, gr\u00e2ce \u00e0 une strat\u00e9gie anticipative appuy\u00e9e par la F...","og_url":"https:\/\/www.webdo.tn\/fr\/actualite\/national\/tunisie-lutte-contre-les-criquets-1400-hectares-deja-traites\/221191\/","og_site_name":"webdo","article_publisher":"https:\/\/www.facebook.com\/webdotn","article_published_time":"2025-04-13T10:55:00+00:00","article_modified_time":"2025-05-21T08:54:07+00:00","og_image":[{"width":750,"height":400,"url":"https:\/\/www.webdo.tn\/fr\/wp-content\/uploads\/2025\/05\/c1cb45c14225c55615fa285f46466884-3.webp","type":"image\/webp"}],"author":"KJ","twitter_card":"summary_large_image","twitter_creator":"@webdo_tn","twitter_site":"@webdo_tn","twitter_misc":{"\u00c9crit par":"KJ","Dur\u00e9e de lecture estim\u00e9e":"1 minute"},"schema":{"@context":"https:\/\/schema.org","@graph":[{"@type":"NewsArticle","@id":"https:\/\/www.webdo.tn\/fr\/actualite\/national\/tunisie-lutte-contre-les-criquets-1400-hectares-deja-traites\/221191\/#article","isPartOf":{"@id":"https:\/\/www.webdo.tn\/fr\/actualite\/national\/tunisie-lutte-contre-les-criquets-1400-hectares-deja-traites\/221191\/"},"author":{"name":"KJ","@id":"https:\/\/www.webdo.tn\/fr\/#\/schema\/person\/82ca085b22037d285e1a3c4b65ba5f71"},"headline":"Tunisie \u2013 lutte contre les criquets : 1400 hectares d\u00e9j\u00e0 trait\u00e9s","datePublished":"2025-04-13T10:55:00+00:00","dateModified":"2025-05-21T08:54:07+00:00","mainEntityOfPage":{"@id":"https:\/\/www.webdo.tn\/fr\/actualite\/national\/tunisie-lutte-contre-les-criquets-1400-hectares-deja-traites\/221191\/"},"wordCount":203,"commentCount":0,"publisher":{"@id":"https:\/\/www.webdo.tn\/fr\/#organization"},"image":{"@id":"https:\/\/www.webdo.tn\/fr\/actualite\/national\/tunisie-lutte-contre-les-criquets-1400-hectares-deja-traites\/221191\/#primaryimage"},"thumbnailUrl":"https:\/\/www.webdo.tn\/fr\/wp-content\/uploads\/2025\/05\/c1cb45c14225c55615fa285f46466884-3.webp","keywords":["agriculture","criquets","Tunisie"],"articleSection":["National"],"inLanguage":"fr-FR"},{"@type":"WebPage","@id":"https:\/\/www.webdo.tn\/fr\/actualite\/national\/tunisie-lutte-contre-les-criquets-1400-hectares-deja-traites\/221191\/","url":"https:\/\/www.webdo.tn\/fr\/actualite\/national\/tunisie-lutte-contre-les-criquets-1400-hectares-deja-traites\/221191\/","name":"Tunisie \u2013 lutte contre les criquets : 1400 hectares d\u00e9j\u00e0 trait\u00e9s","isPartOf":{"@id":"https:\/\/www.webdo.tn\/fr\/#website"},"primaryImageOfPage":{"@id":"https:\/\/www.webdo.tn\/fr\/actualite\/national\/tunisie-lutte-contre-les-criquets-1400-hectares-deja-traites\/221191\/#primaryimage"},"image":{"@id":"https:\/\/www.webdo.tn\/fr\/actualite\/national\/tunisie-lutte-contre-les-criquets-1400-hectares-deja-traites\/221191\/#primaryimage"},"thumbnailUrl":"https:\/\/www.webdo.tn\/fr\/wp-content\/uploads\/2025\/05\/c1cb45c14225c55615fa285f46466884-3.webp","datePublished":"2025-04-13T10:55:00+00:00","dateModified":"2025-05-21T08:54:07+00:00","description":"Le ministre de l\u2019Agriculture annonce que 1400 hectares ont \u00e9t\u00e9 trait\u00e9s contre le criquet p\u00e8lerin en Tunisie, gr\u00e2ce \u00e0 une strat\u00e9gie anticipative appuy\u00e9e par la F...","breadcrumb":{"@id":"https:\/\/www.webdo.tn\/fr\/actualite\/national\/tunisie-lutte-contre-les-criquets-1400-hectares-deja-traites\/221191\/#breadcrumb"},"inLanguage":"fr-FR","potentialAction":[{"@type":"ReadAction","target":["https:\/\/www.webdo.tn\/fr\/actualite\/national\/tunisie-lutte-contre-les-criquets-1400-hectares-deja-traites\/221191\/"]}]},{"@type":"ImageObject","inLanguage":"fr-FR","@id":"https:\/\/www.webdo.tn\/fr\/actualite\/national\/tunisie-lutte-contre-les-criquets-1400-hectares-deja-traites\/221191\/#primaryimage","url":"https:\/\/www.webdo.tn\/fr\/wp-content\/uploads\/2025\/05\/c1cb45c14225c55615fa285f46466884-3.webp","contentUrl":"https:\/\/www.webdo.tn\/fr\/wp-content\/uploads\/2025\/05\/c1cb45c14225c55615fa285f46466884-3.webp","width":750,"height":400},{"@type":"BreadcrumbList","@id":"https:\/\/www.webdo.tn\/fr\/actualite\/national\/tunisie-lutte-contre-les-criquets-1400-hectares-deja-traites\/221191\/#breadcrumb","itemListElement":[{"@type":"ListItem","position":1,"name":"Accueil","item":"https:\/\/www.webdo.tn\/fr\/"},{"@type":"ListItem","position":2,"name":"Tunisie \u2013 lutte contre les criquets : 1400 hectares d\u00e9j\u00e0 trait\u00e9s"}]},{"@type":"WebSite","@id":"https:\/\/www.webdo.tn\/fr\/#website","url":"https:\/\/www.webdo.tn\/fr\/","name":"webdo","description":"Tunisie - News en Tunisie et \u00e0 l&#039;international sur Webdo.tn","publisher":{"@id":"https:\/\/www.webdo.tn\/fr\/#organization"},"potentialAction":[{"@type":"SearchAction","target":{"@type":"EntryPoint","urlTemplate":"https:\/\/www.webdo.tn\/fr\/?s={search_term_string}"},"query-input":{"@type":"PropertyValueSpecification","valueRequired":true,"valueName":"search_term_string"}}],"inLanguage":"fr-FR"},{"@type":"Organization","@id":"https:\/\/www.webdo.tn\/fr\/#organization","name":"Webdo","alternateName":"Webdo.tn","url":"https:\/\/www.webdo.tn\/fr\/","logo":{"@type":"ImageObject","inLanguage":"fr-FR","@id":"https:\/\/www.webdo.tn\/fr\/#\/schema\/logo\/image\/","url":"https:\/\/www.webdo.tn\/fr\/wp-content\/uploads\/2025\/06\/Webdo-Tunisie_168377.jpg","contentUrl":"https:\/\/www.webdo.tn\/fr\/wp-content\/uploads\/2025\/06\/Webdo-Tunisie_168377.jpg","width":301,"height":301,"caption":"Webdo"},"image":{"@id":"https:\/\/www.webdo.tn\/fr\/#\/schema\/logo\/image\/"},"sameAs":["https:\/\/www.facebook.com\/webdotn","https:\/\/x.com\/webdo_tn"],"description":"Webdo est un m\u00e9dia num\u00e9rique tunisien fond\u00e9 en 2010, sp\u00e9cialis\u00e9 dans l\u2019actualit\u00e9 nationale et internationale, l\u2019\u00e9conomie, la soci\u00e9t\u00e9 et les analyses politiques. Le site s\u2019adresse \u00e0 un large public francophone et couvre l\u2019information tunisienne en temps r\u00e9el.","email":"redac@webdo.tn","legalName":"YNJ SARL","foundingDate":"2010-09-06","numberOfEmployees":{"@type":"QuantitativeValue","minValue":"11","maxValue":"50"}},{"@type":"Person","@id":"https:\/\/www.webdo.tn\/fr\/#\/schema\/person\/82ca085b22037d285e1a3c4b65ba5f71","name":"KJ","image":{"@type":"ImageObject","inLanguage":"fr-FR","@id":"https:\/\/secure.gravatar.com\/avatar\/1a1320de1c1971c893f00068f760b4113d69504aa21273da17ee95650c5944fd?s=96&d=mm&r=g","url":"https:\/\/secure.gravatar.com\/avatar\/1a1320de1c1971c893f00068f760b4113d69504aa21273da17ee95650c5944fd?s=96&d=mm&r=g","contentUrl":"https:\/\/secure.gravatar.com\/avatar\/1a1320de1c1971c893f00068f760b4113d69504aa21273da17ee95650c5944fd?s=96&d=mm&r=g","caption":"KJ"},"url":"https:\/\/www.webdo.tn\/fr\/actualite\/author\/kj\/"}]}},"_links":{"self":[{"href":"https:\/\/www.webdo.tn\/fr\/wp-json\/wp\/v2\/posts\/221191","targetHints":{"allow":["GET"]}}],"collection":[{"href":"https:\/\/www.webdo.tn\/fr\/wp-json\/wp\/v2\/posts"}],"about":[{"href":"https:\/\/www.webdo.tn\/fr\/wp-json\/wp\/v2\/types\/post"}],"author":[{"embeddable":true,"href":"https:\/\/www.webdo.tn\/fr\/wp-json\/wp\/v2\/users\/3163"}],"replies":[{"embeddable":true,"href":"https:\/\/www.webdo.tn\/fr\/wp-json\/wp\/v2\/comments?post=221191"}],"version-history":[{"count":0,"href":"https:\/\/www.webdo.tn\/fr\/wp-json\/wp\/v2\/posts\/221191\/revisions"}],"wp:featuredmedia":[{"embeddable":true,"href":"https:\/\/www.webdo.tn\/fr\/wp-json\/wp\/v2\/media\/241214"}],"wp:attachment":[{"href":"https:\/\/www.webdo.tn\/fr\/wp-json\/wp\/v2\/media?parent=221191"}],"wp:term":[{"taxonomy":"category","embeddable":true,"href":"https:\/\/www.webdo.tn\/fr\/wp-json\/wp\/v2\/categories?post=221191"},{"taxonomy":"post_tag","embeddable":true,"href":"https:\/\/www.webdo.tn\/fr\/wp-json\/wp\/v2\/tags?post=221191"}],"curies":[{"name":"wp","href":"https:\/\/api.w.org\/{rel}","templated":true}]}}