{"id":221186,"date":"2025-04-12T12:52:00","date_gmt":"2025-04-12T12:52:00","guid":{"rendered":"https:\/\/www.webdo.tn\/fr\/blog\/2025\/04\/12\/tunisie-affaire-belaid-report-du-proces-de-la-cellule-terroriste-d-abou-iyadh-au-15-juin\/"},"modified":"2025-05-20T21:41:20","modified_gmt":"2025-05-20T21:41:20","slug":"tunisie-affaire-belaid-report-du-proces-de-la-cellule-terroriste-d-abou-iyadh-au-15-juin","status":"publish","type":"post","link":"https:\/\/www.webdo.tn\/fr\/actualite\/national\/tunisie-affaire-belaid-report-du-proces-de-la-cellule-terroriste-d-abou-iyadh-au-15-juin\/221186\/","title":{"rendered":"Tunisie \u2013 Affaire Belaid : Report du proc\u00e8s de la cellule terroriste d\u2019Abou Iyadh au 15 juin"},"content":{"rendered":"<p>La chambre criminelle sp\u00e9cialis\u00e9e dans les affaires de terrorisme aupr\u00e8s du tribunal de premi\u00e8re instance de Tunis a examin\u00e9, vendredi 11 avril 2025, le dossier d\u00e9mantel\u00e9 li\u00e9 \u00e0 la cellule de recrutement et d\u2019incitation \u00e0 l\u2019assassinat du martyr Chokri Belaid.<\/p>\n<p>\t\t\t\t\t\t\t\t\tL\u2019enqu\u00eate concerne plusieurs figures du mouvement interdit Ansar al-Charia, notamment son chef, le terroriste Seifallah Ben Hassine, alias Abou Iyadh, un imam de la mosqu\u00e9e du quartier El Khadra connu pour sa proximit\u00e9 avec ce dernier, ainsi que le dirigeant du mouvement Slaim Kantari (alias Abou Ayoub), le responsable de la branche m\u00e9diatique du groupe, Afif El Amouri, et d&rsquo;autres accus\u00e9s, dont Sami Sayyed et Ahmed Rouissi.<\/p>\n<p>Les avocats de certains pr\u00e9venus ont demand\u00e9 un report afin de mieux consulter le dossier et pr\u00e9parer leur d\u00e9fense. Un avocat repr\u00e9sentant les membres du collectif de d\u00e9fense du martyr Chokri Belaid a \u00e9galement sollicit\u00e9 un d\u00e9lai suppl\u00e9mentaire pour \u00e9toffer ses requ\u00eates. La cour a acc\u00e9d\u00e9 \u00e0 ces demandes et d\u00e9cid\u00e9 de reporter l\u2019audience au 15 juin prochain.<\/p>\n<p>Une cellule accus\u00e9e de planification et d\u2019incitation<\/p>\n<p>Selon le dossier, les membres de cette cellule sont accus\u00e9s d\u2019avoir planifi\u00e9 et incit\u00e9 \u00e0 l\u2019assassinat de Chokri Belaid, tout en constituant une aile m\u00e9diatique pour Ansar al-Charia afin de recruter des jeunes, les embrigader dans des cellules terroristes, assurer un soutien financier, diffuser de fausses informations, documenter les op\u00e9rations terroristes et redorer l\u2019image des terroristes retranch\u00e9s dans les montagnes.<\/p>\n<p>Peines allant de l\u2019acquittement \u00e0 120 ans de prison<\/p>\n<p>Pour rappel, la m\u00eame chambre criminelle avait d\u00e9j\u00e0 rendu ses jugements dans le dossier principal de l\u2019assassinat de Chokri Belaid, pronon\u00e7ant la peine de mort contre quatre accus\u00e9s : Mohamed Amine Kacem (le conducteur du scooter), Ezzeddine Abdellaoui (un agent de s\u00e9curit\u00e9 r\u00e9voqu\u00e9), Mohamed Aouadi (chef de l\u2019aile militaire) &#8211; ces deux derniers ayant assist\u00e9 \u00e0 une r\u00e9union au domicile d\u2019Abou Iyadh \u00e0 Hammam-Lif o\u00f9 l\u2019assassinat avait \u00e9t\u00e9 valid\u00e9.<\/p>\n<p>La peine de mort a \u00e9galement \u00e9t\u00e9 prononc\u00e9e contre Mohamed El Akkari, chef de la s\u00e9curit\u00e9 du mouvement interdit, tandis que Mohamed Ali Dammak, qui a lou\u00e9 la voiture utilis\u00e9e dans le crime, et le m\u00e9decin Abderraouf Talbi ont \u00e9t\u00e9 condamn\u00e9s \u00e0 la prison \u00e0 perp\u00e9tuit\u00e9. D\u2019autres condamnations vont de l&rsquo;acquittement \u00e0 un total de 120 ans de prison, selon les peines cumul\u00e9es inflig\u00e9es individuellement \u00e0 certains accus\u00e9s.<\/p>\n<p>Certaines peines ont \u00e9t\u00e9 assorties de l\u2019ex\u00e9cution imm\u00e9diate. Par ailleurs, la justice a class\u00e9 sans suite les charges contre cinq accus\u00e9s au motif qu\u2019ils avaient d\u00e9j\u00e0 \u00e9t\u00e9 poursuivis pour les m\u00eames faits dans d&rsquo;autres affaires. Tous les accus\u00e9s sont soumis \u00e0 un contr\u00f4le administratif d\u2019une dur\u00e9e de 3 \u00e0 5 ans.<\/p>\n<p>La cour a \u00e9galement condamn\u00e9 Ahmed Melki (alias \u201cSomali\u201d) \u00e0 30 ans de prison, Mohamed El Omri \u00e0 30 ans, Karim El Kelai \u00e0 20 ans, Saber El Mechergui \u00e0 20 ans, Yasser El Moulhi \u00e0 18 ans, Riadh El Ouertani \u00e0 20 ans, Houssem Mezlini \u00e0 8 ans, et t a acquitt\u00e9 Seifeddine El Arfaoui.<\/p>\n","protected":false},"excerpt":{"rendered":"<p>Affaire Chokri Belaid : le proc\u00e8s de la cellule terroriste d&rsquo;incitation \u00e0 l&rsquo;assassinat impliquant Abou Iyadh et des figures d\u2019Ansar al-Charia a \u00e9t\u00e9 report\u00e9 au 1&#8230;<\/p>\n","protected":false},"author":3162,"featured_media":241202,"comment_status":"open","ping_status":"open","sticky":false,"template":"","format":"standard","meta":{"footnotes":""},"categories":[44],"tags":[3263,3260,3262,3261,2845,2608],"class_list":["post-221186","post","type-post","status-publish","format-standard","has-post-thumbnail","hentry","category-national","tag-abou-iyadh","tag-assassinat","tag-chokri-belaid","tag-proces","tag-terrorisme","tag-tunisie"],"yoast_head":"<!-- This site is optimized with the Yoast SEO Premium plugin v27.4 (Yoast SEO v27.5) - https:\/\/yoast.com\/product\/yoast-seo-premium-wordpress\/ -->\n<title>Tunisie \u2013 Affaire Belaid : Report du proc\u00e8s de la cellule terroriste d\u2019Abou Iyadh au 15 juin<\/title>\n<meta name=\"description\" content=\"Affaire Chokri Belaid : le proc\u00e8s de la cellule terroriste d&#039;incitation \u00e0 l&#039;assassinat impliquant Abou Iyadh et des figures d\u2019Ansar al-Charia a \u00e9t\u00e9 report\u00e9 au 1...\" \/>\n<link rel=\"canonical\" href=\"https:\/\/www.webdo.tn\/fr\/actualite\/national\/tunisie-affaire-belaid-report-du-proces-de-la-cellule-terroriste-d-abou-iyadh-au-15-juin\/221186\/\" \/>\n<meta property=\"og:locale\" content=\"fr_FR\" \/>\n<meta property=\"og:type\" content=\"article\" \/>\n<meta property=\"og:title\" content=\"Tunisie \u2013 Affaire Belaid : Report du proc\u00e8s de la cellule terroriste d\u2019Abou Iyadh au 15 juin\" \/>\n<meta property=\"og:description\" content=\"Affaire Chokri Belaid : le proc\u00e8s de la cellule terroriste d&#039;incitation \u00e0 l&#039;assassinat impliquant Abou Iyadh et des figures d\u2019Ansar al-Charia a \u00e9t\u00e9 report\u00e9 au 1...\" \/>\n<meta property=\"og:url\" content=\"https:\/\/www.webdo.tn\/fr\/actualite\/national\/tunisie-affaire-belaid-report-du-proces-de-la-cellule-terroriste-d-abou-iyadh-au-15-juin\/221186\/\" \/>\n<meta property=\"og:site_name\" content=\"webdo\" \/>\n<meta property=\"article:publisher\" content=\"https:\/\/www.facebook.com\/webdotn\" \/>\n<meta property=\"article:published_time\" content=\"2025-04-12T12:52:00+00:00\" \/>\n<meta property=\"article:modified_time\" content=\"2025-05-20T21:41:20+00:00\" \/>\n<meta property=\"og:image\" content=\"https:\/\/www.webdo.tn\/fr\/wp-content\/uploads\/2025\/05\/c6815c573808e6602450dc4d5bef9222-3.webp\" \/>\n\t<meta property=\"og:image:width\" content=\"750\" \/>\n\t<meta property=\"og:image:height\" content=\"400\" \/>\n\t<meta property=\"og:image:type\" content=\"image\/webp\" \/>\n<meta name=\"author\" content=\"MC\" \/>\n<meta name=\"twitter:card\" content=\"summary_large_image\" \/>\n<meta name=\"twitter:creator\" content=\"@webdo_tn\" \/>\n<meta name=\"twitter:site\" content=\"@webdo_tn\" \/>\n<meta name=\"twitter:label1\" content=\"\u00c9crit par\" \/>\n\t<meta name=\"twitter:data1\" content=\"MC\" \/>\n\t<meta name=\"twitter:label2\" content=\"Dur\u00e9e de lecture estim\u00e9e\" \/>\n\t<meta name=\"twitter:data2\" content=\"3 minutes\" \/>\n<script type=\"application\/ld+json\" class=\"yoast-schema-graph\">{\"@context\":\"https:\\\/\\\/schema.org\",\"@graph\":[{\"@type\":\"NewsArticle\",\"@id\":\"https:\\\/\\\/www.webdo.tn\\\/fr\\\/actualite\\\/national\\\/tunisie-affaire-belaid-report-du-proces-de-la-cellule-terroriste-d-abou-iyadh-au-15-juin\\\/221186\\\/#article\",\"isPartOf\":{\"@id\":\"https:\\\/\\\/www.webdo.tn\\\/fr\\\/actualite\\\/national\\\/tunisie-affaire-belaid-report-du-proces-de-la-cellule-terroriste-d-abou-iyadh-au-15-juin\\\/221186\\\/\"},\"author\":{\"name\":\"MC\",\"@id\":\"https:\\\/\\\/www.webdo.tn\\\/fr\\\/#\\\/schema\\\/person\\\/2c4929cbf5a809e3bd38617c6ce150f6\"},\"headline\":\"Tunisie \u2013 Affaire Belaid : Report du proc\u00e8s de la cellule terroriste d\u2019Abou Iyadh au 15 juin\",\"datePublished\":\"2025-04-12T12:52:00+00:00\",\"dateModified\":\"2025-05-20T21:41:20+00:00\",\"mainEntityOfPage\":{\"@id\":\"https:\\\/\\\/www.webdo.tn\\\/fr\\\/actualite\\\/national\\\/tunisie-affaire-belaid-report-du-proces-de-la-cellule-terroriste-d-abou-iyadh-au-15-juin\\\/221186\\\/\"},\"wordCount\":534,\"commentCount\":0,\"publisher\":{\"@id\":\"https:\\\/\\\/www.webdo.tn\\\/fr\\\/#organization\"},\"image\":{\"@id\":\"https:\\\/\\\/www.webdo.tn\\\/fr\\\/actualite\\\/national\\\/tunisie-affaire-belaid-report-du-proces-de-la-cellule-terroriste-d-abou-iyadh-au-15-juin\\\/221186\\\/#primaryimage\"},\"thumbnailUrl\":\"https:\\\/\\\/www.webdo.tn\\\/fr\\\/wp-content\\\/uploads\\\/2025\\\/05\\\/c6815c573808e6602450dc4d5bef9222-3.webp\",\"keywords\":[\"abou iyadh\",\"assassinat\",\"chokri belaid\",\"proc\u00e8s\",\"Terrorisme\",\"Tunisie\"],\"articleSection\":[\"National\"],\"inLanguage\":\"fr-FR\"},{\"@type\":\"WebPage\",\"@id\":\"https:\\\/\\\/www.webdo.tn\\\/fr\\\/actualite\\\/national\\\/tunisie-affaire-belaid-report-du-proces-de-la-cellule-terroriste-d-abou-iyadh-au-15-juin\\\/221186\\\/\",\"url\":\"https:\\\/\\\/www.webdo.tn\\\/fr\\\/actualite\\\/national\\\/tunisie-affaire-belaid-report-du-proces-de-la-cellule-terroriste-d-abou-iyadh-au-15-juin\\\/221186\\\/\",\"name\":\"Tunisie \u2013 Affaire Belaid : Report du proc\u00e8s de la cellule terroriste d\u2019Abou Iyadh au 15 juin\",\"isPartOf\":{\"@id\":\"https:\\\/\\\/www.webdo.tn\\\/fr\\\/#website\"},\"primaryImageOfPage\":{\"@id\":\"https:\\\/\\\/www.webdo.tn\\\/fr\\\/actualite\\\/national\\\/tunisie-affaire-belaid-report-du-proces-de-la-cellule-terroriste-d-abou-iyadh-au-15-juin\\\/221186\\\/#primaryimage\"},\"image\":{\"@id\":\"https:\\\/\\\/www.webdo.tn\\\/fr\\\/actualite\\\/national\\\/tunisie-affaire-belaid-report-du-proces-de-la-cellule-terroriste-d-abou-iyadh-au-15-juin\\\/221186\\\/#primaryimage\"},\"thumbnailUrl\":\"https:\\\/\\\/www.webdo.tn\\\/fr\\\/wp-content\\\/uploads\\\/2025\\\/05\\\/c6815c573808e6602450dc4d5bef9222-3.webp\",\"datePublished\":\"2025-04-12T12:52:00+00:00\",\"dateModified\":\"2025-05-20T21:41:20+00:00\",\"description\":\"Affaire Chokri Belaid : le proc\u00e8s de la cellule terroriste d'incitation \u00e0 l'assassinat impliquant Abou Iyadh et des figures d\u2019Ansar al-Charia a \u00e9t\u00e9 report\u00e9 au 1...\",\"breadcrumb\":{\"@id\":\"https:\\\/\\\/www.webdo.tn\\\/fr\\\/actualite\\\/national\\\/tunisie-affaire-belaid-report-du-proces-de-la-cellule-terroriste-d-abou-iyadh-au-15-juin\\\/221186\\\/#breadcrumb\"},\"inLanguage\":\"fr-FR\",\"potentialAction\":[{\"@type\":\"ReadAction\",\"target\":[\"https:\\\/\\\/www.webdo.tn\\\/fr\\\/actualite\\\/national\\\/tunisie-affaire-belaid-report-du-proces-de-la-cellule-terroriste-d-abou-iyadh-au-15-juin\\\/221186\\\/\"]}]},{\"@type\":\"ImageObject\",\"inLanguage\":\"fr-FR\",\"@id\":\"https:\\\/\\\/www.webdo.tn\\\/fr\\\/actualite\\\/national\\\/tunisie-affaire-belaid-report-du-proces-de-la-cellule-terroriste-d-abou-iyadh-au-15-juin\\\/221186\\\/#primaryimage\",\"url\":\"https:\\\/\\\/www.webdo.tn\\\/fr\\\/wp-content\\\/uploads\\\/2025\\\/05\\\/c6815c573808e6602450dc4d5bef9222-3.webp\",\"contentUrl\":\"https:\\\/\\\/www.webdo.tn\\\/fr\\\/wp-content\\\/uploads\\\/2025\\\/05\\\/c6815c573808e6602450dc4d5bef9222-3.webp\",\"width\":750,\"height\":400},{\"@type\":\"BreadcrumbList\",\"@id\":\"https:\\\/\\\/www.webdo.tn\\\/fr\\\/actualite\\\/national\\\/tunisie-affaire-belaid-report-du-proces-de-la-cellule-terroriste-d-abou-iyadh-au-15-juin\\\/221186\\\/#breadcrumb\",\"itemListElement\":[{\"@type\":\"ListItem\",\"position\":1,\"name\":\"Accueil\",\"item\":\"https:\\\/\\\/www.webdo.tn\\\/fr\\\/\"},{\"@type\":\"ListItem\",\"position\":2,\"name\":\"Tunisie \u2013 Affaire Belaid : Report du proc\u00e8s de la cellule terroriste d\u2019Abou Iyadh au 15 juin\"}]},{\"@type\":\"WebSite\",\"@id\":\"https:\\\/\\\/www.webdo.tn\\\/fr\\\/#website\",\"url\":\"https:\\\/\\\/www.webdo.tn\\\/fr\\\/\",\"name\":\"webdo\",\"description\":\"Tunisie - News en Tunisie et \u00e0 l&#039;international sur Webdo.tn\",\"publisher\":{\"@id\":\"https:\\\/\\\/www.webdo.tn\\\/fr\\\/#organization\"},\"potentialAction\":[{\"@type\":\"SearchAction\",\"target\":{\"@type\":\"EntryPoint\",\"urlTemplate\":\"https:\\\/\\\/www.webdo.tn\\\/fr\\\/?s={search_term_string}\"},\"query-input\":{\"@type\":\"PropertyValueSpecification\",\"valueRequired\":true,\"valueName\":\"search_term_string\"}}],\"inLanguage\":\"fr-FR\"},{\"@type\":\"Organization\",\"@id\":\"https:\\\/\\\/www.webdo.tn\\\/fr\\\/#organization\",\"name\":\"Webdo\",\"alternateName\":\"Webdo.tn\",\"url\":\"https:\\\/\\\/www.webdo.tn\\\/fr\\\/\",\"logo\":{\"@type\":\"ImageObject\",\"inLanguage\":\"fr-FR\",\"@id\":\"https:\\\/\\\/www.webdo.tn\\\/fr\\\/#\\\/schema\\\/logo\\\/image\\\/\",\"url\":\"https:\\\/\\\/www.webdo.tn\\\/fr\\\/wp-content\\\/uploads\\\/2025\\\/06\\\/Webdo-Tunisie_168377.jpg\",\"contentUrl\":\"https:\\\/\\\/www.webdo.tn\\\/fr\\\/wp-content\\\/uploads\\\/2025\\\/06\\\/Webdo-Tunisie_168377.jpg\",\"width\":301,\"height\":301,\"caption\":\"Webdo\"},\"image\":{\"@id\":\"https:\\\/\\\/www.webdo.tn\\\/fr\\\/#\\\/schema\\\/logo\\\/image\\\/\"},\"sameAs\":[\"https:\\\/\\\/www.facebook.com\\\/webdotn\",\"https:\\\/\\\/x.com\\\/webdo_tn\"],\"description\":\"Webdo est un m\u00e9dia num\u00e9rique tunisien fond\u00e9 en 2010, sp\u00e9cialis\u00e9 dans l\u2019actualit\u00e9 nationale et internationale, l\u2019\u00e9conomie, la soci\u00e9t\u00e9 et les analyses politiques. Le site s\u2019adresse \u00e0 un large public francophone et couvre l\u2019information tunisienne en temps r\u00e9el.\",\"email\":\"redac@webdo.tn\",\"legalName\":\"YNJ SARL\",\"foundingDate\":\"2010-09-06\",\"numberOfEmployees\":{\"@type\":\"QuantitativeValue\",\"minValue\":\"11\",\"maxValue\":\"50\"}},{\"@type\":\"Person\",\"@id\":\"https:\\\/\\\/www.webdo.tn\\\/fr\\\/#\\\/schema\\\/person\\\/2c4929cbf5a809e3bd38617c6ce150f6\",\"name\":\"MC\",\"image\":{\"@type\":\"ImageObject\",\"inLanguage\":\"fr-FR\",\"@id\":\"https:\\\/\\\/secure.gravatar.com\\\/avatar\\\/a545bbb6f84efdd5553dbbc2895e3ca8f1d12c5215e00a041c9670b54aa9b18a?s=96&d=mm&r=g\",\"url\":\"https:\\\/\\\/secure.gravatar.com\\\/avatar\\\/a545bbb6f84efdd5553dbbc2895e3ca8f1d12c5215e00a041c9670b54aa9b18a?s=96&d=mm&r=g\",\"contentUrl\":\"https:\\\/\\\/secure.gravatar.com\\\/avatar\\\/a545bbb6f84efdd5553dbbc2895e3ca8f1d12c5215e00a041c9670b54aa9b18a?s=96&d=mm&r=g\",\"caption\":\"MC\"},\"url\":\"https:\\\/\\\/www.webdo.tn\\\/fr\\\/actualite\\\/author\\\/mc\\\/\"}]}<\/script>\n<!-- \/ Yoast SEO Premium plugin. -->","yoast_head_json":{"title":"Tunisie \u2013 Affaire Belaid : Report du proc\u00e8s de la cellule terroriste d\u2019Abou Iyadh au 15 juin","description":"Affaire Chokri Belaid : le proc\u00e8s de la cellule terroriste d'incitation \u00e0 l'assassinat impliquant Abou Iyadh et des figures d\u2019Ansar al-Charia a \u00e9t\u00e9 report\u00e9 au 1...","canonical":"https:\/\/www.webdo.tn\/fr\/actualite\/national\/tunisie-affaire-belaid-report-du-proces-de-la-cellule-terroriste-d-abou-iyadh-au-15-juin\/221186\/","og_locale":"fr_FR","og_type":"article","og_title":"Tunisie \u2013 Affaire Belaid : Report du proc\u00e8s de la cellule terroriste d\u2019Abou Iyadh au 15 juin","og_description":"Affaire Chokri Belaid : le proc\u00e8s de la cellule terroriste d'incitation \u00e0 l'assassinat impliquant Abou Iyadh et des figures d\u2019Ansar al-Charia a \u00e9t\u00e9 report\u00e9 au 1...","og_url":"https:\/\/www.webdo.tn\/fr\/actualite\/national\/tunisie-affaire-belaid-report-du-proces-de-la-cellule-terroriste-d-abou-iyadh-au-15-juin\/221186\/","og_site_name":"webdo","article_publisher":"https:\/\/www.facebook.com\/webdotn","article_published_time":"2025-04-12T12:52:00+00:00","article_modified_time":"2025-05-20T21:41:20+00:00","og_image":[{"width":750,"height":400,"url":"https:\/\/www.webdo.tn\/fr\/wp-content\/uploads\/2025\/05\/c6815c573808e6602450dc4d5bef9222-3.webp","type":"image\/webp"}],"author":"MC","twitter_card":"summary_large_image","twitter_creator":"@webdo_tn","twitter_site":"@webdo_tn","twitter_misc":{"\u00c9crit par":"MC","Dur\u00e9e de lecture estim\u00e9e":"3 minutes"},"schema":{"@context":"https:\/\/schema.org","@graph":[{"@type":"NewsArticle","@id":"https:\/\/www.webdo.tn\/fr\/actualite\/national\/tunisie-affaire-belaid-report-du-proces-de-la-cellule-terroriste-d-abou-iyadh-au-15-juin\/221186\/#article","isPartOf":{"@id":"https:\/\/www.webdo.tn\/fr\/actualite\/national\/tunisie-affaire-belaid-report-du-proces-de-la-cellule-terroriste-d-abou-iyadh-au-15-juin\/221186\/"},"author":{"name":"MC","@id":"https:\/\/www.webdo.tn\/fr\/#\/schema\/person\/2c4929cbf5a809e3bd38617c6ce150f6"},"headline":"Tunisie \u2013 Affaire Belaid : Report du proc\u00e8s de la cellule terroriste d\u2019Abou Iyadh au 15 juin","datePublished":"2025-04-12T12:52:00+00:00","dateModified":"2025-05-20T21:41:20+00:00","mainEntityOfPage":{"@id":"https:\/\/www.webdo.tn\/fr\/actualite\/national\/tunisie-affaire-belaid-report-du-proces-de-la-cellule-terroriste-d-abou-iyadh-au-15-juin\/221186\/"},"wordCount":534,"commentCount":0,"publisher":{"@id":"https:\/\/www.webdo.tn\/fr\/#organization"},"image":{"@id":"https:\/\/www.webdo.tn\/fr\/actualite\/national\/tunisie-affaire-belaid-report-du-proces-de-la-cellule-terroriste-d-abou-iyadh-au-15-juin\/221186\/#primaryimage"},"thumbnailUrl":"https:\/\/www.webdo.tn\/fr\/wp-content\/uploads\/2025\/05\/c6815c573808e6602450dc4d5bef9222-3.webp","keywords":["abou iyadh","assassinat","chokri belaid","proc\u00e8s","Terrorisme","Tunisie"],"articleSection":["National"],"inLanguage":"fr-FR"},{"@type":"WebPage","@id":"https:\/\/www.webdo.tn\/fr\/actualite\/national\/tunisie-affaire-belaid-report-du-proces-de-la-cellule-terroriste-d-abou-iyadh-au-15-juin\/221186\/","url":"https:\/\/www.webdo.tn\/fr\/actualite\/national\/tunisie-affaire-belaid-report-du-proces-de-la-cellule-terroriste-d-abou-iyadh-au-15-juin\/221186\/","name":"Tunisie \u2013 Affaire Belaid : Report du proc\u00e8s de la cellule terroriste d\u2019Abou Iyadh au 15 juin","isPartOf":{"@id":"https:\/\/www.webdo.tn\/fr\/#website"},"primaryImageOfPage":{"@id":"https:\/\/www.webdo.tn\/fr\/actualite\/national\/tunisie-affaire-belaid-report-du-proces-de-la-cellule-terroriste-d-abou-iyadh-au-15-juin\/221186\/#primaryimage"},"image":{"@id":"https:\/\/www.webdo.tn\/fr\/actualite\/national\/tunisie-affaire-belaid-report-du-proces-de-la-cellule-terroriste-d-abou-iyadh-au-15-juin\/221186\/#primaryimage"},"thumbnailUrl":"https:\/\/www.webdo.tn\/fr\/wp-content\/uploads\/2025\/05\/c6815c573808e6602450dc4d5bef9222-3.webp","datePublished":"2025-04-12T12:52:00+00:00","dateModified":"2025-05-20T21:41:20+00:00","description":"Affaire Chokri Belaid : le proc\u00e8s de la cellule terroriste d'incitation \u00e0 l'assassinat impliquant Abou Iyadh et des figures d\u2019Ansar al-Charia a \u00e9t\u00e9 report\u00e9 au 1...","breadcrumb":{"@id":"https:\/\/www.webdo.tn\/fr\/actualite\/national\/tunisie-affaire-belaid-report-du-proces-de-la-cellule-terroriste-d-abou-iyadh-au-15-juin\/221186\/#breadcrumb"},"inLanguage":"fr-FR","potentialAction":[{"@type":"ReadAction","target":["https:\/\/www.webdo.tn\/fr\/actualite\/national\/tunisie-affaire-belaid-report-du-proces-de-la-cellule-terroriste-d-abou-iyadh-au-15-juin\/221186\/"]}]},{"@type":"ImageObject","inLanguage":"fr-FR","@id":"https:\/\/www.webdo.tn\/fr\/actualite\/national\/tunisie-affaire-belaid-report-du-proces-de-la-cellule-terroriste-d-abou-iyadh-au-15-juin\/221186\/#primaryimage","url":"https:\/\/www.webdo.tn\/fr\/wp-content\/uploads\/2025\/05\/c6815c573808e6602450dc4d5bef9222-3.webp","contentUrl":"https:\/\/www.webdo.tn\/fr\/wp-content\/uploads\/2025\/05\/c6815c573808e6602450dc4d5bef9222-3.webp","width":750,"height":400},{"@type":"BreadcrumbList","@id":"https:\/\/www.webdo.tn\/fr\/actualite\/national\/tunisie-affaire-belaid-report-du-proces-de-la-cellule-terroriste-d-abou-iyadh-au-15-juin\/221186\/#breadcrumb","itemListElement":[{"@type":"ListItem","position":1,"name":"Accueil","item":"https:\/\/www.webdo.tn\/fr\/"},{"@type":"ListItem","position":2,"name":"Tunisie \u2013 Affaire Belaid : Report du proc\u00e8s de la cellule terroriste d\u2019Abou Iyadh au 15 juin"}]},{"@type":"WebSite","@id":"https:\/\/www.webdo.tn\/fr\/#website","url":"https:\/\/www.webdo.tn\/fr\/","name":"webdo","description":"Tunisie - News en Tunisie et \u00e0 l&#039;international sur Webdo.tn","publisher":{"@id":"https:\/\/www.webdo.tn\/fr\/#organization"},"potentialAction":[{"@type":"SearchAction","target":{"@type":"EntryPoint","urlTemplate":"https:\/\/www.webdo.tn\/fr\/?s={search_term_string}"},"query-input":{"@type":"PropertyValueSpecification","valueRequired":true,"valueName":"search_term_string"}}],"inLanguage":"fr-FR"},{"@type":"Organization","@id":"https:\/\/www.webdo.tn\/fr\/#organization","name":"Webdo","alternateName":"Webdo.tn","url":"https:\/\/www.webdo.tn\/fr\/","logo":{"@type":"ImageObject","inLanguage":"fr-FR","@id":"https:\/\/www.webdo.tn\/fr\/#\/schema\/logo\/image\/","url":"https:\/\/www.webdo.tn\/fr\/wp-content\/uploads\/2025\/06\/Webdo-Tunisie_168377.jpg","contentUrl":"https:\/\/www.webdo.tn\/fr\/wp-content\/uploads\/2025\/06\/Webdo-Tunisie_168377.jpg","width":301,"height":301,"caption":"Webdo"},"image":{"@id":"https:\/\/www.webdo.tn\/fr\/#\/schema\/logo\/image\/"},"sameAs":["https:\/\/www.facebook.com\/webdotn","https:\/\/x.com\/webdo_tn"],"description":"Webdo est un m\u00e9dia num\u00e9rique tunisien fond\u00e9 en 2010, sp\u00e9cialis\u00e9 dans l\u2019actualit\u00e9 nationale et internationale, l\u2019\u00e9conomie, la soci\u00e9t\u00e9 et les analyses politiques. Le site s\u2019adresse \u00e0 un large public francophone et couvre l\u2019information tunisienne en temps r\u00e9el.","email":"redac@webdo.tn","legalName":"YNJ SARL","foundingDate":"2010-09-06","numberOfEmployees":{"@type":"QuantitativeValue","minValue":"11","maxValue":"50"}},{"@type":"Person","@id":"https:\/\/www.webdo.tn\/fr\/#\/schema\/person\/2c4929cbf5a809e3bd38617c6ce150f6","name":"MC","image":{"@type":"ImageObject","inLanguage":"fr-FR","@id":"https:\/\/secure.gravatar.com\/avatar\/a545bbb6f84efdd5553dbbc2895e3ca8f1d12c5215e00a041c9670b54aa9b18a?s=96&d=mm&r=g","url":"https:\/\/secure.gravatar.com\/avatar\/a545bbb6f84efdd5553dbbc2895e3ca8f1d12c5215e00a041c9670b54aa9b18a?s=96&d=mm&r=g","contentUrl":"https:\/\/secure.gravatar.com\/avatar\/a545bbb6f84efdd5553dbbc2895e3ca8f1d12c5215e00a041c9670b54aa9b18a?s=96&d=mm&r=g","caption":"MC"},"url":"https:\/\/www.webdo.tn\/fr\/actualite\/author\/mc\/"}]}},"_links":{"self":[{"href":"https:\/\/www.webdo.tn\/fr\/wp-json\/wp\/v2\/posts\/221186","targetHints":{"allow":["GET"]}}],"collection":[{"href":"https:\/\/www.webdo.tn\/fr\/wp-json\/wp\/v2\/posts"}],"about":[{"href":"https:\/\/www.webdo.tn\/fr\/wp-json\/wp\/v2\/types\/post"}],"author":[{"embeddable":true,"href":"https:\/\/www.webdo.tn\/fr\/wp-json\/wp\/v2\/users\/3162"}],"replies":[{"embeddable":true,"href":"https:\/\/www.webdo.tn\/fr\/wp-json\/wp\/v2\/comments?post=221186"}],"version-history":[{"count":0,"href":"https:\/\/www.webdo.tn\/fr\/wp-json\/wp\/v2\/posts\/221186\/revisions"}],"wp:featuredmedia":[{"embeddable":true,"href":"https:\/\/www.webdo.tn\/fr\/wp-json\/wp\/v2\/media\/241202"}],"wp:attachment":[{"href":"https:\/\/www.webdo.tn\/fr\/wp-json\/wp\/v2\/media?parent=221186"}],"wp:term":[{"taxonomy":"category","embeddable":true,"href":"https:\/\/www.webdo.tn\/fr\/wp-json\/wp\/v2\/categories?post=221186"},{"taxonomy":"post_tag","embeddable":true,"href":"https:\/\/www.webdo.tn\/fr\/wp-json\/wp\/v2\/tags?post=221186"}],"curies":[{"name":"wp","href":"https:\/\/api.w.org\/{rel}","templated":true}]}}