{"id":221172,"date":"2025-04-12T09:04:00","date_gmt":"2025-04-12T09:04:00","guid":{"rendered":"https:\/\/www.webdo.tn\/fr\/blog\/tunisie-la-lutte-contre-le-criquet-pelerin-sous-controle\/221172\/"},"modified":"2025-05-20T22:17:32","modified_gmt":"2025-05-20T22:17:32","slug":"tunisie-la-lutte-contre-le-criquet-pelerin-sous-controle","status":"publish","type":"post","link":"https:\/\/www.webdo.tn\/fr\/actualite\/national\/tunisie-la-lutte-contre-le-criquet-pelerin-sous-controle\/221172\/","title":{"rendered":"Tunisie : La lutte contre le criquet p\u00e8lerin sous contr\u00f4le"},"content":{"rendered":"<p>Le ministre de l\u2019Agriculture, Ezzeddine Ben Cheikh, a assur\u00e9 ce vendredi que la Tunisie est parvenue \u00e0 contenir l\u2019invasion de criquets p\u00e8lerins gr\u00e2ce \u00e0 une strat\u00e9gie anticipative et une coordination intersectorielle efficace.<\/p>\n<p>\t\t\t\t\t\t\t\t\tIntervenant en marge du Symposium international sur les plantes aromatiques et m\u00e9dicinales, organis\u00e9 du 11 au 13 avril \u00e0 Djerba, le ministre a pr\u00e9cis\u00e9 que la situation est actuellement sous contr\u00f4le, avec 1 400 hectares d\u00e9j\u00e0 trait\u00e9s dans les zones touch\u00e9es.<\/p>\n<p>Selon lui, cette r\u00e9ussite est le fruit de la synergie entre plusieurs d\u00e9partements, dont ceux de l\u2019Agriculture, de l\u2019Int\u00e9rieur, de la D\u00e9fense et des collectivit\u00e9s locales. Il a salu\u00e9 les efforts des \u00e9quipes d\u00e9ploy\u00e9es sur le terrain, notamment dans les gouvernorats de la premi\u00e8re ligne, qui ont permis de freiner la progression des criquets vers d\u2019autres r\u00e9gions.<\/p>\n<p>\u00c0 M\u00e9denine, le commissaire r\u00e9gional au d\u00e9veloppement agricole a indiqu\u00e9 que 95 hectares ont \u00e9t\u00e9 trait\u00e9s, dont 35 hectares situ\u00e9s dans la r\u00e9serve naturelle de Sidi Toui, o\u00f9 un traitement biologique a \u00e9t\u00e9 privil\u00e9gi\u00e9 afin de pr\u00e9server l\u2019\u00e9quilibre de la faune locale.<\/p>\n<p>Il a soulign\u00e9 que l\u2019infestation est ma\u00eetris\u00e9e \u00e0 ce stade, mais que la vigilance reste de mise. Des op\u00e9rations de surveillance continue sont en cours pour d\u00e9tecter toute r\u00e9surgence \u00e9ventuelle et garantir une intervention rapide si n\u00e9cessaire.<\/p>\n","protected":false},"excerpt":{"rendered":"<p>Le ministre de l\u2019Agriculture annonce que l\u2019invasion des criquets p\u00e8lerins est ma\u00eetris\u00e9e en Tunisie gr\u00e2ce \u00e0 des actions coordonn\u00e9es et \u00e0 des traitements cibl\u00e9s s&#8230;<\/p>\n","protected":false},"author":3162,"featured_media":292206,"comment_status":"open","ping_status":"closed","sticky":false,"template":"","format":"standard","meta":{"footnotes":""},"categories":[44],"tags":[3271,2806,2608],"class_list":["post-221172","post","type-post","status-publish","format-standard","has-post-thumbnail","hentry","category-national","tag-agriculture","tag-criquet-pelerin","tag-tunisie"],"yoast_head":"<!-- This site is optimized with the Yoast SEO Premium plugin v27.5 (Yoast SEO v27.5) - https:\/\/yoast.com\/product\/yoast-seo-premium-wordpress\/ -->\n<title>Tunisie : La lutte contre le criquet p\u00e8lerin sous contr\u00f4le<\/title>\n<meta name=\"description\" content=\"Le ministre de l\u2019Agriculture annonce que l\u2019invasion des criquets p\u00e8lerins est ma\u00eetris\u00e9e en Tunisie gr\u00e2ce \u00e0 des actions coordonn\u00e9es et \u00e0 des traitements cibl\u00e9s s...\" \/>\n<link rel=\"canonical\" href=\"https:\/\/www.webdo.tn\/fr\/actualite\/national\/tunisie-la-lutte-contre-le-criquet-pelerin-sous-controle\/221172\/\" \/>\n<meta property=\"og:locale\" content=\"fr_FR\" \/>\n<meta property=\"og:type\" content=\"article\" \/>\n<meta property=\"og:title\" content=\"Tunisie : La lutte contre le criquet p\u00e8lerin sous contr\u00f4le\" \/>\n<meta property=\"og:description\" content=\"Le ministre de l\u2019Agriculture annonce que l\u2019invasion des criquets p\u00e8lerins est ma\u00eetris\u00e9e en Tunisie gr\u00e2ce \u00e0 des actions coordonn\u00e9es et \u00e0 des traitements cibl\u00e9s s...\" \/>\n<meta property=\"og:url\" content=\"https:\/\/www.webdo.tn\/fr\/actualite\/national\/tunisie-la-lutte-contre-le-criquet-pelerin-sous-controle\/221172\/\" \/>\n<meta property=\"og:site_name\" content=\"webdo\" \/>\n<meta property=\"article:publisher\" content=\"https:\/\/www.facebook.com\/webdotn\" \/>\n<meta property=\"article:published_time\" content=\"2025-04-12T09:04:00+00:00\" \/>\n<meta property=\"article:modified_time\" content=\"2025-05-20T22:17:32+00:00\" \/>\n<meta property=\"og:image\" content=\"https:\/\/www.webdo.tn\/fr\/wp-content\/uploads\/2025\/04\/7eac1da6f344e1c5c8d10337123d2325.webp\" \/>\n\t<meta property=\"og:image:width\" content=\"750\" \/>\n\t<meta property=\"og:image:height\" content=\"400\" \/>\n\t<meta property=\"og:image:type\" content=\"image\/webp\" \/>\n<meta name=\"author\" content=\"MC\" \/>\n<meta name=\"twitter:card\" content=\"summary_large_image\" \/>\n<meta name=\"twitter:creator\" content=\"@webdo_tn\" \/>\n<meta name=\"twitter:site\" content=\"@webdo_tn\" \/>\n<meta name=\"twitter:label1\" content=\"\u00c9crit par\" \/>\n\t<meta name=\"twitter:data1\" content=\"MC\" \/>\n\t<meta name=\"twitter:label2\" content=\"Dur\u00e9e de lecture estim\u00e9e\" \/>\n\t<meta name=\"twitter:data2\" content=\"1 minute\" \/>\n<script type=\"application\/ld+json\" class=\"yoast-schema-graph\">{\"@context\":\"https:\\\/\\\/schema.org\",\"@graph\":[{\"@type\":\"NewsArticle\",\"@id\":\"https:\\\/\\\/www.webdo.tn\\\/fr\\\/actualite\\\/national\\\/tunisie-la-lutte-contre-le-criquet-pelerin-sous-controle\\\/221172\\\/#article\",\"isPartOf\":{\"@id\":\"https:\\\/\\\/www.webdo.tn\\\/fr\\\/actualite\\\/national\\\/tunisie-la-lutte-contre-le-criquet-pelerin-sous-controle\\\/221172\\\/\"},\"author\":{\"name\":\"MC\",\"@id\":\"https:\\\/\\\/www.webdo.tn\\\/fr\\\/#\\\/schema\\\/person\\\/2c4929cbf5a809e3bd38617c6ce150f6\"},\"headline\":\"Tunisie : La lutte contre le criquet p\u00e8lerin sous contr\u00f4le\",\"datePublished\":\"2025-04-12T09:04:00+00:00\",\"dateModified\":\"2025-05-20T22:17:32+00:00\",\"mainEntityOfPage\":{\"@id\":\"https:\\\/\\\/www.webdo.tn\\\/fr\\\/actualite\\\/national\\\/tunisie-la-lutte-contre-le-criquet-pelerin-sous-controle\\\/221172\\\/\"},\"wordCount\":248,\"commentCount\":0,\"publisher\":{\"@id\":\"https:\\\/\\\/www.webdo.tn\\\/fr\\\/#organization\"},\"image\":{\"@id\":\"https:\\\/\\\/www.webdo.tn\\\/fr\\\/actualite\\\/national\\\/tunisie-la-lutte-contre-le-criquet-pelerin-sous-controle\\\/221172\\\/#primaryimage\"},\"thumbnailUrl\":\"https:\\\/\\\/www.webdo.tn\\\/fr\\\/wp-content\\\/uploads\\\/2025\\\/04\\\/7eac1da6f344e1c5c8d10337123d2325.webp\",\"keywords\":[\"agriculture\",\"criquet p\u00e8lerin\",\"Tunisie\"],\"articleSection\":[\"National\"],\"inLanguage\":\"fr-FR\"},{\"@type\":\"WebPage\",\"@id\":\"https:\\\/\\\/www.webdo.tn\\\/fr\\\/actualite\\\/national\\\/tunisie-la-lutte-contre-le-criquet-pelerin-sous-controle\\\/221172\\\/\",\"url\":\"https:\\\/\\\/www.webdo.tn\\\/fr\\\/actualite\\\/national\\\/tunisie-la-lutte-contre-le-criquet-pelerin-sous-controle\\\/221172\\\/\",\"name\":\"Tunisie : La lutte contre le criquet p\u00e8lerin sous contr\u00f4le\",\"isPartOf\":{\"@id\":\"https:\\\/\\\/www.webdo.tn\\\/fr\\\/#website\"},\"primaryImageOfPage\":{\"@id\":\"https:\\\/\\\/www.webdo.tn\\\/fr\\\/actualite\\\/national\\\/tunisie-la-lutte-contre-le-criquet-pelerin-sous-controle\\\/221172\\\/#primaryimage\"},\"image\":{\"@id\":\"https:\\\/\\\/www.webdo.tn\\\/fr\\\/actualite\\\/national\\\/tunisie-la-lutte-contre-le-criquet-pelerin-sous-controle\\\/221172\\\/#primaryimage\"},\"thumbnailUrl\":\"https:\\\/\\\/www.webdo.tn\\\/fr\\\/wp-content\\\/uploads\\\/2025\\\/04\\\/7eac1da6f344e1c5c8d10337123d2325.webp\",\"datePublished\":\"2025-04-12T09:04:00+00:00\",\"dateModified\":\"2025-05-20T22:17:32+00:00\",\"description\":\"Le ministre de l\u2019Agriculture annonce que l\u2019invasion des criquets p\u00e8lerins est ma\u00eetris\u00e9e en Tunisie gr\u00e2ce \u00e0 des actions coordonn\u00e9es et \u00e0 des traitements cibl\u00e9s s...\",\"breadcrumb\":{\"@id\":\"https:\\\/\\\/www.webdo.tn\\\/fr\\\/actualite\\\/national\\\/tunisie-la-lutte-contre-le-criquet-pelerin-sous-controle\\\/221172\\\/#breadcrumb\"},\"inLanguage\":\"fr-FR\",\"potentialAction\":[{\"@type\":\"ReadAction\",\"target\":[\"https:\\\/\\\/www.webdo.tn\\\/fr\\\/actualite\\\/national\\\/tunisie-la-lutte-contre-le-criquet-pelerin-sous-controle\\\/221172\\\/\"]}]},{\"@type\":\"ImageObject\",\"inLanguage\":\"fr-FR\",\"@id\":\"https:\\\/\\\/www.webdo.tn\\\/fr\\\/actualite\\\/national\\\/tunisie-la-lutte-contre-le-criquet-pelerin-sous-controle\\\/221172\\\/#primaryimage\",\"url\":\"https:\\\/\\\/www.webdo.tn\\\/fr\\\/wp-content\\\/uploads\\\/2025\\\/04\\\/7eac1da6f344e1c5c8d10337123d2325.webp\",\"contentUrl\":\"https:\\\/\\\/www.webdo.tn\\\/fr\\\/wp-content\\\/uploads\\\/2025\\\/04\\\/7eac1da6f344e1c5c8d10337123d2325.webp\",\"width\":750,\"height\":400,\"caption\":\"Tunisie : La lutte contre le criquet p\u00e8lerin sous contr\u00f4le\"},{\"@type\":\"BreadcrumbList\",\"@id\":\"https:\\\/\\\/www.webdo.tn\\\/fr\\\/actualite\\\/national\\\/tunisie-la-lutte-contre-le-criquet-pelerin-sous-controle\\\/221172\\\/#breadcrumb\",\"itemListElement\":[{\"@type\":\"ListItem\",\"position\":1,\"name\":\"Accueil\",\"item\":\"https:\\\/\\\/www.webdo.tn\\\/fr\\\/\"},{\"@type\":\"ListItem\",\"position\":2,\"name\":\"Tunisie : La lutte contre le criquet p\u00e8lerin sous contr\u00f4le\"}]},{\"@type\":\"WebSite\",\"@id\":\"https:\\\/\\\/www.webdo.tn\\\/fr\\\/#website\",\"url\":\"https:\\\/\\\/www.webdo.tn\\\/fr\\\/\",\"name\":\"webdo\",\"description\":\"Tunisie - News en Tunisie et \u00e0 l&#039;international sur Webdo.tn\",\"publisher\":{\"@id\":\"https:\\\/\\\/www.webdo.tn\\\/fr\\\/#organization\"},\"potentialAction\":[{\"@type\":\"SearchAction\",\"target\":{\"@type\":\"EntryPoint\",\"urlTemplate\":\"https:\\\/\\\/www.webdo.tn\\\/fr\\\/?s={search_term_string}\"},\"query-input\":{\"@type\":\"PropertyValueSpecification\",\"valueRequired\":true,\"valueName\":\"search_term_string\"}}],\"inLanguage\":\"fr-FR\"},{\"@type\":\"Organization\",\"@id\":\"https:\\\/\\\/www.webdo.tn\\\/fr\\\/#organization\",\"name\":\"Webdo\",\"alternateName\":\"Webdo.tn\",\"url\":\"https:\\\/\\\/www.webdo.tn\\\/fr\\\/\",\"logo\":{\"@type\":\"ImageObject\",\"inLanguage\":\"fr-FR\",\"@id\":\"https:\\\/\\\/www.webdo.tn\\\/fr\\\/#\\\/schema\\\/logo\\\/image\\\/\",\"url\":\"https:\\\/\\\/www.webdo.tn\\\/fr\\\/wp-content\\\/uploads\\\/2025\\\/06\\\/Webdo-Tunisie_168377.jpg\",\"contentUrl\":\"https:\\\/\\\/www.webdo.tn\\\/fr\\\/wp-content\\\/uploads\\\/2025\\\/06\\\/Webdo-Tunisie_168377.jpg\",\"width\":301,\"height\":301,\"caption\":\"Webdo\"},\"image\":{\"@id\":\"https:\\\/\\\/www.webdo.tn\\\/fr\\\/#\\\/schema\\\/logo\\\/image\\\/\"},\"sameAs\":[\"https:\\\/\\\/www.facebook.com\\\/webdotn\",\"https:\\\/\\\/x.com\\\/webdo_tn\"],\"description\":\"Webdo est un m\u00e9dia num\u00e9rique tunisien fond\u00e9 en 2010, sp\u00e9cialis\u00e9 dans l\u2019actualit\u00e9 nationale et internationale, l\u2019\u00e9conomie, la soci\u00e9t\u00e9 et les analyses politiques. Le site s\u2019adresse \u00e0 un large public francophone et couvre l\u2019information tunisienne en temps r\u00e9el.\",\"email\":\"redac@webdo.tn\",\"legalName\":\"YNJ SARL\",\"foundingDate\":\"2010-09-06\",\"numberOfEmployees\":{\"@type\":\"QuantitativeValue\",\"minValue\":\"11\",\"maxValue\":\"50\"}},{\"@type\":\"Person\",\"@id\":\"https:\\\/\\\/www.webdo.tn\\\/fr\\\/#\\\/schema\\\/person\\\/2c4929cbf5a809e3bd38617c6ce150f6\",\"name\":\"MC\",\"image\":{\"@type\":\"ImageObject\",\"inLanguage\":\"fr-FR\",\"@id\":\"https:\\\/\\\/secure.gravatar.com\\\/avatar\\\/a545bbb6f84efdd5553dbbc2895e3ca8f1d12c5215e00a041c9670b54aa9b18a?s=96&d=mm&r=g\",\"url\":\"https:\\\/\\\/secure.gravatar.com\\\/avatar\\\/a545bbb6f84efdd5553dbbc2895e3ca8f1d12c5215e00a041c9670b54aa9b18a?s=96&d=mm&r=g\",\"contentUrl\":\"https:\\\/\\\/secure.gravatar.com\\\/avatar\\\/a545bbb6f84efdd5553dbbc2895e3ca8f1d12c5215e00a041c9670b54aa9b18a?s=96&d=mm&r=g\",\"caption\":\"MC\"},\"url\":\"https:\\\/\\\/www.webdo.tn\\\/fr\\\/actualite\\\/author\\\/mc\\\/\"}]}<\/script>\n<!-- \/ Yoast SEO Premium plugin. -->","yoast_head_json":{"title":"Tunisie : La lutte contre le criquet p\u00e8lerin sous contr\u00f4le","description":"Le ministre de l\u2019Agriculture annonce que l\u2019invasion des criquets p\u00e8lerins est ma\u00eetris\u00e9e en Tunisie gr\u00e2ce \u00e0 des actions coordonn\u00e9es et \u00e0 des traitements cibl\u00e9s s...","canonical":"https:\/\/www.webdo.tn\/fr\/actualite\/national\/tunisie-la-lutte-contre-le-criquet-pelerin-sous-controle\/221172\/","og_locale":"fr_FR","og_type":"article","og_title":"Tunisie : La lutte contre le criquet p\u00e8lerin sous contr\u00f4le","og_description":"Le ministre de l\u2019Agriculture annonce que l\u2019invasion des criquets p\u00e8lerins est ma\u00eetris\u00e9e en Tunisie gr\u00e2ce \u00e0 des actions coordonn\u00e9es et \u00e0 des traitements cibl\u00e9s s...","og_url":"https:\/\/www.webdo.tn\/fr\/actualite\/national\/tunisie-la-lutte-contre-le-criquet-pelerin-sous-controle\/221172\/","og_site_name":"webdo","article_publisher":"https:\/\/www.facebook.com\/webdotn","article_published_time":"2025-04-12T09:04:00+00:00","article_modified_time":"2025-05-20T22:17:32+00:00","og_image":[{"width":750,"height":400,"url":"https:\/\/www.webdo.tn\/fr\/wp-content\/uploads\/2025\/04\/7eac1da6f344e1c5c8d10337123d2325.webp","type":"image\/webp"}],"author":"MC","twitter_card":"summary_large_image","twitter_creator":"@webdo_tn","twitter_site":"@webdo_tn","twitter_misc":{"\u00c9crit par":"MC","Dur\u00e9e de lecture estim\u00e9e":"1 minute"},"schema":{"@context":"https:\/\/schema.org","@graph":[{"@type":"NewsArticle","@id":"https:\/\/www.webdo.tn\/fr\/actualite\/national\/tunisie-la-lutte-contre-le-criquet-pelerin-sous-controle\/221172\/#article","isPartOf":{"@id":"https:\/\/www.webdo.tn\/fr\/actualite\/national\/tunisie-la-lutte-contre-le-criquet-pelerin-sous-controle\/221172\/"},"author":{"name":"MC","@id":"https:\/\/www.webdo.tn\/fr\/#\/schema\/person\/2c4929cbf5a809e3bd38617c6ce150f6"},"headline":"Tunisie : La lutte contre le criquet p\u00e8lerin sous contr\u00f4le","datePublished":"2025-04-12T09:04:00+00:00","dateModified":"2025-05-20T22:17:32+00:00","mainEntityOfPage":{"@id":"https:\/\/www.webdo.tn\/fr\/actualite\/national\/tunisie-la-lutte-contre-le-criquet-pelerin-sous-controle\/221172\/"},"wordCount":248,"commentCount":0,"publisher":{"@id":"https:\/\/www.webdo.tn\/fr\/#organization"},"image":{"@id":"https:\/\/www.webdo.tn\/fr\/actualite\/national\/tunisie-la-lutte-contre-le-criquet-pelerin-sous-controle\/221172\/#primaryimage"},"thumbnailUrl":"https:\/\/www.webdo.tn\/fr\/wp-content\/uploads\/2025\/04\/7eac1da6f344e1c5c8d10337123d2325.webp","keywords":["agriculture","criquet p\u00e8lerin","Tunisie"],"articleSection":["National"],"inLanguage":"fr-FR"},{"@type":"WebPage","@id":"https:\/\/www.webdo.tn\/fr\/actualite\/national\/tunisie-la-lutte-contre-le-criquet-pelerin-sous-controle\/221172\/","url":"https:\/\/www.webdo.tn\/fr\/actualite\/national\/tunisie-la-lutte-contre-le-criquet-pelerin-sous-controle\/221172\/","name":"Tunisie : La lutte contre le criquet p\u00e8lerin sous contr\u00f4le","isPartOf":{"@id":"https:\/\/www.webdo.tn\/fr\/#website"},"primaryImageOfPage":{"@id":"https:\/\/www.webdo.tn\/fr\/actualite\/national\/tunisie-la-lutte-contre-le-criquet-pelerin-sous-controle\/221172\/#primaryimage"},"image":{"@id":"https:\/\/www.webdo.tn\/fr\/actualite\/national\/tunisie-la-lutte-contre-le-criquet-pelerin-sous-controle\/221172\/#primaryimage"},"thumbnailUrl":"https:\/\/www.webdo.tn\/fr\/wp-content\/uploads\/2025\/04\/7eac1da6f344e1c5c8d10337123d2325.webp","datePublished":"2025-04-12T09:04:00+00:00","dateModified":"2025-05-20T22:17:32+00:00","description":"Le ministre de l\u2019Agriculture annonce que l\u2019invasion des criquets p\u00e8lerins est ma\u00eetris\u00e9e en Tunisie gr\u00e2ce \u00e0 des actions coordonn\u00e9es et \u00e0 des traitements cibl\u00e9s s...","breadcrumb":{"@id":"https:\/\/www.webdo.tn\/fr\/actualite\/national\/tunisie-la-lutte-contre-le-criquet-pelerin-sous-controle\/221172\/#breadcrumb"},"inLanguage":"fr-FR","potentialAction":[{"@type":"ReadAction","target":["https:\/\/www.webdo.tn\/fr\/actualite\/national\/tunisie-la-lutte-contre-le-criquet-pelerin-sous-controle\/221172\/"]}]},{"@type":"ImageObject","inLanguage":"fr-FR","@id":"https:\/\/www.webdo.tn\/fr\/actualite\/national\/tunisie-la-lutte-contre-le-criquet-pelerin-sous-controle\/221172\/#primaryimage","url":"https:\/\/www.webdo.tn\/fr\/wp-content\/uploads\/2025\/04\/7eac1da6f344e1c5c8d10337123d2325.webp","contentUrl":"https:\/\/www.webdo.tn\/fr\/wp-content\/uploads\/2025\/04\/7eac1da6f344e1c5c8d10337123d2325.webp","width":750,"height":400,"caption":"Tunisie : La lutte contre le criquet p\u00e8lerin sous contr\u00f4le"},{"@type":"BreadcrumbList","@id":"https:\/\/www.webdo.tn\/fr\/actualite\/national\/tunisie-la-lutte-contre-le-criquet-pelerin-sous-controle\/221172\/#breadcrumb","itemListElement":[{"@type":"ListItem","position":1,"name":"Accueil","item":"https:\/\/www.webdo.tn\/fr\/"},{"@type":"ListItem","position":2,"name":"Tunisie : La lutte contre le criquet p\u00e8lerin sous contr\u00f4le"}]},{"@type":"WebSite","@id":"https:\/\/www.webdo.tn\/fr\/#website","url":"https:\/\/www.webdo.tn\/fr\/","name":"webdo","description":"Tunisie - News en Tunisie et \u00e0 l&#039;international sur Webdo.tn","publisher":{"@id":"https:\/\/www.webdo.tn\/fr\/#organization"},"potentialAction":[{"@type":"SearchAction","target":{"@type":"EntryPoint","urlTemplate":"https:\/\/www.webdo.tn\/fr\/?s={search_term_string}"},"query-input":{"@type":"PropertyValueSpecification","valueRequired":true,"valueName":"search_term_string"}}],"inLanguage":"fr-FR"},{"@type":"Organization","@id":"https:\/\/www.webdo.tn\/fr\/#organization","name":"Webdo","alternateName":"Webdo.tn","url":"https:\/\/www.webdo.tn\/fr\/","logo":{"@type":"ImageObject","inLanguage":"fr-FR","@id":"https:\/\/www.webdo.tn\/fr\/#\/schema\/logo\/image\/","url":"https:\/\/www.webdo.tn\/fr\/wp-content\/uploads\/2025\/06\/Webdo-Tunisie_168377.jpg","contentUrl":"https:\/\/www.webdo.tn\/fr\/wp-content\/uploads\/2025\/06\/Webdo-Tunisie_168377.jpg","width":301,"height":301,"caption":"Webdo"},"image":{"@id":"https:\/\/www.webdo.tn\/fr\/#\/schema\/logo\/image\/"},"sameAs":["https:\/\/www.facebook.com\/webdotn","https:\/\/x.com\/webdo_tn"],"description":"Webdo est un m\u00e9dia num\u00e9rique tunisien fond\u00e9 en 2010, sp\u00e9cialis\u00e9 dans l\u2019actualit\u00e9 nationale et internationale, l\u2019\u00e9conomie, la soci\u00e9t\u00e9 et les analyses politiques. Le site s\u2019adresse \u00e0 un large public francophone et couvre l\u2019information tunisienne en temps r\u00e9el.","email":"redac@webdo.tn","legalName":"YNJ SARL","foundingDate":"2010-09-06","numberOfEmployees":{"@type":"QuantitativeValue","minValue":"11","maxValue":"50"}},{"@type":"Person","@id":"https:\/\/www.webdo.tn\/fr\/#\/schema\/person\/2c4929cbf5a809e3bd38617c6ce150f6","name":"MC","image":{"@type":"ImageObject","inLanguage":"fr-FR","@id":"https:\/\/secure.gravatar.com\/avatar\/a545bbb6f84efdd5553dbbc2895e3ca8f1d12c5215e00a041c9670b54aa9b18a?s=96&d=mm&r=g","url":"https:\/\/secure.gravatar.com\/avatar\/a545bbb6f84efdd5553dbbc2895e3ca8f1d12c5215e00a041c9670b54aa9b18a?s=96&d=mm&r=g","contentUrl":"https:\/\/secure.gravatar.com\/avatar\/a545bbb6f84efdd5553dbbc2895e3ca8f1d12c5215e00a041c9670b54aa9b18a?s=96&d=mm&r=g","caption":"MC"},"url":"https:\/\/www.webdo.tn\/fr\/actualite\/author\/mc\/"}]}},"_links":{"self":[{"href":"https:\/\/www.webdo.tn\/fr\/wp-json\/wp\/v2\/posts\/221172","targetHints":{"allow":["GET"]}}],"collection":[{"href":"https:\/\/www.webdo.tn\/fr\/wp-json\/wp\/v2\/posts"}],"about":[{"href":"https:\/\/www.webdo.tn\/fr\/wp-json\/wp\/v2\/types\/post"}],"author":[{"embeddable":true,"href":"https:\/\/www.webdo.tn\/fr\/wp-json\/wp\/v2\/users\/3162"}],"replies":[{"embeddable":true,"href":"https:\/\/www.webdo.tn\/fr\/wp-json\/wp\/v2\/comments?post=221172"}],"version-history":[{"count":0,"href":"https:\/\/www.webdo.tn\/fr\/wp-json\/wp\/v2\/posts\/221172\/revisions"}],"wp:featuredmedia":[{"embeddable":true,"href":"https:\/\/www.webdo.tn\/fr\/wp-json\/wp\/v2\/media\/292206"}],"wp:attachment":[{"href":"https:\/\/www.webdo.tn\/fr\/wp-json\/wp\/v2\/media?parent=221172"}],"wp:term":[{"taxonomy":"category","embeddable":true,"href":"https:\/\/www.webdo.tn\/fr\/wp-json\/wp\/v2\/categories?post=221172"},{"taxonomy":"post_tag","embeddable":true,"href":"https:\/\/www.webdo.tn\/fr\/wp-json\/wp\/v2\/tags?post=221172"}],"curies":[{"name":"wp","href":"https:\/\/api.w.org\/{rel}","templated":true}]}}