{"id":221166,"date":"2025-04-11T18:47:00","date_gmt":"2025-04-11T18:47:00","guid":{"rendered":"https:\/\/www.webdo.tn\/fr\/blog\/2025\/04\/11\/tunisie-le-deficit-commercial-s-aggrave-au-premier-trimestre-2025\/"},"modified":"2025-05-17T20:06:58","modified_gmt":"2025-05-17T20:06:58","slug":"tunisie-le-deficit-commercial-s-aggrave-au-premier-trimestre-2025","status":"publish","type":"post","link":"https:\/\/www.webdo.tn\/fr\/actualite\/national\/tunisie-le-deficit-commercial-s-aggrave-au-premier-trimestre-2025\/221166\/","title":{"rendered":"Tunisie : Le d\u00e9ficit commercial s\u2019aggrave au premier trimestre 2025"},"content":{"rendered":"<p>Le commerce ext\u00e9rieur tunisien a connu une d\u00e9t\u00e9rioration marqu\u00e9e au premier trimestre 2025, avec un d\u00e9ficit commercial atteignant 5 050,5 millions de dinars (MD) contre 3 027,3 MD \u00e0 la m\u00eame p\u00e9riode en 2024, soit une aggravation de 66,8 %, selon les donn\u00e9es publi\u00e9es vendredi par l\u2019Institut national de la statistique (INS).<\/p>\n<p>\t\t\t\t\t\t\t\t\tLe taux de couverture des importations par les exportations a chut\u00e9 \u00e0 75,2 %, contre 84,3 % un an plus t\u00f4t. Cette baisse s\u2019explique par une diminution des exportations et une hausse des importations. Le d\u00e9ficit est principalement creus\u00e9 par :<\/p>\n<p>\tLe secteur \u00e9nerg\u00e9tique : -2 881,7 MD,<br \/>\n\tLes mati\u00e8res premi\u00e8res et demi-produits : -1 616,2 MD,<br \/>\n\tLes biens d\u2019\u00e9quipement : -927,9 MD,<br \/>\n\tLes biens de consommation : -239,5 MD.<\/p>\n<p>Seule exception, le secteur de l\u2019alimentation a g\u00e9n\u00e9r\u00e9 un exc\u00e9dent de 614,8 MD.<\/p>\n<p>Baisse des exportations et mutations des \u00e9changes<br \/>\nLes exportations tunisiennes ont chut\u00e9 de 5,9 %, atteignant 15 325,1 MD. Plusieurs secteurs sont touch\u00e9s :<\/p>\n<p>\t\u00c9nergie : -34 %, en raison de la baisse des ventes de produits raffin\u00e9s (78,2 MD contre 499,3 MD en 2024).<br \/>\n\tIndustries agroalimentaires : -18 %, impact\u00e9es par la chute des ventes d\u2019huile d\u2019olive (1 442,3 MD contre 1 879,8 MD).<br \/>\n\tIndustries m\u00e9caniques et \u00e9lectriques : -2,4 %.<br \/>\n\tTextile, habillement et cuir : -2,6 %.<br \/>\n\tMines, phosphates et d\u00e9riv\u00e9s : -8,6 %.<\/p>\n<p>Les \u00e9changes avec l\u2019Union europ\u00e9enne, qui repr\u00e9sentent 70,1 % des exportations tunisiennes, ont diminu\u00e9 \u00e0 10 736,9 MD contre 11 620,5 MD un an plus t\u00f4t. Si les exportations vers l\u2019Allemagne (+7,8 %) et les Pays-Bas (+13,4 %) ont progress\u00e9, elles ont recul\u00e9 vers la France (-5,7 %), l\u2019Italie (-11,3 %) et l\u2019Espagne (-35,3 %).<\/p>\n<p>En revanche, les exportations vers les pays arabes sont en hausse : +39,6 % vers la Libye, +38,6 % vers le Maroc, +15,3 % vers l\u2019Alg\u00e9rie et +155,7 % vers l\u2019\u00c9gypte.<\/p>\n<p>Ces tendances indiquent une restructuration des flux commerciaux, marqu\u00e9e par un repli des exportations europ\u00e9ennes et une orientation accrue vers les march\u00e9s r\u00e9gionaux.<\/p>\n","protected":false},"excerpt":{"rendered":"<p>Le d\u00e9ficit commercial de la Tunisie s\u2019est aggrav\u00e9 au premier trimestre 2025, atteignant 5 050,5 MD, soit une hausse de 66,8 % par rapport \u00e0 2024. Les exportatio&#8230;<\/p>\n","protected":false},"author":3203,"featured_media":241238,"comment_status":"open","ping_status":"open","sticky":false,"template":"","format":"standard","meta":{"footnotes":""},"categories":[44],"tags":[3294,3293],"class_list":["post-221166","post","type-post","status-publish","format-standard","has-post-thumbnail","hentry","category-national","tag-commerce-exterieur-tunisie","tag-deficit-commercial-tunisie-2025"],"yoast_head":"<!-- This site is optimized with the Yoast SEO Premium plugin v27.5 (Yoast SEO v27.5) - https:\/\/yoast.com\/product\/yoast-seo-premium-wordpress\/ -->\n<title>Tunisie : Le d\u00e9ficit commercial s\u2019aggrave au premier trimestre 2025<\/title>\n<meta name=\"description\" content=\"Le d\u00e9ficit commercial de la Tunisie s\u2019est aggrav\u00e9 au premier trimestre 2025, atteignant 5 050,5 MD, soit une hausse de 66,8 % par rapport \u00e0 2024. Les exportatio...\" \/>\n<link rel=\"canonical\" href=\"https:\/\/www.webdo.tn\/fr\/actualite\/national\/tunisie-le-deficit-commercial-s-aggrave-au-premier-trimestre-2025\/221166\/\" \/>\n<meta property=\"og:locale\" content=\"fr_FR\" \/>\n<meta property=\"og:type\" content=\"article\" \/>\n<meta property=\"og:title\" content=\"Tunisie : Le d\u00e9ficit commercial s\u2019aggrave au premier trimestre 2025\" \/>\n<meta property=\"og:description\" content=\"Le d\u00e9ficit commercial de la Tunisie s\u2019est aggrav\u00e9 au premier trimestre 2025, atteignant 5 050,5 MD, soit une hausse de 66,8 % par rapport \u00e0 2024. Les exportatio...\" \/>\n<meta property=\"og:url\" content=\"https:\/\/www.webdo.tn\/fr\/actualite\/national\/tunisie-le-deficit-commercial-s-aggrave-au-premier-trimestre-2025\/221166\/\" \/>\n<meta property=\"og:site_name\" content=\"webdo\" \/>\n<meta property=\"article:publisher\" content=\"https:\/\/www.facebook.com\/webdotn\" \/>\n<meta property=\"article:published_time\" content=\"2025-04-11T18:47:00+00:00\" \/>\n<meta property=\"article:modified_time\" content=\"2025-05-17T20:06:58+00:00\" \/>\n<meta property=\"og:image\" content=\"https:\/\/www.webdo.tn\/fr\/wp-content\/uploads\/2025\/05\/5cc1b45886a0f2a8fd29f359db27cd8d-3.webp\" \/>\n\t<meta property=\"og:image:width\" content=\"750\" \/>\n\t<meta property=\"og:image:height\" content=\"400\" \/>\n\t<meta property=\"og:image:type\" content=\"image\/webp\" \/>\n<meta name=\"author\" content=\"Ramzi Haddad\" \/>\n<meta name=\"twitter:card\" content=\"summary_large_image\" \/>\n<meta name=\"twitter:creator\" content=\"@webdo_tn\" \/>\n<meta name=\"twitter:site\" content=\"@webdo_tn\" \/>\n<meta name=\"twitter:label1\" content=\"\u00c9crit par\" \/>\n\t<meta name=\"twitter:data1\" content=\"Ramzi Haddad\" \/>\n\t<meta name=\"twitter:label2\" content=\"Dur\u00e9e de lecture estim\u00e9e\" \/>\n\t<meta name=\"twitter:data2\" content=\"2 minutes\" \/>\n<script type=\"application\/ld+json\" class=\"yoast-schema-graph\">{\"@context\":\"https:\\\/\\\/schema.org\",\"@graph\":[{\"@type\":\"NewsArticle\",\"@id\":\"https:\\\/\\\/www.webdo.tn\\\/fr\\\/actualite\\\/national\\\/tunisie-le-deficit-commercial-s-aggrave-au-premier-trimestre-2025\\\/221166\\\/#article\",\"isPartOf\":{\"@id\":\"https:\\\/\\\/www.webdo.tn\\\/fr\\\/actualite\\\/national\\\/tunisie-le-deficit-commercial-s-aggrave-au-premier-trimestre-2025\\\/221166\\\/\"},\"author\":{\"name\":\"Ramzi Haddad\",\"@id\":\"https:\\\/\\\/www.webdo.tn\\\/fr\\\/#\\\/schema\\\/person\\\/5663044c25eb36d8f88ba5b653f12f8c\"},\"headline\":\"Tunisie : Le d\u00e9ficit commercial s\u2019aggrave au premier trimestre 2025\",\"datePublished\":\"2025-04-11T18:47:00+00:00\",\"dateModified\":\"2025-05-17T20:06:58+00:00\",\"mainEntityOfPage\":{\"@id\":\"https:\\\/\\\/www.webdo.tn\\\/fr\\\/actualite\\\/national\\\/tunisie-le-deficit-commercial-s-aggrave-au-premier-trimestre-2025\\\/221166\\\/\"},\"wordCount\":316,\"commentCount\":0,\"publisher\":{\"@id\":\"https:\\\/\\\/www.webdo.tn\\\/fr\\\/#organization\"},\"image\":{\"@id\":\"https:\\\/\\\/www.webdo.tn\\\/fr\\\/actualite\\\/national\\\/tunisie-le-deficit-commercial-s-aggrave-au-premier-trimestre-2025\\\/221166\\\/#primaryimage\"},\"thumbnailUrl\":\"https:\\\/\\\/www.webdo.tn\\\/fr\\\/wp-content\\\/uploads\\\/2025\\\/05\\\/5cc1b45886a0f2a8fd29f359db27cd8d-3.webp\",\"keywords\":[\"commerce ext\u00e9rieur Tunisie\",\"d\u00e9ficit commercial Tunisie 2025\"],\"articleSection\":[\"National\"],\"inLanguage\":\"fr-FR\"},{\"@type\":\"WebPage\",\"@id\":\"https:\\\/\\\/www.webdo.tn\\\/fr\\\/actualite\\\/national\\\/tunisie-le-deficit-commercial-s-aggrave-au-premier-trimestre-2025\\\/221166\\\/\",\"url\":\"https:\\\/\\\/www.webdo.tn\\\/fr\\\/actualite\\\/national\\\/tunisie-le-deficit-commercial-s-aggrave-au-premier-trimestre-2025\\\/221166\\\/\",\"name\":\"Tunisie : Le d\u00e9ficit commercial s\u2019aggrave au premier trimestre 2025\",\"isPartOf\":{\"@id\":\"https:\\\/\\\/www.webdo.tn\\\/fr\\\/#website\"},\"primaryImageOfPage\":{\"@id\":\"https:\\\/\\\/www.webdo.tn\\\/fr\\\/actualite\\\/national\\\/tunisie-le-deficit-commercial-s-aggrave-au-premier-trimestre-2025\\\/221166\\\/#primaryimage\"},\"image\":{\"@id\":\"https:\\\/\\\/www.webdo.tn\\\/fr\\\/actualite\\\/national\\\/tunisie-le-deficit-commercial-s-aggrave-au-premier-trimestre-2025\\\/221166\\\/#primaryimage\"},\"thumbnailUrl\":\"https:\\\/\\\/www.webdo.tn\\\/fr\\\/wp-content\\\/uploads\\\/2025\\\/05\\\/5cc1b45886a0f2a8fd29f359db27cd8d-3.webp\",\"datePublished\":\"2025-04-11T18:47:00+00:00\",\"dateModified\":\"2025-05-17T20:06:58+00:00\",\"description\":\"Le d\u00e9ficit commercial de la Tunisie s\u2019est aggrav\u00e9 au premier trimestre 2025, atteignant 5 050,5 MD, soit une hausse de 66,8 % par rapport \u00e0 2024. Les exportatio...\",\"breadcrumb\":{\"@id\":\"https:\\\/\\\/www.webdo.tn\\\/fr\\\/actualite\\\/national\\\/tunisie-le-deficit-commercial-s-aggrave-au-premier-trimestre-2025\\\/221166\\\/#breadcrumb\"},\"inLanguage\":\"fr-FR\",\"potentialAction\":[{\"@type\":\"ReadAction\",\"target\":[\"https:\\\/\\\/www.webdo.tn\\\/fr\\\/actualite\\\/national\\\/tunisie-le-deficit-commercial-s-aggrave-au-premier-trimestre-2025\\\/221166\\\/\"]}]},{\"@type\":\"ImageObject\",\"inLanguage\":\"fr-FR\",\"@id\":\"https:\\\/\\\/www.webdo.tn\\\/fr\\\/actualite\\\/national\\\/tunisie-le-deficit-commercial-s-aggrave-au-premier-trimestre-2025\\\/221166\\\/#primaryimage\",\"url\":\"https:\\\/\\\/www.webdo.tn\\\/fr\\\/wp-content\\\/uploads\\\/2025\\\/05\\\/5cc1b45886a0f2a8fd29f359db27cd8d-3.webp\",\"contentUrl\":\"https:\\\/\\\/www.webdo.tn\\\/fr\\\/wp-content\\\/uploads\\\/2025\\\/05\\\/5cc1b45886a0f2a8fd29f359db27cd8d-3.webp\",\"width\":750,\"height\":400},{\"@type\":\"BreadcrumbList\",\"@id\":\"https:\\\/\\\/www.webdo.tn\\\/fr\\\/actualite\\\/national\\\/tunisie-le-deficit-commercial-s-aggrave-au-premier-trimestre-2025\\\/221166\\\/#breadcrumb\",\"itemListElement\":[{\"@type\":\"ListItem\",\"position\":1,\"name\":\"Accueil\",\"item\":\"https:\\\/\\\/www.webdo.tn\\\/fr\\\/\"},{\"@type\":\"ListItem\",\"position\":2,\"name\":\"Tunisie : Le d\u00e9ficit commercial s\u2019aggrave au premier trimestre 2025\"}]},{\"@type\":\"WebSite\",\"@id\":\"https:\\\/\\\/www.webdo.tn\\\/fr\\\/#website\",\"url\":\"https:\\\/\\\/www.webdo.tn\\\/fr\\\/\",\"name\":\"webdo\",\"description\":\"Tunisie - News en Tunisie et \u00e0 l&#039;international sur Webdo.tn\",\"publisher\":{\"@id\":\"https:\\\/\\\/www.webdo.tn\\\/fr\\\/#organization\"},\"potentialAction\":[{\"@type\":\"SearchAction\",\"target\":{\"@type\":\"EntryPoint\",\"urlTemplate\":\"https:\\\/\\\/www.webdo.tn\\\/fr\\\/?s={search_term_string}\"},\"query-input\":{\"@type\":\"PropertyValueSpecification\",\"valueRequired\":true,\"valueName\":\"search_term_string\"}}],\"inLanguage\":\"fr-FR\"},{\"@type\":\"Organization\",\"@id\":\"https:\\\/\\\/www.webdo.tn\\\/fr\\\/#organization\",\"name\":\"Webdo\",\"alternateName\":\"Webdo.tn\",\"url\":\"https:\\\/\\\/www.webdo.tn\\\/fr\\\/\",\"logo\":{\"@type\":\"ImageObject\",\"inLanguage\":\"fr-FR\",\"@id\":\"https:\\\/\\\/www.webdo.tn\\\/fr\\\/#\\\/schema\\\/logo\\\/image\\\/\",\"url\":\"https:\\\/\\\/www.webdo.tn\\\/fr\\\/wp-content\\\/uploads\\\/2025\\\/06\\\/Webdo-Tunisie_168377.jpg\",\"contentUrl\":\"https:\\\/\\\/www.webdo.tn\\\/fr\\\/wp-content\\\/uploads\\\/2025\\\/06\\\/Webdo-Tunisie_168377.jpg\",\"width\":301,\"height\":301,\"caption\":\"Webdo\"},\"image\":{\"@id\":\"https:\\\/\\\/www.webdo.tn\\\/fr\\\/#\\\/schema\\\/logo\\\/image\\\/\"},\"sameAs\":[\"https:\\\/\\\/www.facebook.com\\\/webdotn\",\"https:\\\/\\\/x.com\\\/webdo_tn\"],\"description\":\"Webdo est un m\u00e9dia num\u00e9rique tunisien fond\u00e9 en 2010, sp\u00e9cialis\u00e9 dans l\u2019actualit\u00e9 nationale et internationale, l\u2019\u00e9conomie, la soci\u00e9t\u00e9 et les analyses politiques. Le site s\u2019adresse \u00e0 un large public francophone et couvre l\u2019information tunisienne en temps r\u00e9el.\",\"email\":\"redac@webdo.tn\",\"legalName\":\"YNJ SARL\",\"foundingDate\":\"2010-09-06\",\"numberOfEmployees\":{\"@type\":\"QuantitativeValue\",\"minValue\":\"11\",\"maxValue\":\"50\"}},{\"@type\":\"Person\",\"@id\":\"https:\\\/\\\/www.webdo.tn\\\/fr\\\/#\\\/schema\\\/person\\\/5663044c25eb36d8f88ba5b653f12f8c\",\"name\":\"Ramzi Haddad\",\"image\":{\"@type\":\"ImageObject\",\"inLanguage\":\"fr-FR\",\"@id\":\"https:\\\/\\\/www.webdo.tn\\\/fr\\\/wp-content\\\/uploads\\\/2026\\\/04\\\/ramzi-haddad_avatar-96x96.jpg\",\"url\":\"https:\\\/\\\/www.webdo.tn\\\/fr\\\/wp-content\\\/uploads\\\/2026\\\/04\\\/ramzi-haddad_avatar-96x96.jpg\",\"contentUrl\":\"https:\\\/\\\/www.webdo.tn\\\/fr\\\/wp-content\\\/uploads\\\/2026\\\/04\\\/ramzi-haddad_avatar-96x96.jpg\",\"caption\":\"Ramzi Haddad\"},\"description\":\"Signature \u00e9ditoriale de Walid Ben Youssef Ramzi Haddad est le pseudonyme \u00e9ditorial de Walid Ben Youssef, fondateur et g\u00e9rant de Webdo.tn. Cette signature est d\u00e9di\u00e9e \u00e0 la couverture de l'actualit\u00e9 nationale et internationale, ainsi qu'aux analyses des dynamiques num\u00e9riques. Ce profil b\u00e9n\u00e9ficie de l'expertise de Walid Ben Youssef, pionnier du web en Tunisie depuis 2000 et dipl\u00f4m\u00e9 en Math\u00e9matiques pures de l'Universit\u00e9 d'Oregon. \u00c0 travers cette signature, la r\u00e9daction de Webdo garantit une information structur\u00e9e et v\u00e9rifi\u00e9e, fid\u00e8le aux standards journalistiques du m\u00e9dia.\",\"url\":\"https:\\\/\\\/www.webdo.tn\\\/fr\\\/actualite\\\/author\\\/ramzi-haddad\\\/\"}]}<\/script>\n<!-- \/ Yoast SEO Premium plugin. -->","yoast_head_json":{"title":"Tunisie : Le d\u00e9ficit commercial s\u2019aggrave au premier trimestre 2025","description":"Le d\u00e9ficit commercial de la Tunisie s\u2019est aggrav\u00e9 au premier trimestre 2025, atteignant 5 050,5 MD, soit une hausse de 66,8 % par rapport \u00e0 2024. Les exportatio...","canonical":"https:\/\/www.webdo.tn\/fr\/actualite\/national\/tunisie-le-deficit-commercial-s-aggrave-au-premier-trimestre-2025\/221166\/","og_locale":"fr_FR","og_type":"article","og_title":"Tunisie : Le d\u00e9ficit commercial s\u2019aggrave au premier trimestre 2025","og_description":"Le d\u00e9ficit commercial de la Tunisie s\u2019est aggrav\u00e9 au premier trimestre 2025, atteignant 5 050,5 MD, soit une hausse de 66,8 % par rapport \u00e0 2024. Les exportatio...","og_url":"https:\/\/www.webdo.tn\/fr\/actualite\/national\/tunisie-le-deficit-commercial-s-aggrave-au-premier-trimestre-2025\/221166\/","og_site_name":"webdo","article_publisher":"https:\/\/www.facebook.com\/webdotn","article_published_time":"2025-04-11T18:47:00+00:00","article_modified_time":"2025-05-17T20:06:58+00:00","og_image":[{"width":750,"height":400,"url":"https:\/\/www.webdo.tn\/fr\/wp-content\/uploads\/2025\/05\/5cc1b45886a0f2a8fd29f359db27cd8d-3.webp","type":"image\/webp"}],"author":"Ramzi Haddad","twitter_card":"summary_large_image","twitter_creator":"@webdo_tn","twitter_site":"@webdo_tn","twitter_misc":{"\u00c9crit par":"Ramzi Haddad","Dur\u00e9e de lecture estim\u00e9e":"2 minutes"},"schema":{"@context":"https:\/\/schema.org","@graph":[{"@type":"NewsArticle","@id":"https:\/\/www.webdo.tn\/fr\/actualite\/national\/tunisie-le-deficit-commercial-s-aggrave-au-premier-trimestre-2025\/221166\/#article","isPartOf":{"@id":"https:\/\/www.webdo.tn\/fr\/actualite\/national\/tunisie-le-deficit-commercial-s-aggrave-au-premier-trimestre-2025\/221166\/"},"author":{"name":"Ramzi Haddad","@id":"https:\/\/www.webdo.tn\/fr\/#\/schema\/person\/5663044c25eb36d8f88ba5b653f12f8c"},"headline":"Tunisie : Le d\u00e9ficit commercial s\u2019aggrave au premier trimestre 2025","datePublished":"2025-04-11T18:47:00+00:00","dateModified":"2025-05-17T20:06:58+00:00","mainEntityOfPage":{"@id":"https:\/\/www.webdo.tn\/fr\/actualite\/national\/tunisie-le-deficit-commercial-s-aggrave-au-premier-trimestre-2025\/221166\/"},"wordCount":316,"commentCount":0,"publisher":{"@id":"https:\/\/www.webdo.tn\/fr\/#organization"},"image":{"@id":"https:\/\/www.webdo.tn\/fr\/actualite\/national\/tunisie-le-deficit-commercial-s-aggrave-au-premier-trimestre-2025\/221166\/#primaryimage"},"thumbnailUrl":"https:\/\/www.webdo.tn\/fr\/wp-content\/uploads\/2025\/05\/5cc1b45886a0f2a8fd29f359db27cd8d-3.webp","keywords":["commerce ext\u00e9rieur Tunisie","d\u00e9ficit commercial Tunisie 2025"],"articleSection":["National"],"inLanguage":"fr-FR"},{"@type":"WebPage","@id":"https:\/\/www.webdo.tn\/fr\/actualite\/national\/tunisie-le-deficit-commercial-s-aggrave-au-premier-trimestre-2025\/221166\/","url":"https:\/\/www.webdo.tn\/fr\/actualite\/national\/tunisie-le-deficit-commercial-s-aggrave-au-premier-trimestre-2025\/221166\/","name":"Tunisie : Le d\u00e9ficit commercial s\u2019aggrave au premier trimestre 2025","isPartOf":{"@id":"https:\/\/www.webdo.tn\/fr\/#website"},"primaryImageOfPage":{"@id":"https:\/\/www.webdo.tn\/fr\/actualite\/national\/tunisie-le-deficit-commercial-s-aggrave-au-premier-trimestre-2025\/221166\/#primaryimage"},"image":{"@id":"https:\/\/www.webdo.tn\/fr\/actualite\/national\/tunisie-le-deficit-commercial-s-aggrave-au-premier-trimestre-2025\/221166\/#primaryimage"},"thumbnailUrl":"https:\/\/www.webdo.tn\/fr\/wp-content\/uploads\/2025\/05\/5cc1b45886a0f2a8fd29f359db27cd8d-3.webp","datePublished":"2025-04-11T18:47:00+00:00","dateModified":"2025-05-17T20:06:58+00:00","description":"Le d\u00e9ficit commercial de la Tunisie s\u2019est aggrav\u00e9 au premier trimestre 2025, atteignant 5 050,5 MD, soit une hausse de 66,8 % par rapport \u00e0 2024. Les exportatio...","breadcrumb":{"@id":"https:\/\/www.webdo.tn\/fr\/actualite\/national\/tunisie-le-deficit-commercial-s-aggrave-au-premier-trimestre-2025\/221166\/#breadcrumb"},"inLanguage":"fr-FR","potentialAction":[{"@type":"ReadAction","target":["https:\/\/www.webdo.tn\/fr\/actualite\/national\/tunisie-le-deficit-commercial-s-aggrave-au-premier-trimestre-2025\/221166\/"]}]},{"@type":"ImageObject","inLanguage":"fr-FR","@id":"https:\/\/www.webdo.tn\/fr\/actualite\/national\/tunisie-le-deficit-commercial-s-aggrave-au-premier-trimestre-2025\/221166\/#primaryimage","url":"https:\/\/www.webdo.tn\/fr\/wp-content\/uploads\/2025\/05\/5cc1b45886a0f2a8fd29f359db27cd8d-3.webp","contentUrl":"https:\/\/www.webdo.tn\/fr\/wp-content\/uploads\/2025\/05\/5cc1b45886a0f2a8fd29f359db27cd8d-3.webp","width":750,"height":400},{"@type":"BreadcrumbList","@id":"https:\/\/www.webdo.tn\/fr\/actualite\/national\/tunisie-le-deficit-commercial-s-aggrave-au-premier-trimestre-2025\/221166\/#breadcrumb","itemListElement":[{"@type":"ListItem","position":1,"name":"Accueil","item":"https:\/\/www.webdo.tn\/fr\/"},{"@type":"ListItem","position":2,"name":"Tunisie : Le d\u00e9ficit commercial s\u2019aggrave au premier trimestre 2025"}]},{"@type":"WebSite","@id":"https:\/\/www.webdo.tn\/fr\/#website","url":"https:\/\/www.webdo.tn\/fr\/","name":"webdo","description":"Tunisie - News en Tunisie et \u00e0 l&#039;international sur Webdo.tn","publisher":{"@id":"https:\/\/www.webdo.tn\/fr\/#organization"},"potentialAction":[{"@type":"SearchAction","target":{"@type":"EntryPoint","urlTemplate":"https:\/\/www.webdo.tn\/fr\/?s={search_term_string}"},"query-input":{"@type":"PropertyValueSpecification","valueRequired":true,"valueName":"search_term_string"}}],"inLanguage":"fr-FR"},{"@type":"Organization","@id":"https:\/\/www.webdo.tn\/fr\/#organization","name":"Webdo","alternateName":"Webdo.tn","url":"https:\/\/www.webdo.tn\/fr\/","logo":{"@type":"ImageObject","inLanguage":"fr-FR","@id":"https:\/\/www.webdo.tn\/fr\/#\/schema\/logo\/image\/","url":"https:\/\/www.webdo.tn\/fr\/wp-content\/uploads\/2025\/06\/Webdo-Tunisie_168377.jpg","contentUrl":"https:\/\/www.webdo.tn\/fr\/wp-content\/uploads\/2025\/06\/Webdo-Tunisie_168377.jpg","width":301,"height":301,"caption":"Webdo"},"image":{"@id":"https:\/\/www.webdo.tn\/fr\/#\/schema\/logo\/image\/"},"sameAs":["https:\/\/www.facebook.com\/webdotn","https:\/\/x.com\/webdo_tn"],"description":"Webdo est un m\u00e9dia num\u00e9rique tunisien fond\u00e9 en 2010, sp\u00e9cialis\u00e9 dans l\u2019actualit\u00e9 nationale et internationale, l\u2019\u00e9conomie, la soci\u00e9t\u00e9 et les analyses politiques. Le site s\u2019adresse \u00e0 un large public francophone et couvre l\u2019information tunisienne en temps r\u00e9el.","email":"redac@webdo.tn","legalName":"YNJ SARL","foundingDate":"2010-09-06","numberOfEmployees":{"@type":"QuantitativeValue","minValue":"11","maxValue":"50"}},{"@type":"Person","@id":"https:\/\/www.webdo.tn\/fr\/#\/schema\/person\/5663044c25eb36d8f88ba5b653f12f8c","name":"Ramzi Haddad","image":{"@type":"ImageObject","inLanguage":"fr-FR","@id":"https:\/\/www.webdo.tn\/fr\/wp-content\/uploads\/2026\/04\/ramzi-haddad_avatar-96x96.jpg","url":"https:\/\/www.webdo.tn\/fr\/wp-content\/uploads\/2026\/04\/ramzi-haddad_avatar-96x96.jpg","contentUrl":"https:\/\/www.webdo.tn\/fr\/wp-content\/uploads\/2026\/04\/ramzi-haddad_avatar-96x96.jpg","caption":"Ramzi Haddad"},"description":"Signature \u00e9ditoriale de Walid Ben Youssef Ramzi Haddad est le pseudonyme \u00e9ditorial de Walid Ben Youssef, fondateur et g\u00e9rant de Webdo.tn. Cette signature est d\u00e9di\u00e9e \u00e0 la couverture de l'actualit\u00e9 nationale et internationale, ainsi qu'aux analyses des dynamiques num\u00e9riques. Ce profil b\u00e9n\u00e9ficie de l'expertise de Walid Ben Youssef, pionnier du web en Tunisie depuis 2000 et dipl\u00f4m\u00e9 en Math\u00e9matiques pures de l'Universit\u00e9 d'Oregon. \u00c0 travers cette signature, la r\u00e9daction de Webdo garantit une information structur\u00e9e et v\u00e9rifi\u00e9e, fid\u00e8le aux standards journalistiques du m\u00e9dia.","url":"https:\/\/www.webdo.tn\/fr\/actualite\/author\/ramzi-haddad\/"}]}},"_links":{"self":[{"href":"https:\/\/www.webdo.tn\/fr\/wp-json\/wp\/v2\/posts\/221166","targetHints":{"allow":["GET"]}}],"collection":[{"href":"https:\/\/www.webdo.tn\/fr\/wp-json\/wp\/v2\/posts"}],"about":[{"href":"https:\/\/www.webdo.tn\/fr\/wp-json\/wp\/v2\/types\/post"}],"author":[{"embeddable":true,"href":"https:\/\/www.webdo.tn\/fr\/wp-json\/wp\/v2\/users\/3203"}],"replies":[{"embeddable":true,"href":"https:\/\/www.webdo.tn\/fr\/wp-json\/wp\/v2\/comments?post=221166"}],"version-history":[{"count":0,"href":"https:\/\/www.webdo.tn\/fr\/wp-json\/wp\/v2\/posts\/221166\/revisions"}],"wp:featuredmedia":[{"embeddable":true,"href":"https:\/\/www.webdo.tn\/fr\/wp-json\/wp\/v2\/media\/241238"}],"wp:attachment":[{"href":"https:\/\/www.webdo.tn\/fr\/wp-json\/wp\/v2\/media?parent=221166"}],"wp:term":[{"taxonomy":"category","embeddable":true,"href":"https:\/\/www.webdo.tn\/fr\/wp-json\/wp\/v2\/categories?post=221166"},{"taxonomy":"post_tag","embeddable":true,"href":"https:\/\/www.webdo.tn\/fr\/wp-json\/wp\/v2\/tags?post=221166"}],"curies":[{"name":"wp","href":"https:\/\/api.w.org\/{rel}","templated":true}]}}