{"id":221160,"date":"2025-04-11T16:12:00","date_gmt":"2025-04-11T16:12:00","guid":{"rendered":"https:\/\/www.webdo.tn\/fr\/blog\/2025\/04\/11\/tunisie-un-jeune-place-en-detention-apres-avoir-caillasse-le-rfr\/"},"modified":"2025-05-20T21:41:24","modified_gmt":"2025-05-20T21:41:24","slug":"tunisie-un-jeune-place-en-detention-apres-avoir-caillasse-le-rfr","status":"publish","type":"post","link":"https:\/\/www.webdo.tn\/fr\/actualite\/national\/tunisie-un-jeune-place-en-detention-apres-avoir-caillasse-le-rfr\/221160\/","title":{"rendered":"Tunisie : Un jeune plac\u00e9 en d\u00e9tention apr\u00e8s avoir caillass\u00e9 le RFR"},"content":{"rendered":"<p>Un jeune homme a \u00e9t\u00e9 plac\u00e9 en d\u00e9tention provisoire ce vendredi 11 avril 2025, apr\u00e8s avoir \u00e9t\u00e9 film\u00e9 en train de lancer des pierres sur une rame du R\u00e9seau Ferroviaire Rapide (RFR) \u00e0 la gare de La Manouba.<\/p>\n<p>L\u2019incident, largement relay\u00e9 sur les r\u00e9seaux sociaux, a suscit\u00e9 l\u2019indignation des internautes, dans un contexte d\u00e9j\u00e0 tendu autour de la s\u00e9curit\u00e9 dans les transports publics.<\/p>\n<p>Le minist\u00e8re public pr\u00e8s le tribunal de premi\u00e8re instance de La Manouba a \u00e9mis un mandat de d\u00e9p\u00f4t \u00e0 l\u2019encontre de l\u2019individu, identifi\u00e9 peu apr\u00e8s les faits gr\u00e2ce aux images de vid\u00e9osurveillance et aux enregistrements diffus\u00e9s en ligne.<\/p>\n<p>Wael Amdouni, premier substitut du procureur de la R\u00e9publique et porte-parole du tribunal, a pr\u00e9cis\u00e9 que le jeune homme \u00e9tait en \u00e9tat d\u2019\u00e9bri\u00e9t\u00e9 au moment de son interpellation par les unit\u00e9s s\u00e9curitaires. Il a \u00e9t\u00e9 appr\u00e9hend\u00e9 le jeudi 10 avril par les forces de l\u2019ordre de La Manouba, avant d\u2019\u00eatre pr\u00e9sent\u00e9 au parquet.<\/p>\n<p>Cet acte de vandalisme n\u2019est pas isol\u00e9. Depuis la mise en service du RFR, plusieurs cas de jets de pierres ou de d\u00e9gradations ont \u00e9t\u00e9 signal\u00e9s, mena\u00e7ant la s\u00e9curit\u00e9 des passagers et des conducteurs.<\/p>\n<p>Les autorit\u00e9s judiciaires affirment d\u00e9sormais vouloir s\u00e9vir plus fermement contre ce type de comportements, qualifi\u00e9s de \u00ab\u00a0graves atteintes \u00e0 l\u2019ordre public et aux infrastructures nationales\u00a0\u00bb.<\/p>\n","protected":false},"excerpt":{"rendered":"<p>Un jeune homme a \u00e9t\u00e9 plac\u00e9 en d\u00e9tention apr\u00e8s avoir lanc\u00e9 des pierres sur un train du RFR \u00e0 La Manouba. En \u00e9tat d\u2019\u00e9bri\u00e9t\u00e9 au moment des faits, il fait l\u2019objet d&#8230;<\/p>\n","protected":false},"author":3162,"featured_media":241232,"comment_status":"open","ping_status":"open","sticky":false,"template":"","format":"standard","meta":{"footnotes":""},"categories":[44],"tags":[3286,3287,2886,3285,2608],"class_list":["post-221160","post","type-post","status-publish","format-standard","has-post-thumbnail","hentry","category-national","tag-detention","tag-la-manouba","tag-mandat-de-depot","tag-rfr","tag-tunisie"],"yoast_head":"<!-- This site is optimized with the Yoast SEO Premium plugin v27.5 (Yoast SEO v27.5) - https:\/\/yoast.com\/product\/yoast-seo-premium-wordpress\/ -->\n<title>Tunisie : Un jeune plac\u00e9 en d\u00e9tention apr\u00e8s avoir caillass\u00e9 le RFR<\/title>\n<meta name=\"description\" content=\"Un jeune homme a \u00e9t\u00e9 plac\u00e9 en d\u00e9tention apr\u00e8s avoir lanc\u00e9 des pierres sur un train du RFR \u00e0 La Manouba. En \u00e9tat d\u2019\u00e9bri\u00e9t\u00e9 au moment des faits, il fait l\u2019objet d...\" \/>\n<link rel=\"canonical\" href=\"https:\/\/www.webdo.tn\/fr\/actualite\/national\/tunisie-un-jeune-place-en-detention-apres-avoir-caillasse-le-rfr\/221160\/\" \/>\n<meta property=\"og:locale\" content=\"fr_FR\" \/>\n<meta property=\"og:type\" content=\"article\" \/>\n<meta property=\"og:title\" content=\"Tunisie : Un jeune plac\u00e9 en d\u00e9tention apr\u00e8s avoir caillass\u00e9 le RFR\" \/>\n<meta property=\"og:description\" content=\"Un jeune homme a \u00e9t\u00e9 plac\u00e9 en d\u00e9tention apr\u00e8s avoir lanc\u00e9 des pierres sur un train du RFR \u00e0 La Manouba. En \u00e9tat d\u2019\u00e9bri\u00e9t\u00e9 au moment des faits, il fait l\u2019objet d...\" \/>\n<meta property=\"og:url\" content=\"https:\/\/www.webdo.tn\/fr\/actualite\/national\/tunisie-un-jeune-place-en-detention-apres-avoir-caillasse-le-rfr\/221160\/\" \/>\n<meta property=\"og:site_name\" content=\"webdo\" \/>\n<meta property=\"article:publisher\" content=\"https:\/\/www.facebook.com\/webdotn\" \/>\n<meta property=\"article:published_time\" content=\"2025-04-11T16:12:00+00:00\" \/>\n<meta property=\"article:modified_time\" content=\"2025-05-20T21:41:24+00:00\" \/>\n<meta property=\"og:image\" content=\"https:\/\/www.webdo.tn\/fr\/wp-content\/uploads\/2025\/05\/a27bed34a88d56aed8824e0e3761c626-3.webp\" \/>\n\t<meta property=\"og:image:width\" content=\"750\" \/>\n\t<meta property=\"og:image:height\" content=\"400\" \/>\n\t<meta property=\"og:image:type\" content=\"image\/webp\" \/>\n<meta name=\"author\" content=\"MC\" \/>\n<meta name=\"twitter:card\" content=\"summary_large_image\" \/>\n<meta name=\"twitter:creator\" content=\"@webdo_tn\" \/>\n<meta name=\"twitter:site\" content=\"@webdo_tn\" \/>\n<meta name=\"twitter:label1\" content=\"\u00c9crit par\" \/>\n\t<meta name=\"twitter:data1\" content=\"MC\" \/>\n\t<meta name=\"twitter:label2\" content=\"Dur\u00e9e de lecture estim\u00e9e\" \/>\n\t<meta name=\"twitter:data2\" content=\"1 minute\" \/>\n<script type=\"application\/ld+json\" class=\"yoast-schema-graph\">{\"@context\":\"https:\\\/\\\/schema.org\",\"@graph\":[{\"@type\":\"NewsArticle\",\"@id\":\"https:\\\/\\\/www.webdo.tn\\\/fr\\\/actualite\\\/national\\\/tunisie-un-jeune-place-en-detention-apres-avoir-caillasse-le-rfr\\\/221160\\\/#article\",\"isPartOf\":{\"@id\":\"https:\\\/\\\/www.webdo.tn\\\/fr\\\/actualite\\\/national\\\/tunisie-un-jeune-place-en-detention-apres-avoir-caillasse-le-rfr\\\/221160\\\/\"},\"author\":{\"name\":\"MC\",\"@id\":\"https:\\\/\\\/www.webdo.tn\\\/fr\\\/#\\\/schema\\\/person\\\/2c4929cbf5a809e3bd38617c6ce150f6\"},\"headline\":\"Tunisie : Un jeune plac\u00e9 en d\u00e9tention apr\u00e8s avoir caillass\u00e9 le RFR\",\"datePublished\":\"2025-04-11T16:12:00+00:00\",\"dateModified\":\"2025-05-20T21:41:24+00:00\",\"mainEntityOfPage\":{\"@id\":\"https:\\\/\\\/www.webdo.tn\\\/fr\\\/actualite\\\/national\\\/tunisie-un-jeune-place-en-detention-apres-avoir-caillasse-le-rfr\\\/221160\\\/\"},\"wordCount\":259,\"commentCount\":0,\"publisher\":{\"@id\":\"https:\\\/\\\/www.webdo.tn\\\/fr\\\/#organization\"},\"image\":{\"@id\":\"https:\\\/\\\/www.webdo.tn\\\/fr\\\/actualite\\\/national\\\/tunisie-un-jeune-place-en-detention-apres-avoir-caillasse-le-rfr\\\/221160\\\/#primaryimage\"},\"thumbnailUrl\":\"https:\\\/\\\/www.webdo.tn\\\/fr\\\/wp-content\\\/uploads\\\/2025\\\/05\\\/a27bed34a88d56aed8824e0e3761c626-3.webp\",\"keywords\":[\"d\u00e9tention\",\"la manouba\",\"mandat de d\u00e9p\u00f4t\",\"RFR\",\"Tunisie\"],\"articleSection\":[\"National\"],\"inLanguage\":\"fr-FR\"},{\"@type\":\"WebPage\",\"@id\":\"https:\\\/\\\/www.webdo.tn\\\/fr\\\/actualite\\\/national\\\/tunisie-un-jeune-place-en-detention-apres-avoir-caillasse-le-rfr\\\/221160\\\/\",\"url\":\"https:\\\/\\\/www.webdo.tn\\\/fr\\\/actualite\\\/national\\\/tunisie-un-jeune-place-en-detention-apres-avoir-caillasse-le-rfr\\\/221160\\\/\",\"name\":\"Tunisie : Un jeune plac\u00e9 en d\u00e9tention apr\u00e8s avoir caillass\u00e9 le RFR\",\"isPartOf\":{\"@id\":\"https:\\\/\\\/www.webdo.tn\\\/fr\\\/#website\"},\"primaryImageOfPage\":{\"@id\":\"https:\\\/\\\/www.webdo.tn\\\/fr\\\/actualite\\\/national\\\/tunisie-un-jeune-place-en-detention-apres-avoir-caillasse-le-rfr\\\/221160\\\/#primaryimage\"},\"image\":{\"@id\":\"https:\\\/\\\/www.webdo.tn\\\/fr\\\/actualite\\\/national\\\/tunisie-un-jeune-place-en-detention-apres-avoir-caillasse-le-rfr\\\/221160\\\/#primaryimage\"},\"thumbnailUrl\":\"https:\\\/\\\/www.webdo.tn\\\/fr\\\/wp-content\\\/uploads\\\/2025\\\/05\\\/a27bed34a88d56aed8824e0e3761c626-3.webp\",\"datePublished\":\"2025-04-11T16:12:00+00:00\",\"dateModified\":\"2025-05-20T21:41:24+00:00\",\"description\":\"Un jeune homme a \u00e9t\u00e9 plac\u00e9 en d\u00e9tention apr\u00e8s avoir lanc\u00e9 des pierres sur un train du RFR \u00e0 La Manouba. En \u00e9tat d\u2019\u00e9bri\u00e9t\u00e9 au moment des faits, il fait l\u2019objet d...\",\"breadcrumb\":{\"@id\":\"https:\\\/\\\/www.webdo.tn\\\/fr\\\/actualite\\\/national\\\/tunisie-un-jeune-place-en-detention-apres-avoir-caillasse-le-rfr\\\/221160\\\/#breadcrumb\"},\"inLanguage\":\"fr-FR\",\"potentialAction\":[{\"@type\":\"ReadAction\",\"target\":[\"https:\\\/\\\/www.webdo.tn\\\/fr\\\/actualite\\\/national\\\/tunisie-un-jeune-place-en-detention-apres-avoir-caillasse-le-rfr\\\/221160\\\/\"]}]},{\"@type\":\"ImageObject\",\"inLanguage\":\"fr-FR\",\"@id\":\"https:\\\/\\\/www.webdo.tn\\\/fr\\\/actualite\\\/national\\\/tunisie-un-jeune-place-en-detention-apres-avoir-caillasse-le-rfr\\\/221160\\\/#primaryimage\",\"url\":\"https:\\\/\\\/www.webdo.tn\\\/fr\\\/wp-content\\\/uploads\\\/2025\\\/05\\\/a27bed34a88d56aed8824e0e3761c626-3.webp\",\"contentUrl\":\"https:\\\/\\\/www.webdo.tn\\\/fr\\\/wp-content\\\/uploads\\\/2025\\\/05\\\/a27bed34a88d56aed8824e0e3761c626-3.webp\",\"width\":750,\"height\":400},{\"@type\":\"BreadcrumbList\",\"@id\":\"https:\\\/\\\/www.webdo.tn\\\/fr\\\/actualite\\\/national\\\/tunisie-un-jeune-place-en-detention-apres-avoir-caillasse-le-rfr\\\/221160\\\/#breadcrumb\",\"itemListElement\":[{\"@type\":\"ListItem\",\"position\":1,\"name\":\"Accueil\",\"item\":\"https:\\\/\\\/www.webdo.tn\\\/fr\\\/\"},{\"@type\":\"ListItem\",\"position\":2,\"name\":\"Tunisie : Un jeune plac\u00e9 en d\u00e9tention apr\u00e8s avoir caillass\u00e9 le RFR\"}]},{\"@type\":\"WebSite\",\"@id\":\"https:\\\/\\\/www.webdo.tn\\\/fr\\\/#website\",\"url\":\"https:\\\/\\\/www.webdo.tn\\\/fr\\\/\",\"name\":\"webdo\",\"description\":\"Tunisie - News en Tunisie et \u00e0 l&#039;international sur Webdo.tn\",\"publisher\":{\"@id\":\"https:\\\/\\\/www.webdo.tn\\\/fr\\\/#organization\"},\"potentialAction\":[{\"@type\":\"SearchAction\",\"target\":{\"@type\":\"EntryPoint\",\"urlTemplate\":\"https:\\\/\\\/www.webdo.tn\\\/fr\\\/?s={search_term_string}\"},\"query-input\":{\"@type\":\"PropertyValueSpecification\",\"valueRequired\":true,\"valueName\":\"search_term_string\"}}],\"inLanguage\":\"fr-FR\"},{\"@type\":\"Organization\",\"@id\":\"https:\\\/\\\/www.webdo.tn\\\/fr\\\/#organization\",\"name\":\"Webdo\",\"alternateName\":\"Webdo.tn\",\"url\":\"https:\\\/\\\/www.webdo.tn\\\/fr\\\/\",\"logo\":{\"@type\":\"ImageObject\",\"inLanguage\":\"fr-FR\",\"@id\":\"https:\\\/\\\/www.webdo.tn\\\/fr\\\/#\\\/schema\\\/logo\\\/image\\\/\",\"url\":\"https:\\\/\\\/www.webdo.tn\\\/fr\\\/wp-content\\\/uploads\\\/2025\\\/06\\\/Webdo-Tunisie_168377.jpg\",\"contentUrl\":\"https:\\\/\\\/www.webdo.tn\\\/fr\\\/wp-content\\\/uploads\\\/2025\\\/06\\\/Webdo-Tunisie_168377.jpg\",\"width\":301,\"height\":301,\"caption\":\"Webdo\"},\"image\":{\"@id\":\"https:\\\/\\\/www.webdo.tn\\\/fr\\\/#\\\/schema\\\/logo\\\/image\\\/\"},\"sameAs\":[\"https:\\\/\\\/www.facebook.com\\\/webdotn\",\"https:\\\/\\\/x.com\\\/webdo_tn\"],\"description\":\"Webdo est un m\u00e9dia num\u00e9rique tunisien fond\u00e9 en 2010, sp\u00e9cialis\u00e9 dans l\u2019actualit\u00e9 nationale et internationale, l\u2019\u00e9conomie, la soci\u00e9t\u00e9 et les analyses politiques. Le site s\u2019adresse \u00e0 un large public francophone et couvre l\u2019information tunisienne en temps r\u00e9el.\",\"email\":\"redac@webdo.tn\",\"legalName\":\"YNJ SARL\",\"foundingDate\":\"2010-09-06\",\"numberOfEmployees\":{\"@type\":\"QuantitativeValue\",\"minValue\":\"11\",\"maxValue\":\"50\"}},{\"@type\":\"Person\",\"@id\":\"https:\\\/\\\/www.webdo.tn\\\/fr\\\/#\\\/schema\\\/person\\\/2c4929cbf5a809e3bd38617c6ce150f6\",\"name\":\"MC\",\"image\":{\"@type\":\"ImageObject\",\"inLanguage\":\"fr-FR\",\"@id\":\"https:\\\/\\\/secure.gravatar.com\\\/avatar\\\/a545bbb6f84efdd5553dbbc2895e3ca8f1d12c5215e00a041c9670b54aa9b18a?s=96&d=mm&r=g\",\"url\":\"https:\\\/\\\/secure.gravatar.com\\\/avatar\\\/a545bbb6f84efdd5553dbbc2895e3ca8f1d12c5215e00a041c9670b54aa9b18a?s=96&d=mm&r=g\",\"contentUrl\":\"https:\\\/\\\/secure.gravatar.com\\\/avatar\\\/a545bbb6f84efdd5553dbbc2895e3ca8f1d12c5215e00a041c9670b54aa9b18a?s=96&d=mm&r=g\",\"caption\":\"MC\"},\"url\":\"https:\\\/\\\/www.webdo.tn\\\/fr\\\/actualite\\\/author\\\/mc\\\/\"}]}<\/script>\n<!-- \/ Yoast SEO Premium plugin. -->","yoast_head_json":{"title":"Tunisie : Un jeune plac\u00e9 en d\u00e9tention apr\u00e8s avoir caillass\u00e9 le RFR","description":"Un jeune homme a \u00e9t\u00e9 plac\u00e9 en d\u00e9tention apr\u00e8s avoir lanc\u00e9 des pierres sur un train du RFR \u00e0 La Manouba. En \u00e9tat d\u2019\u00e9bri\u00e9t\u00e9 au moment des faits, il fait l\u2019objet d...","canonical":"https:\/\/www.webdo.tn\/fr\/actualite\/national\/tunisie-un-jeune-place-en-detention-apres-avoir-caillasse-le-rfr\/221160\/","og_locale":"fr_FR","og_type":"article","og_title":"Tunisie : Un jeune plac\u00e9 en d\u00e9tention apr\u00e8s avoir caillass\u00e9 le RFR","og_description":"Un jeune homme a \u00e9t\u00e9 plac\u00e9 en d\u00e9tention apr\u00e8s avoir lanc\u00e9 des pierres sur un train du RFR \u00e0 La Manouba. En \u00e9tat d\u2019\u00e9bri\u00e9t\u00e9 au moment des faits, il fait l\u2019objet d...","og_url":"https:\/\/www.webdo.tn\/fr\/actualite\/national\/tunisie-un-jeune-place-en-detention-apres-avoir-caillasse-le-rfr\/221160\/","og_site_name":"webdo","article_publisher":"https:\/\/www.facebook.com\/webdotn","article_published_time":"2025-04-11T16:12:00+00:00","article_modified_time":"2025-05-20T21:41:24+00:00","og_image":[{"width":750,"height":400,"url":"https:\/\/www.webdo.tn\/fr\/wp-content\/uploads\/2025\/05\/a27bed34a88d56aed8824e0e3761c626-3.webp","type":"image\/webp"}],"author":"MC","twitter_card":"summary_large_image","twitter_creator":"@webdo_tn","twitter_site":"@webdo_tn","twitter_misc":{"\u00c9crit par":"MC","Dur\u00e9e de lecture estim\u00e9e":"1 minute"},"schema":{"@context":"https:\/\/schema.org","@graph":[{"@type":"NewsArticle","@id":"https:\/\/www.webdo.tn\/fr\/actualite\/national\/tunisie-un-jeune-place-en-detention-apres-avoir-caillasse-le-rfr\/221160\/#article","isPartOf":{"@id":"https:\/\/www.webdo.tn\/fr\/actualite\/national\/tunisie-un-jeune-place-en-detention-apres-avoir-caillasse-le-rfr\/221160\/"},"author":{"name":"MC","@id":"https:\/\/www.webdo.tn\/fr\/#\/schema\/person\/2c4929cbf5a809e3bd38617c6ce150f6"},"headline":"Tunisie : Un jeune plac\u00e9 en d\u00e9tention apr\u00e8s avoir caillass\u00e9 le RFR","datePublished":"2025-04-11T16:12:00+00:00","dateModified":"2025-05-20T21:41:24+00:00","mainEntityOfPage":{"@id":"https:\/\/www.webdo.tn\/fr\/actualite\/national\/tunisie-un-jeune-place-en-detention-apres-avoir-caillasse-le-rfr\/221160\/"},"wordCount":259,"commentCount":0,"publisher":{"@id":"https:\/\/www.webdo.tn\/fr\/#organization"},"image":{"@id":"https:\/\/www.webdo.tn\/fr\/actualite\/national\/tunisie-un-jeune-place-en-detention-apres-avoir-caillasse-le-rfr\/221160\/#primaryimage"},"thumbnailUrl":"https:\/\/www.webdo.tn\/fr\/wp-content\/uploads\/2025\/05\/a27bed34a88d56aed8824e0e3761c626-3.webp","keywords":["d\u00e9tention","la manouba","mandat de d\u00e9p\u00f4t","RFR","Tunisie"],"articleSection":["National"],"inLanguage":"fr-FR"},{"@type":"WebPage","@id":"https:\/\/www.webdo.tn\/fr\/actualite\/national\/tunisie-un-jeune-place-en-detention-apres-avoir-caillasse-le-rfr\/221160\/","url":"https:\/\/www.webdo.tn\/fr\/actualite\/national\/tunisie-un-jeune-place-en-detention-apres-avoir-caillasse-le-rfr\/221160\/","name":"Tunisie : Un jeune plac\u00e9 en d\u00e9tention apr\u00e8s avoir caillass\u00e9 le RFR","isPartOf":{"@id":"https:\/\/www.webdo.tn\/fr\/#website"},"primaryImageOfPage":{"@id":"https:\/\/www.webdo.tn\/fr\/actualite\/national\/tunisie-un-jeune-place-en-detention-apres-avoir-caillasse-le-rfr\/221160\/#primaryimage"},"image":{"@id":"https:\/\/www.webdo.tn\/fr\/actualite\/national\/tunisie-un-jeune-place-en-detention-apres-avoir-caillasse-le-rfr\/221160\/#primaryimage"},"thumbnailUrl":"https:\/\/www.webdo.tn\/fr\/wp-content\/uploads\/2025\/05\/a27bed34a88d56aed8824e0e3761c626-3.webp","datePublished":"2025-04-11T16:12:00+00:00","dateModified":"2025-05-20T21:41:24+00:00","description":"Un jeune homme a \u00e9t\u00e9 plac\u00e9 en d\u00e9tention apr\u00e8s avoir lanc\u00e9 des pierres sur un train du RFR \u00e0 La Manouba. En \u00e9tat d\u2019\u00e9bri\u00e9t\u00e9 au moment des faits, il fait l\u2019objet d...","breadcrumb":{"@id":"https:\/\/www.webdo.tn\/fr\/actualite\/national\/tunisie-un-jeune-place-en-detention-apres-avoir-caillasse-le-rfr\/221160\/#breadcrumb"},"inLanguage":"fr-FR","potentialAction":[{"@type":"ReadAction","target":["https:\/\/www.webdo.tn\/fr\/actualite\/national\/tunisie-un-jeune-place-en-detention-apres-avoir-caillasse-le-rfr\/221160\/"]}]},{"@type":"ImageObject","inLanguage":"fr-FR","@id":"https:\/\/www.webdo.tn\/fr\/actualite\/national\/tunisie-un-jeune-place-en-detention-apres-avoir-caillasse-le-rfr\/221160\/#primaryimage","url":"https:\/\/www.webdo.tn\/fr\/wp-content\/uploads\/2025\/05\/a27bed34a88d56aed8824e0e3761c626-3.webp","contentUrl":"https:\/\/www.webdo.tn\/fr\/wp-content\/uploads\/2025\/05\/a27bed34a88d56aed8824e0e3761c626-3.webp","width":750,"height":400},{"@type":"BreadcrumbList","@id":"https:\/\/www.webdo.tn\/fr\/actualite\/national\/tunisie-un-jeune-place-en-detention-apres-avoir-caillasse-le-rfr\/221160\/#breadcrumb","itemListElement":[{"@type":"ListItem","position":1,"name":"Accueil","item":"https:\/\/www.webdo.tn\/fr\/"},{"@type":"ListItem","position":2,"name":"Tunisie : Un jeune plac\u00e9 en d\u00e9tention apr\u00e8s avoir caillass\u00e9 le RFR"}]},{"@type":"WebSite","@id":"https:\/\/www.webdo.tn\/fr\/#website","url":"https:\/\/www.webdo.tn\/fr\/","name":"webdo","description":"Tunisie - News en Tunisie et \u00e0 l&#039;international sur Webdo.tn","publisher":{"@id":"https:\/\/www.webdo.tn\/fr\/#organization"},"potentialAction":[{"@type":"SearchAction","target":{"@type":"EntryPoint","urlTemplate":"https:\/\/www.webdo.tn\/fr\/?s={search_term_string}"},"query-input":{"@type":"PropertyValueSpecification","valueRequired":true,"valueName":"search_term_string"}}],"inLanguage":"fr-FR"},{"@type":"Organization","@id":"https:\/\/www.webdo.tn\/fr\/#organization","name":"Webdo","alternateName":"Webdo.tn","url":"https:\/\/www.webdo.tn\/fr\/","logo":{"@type":"ImageObject","inLanguage":"fr-FR","@id":"https:\/\/www.webdo.tn\/fr\/#\/schema\/logo\/image\/","url":"https:\/\/www.webdo.tn\/fr\/wp-content\/uploads\/2025\/06\/Webdo-Tunisie_168377.jpg","contentUrl":"https:\/\/www.webdo.tn\/fr\/wp-content\/uploads\/2025\/06\/Webdo-Tunisie_168377.jpg","width":301,"height":301,"caption":"Webdo"},"image":{"@id":"https:\/\/www.webdo.tn\/fr\/#\/schema\/logo\/image\/"},"sameAs":["https:\/\/www.facebook.com\/webdotn","https:\/\/x.com\/webdo_tn"],"description":"Webdo est un m\u00e9dia num\u00e9rique tunisien fond\u00e9 en 2010, sp\u00e9cialis\u00e9 dans l\u2019actualit\u00e9 nationale et internationale, l\u2019\u00e9conomie, la soci\u00e9t\u00e9 et les analyses politiques. Le site s\u2019adresse \u00e0 un large public francophone et couvre l\u2019information tunisienne en temps r\u00e9el.","email":"redac@webdo.tn","legalName":"YNJ SARL","foundingDate":"2010-09-06","numberOfEmployees":{"@type":"QuantitativeValue","minValue":"11","maxValue":"50"}},{"@type":"Person","@id":"https:\/\/www.webdo.tn\/fr\/#\/schema\/person\/2c4929cbf5a809e3bd38617c6ce150f6","name":"MC","image":{"@type":"ImageObject","inLanguage":"fr-FR","@id":"https:\/\/secure.gravatar.com\/avatar\/a545bbb6f84efdd5553dbbc2895e3ca8f1d12c5215e00a041c9670b54aa9b18a?s=96&d=mm&r=g","url":"https:\/\/secure.gravatar.com\/avatar\/a545bbb6f84efdd5553dbbc2895e3ca8f1d12c5215e00a041c9670b54aa9b18a?s=96&d=mm&r=g","contentUrl":"https:\/\/secure.gravatar.com\/avatar\/a545bbb6f84efdd5553dbbc2895e3ca8f1d12c5215e00a041c9670b54aa9b18a?s=96&d=mm&r=g","caption":"MC"},"url":"https:\/\/www.webdo.tn\/fr\/actualite\/author\/mc\/"}]}},"_links":{"self":[{"href":"https:\/\/www.webdo.tn\/fr\/wp-json\/wp\/v2\/posts\/221160","targetHints":{"allow":["GET"]}}],"collection":[{"href":"https:\/\/www.webdo.tn\/fr\/wp-json\/wp\/v2\/posts"}],"about":[{"href":"https:\/\/www.webdo.tn\/fr\/wp-json\/wp\/v2\/types\/post"}],"author":[{"embeddable":true,"href":"https:\/\/www.webdo.tn\/fr\/wp-json\/wp\/v2\/users\/3162"}],"replies":[{"embeddable":true,"href":"https:\/\/www.webdo.tn\/fr\/wp-json\/wp\/v2\/comments?post=221160"}],"version-history":[{"count":0,"href":"https:\/\/www.webdo.tn\/fr\/wp-json\/wp\/v2\/posts\/221160\/revisions"}],"wp:featuredmedia":[{"embeddable":true,"href":"https:\/\/www.webdo.tn\/fr\/wp-json\/wp\/v2\/media\/241232"}],"wp:attachment":[{"href":"https:\/\/www.webdo.tn\/fr\/wp-json\/wp\/v2\/media?parent=221160"}],"wp:term":[{"taxonomy":"category","embeddable":true,"href":"https:\/\/www.webdo.tn\/fr\/wp-json\/wp\/v2\/categories?post=221160"},{"taxonomy":"post_tag","embeddable":true,"href":"https:\/\/www.webdo.tn\/fr\/wp-json\/wp\/v2\/tags?post=221160"}],"curies":[{"name":"wp","href":"https:\/\/api.w.org\/{rel}","templated":true}]}}